{"id":155178,"date":"2022-07-01T13:46:20","date_gmt":"2022-07-01T12:46:20","guid":{"rendered":"https:\/\/radioljubuski.ba\/?p=155178"},"modified":"2022-07-04T09:29:26","modified_gmt":"2022-07-04T08:29:26","slug":"bebek-i-begic-o-manifestaciji-waterfall-wine-weekends-audio","status":"publish","type":"post","link":"https:\/\/radioljubuski.ba\/index.php\/2022\/07\/01\/bebek-i-begic-o-manifestaciji-waterfall-wine-weekends-audio\/","title":{"rendered":"Bebek i Begi\u0107 o manifestaciji \u201eWaterfall wine weekends\u201c &#8211; audio"},"content":{"rendered":"\n<p>Osim po prirodnim ljepotama, brojnim slapovima i rijeci Trebi\u017eat, ljubu\u0161ki je kraj spoznat i po uzgoju vinove loze i proizvodnji vina, a kvalitetu dokazuju presti\u017ene Decanter nagrade i pohvale koje ljubu\u0161ki vinari ni\u017eu jednu za drugom.<\/p>\n\n\n\n<p>Stoga su u Turisti\u010dkoj zajednici Ljubu\u0161ki odlu\u010dili u suradnji s ljubu\u0161kim vinarima osmisliti jednu zanimljivu manifestaciju pod nazivom \u201eWaterfall wine weekends\u201c.<\/p>\n\n\n\n<p>U sklopu iste ljubu\u0161ke \u0107e vinarije pod debelom hladovinom uz sami vodopad Kravicu prezentirati gostima i turistima najbolja ljubu\u0161ka vina.<\/p>\n\n\n\n<p>Narednih osam ljetnih vikenda ljubu\u0161ke \u0107e se se vinarije predstavljati na Kravici, brojni \u0107e gosti i posjetitelji mogli u prekrasnom prirodnom ambijentu ku\u0161ati ljubu\u0161ka vina, a sve po\u010dinje ve\u0107 sutra kada \u0107e se na Kravici predstaviti Vinarija Ke\u017ea.<\/p>\n\n\n\n<p>\u201eOva \u0107e se manifestacija odr\u017eati od 2. srpnja do 21. kolovoza. Doga\u0111aj organiziramo u zajedni\u010dkoj suradnji s Udrugom vinogradara i vinara Ljubu\u0161ki i JP Parkovi Ljubu\u0161ki\u201c, ka\u017ee Mladen Bebek, direktor Turisti\u010dke zajednice Ljubu\u0161ki.<\/p>\n\n\n\n<p>On isti\u010de kako \u0107e se tijekom ove manifestacije predstaviti ljubu\u0161ke vinarije Ke\u017ea, Begi\u0107, Bunti\u0107, Maji\u0107, Milas, Nui\u0107, Su\u0161ac i \u0160kegro.&nbsp;<\/p>\n\n\n\n<p>&nbsp;\u201eO\u010dekujemo velik broj i doma\u0107ih i stranih posjetitelja, jer subota je na Kravici najprometnija sa stranim turistima, a nedjelja je najprometnija s doma\u0107im turistima gdje nam nedjeljom dolazi velik broj gostiju od Mostara, Sarajeva, pa i sjevernije iz BiH\u201c, ka\u017ee Bebek.<\/p>\n\n\n\n<p>\u201eOvo je velika prilika za sve vinare i bit \u0107e od velikog zna\u010daja jer Kravica je jedno od najfrekventnijih mjesta u cijeloj dr\u017eavi s velikim brojem turista. Imati \u0107emo priliku svima njima, ali i doma\u0107im ljudima ponuditi vina na ku\u0161anje. Nikada ne znate tko \u0107e sve biti me\u0111u tim ljudima. Mo\u017eda \u0107e biti neki distributer, a tu \u0107e se mo\u0107i i kupovati vina\u201c, ka\u017ee Branimir Begi\u0107 iz Udruge vinogradara i vinara Ljubu\u0161ki.<\/p>\n\n\n\n<p>On dodaje kako su samo u zadnje dvije godine u Ljubu\u0161ki stigle 22 medalje s Decantera u Londonu, najpresti\u017enijeg vinskog natjecanja.<\/p>\n\n\n\n<p>\u201eGosti \u0107e na Kravici mo\u0107i ku\u0161ati i vina koja su na Decanteru osvojili medalje\u201c, isti\u010de Begi\u0107 i dodaje kako se nada da \u0107e ovaj doga\u0111aj postati tradicionalan i da \u0107e se odvijati svake godine.<\/p>\n\n\n\n<p>\u201eNadam se da \u0107e ova pri\u010da odjeknuti u cijeloj BiH kao pozitivan primjer kako razvijati turizam, znamo da stranci, osim \u0161to pamte ono \u0161to je oku vidljivo, pamte i okuse. Okuse nose sa sobom, okusi ih podsje\u0107aju na mjesta gdje su bili. Nadam se da \u0107e ovo biti poticaj da se gosti vrate i naredne godine u na\u0161 Ljubu\u0161ki\u201c, ka\u017ee Begi\u0107.<\/p>\n\n\n\n<p>Bebek isti\u010de kako se trenutno svjedo\u010di oporavku u turizmu nakon pandemijskih godina koje su najvi\u0161e pogodile upravo ovu oblast.<\/p>\n\n\n\n<p>\u201ePandemija je najvi\u0161e utjecala na sektor turizma, zrakoplovi nisu letjeli. &nbsp;Granice su bile zatvorene, promet ljudi je bio dvije godine skoro zaustavljen. Ove godine mi ovdje u Ljubu\u0161kom, ali i Me\u0111ugorje i okolna mjesta poput Mostara, svjedo\u010dimo dobrom oporavku i vra\u0107anju turista na na\u0161e podru\u010dje. Posebno dolaze na Kravicu koja je izletni\u010dko odredi\u0161te, a svjedo\u010dimo u Ljubu\u0161kom i izgradnji 30-tak novih ku\u0107a s bazenima. Neke su ve\u0107 stavljene u funkciju i ljudi ih iznajmljuju, neke su jo\u0161 u izgradnji. U predsezoni na na\u0161oj aplikaciji Prijava.ba imamo preko \u010detiri tisu\u0107e registriranih no\u0107enja. Ja sam svjestan da je taj broj i ve\u0107i. Jedan broj iznajmljiva\u010da jo\u0161 moramo uvjeriti da se prijave u Turisti\u010dku zajednicu i uzmu svoju \u0161ifru za ovu platformu koju smo za njih kreirali i platili kako bi mogli prijavljivati no\u0107enja. Ono \u0161to je vidljivo je da raste broj smje\u0161tajnih jedinica u Ljubu\u0161kom. Skoro u svakom mjestu vidimo da se grade ku\u0107e za odmor i to je dobar pokazatelj da ljudi prepoznaju da u turizmu ima budu\u0107nost\u201c, isti\u010de Bebek.<\/p>\n\n\n\n<p>Vi\u0161e o manifestaciji Waterfall wine weekends\u201c, ali i stanju u turizmu te predstoje\u0107im aktivnostima poslu\u0161aje u audiozapisu<\/p>\n\n\n\n<iframe src=\"https:\/\/drive.google.com\/file\/d\/1ycD6cYqHnyDLeqOX_wnH0DDUEiunUhnj\/preview\" style=\"width: 100%; height: 100px;\"><\/iframe>\n\n\n\n<p><strong>Waterfall wine weekends raspored:<br><\/strong>.<br>2.\/3.7 \u2013 Vinarija Ke\u017ea<br>9.\/10.7- Podrum Begi\u0107<br>16.\/17.7- Vinarija Bunti\u0107<br>23.\/24.7 \u2013 Vinarija Maji\u0107<br>30.\/31.7 \u2013 Vinarija Milas<br>6.\/7.8 \u2013 Vinarija Nui\u0107<br>13.\/14.8 \u2013 Obiteljski podrum Su\u0161ac<br>20.\/21.8 \u2013 Vinarija \u0160kegro<\/p>\n\n\n\n<figure class=\"wp-block-embed is-type-wp-embed is-provider-radio-ljubuski wp-block-embed-radio-ljubuski\"><div class=\"wp-block-embed__wrapper\">\n<blockquote class=\"wp-embedded-content\" data-secret=\"bLkkfCwu4g\"><a href=\"https:\/\/radioljubuski.ba\/index.php\/2022\/06\/30\/waterfall-vine-weekends-i-festival-kusaj-ljubuska-vina-nezaobilazni-dogadaji-na-vinskoj-sceni-hercegovine\/\">\u201eWaterfall vine weekends\u201c i festival \u201eKu\u0161aj ljubu\u0161ka vina\u201c nezaobilazni doga\u0111aji na vinskoj sceni Hercegovine!<\/a><\/blockquote><iframe loading=\"lazy\" class=\"wp-embedded-content\" sandbox=\"allow-scripts\" security=\"restricted\" style=\"position: absolute; clip: rect(1px, 1px, 1px, 1px);\" title=\"&#8220;\u201eWaterfall vine weekends\u201c i festival \u201eKu\u0161aj ljubu\u0161ka vina\u201c nezaobilazni doga\u0111aji na vinskoj sceni Hercegovine!&#8221; &#8212;   RADIO LJUBU\u0160KI\" src=\"https:\/\/radioljubuski.ba\/index.php\/2022\/06\/30\/waterfall-vine-weekends-i-festival-kusaj-ljubuska-vina-nezaobilazni-dogadaji-na-vinskoj-sceni-hercegovine\/embed\/#?secret=ncWNwDAwEt#?secret=bLkkfCwu4g\" data-secret=\"bLkkfCwu4g\" width=\"600\" height=\"338\" frameborder=\"0\" marginwidth=\"0\" marginheight=\"0\" scrolling=\"no\"><\/iframe>\n<\/div><\/figure>\n\n\n\n<figure class=\"wp-block-image\"><img decoding=\"async\" src=\"https:\/\/scontent-vie1-1.xx.fbcdn.net\/v\/t39.30808-6\/289502371_383365407231070_5094626670370677953_n.jpg?_nc_cat=106&amp;ccb=1-7&amp;_nc_sid=730e14&amp;_nc_eui2=AeGnIowHOufqhtPYtnH80cBVdzQ_yHmsez13ND_Ieax7PdtQ4K6MUoGJP8CK6EpSMpw6dmJWcQzFEWbvs5bCmFuG&amp;_nc_ohc=z3o2swKvSVYAX996KH0&amp;_nc_ht=scontent-vie1-1.xx&amp;oh=00_AT8FxfQdWf6g6_PQdj98QWTNsRnK-rRzn9ytPpCxL1bTEg&amp;oe=62C4C333\" alt=\"Mo\u017ee biti slika sljede\u0107eg: na otvorenom i tekst &quot;Waterfall Wine Weekends 02.07.- 21.08. KRAVICA Dasisi stone Ljubu\u0161ki UDRUGA VINOGRADARA VINARA LJUBU\u0160KI BUNTI\u0106 SU\u0160AC Vinarijaobitelji Skegro VINOGRADI-NUI\u0106 M MAJI\u0106 MAJIO \u017d&quot;\"\/><\/figure>\n\n\n\n<p><strong>Ivan Herceg \/ Radio Ljubu\u0161ki<\/strong><\/p>\n","protected":false},"excerpt":{"rendered":"<p>Osim po prirodnim ljepotama, brojnim slapovima i rijeci Trebi\u017eat, ljubu\u0161ki je kraj spoznat i po uzgoju vinove loze i proizvodnji vina, a kvalitetu dokazuju presti\u017ene Decanter nagrade i pohvale koje ljubu\u0161ki vinari ni\u017eu jednu za drugom. Stoga su u Turisti\u010dkoj zajednici Ljubu\u0161ki odlu\u010dili u suradnji s ljubu\u0161kim vinarima osmisliti jednu zanimljivu manifestaciju pod nazivom \u201eWaterfall [&hellip;]<\/p>\n","protected":false},"author":2,"featured_media":155179,"comment_status":"closed","ping_status":"closed","sticky":false,"template":"","format":"standard","meta":{"h5ap_radio_sources":[],"footnotes":""},"categories":[8],"tags":[],"class_list":["post-155178","post","type-post","status-publish","format-standard","has-post-thumbnail","hentry","category-rlj-audio"],"yoast_head":"<!-- This site is optimized with the Yoast SEO plugin v27.5 - https:\/\/yoast.com\/product\/yoast-seo-wordpress\/ -->\n<title>Bebek i Begi\u0107 o manifestaciji \u201eWaterfall wine weekends\u201c - audio - RADIO LJUBU\u0160KI<\/title>\n<meta name=\"robots\" content=\"index, follow, max-snippet:-1, max-image-preview:large, max-video-preview:-1\" \/>\n<link rel=\"canonical\" href=\"https:\/\/radioljubuski.ba\/index.php\/2022\/07\/01\/bebek-i-begic-o-manifestaciji-waterfall-wine-weekends-audio\/\" \/>\n<meta property=\"og:locale\" content=\"hr_HR\" \/>\n<meta property=\"og:type\" content=\"article\" \/>\n<meta property=\"og:title\" content=\"Bebek i Begi\u0107 o manifestaciji \u201eWaterfall wine weekends\u201c - audio - RADIO LJUBU\u0160KI\" \/>\n<meta property=\"og:description\" content=\"Osim po prirodnim ljepotama, brojnim slapovima i rijeci Trebi\u017eat, ljubu\u0161ki je kraj spoznat i po uzgoju vinove loze i proizvodnji vina, a kvalitetu dokazuju presti\u017ene Decanter nagrade i pohvale koje ljubu\u0161ki vinari ni\u017eu jednu za drugom. Stoga su u Turisti\u010dkoj zajednici Ljubu\u0161ki odlu\u010dili u suradnji s ljubu\u0161kim vinarima osmisliti jednu zanimljivu manifestaciju pod nazivom \u201eWaterfall [&hellip;]\" \/>\n<meta property=\"og:url\" content=\"https:\/\/radioljubuski.ba\/index.php\/2022\/07\/01\/bebek-i-begic-o-manifestaciji-waterfall-wine-weekends-audio\/\" \/>\n<meta property=\"og:site_name\" content=\"RADIO LJUBU\u0160KI\" \/>\n<meta property=\"article:publisher\" content=\"https:\/\/www.facebook.com\/Radiio-Ljubuski-1490835324566332\" \/>\n<meta property=\"article:published_time\" content=\"2022-07-01T12:46:20+00:00\" \/>\n<meta property=\"article:modified_time\" content=\"2022-07-04T08:29:26+00:00\" \/>\n<meta property=\"og:image\" content=\"https:\/\/radioljubuski.ba\/wp-content\/uploads\/2022\/07\/bebek-begic-vina-1024x576.png\" \/>\n\t<meta property=\"og:image:width\" content=\"1024\" \/>\n\t<meta property=\"og:image:height\" content=\"576\" \/>\n\t<meta property=\"og:image:type\" content=\"image\/png\" \/>\n<meta name=\"author\" content=\"Radio Ljubu\u0161ki\" \/>\n<meta name=\"twitter:card\" content=\"summary_large_image\" \/>\n<meta name=\"twitter:creator\" content=\"@radioljubuski\" \/>\n<meta name=\"twitter:site\" content=\"@radioljubuski\" \/>\n<meta name=\"twitter:label1\" content=\"Napisao\/la\" \/>\n\t<meta name=\"twitter:data1\" content=\"Radio Ljubu\u0161ki\" \/>\n\t<meta name=\"twitter:label2\" content=\"Procijenjeno vrijeme \u010ditanja\" \/>\n\t<meta name=\"twitter:data2\" content=\"3 minute\" \/>\n<script type=\"application\/ld+json\" class=\"yoast-schema-graph\">{\"@context\":\"https:\\\/\\\/schema.org\",\"@graph\":[{\"@type\":\"Article\",\"@id\":\"https:\\\/\\\/radioljubuski.ba\\\/index.php\\\/2022\\\/07\\\/01\\\/bebek-i-begic-o-manifestaciji-waterfall-wine-weekends-audio\\\/#article\",\"isPartOf\":{\"@id\":\"https:\\\/\\\/radioljubuski.ba\\\/index.php\\\/2022\\\/07\\\/01\\\/bebek-i-begic-o-manifestaciji-waterfall-wine-weekends-audio\\\/\"},\"author\":{\"name\":\"Radio Ljubu\u0161ki\",\"@id\":\"https:\\\/\\\/radioljubuski.ba\\\/#\\\/schema\\\/person\\\/19fc700381a780f69665d7956c469e3b\"},\"headline\":\"Bebek i Begi\u0107 o manifestaciji \u201eWaterfall wine weekends\u201c &#8211; audio\",\"datePublished\":\"2022-07-01T12:46:20+00:00\",\"dateModified\":\"2022-07-04T08:29:26+00:00\",\"mainEntityOfPage\":{\"@id\":\"https:\\\/\\\/radioljubuski.ba\\\/index.php\\\/2022\\\/07\\\/01\\\/bebek-i-begic-o-manifestaciji-waterfall-wine-weekends-audio\\\/\"},\"wordCount\":730,\"publisher\":{\"@id\":\"https:\\\/\\\/radioljubuski.ba\\\/#organization\"},\"image\":{\"@id\":\"https:\\\/\\\/radioljubuski.ba\\\/index.php\\\/2022\\\/07\\\/01\\\/bebek-i-begic-o-manifestaciji-waterfall-wine-weekends-audio\\\/#primaryimage\"},\"thumbnailUrl\":\"https:\\\/\\\/radioljubuski.ba\\\/wp-content\\\/uploads\\\/2022\\\/07\\\/bebek-begic-vina.png\",\"articleSection\":[\"RLJ Audio\"],\"inLanguage\":\"hr\"},{\"@type\":\"WebPage\",\"@id\":\"https:\\\/\\\/radioljubuski.ba\\\/index.php\\\/2022\\\/07\\\/01\\\/bebek-i-begic-o-manifestaciji-waterfall-wine-weekends-audio\\\/\",\"url\":\"https:\\\/\\\/radioljubuski.ba\\\/index.php\\\/2022\\\/07\\\/01\\\/bebek-i-begic-o-manifestaciji-waterfall-wine-weekends-audio\\\/\",\"name\":\"Bebek i Begi\u0107 o manifestaciji \u201eWaterfall wine weekends\u201c - audio - RADIO LJUBU\u0160KI\",\"isPartOf\":{\"@id\":\"https:\\\/\\\/radioljubuski.ba\\\/#website\"},\"primaryImageOfPage\":{\"@id\":\"https:\\\/\\\/radioljubuski.ba\\\/index.php\\\/2022\\\/07\\\/01\\\/bebek-i-begic-o-manifestaciji-waterfall-wine-weekends-audio\\\/#primaryimage\"},\"image\":{\"@id\":\"https:\\\/\\\/radioljubuski.ba\\\/index.php\\\/2022\\\/07\\\/01\\\/bebek-i-begic-o-manifestaciji-waterfall-wine-weekends-audio\\\/#primaryimage\"},\"thumbnailUrl\":\"https:\\\/\\\/radioljubuski.ba\\\/wp-content\\\/uploads\\\/2022\\\/07\\\/bebek-begic-vina.png\",\"datePublished\":\"2022-07-01T12:46:20+00:00\",\"dateModified\":\"2022-07-04T08:29:26+00:00\",\"breadcrumb\":{\"@id\":\"https:\\\/\\\/radioljubuski.ba\\\/index.php\\\/2022\\\/07\\\/01\\\/bebek-i-begic-o-manifestaciji-waterfall-wine-weekends-audio\\\/#breadcrumb\"},\"inLanguage\":\"hr\",\"potentialAction\":[{\"@type\":\"ReadAction\",\"target\":[\"https:\\\/\\\/radioljubuski.ba\\\/index.php\\\/2022\\\/07\\\/01\\\/bebek-i-begic-o-manifestaciji-waterfall-wine-weekends-audio\\\/\"]}]},{\"@type\":\"ImageObject\",\"inLanguage\":\"hr\",\"@id\":\"https:\\\/\\\/radioljubuski.ba\\\/index.php\\\/2022\\\/07\\\/01\\\/bebek-i-begic-o-manifestaciji-waterfall-wine-weekends-audio\\\/#primaryimage\",\"url\":\"https:\\\/\\\/radioljubuski.ba\\\/wp-content\\\/uploads\\\/2022\\\/07\\\/bebek-begic-vina.png\",\"contentUrl\":\"https:\\\/\\\/radioljubuski.ba\\\/wp-content\\\/uploads\\\/2022\\\/07\\\/bebek-begic-vina.png\",\"width\":1920,\"height\":1080},{\"@type\":\"BreadcrumbList\",\"@id\":\"https:\\\/\\\/radioljubuski.ba\\\/index.php\\\/2022\\\/07\\\/01\\\/bebek-i-begic-o-manifestaciji-waterfall-wine-weekends-audio\\\/#breadcrumb\",\"itemListElement\":[{\"@type\":\"ListItem\",\"position\":1,\"name\":\"Po\u010detna stranica\",\"item\":\"https:\\\/\\\/radioljubuski.ba\\\/\"},{\"@type\":\"ListItem\",\"position\":2,\"name\":\"Bebek i Begi\u0107 o manifestaciji \u201eWaterfall wine weekends\u201c &#8211; audio\"}]},{\"@type\":\"WebSite\",\"@id\":\"https:\\\/\\\/radioljubuski.ba\\\/#website\",\"url\":\"https:\\\/\\\/radioljubuski.ba\\\/\",\"name\":\"Radio Ljubu\u0161ki\",\"description\":\"Sun\u010dana frekvencija Hercegovine\",\"publisher\":{\"@id\":\"https:\\\/\\\/radioljubuski.ba\\\/#organization\"},\"potentialAction\":[{\"@type\":\"SearchAction\",\"target\":{\"@type\":\"EntryPoint\",\"urlTemplate\":\"https:\\\/\\\/radioljubuski.ba\\\/?s={search_term_string}\"},\"query-input\":{\"@type\":\"PropertyValueSpecification\",\"valueRequired\":true,\"valueName\":\"search_term_string\"}}],\"inLanguage\":\"hr\"},{\"@type\":\"Organization\",\"@id\":\"https:\\\/\\\/radioljubuski.ba\\\/#organization\",\"name\":\"Radio Ljubu\u0161ki\",\"url\":\"https:\\\/\\\/radioljubuski.ba\\\/\",\"logo\":{\"@type\":\"ImageObject\",\"inLanguage\":\"hr\",\"@id\":\"https:\\\/\\\/radioljubuski.ba\\\/#\\\/schema\\\/logo\\\/image\\\/\",\"url\":\"https:\\\/\\\/radioljubuski.ba\\\/wp-content\\\/uploads\\\/2021\\\/02\\\/cropped-Radio_Ljubuski_logo1.jpg\",\"contentUrl\":\"https:\\\/\\\/radioljubuski.ba\\\/wp-content\\\/uploads\\\/2021\\\/02\\\/cropped-Radio_Ljubuski_logo1.jpg\",\"width\":512,\"height\":512,\"caption\":\"Radio Ljubu\u0161ki\"},\"image\":{\"@id\":\"https:\\\/\\\/radioljubuski.ba\\\/#\\\/schema\\\/logo\\\/image\\\/\"},\"sameAs\":[\"https:\\\/\\\/www.facebook.com\\\/Radiio-Ljubuski-1490835324566332\",\"https:\\\/\\\/x.com\\\/radioljubuski\",\"https:\\\/\\\/hr.linkedin.com\\\/company\\\/radio-ljubuski\",\"https:\\\/\\\/www.youtube.com\\\/channel\\\/UCHYaeO_n0Db3tjNGudGpXyw\"]},{\"@type\":\"Person\",\"@id\":\"https:\\\/\\\/radioljubuski.ba\\\/#\\\/schema\\\/person\\\/19fc700381a780f69665d7956c469e3b\",\"name\":\"Radio Ljubu\u0161ki\"}]}<\/script>\n<!-- \/ Yoast SEO plugin. -->","yoast_head_json":{"title":"Bebek i Begi\u0107 o manifestaciji \u201eWaterfall wine weekends\u201c - audio - RADIO LJUBU\u0160KI","robots":{"index":"index","follow":"follow","max-snippet":"max-snippet:-1","max-image-preview":"max-image-preview:large","max-video-preview":"max-video-preview:-1"},"canonical":"https:\/\/radioljubuski.ba\/index.php\/2022\/07\/01\/bebek-i-begic-o-manifestaciji-waterfall-wine-weekends-audio\/","og_locale":"hr_HR","og_type":"article","og_title":"Bebek i Begi\u0107 o manifestaciji \u201eWaterfall wine weekends\u201c - audio - RADIO LJUBU\u0160KI","og_description":"Osim po prirodnim ljepotama, brojnim slapovima i rijeci Trebi\u017eat, ljubu\u0161ki je kraj spoznat i po uzgoju vinove loze i proizvodnji vina, a kvalitetu dokazuju presti\u017ene Decanter nagrade i pohvale koje ljubu\u0161ki vinari ni\u017eu jednu za drugom. Stoga su u Turisti\u010dkoj zajednici Ljubu\u0161ki odlu\u010dili u suradnji s ljubu\u0161kim vinarima osmisliti jednu zanimljivu manifestaciju pod nazivom \u201eWaterfall [&hellip;]","og_url":"https:\/\/radioljubuski.ba\/index.php\/2022\/07\/01\/bebek-i-begic-o-manifestaciji-waterfall-wine-weekends-audio\/","og_site_name":"RADIO LJUBU\u0160KI","article_publisher":"https:\/\/www.facebook.com\/Radiio-Ljubuski-1490835324566332","article_published_time":"2022-07-01T12:46:20+00:00","article_modified_time":"2022-07-04T08:29:26+00:00","og_image":[{"width":1024,"height":576,"url":"https:\/\/radioljubuski.ba\/wp-content\/uploads\/2022\/07\/bebek-begic-vina-1024x576.png","type":"image\/png"}],"author":"Radio Ljubu\u0161ki","twitter_card":"summary_large_image","twitter_creator":"@radioljubuski","twitter_site":"@radioljubuski","twitter_misc":{"Napisao\/la":"Radio Ljubu\u0161ki","Procijenjeno vrijeme \u010ditanja":"3 minute"},"schema":{"@context":"https:\/\/schema.org","@graph":[{"@type":"Article","@id":"https:\/\/radioljubuski.ba\/index.php\/2022\/07\/01\/bebek-i-begic-o-manifestaciji-waterfall-wine-weekends-audio\/#article","isPartOf":{"@id":"https:\/\/radioljubuski.ba\/index.php\/2022\/07\/01\/bebek-i-begic-o-manifestaciji-waterfall-wine-weekends-audio\/"},"author":{"name":"Radio Ljubu\u0161ki","@id":"https:\/\/radioljubuski.ba\/#\/schema\/person\/19fc700381a780f69665d7956c469e3b"},"headline":"Bebek i Begi\u0107 o manifestaciji \u201eWaterfall wine weekends\u201c &#8211; audio","datePublished":"2022-07-01T12:46:20+00:00","dateModified":"2022-07-04T08:29:26+00:00","mainEntityOfPage":{"@id":"https:\/\/radioljubuski.ba\/index.php\/2022\/07\/01\/bebek-i-begic-o-manifestaciji-waterfall-wine-weekends-audio\/"},"wordCount":730,"publisher":{"@id":"https:\/\/radioljubuski.ba\/#organization"},"image":{"@id":"https:\/\/radioljubuski.ba\/index.php\/2022\/07\/01\/bebek-i-begic-o-manifestaciji-waterfall-wine-weekends-audio\/#primaryimage"},"thumbnailUrl":"https:\/\/radioljubuski.ba\/wp-content\/uploads\/2022\/07\/bebek-begic-vina.png","articleSection":["RLJ Audio"],"inLanguage":"hr"},{"@type":"WebPage","@id":"https:\/\/radioljubuski.ba\/index.php\/2022\/07\/01\/bebek-i-begic-o-manifestaciji-waterfall-wine-weekends-audio\/","url":"https:\/\/radioljubuski.ba\/index.php\/2022\/07\/01\/bebek-i-begic-o-manifestaciji-waterfall-wine-weekends-audio\/","name":"Bebek i Begi\u0107 o manifestaciji \u201eWaterfall wine weekends\u201c - audio - RADIO LJUBU\u0160KI","isPartOf":{"@id":"https:\/\/radioljubuski.ba\/#website"},"primaryImageOfPage":{"@id":"https:\/\/radioljubuski.ba\/index.php\/2022\/07\/01\/bebek-i-begic-o-manifestaciji-waterfall-wine-weekends-audio\/#primaryimage"},"image":{"@id":"https:\/\/radioljubuski.ba\/index.php\/2022\/07\/01\/bebek-i-begic-o-manifestaciji-waterfall-wine-weekends-audio\/#primaryimage"},"thumbnailUrl":"https:\/\/radioljubuski.ba\/wp-content\/uploads\/2022\/07\/bebek-begic-vina.png","datePublished":"2022-07-01T12:46:20+00:00","dateModified":"2022-07-04T08:29:26+00:00","breadcrumb":{"@id":"https:\/\/radioljubuski.ba\/index.php\/2022\/07\/01\/bebek-i-begic-o-manifestaciji-waterfall-wine-weekends-audio\/#breadcrumb"},"inLanguage":"hr","potentialAction":[{"@type":"ReadAction","target":["https:\/\/radioljubuski.ba\/index.php\/2022\/07\/01\/bebek-i-begic-o-manifestaciji-waterfall-wine-weekends-audio\/"]}]},{"@type":"ImageObject","inLanguage":"hr","@id":"https:\/\/radioljubuski.ba\/index.php\/2022\/07\/01\/bebek-i-begic-o-manifestaciji-waterfall-wine-weekends-audio\/#primaryimage","url":"https:\/\/radioljubuski.ba\/wp-content\/uploads\/2022\/07\/bebek-begic-vina.png","contentUrl":"https:\/\/radioljubuski.ba\/wp-content\/uploads\/2022\/07\/bebek-begic-vina.png","width":1920,"height":1080},{"@type":"BreadcrumbList","@id":"https:\/\/radioljubuski.ba\/index.php\/2022\/07\/01\/bebek-i-begic-o-manifestaciji-waterfall-wine-weekends-audio\/#breadcrumb","itemListElement":[{"@type":"ListItem","position":1,"name":"Po\u010detna stranica","item":"https:\/\/radioljubuski.ba\/"},{"@type":"ListItem","position":2,"name":"Bebek i Begi\u0107 o manifestaciji \u201eWaterfall wine weekends\u201c &#8211; audio"}]},{"@type":"WebSite","@id":"https:\/\/radioljubuski.ba\/#website","url":"https:\/\/radioljubuski.ba\/","name":"Radio Ljubu\u0161ki","description":"Sun\u010dana frekvencija Hercegovine","publisher":{"@id":"https:\/\/radioljubuski.ba\/#organization"},"potentialAction":[{"@type":"SearchAction","target":{"@type":"EntryPoint","urlTemplate":"https:\/\/radioljubuski.ba\/?s={search_term_string}"},"query-input":{"@type":"PropertyValueSpecification","valueRequired":true,"valueName":"search_term_string"}}],"inLanguage":"hr"},{"@type":"Organization","@id":"https:\/\/radioljubuski.ba\/#organization","name":"Radio Ljubu\u0161ki","url":"https:\/\/radioljubuski.ba\/","logo":{"@type":"ImageObject","inLanguage":"hr","@id":"https:\/\/radioljubuski.ba\/#\/schema\/logo\/image\/","url":"https:\/\/radioljubuski.ba\/wp-content\/uploads\/2021\/02\/cropped-Radio_Ljubuski_logo1.jpg","contentUrl":"https:\/\/radioljubuski.ba\/wp-content\/uploads\/2021\/02\/cropped-Radio_Ljubuski_logo1.jpg","width":512,"height":512,"caption":"Radio Ljubu\u0161ki"},"image":{"@id":"https:\/\/radioljubuski.ba\/#\/schema\/logo\/image\/"},"sameAs":["https:\/\/www.facebook.com\/Radiio-Ljubuski-1490835324566332","https:\/\/x.com\/radioljubuski","https:\/\/hr.linkedin.com\/company\/radio-ljubuski","https:\/\/www.youtube.com\/channel\/UCHYaeO_n0Db3tjNGudGpXyw"]},{"@type":"Person","@id":"https:\/\/radioljubuski.ba\/#\/schema\/person\/19fc700381a780f69665d7956c469e3b","name":"Radio Ljubu\u0161ki"}]}},"_links":{"self":[{"href":"https:\/\/radioljubuski.ba\/index.php\/wp-json\/wp\/v2\/posts\/155178","targetHints":{"allow":["GET"]}}],"collection":[{"href":"https:\/\/radioljubuski.ba\/index.php\/wp-json\/wp\/v2\/posts"}],"about":[{"href":"https:\/\/radioljubuski.ba\/index.php\/wp-json\/wp\/v2\/types\/post"}],"author":[{"embeddable":true,"href":"https:\/\/radioljubuski.ba\/index.php\/wp-json\/wp\/v2\/users\/2"}],"replies":[{"embeddable":true,"href":"https:\/\/radioljubuski.ba\/index.php\/wp-json\/wp\/v2\/comments?post=155178"}],"version-history":[{"count":4,"href":"https:\/\/radioljubuski.ba\/index.php\/wp-json\/wp\/v2\/posts\/155178\/revisions"}],"predecessor-version":[{"id":155586,"href":"https:\/\/radioljubuski.ba\/index.php\/wp-json\/wp\/v2\/posts\/155178\/revisions\/155586"}],"wp:featuredmedia":[{"embeddable":true,"href":"https:\/\/radioljubuski.ba\/index.php\/wp-json\/wp\/v2\/media\/155179"}],"wp:attachment":[{"href":"https:\/\/radioljubuski.ba\/index.php\/wp-json\/wp\/v2\/media?parent=155178"}],"wp:term":[{"taxonomy":"category","embeddable":true,"href":"https:\/\/radioljubuski.ba\/index.php\/wp-json\/wp\/v2\/categories?post=155178"},{"taxonomy":"post_tag","embeddable":true,"href":"https:\/\/radioljubuski.ba\/index.php\/wp-json\/wp\/v2\/tags?post=155178"}],"curies":[{"name":"wp","href":"https:\/\/api.w.org\/{rel}","templated":true}]}}