{"id":155184,"date":"2022-07-01T14:40:53","date_gmt":"2022-07-01T13:40:53","guid":{"rendered":"https:\/\/radioljubuski.ba\/?p=155184"},"modified":"2022-07-01T14:40:54","modified_gmt":"2022-07-01T13:40:54","slug":"preminula-suzana-raden-todoric-urednica-bn-tv","status":"publish","type":"post","link":"https:\/\/radioljubuski.ba\/index.php\/2022\/07\/01\/preminula-suzana-raden-todoric-urednica-bn-tv\/","title":{"rendered":"Preminula Suzana Ra\u0111en- Todori\u0107 urednica BN TV"},"content":{"rendered":"\n<p>Dugogodi\u0161nja urednica BN TV Suzana Ra\u0111en Todori\u0107 preminula je danas u 13 sati i 45 minuta, nakon kra\u0107e bolesti, u bolnici u Bijeljini.<\/p>\n\n\n\n<p>Suzana Ra\u0111en Todori\u0107 ro\u0111ena je 16. prosinca 1962. godine u Sarajevu, ali je ve\u0107i dio \u017eivota provela u Jajcu.<\/p>\n\n\n\n<p>Zavr\u0161ila je Fakultet politi\u010dkih nauka u Sarajevu, a prve novinarske korake napravila je u Radio Jajcu, a ratni vihor ju je doveo u Banjaluku gdje je radila u RTRS-u sve do 1997. godine.<\/p>\n\n\n\n<p>Vrhunac u novinarskoj karijeri napravila je u BN televiziji, gdje je bila urednik Informativnog programa, a ure\u0111ivala je i vodila vi\u0161e emisija me\u0111u kojima je i kultni \u201cPuls\u201d i politi\u010dki magazin \u201cCrno na bijelo\u201d.<\/p>\n\n\n\n<p>Bila je dopisnik mnogih regionalnih medija i dobitnik je brojnih priznanja i odlikovanja.<\/p>\n\n\n\n<p>Suzana Ra\u0111en Todori\u0107 je bila i jedan od boljih poznavalaca politi\u010dkih prilika ne samo u RS, nego i u regionu, a u svojim emisijama ugostila je brojne osobe iz javnog politi\u010dkog \u017eivota.<\/p>\n\n\n\n<p>Najve\u0107a priznanja i zadovoljstvo u \u017eivotu osim njene Anje bili su obi\u010dni ljudi, koji su je prepoznavali svuda gdje se pojavljivala. To joj je, kako je znala da ka\u017ee, satisfakcija da radi jo\u0161 bolje i da zastupa interese malih obi\u010dnih ljudi, koji su joj vjerovali.<\/p>\n\n\n\n<p>Suzana Ra\u0111en Todori\u0107 je oti\u0161la a iza sebe je ostavila majku, mu\u017ea i k\u0107erku, ali i prazninu u srcima svih onih koji su je poznavali.<\/p>\n\n\n\n<p>Datum i vrijeme sahrane bi\u0107e naknadno objavljeno, priop\u0107eno je iz RTV BN.<\/p>\n\n\n\n<p>Izvor:pogled.ba<\/p>\n","protected":false},"excerpt":{"rendered":"<p>Dugogodi\u0161nja urednica BN TV Suzana Ra\u0111en Todori\u0107 preminula je danas u 13 sati i 45 minuta, nakon kra\u0107e bolesti, u bolnici u Bijeljini. Suzana Ra\u0111en Todori\u0107 ro\u0111ena je 16. prosinca 1962. godine u Sarajevu, ali je ve\u0107i dio \u017eivota provela u Jajcu. Zavr\u0161ila je Fakultet politi\u010dkih nauka u Sarajevu, a prve novinarske korake napravila je [&hellip;]<\/p>\n","protected":false},"author":2,"featured_media":155185,"comment_status":"closed","ping_status":"closed","sticky":false,"template":"","format":"standard","meta":{"h5ap_radio_sources":[],"footnotes":""},"categories":[1],"tags":[],"class_list":["post-155184","post","type-post","status-publish","format-standard","has-post-thumbnail","hentry","category-bihiregija"],"yoast_head":"<!-- This site is optimized with the Yoast SEO plugin v27.5 - https:\/\/yoast.com\/product\/yoast-seo-wordpress\/ -->\n<title>Preminula Suzana Ra\u0111en- Todori\u0107 urednica BN TV - RADIO LJUBU\u0160KI<\/title>\n<meta name=\"robots\" content=\"index, follow, max-snippet:-1, max-image-preview:large, max-video-preview:-1\" \/>\n<link rel=\"canonical\" href=\"https:\/\/radioljubuski.ba\/index.php\/2022\/07\/01\/preminula-suzana-raden-todoric-urednica-bn-tv\/\" \/>\n<meta property=\"og:locale\" content=\"hr_HR\" \/>\n<meta property=\"og:type\" content=\"article\" \/>\n<meta property=\"og:title\" content=\"Preminula Suzana Ra\u0111en- Todori\u0107 urednica BN TV - RADIO LJUBU\u0160KI\" \/>\n<meta property=\"og:description\" content=\"Dugogodi\u0161nja urednica BN TV Suzana Ra\u0111en Todori\u0107 preminula je danas u 13 sati i 45 minuta, nakon kra\u0107e bolesti, u bolnici u Bijeljini. Suzana Ra\u0111en Todori\u0107 ro\u0111ena je 16. prosinca 1962. godine u Sarajevu, ali je ve\u0107i dio \u017eivota provela u Jajcu. Zavr\u0161ila je Fakultet politi\u010dkih nauka u Sarajevu, a prve novinarske korake napravila je [&hellip;]\" \/>\n<meta property=\"og:url\" content=\"https:\/\/radioljubuski.ba\/index.php\/2022\/07\/01\/preminula-suzana-raden-todoric-urednica-bn-tv\/\" \/>\n<meta property=\"og:site_name\" content=\"RADIO LJUBU\u0160KI\" \/>\n<meta property=\"article:publisher\" content=\"https:\/\/www.facebook.com\/Radiio-Ljubuski-1490835324566332\" \/>\n<meta property=\"article:published_time\" content=\"2022-07-01T13:40:53+00:00\" \/>\n<meta property=\"article:modified_time\" content=\"2022-07-01T13:40:54+00:00\" \/>\n<meta property=\"og:image\" content=\"https:\/\/radioljubuski.ba\/wp-content\/uploads\/2022\/07\/3-2022-07-01-15-36-21-1656680537-res_1656680304_preminula-suzana-raden-todoric-urednica-bn-tv.jpg\" \/>\n\t<meta property=\"og:image:width\" content=\"1000\" \/>\n\t<meta property=\"og:image:height\" content=\"625\" \/>\n\t<meta property=\"og:image:type\" content=\"image\/jpeg\" \/>\n<meta name=\"author\" content=\"Radio Ljubu\u0161ki\" \/>\n<meta name=\"twitter:card\" content=\"summary_large_image\" \/>\n<meta name=\"twitter:creator\" content=\"@radioljubuski\" \/>\n<meta name=\"twitter:site\" content=\"@radioljubuski\" \/>\n<meta name=\"twitter:label1\" content=\"Napisao\/la\" \/>\n\t<meta name=\"twitter:data1\" content=\"Radio Ljubu\u0161ki\" \/>\n\t<meta name=\"twitter:label2\" content=\"Procijenjeno vrijeme \u010ditanja\" \/>\n\t<meta name=\"twitter:data2\" content=\"2 minute\" \/>\n<script type=\"application\/ld+json\" class=\"yoast-schema-graph\">{\"@context\":\"https:\\\/\\\/schema.org\",\"@graph\":[{\"@type\":\"Article\",\"@id\":\"https:\\\/\\\/radioljubuski.ba\\\/index.php\\\/2022\\\/07\\\/01\\\/preminula-suzana-raden-todoric-urednica-bn-tv\\\/#article\",\"isPartOf\":{\"@id\":\"https:\\\/\\\/radioljubuski.ba\\\/index.php\\\/2022\\\/07\\\/01\\\/preminula-suzana-raden-todoric-urednica-bn-tv\\\/\"},\"author\":{\"name\":\"Radio Ljubu\u0161ki\",\"@id\":\"https:\\\/\\\/radioljubuski.ba\\\/#\\\/schema\\\/person\\\/19fc700381a780f69665d7956c469e3b\"},\"headline\":\"Preminula Suzana Ra\u0111en- Todori\u0107 urednica BN TV\",\"datePublished\":\"2022-07-01T13:40:53+00:00\",\"dateModified\":\"2022-07-01T13:40:54+00:00\",\"mainEntityOfPage\":{\"@id\":\"https:\\\/\\\/radioljubuski.ba\\\/index.php\\\/2022\\\/07\\\/01\\\/preminula-suzana-raden-todoric-urednica-bn-tv\\\/\"},\"wordCount\":267,\"publisher\":{\"@id\":\"https:\\\/\\\/radioljubuski.ba\\\/#organization\"},\"image\":{\"@id\":\"https:\\\/\\\/radioljubuski.ba\\\/index.php\\\/2022\\\/07\\\/01\\\/preminula-suzana-raden-todoric-urednica-bn-tv\\\/#primaryimage\"},\"thumbnailUrl\":\"https:\\\/\\\/radioljubuski.ba\\\/wp-content\\\/uploads\\\/2022\\\/07\\\/3-2022-07-01-15-36-21-1656680537-res_1656680304_preminula-suzana-raden-todoric-urednica-bn-tv.jpg\",\"articleSection\":[\"BIH i regija\"],\"inLanguage\":\"hr\"},{\"@type\":\"WebPage\",\"@id\":\"https:\\\/\\\/radioljubuski.ba\\\/index.php\\\/2022\\\/07\\\/01\\\/preminula-suzana-raden-todoric-urednica-bn-tv\\\/\",\"url\":\"https:\\\/\\\/radioljubuski.ba\\\/index.php\\\/2022\\\/07\\\/01\\\/preminula-suzana-raden-todoric-urednica-bn-tv\\\/\",\"name\":\"Preminula Suzana Ra\u0111en- Todori\u0107 urednica BN TV - RADIO LJUBU\u0160KI\",\"isPartOf\":{\"@id\":\"https:\\\/\\\/radioljubuski.ba\\\/#website\"},\"primaryImageOfPage\":{\"@id\":\"https:\\\/\\\/radioljubuski.ba\\\/index.php\\\/2022\\\/07\\\/01\\\/preminula-suzana-raden-todoric-urednica-bn-tv\\\/#primaryimage\"},\"image\":{\"@id\":\"https:\\\/\\\/radioljubuski.ba\\\/index.php\\\/2022\\\/07\\\/01\\\/preminula-suzana-raden-todoric-urednica-bn-tv\\\/#primaryimage\"},\"thumbnailUrl\":\"https:\\\/\\\/radioljubuski.ba\\\/wp-content\\\/uploads\\\/2022\\\/07\\\/3-2022-07-01-15-36-21-1656680537-res_1656680304_preminula-suzana-raden-todoric-urednica-bn-tv.jpg\",\"datePublished\":\"2022-07-01T13:40:53+00:00\",\"dateModified\":\"2022-07-01T13:40:54+00:00\",\"breadcrumb\":{\"@id\":\"https:\\\/\\\/radioljubuski.ba\\\/index.php\\\/2022\\\/07\\\/01\\\/preminula-suzana-raden-todoric-urednica-bn-tv\\\/#breadcrumb\"},\"inLanguage\":\"hr\",\"potentialAction\":[{\"@type\":\"ReadAction\",\"target\":[\"https:\\\/\\\/radioljubuski.ba\\\/index.php\\\/2022\\\/07\\\/01\\\/preminula-suzana-raden-todoric-urednica-bn-tv\\\/\"]}]},{\"@type\":\"ImageObject\",\"inLanguage\":\"hr\",\"@id\":\"https:\\\/\\\/radioljubuski.ba\\\/index.php\\\/2022\\\/07\\\/01\\\/preminula-suzana-raden-todoric-urednica-bn-tv\\\/#primaryimage\",\"url\":\"https:\\\/\\\/radioljubuski.ba\\\/wp-content\\\/uploads\\\/2022\\\/07\\\/3-2022-07-01-15-36-21-1656680537-res_1656680304_preminula-suzana-raden-todoric-urednica-bn-tv.jpg\",\"contentUrl\":\"https:\\\/\\\/radioljubuski.ba\\\/wp-content\\\/uploads\\\/2022\\\/07\\\/3-2022-07-01-15-36-21-1656680537-res_1656680304_preminula-suzana-raden-todoric-urednica-bn-tv.jpg\",\"width\":1000,\"height\":625},{\"@type\":\"BreadcrumbList\",\"@id\":\"https:\\\/\\\/radioljubuski.ba\\\/index.php\\\/2022\\\/07\\\/01\\\/preminula-suzana-raden-todoric-urednica-bn-tv\\\/#breadcrumb\",\"itemListElement\":[{\"@type\":\"ListItem\",\"position\":1,\"name\":\"Po\u010detna stranica\",\"item\":\"https:\\\/\\\/radioljubuski.ba\\\/\"},{\"@type\":\"ListItem\",\"position\":2,\"name\":\"Preminula Suzana Ra\u0111en- Todori\u0107 urednica BN TV\"}]},{\"@type\":\"WebSite\",\"@id\":\"https:\\\/\\\/radioljubuski.ba\\\/#website\",\"url\":\"https:\\\/\\\/radioljubuski.ba\\\/\",\"name\":\"Radio Ljubu\u0161ki\",\"description\":\"Sun\u010dana frekvencija Hercegovine\",\"publisher\":{\"@id\":\"https:\\\/\\\/radioljubuski.ba\\\/#organization\"},\"potentialAction\":[{\"@type\":\"SearchAction\",\"target\":{\"@type\":\"EntryPoint\",\"urlTemplate\":\"https:\\\/\\\/radioljubuski.ba\\\/?s={search_term_string}\"},\"query-input\":{\"@type\":\"PropertyValueSpecification\",\"valueRequired\":true,\"valueName\":\"search_term_string\"}}],\"inLanguage\":\"hr\"},{\"@type\":\"Organization\",\"@id\":\"https:\\\/\\\/radioljubuski.ba\\\/#organization\",\"name\":\"Radio Ljubu\u0161ki\",\"url\":\"https:\\\/\\\/radioljubuski.ba\\\/\",\"logo\":{\"@type\":\"ImageObject\",\"inLanguage\":\"hr\",\"@id\":\"https:\\\/\\\/radioljubuski.ba\\\/#\\\/schema\\\/logo\\\/image\\\/\",\"url\":\"https:\\\/\\\/radioljubuski.ba\\\/wp-content\\\/uploads\\\/2021\\\/02\\\/cropped-Radio_Ljubuski_logo1.jpg\",\"contentUrl\":\"https:\\\/\\\/radioljubuski.ba\\\/wp-content\\\/uploads\\\/2021\\\/02\\\/cropped-Radio_Ljubuski_logo1.jpg\",\"width\":512,\"height\":512,\"caption\":\"Radio Ljubu\u0161ki\"},\"image\":{\"@id\":\"https:\\\/\\\/radioljubuski.ba\\\/#\\\/schema\\\/logo\\\/image\\\/\"},\"sameAs\":[\"https:\\\/\\\/www.facebook.com\\\/Radiio-Ljubuski-1490835324566332\",\"https:\\\/\\\/x.com\\\/radioljubuski\",\"https:\\\/\\\/hr.linkedin.com\\\/company\\\/radio-ljubuski\",\"https:\\\/\\\/www.youtube.com\\\/channel\\\/UCHYaeO_n0Db3tjNGudGpXyw\"]},{\"@type\":\"Person\",\"@id\":\"https:\\\/\\\/radioljubuski.ba\\\/#\\\/schema\\\/person\\\/19fc700381a780f69665d7956c469e3b\",\"name\":\"Radio Ljubu\u0161ki\"}]}<\/script>\n<!-- \/ Yoast SEO plugin. -->","yoast_head_json":{"title":"Preminula Suzana Ra\u0111en- Todori\u0107 urednica BN TV - RADIO LJUBU\u0160KI","robots":{"index":"index","follow":"follow","max-snippet":"max-snippet:-1","max-image-preview":"max-image-preview:large","max-video-preview":"max-video-preview:-1"},"canonical":"https:\/\/radioljubuski.ba\/index.php\/2022\/07\/01\/preminula-suzana-raden-todoric-urednica-bn-tv\/","og_locale":"hr_HR","og_type":"article","og_title":"Preminula Suzana Ra\u0111en- Todori\u0107 urednica BN TV - RADIO LJUBU\u0160KI","og_description":"Dugogodi\u0161nja urednica BN TV Suzana Ra\u0111en Todori\u0107 preminula je danas u 13 sati i 45 minuta, nakon kra\u0107e bolesti, u bolnici u Bijeljini. Suzana Ra\u0111en Todori\u0107 ro\u0111ena je 16. prosinca 1962. godine u Sarajevu, ali je ve\u0107i dio \u017eivota provela u Jajcu. Zavr\u0161ila je Fakultet politi\u010dkih nauka u Sarajevu, a prve novinarske korake napravila je [&hellip;]","og_url":"https:\/\/radioljubuski.ba\/index.php\/2022\/07\/01\/preminula-suzana-raden-todoric-urednica-bn-tv\/","og_site_name":"RADIO LJUBU\u0160KI","article_publisher":"https:\/\/www.facebook.com\/Radiio-Ljubuski-1490835324566332","article_published_time":"2022-07-01T13:40:53+00:00","article_modified_time":"2022-07-01T13:40:54+00:00","og_image":[{"width":1000,"height":625,"url":"https:\/\/radioljubuski.ba\/wp-content\/uploads\/2022\/07\/3-2022-07-01-15-36-21-1656680537-res_1656680304_preminula-suzana-raden-todoric-urednica-bn-tv.jpg","type":"image\/jpeg"}],"author":"Radio Ljubu\u0161ki","twitter_card":"summary_large_image","twitter_creator":"@radioljubuski","twitter_site":"@radioljubuski","twitter_misc":{"Napisao\/la":"Radio Ljubu\u0161ki","Procijenjeno vrijeme \u010ditanja":"2 minute"},"schema":{"@context":"https:\/\/schema.org","@graph":[{"@type":"Article","@id":"https:\/\/radioljubuski.ba\/index.php\/2022\/07\/01\/preminula-suzana-raden-todoric-urednica-bn-tv\/#article","isPartOf":{"@id":"https:\/\/radioljubuski.ba\/index.php\/2022\/07\/01\/preminula-suzana-raden-todoric-urednica-bn-tv\/"},"author":{"name":"Radio Ljubu\u0161ki","@id":"https:\/\/radioljubuski.ba\/#\/schema\/person\/19fc700381a780f69665d7956c469e3b"},"headline":"Preminula Suzana Ra\u0111en- Todori\u0107 urednica BN TV","datePublished":"2022-07-01T13:40:53+00:00","dateModified":"2022-07-01T13:40:54+00:00","mainEntityOfPage":{"@id":"https:\/\/radioljubuski.ba\/index.php\/2022\/07\/01\/preminula-suzana-raden-todoric-urednica-bn-tv\/"},"wordCount":267,"publisher":{"@id":"https:\/\/radioljubuski.ba\/#organization"},"image":{"@id":"https:\/\/radioljubuski.ba\/index.php\/2022\/07\/01\/preminula-suzana-raden-todoric-urednica-bn-tv\/#primaryimage"},"thumbnailUrl":"https:\/\/radioljubuski.ba\/wp-content\/uploads\/2022\/07\/3-2022-07-01-15-36-21-1656680537-res_1656680304_preminula-suzana-raden-todoric-urednica-bn-tv.jpg","articleSection":["BIH i regija"],"inLanguage":"hr"},{"@type":"WebPage","@id":"https:\/\/radioljubuski.ba\/index.php\/2022\/07\/01\/preminula-suzana-raden-todoric-urednica-bn-tv\/","url":"https:\/\/radioljubuski.ba\/index.php\/2022\/07\/01\/preminula-suzana-raden-todoric-urednica-bn-tv\/","name":"Preminula Suzana Ra\u0111en- Todori\u0107 urednica BN TV - RADIO LJUBU\u0160KI","isPartOf":{"@id":"https:\/\/radioljubuski.ba\/#website"},"primaryImageOfPage":{"@id":"https:\/\/radioljubuski.ba\/index.php\/2022\/07\/01\/preminula-suzana-raden-todoric-urednica-bn-tv\/#primaryimage"},"image":{"@id":"https:\/\/radioljubuski.ba\/index.php\/2022\/07\/01\/preminula-suzana-raden-todoric-urednica-bn-tv\/#primaryimage"},"thumbnailUrl":"https:\/\/radioljubuski.ba\/wp-content\/uploads\/2022\/07\/3-2022-07-01-15-36-21-1656680537-res_1656680304_preminula-suzana-raden-todoric-urednica-bn-tv.jpg","datePublished":"2022-07-01T13:40:53+00:00","dateModified":"2022-07-01T13:40:54+00:00","breadcrumb":{"@id":"https:\/\/radioljubuski.ba\/index.php\/2022\/07\/01\/preminula-suzana-raden-todoric-urednica-bn-tv\/#breadcrumb"},"inLanguage":"hr","potentialAction":[{"@type":"ReadAction","target":["https:\/\/radioljubuski.ba\/index.php\/2022\/07\/01\/preminula-suzana-raden-todoric-urednica-bn-tv\/"]}]},{"@type":"ImageObject","inLanguage":"hr","@id":"https:\/\/radioljubuski.ba\/index.php\/2022\/07\/01\/preminula-suzana-raden-todoric-urednica-bn-tv\/#primaryimage","url":"https:\/\/radioljubuski.ba\/wp-content\/uploads\/2022\/07\/3-2022-07-01-15-36-21-1656680537-res_1656680304_preminula-suzana-raden-todoric-urednica-bn-tv.jpg","contentUrl":"https:\/\/radioljubuski.ba\/wp-content\/uploads\/2022\/07\/3-2022-07-01-15-36-21-1656680537-res_1656680304_preminula-suzana-raden-todoric-urednica-bn-tv.jpg","width":1000,"height":625},{"@type":"BreadcrumbList","@id":"https:\/\/radioljubuski.ba\/index.php\/2022\/07\/01\/preminula-suzana-raden-todoric-urednica-bn-tv\/#breadcrumb","itemListElement":[{"@type":"ListItem","position":1,"name":"Po\u010detna stranica","item":"https:\/\/radioljubuski.ba\/"},{"@type":"ListItem","position":2,"name":"Preminula Suzana Ra\u0111en- Todori\u0107 urednica BN TV"}]},{"@type":"WebSite","@id":"https:\/\/radioljubuski.ba\/#website","url":"https:\/\/radioljubuski.ba\/","name":"Radio Ljubu\u0161ki","description":"Sun\u010dana frekvencija Hercegovine","publisher":{"@id":"https:\/\/radioljubuski.ba\/#organization"},"potentialAction":[{"@type":"SearchAction","target":{"@type":"EntryPoint","urlTemplate":"https:\/\/radioljubuski.ba\/?s={search_term_string}"},"query-input":{"@type":"PropertyValueSpecification","valueRequired":true,"valueName":"search_term_string"}}],"inLanguage":"hr"},{"@type":"Organization","@id":"https:\/\/radioljubuski.ba\/#organization","name":"Radio Ljubu\u0161ki","url":"https:\/\/radioljubuski.ba\/","logo":{"@type":"ImageObject","inLanguage":"hr","@id":"https:\/\/radioljubuski.ba\/#\/schema\/logo\/image\/","url":"https:\/\/radioljubuski.ba\/wp-content\/uploads\/2021\/02\/cropped-Radio_Ljubuski_logo1.jpg","contentUrl":"https:\/\/radioljubuski.ba\/wp-content\/uploads\/2021\/02\/cropped-Radio_Ljubuski_logo1.jpg","width":512,"height":512,"caption":"Radio Ljubu\u0161ki"},"image":{"@id":"https:\/\/radioljubuski.ba\/#\/schema\/logo\/image\/"},"sameAs":["https:\/\/www.facebook.com\/Radiio-Ljubuski-1490835324566332","https:\/\/x.com\/radioljubuski","https:\/\/hr.linkedin.com\/company\/radio-ljubuski","https:\/\/www.youtube.com\/channel\/UCHYaeO_n0Db3tjNGudGpXyw"]},{"@type":"Person","@id":"https:\/\/radioljubuski.ba\/#\/schema\/person\/19fc700381a780f69665d7956c469e3b","name":"Radio Ljubu\u0161ki"}]}},"_links":{"self":[{"href":"https:\/\/radioljubuski.ba\/index.php\/wp-json\/wp\/v2\/posts\/155184","targetHints":{"allow":["GET"]}}],"collection":[{"href":"https:\/\/radioljubuski.ba\/index.php\/wp-json\/wp\/v2\/posts"}],"about":[{"href":"https:\/\/radioljubuski.ba\/index.php\/wp-json\/wp\/v2\/types\/post"}],"author":[{"embeddable":true,"href":"https:\/\/radioljubuski.ba\/index.php\/wp-json\/wp\/v2\/users\/2"}],"replies":[{"embeddable":true,"href":"https:\/\/radioljubuski.ba\/index.php\/wp-json\/wp\/v2\/comments?post=155184"}],"version-history":[{"count":1,"href":"https:\/\/radioljubuski.ba\/index.php\/wp-json\/wp\/v2\/posts\/155184\/revisions"}],"predecessor-version":[{"id":155186,"href":"https:\/\/radioljubuski.ba\/index.php\/wp-json\/wp\/v2\/posts\/155184\/revisions\/155186"}],"wp:featuredmedia":[{"embeddable":true,"href":"https:\/\/radioljubuski.ba\/index.php\/wp-json\/wp\/v2\/media\/155185"}],"wp:attachment":[{"href":"https:\/\/radioljubuski.ba\/index.php\/wp-json\/wp\/v2\/media?parent=155184"}],"wp:term":[{"taxonomy":"category","embeddable":true,"href":"https:\/\/radioljubuski.ba\/index.php\/wp-json\/wp\/v2\/categories?post=155184"},{"taxonomy":"post_tag","embeddable":true,"href":"https:\/\/radioljubuski.ba\/index.php\/wp-json\/wp\/v2\/tags?post=155184"}],"curies":[{"name":"wp","href":"https:\/\/api.w.org\/{rel}","templated":true}]}}