{"id":155188,"date":"2022-07-01T14:48:34","date_gmt":"2022-07-01T13:48:34","guid":{"rendered":"https:\/\/radioljubuski.ba\/?p=155188"},"modified":"2022-07-04T09:30:19","modified_gmt":"2022-07-04T08:30:19","slug":"skola-plivanja-u-ljubuskom-video","status":"publish","type":"post","link":"https:\/\/radioljubuski.ba\/index.php\/2022\/07\/01\/skola-plivanja-u-ljubuskom-video\/","title":{"rendered":"\u0160kola plivanja u Ljubu\u0161kom &#8211; video"},"content":{"rendered":"\n<p>Jo\u0161 jedna grupa dje\u010daka i djevoj\u010dica uspje\u0161no je nau\u010dila plivati u sklopu \u0161kole plivanja koju organizira Dru\u0161tvo pedagoga Tjelesne i zdravstvene kulture Grada Ljubu\u0161kog.<\/p>\n\n\n\n<p>Danas su mali\u0161ani odradili zadnje sate u krugu tvrtke &#8220;Jure bazeni&#8221;, pod budnim okom svojih profesora u\u010dili su osnove plivanja, kako skakati u vodu, kako pravilno raditi rukama i nogama pod vodom te \u0161to\u0161ta toga. &nbsp;<\/p>\n\n\n\n<p>Nakon svega njihovi profesori su za njih uprili\u010dili pravu malu sve\u010danost promocije, uru\u010dili su malim pliva\u010dima diplome, rukovali se s njima i \u010destitali im, te ih po\u010dastili slasticama.<\/p>\n\n\n\n<p>\u201eVe\u0107 15 godina u suradnji s tvrtkom &#8220;Jure bazeni&#8221; stvaramo&nbsp; ovu pri\u010du\u201c, &nbsp;ka\u017ee prof. Zvonko Herceg, predsjednik Dru\u0161tvo pedagoga Tjelesne i zdravstvene kulture Grada Ljubu\u0161kog.<\/p>\n\n\n\n<p>Dodaje kako su u ovom turnusu imali tri grupe dje\u010daka i djevoj\u010dica.<\/p>\n\n\n\n<p>\u201eRadimo s manjim skupinama, te smo imali sre\u0107u ovih dana s vremenom. Djeca su istinski u\u017eivala u ovih 10 dana i stvarno smo prezadovoljni njihovim zalaganjem. Najva\u017enija stvar od svega je da su zadovoljni njihovi roditelji. Drugi turnus po\u010dinje 11. ovog mjeseca, te imamo popunjene tri grupe. Tako\u0111er, imamo jo\u0161 slobodnih mjesta u \u010detvrtoj grupi koja uskoro kre\u0107e&#8221; rekao je profesor Herceg.<\/p>\n\n\n\n<p>Podsjetimo i kako je kroz proteklih 15 godina kroz ovu \u0161kolu plivanja pro\u0161lo skoro tisu\u0107u i pol djece koja su uspje\u0161no nau\u010dila plivati.<\/p>\n\n\n\n<p>Vi\u0161e pogledajte u videozapisu<\/p>\n\n\n\n<iframe loading=\"lazy\" src=\"https:\/\/www.youtube.com\/embed\/dZ1kd0X2L4Q\" title=\"YouTube video player\" allow=\"accelerometer; autoplay; clipboard-write; encrypted-media; gyroscope; picture-in-picture\" allowfullscreen=\"\" width=\"560\" height=\"315\" frameborder=\"0\"><\/iframe>\n\n\n\n<p>Ivan Herceg \/ Gordana Ili\u0107<\/p>\n","protected":false},"excerpt":{"rendered":"<p>Jo\u0161 jedna grupa dje\u010daka i djevoj\u010dica uspje\u0161no je nau\u010dila plivati u sklopu \u0161kole plivanja koju organizira Dru\u0161tvo pedagoga Tjelesne i zdravstvene kulture Grada Ljubu\u0161kog. Danas su mali\u0161ani odradili zadnje sate u krugu tvrtke &#8220;Jure bazeni&#8221;, pod budnim okom svojih profesora u\u010dili su osnove plivanja, kako skakati u vodu, kako pravilno raditi rukama i nogama pod [&hellip;]<\/p>\n","protected":false},"author":2,"featured_media":155189,"comment_status":"closed","ping_status":"closed","sticky":false,"template":"","format":"standard","meta":{"h5ap_radio_sources":[],"footnotes":""},"categories":[8],"tags":[],"class_list":["post-155188","post","type-post","status-publish","format-standard","has-post-thumbnail","hentry","category-rlj-audio"],"yoast_head":"<!-- This site is optimized with the Yoast SEO plugin v27.5 - https:\/\/yoast.com\/product\/yoast-seo-wordpress\/ -->\n<title>\u0160kola plivanja u Ljubu\u0161kom - video - RADIO LJUBU\u0160KI<\/title>\n<meta name=\"robots\" content=\"index, follow, max-snippet:-1, max-image-preview:large, max-video-preview:-1\" \/>\n<link rel=\"canonical\" href=\"https:\/\/radioljubuski.ba\/index.php\/2022\/07\/01\/skola-plivanja-u-ljubuskom-video\/\" \/>\n<meta property=\"og:locale\" content=\"hr_HR\" \/>\n<meta property=\"og:type\" content=\"article\" \/>\n<meta property=\"og:title\" content=\"\u0160kola plivanja u Ljubu\u0161kom - video - RADIO LJUBU\u0160KI\" \/>\n<meta property=\"og:description\" content=\"Jo\u0161 jedna grupa dje\u010daka i djevoj\u010dica uspje\u0161no je nau\u010dila plivati u sklopu \u0161kole plivanja koju organizira Dru\u0161tvo pedagoga Tjelesne i zdravstvene kulture Grada Ljubu\u0161kog. Danas su mali\u0161ani odradili zadnje sate u krugu tvrtke &#8220;Jure bazeni&#8221;, pod budnim okom svojih profesora u\u010dili su osnove plivanja, kako skakati u vodu, kako pravilno raditi rukama i nogama pod [&hellip;]\" \/>\n<meta property=\"og:url\" content=\"https:\/\/radioljubuski.ba\/index.php\/2022\/07\/01\/skola-plivanja-u-ljubuskom-video\/\" \/>\n<meta property=\"og:site_name\" content=\"RADIO LJUBU\u0160KI\" \/>\n<meta property=\"article:publisher\" content=\"https:\/\/www.facebook.com\/Radiio-Ljubuski-1490835324566332\" \/>\n<meta property=\"article:published_time\" content=\"2022-07-01T13:48:34+00:00\" \/>\n<meta property=\"article:modified_time\" content=\"2022-07-04T08:30:19+00:00\" \/>\n<meta property=\"og:image\" content=\"https:\/\/radioljubuski.ba\/wp-content\/uploads\/2022\/07\/djeca-plivanje.jpg\" \/>\n\t<meta property=\"og:image:width\" content=\"1234\" \/>\n\t<meta property=\"og:image:height\" content=\"700\" \/>\n\t<meta property=\"og:image:type\" content=\"image\/jpeg\" \/>\n<meta name=\"author\" content=\"Radio Ljubu\u0161ki\" \/>\n<meta name=\"twitter:card\" content=\"summary_large_image\" \/>\n<meta name=\"twitter:creator\" content=\"@radioljubuski\" \/>\n<meta name=\"twitter:site\" content=\"@radioljubuski\" \/>\n<meta name=\"twitter:label1\" content=\"Napisao\/la\" \/>\n\t<meta name=\"twitter:data1\" content=\"Radio Ljubu\u0161ki\" \/>\n\t<meta name=\"twitter:label2\" content=\"Procijenjeno vrijeme \u010ditanja\" \/>\n\t<meta name=\"twitter:data2\" content=\"1 minuta\" \/>\n<script type=\"application\/ld+json\" class=\"yoast-schema-graph\">{\"@context\":\"https:\\\/\\\/schema.org\",\"@graph\":[{\"@type\":\"Article\",\"@id\":\"https:\\\/\\\/radioljubuski.ba\\\/index.php\\\/2022\\\/07\\\/01\\\/skola-plivanja-u-ljubuskom-video\\\/#article\",\"isPartOf\":{\"@id\":\"https:\\\/\\\/radioljubuski.ba\\\/index.php\\\/2022\\\/07\\\/01\\\/skola-plivanja-u-ljubuskom-video\\\/\"},\"author\":{\"name\":\"Radio Ljubu\u0161ki\",\"@id\":\"https:\\\/\\\/radioljubuski.ba\\\/#\\\/schema\\\/person\\\/19fc700381a780f69665d7956c469e3b\"},\"headline\":\"\u0160kola plivanja u Ljubu\u0161kom &#8211; video\",\"datePublished\":\"2022-07-01T13:48:34+00:00\",\"dateModified\":\"2022-07-04T08:30:19+00:00\",\"mainEntityOfPage\":{\"@id\":\"https:\\\/\\\/radioljubuski.ba\\\/index.php\\\/2022\\\/07\\\/01\\\/skola-plivanja-u-ljubuskom-video\\\/\"},\"wordCount\":254,\"publisher\":{\"@id\":\"https:\\\/\\\/radioljubuski.ba\\\/#organization\"},\"image\":{\"@id\":\"https:\\\/\\\/radioljubuski.ba\\\/index.php\\\/2022\\\/07\\\/01\\\/skola-plivanja-u-ljubuskom-video\\\/#primaryimage\"},\"thumbnailUrl\":\"https:\\\/\\\/radioljubuski.ba\\\/wp-content\\\/uploads\\\/2022\\\/07\\\/djeca-plivanje.jpg\",\"articleSection\":[\"RLJ Audio\"],\"inLanguage\":\"hr\"},{\"@type\":\"WebPage\",\"@id\":\"https:\\\/\\\/radioljubuski.ba\\\/index.php\\\/2022\\\/07\\\/01\\\/skola-plivanja-u-ljubuskom-video\\\/\",\"url\":\"https:\\\/\\\/radioljubuski.ba\\\/index.php\\\/2022\\\/07\\\/01\\\/skola-plivanja-u-ljubuskom-video\\\/\",\"name\":\"\u0160kola plivanja u Ljubu\u0161kom - video - RADIO LJUBU\u0160KI\",\"isPartOf\":{\"@id\":\"https:\\\/\\\/radioljubuski.ba\\\/#website\"},\"primaryImageOfPage\":{\"@id\":\"https:\\\/\\\/radioljubuski.ba\\\/index.php\\\/2022\\\/07\\\/01\\\/skola-plivanja-u-ljubuskom-video\\\/#primaryimage\"},\"image\":{\"@id\":\"https:\\\/\\\/radioljubuski.ba\\\/index.php\\\/2022\\\/07\\\/01\\\/skola-plivanja-u-ljubuskom-video\\\/#primaryimage\"},\"thumbnailUrl\":\"https:\\\/\\\/radioljubuski.ba\\\/wp-content\\\/uploads\\\/2022\\\/07\\\/djeca-plivanje.jpg\",\"datePublished\":\"2022-07-01T13:48:34+00:00\",\"dateModified\":\"2022-07-04T08:30:19+00:00\",\"breadcrumb\":{\"@id\":\"https:\\\/\\\/radioljubuski.ba\\\/index.php\\\/2022\\\/07\\\/01\\\/skola-plivanja-u-ljubuskom-video\\\/#breadcrumb\"},\"inLanguage\":\"hr\",\"potentialAction\":[{\"@type\":\"ReadAction\",\"target\":[\"https:\\\/\\\/radioljubuski.ba\\\/index.php\\\/2022\\\/07\\\/01\\\/skola-plivanja-u-ljubuskom-video\\\/\"]}]},{\"@type\":\"ImageObject\",\"inLanguage\":\"hr\",\"@id\":\"https:\\\/\\\/radioljubuski.ba\\\/index.php\\\/2022\\\/07\\\/01\\\/skola-plivanja-u-ljubuskom-video\\\/#primaryimage\",\"url\":\"https:\\\/\\\/radioljubuski.ba\\\/wp-content\\\/uploads\\\/2022\\\/07\\\/djeca-plivanje.jpg\",\"contentUrl\":\"https:\\\/\\\/radioljubuski.ba\\\/wp-content\\\/uploads\\\/2022\\\/07\\\/djeca-plivanje.jpg\",\"width\":1234,\"height\":700},{\"@type\":\"BreadcrumbList\",\"@id\":\"https:\\\/\\\/radioljubuski.ba\\\/index.php\\\/2022\\\/07\\\/01\\\/skola-plivanja-u-ljubuskom-video\\\/#breadcrumb\",\"itemListElement\":[{\"@type\":\"ListItem\",\"position\":1,\"name\":\"Po\u010detna stranica\",\"item\":\"https:\\\/\\\/radioljubuski.ba\\\/\"},{\"@type\":\"ListItem\",\"position\":2,\"name\":\"\u0160kola plivanja u Ljubu\u0161kom &#8211; video\"}]},{\"@type\":\"WebSite\",\"@id\":\"https:\\\/\\\/radioljubuski.ba\\\/#website\",\"url\":\"https:\\\/\\\/radioljubuski.ba\\\/\",\"name\":\"Radio Ljubu\u0161ki\",\"description\":\"Sun\u010dana frekvencija Hercegovine\",\"publisher\":{\"@id\":\"https:\\\/\\\/radioljubuski.ba\\\/#organization\"},\"potentialAction\":[{\"@type\":\"SearchAction\",\"target\":{\"@type\":\"EntryPoint\",\"urlTemplate\":\"https:\\\/\\\/radioljubuski.ba\\\/?s={search_term_string}\"},\"query-input\":{\"@type\":\"PropertyValueSpecification\",\"valueRequired\":true,\"valueName\":\"search_term_string\"}}],\"inLanguage\":\"hr\"},{\"@type\":\"Organization\",\"@id\":\"https:\\\/\\\/radioljubuski.ba\\\/#organization\",\"name\":\"Radio Ljubu\u0161ki\",\"url\":\"https:\\\/\\\/radioljubuski.ba\\\/\",\"logo\":{\"@type\":\"ImageObject\",\"inLanguage\":\"hr\",\"@id\":\"https:\\\/\\\/radioljubuski.ba\\\/#\\\/schema\\\/logo\\\/image\\\/\",\"url\":\"https:\\\/\\\/radioljubuski.ba\\\/wp-content\\\/uploads\\\/2021\\\/02\\\/cropped-Radio_Ljubuski_logo1.jpg\",\"contentUrl\":\"https:\\\/\\\/radioljubuski.ba\\\/wp-content\\\/uploads\\\/2021\\\/02\\\/cropped-Radio_Ljubuski_logo1.jpg\",\"width\":512,\"height\":512,\"caption\":\"Radio Ljubu\u0161ki\"},\"image\":{\"@id\":\"https:\\\/\\\/radioljubuski.ba\\\/#\\\/schema\\\/logo\\\/image\\\/\"},\"sameAs\":[\"https:\\\/\\\/www.facebook.com\\\/Radiio-Ljubuski-1490835324566332\",\"https:\\\/\\\/x.com\\\/radioljubuski\",\"https:\\\/\\\/hr.linkedin.com\\\/company\\\/radio-ljubuski\",\"https:\\\/\\\/www.youtube.com\\\/channel\\\/UCHYaeO_n0Db3tjNGudGpXyw\"]},{\"@type\":\"Person\",\"@id\":\"https:\\\/\\\/radioljubuski.ba\\\/#\\\/schema\\\/person\\\/19fc700381a780f69665d7956c469e3b\",\"name\":\"Radio Ljubu\u0161ki\"}]}<\/script>\n<!-- \/ Yoast SEO plugin. -->","yoast_head_json":{"title":"\u0160kola plivanja u Ljubu\u0161kom - video - RADIO LJUBU\u0160KI","robots":{"index":"index","follow":"follow","max-snippet":"max-snippet:-1","max-image-preview":"max-image-preview:large","max-video-preview":"max-video-preview:-1"},"canonical":"https:\/\/radioljubuski.ba\/index.php\/2022\/07\/01\/skola-plivanja-u-ljubuskom-video\/","og_locale":"hr_HR","og_type":"article","og_title":"\u0160kola plivanja u Ljubu\u0161kom - video - RADIO LJUBU\u0160KI","og_description":"Jo\u0161 jedna grupa dje\u010daka i djevoj\u010dica uspje\u0161no je nau\u010dila plivati u sklopu \u0161kole plivanja koju organizira Dru\u0161tvo pedagoga Tjelesne i zdravstvene kulture Grada Ljubu\u0161kog. Danas su mali\u0161ani odradili zadnje sate u krugu tvrtke &#8220;Jure bazeni&#8221;, pod budnim okom svojih profesora u\u010dili su osnove plivanja, kako skakati u vodu, kako pravilno raditi rukama i nogama pod [&hellip;]","og_url":"https:\/\/radioljubuski.ba\/index.php\/2022\/07\/01\/skola-plivanja-u-ljubuskom-video\/","og_site_name":"RADIO LJUBU\u0160KI","article_publisher":"https:\/\/www.facebook.com\/Radiio-Ljubuski-1490835324566332","article_published_time":"2022-07-01T13:48:34+00:00","article_modified_time":"2022-07-04T08:30:19+00:00","og_image":[{"width":1234,"height":700,"url":"https:\/\/radioljubuski.ba\/wp-content\/uploads\/2022\/07\/djeca-plivanje.jpg","type":"image\/jpeg"}],"author":"Radio Ljubu\u0161ki","twitter_card":"summary_large_image","twitter_creator":"@radioljubuski","twitter_site":"@radioljubuski","twitter_misc":{"Napisao\/la":"Radio Ljubu\u0161ki","Procijenjeno vrijeme \u010ditanja":"1 minuta"},"schema":{"@context":"https:\/\/schema.org","@graph":[{"@type":"Article","@id":"https:\/\/radioljubuski.ba\/index.php\/2022\/07\/01\/skola-plivanja-u-ljubuskom-video\/#article","isPartOf":{"@id":"https:\/\/radioljubuski.ba\/index.php\/2022\/07\/01\/skola-plivanja-u-ljubuskom-video\/"},"author":{"name":"Radio Ljubu\u0161ki","@id":"https:\/\/radioljubuski.ba\/#\/schema\/person\/19fc700381a780f69665d7956c469e3b"},"headline":"\u0160kola plivanja u Ljubu\u0161kom &#8211; video","datePublished":"2022-07-01T13:48:34+00:00","dateModified":"2022-07-04T08:30:19+00:00","mainEntityOfPage":{"@id":"https:\/\/radioljubuski.ba\/index.php\/2022\/07\/01\/skola-plivanja-u-ljubuskom-video\/"},"wordCount":254,"publisher":{"@id":"https:\/\/radioljubuski.ba\/#organization"},"image":{"@id":"https:\/\/radioljubuski.ba\/index.php\/2022\/07\/01\/skola-plivanja-u-ljubuskom-video\/#primaryimage"},"thumbnailUrl":"https:\/\/radioljubuski.ba\/wp-content\/uploads\/2022\/07\/djeca-plivanje.jpg","articleSection":["RLJ Audio"],"inLanguage":"hr"},{"@type":"WebPage","@id":"https:\/\/radioljubuski.ba\/index.php\/2022\/07\/01\/skola-plivanja-u-ljubuskom-video\/","url":"https:\/\/radioljubuski.ba\/index.php\/2022\/07\/01\/skola-plivanja-u-ljubuskom-video\/","name":"\u0160kola plivanja u Ljubu\u0161kom - video - RADIO LJUBU\u0160KI","isPartOf":{"@id":"https:\/\/radioljubuski.ba\/#website"},"primaryImageOfPage":{"@id":"https:\/\/radioljubuski.ba\/index.php\/2022\/07\/01\/skola-plivanja-u-ljubuskom-video\/#primaryimage"},"image":{"@id":"https:\/\/radioljubuski.ba\/index.php\/2022\/07\/01\/skola-plivanja-u-ljubuskom-video\/#primaryimage"},"thumbnailUrl":"https:\/\/radioljubuski.ba\/wp-content\/uploads\/2022\/07\/djeca-plivanje.jpg","datePublished":"2022-07-01T13:48:34+00:00","dateModified":"2022-07-04T08:30:19+00:00","breadcrumb":{"@id":"https:\/\/radioljubuski.ba\/index.php\/2022\/07\/01\/skola-plivanja-u-ljubuskom-video\/#breadcrumb"},"inLanguage":"hr","potentialAction":[{"@type":"ReadAction","target":["https:\/\/radioljubuski.ba\/index.php\/2022\/07\/01\/skola-plivanja-u-ljubuskom-video\/"]}]},{"@type":"ImageObject","inLanguage":"hr","@id":"https:\/\/radioljubuski.ba\/index.php\/2022\/07\/01\/skola-plivanja-u-ljubuskom-video\/#primaryimage","url":"https:\/\/radioljubuski.ba\/wp-content\/uploads\/2022\/07\/djeca-plivanje.jpg","contentUrl":"https:\/\/radioljubuski.ba\/wp-content\/uploads\/2022\/07\/djeca-plivanje.jpg","width":1234,"height":700},{"@type":"BreadcrumbList","@id":"https:\/\/radioljubuski.ba\/index.php\/2022\/07\/01\/skola-plivanja-u-ljubuskom-video\/#breadcrumb","itemListElement":[{"@type":"ListItem","position":1,"name":"Po\u010detna stranica","item":"https:\/\/radioljubuski.ba\/"},{"@type":"ListItem","position":2,"name":"\u0160kola plivanja u Ljubu\u0161kom &#8211; video"}]},{"@type":"WebSite","@id":"https:\/\/radioljubuski.ba\/#website","url":"https:\/\/radioljubuski.ba\/","name":"Radio Ljubu\u0161ki","description":"Sun\u010dana frekvencija Hercegovine","publisher":{"@id":"https:\/\/radioljubuski.ba\/#organization"},"potentialAction":[{"@type":"SearchAction","target":{"@type":"EntryPoint","urlTemplate":"https:\/\/radioljubuski.ba\/?s={search_term_string}"},"query-input":{"@type":"PropertyValueSpecification","valueRequired":true,"valueName":"search_term_string"}}],"inLanguage":"hr"},{"@type":"Organization","@id":"https:\/\/radioljubuski.ba\/#organization","name":"Radio Ljubu\u0161ki","url":"https:\/\/radioljubuski.ba\/","logo":{"@type":"ImageObject","inLanguage":"hr","@id":"https:\/\/radioljubuski.ba\/#\/schema\/logo\/image\/","url":"https:\/\/radioljubuski.ba\/wp-content\/uploads\/2021\/02\/cropped-Radio_Ljubuski_logo1.jpg","contentUrl":"https:\/\/radioljubuski.ba\/wp-content\/uploads\/2021\/02\/cropped-Radio_Ljubuski_logo1.jpg","width":512,"height":512,"caption":"Radio Ljubu\u0161ki"},"image":{"@id":"https:\/\/radioljubuski.ba\/#\/schema\/logo\/image\/"},"sameAs":["https:\/\/www.facebook.com\/Radiio-Ljubuski-1490835324566332","https:\/\/x.com\/radioljubuski","https:\/\/hr.linkedin.com\/company\/radio-ljubuski","https:\/\/www.youtube.com\/channel\/UCHYaeO_n0Db3tjNGudGpXyw"]},{"@type":"Person","@id":"https:\/\/radioljubuski.ba\/#\/schema\/person\/19fc700381a780f69665d7956c469e3b","name":"Radio Ljubu\u0161ki"}]}},"_links":{"self":[{"href":"https:\/\/radioljubuski.ba\/index.php\/wp-json\/wp\/v2\/posts\/155188","targetHints":{"allow":["GET"]}}],"collection":[{"href":"https:\/\/radioljubuski.ba\/index.php\/wp-json\/wp\/v2\/posts"}],"about":[{"href":"https:\/\/radioljubuski.ba\/index.php\/wp-json\/wp\/v2\/types\/post"}],"author":[{"embeddable":true,"href":"https:\/\/radioljubuski.ba\/index.php\/wp-json\/wp\/v2\/users\/2"}],"replies":[{"embeddable":true,"href":"https:\/\/radioljubuski.ba\/index.php\/wp-json\/wp\/v2\/comments?post=155188"}],"version-history":[{"count":2,"href":"https:\/\/radioljubuski.ba\/index.php\/wp-json\/wp\/v2\/posts\/155188\/revisions"}],"predecessor-version":[{"id":155587,"href":"https:\/\/radioljubuski.ba\/index.php\/wp-json\/wp\/v2\/posts\/155188\/revisions\/155587"}],"wp:featuredmedia":[{"embeddable":true,"href":"https:\/\/radioljubuski.ba\/index.php\/wp-json\/wp\/v2\/media\/155189"}],"wp:attachment":[{"href":"https:\/\/radioljubuski.ba\/index.php\/wp-json\/wp\/v2\/media?parent=155188"}],"wp:term":[{"taxonomy":"category","embeddable":true,"href":"https:\/\/radioljubuski.ba\/index.php\/wp-json\/wp\/v2\/categories?post=155188"},{"taxonomy":"post_tag","embeddable":true,"href":"https:\/\/radioljubuski.ba\/index.php\/wp-json\/wp\/v2\/tags?post=155188"}],"curies":[{"name":"wp","href":"https:\/\/api.w.org\/{rel}","templated":true}]}}