{"id":155225,"date":"2022-07-02T09:35:08","date_gmt":"2022-07-02T08:35:08","guid":{"rendered":"https:\/\/radioljubuski.ba\/?p=155225"},"modified":"2022-07-02T09:35:09","modified_gmt":"2022-07-02T08:35:09","slug":"feal-otvara-niz-novih-pogona-u-bih-i-rh-podijelili-i-dobit-s-radnicima","status":"publish","type":"post","link":"https:\/\/radioljubuski.ba\/index.php\/2022\/07\/02\/feal-otvara-niz-novih-pogona-u-bih-i-rh-podijelili-i-dobit-s-radnicima\/","title":{"rendered":"FEAL otvara niz novih pogona u BiH i RH, podijelili i dobit s radnicima"},"content":{"rendered":"\n<p>Nagra\u0111ivanje radnika dio je vizije koju je gradio pokojni Jozo Bogdan u kompaniji koju je privatizirao i vinuo u visine. Za njega su radnici uvijek bili ispred svega.<\/p>\n\n\n\n<p>Grupacija FEAL sa sjedi\u0161tem u \u0160irokom Brijegu odlu\u010dila je dio dobiti podijeliti sa svim radnicima \u0161to je jedinstven i vjerojatno prvi takav slu\u010daj u ovoj zemlji, ali i u drugima u kojima posluju dugi niz godina, pi\u0161e Ve\u010dernji list BiH. Dio je to dobre prakse koju su prihvatili funkcioniraju\u0107i na tr\u017ei\u0161tu Europske unije te su radnike nagradili za odli\u010dne rezultate koje je grupacija zabilje\u017eila. &#8211; Istina je. To su modeli koje \u017eelimo i u idu\u0107im godinama primjenjivati. Ako na\u0161i ljudi, a i kompanija dobro rade, onda je red da i radnici to osjete kroz svoja primanja &#8211; potvrdio je za Ve\u010dernjak direktor FEAL-a Ante Musa. To je ujedno i dio vizije koju je gradio pokojni Jozo Bogdan u kompaniji koju je privatizirao i vinuo u visine. Za njega su radnici uvijek bili ispred svega. Najva\u017eniji.<\/p>\n\n\n\n<p>Iskustva zapada<\/p>\n\n\n\n<p>&#8211; Budu\u0107i da dugi niz godina radimo na zapadnoeuropskom tr\u017ei\u0161tu, kroz stalnu suradnju i odnos s renomiranim partnerima, nastojimo dobre primjere poslovanja i upravljanja prenijeti u na\u0161e lokalne okvire. U tom kontekstu, nedavno smo uveli sustavno nagra\u0111ivanje radnika za uspje\u0161no poslovanje, a koje \u0107e dodatno motivirati sve radnike da uspjeh FEAL-a smatraju i svojim uspjehom. Budu\u0107i da je ovo prva godina u kojoj nagra\u0111ivanje radnika provodimo na ovakav na\u010din, moramo istaknuti da smo i vi\u0161e nego zadovoljni rezultatima i utjecajem na ukupno zadovoljstvo te nas raduje da je model prepoznat kao pravedan i motiviraju\u0107i za svakog radnika, bez obzira na njegovo radno mjesto &#8211; dodao je Musa. Smatra kako se ne radi samo o zahvali radnicima, nego najizravnijem poticaju investiciji u najva\u017eniji resurs &#8211; ljude. &#8211; Ako kompanija mo\u017ee ulagati u moderne strojeve, u nove kapacitete, hale, zgrade ili bilo \u0161to drugo, treba prije svega voditi ra\u010duna o radniku, ulagati u njega. Radnik je naime najva\u017eniji resurs. \u010covjek kada radi mora biti motiviran i pravilno nagra\u0111en. FEAL je tvrtka koja je svjesna svog zna\u010daja za \u0160iroki Brijeg i Hercegovinu, a i za \u0161iri prostor u kojem poslujemo preko svojih poslovnica i povezanih dru\u0161tava. S obzirom na dugu povijest rada FEAL-a, kroz na\u0161u su firmu pro\u0161le generacije radnika kojima je pru\u017eena prilika za razvijanje njihovih znanja i vje\u0161tina u sigurnom i stabilnom okru\u017eenju. Cilj nam je stvoriti model poslovanja i nagra\u0111ivanja koji \u0107e kod svakog radnika stvoriti svijest da je uspjeh tvrtke i njegov osobni uspjeh, odnosno da \u0107e biti nagra\u0111en za svoj doprinos ostvarenim rezultatima &#8211; navodi direktor. A nagra\u0111eni su svi djelatnici iz FEAL grupacije. Sve je ovisilo o ostvarenim rezultatima \u010dlanice grupe, ali i pojedina\u010dnom doprinosu djelatnika. U FEAL grupi anga\u017eirano je oko 770 ljudi. Posebno su \u201cnarasli\u201d u pro\u0161loj godini nakon postupnog oporavka tr\u017ei\u0161ta s koronakrizom. Najvi\u0161e je ljudi anga\u017eirano u FEAL-u \u0160iroki Brijeg, \u010dak njih 140.<\/p>\n\n\n\n<p>&#8211; Do\u0161li smo do vrha kapaciteta. Zbog toga smo napravili ove odluke iz pro\u0161le godine o novom investicijskom ciklusu od instaliranja novog pogona za pre\u0161anje 35 meganjutna, nove investicije u Ljubu\u0161kom. S izgradnjom te tvornice kre\u0107e se u kolovozu ove godine, a slijedi i investicija u proizvodni pogon i opremu u Karlovcu &#8211; dodaje Musa. No, u ovoj grupaciji spremaju se za jo\u0161 izazovnija vremena. I ponovno s investicijskim ciklusom. Na poslovanje FEAL-a i planove nije se zna\u010dajnije odrazio rast cijene metala, ali i drugih komponenti koje su va\u017ene u njihovu radu. Opskrbom aluminija kao strate\u0161ke sirovine nisu se osjetili poreme\u0107aji, \u010dak i unato\u010d ratu u Ukrajini &#8211; ka\u017ee \u010delni \u010dovjek FEAL-a. Novi iskorak napravljen je novim Aluminijem, \u0161to ih posebno raduje.<\/p>\n\n\n\n<p>Novi Aluminij Mostar<\/p>\n\n\n\n<p>&nbsp;&#8211; Imamo odli\u010dnu suradnju s novim Aluminijem. U\u0161li smo u novu fazu odnosa. Iskreno, sretni smo i zbog njihovih rezultata. Zaista su impresivni. Podigli su kapacitete, kvaliteta je odli\u010dna. Kroz drugo polugodi\u0161te dogovorili smo isporuku dodatnih koli\u010dina metala. Pretpostavljam da \u0107e nam to ponovno biti temelj za daljnji rad &#8211; ka\u017ee Musa. A svi najva\u017eniji potezi sti\u017eu upravo iz sjedi\u0161ta kompanije u FEAL-u u \u0160irokom Brijegu koji je na \u010delu grupe od 15 kompanija &#8211; od FEAL-a Mostar, FEAL-a Hrvatska, Crna Gora, Beograd, Republika Srpska, FEAL-a Austrija, FEAL-a Njema\u010dka te sestrinskih firmi PBR, Metalijakomerca, Poliklinike, firme za investiranje u proizvodnju elektri\u010dne energije iz obnovljivih izvora energije<\/p>\n\n\n\n<p>Izvor.vecernji.ba<\/p>\n","protected":false},"excerpt":{"rendered":"<p>Nagra\u0111ivanje radnika dio je vizije koju je gradio pokojni Jozo Bogdan u kompaniji koju je privatizirao i vinuo u visine. Za njega su radnici uvijek bili ispred svega. Grupacija FEAL sa sjedi\u0161tem u \u0160irokom Brijegu odlu\u010dila je dio dobiti podijeliti sa svim radnicima \u0161to je jedinstven i vjerojatno prvi takav slu\u010daj u ovoj zemlji, ali [&hellip;]<\/p>\n","protected":false},"author":2,"featured_media":155226,"comment_status":"closed","ping_status":"closed","sticky":false,"template":"","format":"standard","meta":{"h5ap_radio_sources":[],"footnotes":""},"categories":[1],"tags":[],"class_list":["post-155225","post","type-post","status-publish","format-standard","has-post-thumbnail","hentry","category-bihiregija"],"yoast_head":"<!-- This site is optimized with the Yoast SEO plugin v27.5 - https:\/\/yoast.com\/product\/yoast-seo-wordpress\/ -->\n<title>FEAL otvara niz novih pogona u BiH i RH, podijelili i dobit s radnicima - RADIO LJUBU\u0160KI<\/title>\n<meta name=\"robots\" content=\"index, follow, max-snippet:-1, max-image-preview:large, max-video-preview:-1\" \/>\n<link rel=\"canonical\" href=\"https:\/\/radioljubuski.ba\/index.php\/2022\/07\/02\/feal-otvara-niz-novih-pogona-u-bih-i-rh-podijelili-i-dobit-s-radnicima\/\" \/>\n<meta property=\"og:locale\" content=\"hr_HR\" \/>\n<meta property=\"og:type\" content=\"article\" \/>\n<meta property=\"og:title\" content=\"FEAL otvara niz novih pogona u BiH i RH, podijelili i dobit s radnicima - RADIO LJUBU\u0160KI\" \/>\n<meta property=\"og:description\" content=\"Nagra\u0111ivanje radnika dio je vizije koju je gradio pokojni Jozo Bogdan u kompaniji koju je privatizirao i vinuo u visine. Za njega su radnici uvijek bili ispred svega. Grupacija FEAL sa sjedi\u0161tem u \u0160irokom Brijegu odlu\u010dila je dio dobiti podijeliti sa svim radnicima \u0161to je jedinstven i vjerojatno prvi takav slu\u010daj u ovoj zemlji, ali [&hellip;]\" \/>\n<meta property=\"og:url\" content=\"https:\/\/radioljubuski.ba\/index.php\/2022\/07\/02\/feal-otvara-niz-novih-pogona-u-bih-i-rh-podijelili-i-dobit-s-radnicima\/\" \/>\n<meta property=\"og:site_name\" content=\"RADIO LJUBU\u0160KI\" \/>\n<meta property=\"article:publisher\" content=\"https:\/\/www.facebook.com\/Radiio-Ljubuski-1490835324566332\" \/>\n<meta property=\"article:published_time\" content=\"2022-07-02T08:35:08+00:00\" \/>\n<meta property=\"article:modified_time\" content=\"2022-07-02T08:35:09+00:00\" \/>\n<meta property=\"og:image\" content=\"https:\/\/radioljubuski.ba\/wp-content\/uploads\/2022\/07\/10-2022-07-01-21-56-21-d4cd84cfb16ad10470fe.jpeg\" \/>\n\t<meta property=\"og:image:width\" content=\"1000\" \/>\n\t<meta property=\"og:image:height\" content=\"625\" \/>\n\t<meta property=\"og:image:type\" content=\"image\/jpeg\" \/>\n<meta name=\"author\" content=\"Radio Ljubu\u0161ki\" \/>\n<meta name=\"twitter:card\" content=\"summary_large_image\" \/>\n<meta name=\"twitter:creator\" content=\"@radioljubuski\" \/>\n<meta name=\"twitter:site\" content=\"@radioljubuski\" \/>\n<meta name=\"twitter:label1\" content=\"Napisao\/la\" \/>\n\t<meta name=\"twitter:data1\" content=\"Radio Ljubu\u0161ki\" \/>\n\t<meta name=\"twitter:label2\" content=\"Procijenjeno vrijeme \u010ditanja\" \/>\n\t<meta name=\"twitter:data2\" content=\"4 minute\" \/>\n<script type=\"application\/ld+json\" class=\"yoast-schema-graph\">{\"@context\":\"https:\\\/\\\/schema.org\",\"@graph\":[{\"@type\":\"Article\",\"@id\":\"https:\\\/\\\/radioljubuski.ba\\\/index.php\\\/2022\\\/07\\\/02\\\/feal-otvara-niz-novih-pogona-u-bih-i-rh-podijelili-i-dobit-s-radnicima\\\/#article\",\"isPartOf\":{\"@id\":\"https:\\\/\\\/radioljubuski.ba\\\/index.php\\\/2022\\\/07\\\/02\\\/feal-otvara-niz-novih-pogona-u-bih-i-rh-podijelili-i-dobit-s-radnicima\\\/\"},\"author\":{\"name\":\"Radio Ljubu\u0161ki\",\"@id\":\"https:\\\/\\\/radioljubuski.ba\\\/#\\\/schema\\\/person\\\/19fc700381a780f69665d7956c469e3b\"},\"headline\":\"FEAL otvara niz novih pogona u BiH i RH, podijelili i dobit s radnicima\",\"datePublished\":\"2022-07-02T08:35:08+00:00\",\"dateModified\":\"2022-07-02T08:35:09+00:00\",\"mainEntityOfPage\":{\"@id\":\"https:\\\/\\\/radioljubuski.ba\\\/index.php\\\/2022\\\/07\\\/02\\\/feal-otvara-niz-novih-pogona-u-bih-i-rh-podijelili-i-dobit-s-radnicima\\\/\"},\"wordCount\":789,\"publisher\":{\"@id\":\"https:\\\/\\\/radioljubuski.ba\\\/#organization\"},\"image\":{\"@id\":\"https:\\\/\\\/radioljubuski.ba\\\/index.php\\\/2022\\\/07\\\/02\\\/feal-otvara-niz-novih-pogona-u-bih-i-rh-podijelili-i-dobit-s-radnicima\\\/#primaryimage\"},\"thumbnailUrl\":\"https:\\\/\\\/radioljubuski.ba\\\/wp-content\\\/uploads\\\/2022\\\/07\\\/10-2022-07-01-21-56-21-d4cd84cfb16ad10470fe.jpeg\",\"articleSection\":[\"BIH i regija\"],\"inLanguage\":\"hr\"},{\"@type\":\"WebPage\",\"@id\":\"https:\\\/\\\/radioljubuski.ba\\\/index.php\\\/2022\\\/07\\\/02\\\/feal-otvara-niz-novih-pogona-u-bih-i-rh-podijelili-i-dobit-s-radnicima\\\/\",\"url\":\"https:\\\/\\\/radioljubuski.ba\\\/index.php\\\/2022\\\/07\\\/02\\\/feal-otvara-niz-novih-pogona-u-bih-i-rh-podijelili-i-dobit-s-radnicima\\\/\",\"name\":\"FEAL otvara niz novih pogona u BiH i RH, podijelili i dobit s radnicima - RADIO LJUBU\u0160KI\",\"isPartOf\":{\"@id\":\"https:\\\/\\\/radioljubuski.ba\\\/#website\"},\"primaryImageOfPage\":{\"@id\":\"https:\\\/\\\/radioljubuski.ba\\\/index.php\\\/2022\\\/07\\\/02\\\/feal-otvara-niz-novih-pogona-u-bih-i-rh-podijelili-i-dobit-s-radnicima\\\/#primaryimage\"},\"image\":{\"@id\":\"https:\\\/\\\/radioljubuski.ba\\\/index.php\\\/2022\\\/07\\\/02\\\/feal-otvara-niz-novih-pogona-u-bih-i-rh-podijelili-i-dobit-s-radnicima\\\/#primaryimage\"},\"thumbnailUrl\":\"https:\\\/\\\/radioljubuski.ba\\\/wp-content\\\/uploads\\\/2022\\\/07\\\/10-2022-07-01-21-56-21-d4cd84cfb16ad10470fe.jpeg\",\"datePublished\":\"2022-07-02T08:35:08+00:00\",\"dateModified\":\"2022-07-02T08:35:09+00:00\",\"breadcrumb\":{\"@id\":\"https:\\\/\\\/radioljubuski.ba\\\/index.php\\\/2022\\\/07\\\/02\\\/feal-otvara-niz-novih-pogona-u-bih-i-rh-podijelili-i-dobit-s-radnicima\\\/#breadcrumb\"},\"inLanguage\":\"hr\",\"potentialAction\":[{\"@type\":\"ReadAction\",\"target\":[\"https:\\\/\\\/radioljubuski.ba\\\/index.php\\\/2022\\\/07\\\/02\\\/feal-otvara-niz-novih-pogona-u-bih-i-rh-podijelili-i-dobit-s-radnicima\\\/\"]}]},{\"@type\":\"ImageObject\",\"inLanguage\":\"hr\",\"@id\":\"https:\\\/\\\/radioljubuski.ba\\\/index.php\\\/2022\\\/07\\\/02\\\/feal-otvara-niz-novih-pogona-u-bih-i-rh-podijelili-i-dobit-s-radnicima\\\/#primaryimage\",\"url\":\"https:\\\/\\\/radioljubuski.ba\\\/wp-content\\\/uploads\\\/2022\\\/07\\\/10-2022-07-01-21-56-21-d4cd84cfb16ad10470fe.jpeg\",\"contentUrl\":\"https:\\\/\\\/radioljubuski.ba\\\/wp-content\\\/uploads\\\/2022\\\/07\\\/10-2022-07-01-21-56-21-d4cd84cfb16ad10470fe.jpeg\",\"width\":1000,\"height\":625},{\"@type\":\"BreadcrumbList\",\"@id\":\"https:\\\/\\\/radioljubuski.ba\\\/index.php\\\/2022\\\/07\\\/02\\\/feal-otvara-niz-novih-pogona-u-bih-i-rh-podijelili-i-dobit-s-radnicima\\\/#breadcrumb\",\"itemListElement\":[{\"@type\":\"ListItem\",\"position\":1,\"name\":\"Po\u010detna stranica\",\"item\":\"https:\\\/\\\/radioljubuski.ba\\\/\"},{\"@type\":\"ListItem\",\"position\":2,\"name\":\"FEAL otvara niz novih pogona u BiH i RH, podijelili i dobit s radnicima\"}]},{\"@type\":\"WebSite\",\"@id\":\"https:\\\/\\\/radioljubuski.ba\\\/#website\",\"url\":\"https:\\\/\\\/radioljubuski.ba\\\/\",\"name\":\"Radio Ljubu\u0161ki\",\"description\":\"Sun\u010dana frekvencija Hercegovine\",\"publisher\":{\"@id\":\"https:\\\/\\\/radioljubuski.ba\\\/#organization\"},\"potentialAction\":[{\"@type\":\"SearchAction\",\"target\":{\"@type\":\"EntryPoint\",\"urlTemplate\":\"https:\\\/\\\/radioljubuski.ba\\\/?s={search_term_string}\"},\"query-input\":{\"@type\":\"PropertyValueSpecification\",\"valueRequired\":true,\"valueName\":\"search_term_string\"}}],\"inLanguage\":\"hr\"},{\"@type\":\"Organization\",\"@id\":\"https:\\\/\\\/radioljubuski.ba\\\/#organization\",\"name\":\"Radio Ljubu\u0161ki\",\"url\":\"https:\\\/\\\/radioljubuski.ba\\\/\",\"logo\":{\"@type\":\"ImageObject\",\"inLanguage\":\"hr\",\"@id\":\"https:\\\/\\\/radioljubuski.ba\\\/#\\\/schema\\\/logo\\\/image\\\/\",\"url\":\"https:\\\/\\\/radioljubuski.ba\\\/wp-content\\\/uploads\\\/2021\\\/02\\\/cropped-Radio_Ljubuski_logo1.jpg\",\"contentUrl\":\"https:\\\/\\\/radioljubuski.ba\\\/wp-content\\\/uploads\\\/2021\\\/02\\\/cropped-Radio_Ljubuski_logo1.jpg\",\"width\":512,\"height\":512,\"caption\":\"Radio Ljubu\u0161ki\"},\"image\":{\"@id\":\"https:\\\/\\\/radioljubuski.ba\\\/#\\\/schema\\\/logo\\\/image\\\/\"},\"sameAs\":[\"https:\\\/\\\/www.facebook.com\\\/Radiio-Ljubuski-1490835324566332\",\"https:\\\/\\\/x.com\\\/radioljubuski\",\"https:\\\/\\\/hr.linkedin.com\\\/company\\\/radio-ljubuski\",\"https:\\\/\\\/www.youtube.com\\\/channel\\\/UCHYaeO_n0Db3tjNGudGpXyw\"]},{\"@type\":\"Person\",\"@id\":\"https:\\\/\\\/radioljubuski.ba\\\/#\\\/schema\\\/person\\\/19fc700381a780f69665d7956c469e3b\",\"name\":\"Radio Ljubu\u0161ki\"}]}<\/script>\n<!-- \/ Yoast SEO plugin. -->","yoast_head_json":{"title":"FEAL otvara niz novih pogona u BiH i RH, podijelili i dobit s radnicima - RADIO LJUBU\u0160KI","robots":{"index":"index","follow":"follow","max-snippet":"max-snippet:-1","max-image-preview":"max-image-preview:large","max-video-preview":"max-video-preview:-1"},"canonical":"https:\/\/radioljubuski.ba\/index.php\/2022\/07\/02\/feal-otvara-niz-novih-pogona-u-bih-i-rh-podijelili-i-dobit-s-radnicima\/","og_locale":"hr_HR","og_type":"article","og_title":"FEAL otvara niz novih pogona u BiH i RH, podijelili i dobit s radnicima - RADIO LJUBU\u0160KI","og_description":"Nagra\u0111ivanje radnika dio je vizije koju je gradio pokojni Jozo Bogdan u kompaniji koju je privatizirao i vinuo u visine. Za njega su radnici uvijek bili ispred svega. Grupacija FEAL sa sjedi\u0161tem u \u0160irokom Brijegu odlu\u010dila je dio dobiti podijeliti sa svim radnicima \u0161to je jedinstven i vjerojatno prvi takav slu\u010daj u ovoj zemlji, ali [&hellip;]","og_url":"https:\/\/radioljubuski.ba\/index.php\/2022\/07\/02\/feal-otvara-niz-novih-pogona-u-bih-i-rh-podijelili-i-dobit-s-radnicima\/","og_site_name":"RADIO LJUBU\u0160KI","article_publisher":"https:\/\/www.facebook.com\/Radiio-Ljubuski-1490835324566332","article_published_time":"2022-07-02T08:35:08+00:00","article_modified_time":"2022-07-02T08:35:09+00:00","og_image":[{"width":1000,"height":625,"url":"https:\/\/radioljubuski.ba\/wp-content\/uploads\/2022\/07\/10-2022-07-01-21-56-21-d4cd84cfb16ad10470fe.jpeg","type":"image\/jpeg"}],"author":"Radio Ljubu\u0161ki","twitter_card":"summary_large_image","twitter_creator":"@radioljubuski","twitter_site":"@radioljubuski","twitter_misc":{"Napisao\/la":"Radio Ljubu\u0161ki","Procijenjeno vrijeme \u010ditanja":"4 minute"},"schema":{"@context":"https:\/\/schema.org","@graph":[{"@type":"Article","@id":"https:\/\/radioljubuski.ba\/index.php\/2022\/07\/02\/feal-otvara-niz-novih-pogona-u-bih-i-rh-podijelili-i-dobit-s-radnicima\/#article","isPartOf":{"@id":"https:\/\/radioljubuski.ba\/index.php\/2022\/07\/02\/feal-otvara-niz-novih-pogona-u-bih-i-rh-podijelili-i-dobit-s-radnicima\/"},"author":{"name":"Radio Ljubu\u0161ki","@id":"https:\/\/radioljubuski.ba\/#\/schema\/person\/19fc700381a780f69665d7956c469e3b"},"headline":"FEAL otvara niz novih pogona u BiH i RH, podijelili i dobit s radnicima","datePublished":"2022-07-02T08:35:08+00:00","dateModified":"2022-07-02T08:35:09+00:00","mainEntityOfPage":{"@id":"https:\/\/radioljubuski.ba\/index.php\/2022\/07\/02\/feal-otvara-niz-novih-pogona-u-bih-i-rh-podijelili-i-dobit-s-radnicima\/"},"wordCount":789,"publisher":{"@id":"https:\/\/radioljubuski.ba\/#organization"},"image":{"@id":"https:\/\/radioljubuski.ba\/index.php\/2022\/07\/02\/feal-otvara-niz-novih-pogona-u-bih-i-rh-podijelili-i-dobit-s-radnicima\/#primaryimage"},"thumbnailUrl":"https:\/\/radioljubuski.ba\/wp-content\/uploads\/2022\/07\/10-2022-07-01-21-56-21-d4cd84cfb16ad10470fe.jpeg","articleSection":["BIH i regija"],"inLanguage":"hr"},{"@type":"WebPage","@id":"https:\/\/radioljubuski.ba\/index.php\/2022\/07\/02\/feal-otvara-niz-novih-pogona-u-bih-i-rh-podijelili-i-dobit-s-radnicima\/","url":"https:\/\/radioljubuski.ba\/index.php\/2022\/07\/02\/feal-otvara-niz-novih-pogona-u-bih-i-rh-podijelili-i-dobit-s-radnicima\/","name":"FEAL otvara niz novih pogona u BiH i RH, podijelili i dobit s radnicima - RADIO LJUBU\u0160KI","isPartOf":{"@id":"https:\/\/radioljubuski.ba\/#website"},"primaryImageOfPage":{"@id":"https:\/\/radioljubuski.ba\/index.php\/2022\/07\/02\/feal-otvara-niz-novih-pogona-u-bih-i-rh-podijelili-i-dobit-s-radnicima\/#primaryimage"},"image":{"@id":"https:\/\/radioljubuski.ba\/index.php\/2022\/07\/02\/feal-otvara-niz-novih-pogona-u-bih-i-rh-podijelili-i-dobit-s-radnicima\/#primaryimage"},"thumbnailUrl":"https:\/\/radioljubuski.ba\/wp-content\/uploads\/2022\/07\/10-2022-07-01-21-56-21-d4cd84cfb16ad10470fe.jpeg","datePublished":"2022-07-02T08:35:08+00:00","dateModified":"2022-07-02T08:35:09+00:00","breadcrumb":{"@id":"https:\/\/radioljubuski.ba\/index.php\/2022\/07\/02\/feal-otvara-niz-novih-pogona-u-bih-i-rh-podijelili-i-dobit-s-radnicima\/#breadcrumb"},"inLanguage":"hr","potentialAction":[{"@type":"ReadAction","target":["https:\/\/radioljubuski.ba\/index.php\/2022\/07\/02\/feal-otvara-niz-novih-pogona-u-bih-i-rh-podijelili-i-dobit-s-radnicima\/"]}]},{"@type":"ImageObject","inLanguage":"hr","@id":"https:\/\/radioljubuski.ba\/index.php\/2022\/07\/02\/feal-otvara-niz-novih-pogona-u-bih-i-rh-podijelili-i-dobit-s-radnicima\/#primaryimage","url":"https:\/\/radioljubuski.ba\/wp-content\/uploads\/2022\/07\/10-2022-07-01-21-56-21-d4cd84cfb16ad10470fe.jpeg","contentUrl":"https:\/\/radioljubuski.ba\/wp-content\/uploads\/2022\/07\/10-2022-07-01-21-56-21-d4cd84cfb16ad10470fe.jpeg","width":1000,"height":625},{"@type":"BreadcrumbList","@id":"https:\/\/radioljubuski.ba\/index.php\/2022\/07\/02\/feal-otvara-niz-novih-pogona-u-bih-i-rh-podijelili-i-dobit-s-radnicima\/#breadcrumb","itemListElement":[{"@type":"ListItem","position":1,"name":"Po\u010detna stranica","item":"https:\/\/radioljubuski.ba\/"},{"@type":"ListItem","position":2,"name":"FEAL otvara niz novih pogona u BiH i RH, podijelili i dobit s radnicima"}]},{"@type":"WebSite","@id":"https:\/\/radioljubuski.ba\/#website","url":"https:\/\/radioljubuski.ba\/","name":"Radio Ljubu\u0161ki","description":"Sun\u010dana frekvencija Hercegovine","publisher":{"@id":"https:\/\/radioljubuski.ba\/#organization"},"potentialAction":[{"@type":"SearchAction","target":{"@type":"EntryPoint","urlTemplate":"https:\/\/radioljubuski.ba\/?s={search_term_string}"},"query-input":{"@type":"PropertyValueSpecification","valueRequired":true,"valueName":"search_term_string"}}],"inLanguage":"hr"},{"@type":"Organization","@id":"https:\/\/radioljubuski.ba\/#organization","name":"Radio Ljubu\u0161ki","url":"https:\/\/radioljubuski.ba\/","logo":{"@type":"ImageObject","inLanguage":"hr","@id":"https:\/\/radioljubuski.ba\/#\/schema\/logo\/image\/","url":"https:\/\/radioljubuski.ba\/wp-content\/uploads\/2021\/02\/cropped-Radio_Ljubuski_logo1.jpg","contentUrl":"https:\/\/radioljubuski.ba\/wp-content\/uploads\/2021\/02\/cropped-Radio_Ljubuski_logo1.jpg","width":512,"height":512,"caption":"Radio Ljubu\u0161ki"},"image":{"@id":"https:\/\/radioljubuski.ba\/#\/schema\/logo\/image\/"},"sameAs":["https:\/\/www.facebook.com\/Radiio-Ljubuski-1490835324566332","https:\/\/x.com\/radioljubuski","https:\/\/hr.linkedin.com\/company\/radio-ljubuski","https:\/\/www.youtube.com\/channel\/UCHYaeO_n0Db3tjNGudGpXyw"]},{"@type":"Person","@id":"https:\/\/radioljubuski.ba\/#\/schema\/person\/19fc700381a780f69665d7956c469e3b","name":"Radio Ljubu\u0161ki"}]}},"_links":{"self":[{"href":"https:\/\/radioljubuski.ba\/index.php\/wp-json\/wp\/v2\/posts\/155225","targetHints":{"allow":["GET"]}}],"collection":[{"href":"https:\/\/radioljubuski.ba\/index.php\/wp-json\/wp\/v2\/posts"}],"about":[{"href":"https:\/\/radioljubuski.ba\/index.php\/wp-json\/wp\/v2\/types\/post"}],"author":[{"embeddable":true,"href":"https:\/\/radioljubuski.ba\/index.php\/wp-json\/wp\/v2\/users\/2"}],"replies":[{"embeddable":true,"href":"https:\/\/radioljubuski.ba\/index.php\/wp-json\/wp\/v2\/comments?post=155225"}],"version-history":[{"count":1,"href":"https:\/\/radioljubuski.ba\/index.php\/wp-json\/wp\/v2\/posts\/155225\/revisions"}],"predecessor-version":[{"id":155227,"href":"https:\/\/radioljubuski.ba\/index.php\/wp-json\/wp\/v2\/posts\/155225\/revisions\/155227"}],"wp:featuredmedia":[{"embeddable":true,"href":"https:\/\/radioljubuski.ba\/index.php\/wp-json\/wp\/v2\/media\/155226"}],"wp:attachment":[{"href":"https:\/\/radioljubuski.ba\/index.php\/wp-json\/wp\/v2\/media?parent=155225"}],"wp:term":[{"taxonomy":"category","embeddable":true,"href":"https:\/\/radioljubuski.ba\/index.php\/wp-json\/wp\/v2\/categories?post=155225"},{"taxonomy":"post_tag","embeddable":true,"href":"https:\/\/radioljubuski.ba\/index.php\/wp-json\/wp\/v2\/tags?post=155225"}],"curies":[{"name":"wp","href":"https:\/\/api.w.org\/{rel}","templated":true}]}}