{"id":155245,"date":"2022-07-02T09:44:56","date_gmt":"2022-07-02T08:44:56","guid":{"rendered":"https:\/\/radioljubuski.ba\/?p=155245"},"modified":"2022-07-02T09:44:57","modified_gmt":"2022-07-02T08:44:57","slug":"vec-u-kolovozu-u-austriji-dnevno-do-70-000-novozarazenih","status":"publish","type":"post","link":"https:\/\/radioljubuski.ba\/index.php\/2022\/07\/02\/vec-u-kolovozu-u-austriji-dnevno-do-70-000-novozarazenih\/","title":{"rendered":"Ve\u0107 u kolovozu u Austriji dnevno do 70.000 novozara\u017eenih"},"content":{"rendered":"\n<p>To\u010dno ste pro\u010ditali. Nije gre\u0161ka. U Austriji se ovog ljeta, nadvodno ve\u0107 u kolovozu, o\u010dekuje dnevno do 70.000 novozara\u017eenih, izvijestila je danas \u0161efica Dr\u017eavnog koordinacijskog povjerenstva za spre\u010davanje \u0161irenja pandemije koronavirusa (GECKO) Katharina Reich.&nbsp;<\/p>\n\n\n\n<p>Ono \u010dime se Povjerenstvo ovih dana posebno bavi je koliko \u0107e se strmo kretati uzlazna putanja i kada bi taj ljetni val korona zaraze mogao dose\u0107i svoj vrhunac? Samo danas je u Austriji u proteklih 24 sata bilo 10.427 novozara\u017eenih Covidom, a pet je osoba umrlo.<\/p>\n\n\n\n<p>Kako nadle\u017ena tijela izvje\u0161tavaju, dominaciju je preuzeo izuzetno zarazni BA.5 podsoj koronavirusa. U bolnicama se trenuta\u010dno nalazi 870 osoba, uklju\u010duju\u0107i njih 49 u intenzivnoj njezi, uz rastu\u0107u tendenciju.<\/p>\n\n\n\n<p>Ono \u010dega se GECKO pribojava, ako \u0107e dnevno biti izme\u0111u 35.000 i 70.000 novozara\u017eenih, da bi se moglo dogoditi da \u0107e u karanteni istovremeno biti toliko veliki broj ljudi da bi mogao nastati veliki problem u bolnicama, zbog manjka bolni\u010dkog osoblja. \u0160to napraviti, pitaju se austrijski stru\u010dnjaci?<\/p>\n\n\n\n<p>Ono \u0161to su preporu\u010dili gra\u0111anima je \u201ckombinacija cijepljenja i lijekova protiv Covida\u201d. To je prema mi\u0161ljenju GECKO-a \u201coptimalan paket\u201d za\u0161tite od \u201cte\u0161kih\u201d oblika zaraze koronom. A kada smo kod lijekova protiv Covida-19, Austrija ih trenuta\u010dno ima dovoljno na raspolaganju.<\/p>\n\n\n\n<p>Ono \u0161to stru\u010dno Povjerenstvo preporu\u010duje je da se te lijekove treba dati na raspolaganje lije\u010dnicima op\u0107e prakse, kako bi ih se moglo podi\u0107i u ljekarni uz predo\u010denje zdravstvene iskaznice, kao i kod ostalih lijekova. Trenuta\u010dno to nije tako. Osoba oboljela od koronavirusa prvo se mora javiti na poseban hotline za koronu (1450), gdje se provjerava da li je prijavila da je PCR pozitivna. Tek nakon toga oboljelom se lijek organizirano dostavlja u njegovu ku\u0107u. Pritom starije i rizi\u010dne osobe imaju prednost. I to dobro funkcionira. Ali o\u010dito samo tako dugo dok ne bude poplava zara\u017eenih. Tada bi to trebali preuzeti lije\u010dnici op\u0107e prakse.<\/p>\n\n\n\n<p>Austrijski mediji izvje\u0161tavaju kako je o\u010dito da se GECKO priprema za ljetni val korona zaraze. A on bi, barem prema procjenama austrijskih stru\u010dnjaka, mogao biti prili\u010dno \u017eestok, jer Austrijanci masovno putuju na odmor u inozemstvo, u smjeru mora, jezera i drugih vodenih povr\u0161ina kako bi se barem malo rashladili od visokih temperatura zraka i nesnosnih vru\u0107ina. Pogotovo oni iz gradova. Dakle, socijalni kontakti nisu na godi\u0161njem odmoru, iako su \u0161kole i veliki dio ureda ve\u0107 prazni. Mediji pitaju \u0161to \u0107e tek onda biti u jesen, ako koronavirus Austrijancima ve\u0107 sada, u dugo toplo ljeto, ne dozvoljava da predahnu? Pro\u0161le je godine bio znatno uvi\u0111avniji!<\/p>\n\n\n\n<p>Izvor:Pogled.ba<\/p>\n","protected":false},"excerpt":{"rendered":"<p>To\u010dno ste pro\u010ditali. Nije gre\u0161ka. U Austriji se ovog ljeta, nadvodno ve\u0107 u kolovozu, o\u010dekuje dnevno do 70.000 novozara\u017eenih, izvijestila je danas \u0161efica Dr\u017eavnog koordinacijskog povjerenstva za spre\u010davanje \u0161irenja pandemije koronavirusa (GECKO) Katharina Reich.&nbsp; Ono \u010dime se Povjerenstvo ovih dana posebno bavi je koliko \u0107e se strmo kretati uzlazna putanja i kada bi taj ljetni [&hellip;]<\/p>\n","protected":false},"author":2,"featured_media":119551,"comment_status":"closed","ping_status":"closed","sticky":false,"template":"","format":"standard","meta":{"h5ap_radio_sources":[],"footnotes":""},"categories":[1],"tags":[],"class_list":["post-155245","post","type-post","status-publish","format-standard","has-post-thumbnail","hentry","category-bihiregija"],"yoast_head":"<!-- This site is optimized with the Yoast SEO plugin v27.5 - https:\/\/yoast.com\/product\/yoast-seo-wordpress\/ -->\n<title>Ve\u0107 u kolovozu u Austriji dnevno do 70.000 novozara\u017eenih - RADIO LJUBU\u0160KI<\/title>\n<meta name=\"robots\" content=\"index, follow, max-snippet:-1, max-image-preview:large, max-video-preview:-1\" \/>\n<link rel=\"canonical\" href=\"https:\/\/radioljubuski.ba\/index.php\/2022\/07\/02\/vec-u-kolovozu-u-austriji-dnevno-do-70-000-novozarazenih\/\" \/>\n<meta property=\"og:locale\" content=\"hr_HR\" \/>\n<meta property=\"og:type\" content=\"article\" \/>\n<meta property=\"og:title\" content=\"Ve\u0107 u kolovozu u Austriji dnevno do 70.000 novozara\u017eenih - RADIO LJUBU\u0160KI\" \/>\n<meta property=\"og:description\" content=\"To\u010dno ste pro\u010ditali. Nije gre\u0161ka. U Austriji se ovog ljeta, nadvodno ve\u0107 u kolovozu, o\u010dekuje dnevno do 70.000 novozara\u017eenih, izvijestila je danas \u0161efica Dr\u017eavnog koordinacijskog povjerenstva za spre\u010davanje \u0161irenja pandemije koronavirusa (GECKO) Katharina Reich.&nbsp; Ono \u010dime se Povjerenstvo ovih dana posebno bavi je koliko \u0107e se strmo kretati uzlazna putanja i kada bi taj ljetni [&hellip;]\" \/>\n<meta property=\"og:url\" content=\"https:\/\/radioljubuski.ba\/index.php\/2022\/07\/02\/vec-u-kolovozu-u-austriji-dnevno-do-70-000-novozarazenih\/\" \/>\n<meta property=\"og:site_name\" content=\"RADIO LJUBU\u0160KI\" \/>\n<meta property=\"article:publisher\" content=\"https:\/\/www.facebook.com\/Radiio-Ljubuski-1490835324566332\" \/>\n<meta property=\"article:published_time\" content=\"2022-07-02T08:44:56+00:00\" \/>\n<meta property=\"article:modified_time\" content=\"2022-07-02T08:44:57+00:00\" \/>\n<meta property=\"og:image\" content=\"https:\/\/radioljubuski.ba\/wp-content\/uploads\/2022\/03\/8-2021-11-22-07-07-07-BEC-AUSTRIJA.jpg\" \/>\n\t<meta property=\"og:image:width\" content=\"1000\" \/>\n\t<meta property=\"og:image:height\" content=\"625\" \/>\n\t<meta property=\"og:image:type\" content=\"image\/jpeg\" \/>\n<meta name=\"author\" content=\"Radio Ljubu\u0161ki\" \/>\n<meta name=\"twitter:card\" content=\"summary_large_image\" \/>\n<meta name=\"twitter:creator\" content=\"@radioljubuski\" \/>\n<meta name=\"twitter:site\" content=\"@radioljubuski\" \/>\n<meta name=\"twitter:label1\" content=\"Napisao\/la\" \/>\n\t<meta name=\"twitter:data1\" content=\"Radio Ljubu\u0161ki\" \/>\n\t<meta name=\"twitter:label2\" content=\"Procijenjeno vrijeme \u010ditanja\" \/>\n\t<meta name=\"twitter:data2\" content=\"2 minute\" \/>\n<script type=\"application\/ld+json\" class=\"yoast-schema-graph\">{\"@context\":\"https:\\\/\\\/schema.org\",\"@graph\":[{\"@type\":\"Article\",\"@id\":\"https:\\\/\\\/radioljubuski.ba\\\/index.php\\\/2022\\\/07\\\/02\\\/vec-u-kolovozu-u-austriji-dnevno-do-70-000-novozarazenih\\\/#article\",\"isPartOf\":{\"@id\":\"https:\\\/\\\/radioljubuski.ba\\\/index.php\\\/2022\\\/07\\\/02\\\/vec-u-kolovozu-u-austriji-dnevno-do-70-000-novozarazenih\\\/\"},\"author\":{\"name\":\"Radio Ljubu\u0161ki\",\"@id\":\"https:\\\/\\\/radioljubuski.ba\\\/#\\\/schema\\\/person\\\/19fc700381a780f69665d7956c469e3b\"},\"headline\":\"Ve\u0107 u kolovozu u Austriji dnevno do 70.000 novozara\u017eenih\",\"datePublished\":\"2022-07-02T08:44:56+00:00\",\"dateModified\":\"2022-07-02T08:44:57+00:00\",\"mainEntityOfPage\":{\"@id\":\"https:\\\/\\\/radioljubuski.ba\\\/index.php\\\/2022\\\/07\\\/02\\\/vec-u-kolovozu-u-austriji-dnevno-do-70-000-novozarazenih\\\/\"},\"wordCount\":453,\"publisher\":{\"@id\":\"https:\\\/\\\/radioljubuski.ba\\\/#organization\"},\"image\":{\"@id\":\"https:\\\/\\\/radioljubuski.ba\\\/index.php\\\/2022\\\/07\\\/02\\\/vec-u-kolovozu-u-austriji-dnevno-do-70-000-novozarazenih\\\/#primaryimage\"},\"thumbnailUrl\":\"https:\\\/\\\/radioljubuski.ba\\\/wp-content\\\/uploads\\\/2022\\\/03\\\/8-2021-11-22-07-07-07-BEC-AUSTRIJA.jpg\",\"articleSection\":[\"BIH i regija\"],\"inLanguage\":\"hr\"},{\"@type\":\"WebPage\",\"@id\":\"https:\\\/\\\/radioljubuski.ba\\\/index.php\\\/2022\\\/07\\\/02\\\/vec-u-kolovozu-u-austriji-dnevno-do-70-000-novozarazenih\\\/\",\"url\":\"https:\\\/\\\/radioljubuski.ba\\\/index.php\\\/2022\\\/07\\\/02\\\/vec-u-kolovozu-u-austriji-dnevno-do-70-000-novozarazenih\\\/\",\"name\":\"Ve\u0107 u kolovozu u Austriji dnevno do 70.000 novozara\u017eenih - RADIO LJUBU\u0160KI\",\"isPartOf\":{\"@id\":\"https:\\\/\\\/radioljubuski.ba\\\/#website\"},\"primaryImageOfPage\":{\"@id\":\"https:\\\/\\\/radioljubuski.ba\\\/index.php\\\/2022\\\/07\\\/02\\\/vec-u-kolovozu-u-austriji-dnevno-do-70-000-novozarazenih\\\/#primaryimage\"},\"image\":{\"@id\":\"https:\\\/\\\/radioljubuski.ba\\\/index.php\\\/2022\\\/07\\\/02\\\/vec-u-kolovozu-u-austriji-dnevno-do-70-000-novozarazenih\\\/#primaryimage\"},\"thumbnailUrl\":\"https:\\\/\\\/radioljubuski.ba\\\/wp-content\\\/uploads\\\/2022\\\/03\\\/8-2021-11-22-07-07-07-BEC-AUSTRIJA.jpg\",\"datePublished\":\"2022-07-02T08:44:56+00:00\",\"dateModified\":\"2022-07-02T08:44:57+00:00\",\"breadcrumb\":{\"@id\":\"https:\\\/\\\/radioljubuski.ba\\\/index.php\\\/2022\\\/07\\\/02\\\/vec-u-kolovozu-u-austriji-dnevno-do-70-000-novozarazenih\\\/#breadcrumb\"},\"inLanguage\":\"hr\",\"potentialAction\":[{\"@type\":\"ReadAction\",\"target\":[\"https:\\\/\\\/radioljubuski.ba\\\/index.php\\\/2022\\\/07\\\/02\\\/vec-u-kolovozu-u-austriji-dnevno-do-70-000-novozarazenih\\\/\"]}]},{\"@type\":\"ImageObject\",\"inLanguage\":\"hr\",\"@id\":\"https:\\\/\\\/radioljubuski.ba\\\/index.php\\\/2022\\\/07\\\/02\\\/vec-u-kolovozu-u-austriji-dnevno-do-70-000-novozarazenih\\\/#primaryimage\",\"url\":\"https:\\\/\\\/radioljubuski.ba\\\/wp-content\\\/uploads\\\/2022\\\/03\\\/8-2021-11-22-07-07-07-BEC-AUSTRIJA.jpg\",\"contentUrl\":\"https:\\\/\\\/radioljubuski.ba\\\/wp-content\\\/uploads\\\/2022\\\/03\\\/8-2021-11-22-07-07-07-BEC-AUSTRIJA.jpg\",\"width\":1000,\"height\":625},{\"@type\":\"BreadcrumbList\",\"@id\":\"https:\\\/\\\/radioljubuski.ba\\\/index.php\\\/2022\\\/07\\\/02\\\/vec-u-kolovozu-u-austriji-dnevno-do-70-000-novozarazenih\\\/#breadcrumb\",\"itemListElement\":[{\"@type\":\"ListItem\",\"position\":1,\"name\":\"Po\u010detna stranica\",\"item\":\"https:\\\/\\\/radioljubuski.ba\\\/\"},{\"@type\":\"ListItem\",\"position\":2,\"name\":\"Ve\u0107 u kolovozu u Austriji dnevno do 70.000 novozara\u017eenih\"}]},{\"@type\":\"WebSite\",\"@id\":\"https:\\\/\\\/radioljubuski.ba\\\/#website\",\"url\":\"https:\\\/\\\/radioljubuski.ba\\\/\",\"name\":\"Radio Ljubu\u0161ki\",\"description\":\"Sun\u010dana frekvencija Hercegovine\",\"publisher\":{\"@id\":\"https:\\\/\\\/radioljubuski.ba\\\/#organization\"},\"potentialAction\":[{\"@type\":\"SearchAction\",\"target\":{\"@type\":\"EntryPoint\",\"urlTemplate\":\"https:\\\/\\\/radioljubuski.ba\\\/?s={search_term_string}\"},\"query-input\":{\"@type\":\"PropertyValueSpecification\",\"valueRequired\":true,\"valueName\":\"search_term_string\"}}],\"inLanguage\":\"hr\"},{\"@type\":\"Organization\",\"@id\":\"https:\\\/\\\/radioljubuski.ba\\\/#organization\",\"name\":\"Radio Ljubu\u0161ki\",\"url\":\"https:\\\/\\\/radioljubuski.ba\\\/\",\"logo\":{\"@type\":\"ImageObject\",\"inLanguage\":\"hr\",\"@id\":\"https:\\\/\\\/radioljubuski.ba\\\/#\\\/schema\\\/logo\\\/image\\\/\",\"url\":\"https:\\\/\\\/radioljubuski.ba\\\/wp-content\\\/uploads\\\/2021\\\/02\\\/cropped-Radio_Ljubuski_logo1.jpg\",\"contentUrl\":\"https:\\\/\\\/radioljubuski.ba\\\/wp-content\\\/uploads\\\/2021\\\/02\\\/cropped-Radio_Ljubuski_logo1.jpg\",\"width\":512,\"height\":512,\"caption\":\"Radio Ljubu\u0161ki\"},\"image\":{\"@id\":\"https:\\\/\\\/radioljubuski.ba\\\/#\\\/schema\\\/logo\\\/image\\\/\"},\"sameAs\":[\"https:\\\/\\\/www.facebook.com\\\/Radiio-Ljubuski-1490835324566332\",\"https:\\\/\\\/x.com\\\/radioljubuski\",\"https:\\\/\\\/hr.linkedin.com\\\/company\\\/radio-ljubuski\",\"https:\\\/\\\/www.youtube.com\\\/channel\\\/UCHYaeO_n0Db3tjNGudGpXyw\"]},{\"@type\":\"Person\",\"@id\":\"https:\\\/\\\/radioljubuski.ba\\\/#\\\/schema\\\/person\\\/19fc700381a780f69665d7956c469e3b\",\"name\":\"Radio Ljubu\u0161ki\"}]}<\/script>\n<!-- \/ Yoast SEO plugin. -->","yoast_head_json":{"title":"Ve\u0107 u kolovozu u Austriji dnevno do 70.000 novozara\u017eenih - RADIO LJUBU\u0160KI","robots":{"index":"index","follow":"follow","max-snippet":"max-snippet:-1","max-image-preview":"max-image-preview:large","max-video-preview":"max-video-preview:-1"},"canonical":"https:\/\/radioljubuski.ba\/index.php\/2022\/07\/02\/vec-u-kolovozu-u-austriji-dnevno-do-70-000-novozarazenih\/","og_locale":"hr_HR","og_type":"article","og_title":"Ve\u0107 u kolovozu u Austriji dnevno do 70.000 novozara\u017eenih - RADIO LJUBU\u0160KI","og_description":"To\u010dno ste pro\u010ditali. Nije gre\u0161ka. U Austriji se ovog ljeta, nadvodno ve\u0107 u kolovozu, o\u010dekuje dnevno do 70.000 novozara\u017eenih, izvijestila je danas \u0161efica Dr\u017eavnog koordinacijskog povjerenstva za spre\u010davanje \u0161irenja pandemije koronavirusa (GECKO) Katharina Reich.&nbsp; Ono \u010dime se Povjerenstvo ovih dana posebno bavi je koliko \u0107e se strmo kretati uzlazna putanja i kada bi taj ljetni [&hellip;]","og_url":"https:\/\/radioljubuski.ba\/index.php\/2022\/07\/02\/vec-u-kolovozu-u-austriji-dnevno-do-70-000-novozarazenih\/","og_site_name":"RADIO LJUBU\u0160KI","article_publisher":"https:\/\/www.facebook.com\/Radiio-Ljubuski-1490835324566332","article_published_time":"2022-07-02T08:44:56+00:00","article_modified_time":"2022-07-02T08:44:57+00:00","og_image":[{"width":1000,"height":625,"url":"https:\/\/radioljubuski.ba\/wp-content\/uploads\/2022\/03\/8-2021-11-22-07-07-07-BEC-AUSTRIJA.jpg","type":"image\/jpeg"}],"author":"Radio Ljubu\u0161ki","twitter_card":"summary_large_image","twitter_creator":"@radioljubuski","twitter_site":"@radioljubuski","twitter_misc":{"Napisao\/la":"Radio Ljubu\u0161ki","Procijenjeno vrijeme \u010ditanja":"2 minute"},"schema":{"@context":"https:\/\/schema.org","@graph":[{"@type":"Article","@id":"https:\/\/radioljubuski.ba\/index.php\/2022\/07\/02\/vec-u-kolovozu-u-austriji-dnevno-do-70-000-novozarazenih\/#article","isPartOf":{"@id":"https:\/\/radioljubuski.ba\/index.php\/2022\/07\/02\/vec-u-kolovozu-u-austriji-dnevno-do-70-000-novozarazenih\/"},"author":{"name":"Radio Ljubu\u0161ki","@id":"https:\/\/radioljubuski.ba\/#\/schema\/person\/19fc700381a780f69665d7956c469e3b"},"headline":"Ve\u0107 u kolovozu u Austriji dnevno do 70.000 novozara\u017eenih","datePublished":"2022-07-02T08:44:56+00:00","dateModified":"2022-07-02T08:44:57+00:00","mainEntityOfPage":{"@id":"https:\/\/radioljubuski.ba\/index.php\/2022\/07\/02\/vec-u-kolovozu-u-austriji-dnevno-do-70-000-novozarazenih\/"},"wordCount":453,"publisher":{"@id":"https:\/\/radioljubuski.ba\/#organization"},"image":{"@id":"https:\/\/radioljubuski.ba\/index.php\/2022\/07\/02\/vec-u-kolovozu-u-austriji-dnevno-do-70-000-novozarazenih\/#primaryimage"},"thumbnailUrl":"https:\/\/radioljubuski.ba\/wp-content\/uploads\/2022\/03\/8-2021-11-22-07-07-07-BEC-AUSTRIJA.jpg","articleSection":["BIH i regija"],"inLanguage":"hr"},{"@type":"WebPage","@id":"https:\/\/radioljubuski.ba\/index.php\/2022\/07\/02\/vec-u-kolovozu-u-austriji-dnevno-do-70-000-novozarazenih\/","url":"https:\/\/radioljubuski.ba\/index.php\/2022\/07\/02\/vec-u-kolovozu-u-austriji-dnevno-do-70-000-novozarazenih\/","name":"Ve\u0107 u kolovozu u Austriji dnevno do 70.000 novozara\u017eenih - RADIO LJUBU\u0160KI","isPartOf":{"@id":"https:\/\/radioljubuski.ba\/#website"},"primaryImageOfPage":{"@id":"https:\/\/radioljubuski.ba\/index.php\/2022\/07\/02\/vec-u-kolovozu-u-austriji-dnevno-do-70-000-novozarazenih\/#primaryimage"},"image":{"@id":"https:\/\/radioljubuski.ba\/index.php\/2022\/07\/02\/vec-u-kolovozu-u-austriji-dnevno-do-70-000-novozarazenih\/#primaryimage"},"thumbnailUrl":"https:\/\/radioljubuski.ba\/wp-content\/uploads\/2022\/03\/8-2021-11-22-07-07-07-BEC-AUSTRIJA.jpg","datePublished":"2022-07-02T08:44:56+00:00","dateModified":"2022-07-02T08:44:57+00:00","breadcrumb":{"@id":"https:\/\/radioljubuski.ba\/index.php\/2022\/07\/02\/vec-u-kolovozu-u-austriji-dnevno-do-70-000-novozarazenih\/#breadcrumb"},"inLanguage":"hr","potentialAction":[{"@type":"ReadAction","target":["https:\/\/radioljubuski.ba\/index.php\/2022\/07\/02\/vec-u-kolovozu-u-austriji-dnevno-do-70-000-novozarazenih\/"]}]},{"@type":"ImageObject","inLanguage":"hr","@id":"https:\/\/radioljubuski.ba\/index.php\/2022\/07\/02\/vec-u-kolovozu-u-austriji-dnevno-do-70-000-novozarazenih\/#primaryimage","url":"https:\/\/radioljubuski.ba\/wp-content\/uploads\/2022\/03\/8-2021-11-22-07-07-07-BEC-AUSTRIJA.jpg","contentUrl":"https:\/\/radioljubuski.ba\/wp-content\/uploads\/2022\/03\/8-2021-11-22-07-07-07-BEC-AUSTRIJA.jpg","width":1000,"height":625},{"@type":"BreadcrumbList","@id":"https:\/\/radioljubuski.ba\/index.php\/2022\/07\/02\/vec-u-kolovozu-u-austriji-dnevno-do-70-000-novozarazenih\/#breadcrumb","itemListElement":[{"@type":"ListItem","position":1,"name":"Po\u010detna stranica","item":"https:\/\/radioljubuski.ba\/"},{"@type":"ListItem","position":2,"name":"Ve\u0107 u kolovozu u Austriji dnevno do 70.000 novozara\u017eenih"}]},{"@type":"WebSite","@id":"https:\/\/radioljubuski.ba\/#website","url":"https:\/\/radioljubuski.ba\/","name":"Radio Ljubu\u0161ki","description":"Sun\u010dana frekvencija Hercegovine","publisher":{"@id":"https:\/\/radioljubuski.ba\/#organization"},"potentialAction":[{"@type":"SearchAction","target":{"@type":"EntryPoint","urlTemplate":"https:\/\/radioljubuski.ba\/?s={search_term_string}"},"query-input":{"@type":"PropertyValueSpecification","valueRequired":true,"valueName":"search_term_string"}}],"inLanguage":"hr"},{"@type":"Organization","@id":"https:\/\/radioljubuski.ba\/#organization","name":"Radio Ljubu\u0161ki","url":"https:\/\/radioljubuski.ba\/","logo":{"@type":"ImageObject","inLanguage":"hr","@id":"https:\/\/radioljubuski.ba\/#\/schema\/logo\/image\/","url":"https:\/\/radioljubuski.ba\/wp-content\/uploads\/2021\/02\/cropped-Radio_Ljubuski_logo1.jpg","contentUrl":"https:\/\/radioljubuski.ba\/wp-content\/uploads\/2021\/02\/cropped-Radio_Ljubuski_logo1.jpg","width":512,"height":512,"caption":"Radio Ljubu\u0161ki"},"image":{"@id":"https:\/\/radioljubuski.ba\/#\/schema\/logo\/image\/"},"sameAs":["https:\/\/www.facebook.com\/Radiio-Ljubuski-1490835324566332","https:\/\/x.com\/radioljubuski","https:\/\/hr.linkedin.com\/company\/radio-ljubuski","https:\/\/www.youtube.com\/channel\/UCHYaeO_n0Db3tjNGudGpXyw"]},{"@type":"Person","@id":"https:\/\/radioljubuski.ba\/#\/schema\/person\/19fc700381a780f69665d7956c469e3b","name":"Radio Ljubu\u0161ki"}]}},"_links":{"self":[{"href":"https:\/\/radioljubuski.ba\/index.php\/wp-json\/wp\/v2\/posts\/155245","targetHints":{"allow":["GET"]}}],"collection":[{"href":"https:\/\/radioljubuski.ba\/index.php\/wp-json\/wp\/v2\/posts"}],"about":[{"href":"https:\/\/radioljubuski.ba\/index.php\/wp-json\/wp\/v2\/types\/post"}],"author":[{"embeddable":true,"href":"https:\/\/radioljubuski.ba\/index.php\/wp-json\/wp\/v2\/users\/2"}],"replies":[{"embeddable":true,"href":"https:\/\/radioljubuski.ba\/index.php\/wp-json\/wp\/v2\/comments?post=155245"}],"version-history":[{"count":1,"href":"https:\/\/radioljubuski.ba\/index.php\/wp-json\/wp\/v2\/posts\/155245\/revisions"}],"predecessor-version":[{"id":155246,"href":"https:\/\/radioljubuski.ba\/index.php\/wp-json\/wp\/v2\/posts\/155245\/revisions\/155246"}],"wp:featuredmedia":[{"embeddable":true,"href":"https:\/\/radioljubuski.ba\/index.php\/wp-json\/wp\/v2\/media\/119551"}],"wp:attachment":[{"href":"https:\/\/radioljubuski.ba\/index.php\/wp-json\/wp\/v2\/media?parent=155245"}],"wp:term":[{"taxonomy":"category","embeddable":true,"href":"https:\/\/radioljubuski.ba\/index.php\/wp-json\/wp\/v2\/categories?post=155245"},{"taxonomy":"post_tag","embeddable":true,"href":"https:\/\/radioljubuski.ba\/index.php\/wp-json\/wp\/v2\/tags?post=155245"}],"curies":[{"name":"wp","href":"https:\/\/api.w.org\/{rel}","templated":true}]}}