{"id":155270,"date":"2022-07-02T09:54:58","date_gmt":"2022-07-02T08:54:58","guid":{"rendered":"https:\/\/radioljubuski.ba\/?p=155270"},"modified":"2022-07-02T09:54:59","modified_gmt":"2022-07-02T08:54:59","slug":"tucak-nemamo-si-sto-zamjeriti-idemo-po-medalju","status":"publish","type":"post","link":"https:\/\/radioljubuski.ba\/index.php\/2022\/07\/02\/tucak-nemamo-si-sto-zamjeriti-idemo-po-medalju\/","title":{"rendered":"Tucak: Nemamo si \u0161to zamjeriti, idemo po medalju"},"content":{"rendered":"\n<p>Hrvatska vaterpolska reprezentacija upisala je bolan poraz 10:5 od \u0160panjolske u polufinalu Svjetskog prvenstva u Ma\u0111arskoj. Izbornik&nbsp;Ivica&nbsp;Tucak&nbsp;u razgovoru za HRT komentirao je dana\u0161nji susret.&nbsp;<\/p>\n\n\n\n<p>&#8211; Ja prije svega moram \u010destitati prvo \u0160panjolcima, pokazali su da su bolja ekipa od nas. Zaslu\u017eena pobjeda. Odli\u010dno smo otvorili, proma\u0161ili smo dva, tri zicera kada se rezultat lomio. Oni su preiskusna ekipa koja je to kaznila. Nemam \u0161to zamjeriti svojim de\u010dkima, borili su se kao lavovi. Sve smo dali od sebe, da je bilo vi\u0161e sre\u0107e, vi\u0161e lucidnosti, onda bi moglo biti ne\u0161to.&nbsp;<\/p>\n\n\n\n<p>Umorni smo, potro\u0161eni, nagla\u0161ava izbornik, ali nema predaje, treba dobro odigrati protiv Gr\u010dke i uzeti broncu:&nbsp;<\/p>\n\n\n\n<p>&#8211; \u0160to bi bilo gotovo, nakon \u0161to izgubi\u0161 utakmicu za finale Svjetskog prvenstva, kako se mo\u017ee\u0161 osje\u0107ati. Zadnji korak nam je borba za medalju. Vremena nema, potro\u0161eni smo, umorni smo, imali smo cijelo vrijeme igra\u010da manje u rotaciji. To je ostavilo traga na igra\u010dima. Treba se resetirati, nemamo si \u0161to zamjeriti. Idemo dati sve od sebe, nemamo se \u0161to \u010duvati, idemo osvojiti medalju.&nbsp;<\/p>\n\n\n\n<p>Jo\u0161 jednom je Tucak \u010destitao \u0160panjolcima, ve\u0107 deset godina ne znamo za pobjedu i ovaj put su nas nadigrali i kaznili na\u0161e gre\u0161ke:<\/p>\n\n\n\n<p>&#8211; \u0160panjolci su jedan stroj koji je ve\u0107 dugo zajedno, oni su jedna od najboljih reprezentacija na svijetu. Ako ne iskoristi\u0161 svoje \u0161anse, oni te kazne. Izgubili smo, glave gore i idemo dalje. \u010cestitam \u0160panjolcima.&nbsp;<\/p>\n\n\n\n<p>Izvor:pogled.ba\/hrt.hr<\/p>\n","protected":false},"excerpt":{"rendered":"<p>Hrvatska vaterpolska reprezentacija upisala je bolan poraz 10:5 od \u0160panjolske u polufinalu Svjetskog prvenstva u Ma\u0111arskoj. Izbornik&nbsp;Ivica&nbsp;Tucak&nbsp;u razgovoru za HRT komentirao je dana\u0161nji susret.&nbsp; &#8211; Ja prije svega moram \u010destitati prvo \u0160panjolcima, pokazali su da su bolja ekipa od nas. Zaslu\u017eena pobjeda. Odli\u010dno smo otvorili, proma\u0161ili smo dva, tri zicera kada se rezultat lomio. Oni [&hellip;]<\/p>\n","protected":false},"author":2,"featured_media":0,"comment_status":"closed","ping_status":"closed","sticky":false,"template":"","format":"standard","meta":{"h5ap_radio_sources":[],"footnotes":""},"categories":[7],"tags":[],"class_list":["post-155270","post","type-post","status-publish","format-standard","hentry","category-sport"],"yoast_head":"<!-- This site is optimized with the Yoast SEO plugin v27.5 - https:\/\/yoast.com\/product\/yoast-seo-wordpress\/ -->\n<title>Tucak: Nemamo si \u0161to zamjeriti, idemo po medalju - RADIO LJUBU\u0160KI<\/title>\n<meta name=\"robots\" content=\"index, follow, max-snippet:-1, max-image-preview:large, max-video-preview:-1\" \/>\n<link rel=\"canonical\" href=\"https:\/\/radioljubuski.ba\/index.php\/2022\/07\/02\/tucak-nemamo-si-sto-zamjeriti-idemo-po-medalju\/\" \/>\n<meta property=\"og:locale\" content=\"hr_HR\" \/>\n<meta property=\"og:type\" content=\"article\" \/>\n<meta property=\"og:title\" content=\"Tucak: Nemamo si \u0161to zamjeriti, idemo po medalju - RADIO LJUBU\u0160KI\" \/>\n<meta property=\"og:description\" content=\"Hrvatska vaterpolska reprezentacija upisala je bolan poraz 10:5 od \u0160panjolske u polufinalu Svjetskog prvenstva u Ma\u0111arskoj. Izbornik&nbsp;Ivica&nbsp;Tucak&nbsp;u razgovoru za HRT komentirao je dana\u0161nji susret.&nbsp; &#8211; Ja prije svega moram \u010destitati prvo \u0160panjolcima, pokazali su da su bolja ekipa od nas. Zaslu\u017eena pobjeda. Odli\u010dno smo otvorili, proma\u0161ili smo dva, tri zicera kada se rezultat lomio. Oni [&hellip;]\" \/>\n<meta property=\"og:url\" content=\"https:\/\/radioljubuski.ba\/index.php\/2022\/07\/02\/tucak-nemamo-si-sto-zamjeriti-idemo-po-medalju\/\" \/>\n<meta property=\"og:site_name\" content=\"RADIO LJUBU\u0160KI\" \/>\n<meta property=\"article:publisher\" content=\"https:\/\/www.facebook.com\/Radiio-Ljubuski-1490835324566332\" \/>\n<meta property=\"article:published_time\" content=\"2022-07-02T08:54:58+00:00\" \/>\n<meta property=\"article:modified_time\" content=\"2022-07-02T08:54:59+00:00\" \/>\n<meta property=\"og:image\" content=\"https:\/\/radioljubuski.ba\/wp-content\/uploads\/2022\/06\/HN20210701103541.jpg\" \/>\n\t<meta property=\"og:image:width\" content=\"1024\" \/>\n\t<meta property=\"og:image:height\" content=\"701\" \/>\n\t<meta property=\"og:image:type\" content=\"image\/jpeg\" \/>\n<meta name=\"author\" content=\"Radio Ljubu\u0161ki\" \/>\n<meta name=\"twitter:card\" content=\"summary_large_image\" \/>\n<meta name=\"twitter:creator\" content=\"@radioljubuski\" \/>\n<meta name=\"twitter:site\" content=\"@radioljubuski\" \/>\n<meta name=\"twitter:label1\" content=\"Napisao\/la\" \/>\n\t<meta name=\"twitter:data1\" content=\"Radio Ljubu\u0161ki\" \/>\n\t<meta name=\"twitter:label2\" content=\"Procijenjeno vrijeme \u010ditanja\" \/>\n\t<meta name=\"twitter:data2\" content=\"1 minuta\" \/>\n<script type=\"application\/ld+json\" class=\"yoast-schema-graph\">{\"@context\":\"https:\\\/\\\/schema.org\",\"@graph\":[{\"@type\":\"Article\",\"@id\":\"https:\\\/\\\/radioljubuski.ba\\\/index.php\\\/2022\\\/07\\\/02\\\/tucak-nemamo-si-sto-zamjeriti-idemo-po-medalju\\\/#article\",\"isPartOf\":{\"@id\":\"https:\\\/\\\/radioljubuski.ba\\\/index.php\\\/2022\\\/07\\\/02\\\/tucak-nemamo-si-sto-zamjeriti-idemo-po-medalju\\\/\"},\"author\":{\"name\":\"Radio Ljubu\u0161ki\",\"@id\":\"https:\\\/\\\/radioljubuski.ba\\\/#\\\/schema\\\/person\\\/19fc700381a780f69665d7956c469e3b\"},\"headline\":\"Tucak: Nemamo si \u0161to zamjeriti, idemo po medalju\",\"datePublished\":\"2022-07-02T08:54:58+00:00\",\"dateModified\":\"2022-07-02T08:54:59+00:00\",\"mainEntityOfPage\":{\"@id\":\"https:\\\/\\\/radioljubuski.ba\\\/index.php\\\/2022\\\/07\\\/02\\\/tucak-nemamo-si-sto-zamjeriti-idemo-po-medalju\\\/\"},\"wordCount\":269,\"publisher\":{\"@id\":\"https:\\\/\\\/radioljubuski.ba\\\/#organization\"},\"articleSection\":[\"\u0160port\"],\"inLanguage\":\"hr\"},{\"@type\":\"WebPage\",\"@id\":\"https:\\\/\\\/radioljubuski.ba\\\/index.php\\\/2022\\\/07\\\/02\\\/tucak-nemamo-si-sto-zamjeriti-idemo-po-medalju\\\/\",\"url\":\"https:\\\/\\\/radioljubuski.ba\\\/index.php\\\/2022\\\/07\\\/02\\\/tucak-nemamo-si-sto-zamjeriti-idemo-po-medalju\\\/\",\"name\":\"Tucak: Nemamo si \u0161to zamjeriti, idemo po medalju - RADIO LJUBU\u0160KI\",\"isPartOf\":{\"@id\":\"https:\\\/\\\/radioljubuski.ba\\\/#website\"},\"datePublished\":\"2022-07-02T08:54:58+00:00\",\"dateModified\":\"2022-07-02T08:54:59+00:00\",\"breadcrumb\":{\"@id\":\"https:\\\/\\\/radioljubuski.ba\\\/index.php\\\/2022\\\/07\\\/02\\\/tucak-nemamo-si-sto-zamjeriti-idemo-po-medalju\\\/#breadcrumb\"},\"inLanguage\":\"hr\",\"potentialAction\":[{\"@type\":\"ReadAction\",\"target\":[\"https:\\\/\\\/radioljubuski.ba\\\/index.php\\\/2022\\\/07\\\/02\\\/tucak-nemamo-si-sto-zamjeriti-idemo-po-medalju\\\/\"]}]},{\"@type\":\"BreadcrumbList\",\"@id\":\"https:\\\/\\\/radioljubuski.ba\\\/index.php\\\/2022\\\/07\\\/02\\\/tucak-nemamo-si-sto-zamjeriti-idemo-po-medalju\\\/#breadcrumb\",\"itemListElement\":[{\"@type\":\"ListItem\",\"position\":1,\"name\":\"Po\u010detna stranica\",\"item\":\"https:\\\/\\\/radioljubuski.ba\\\/\"},{\"@type\":\"ListItem\",\"position\":2,\"name\":\"Tucak: Nemamo si \u0161to zamjeriti, idemo po medalju\"}]},{\"@type\":\"WebSite\",\"@id\":\"https:\\\/\\\/radioljubuski.ba\\\/#website\",\"url\":\"https:\\\/\\\/radioljubuski.ba\\\/\",\"name\":\"Radio Ljubu\u0161ki\",\"description\":\"Sun\u010dana frekvencija Hercegovine\",\"publisher\":{\"@id\":\"https:\\\/\\\/radioljubuski.ba\\\/#organization\"},\"potentialAction\":[{\"@type\":\"SearchAction\",\"target\":{\"@type\":\"EntryPoint\",\"urlTemplate\":\"https:\\\/\\\/radioljubuski.ba\\\/?s={search_term_string}\"},\"query-input\":{\"@type\":\"PropertyValueSpecification\",\"valueRequired\":true,\"valueName\":\"search_term_string\"}}],\"inLanguage\":\"hr\"},{\"@type\":\"Organization\",\"@id\":\"https:\\\/\\\/radioljubuski.ba\\\/#organization\",\"name\":\"Radio Ljubu\u0161ki\",\"url\":\"https:\\\/\\\/radioljubuski.ba\\\/\",\"logo\":{\"@type\":\"ImageObject\",\"inLanguage\":\"hr\",\"@id\":\"https:\\\/\\\/radioljubuski.ba\\\/#\\\/schema\\\/logo\\\/image\\\/\",\"url\":\"https:\\\/\\\/radioljubuski.ba\\\/wp-content\\\/uploads\\\/2021\\\/02\\\/cropped-Radio_Ljubuski_logo1.jpg\",\"contentUrl\":\"https:\\\/\\\/radioljubuski.ba\\\/wp-content\\\/uploads\\\/2021\\\/02\\\/cropped-Radio_Ljubuski_logo1.jpg\",\"width\":512,\"height\":512,\"caption\":\"Radio Ljubu\u0161ki\"},\"image\":{\"@id\":\"https:\\\/\\\/radioljubuski.ba\\\/#\\\/schema\\\/logo\\\/image\\\/\"},\"sameAs\":[\"https:\\\/\\\/www.facebook.com\\\/Radiio-Ljubuski-1490835324566332\",\"https:\\\/\\\/x.com\\\/radioljubuski\",\"https:\\\/\\\/hr.linkedin.com\\\/company\\\/radio-ljubuski\",\"https:\\\/\\\/www.youtube.com\\\/channel\\\/UCHYaeO_n0Db3tjNGudGpXyw\"]},{\"@type\":\"Person\",\"@id\":\"https:\\\/\\\/radioljubuski.ba\\\/#\\\/schema\\\/person\\\/19fc700381a780f69665d7956c469e3b\",\"name\":\"Radio Ljubu\u0161ki\"}]}<\/script>\n<!-- \/ Yoast SEO plugin. -->","yoast_head_json":{"title":"Tucak: Nemamo si \u0161to zamjeriti, idemo po medalju - RADIO LJUBU\u0160KI","robots":{"index":"index","follow":"follow","max-snippet":"max-snippet:-1","max-image-preview":"max-image-preview:large","max-video-preview":"max-video-preview:-1"},"canonical":"https:\/\/radioljubuski.ba\/index.php\/2022\/07\/02\/tucak-nemamo-si-sto-zamjeriti-idemo-po-medalju\/","og_locale":"hr_HR","og_type":"article","og_title":"Tucak: Nemamo si \u0161to zamjeriti, idemo po medalju - RADIO LJUBU\u0160KI","og_description":"Hrvatska vaterpolska reprezentacija upisala je bolan poraz 10:5 od \u0160panjolske u polufinalu Svjetskog prvenstva u Ma\u0111arskoj. Izbornik&nbsp;Ivica&nbsp;Tucak&nbsp;u razgovoru za HRT komentirao je dana\u0161nji susret.&nbsp; &#8211; Ja prije svega moram \u010destitati prvo \u0160panjolcima, pokazali su da su bolja ekipa od nas. Zaslu\u017eena pobjeda. Odli\u010dno smo otvorili, proma\u0161ili smo dva, tri zicera kada se rezultat lomio. Oni [&hellip;]","og_url":"https:\/\/radioljubuski.ba\/index.php\/2022\/07\/02\/tucak-nemamo-si-sto-zamjeriti-idemo-po-medalju\/","og_site_name":"RADIO LJUBU\u0160KI","article_publisher":"https:\/\/www.facebook.com\/Radiio-Ljubuski-1490835324566332","article_published_time":"2022-07-02T08:54:58+00:00","article_modified_time":"2022-07-02T08:54:59+00:00","og_image":[{"width":1024,"height":701,"url":"https:\/\/radioljubuski.ba\/wp-content\/uploads\/2022\/06\/HN20210701103541.jpg","type":"image\/jpeg"}],"author":"Radio Ljubu\u0161ki","twitter_card":"summary_large_image","twitter_creator":"@radioljubuski","twitter_site":"@radioljubuski","twitter_misc":{"Napisao\/la":"Radio Ljubu\u0161ki","Procijenjeno vrijeme \u010ditanja":"1 minuta"},"schema":{"@context":"https:\/\/schema.org","@graph":[{"@type":"Article","@id":"https:\/\/radioljubuski.ba\/index.php\/2022\/07\/02\/tucak-nemamo-si-sto-zamjeriti-idemo-po-medalju\/#article","isPartOf":{"@id":"https:\/\/radioljubuski.ba\/index.php\/2022\/07\/02\/tucak-nemamo-si-sto-zamjeriti-idemo-po-medalju\/"},"author":{"name":"Radio Ljubu\u0161ki","@id":"https:\/\/radioljubuski.ba\/#\/schema\/person\/19fc700381a780f69665d7956c469e3b"},"headline":"Tucak: Nemamo si \u0161to zamjeriti, idemo po medalju","datePublished":"2022-07-02T08:54:58+00:00","dateModified":"2022-07-02T08:54:59+00:00","mainEntityOfPage":{"@id":"https:\/\/radioljubuski.ba\/index.php\/2022\/07\/02\/tucak-nemamo-si-sto-zamjeriti-idemo-po-medalju\/"},"wordCount":269,"publisher":{"@id":"https:\/\/radioljubuski.ba\/#organization"},"articleSection":["\u0160port"],"inLanguage":"hr"},{"@type":"WebPage","@id":"https:\/\/radioljubuski.ba\/index.php\/2022\/07\/02\/tucak-nemamo-si-sto-zamjeriti-idemo-po-medalju\/","url":"https:\/\/radioljubuski.ba\/index.php\/2022\/07\/02\/tucak-nemamo-si-sto-zamjeriti-idemo-po-medalju\/","name":"Tucak: Nemamo si \u0161to zamjeriti, idemo po medalju - RADIO LJUBU\u0160KI","isPartOf":{"@id":"https:\/\/radioljubuski.ba\/#website"},"datePublished":"2022-07-02T08:54:58+00:00","dateModified":"2022-07-02T08:54:59+00:00","breadcrumb":{"@id":"https:\/\/radioljubuski.ba\/index.php\/2022\/07\/02\/tucak-nemamo-si-sto-zamjeriti-idemo-po-medalju\/#breadcrumb"},"inLanguage":"hr","potentialAction":[{"@type":"ReadAction","target":["https:\/\/radioljubuski.ba\/index.php\/2022\/07\/02\/tucak-nemamo-si-sto-zamjeriti-idemo-po-medalju\/"]}]},{"@type":"BreadcrumbList","@id":"https:\/\/radioljubuski.ba\/index.php\/2022\/07\/02\/tucak-nemamo-si-sto-zamjeriti-idemo-po-medalju\/#breadcrumb","itemListElement":[{"@type":"ListItem","position":1,"name":"Po\u010detna stranica","item":"https:\/\/radioljubuski.ba\/"},{"@type":"ListItem","position":2,"name":"Tucak: Nemamo si \u0161to zamjeriti, idemo po medalju"}]},{"@type":"WebSite","@id":"https:\/\/radioljubuski.ba\/#website","url":"https:\/\/radioljubuski.ba\/","name":"Radio Ljubu\u0161ki","description":"Sun\u010dana frekvencija Hercegovine","publisher":{"@id":"https:\/\/radioljubuski.ba\/#organization"},"potentialAction":[{"@type":"SearchAction","target":{"@type":"EntryPoint","urlTemplate":"https:\/\/radioljubuski.ba\/?s={search_term_string}"},"query-input":{"@type":"PropertyValueSpecification","valueRequired":true,"valueName":"search_term_string"}}],"inLanguage":"hr"},{"@type":"Organization","@id":"https:\/\/radioljubuski.ba\/#organization","name":"Radio Ljubu\u0161ki","url":"https:\/\/radioljubuski.ba\/","logo":{"@type":"ImageObject","inLanguage":"hr","@id":"https:\/\/radioljubuski.ba\/#\/schema\/logo\/image\/","url":"https:\/\/radioljubuski.ba\/wp-content\/uploads\/2021\/02\/cropped-Radio_Ljubuski_logo1.jpg","contentUrl":"https:\/\/radioljubuski.ba\/wp-content\/uploads\/2021\/02\/cropped-Radio_Ljubuski_logo1.jpg","width":512,"height":512,"caption":"Radio Ljubu\u0161ki"},"image":{"@id":"https:\/\/radioljubuski.ba\/#\/schema\/logo\/image\/"},"sameAs":["https:\/\/www.facebook.com\/Radiio-Ljubuski-1490835324566332","https:\/\/x.com\/radioljubuski","https:\/\/hr.linkedin.com\/company\/radio-ljubuski","https:\/\/www.youtube.com\/channel\/UCHYaeO_n0Db3tjNGudGpXyw"]},{"@type":"Person","@id":"https:\/\/radioljubuski.ba\/#\/schema\/person\/19fc700381a780f69665d7956c469e3b","name":"Radio Ljubu\u0161ki"}]}},"_links":{"self":[{"href":"https:\/\/radioljubuski.ba\/index.php\/wp-json\/wp\/v2\/posts\/155270","targetHints":{"allow":["GET"]}}],"collection":[{"href":"https:\/\/radioljubuski.ba\/index.php\/wp-json\/wp\/v2\/posts"}],"about":[{"href":"https:\/\/radioljubuski.ba\/index.php\/wp-json\/wp\/v2\/types\/post"}],"author":[{"embeddable":true,"href":"https:\/\/radioljubuski.ba\/index.php\/wp-json\/wp\/v2\/users\/2"}],"replies":[{"embeddable":true,"href":"https:\/\/radioljubuski.ba\/index.php\/wp-json\/wp\/v2\/comments?post=155270"}],"version-history":[{"count":1,"href":"https:\/\/radioljubuski.ba\/index.php\/wp-json\/wp\/v2\/posts\/155270\/revisions"}],"predecessor-version":[{"id":155272,"href":"https:\/\/radioljubuski.ba\/index.php\/wp-json\/wp\/v2\/posts\/155270\/revisions\/155272"}],"wp:attachment":[{"href":"https:\/\/radioljubuski.ba\/index.php\/wp-json\/wp\/v2\/media?parent=155270"}],"wp:term":[{"taxonomy":"category","embeddable":true,"href":"https:\/\/radioljubuski.ba\/index.php\/wp-json\/wp\/v2\/categories?post=155270"},{"taxonomy":"post_tag","embeddable":true,"href":"https:\/\/radioljubuski.ba\/index.php\/wp-json\/wp\/v2\/tags?post=155270"}],"curies":[{"name":"wp","href":"https:\/\/api.w.org\/{rel}","templated":true}]}}