{"id":155273,"date":"2022-07-02T10:14:39","date_gmt":"2022-07-02T09:14:39","guid":{"rendered":"https:\/\/radioljubuski.ba\/?p=155273"},"modified":"2022-07-02T10:14:40","modified_gmt":"2022-07-02T09:14:40","slug":"covic-pozvao-mlade-hrvate-iz-cijelog-svijeta-da-dodu-studirati-u-mostar-stolni-grad-hrvata-u-bih","status":"publish","type":"post","link":"https:\/\/radioljubuski.ba\/index.php\/2022\/07\/02\/covic-pozvao-mlade-hrvate-iz-cijelog-svijeta-da-dodu-studirati-u-mostar-stolni-grad-hrvata-u-bih\/","title":{"rendered":"\u010covi\u0107 pozvao mlade Hrvate iz cijelog svijeta da do\u0111u studirati u Mostar, \u201cstolni grad Hrvata u BiH\u201d"},"content":{"rendered":"\n<p><strong>Predsjednik HDZ-a BiH i Hrvatskog narodnog sabora dr. Dragan \u010covi\u0107 obratio se ju\u010der sudionicima Petog hrvatskog iseljeni\u010dkog kongresa koji se odr\u017eava u Mostaru, javlja Hrvatski Medijski Servis.<\/strong><\/p>\n\n\n\n<p>\u201eTrebao bi puno toga kazati o svim aktivnostima koje mo\u017eemo zajedno uvezati u jedan kvalitet, o demografskim problemima, problemima hrvatskog naroda u ovom trenutku u BiH, jer se nalazimo u specifi\u010dnom vremenu, kako o\u010duvati svoj suverenitet u BiH, na\u0161u konstitutivnost, legitimno predstavljanje i sve ono \u0161to bi trebali kao jedan ustavno jednakopravan narod predstavljati u na\u0161oj BiH\u201c, kazao je \u010covi\u0107, te dodao:<\/p>\n\n\n\n<p>-Veliki broj vas ste vezani za BiH, vi ste drugo ili tre\u0107e koljeno onih koji su nekad oti\u0161li s ovih prostora, bez obzira je li to Republika Hrvatska, ili drugi dio svijeta. Za vas mlade koji ste nazo\u010dni ovdje, na\u0161 rektor je vrlo mudro poslao nekoliko poruka kao rektor jedinog javnog Sveu\u010dili\u0161ta na kome se nastava predaje na hrvatskom jeziku. Uvjeren sam da je ovo dobar poziv svim na\u0161im mladim ljudima da dobiju stipendije a da im mi to osiguramo kroz Hrvatski narodni sabor i do\u0111u na na\u0161e Sveu\u010dili\u0161te, a oni koji ne znaju hrvatski jezik, imamo studije i na engleskom jeziku. I to mo\u017ee biti dio dobrog uvezivanja i okretanja nama. Ne da se bavimo sami sobom, nego da poka\u017eemo svima diljem svijeta i da mo\u017eemo zajedno kroz jedan pleter poslati poruku kako Hrvati Bosne i Hercegovine jesu svoji na svome. Da \u0107emo i kroz ovaj izborni kapacitet izboriti se za na\u0161u potpunu jednakopravnost, kao konstitutivni narod. Predstavljati \u0107e nas legitimni predstavnici na svim razinama vlasti, koliko god isku\u0161enja oko toga ima i koliko nismo realizirali projekt izbornog zakonodavstva i ustavnih promjena za koje smo se zalagali proteklih godina\u201c, istaknuo je \u010covi\u0107.<\/p>\n\n\n\n<p>On je po\u017eelio uspijeh u radu sudinicima Hrvatskog iseljeni\u010dkog kongresa.<\/p>\n\n\n\n<p>\u201e\u017delim vam da uspijete, danas i ovih dana ovdje u ovom gradu, preporu\u010dujem vam da se zajedno posvetimo pitanju kulture, nacionalne kulture, hrvatskog naroda i da na nju utje\u010demo u onoj mjeri koliko mo\u017eemo kako bi dugoro\u010dno kroz neke naredne kongrese govorili o nekim drugim stvarima. Na globalnoj razini kroz svoju posebnu vrijednost i ponos koji imamo, kroz sve ono \u0161to danas kroz jednu izvrsnost koju gradimo kroz na\u0161e Sveu\u010dili\u0161te, kroz institucije koje su ovdje danas i stoluju u Gradu Mostaru, zbog toga je gradona\u010delni\u010de Grad Mostar stolni grad Hrvata bez obzira koliko drugi bili protiv toga, jer sve na\u0161e institucije, nacionalne institucije hrvtskog naroda ovdje u Mostaru\u201c, kazao je dr. \u010covi\u0107.<\/p>\n\n\n\n<p>U ime svih doma\u0107ina \u010covi\u0107 je po\u017eelio dobrodo\u0161licu, uspje\u0161an zajedni\u010dki rad, posve\u0107enost i zajedni\u0161tvo svim sudionicima.<\/p>\n\n\n\n<p>Iz Hrvatskog iseljeni\u010dkog kongresa naveli su kako je razvojna i politi\u010dka budu\u0107nost Hrvata u Bosni i Hercegovini tijesno povezana s odnosom Republike Hrvatske prema njima. U trodnevnom radu koji je zami\u0161ljen kao rasprave u vi\u0161e panela u prostorijama Sveu\u010dili\u0161ta u Mostaru govorit \u0107e se o odnosima izme\u0111u iseljeni\u0161tva i domovine, isku\u0161enjima, odnosima u BiH, nastavku trenda iseljavanja, ekonomskim potencijalima, ulozi i djelovanju crkve.<\/p>\n\n\n\n<p>Na kraju \u0107e Hrvatski iseljeni\u010dki kongres usvojiti posebnu rezoluciju.<\/p>\n\n\n\n<p>Pokrovitelji odr\u017eavanja Petog hrvatskog iseljeni\u010dkog kongresa su Sabor Republike Hrvatske, Hrvatski narodni sabor Bosne i Hercegovine, Dr\u017eavni ured za Hrvate izvan Republike Hrvatske i Grad Mostar.<\/p>\n\n\n\n<p>\/HMS\/<\/p>\n","protected":false},"excerpt":{"rendered":"<p>Predsjednik HDZ-a BiH i Hrvatskog narodnog sabora dr. Dragan \u010covi\u0107 obratio se ju\u010der sudionicima Petog hrvatskog iseljeni\u010dkog kongresa koji se odr\u017eava u Mostaru, javlja Hrvatski Medijski Servis. \u201eTrebao bi puno toga kazati o svim aktivnostima koje mo\u017eemo zajedno uvezati u jedan kvalitet, o demografskim problemima, problemima hrvatskog naroda u ovom trenutku u BiH, jer se [&hellip;]<\/p>\n","protected":false},"author":2,"featured_media":155274,"comment_status":"closed","ping_status":"closed","sticky":false,"template":"","format":"standard","meta":{"h5ap_radio_sources":[],"footnotes":""},"categories":[1],"tags":[],"class_list":["post-155273","post","type-post","status-publish","format-standard","has-post-thumbnail","hentry","category-bihiregija"],"yoast_head":"<!-- This site is optimized with the Yoast SEO plugin v27.5 - https:\/\/yoast.com\/product\/yoast-seo-wordpress\/ -->\n<title>\u010covi\u0107 pozvao mlade Hrvate iz cijelog svijeta da do\u0111u studirati u Mostar, \u201cstolni grad Hrvata u BiH\u201d - RADIO LJUBU\u0160KI<\/title>\n<meta name=\"robots\" content=\"index, follow, max-snippet:-1, max-image-preview:large, max-video-preview:-1\" \/>\n<link rel=\"canonical\" href=\"https:\/\/radioljubuski.ba\/index.php\/2022\/07\/02\/covic-pozvao-mlade-hrvate-iz-cijelog-svijeta-da-dodu-studirati-u-mostar-stolni-grad-hrvata-u-bih\/\" \/>\n<meta property=\"og:locale\" content=\"hr_HR\" \/>\n<meta property=\"og:type\" content=\"article\" \/>\n<meta property=\"og:title\" content=\"\u010covi\u0107 pozvao mlade Hrvate iz cijelog svijeta da do\u0111u studirati u Mostar, \u201cstolni grad Hrvata u BiH\u201d - RADIO LJUBU\u0160KI\" \/>\n<meta property=\"og:description\" content=\"Predsjednik HDZ-a BiH i Hrvatskog narodnog sabora dr. Dragan \u010covi\u0107 obratio se ju\u010der sudionicima Petog hrvatskog iseljeni\u010dkog kongresa koji se odr\u017eava u Mostaru, javlja Hrvatski Medijski Servis. \u201eTrebao bi puno toga kazati o svim aktivnostima koje mo\u017eemo zajedno uvezati u jedan kvalitet, o demografskim problemima, problemima hrvatskog naroda u ovom trenutku u BiH, jer se [&hellip;]\" \/>\n<meta property=\"og:url\" content=\"https:\/\/radioljubuski.ba\/index.php\/2022\/07\/02\/covic-pozvao-mlade-hrvate-iz-cijelog-svijeta-da-dodu-studirati-u-mostar-stolni-grad-hrvata-u-bih\/\" \/>\n<meta property=\"og:site_name\" content=\"RADIO LJUBU\u0160KI\" \/>\n<meta property=\"article:publisher\" content=\"https:\/\/www.facebook.com\/Radiio-Ljubuski-1490835324566332\" \/>\n<meta property=\"article:published_time\" content=\"2022-07-02T09:14:39+00:00\" \/>\n<meta property=\"article:modified_time\" content=\"2022-07-02T09:14:40+00:00\" \/>\n<meta property=\"og:image\" content=\"https:\/\/radioljubuski.ba\/wp-content\/uploads\/2022\/07\/hik-e1656672346532-1068x654-1.jpg\" \/>\n\t<meta property=\"og:image:width\" content=\"1068\" \/>\n\t<meta property=\"og:image:height\" content=\"654\" \/>\n\t<meta property=\"og:image:type\" content=\"image\/jpeg\" \/>\n<meta name=\"author\" content=\"Radio Ljubu\u0161ki\" \/>\n<meta name=\"twitter:card\" content=\"summary_large_image\" \/>\n<meta name=\"twitter:creator\" content=\"@radioljubuski\" \/>\n<meta name=\"twitter:site\" content=\"@radioljubuski\" \/>\n<meta name=\"twitter:label1\" content=\"Napisao\/la\" \/>\n\t<meta name=\"twitter:data1\" content=\"Radio Ljubu\u0161ki\" \/>\n\t<meta name=\"twitter:label2\" content=\"Procijenjeno vrijeme \u010ditanja\" \/>\n\t<meta name=\"twitter:data2\" content=\"3 minute\" \/>\n<script type=\"application\/ld+json\" class=\"yoast-schema-graph\">{\"@context\":\"https:\\\/\\\/schema.org\",\"@graph\":[{\"@type\":\"Article\",\"@id\":\"https:\\\/\\\/radioljubuski.ba\\\/index.php\\\/2022\\\/07\\\/02\\\/covic-pozvao-mlade-hrvate-iz-cijelog-svijeta-da-dodu-studirati-u-mostar-stolni-grad-hrvata-u-bih\\\/#article\",\"isPartOf\":{\"@id\":\"https:\\\/\\\/radioljubuski.ba\\\/index.php\\\/2022\\\/07\\\/02\\\/covic-pozvao-mlade-hrvate-iz-cijelog-svijeta-da-dodu-studirati-u-mostar-stolni-grad-hrvata-u-bih\\\/\"},\"author\":{\"name\":\"Radio Ljubu\u0161ki\",\"@id\":\"https:\\\/\\\/radioljubuski.ba\\\/#\\\/schema\\\/person\\\/19fc700381a780f69665d7956c469e3b\"},\"headline\":\"\u010covi\u0107 pozvao mlade Hrvate iz cijelog svijeta da do\u0111u studirati u Mostar, \u201cstolni grad Hrvata u BiH\u201d\",\"datePublished\":\"2022-07-02T09:14:39+00:00\",\"dateModified\":\"2022-07-02T09:14:40+00:00\",\"mainEntityOfPage\":{\"@id\":\"https:\\\/\\\/radioljubuski.ba\\\/index.php\\\/2022\\\/07\\\/02\\\/covic-pozvao-mlade-hrvate-iz-cijelog-svijeta-da-dodu-studirati-u-mostar-stolni-grad-hrvata-u-bih\\\/\"},\"wordCount\":593,\"publisher\":{\"@id\":\"https:\\\/\\\/radioljubuski.ba\\\/#organization\"},\"image\":{\"@id\":\"https:\\\/\\\/radioljubuski.ba\\\/index.php\\\/2022\\\/07\\\/02\\\/covic-pozvao-mlade-hrvate-iz-cijelog-svijeta-da-dodu-studirati-u-mostar-stolni-grad-hrvata-u-bih\\\/#primaryimage\"},\"thumbnailUrl\":\"https:\\\/\\\/radioljubuski.ba\\\/wp-content\\\/uploads\\\/2022\\\/07\\\/hik-e1656672346532-1068x654-1.jpg\",\"articleSection\":[\"BIH i regija\"],\"inLanguage\":\"hr\"},{\"@type\":\"WebPage\",\"@id\":\"https:\\\/\\\/radioljubuski.ba\\\/index.php\\\/2022\\\/07\\\/02\\\/covic-pozvao-mlade-hrvate-iz-cijelog-svijeta-da-dodu-studirati-u-mostar-stolni-grad-hrvata-u-bih\\\/\",\"url\":\"https:\\\/\\\/radioljubuski.ba\\\/index.php\\\/2022\\\/07\\\/02\\\/covic-pozvao-mlade-hrvate-iz-cijelog-svijeta-da-dodu-studirati-u-mostar-stolni-grad-hrvata-u-bih\\\/\",\"name\":\"\u010covi\u0107 pozvao mlade Hrvate iz cijelog svijeta da do\u0111u studirati u Mostar, \u201cstolni grad Hrvata u BiH\u201d - RADIO LJUBU\u0160KI\",\"isPartOf\":{\"@id\":\"https:\\\/\\\/radioljubuski.ba\\\/#website\"},\"primaryImageOfPage\":{\"@id\":\"https:\\\/\\\/radioljubuski.ba\\\/index.php\\\/2022\\\/07\\\/02\\\/covic-pozvao-mlade-hrvate-iz-cijelog-svijeta-da-dodu-studirati-u-mostar-stolni-grad-hrvata-u-bih\\\/#primaryimage\"},\"image\":{\"@id\":\"https:\\\/\\\/radioljubuski.ba\\\/index.php\\\/2022\\\/07\\\/02\\\/covic-pozvao-mlade-hrvate-iz-cijelog-svijeta-da-dodu-studirati-u-mostar-stolni-grad-hrvata-u-bih\\\/#primaryimage\"},\"thumbnailUrl\":\"https:\\\/\\\/radioljubuski.ba\\\/wp-content\\\/uploads\\\/2022\\\/07\\\/hik-e1656672346532-1068x654-1.jpg\",\"datePublished\":\"2022-07-02T09:14:39+00:00\",\"dateModified\":\"2022-07-02T09:14:40+00:00\",\"breadcrumb\":{\"@id\":\"https:\\\/\\\/radioljubuski.ba\\\/index.php\\\/2022\\\/07\\\/02\\\/covic-pozvao-mlade-hrvate-iz-cijelog-svijeta-da-dodu-studirati-u-mostar-stolni-grad-hrvata-u-bih\\\/#breadcrumb\"},\"inLanguage\":\"hr\",\"potentialAction\":[{\"@type\":\"ReadAction\",\"target\":[\"https:\\\/\\\/radioljubuski.ba\\\/index.php\\\/2022\\\/07\\\/02\\\/covic-pozvao-mlade-hrvate-iz-cijelog-svijeta-da-dodu-studirati-u-mostar-stolni-grad-hrvata-u-bih\\\/\"]}]},{\"@type\":\"ImageObject\",\"inLanguage\":\"hr\",\"@id\":\"https:\\\/\\\/radioljubuski.ba\\\/index.php\\\/2022\\\/07\\\/02\\\/covic-pozvao-mlade-hrvate-iz-cijelog-svijeta-da-dodu-studirati-u-mostar-stolni-grad-hrvata-u-bih\\\/#primaryimage\",\"url\":\"https:\\\/\\\/radioljubuski.ba\\\/wp-content\\\/uploads\\\/2022\\\/07\\\/hik-e1656672346532-1068x654-1.jpg\",\"contentUrl\":\"https:\\\/\\\/radioljubuski.ba\\\/wp-content\\\/uploads\\\/2022\\\/07\\\/hik-e1656672346532-1068x654-1.jpg\",\"width\":1068,\"height\":654},{\"@type\":\"BreadcrumbList\",\"@id\":\"https:\\\/\\\/radioljubuski.ba\\\/index.php\\\/2022\\\/07\\\/02\\\/covic-pozvao-mlade-hrvate-iz-cijelog-svijeta-da-dodu-studirati-u-mostar-stolni-grad-hrvata-u-bih\\\/#breadcrumb\",\"itemListElement\":[{\"@type\":\"ListItem\",\"position\":1,\"name\":\"Po\u010detna stranica\",\"item\":\"https:\\\/\\\/radioljubuski.ba\\\/\"},{\"@type\":\"ListItem\",\"position\":2,\"name\":\"\u010covi\u0107 pozvao mlade Hrvate iz cijelog svijeta da do\u0111u studirati u Mostar, \u201cstolni grad Hrvata u BiH\u201d\"}]},{\"@type\":\"WebSite\",\"@id\":\"https:\\\/\\\/radioljubuski.ba\\\/#website\",\"url\":\"https:\\\/\\\/radioljubuski.ba\\\/\",\"name\":\"Radio Ljubu\u0161ki\",\"description\":\"Sun\u010dana frekvencija Hercegovine\",\"publisher\":{\"@id\":\"https:\\\/\\\/radioljubuski.ba\\\/#organization\"},\"potentialAction\":[{\"@type\":\"SearchAction\",\"target\":{\"@type\":\"EntryPoint\",\"urlTemplate\":\"https:\\\/\\\/radioljubuski.ba\\\/?s={search_term_string}\"},\"query-input\":{\"@type\":\"PropertyValueSpecification\",\"valueRequired\":true,\"valueName\":\"search_term_string\"}}],\"inLanguage\":\"hr\"},{\"@type\":\"Organization\",\"@id\":\"https:\\\/\\\/radioljubuski.ba\\\/#organization\",\"name\":\"Radio Ljubu\u0161ki\",\"url\":\"https:\\\/\\\/radioljubuski.ba\\\/\",\"logo\":{\"@type\":\"ImageObject\",\"inLanguage\":\"hr\",\"@id\":\"https:\\\/\\\/radioljubuski.ba\\\/#\\\/schema\\\/logo\\\/image\\\/\",\"url\":\"https:\\\/\\\/radioljubuski.ba\\\/wp-content\\\/uploads\\\/2021\\\/02\\\/cropped-Radio_Ljubuski_logo1.jpg\",\"contentUrl\":\"https:\\\/\\\/radioljubuski.ba\\\/wp-content\\\/uploads\\\/2021\\\/02\\\/cropped-Radio_Ljubuski_logo1.jpg\",\"width\":512,\"height\":512,\"caption\":\"Radio Ljubu\u0161ki\"},\"image\":{\"@id\":\"https:\\\/\\\/radioljubuski.ba\\\/#\\\/schema\\\/logo\\\/image\\\/\"},\"sameAs\":[\"https:\\\/\\\/www.facebook.com\\\/Radiio-Ljubuski-1490835324566332\",\"https:\\\/\\\/x.com\\\/radioljubuski\",\"https:\\\/\\\/hr.linkedin.com\\\/company\\\/radio-ljubuski\",\"https:\\\/\\\/www.youtube.com\\\/channel\\\/UCHYaeO_n0Db3tjNGudGpXyw\"]},{\"@type\":\"Person\",\"@id\":\"https:\\\/\\\/radioljubuski.ba\\\/#\\\/schema\\\/person\\\/19fc700381a780f69665d7956c469e3b\",\"name\":\"Radio Ljubu\u0161ki\"}]}<\/script>\n<!-- \/ Yoast SEO plugin. -->","yoast_head_json":{"title":"\u010covi\u0107 pozvao mlade Hrvate iz cijelog svijeta da do\u0111u studirati u Mostar, \u201cstolni grad Hrvata u BiH\u201d - RADIO LJUBU\u0160KI","robots":{"index":"index","follow":"follow","max-snippet":"max-snippet:-1","max-image-preview":"max-image-preview:large","max-video-preview":"max-video-preview:-1"},"canonical":"https:\/\/radioljubuski.ba\/index.php\/2022\/07\/02\/covic-pozvao-mlade-hrvate-iz-cijelog-svijeta-da-dodu-studirati-u-mostar-stolni-grad-hrvata-u-bih\/","og_locale":"hr_HR","og_type":"article","og_title":"\u010covi\u0107 pozvao mlade Hrvate iz cijelog svijeta da do\u0111u studirati u Mostar, \u201cstolni grad Hrvata u BiH\u201d - RADIO LJUBU\u0160KI","og_description":"Predsjednik HDZ-a BiH i Hrvatskog narodnog sabora dr. Dragan \u010covi\u0107 obratio se ju\u010der sudionicima Petog hrvatskog iseljeni\u010dkog kongresa koji se odr\u017eava u Mostaru, javlja Hrvatski Medijski Servis. \u201eTrebao bi puno toga kazati o svim aktivnostima koje mo\u017eemo zajedno uvezati u jedan kvalitet, o demografskim problemima, problemima hrvatskog naroda u ovom trenutku u BiH, jer se [&hellip;]","og_url":"https:\/\/radioljubuski.ba\/index.php\/2022\/07\/02\/covic-pozvao-mlade-hrvate-iz-cijelog-svijeta-da-dodu-studirati-u-mostar-stolni-grad-hrvata-u-bih\/","og_site_name":"RADIO LJUBU\u0160KI","article_publisher":"https:\/\/www.facebook.com\/Radiio-Ljubuski-1490835324566332","article_published_time":"2022-07-02T09:14:39+00:00","article_modified_time":"2022-07-02T09:14:40+00:00","og_image":[{"width":1068,"height":654,"url":"https:\/\/radioljubuski.ba\/wp-content\/uploads\/2022\/07\/hik-e1656672346532-1068x654-1.jpg","type":"image\/jpeg"}],"author":"Radio Ljubu\u0161ki","twitter_card":"summary_large_image","twitter_creator":"@radioljubuski","twitter_site":"@radioljubuski","twitter_misc":{"Napisao\/la":"Radio Ljubu\u0161ki","Procijenjeno vrijeme \u010ditanja":"3 minute"},"schema":{"@context":"https:\/\/schema.org","@graph":[{"@type":"Article","@id":"https:\/\/radioljubuski.ba\/index.php\/2022\/07\/02\/covic-pozvao-mlade-hrvate-iz-cijelog-svijeta-da-dodu-studirati-u-mostar-stolni-grad-hrvata-u-bih\/#article","isPartOf":{"@id":"https:\/\/radioljubuski.ba\/index.php\/2022\/07\/02\/covic-pozvao-mlade-hrvate-iz-cijelog-svijeta-da-dodu-studirati-u-mostar-stolni-grad-hrvata-u-bih\/"},"author":{"name":"Radio Ljubu\u0161ki","@id":"https:\/\/radioljubuski.ba\/#\/schema\/person\/19fc700381a780f69665d7956c469e3b"},"headline":"\u010covi\u0107 pozvao mlade Hrvate iz cijelog svijeta da do\u0111u studirati u Mostar, \u201cstolni grad Hrvata u BiH\u201d","datePublished":"2022-07-02T09:14:39+00:00","dateModified":"2022-07-02T09:14:40+00:00","mainEntityOfPage":{"@id":"https:\/\/radioljubuski.ba\/index.php\/2022\/07\/02\/covic-pozvao-mlade-hrvate-iz-cijelog-svijeta-da-dodu-studirati-u-mostar-stolni-grad-hrvata-u-bih\/"},"wordCount":593,"publisher":{"@id":"https:\/\/radioljubuski.ba\/#organization"},"image":{"@id":"https:\/\/radioljubuski.ba\/index.php\/2022\/07\/02\/covic-pozvao-mlade-hrvate-iz-cijelog-svijeta-da-dodu-studirati-u-mostar-stolni-grad-hrvata-u-bih\/#primaryimage"},"thumbnailUrl":"https:\/\/radioljubuski.ba\/wp-content\/uploads\/2022\/07\/hik-e1656672346532-1068x654-1.jpg","articleSection":["BIH i regija"],"inLanguage":"hr"},{"@type":"WebPage","@id":"https:\/\/radioljubuski.ba\/index.php\/2022\/07\/02\/covic-pozvao-mlade-hrvate-iz-cijelog-svijeta-da-dodu-studirati-u-mostar-stolni-grad-hrvata-u-bih\/","url":"https:\/\/radioljubuski.ba\/index.php\/2022\/07\/02\/covic-pozvao-mlade-hrvate-iz-cijelog-svijeta-da-dodu-studirati-u-mostar-stolni-grad-hrvata-u-bih\/","name":"\u010covi\u0107 pozvao mlade Hrvate iz cijelog svijeta da do\u0111u studirati u Mostar, \u201cstolni grad Hrvata u BiH\u201d - RADIO LJUBU\u0160KI","isPartOf":{"@id":"https:\/\/radioljubuski.ba\/#website"},"primaryImageOfPage":{"@id":"https:\/\/radioljubuski.ba\/index.php\/2022\/07\/02\/covic-pozvao-mlade-hrvate-iz-cijelog-svijeta-da-dodu-studirati-u-mostar-stolni-grad-hrvata-u-bih\/#primaryimage"},"image":{"@id":"https:\/\/radioljubuski.ba\/index.php\/2022\/07\/02\/covic-pozvao-mlade-hrvate-iz-cijelog-svijeta-da-dodu-studirati-u-mostar-stolni-grad-hrvata-u-bih\/#primaryimage"},"thumbnailUrl":"https:\/\/radioljubuski.ba\/wp-content\/uploads\/2022\/07\/hik-e1656672346532-1068x654-1.jpg","datePublished":"2022-07-02T09:14:39+00:00","dateModified":"2022-07-02T09:14:40+00:00","breadcrumb":{"@id":"https:\/\/radioljubuski.ba\/index.php\/2022\/07\/02\/covic-pozvao-mlade-hrvate-iz-cijelog-svijeta-da-dodu-studirati-u-mostar-stolni-grad-hrvata-u-bih\/#breadcrumb"},"inLanguage":"hr","potentialAction":[{"@type":"ReadAction","target":["https:\/\/radioljubuski.ba\/index.php\/2022\/07\/02\/covic-pozvao-mlade-hrvate-iz-cijelog-svijeta-da-dodu-studirati-u-mostar-stolni-grad-hrvata-u-bih\/"]}]},{"@type":"ImageObject","inLanguage":"hr","@id":"https:\/\/radioljubuski.ba\/index.php\/2022\/07\/02\/covic-pozvao-mlade-hrvate-iz-cijelog-svijeta-da-dodu-studirati-u-mostar-stolni-grad-hrvata-u-bih\/#primaryimage","url":"https:\/\/radioljubuski.ba\/wp-content\/uploads\/2022\/07\/hik-e1656672346532-1068x654-1.jpg","contentUrl":"https:\/\/radioljubuski.ba\/wp-content\/uploads\/2022\/07\/hik-e1656672346532-1068x654-1.jpg","width":1068,"height":654},{"@type":"BreadcrumbList","@id":"https:\/\/radioljubuski.ba\/index.php\/2022\/07\/02\/covic-pozvao-mlade-hrvate-iz-cijelog-svijeta-da-dodu-studirati-u-mostar-stolni-grad-hrvata-u-bih\/#breadcrumb","itemListElement":[{"@type":"ListItem","position":1,"name":"Po\u010detna stranica","item":"https:\/\/radioljubuski.ba\/"},{"@type":"ListItem","position":2,"name":"\u010covi\u0107 pozvao mlade Hrvate iz cijelog svijeta da do\u0111u studirati u Mostar, \u201cstolni grad Hrvata u BiH\u201d"}]},{"@type":"WebSite","@id":"https:\/\/radioljubuski.ba\/#website","url":"https:\/\/radioljubuski.ba\/","name":"Radio Ljubu\u0161ki","description":"Sun\u010dana frekvencija Hercegovine","publisher":{"@id":"https:\/\/radioljubuski.ba\/#organization"},"potentialAction":[{"@type":"SearchAction","target":{"@type":"EntryPoint","urlTemplate":"https:\/\/radioljubuski.ba\/?s={search_term_string}"},"query-input":{"@type":"PropertyValueSpecification","valueRequired":true,"valueName":"search_term_string"}}],"inLanguage":"hr"},{"@type":"Organization","@id":"https:\/\/radioljubuski.ba\/#organization","name":"Radio Ljubu\u0161ki","url":"https:\/\/radioljubuski.ba\/","logo":{"@type":"ImageObject","inLanguage":"hr","@id":"https:\/\/radioljubuski.ba\/#\/schema\/logo\/image\/","url":"https:\/\/radioljubuski.ba\/wp-content\/uploads\/2021\/02\/cropped-Radio_Ljubuski_logo1.jpg","contentUrl":"https:\/\/radioljubuski.ba\/wp-content\/uploads\/2021\/02\/cropped-Radio_Ljubuski_logo1.jpg","width":512,"height":512,"caption":"Radio Ljubu\u0161ki"},"image":{"@id":"https:\/\/radioljubuski.ba\/#\/schema\/logo\/image\/"},"sameAs":["https:\/\/www.facebook.com\/Radiio-Ljubuski-1490835324566332","https:\/\/x.com\/radioljubuski","https:\/\/hr.linkedin.com\/company\/radio-ljubuski","https:\/\/www.youtube.com\/channel\/UCHYaeO_n0Db3tjNGudGpXyw"]},{"@type":"Person","@id":"https:\/\/radioljubuski.ba\/#\/schema\/person\/19fc700381a780f69665d7956c469e3b","name":"Radio Ljubu\u0161ki"}]}},"_links":{"self":[{"href":"https:\/\/radioljubuski.ba\/index.php\/wp-json\/wp\/v2\/posts\/155273","targetHints":{"allow":["GET"]}}],"collection":[{"href":"https:\/\/radioljubuski.ba\/index.php\/wp-json\/wp\/v2\/posts"}],"about":[{"href":"https:\/\/radioljubuski.ba\/index.php\/wp-json\/wp\/v2\/types\/post"}],"author":[{"embeddable":true,"href":"https:\/\/radioljubuski.ba\/index.php\/wp-json\/wp\/v2\/users\/2"}],"replies":[{"embeddable":true,"href":"https:\/\/radioljubuski.ba\/index.php\/wp-json\/wp\/v2\/comments?post=155273"}],"version-history":[{"count":1,"href":"https:\/\/radioljubuski.ba\/index.php\/wp-json\/wp\/v2\/posts\/155273\/revisions"}],"predecessor-version":[{"id":155275,"href":"https:\/\/radioljubuski.ba\/index.php\/wp-json\/wp\/v2\/posts\/155273\/revisions\/155275"}],"wp:featuredmedia":[{"embeddable":true,"href":"https:\/\/radioljubuski.ba\/index.php\/wp-json\/wp\/v2\/media\/155274"}],"wp:attachment":[{"href":"https:\/\/radioljubuski.ba\/index.php\/wp-json\/wp\/v2\/media?parent=155273"}],"wp:term":[{"taxonomy":"category","embeddable":true,"href":"https:\/\/radioljubuski.ba\/index.php\/wp-json\/wp\/v2\/categories?post=155273"},{"taxonomy":"post_tag","embeddable":true,"href":"https:\/\/radioljubuski.ba\/index.php\/wp-json\/wp\/v2\/tags?post=155273"}],"curies":[{"name":"wp","href":"https:\/\/api.w.org\/{rel}","templated":true}]}}