{"id":155276,"date":"2022-07-02T10:15:55","date_gmt":"2022-07-02T09:15:55","guid":{"rendered":"https:\/\/radioljubuski.ba\/?p=155276"},"modified":"2022-07-02T10:15:56","modified_gmt":"2022-07-02T09:15:56","slug":"herceg-iskazao-veliko-zadovoljstvo-sto-je-mostar-domacin-hrvatskog-iseljenickog-kongresa","status":"publish","type":"post","link":"https:\/\/radioljubuski.ba\/index.php\/2022\/07\/02\/herceg-iskazao-veliko-zadovoljstvo-sto-je-mostar-domacin-hrvatskog-iseljenickog-kongresa\/","title":{"rendered":"Herceg iskazao veliko zadovoljstvo \u0161to je Mostar doma\u0107in hrvatskog iseljeni\u010dkog Kongresa"},"content":{"rendered":"\n<p><strong>\u201eSamo ovakvim radom mo\u017eemo jasno ukazati na potencijale hrvatskih iseljenika na politi\u010dkom, gospodarskom, kulturnom, znanstvenom, \u0161portskom i svakom drugom polju, kao i nu\u017enost njihove stalne uklju\u010denosti u razvojne strategije hrvatskoga dru\u0161tva na svim podru\u010djima djelovanja\u201c, kazao je dr. sc. Nevenko Herceg, predsjednik Vlade Hercegova\u010dko-neretvanske \u017eupanije na otvorenju Petog hrvatskog iseljeni\u010dkog Kongresa na Filozofskom fakultetu Sveu\u010dili\u0161ta u Mostaru.<\/strong><\/p>\n\n\n\n<p>Predsjednik Herceg je istaknuo kako mu je iznimna \u010dast i ugodna du\u017enost srda\u010dno pozdraviti nazo\u010dne u svojstvu doma\u0107ina, kako osobno, tako i u ime Vlade Hercegova\u010dko-neretvanske \u017eupanije, kao jednoga od visokih pokrovitelja ovoga cijenjenog skupa \u2013 Petoga hrvatskog iseljeni\u010dkog kongresa.<\/p>\n\n\n\n<p>\u201eNe \u017eelim skrivati jedno osobno zadovoljstvo zbog \u010dinjenice da je, nakon Zagreba, \u0160ibenika, Osijeka i Marije Bistrice, upravo Mostaru pripala \u010dast ugostiti ovogodi\u0161nje zasjedanje na\u0161ega iseljeni\u010dkog kongresa onda kada slavi ovaj \u201dmali\u201d ali ipak veliki jubilej \u2013 jubilej koji zna\u010di ustrajnost i trajnost, upornost i volju, koji najavljuje tradiciju.<\/p>\n\n\n\n<p>Ovogodi\u0161nji je Kongres posve\u0107en temi zajedni\u0161tva. Ne gube\u0107i iz vida aktualni politi\u010dki trenutak, a tu posebno mislim na Hrvate u BiH, kao i op\u0107e nezahvalno stanje i okru\u017eje, doma\u0107e i globalne izazove, rekao bih da je tema odabrana itekako s razlogom, itekako s potrebom\u201c, kazao je predsjednik Herceg dodav\u0161i kako Hrvati iz BiH, tako i iz iseljene Hrvatske \u2013 rasuti po svim kontinentima, kroz povijest su imali i imaju izniman zna\u010daj i vitalnu ulogu u ukupnoj borbi, opstanku i ostanku, ali i razvitku i procvatu na\u0161e mati\u010dne domovine.<\/p>\n\n\n\n<p>\u201eSvjesni smo i na\u0161e povijesti, ali i na\u0161e sada\u0161njosti, a poglavito na\u0161e obveze pred budu\u0107nosti kojoj idemo u susret. U svemu onomu \u0161to \u0107e se doga\u0111ati \u2013 a doga\u0111at \u0107e se puno toga \u2013 upravo \u0107e to zajedni\u0161tvo imati, rekao bih, klju\u010dnu ulogu. Zato \u0107e biti itekako zanimljivo poslu\u0161ati \u0161to \u0107e sudionici dana\u0161njih i sutra\u0161njih panela, odreda respektabilna imena sa svojih podru\u010dja djelovanja, imati re\u0107i po zadanim temama\u201c, rekao je predsjednik Herceg \u010destitav\u0161i organizatorima, ali i svim dionicima ovoga kongresa, prije svega jer \u0107e obnoviti i osna\u017eiti veze i odnose Hrvata u domovini i u iseljeni\u0161tvu.<\/p>\n\n\n\n<p>\u201eOvaj Kongres, usudio bih se re\u0107i, poma\u017ee postaviti smjernice na\u0161ih budu\u0107ih djelovanja. Svim sudionicima, stoga, \u017eelim produktivan rad, na na\u0161u op\u0107u zajedni\u010dku korist. Svima vama, posebice onima koji su nas pohodili iz brojnih krajeva svijeta, \u017eelim da se u trenucima predaha ugodno osje\u0107ate u na\u0161em gradu i u na\u0161oj \u017eupaniji\u201c, zaklju\u010dio je predsjednik Herceg.<\/p>\n\n\n\n<p>Peti hrvatski iseljeni\u010dki kongres pod nazivom \u201cIzazovi i perspektive zajedni\u0161tva\u201d trajat \u0107e do 4. srpnja 2022., te \u0107e okupiti ugledne stru\u010dnjake iz Hrvatske, Bosne i Hercegovine i inozemstva koji \u0107e govoriti o temama novih oblika povezivanja dijaspore i domovine. U sklopu kongresa odr\u017eat \u0107e se i Gospodarski forum s te\u017ei\u0161tem na ekonomiji i poduzetni\u0161tvu.<\/p>\n\n\n\n<p>\/HMS\/<\/p>\n","protected":false},"excerpt":{"rendered":"<p>\u201eSamo ovakvim radom mo\u017eemo jasno ukazati na potencijale hrvatskih iseljenika na politi\u010dkom, gospodarskom, kulturnom, znanstvenom, \u0161portskom i svakom drugom polju, kao i nu\u017enost njihove stalne uklju\u010denosti u razvojne strategije hrvatskoga dru\u0161tva na svim podru\u010djima djelovanja\u201c, kazao je dr. sc. Nevenko Herceg, predsjednik Vlade Hercegova\u010dko-neretvanske \u017eupanije na otvorenju Petog hrvatskog iseljeni\u010dkog Kongresa na Filozofskom fakultetu Sveu\u010dili\u0161ta [&hellip;]<\/p>\n","protected":false},"author":2,"featured_media":155277,"comment_status":"closed","ping_status":"closed","sticky":false,"template":"","format":"standard","meta":{"h5ap_radio_sources":[],"footnotes":""},"categories":[1],"tags":[],"class_list":["post-155276","post","type-post","status-publish","format-standard","has-post-thumbnail","hentry","category-bihiregija"],"yoast_head":"<!-- This site is optimized with the Yoast SEO plugin v27.5 - https:\/\/yoast.com\/product\/yoast-seo-wordpress\/ -->\n<title>Herceg iskazao veliko zadovoljstvo \u0161to je Mostar doma\u0107in hrvatskog iseljeni\u010dkog Kongresa - RADIO LJUBU\u0160KI<\/title>\n<meta name=\"robots\" content=\"index, follow, max-snippet:-1, max-image-preview:large, max-video-preview:-1\" \/>\n<link rel=\"canonical\" href=\"https:\/\/radioljubuski.ba\/index.php\/2022\/07\/02\/herceg-iskazao-veliko-zadovoljstvo-sto-je-mostar-domacin-hrvatskog-iseljenickog-kongresa\/\" \/>\n<meta property=\"og:locale\" content=\"hr_HR\" \/>\n<meta property=\"og:type\" content=\"article\" \/>\n<meta property=\"og:title\" content=\"Herceg iskazao veliko zadovoljstvo \u0161to je Mostar doma\u0107in hrvatskog iseljeni\u010dkog Kongresa - RADIO LJUBU\u0160KI\" \/>\n<meta property=\"og:description\" content=\"\u201eSamo ovakvim radom mo\u017eemo jasno ukazati na potencijale hrvatskih iseljenika na politi\u010dkom, gospodarskom, kulturnom, znanstvenom, \u0161portskom i svakom drugom polju, kao i nu\u017enost njihove stalne uklju\u010denosti u razvojne strategije hrvatskoga dru\u0161tva na svim podru\u010djima djelovanja\u201c, kazao je dr. sc. Nevenko Herceg, predsjednik Vlade Hercegova\u010dko-neretvanske \u017eupanije na otvorenju Petog hrvatskog iseljeni\u010dkog Kongresa na Filozofskom fakultetu Sveu\u010dili\u0161ta [&hellip;]\" \/>\n<meta property=\"og:url\" content=\"https:\/\/radioljubuski.ba\/index.php\/2022\/07\/02\/herceg-iskazao-veliko-zadovoljstvo-sto-je-mostar-domacin-hrvatskog-iseljenickog-kongresa\/\" \/>\n<meta property=\"og:site_name\" content=\"RADIO LJUBU\u0160KI\" \/>\n<meta property=\"article:publisher\" content=\"https:\/\/www.facebook.com\/Radiio-Ljubuski-1490835324566332\" \/>\n<meta property=\"article:published_time\" content=\"2022-07-02T09:15:55+00:00\" \/>\n<meta property=\"article:modified_time\" content=\"2022-07-02T09:15:56+00:00\" \/>\n<meta property=\"og:image\" content=\"https:\/\/radioljubuski.ba\/wp-content\/uploads\/2022\/07\/kongres_3-696x464-1.jpg\" \/>\n\t<meta property=\"og:image:width\" content=\"696\" \/>\n\t<meta property=\"og:image:height\" content=\"464\" \/>\n\t<meta property=\"og:image:type\" content=\"image\/jpeg\" \/>\n<meta name=\"author\" content=\"Radio Ljubu\u0161ki\" \/>\n<meta name=\"twitter:card\" content=\"summary_large_image\" \/>\n<meta name=\"twitter:creator\" content=\"@radioljubuski\" \/>\n<meta name=\"twitter:site\" content=\"@radioljubuski\" \/>\n<meta name=\"twitter:label1\" content=\"Napisao\/la\" \/>\n\t<meta name=\"twitter:data1\" content=\"Radio Ljubu\u0161ki\" \/>\n\t<meta name=\"twitter:label2\" content=\"Procijenjeno vrijeme \u010ditanja\" \/>\n\t<meta name=\"twitter:data2\" content=\"2 minute\" \/>\n<script type=\"application\/ld+json\" class=\"yoast-schema-graph\">{\"@context\":\"https:\\\/\\\/schema.org\",\"@graph\":[{\"@type\":\"Article\",\"@id\":\"https:\\\/\\\/radioljubuski.ba\\\/index.php\\\/2022\\\/07\\\/02\\\/herceg-iskazao-veliko-zadovoljstvo-sto-je-mostar-domacin-hrvatskog-iseljenickog-kongresa\\\/#article\",\"isPartOf\":{\"@id\":\"https:\\\/\\\/radioljubuski.ba\\\/index.php\\\/2022\\\/07\\\/02\\\/herceg-iskazao-veliko-zadovoljstvo-sto-je-mostar-domacin-hrvatskog-iseljenickog-kongresa\\\/\"},\"author\":{\"name\":\"Radio Ljubu\u0161ki\",\"@id\":\"https:\\\/\\\/radioljubuski.ba\\\/#\\\/schema\\\/person\\\/19fc700381a780f69665d7956c469e3b\"},\"headline\":\"Herceg iskazao veliko zadovoljstvo \u0161to je Mostar doma\u0107in hrvatskog iseljeni\u010dkog Kongresa\",\"datePublished\":\"2022-07-02T09:15:55+00:00\",\"dateModified\":\"2022-07-02T09:15:56+00:00\",\"mainEntityOfPage\":{\"@id\":\"https:\\\/\\\/radioljubuski.ba\\\/index.php\\\/2022\\\/07\\\/02\\\/herceg-iskazao-veliko-zadovoljstvo-sto-je-mostar-domacin-hrvatskog-iseljenickog-kongresa\\\/\"},\"wordCount\":512,\"publisher\":{\"@id\":\"https:\\\/\\\/radioljubuski.ba\\\/#organization\"},\"image\":{\"@id\":\"https:\\\/\\\/radioljubuski.ba\\\/index.php\\\/2022\\\/07\\\/02\\\/herceg-iskazao-veliko-zadovoljstvo-sto-je-mostar-domacin-hrvatskog-iseljenickog-kongresa\\\/#primaryimage\"},\"thumbnailUrl\":\"https:\\\/\\\/radioljubuski.ba\\\/wp-content\\\/uploads\\\/2022\\\/07\\\/kongres_3-696x464-1.jpg\",\"articleSection\":[\"BIH i regija\"],\"inLanguage\":\"hr\"},{\"@type\":\"WebPage\",\"@id\":\"https:\\\/\\\/radioljubuski.ba\\\/index.php\\\/2022\\\/07\\\/02\\\/herceg-iskazao-veliko-zadovoljstvo-sto-je-mostar-domacin-hrvatskog-iseljenickog-kongresa\\\/\",\"url\":\"https:\\\/\\\/radioljubuski.ba\\\/index.php\\\/2022\\\/07\\\/02\\\/herceg-iskazao-veliko-zadovoljstvo-sto-je-mostar-domacin-hrvatskog-iseljenickog-kongresa\\\/\",\"name\":\"Herceg iskazao veliko zadovoljstvo \u0161to je Mostar doma\u0107in hrvatskog iseljeni\u010dkog Kongresa - RADIO LJUBU\u0160KI\",\"isPartOf\":{\"@id\":\"https:\\\/\\\/radioljubuski.ba\\\/#website\"},\"primaryImageOfPage\":{\"@id\":\"https:\\\/\\\/radioljubuski.ba\\\/index.php\\\/2022\\\/07\\\/02\\\/herceg-iskazao-veliko-zadovoljstvo-sto-je-mostar-domacin-hrvatskog-iseljenickog-kongresa\\\/#primaryimage\"},\"image\":{\"@id\":\"https:\\\/\\\/radioljubuski.ba\\\/index.php\\\/2022\\\/07\\\/02\\\/herceg-iskazao-veliko-zadovoljstvo-sto-je-mostar-domacin-hrvatskog-iseljenickog-kongresa\\\/#primaryimage\"},\"thumbnailUrl\":\"https:\\\/\\\/radioljubuski.ba\\\/wp-content\\\/uploads\\\/2022\\\/07\\\/kongres_3-696x464-1.jpg\",\"datePublished\":\"2022-07-02T09:15:55+00:00\",\"dateModified\":\"2022-07-02T09:15:56+00:00\",\"breadcrumb\":{\"@id\":\"https:\\\/\\\/radioljubuski.ba\\\/index.php\\\/2022\\\/07\\\/02\\\/herceg-iskazao-veliko-zadovoljstvo-sto-je-mostar-domacin-hrvatskog-iseljenickog-kongresa\\\/#breadcrumb\"},\"inLanguage\":\"hr\",\"potentialAction\":[{\"@type\":\"ReadAction\",\"target\":[\"https:\\\/\\\/radioljubuski.ba\\\/index.php\\\/2022\\\/07\\\/02\\\/herceg-iskazao-veliko-zadovoljstvo-sto-je-mostar-domacin-hrvatskog-iseljenickog-kongresa\\\/\"]}]},{\"@type\":\"ImageObject\",\"inLanguage\":\"hr\",\"@id\":\"https:\\\/\\\/radioljubuski.ba\\\/index.php\\\/2022\\\/07\\\/02\\\/herceg-iskazao-veliko-zadovoljstvo-sto-je-mostar-domacin-hrvatskog-iseljenickog-kongresa\\\/#primaryimage\",\"url\":\"https:\\\/\\\/radioljubuski.ba\\\/wp-content\\\/uploads\\\/2022\\\/07\\\/kongres_3-696x464-1.jpg\",\"contentUrl\":\"https:\\\/\\\/radioljubuski.ba\\\/wp-content\\\/uploads\\\/2022\\\/07\\\/kongres_3-696x464-1.jpg\",\"width\":696,\"height\":464},{\"@type\":\"BreadcrumbList\",\"@id\":\"https:\\\/\\\/radioljubuski.ba\\\/index.php\\\/2022\\\/07\\\/02\\\/herceg-iskazao-veliko-zadovoljstvo-sto-je-mostar-domacin-hrvatskog-iseljenickog-kongresa\\\/#breadcrumb\",\"itemListElement\":[{\"@type\":\"ListItem\",\"position\":1,\"name\":\"Po\u010detna stranica\",\"item\":\"https:\\\/\\\/radioljubuski.ba\\\/\"},{\"@type\":\"ListItem\",\"position\":2,\"name\":\"Herceg iskazao veliko zadovoljstvo \u0161to je Mostar doma\u0107in hrvatskog iseljeni\u010dkog Kongresa\"}]},{\"@type\":\"WebSite\",\"@id\":\"https:\\\/\\\/radioljubuski.ba\\\/#website\",\"url\":\"https:\\\/\\\/radioljubuski.ba\\\/\",\"name\":\"Radio Ljubu\u0161ki\",\"description\":\"Sun\u010dana frekvencija Hercegovine\",\"publisher\":{\"@id\":\"https:\\\/\\\/radioljubuski.ba\\\/#organization\"},\"potentialAction\":[{\"@type\":\"SearchAction\",\"target\":{\"@type\":\"EntryPoint\",\"urlTemplate\":\"https:\\\/\\\/radioljubuski.ba\\\/?s={search_term_string}\"},\"query-input\":{\"@type\":\"PropertyValueSpecification\",\"valueRequired\":true,\"valueName\":\"search_term_string\"}}],\"inLanguage\":\"hr\"},{\"@type\":\"Organization\",\"@id\":\"https:\\\/\\\/radioljubuski.ba\\\/#organization\",\"name\":\"Radio Ljubu\u0161ki\",\"url\":\"https:\\\/\\\/radioljubuski.ba\\\/\",\"logo\":{\"@type\":\"ImageObject\",\"inLanguage\":\"hr\",\"@id\":\"https:\\\/\\\/radioljubuski.ba\\\/#\\\/schema\\\/logo\\\/image\\\/\",\"url\":\"https:\\\/\\\/radioljubuski.ba\\\/wp-content\\\/uploads\\\/2021\\\/02\\\/cropped-Radio_Ljubuski_logo1.jpg\",\"contentUrl\":\"https:\\\/\\\/radioljubuski.ba\\\/wp-content\\\/uploads\\\/2021\\\/02\\\/cropped-Radio_Ljubuski_logo1.jpg\",\"width\":512,\"height\":512,\"caption\":\"Radio Ljubu\u0161ki\"},\"image\":{\"@id\":\"https:\\\/\\\/radioljubuski.ba\\\/#\\\/schema\\\/logo\\\/image\\\/\"},\"sameAs\":[\"https:\\\/\\\/www.facebook.com\\\/Radiio-Ljubuski-1490835324566332\",\"https:\\\/\\\/x.com\\\/radioljubuski\",\"https:\\\/\\\/hr.linkedin.com\\\/company\\\/radio-ljubuski\",\"https:\\\/\\\/www.youtube.com\\\/channel\\\/UCHYaeO_n0Db3tjNGudGpXyw\"]},{\"@type\":\"Person\",\"@id\":\"https:\\\/\\\/radioljubuski.ba\\\/#\\\/schema\\\/person\\\/19fc700381a780f69665d7956c469e3b\",\"name\":\"Radio Ljubu\u0161ki\"}]}<\/script>\n<!-- \/ Yoast SEO plugin. -->","yoast_head_json":{"title":"Herceg iskazao veliko zadovoljstvo \u0161to je Mostar doma\u0107in hrvatskog iseljeni\u010dkog Kongresa - RADIO LJUBU\u0160KI","robots":{"index":"index","follow":"follow","max-snippet":"max-snippet:-1","max-image-preview":"max-image-preview:large","max-video-preview":"max-video-preview:-1"},"canonical":"https:\/\/radioljubuski.ba\/index.php\/2022\/07\/02\/herceg-iskazao-veliko-zadovoljstvo-sto-je-mostar-domacin-hrvatskog-iseljenickog-kongresa\/","og_locale":"hr_HR","og_type":"article","og_title":"Herceg iskazao veliko zadovoljstvo \u0161to je Mostar doma\u0107in hrvatskog iseljeni\u010dkog Kongresa - RADIO LJUBU\u0160KI","og_description":"\u201eSamo ovakvim radom mo\u017eemo jasno ukazati na potencijale hrvatskih iseljenika na politi\u010dkom, gospodarskom, kulturnom, znanstvenom, \u0161portskom i svakom drugom polju, kao i nu\u017enost njihove stalne uklju\u010denosti u razvojne strategije hrvatskoga dru\u0161tva na svim podru\u010djima djelovanja\u201c, kazao je dr. sc. Nevenko Herceg, predsjednik Vlade Hercegova\u010dko-neretvanske \u017eupanije na otvorenju Petog hrvatskog iseljeni\u010dkog Kongresa na Filozofskom fakultetu Sveu\u010dili\u0161ta [&hellip;]","og_url":"https:\/\/radioljubuski.ba\/index.php\/2022\/07\/02\/herceg-iskazao-veliko-zadovoljstvo-sto-je-mostar-domacin-hrvatskog-iseljenickog-kongresa\/","og_site_name":"RADIO LJUBU\u0160KI","article_publisher":"https:\/\/www.facebook.com\/Radiio-Ljubuski-1490835324566332","article_published_time":"2022-07-02T09:15:55+00:00","article_modified_time":"2022-07-02T09:15:56+00:00","og_image":[{"width":696,"height":464,"url":"https:\/\/radioljubuski.ba\/wp-content\/uploads\/2022\/07\/kongres_3-696x464-1.jpg","type":"image\/jpeg"}],"author":"Radio Ljubu\u0161ki","twitter_card":"summary_large_image","twitter_creator":"@radioljubuski","twitter_site":"@radioljubuski","twitter_misc":{"Napisao\/la":"Radio Ljubu\u0161ki","Procijenjeno vrijeme \u010ditanja":"2 minute"},"schema":{"@context":"https:\/\/schema.org","@graph":[{"@type":"Article","@id":"https:\/\/radioljubuski.ba\/index.php\/2022\/07\/02\/herceg-iskazao-veliko-zadovoljstvo-sto-je-mostar-domacin-hrvatskog-iseljenickog-kongresa\/#article","isPartOf":{"@id":"https:\/\/radioljubuski.ba\/index.php\/2022\/07\/02\/herceg-iskazao-veliko-zadovoljstvo-sto-je-mostar-domacin-hrvatskog-iseljenickog-kongresa\/"},"author":{"name":"Radio Ljubu\u0161ki","@id":"https:\/\/radioljubuski.ba\/#\/schema\/person\/19fc700381a780f69665d7956c469e3b"},"headline":"Herceg iskazao veliko zadovoljstvo \u0161to je Mostar doma\u0107in hrvatskog iseljeni\u010dkog Kongresa","datePublished":"2022-07-02T09:15:55+00:00","dateModified":"2022-07-02T09:15:56+00:00","mainEntityOfPage":{"@id":"https:\/\/radioljubuski.ba\/index.php\/2022\/07\/02\/herceg-iskazao-veliko-zadovoljstvo-sto-je-mostar-domacin-hrvatskog-iseljenickog-kongresa\/"},"wordCount":512,"publisher":{"@id":"https:\/\/radioljubuski.ba\/#organization"},"image":{"@id":"https:\/\/radioljubuski.ba\/index.php\/2022\/07\/02\/herceg-iskazao-veliko-zadovoljstvo-sto-je-mostar-domacin-hrvatskog-iseljenickog-kongresa\/#primaryimage"},"thumbnailUrl":"https:\/\/radioljubuski.ba\/wp-content\/uploads\/2022\/07\/kongres_3-696x464-1.jpg","articleSection":["BIH i regija"],"inLanguage":"hr"},{"@type":"WebPage","@id":"https:\/\/radioljubuski.ba\/index.php\/2022\/07\/02\/herceg-iskazao-veliko-zadovoljstvo-sto-je-mostar-domacin-hrvatskog-iseljenickog-kongresa\/","url":"https:\/\/radioljubuski.ba\/index.php\/2022\/07\/02\/herceg-iskazao-veliko-zadovoljstvo-sto-je-mostar-domacin-hrvatskog-iseljenickog-kongresa\/","name":"Herceg iskazao veliko zadovoljstvo \u0161to je Mostar doma\u0107in hrvatskog iseljeni\u010dkog Kongresa - RADIO LJUBU\u0160KI","isPartOf":{"@id":"https:\/\/radioljubuski.ba\/#website"},"primaryImageOfPage":{"@id":"https:\/\/radioljubuski.ba\/index.php\/2022\/07\/02\/herceg-iskazao-veliko-zadovoljstvo-sto-je-mostar-domacin-hrvatskog-iseljenickog-kongresa\/#primaryimage"},"image":{"@id":"https:\/\/radioljubuski.ba\/index.php\/2022\/07\/02\/herceg-iskazao-veliko-zadovoljstvo-sto-je-mostar-domacin-hrvatskog-iseljenickog-kongresa\/#primaryimage"},"thumbnailUrl":"https:\/\/radioljubuski.ba\/wp-content\/uploads\/2022\/07\/kongres_3-696x464-1.jpg","datePublished":"2022-07-02T09:15:55+00:00","dateModified":"2022-07-02T09:15:56+00:00","breadcrumb":{"@id":"https:\/\/radioljubuski.ba\/index.php\/2022\/07\/02\/herceg-iskazao-veliko-zadovoljstvo-sto-je-mostar-domacin-hrvatskog-iseljenickog-kongresa\/#breadcrumb"},"inLanguage":"hr","potentialAction":[{"@type":"ReadAction","target":["https:\/\/radioljubuski.ba\/index.php\/2022\/07\/02\/herceg-iskazao-veliko-zadovoljstvo-sto-je-mostar-domacin-hrvatskog-iseljenickog-kongresa\/"]}]},{"@type":"ImageObject","inLanguage":"hr","@id":"https:\/\/radioljubuski.ba\/index.php\/2022\/07\/02\/herceg-iskazao-veliko-zadovoljstvo-sto-je-mostar-domacin-hrvatskog-iseljenickog-kongresa\/#primaryimage","url":"https:\/\/radioljubuski.ba\/wp-content\/uploads\/2022\/07\/kongres_3-696x464-1.jpg","contentUrl":"https:\/\/radioljubuski.ba\/wp-content\/uploads\/2022\/07\/kongres_3-696x464-1.jpg","width":696,"height":464},{"@type":"BreadcrumbList","@id":"https:\/\/radioljubuski.ba\/index.php\/2022\/07\/02\/herceg-iskazao-veliko-zadovoljstvo-sto-je-mostar-domacin-hrvatskog-iseljenickog-kongresa\/#breadcrumb","itemListElement":[{"@type":"ListItem","position":1,"name":"Po\u010detna stranica","item":"https:\/\/radioljubuski.ba\/"},{"@type":"ListItem","position":2,"name":"Herceg iskazao veliko zadovoljstvo \u0161to je Mostar doma\u0107in hrvatskog iseljeni\u010dkog Kongresa"}]},{"@type":"WebSite","@id":"https:\/\/radioljubuski.ba\/#website","url":"https:\/\/radioljubuski.ba\/","name":"Radio Ljubu\u0161ki","description":"Sun\u010dana frekvencija Hercegovine","publisher":{"@id":"https:\/\/radioljubuski.ba\/#organization"},"potentialAction":[{"@type":"SearchAction","target":{"@type":"EntryPoint","urlTemplate":"https:\/\/radioljubuski.ba\/?s={search_term_string}"},"query-input":{"@type":"PropertyValueSpecification","valueRequired":true,"valueName":"search_term_string"}}],"inLanguage":"hr"},{"@type":"Organization","@id":"https:\/\/radioljubuski.ba\/#organization","name":"Radio Ljubu\u0161ki","url":"https:\/\/radioljubuski.ba\/","logo":{"@type":"ImageObject","inLanguage":"hr","@id":"https:\/\/radioljubuski.ba\/#\/schema\/logo\/image\/","url":"https:\/\/radioljubuski.ba\/wp-content\/uploads\/2021\/02\/cropped-Radio_Ljubuski_logo1.jpg","contentUrl":"https:\/\/radioljubuski.ba\/wp-content\/uploads\/2021\/02\/cropped-Radio_Ljubuski_logo1.jpg","width":512,"height":512,"caption":"Radio Ljubu\u0161ki"},"image":{"@id":"https:\/\/radioljubuski.ba\/#\/schema\/logo\/image\/"},"sameAs":["https:\/\/www.facebook.com\/Radiio-Ljubuski-1490835324566332","https:\/\/x.com\/radioljubuski","https:\/\/hr.linkedin.com\/company\/radio-ljubuski","https:\/\/www.youtube.com\/channel\/UCHYaeO_n0Db3tjNGudGpXyw"]},{"@type":"Person","@id":"https:\/\/radioljubuski.ba\/#\/schema\/person\/19fc700381a780f69665d7956c469e3b","name":"Radio Ljubu\u0161ki"}]}},"_links":{"self":[{"href":"https:\/\/radioljubuski.ba\/index.php\/wp-json\/wp\/v2\/posts\/155276","targetHints":{"allow":["GET"]}}],"collection":[{"href":"https:\/\/radioljubuski.ba\/index.php\/wp-json\/wp\/v2\/posts"}],"about":[{"href":"https:\/\/radioljubuski.ba\/index.php\/wp-json\/wp\/v2\/types\/post"}],"author":[{"embeddable":true,"href":"https:\/\/radioljubuski.ba\/index.php\/wp-json\/wp\/v2\/users\/2"}],"replies":[{"embeddable":true,"href":"https:\/\/radioljubuski.ba\/index.php\/wp-json\/wp\/v2\/comments?post=155276"}],"version-history":[{"count":1,"href":"https:\/\/radioljubuski.ba\/index.php\/wp-json\/wp\/v2\/posts\/155276\/revisions"}],"predecessor-version":[{"id":155278,"href":"https:\/\/radioljubuski.ba\/index.php\/wp-json\/wp\/v2\/posts\/155276\/revisions\/155278"}],"wp:featuredmedia":[{"embeddable":true,"href":"https:\/\/radioljubuski.ba\/index.php\/wp-json\/wp\/v2\/media\/155277"}],"wp:attachment":[{"href":"https:\/\/radioljubuski.ba\/index.php\/wp-json\/wp\/v2\/media?parent=155276"}],"wp:term":[{"taxonomy":"category","embeddable":true,"href":"https:\/\/radioljubuski.ba\/index.php\/wp-json\/wp\/v2\/categories?post=155276"},{"taxonomy":"post_tag","embeddable":true,"href":"https:\/\/radioljubuski.ba\/index.php\/wp-json\/wp\/v2\/tags?post=155276"}],"curies":[{"name":"wp","href":"https:\/\/api.w.org\/{rel}","templated":true}]}}