{"id":155279,"date":"2022-07-02T10:18:40","date_gmt":"2022-07-02T09:18:40","guid":{"rendered":"https:\/\/radioljubuski.ba\/?p=155279"},"modified":"2022-07-02T10:18:42","modified_gmt":"2022-07-02T09:18:42","slug":"evo-tko-su-nositelji-i-drugoplasirani-na-listama-hdz-a-bih-za-parlament-bih-fbih-i-zupanijske-skupstine","status":"publish","type":"post","link":"https:\/\/radioljubuski.ba\/index.php\/2022\/07\/02\/evo-tko-su-nositelji-i-drugoplasirani-na-listama-hdz-a-bih-za-parlament-bih-fbih-i-zupanijske-skupstine\/","title":{"rendered":"Evo tko su nositelji i drugoplasirani na listama HDZ-a BiH za Parlament BiH, FBiH i \u017eupanijske skup\u0161tine"},"content":{"rendered":"\n<p><strong>Uz tri javno objavljena imena Borjane Kri\u0161to, koja \u0107e biti HDZ-ova kandidatkinja za hrvatskoga \u010dlana Predsjedni\u0161tva BiH, Darijane Filipovi\u0107 Kati\u0107 i Marinka \u010cavare, koji \u0107e biti na \u010delu lista za dr\u017eavni Parlament, <a href=\"https:\/\/www.vecernji.ba\/vijesti\/casnici-lijecnici-premijeri-mladez-na-listama-za-izbore-hdz-a-bih-1598722\"><em>Ve\u010dernji list BiH <\/em><\/a>donosi sve nositelje i drugoplasirane kandidate HDZ-a BiH u utrci za tri razine vlasti, dr\u017eavni i federalni Parlament te \u017eupanijske skup\u0161tine u Federaciji BiH. Na listama ove stranke bit \u0107e jo\u0161 nekoliko stranaka sastavnica HNS-a BiH.<\/strong><\/p>\n\n\n\n<p><strong>\u010cavara, Bradara\u2026<\/strong><\/p>\n\n\n\n<p>Uz nekoliko strana\u010dkih veterana, na listama je dosta novih imena, a posebice iz zajednice mlade\u017ei te zajednice \u017eena. Za dr\u017eavni Parlament u izbornoj jedinici 511 koja pokriva Unsko-sansku \u017eupaniju nositeljica je Mira Vujeva iz Livna koja je na \u010delu tamo\u0161njeg podru\u010dnog odjela Zavoda za statistiku. Odmah iza nje je Tomislavgra\u0111anin Jozo Bagari\u0107, koji je na \u010delu tamo\u0161njeg HDZ-a BiH i biv\u0161i je prvi \u010dovjek Ureda za veterinarstvo.<\/p>\n\n\n\n<figure class=\"wp-block-image\"><img decoding=\"async\" src=\"https:\/\/www.vecernji.ba\/media\/img\/0b\/1f\/0839281462ea6db15d82.jpeg\" alt=\" | Autor : \"\/><\/figure>\n\n\n\n<p>U izbornoj jedinici koja pokriva Hercegova\u010dko-neretvansku i Zapadnohercegova\u010dku \u017eupaniju na \u010delu liste je Darijana Filipovi\u0107 Kati\u0107, koja je kao i Predrag Ko\u017eul u zadnjem mandatu bila u dr\u017eavnom Zastupni\u010dkom domu. Iz Sarajevske \u017eupanije i Gora\u017eda u utrku za dr\u017eavni Parlament idu Nada Spasojevi\u0107 iz Zajednice \u017eena te Marijan Raji\u0107. U izbornoj jedinici 514 uz aktualnog predsjednika Federacije BiH Marinka \u010cavaru, koji je nositelj, na drugome mjestu slijedi Marina Pende\u0161, biv\u0161a ministrica obrane i izaslanica u Domu naroda. Zamjenik ministra obrane Mijo Kre\u0161i\u0107 nositelj je u izbornoj jedinici 515 koja obuhva\u0107a Posavsku i Tuzlansku \u017eupaniju te Distrikt Br\u010dko otkuda je na drugome mjestu Tea Ru\u017ei\u0107, savjetnica tamo\u0161njeg gradona\u010delnika. Iz Izborne jedinice 521 u Republici Srpskoj za dr\u017eavni Parlament natje\u010du se Ljiljanka Do\u0161en i Nedeljko Peri\u0107, a iz 522 \u017deljko Aramba\u0161i\u0107 i Danijela Zirdum iz Dervente koja se dugo godina bavila povratkom prognanika iz Bosanske Posavine.<\/p>\n\n\n\n<p>Za Zastupni\u010dki dom Parlamenta FBiH iz Unsko-sanske \u017eupanije nositelj je Tomo Juri\u0107 koji je bio na dr\u017eavnoj listi iz 2018. U izbornoj jedinici 402, koja obuhva\u0107a dio Posavine, Zeni\u010dko-dobojske \u017eupanije i Distrikta Br\u010dko nositelj je Mijo Matanovi\u0107, aktualni zastupnik u Parlamentu BiH, a bio je i premijer Posavske \u017eupanije.<\/p>\n\n\n\n<figure class=\"wp-block-image\"><img decoding=\"async\" src=\"https:\/\/www.vecernji.ba\/media\/img\/e7\/6d\/6174a3e2005f1ff43425.jpeg\" alt=\" | Autor : \"\/><\/figure>\n\n\n\n<p>Drugoplasirana Delfa Dejanovi\u0107 aktualna je zastupnica u Parlamentu FBiH. Nositelj liste za izbornu jedinicu 403 iz dijela Tuzlanske \u017eupanije je Danijel Nikoli\u0107, tamo\u0161nji \u0161ef \u017eupanijskoga HDZ-a BiH. Druga na listi je Tamara Tufek\u010di\u0107 koja se natjecala za Gradsko vije\u0107e Tuzle na listi HDZ-a BiH 2020. Iz drugoga dijela Tuzlanske \u017eupanije za izborno podru\u010dje 404 nositelj je Jozo Banovi\u0107. Aktualni ministar prostornog ure\u0111enja Josip Marti\u0107 predvodit \u0107e listu HDZ-a BiH u izbornoj jedinici 405 koja uz \u017dep\u010de obuhva\u0107a i Usoru te Zenicu. Na drugoj poziciji tamo je Dajana Mato\u0161evi\u0107, aktivistica anga\u017eirana u Omladinskoj banci. Iz izborne jedinice koja obuhva\u0107a Kakanj, Vare\u0161 i dio Zeni\u010dko-dobojske \u017eupanije na \u010delu liste je profesor njema\u010dkog Igor Hinger, a slijedi Maja Jurki\u0107. U izbornoj jedinici 407, koja obuhva\u0107a dio Sarajevske \u017eupanije, na \u010delu je Ivon Jerkovi\u0107, predsjednik \u017dO Mlade\u017ei HDZ BiH Vrhbosna, a slijedi Daniela Milo\u0161. Izaslanica u Domu naroda Parlamenta BiH Lidija Bradara na \u010delu je liste HDZ-a BiH u izbornoj jedinici 408 koja obuhva\u0107a Jajce, Dobreti\u0107e, Donji Vakuf, Travnik, Bugojno, Uskoplje, Novi Travnik, Vitez, Busova\u010du, Fojnicu i Kiseljak. Na drugom je mjestu aktualni ministar unutarnjih poslova Feliks Vidovi\u0107. Za federalni Parlament iz izborne jedinice 409 koja obuhva\u0107a Hercegova\u010dko-neretvansku \u017eupaniju dolaze dva lije\u010dnika.<\/p>\n\n\n\n<p><strong>Nove osobe<\/strong><\/p>\n\n\n\n<p>Nositeljica je dr. Vlatka Martinovi\u0107, aktualna direktorica Zavoda zdravstvenog osiguranja i reosiguranja FBiH te dr. sc. Antonio Sesar, prodekan za poslovanje i razvoj Medicinskog fakulteta i jedan od utemeljitelja HDZ-a BiH. Dosada\u0161nji zastupnik u Zastupni\u010dkom domu Parlamenta Federacije iz \u017dZH-a Stanko Musa nositelj je liste, a slijedi predsjednica Op\u0107inskog vije\u0107a Gruda Franka Leko. U izbornoj jedinici 411 koja pokriva dio Sarajevske \u017eupanije nositeljica liste HDZ-a BiH je Vesna Alagi\u0107, slijedi Igor Radovanovi\u0107.<\/p>\n\n\n\n<p>Na \u017eupanijskoj razini dva su premijera nositelji lista. Aktualni premijer Posavske \u017eupanije \u0110uro Topi\u0107 predvodi HDZ-ovu listu za Posavsku \u017eupaniju, a na drugome mjestu je ministrica prosvjete, znanosti, kulture i sporta Posavske \u017eupanije Ana Andri\u0107.<\/p>\n\n\n\n<figure class=\"wp-block-image\"><img decoding=\"async\" src=\"https:\/\/www.vecernji.ba\/media\/img\/47\/a7\/152bd4998d6e73945f22.jpeg\" alt=\" | Autor : \"\/><\/figure>\n\n\n\n<p>U \u017dupaniji Zaopadnohercegova\u010dkoj predsjednik Vlade Zdenko \u0106osi\u0107 je nositelj liste, slijedi zamjenica predsjednika Skup\u0161tine \u017dupanije Ivana Bari\u0161i\u0107. Hercegova\u010dko-neretvansku \u017eupanijsku listu HDZ-a BiH i partnera predvodi \u0161ef mostarskog HDZ-a Slaven Zeljko, a na drugome mjestu je Iva Ragu\u017e koja je i aktualna zastupnica u federalnome Parlamentu.<\/p>\n\n\n\n<p>Legendarni zapovjednik i general HVO-a Ilija Naki\u0107 nosi \u017eupanijsku listu u Sredi\u0161njoj Bosni, a slijedi zastupnica iz aktualnog saziva Suzana Kri\u0161to. U Zeni\u010dko-dobojskoj \u017eupaniji na \u010delu liste je brigadir HVO-a Iva Tadi\u0107, koji je i izaslanik u Domu naroda, slijedi Anita Pauri\u0107, \u010dlanica Sredi\u0161njeg odbora HDZ-a iz Zenici. U Hercegbosanskoj \u017eupaniji jo\u0161 jedan \u010dasnik HVO-a Dragan Konta na \u010delu je \u017eupanijske liste, a slijedi Marija Bagari\u0107 iz Mlade\u017ei stranke iz Tomislavgrada. U Sarajevskoj \u017eupaniji nositelj za \u017dupanijsku skup\u0161tinu je predsjednik \u017dupanijskog odbora HDZ-a BiH Dra\u017een Trlin, slijedi Ana Ra\u0161o. U Tuzlanskoj \u017eupaniji biv\u0161i ministar u Vladi Bo\u017eo Antunovi\u0107 je na \u010delu liste, slijedi Jasminka Mijatovi\u0107. U Unsko-sanskoj \u017eupaniji Sa\u0161a Soka\u010d nosi listu, a slijedi Tomislav Dujmovi\u0107 koji je bio nositelj 2018.<\/p>\n\n\n\n<p>\/HMS\/<\/p>\n","protected":false},"excerpt":{"rendered":"<p>Uz tri javno objavljena imena Borjane Kri\u0161to, koja \u0107e biti HDZ-ova kandidatkinja za hrvatskoga \u010dlana Predsjedni\u0161tva BiH, Darijane Filipovi\u0107 Kati\u0107 i Marinka \u010cavare, koji \u0107e biti na \u010delu lista za dr\u017eavni Parlament, Ve\u010dernji list BiH donosi sve nositelje i drugoplasirane kandidate HDZ-a BiH u utrci za tri razine vlasti, dr\u017eavni i federalni Parlament te \u017eupanijske [&hellip;]<\/p>\n","protected":false},"author":2,"featured_media":36400,"comment_status":"closed","ping_status":"closed","sticky":false,"template":"","format":"standard","meta":{"h5ap_radio_sources":[],"footnotes":""},"categories":[1],"tags":[],"class_list":["post-155279","post","type-post","status-publish","format-standard","has-post-thumbnail","hentry","category-bihiregija"],"yoast_head":"<!-- This site is optimized with the Yoast SEO plugin v27.5 - https:\/\/yoast.com\/product\/yoast-seo-wordpress\/ -->\n<title>Evo tko su nositelji i drugoplasirani na listama HDZ-a BiH za Parlament BiH, FBiH i \u017eupanijske skup\u0161tine - RADIO LJUBU\u0160KI<\/title>\n<meta name=\"robots\" content=\"index, follow, max-snippet:-1, max-image-preview:large, max-video-preview:-1\" \/>\n<link rel=\"canonical\" href=\"https:\/\/radioljubuski.ba\/index.php\/2022\/07\/02\/evo-tko-su-nositelji-i-drugoplasirani-na-listama-hdz-a-bih-za-parlament-bih-fbih-i-zupanijske-skupstine\/\" \/>\n<meta property=\"og:locale\" content=\"hr_HR\" \/>\n<meta property=\"og:type\" content=\"article\" \/>\n<meta property=\"og:title\" content=\"Evo tko su nositelji i drugoplasirani na listama HDZ-a BiH za Parlament BiH, FBiH i \u017eupanijske skup\u0161tine - RADIO LJUBU\u0160KI\" \/>\n<meta property=\"og:description\" content=\"Uz tri javno objavljena imena Borjane Kri\u0161to, koja \u0107e biti HDZ-ova kandidatkinja za hrvatskoga \u010dlana Predsjedni\u0161tva BiH, Darijane Filipovi\u0107 Kati\u0107 i Marinka \u010cavare, koji \u0107e biti na \u010delu lista za dr\u017eavni Parlament, Ve\u010dernji list BiH donosi sve nositelje i drugoplasirane kandidate HDZ-a BiH u utrci za tri razine vlasti, dr\u017eavni i federalni Parlament te \u017eupanijske [&hellip;]\" \/>\n<meta property=\"og:url\" content=\"https:\/\/radioljubuski.ba\/index.php\/2022\/07\/02\/evo-tko-su-nositelji-i-drugoplasirani-na-listama-hdz-a-bih-za-parlament-bih-fbih-i-zupanijske-skupstine\/\" \/>\n<meta property=\"og:site_name\" content=\"RADIO LJUBU\u0160KI\" \/>\n<meta property=\"article:publisher\" content=\"https:\/\/www.facebook.com\/Radiio-Ljubuski-1490835324566332\" \/>\n<meta property=\"article:published_time\" content=\"2022-07-02T09:18:40+00:00\" \/>\n<meta property=\"article:modified_time\" content=\"2022-07-02T09:18:42+00:00\" \/>\n<meta property=\"og:image\" content=\"https:\/\/radioljubuski.ba\/wp-content\/uploads\/2021\/06\/SuRcKPZ4_hdz_bih.jpg\" \/>\n\t<meta property=\"og:image:width\" content=\"1000\" \/>\n\t<meta property=\"og:image:height\" content=\"625\" \/>\n\t<meta property=\"og:image:type\" content=\"image\/jpeg\" \/>\n<meta name=\"author\" content=\"Radio Ljubu\u0161ki\" \/>\n<meta name=\"twitter:card\" content=\"summary_large_image\" \/>\n<meta name=\"twitter:creator\" content=\"@radioljubuski\" \/>\n<meta name=\"twitter:site\" content=\"@radioljubuski\" \/>\n<meta name=\"twitter:label1\" content=\"Napisao\/la\" \/>\n\t<meta name=\"twitter:data1\" content=\"Radio Ljubu\u0161ki\" \/>\n\t<meta name=\"twitter:label2\" content=\"Procijenjeno vrijeme \u010ditanja\" \/>\n\t<meta name=\"twitter:data2\" content=\"5 minuta\" \/>\n<script type=\"application\/ld+json\" class=\"yoast-schema-graph\">{\"@context\":\"https:\\\/\\\/schema.org\",\"@graph\":[{\"@type\":\"Article\",\"@id\":\"https:\\\/\\\/radioljubuski.ba\\\/index.php\\\/2022\\\/07\\\/02\\\/evo-tko-su-nositelji-i-drugoplasirani-na-listama-hdz-a-bih-za-parlament-bih-fbih-i-zupanijske-skupstine\\\/#article\",\"isPartOf\":{\"@id\":\"https:\\\/\\\/radioljubuski.ba\\\/index.php\\\/2022\\\/07\\\/02\\\/evo-tko-su-nositelji-i-drugoplasirani-na-listama-hdz-a-bih-za-parlament-bih-fbih-i-zupanijske-skupstine\\\/\"},\"author\":{\"name\":\"Radio Ljubu\u0161ki\",\"@id\":\"https:\\\/\\\/radioljubuski.ba\\\/#\\\/schema\\\/person\\\/19fc700381a780f69665d7956c469e3b\"},\"headline\":\"Evo tko su nositelji i drugoplasirani na listama HDZ-a BiH za Parlament BiH, FBiH i \u017eupanijske skup\u0161tine\",\"datePublished\":\"2022-07-02T09:18:40+00:00\",\"dateModified\":\"2022-07-02T09:18:42+00:00\",\"mainEntityOfPage\":{\"@id\":\"https:\\\/\\\/radioljubuski.ba\\\/index.php\\\/2022\\\/07\\\/02\\\/evo-tko-su-nositelji-i-drugoplasirani-na-listama-hdz-a-bih-za-parlament-bih-fbih-i-zupanijske-skupstine\\\/\"},\"wordCount\":885,\"publisher\":{\"@id\":\"https:\\\/\\\/radioljubuski.ba\\\/#organization\"},\"image\":{\"@id\":\"https:\\\/\\\/radioljubuski.ba\\\/index.php\\\/2022\\\/07\\\/02\\\/evo-tko-su-nositelji-i-drugoplasirani-na-listama-hdz-a-bih-za-parlament-bih-fbih-i-zupanijske-skupstine\\\/#primaryimage\"},\"thumbnailUrl\":\"https:\\\/\\\/radioljubuski.ba\\\/wp-content\\\/uploads\\\/2021\\\/06\\\/SuRcKPZ4_hdz_bih.jpg\",\"articleSection\":[\"BIH i regija\"],\"inLanguage\":\"hr\"},{\"@type\":\"WebPage\",\"@id\":\"https:\\\/\\\/radioljubuski.ba\\\/index.php\\\/2022\\\/07\\\/02\\\/evo-tko-su-nositelji-i-drugoplasirani-na-listama-hdz-a-bih-za-parlament-bih-fbih-i-zupanijske-skupstine\\\/\",\"url\":\"https:\\\/\\\/radioljubuski.ba\\\/index.php\\\/2022\\\/07\\\/02\\\/evo-tko-su-nositelji-i-drugoplasirani-na-listama-hdz-a-bih-za-parlament-bih-fbih-i-zupanijske-skupstine\\\/\",\"name\":\"Evo tko su nositelji i drugoplasirani na listama HDZ-a BiH za Parlament BiH, FBiH i \u017eupanijske skup\u0161tine - RADIO LJUBU\u0160KI\",\"isPartOf\":{\"@id\":\"https:\\\/\\\/radioljubuski.ba\\\/#website\"},\"primaryImageOfPage\":{\"@id\":\"https:\\\/\\\/radioljubuski.ba\\\/index.php\\\/2022\\\/07\\\/02\\\/evo-tko-su-nositelji-i-drugoplasirani-na-listama-hdz-a-bih-za-parlament-bih-fbih-i-zupanijske-skupstine\\\/#primaryimage\"},\"image\":{\"@id\":\"https:\\\/\\\/radioljubuski.ba\\\/index.php\\\/2022\\\/07\\\/02\\\/evo-tko-su-nositelji-i-drugoplasirani-na-listama-hdz-a-bih-za-parlament-bih-fbih-i-zupanijske-skupstine\\\/#primaryimage\"},\"thumbnailUrl\":\"https:\\\/\\\/radioljubuski.ba\\\/wp-content\\\/uploads\\\/2021\\\/06\\\/SuRcKPZ4_hdz_bih.jpg\",\"datePublished\":\"2022-07-02T09:18:40+00:00\",\"dateModified\":\"2022-07-02T09:18:42+00:00\",\"breadcrumb\":{\"@id\":\"https:\\\/\\\/radioljubuski.ba\\\/index.php\\\/2022\\\/07\\\/02\\\/evo-tko-su-nositelji-i-drugoplasirani-na-listama-hdz-a-bih-za-parlament-bih-fbih-i-zupanijske-skupstine\\\/#breadcrumb\"},\"inLanguage\":\"hr\",\"potentialAction\":[{\"@type\":\"ReadAction\",\"target\":[\"https:\\\/\\\/radioljubuski.ba\\\/index.php\\\/2022\\\/07\\\/02\\\/evo-tko-su-nositelji-i-drugoplasirani-na-listama-hdz-a-bih-za-parlament-bih-fbih-i-zupanijske-skupstine\\\/\"]}]},{\"@type\":\"ImageObject\",\"inLanguage\":\"hr\",\"@id\":\"https:\\\/\\\/radioljubuski.ba\\\/index.php\\\/2022\\\/07\\\/02\\\/evo-tko-su-nositelji-i-drugoplasirani-na-listama-hdz-a-bih-za-parlament-bih-fbih-i-zupanijske-skupstine\\\/#primaryimage\",\"url\":\"https:\\\/\\\/radioljubuski.ba\\\/wp-content\\\/uploads\\\/2021\\\/06\\\/SuRcKPZ4_hdz_bih.jpg\",\"contentUrl\":\"https:\\\/\\\/radioljubuski.ba\\\/wp-content\\\/uploads\\\/2021\\\/06\\\/SuRcKPZ4_hdz_bih.jpg\",\"width\":1000,\"height\":625},{\"@type\":\"BreadcrumbList\",\"@id\":\"https:\\\/\\\/radioljubuski.ba\\\/index.php\\\/2022\\\/07\\\/02\\\/evo-tko-su-nositelji-i-drugoplasirani-na-listama-hdz-a-bih-za-parlament-bih-fbih-i-zupanijske-skupstine\\\/#breadcrumb\",\"itemListElement\":[{\"@type\":\"ListItem\",\"position\":1,\"name\":\"Po\u010detna stranica\",\"item\":\"https:\\\/\\\/radioljubuski.ba\\\/\"},{\"@type\":\"ListItem\",\"position\":2,\"name\":\"Evo tko su nositelji i drugoplasirani na listama HDZ-a BiH za Parlament BiH, FBiH i \u017eupanijske skup\u0161tine\"}]},{\"@type\":\"WebSite\",\"@id\":\"https:\\\/\\\/radioljubuski.ba\\\/#website\",\"url\":\"https:\\\/\\\/radioljubuski.ba\\\/\",\"name\":\"Radio Ljubu\u0161ki\",\"description\":\"Sun\u010dana frekvencija Hercegovine\",\"publisher\":{\"@id\":\"https:\\\/\\\/radioljubuski.ba\\\/#organization\"},\"potentialAction\":[{\"@type\":\"SearchAction\",\"target\":{\"@type\":\"EntryPoint\",\"urlTemplate\":\"https:\\\/\\\/radioljubuski.ba\\\/?s={search_term_string}\"},\"query-input\":{\"@type\":\"PropertyValueSpecification\",\"valueRequired\":true,\"valueName\":\"search_term_string\"}}],\"inLanguage\":\"hr\"},{\"@type\":\"Organization\",\"@id\":\"https:\\\/\\\/radioljubuski.ba\\\/#organization\",\"name\":\"Radio Ljubu\u0161ki\",\"url\":\"https:\\\/\\\/radioljubuski.ba\\\/\",\"logo\":{\"@type\":\"ImageObject\",\"inLanguage\":\"hr\",\"@id\":\"https:\\\/\\\/radioljubuski.ba\\\/#\\\/schema\\\/logo\\\/image\\\/\",\"url\":\"https:\\\/\\\/radioljubuski.ba\\\/wp-content\\\/uploads\\\/2021\\\/02\\\/cropped-Radio_Ljubuski_logo1.jpg\",\"contentUrl\":\"https:\\\/\\\/radioljubuski.ba\\\/wp-content\\\/uploads\\\/2021\\\/02\\\/cropped-Radio_Ljubuski_logo1.jpg\",\"width\":512,\"height\":512,\"caption\":\"Radio Ljubu\u0161ki\"},\"image\":{\"@id\":\"https:\\\/\\\/radioljubuski.ba\\\/#\\\/schema\\\/logo\\\/image\\\/\"},\"sameAs\":[\"https:\\\/\\\/www.facebook.com\\\/Radiio-Ljubuski-1490835324566332\",\"https:\\\/\\\/x.com\\\/radioljubuski\",\"https:\\\/\\\/hr.linkedin.com\\\/company\\\/radio-ljubuski\",\"https:\\\/\\\/www.youtube.com\\\/channel\\\/UCHYaeO_n0Db3tjNGudGpXyw\"]},{\"@type\":\"Person\",\"@id\":\"https:\\\/\\\/radioljubuski.ba\\\/#\\\/schema\\\/person\\\/19fc700381a780f69665d7956c469e3b\",\"name\":\"Radio Ljubu\u0161ki\"}]}<\/script>\n<!-- \/ Yoast SEO plugin. -->","yoast_head_json":{"title":"Evo tko su nositelji i drugoplasirani na listama HDZ-a BiH za Parlament BiH, FBiH i \u017eupanijske skup\u0161tine - RADIO LJUBU\u0160KI","robots":{"index":"index","follow":"follow","max-snippet":"max-snippet:-1","max-image-preview":"max-image-preview:large","max-video-preview":"max-video-preview:-1"},"canonical":"https:\/\/radioljubuski.ba\/index.php\/2022\/07\/02\/evo-tko-su-nositelji-i-drugoplasirani-na-listama-hdz-a-bih-za-parlament-bih-fbih-i-zupanijske-skupstine\/","og_locale":"hr_HR","og_type":"article","og_title":"Evo tko su nositelji i drugoplasirani na listama HDZ-a BiH za Parlament BiH, FBiH i \u017eupanijske skup\u0161tine - RADIO LJUBU\u0160KI","og_description":"Uz tri javno objavljena imena Borjane Kri\u0161to, koja \u0107e biti HDZ-ova kandidatkinja za hrvatskoga \u010dlana Predsjedni\u0161tva BiH, Darijane Filipovi\u0107 Kati\u0107 i Marinka \u010cavare, koji \u0107e biti na \u010delu lista za dr\u017eavni Parlament, Ve\u010dernji list BiH donosi sve nositelje i drugoplasirane kandidate HDZ-a BiH u utrci za tri razine vlasti, dr\u017eavni i federalni Parlament te \u017eupanijske [&hellip;]","og_url":"https:\/\/radioljubuski.ba\/index.php\/2022\/07\/02\/evo-tko-su-nositelji-i-drugoplasirani-na-listama-hdz-a-bih-za-parlament-bih-fbih-i-zupanijske-skupstine\/","og_site_name":"RADIO LJUBU\u0160KI","article_publisher":"https:\/\/www.facebook.com\/Radiio-Ljubuski-1490835324566332","article_published_time":"2022-07-02T09:18:40+00:00","article_modified_time":"2022-07-02T09:18:42+00:00","og_image":[{"width":1000,"height":625,"url":"https:\/\/radioljubuski.ba\/wp-content\/uploads\/2021\/06\/SuRcKPZ4_hdz_bih.jpg","type":"image\/jpeg"}],"author":"Radio Ljubu\u0161ki","twitter_card":"summary_large_image","twitter_creator":"@radioljubuski","twitter_site":"@radioljubuski","twitter_misc":{"Napisao\/la":"Radio Ljubu\u0161ki","Procijenjeno vrijeme \u010ditanja":"5 minuta"},"schema":{"@context":"https:\/\/schema.org","@graph":[{"@type":"Article","@id":"https:\/\/radioljubuski.ba\/index.php\/2022\/07\/02\/evo-tko-su-nositelji-i-drugoplasirani-na-listama-hdz-a-bih-za-parlament-bih-fbih-i-zupanijske-skupstine\/#article","isPartOf":{"@id":"https:\/\/radioljubuski.ba\/index.php\/2022\/07\/02\/evo-tko-su-nositelji-i-drugoplasirani-na-listama-hdz-a-bih-za-parlament-bih-fbih-i-zupanijske-skupstine\/"},"author":{"name":"Radio Ljubu\u0161ki","@id":"https:\/\/radioljubuski.ba\/#\/schema\/person\/19fc700381a780f69665d7956c469e3b"},"headline":"Evo tko su nositelji i drugoplasirani na listama HDZ-a BiH za Parlament BiH, FBiH i \u017eupanijske skup\u0161tine","datePublished":"2022-07-02T09:18:40+00:00","dateModified":"2022-07-02T09:18:42+00:00","mainEntityOfPage":{"@id":"https:\/\/radioljubuski.ba\/index.php\/2022\/07\/02\/evo-tko-su-nositelji-i-drugoplasirani-na-listama-hdz-a-bih-za-parlament-bih-fbih-i-zupanijske-skupstine\/"},"wordCount":885,"publisher":{"@id":"https:\/\/radioljubuski.ba\/#organization"},"image":{"@id":"https:\/\/radioljubuski.ba\/index.php\/2022\/07\/02\/evo-tko-su-nositelji-i-drugoplasirani-na-listama-hdz-a-bih-za-parlament-bih-fbih-i-zupanijske-skupstine\/#primaryimage"},"thumbnailUrl":"https:\/\/radioljubuski.ba\/wp-content\/uploads\/2021\/06\/SuRcKPZ4_hdz_bih.jpg","articleSection":["BIH i regija"],"inLanguage":"hr"},{"@type":"WebPage","@id":"https:\/\/radioljubuski.ba\/index.php\/2022\/07\/02\/evo-tko-su-nositelji-i-drugoplasirani-na-listama-hdz-a-bih-za-parlament-bih-fbih-i-zupanijske-skupstine\/","url":"https:\/\/radioljubuski.ba\/index.php\/2022\/07\/02\/evo-tko-su-nositelji-i-drugoplasirani-na-listama-hdz-a-bih-za-parlament-bih-fbih-i-zupanijske-skupstine\/","name":"Evo tko su nositelji i drugoplasirani na listama HDZ-a BiH za Parlament BiH, FBiH i \u017eupanijske skup\u0161tine - RADIO LJUBU\u0160KI","isPartOf":{"@id":"https:\/\/radioljubuski.ba\/#website"},"primaryImageOfPage":{"@id":"https:\/\/radioljubuski.ba\/index.php\/2022\/07\/02\/evo-tko-su-nositelji-i-drugoplasirani-na-listama-hdz-a-bih-za-parlament-bih-fbih-i-zupanijske-skupstine\/#primaryimage"},"image":{"@id":"https:\/\/radioljubuski.ba\/index.php\/2022\/07\/02\/evo-tko-su-nositelji-i-drugoplasirani-na-listama-hdz-a-bih-za-parlament-bih-fbih-i-zupanijske-skupstine\/#primaryimage"},"thumbnailUrl":"https:\/\/radioljubuski.ba\/wp-content\/uploads\/2021\/06\/SuRcKPZ4_hdz_bih.jpg","datePublished":"2022-07-02T09:18:40+00:00","dateModified":"2022-07-02T09:18:42+00:00","breadcrumb":{"@id":"https:\/\/radioljubuski.ba\/index.php\/2022\/07\/02\/evo-tko-su-nositelji-i-drugoplasirani-na-listama-hdz-a-bih-za-parlament-bih-fbih-i-zupanijske-skupstine\/#breadcrumb"},"inLanguage":"hr","potentialAction":[{"@type":"ReadAction","target":["https:\/\/radioljubuski.ba\/index.php\/2022\/07\/02\/evo-tko-su-nositelji-i-drugoplasirani-na-listama-hdz-a-bih-za-parlament-bih-fbih-i-zupanijske-skupstine\/"]}]},{"@type":"ImageObject","inLanguage":"hr","@id":"https:\/\/radioljubuski.ba\/index.php\/2022\/07\/02\/evo-tko-su-nositelji-i-drugoplasirani-na-listama-hdz-a-bih-za-parlament-bih-fbih-i-zupanijske-skupstine\/#primaryimage","url":"https:\/\/radioljubuski.ba\/wp-content\/uploads\/2021\/06\/SuRcKPZ4_hdz_bih.jpg","contentUrl":"https:\/\/radioljubuski.ba\/wp-content\/uploads\/2021\/06\/SuRcKPZ4_hdz_bih.jpg","width":1000,"height":625},{"@type":"BreadcrumbList","@id":"https:\/\/radioljubuski.ba\/index.php\/2022\/07\/02\/evo-tko-su-nositelji-i-drugoplasirani-na-listama-hdz-a-bih-za-parlament-bih-fbih-i-zupanijske-skupstine\/#breadcrumb","itemListElement":[{"@type":"ListItem","position":1,"name":"Po\u010detna stranica","item":"https:\/\/radioljubuski.ba\/"},{"@type":"ListItem","position":2,"name":"Evo tko su nositelji i drugoplasirani na listama HDZ-a BiH za Parlament BiH, FBiH i \u017eupanijske skup\u0161tine"}]},{"@type":"WebSite","@id":"https:\/\/radioljubuski.ba\/#website","url":"https:\/\/radioljubuski.ba\/","name":"Radio Ljubu\u0161ki","description":"Sun\u010dana frekvencija Hercegovine","publisher":{"@id":"https:\/\/radioljubuski.ba\/#organization"},"potentialAction":[{"@type":"SearchAction","target":{"@type":"EntryPoint","urlTemplate":"https:\/\/radioljubuski.ba\/?s={search_term_string}"},"query-input":{"@type":"PropertyValueSpecification","valueRequired":true,"valueName":"search_term_string"}}],"inLanguage":"hr"},{"@type":"Organization","@id":"https:\/\/radioljubuski.ba\/#organization","name":"Radio Ljubu\u0161ki","url":"https:\/\/radioljubuski.ba\/","logo":{"@type":"ImageObject","inLanguage":"hr","@id":"https:\/\/radioljubuski.ba\/#\/schema\/logo\/image\/","url":"https:\/\/radioljubuski.ba\/wp-content\/uploads\/2021\/02\/cropped-Radio_Ljubuski_logo1.jpg","contentUrl":"https:\/\/radioljubuski.ba\/wp-content\/uploads\/2021\/02\/cropped-Radio_Ljubuski_logo1.jpg","width":512,"height":512,"caption":"Radio Ljubu\u0161ki"},"image":{"@id":"https:\/\/radioljubuski.ba\/#\/schema\/logo\/image\/"},"sameAs":["https:\/\/www.facebook.com\/Radiio-Ljubuski-1490835324566332","https:\/\/x.com\/radioljubuski","https:\/\/hr.linkedin.com\/company\/radio-ljubuski","https:\/\/www.youtube.com\/channel\/UCHYaeO_n0Db3tjNGudGpXyw"]},{"@type":"Person","@id":"https:\/\/radioljubuski.ba\/#\/schema\/person\/19fc700381a780f69665d7956c469e3b","name":"Radio Ljubu\u0161ki"}]}},"_links":{"self":[{"href":"https:\/\/radioljubuski.ba\/index.php\/wp-json\/wp\/v2\/posts\/155279","targetHints":{"allow":["GET"]}}],"collection":[{"href":"https:\/\/radioljubuski.ba\/index.php\/wp-json\/wp\/v2\/posts"}],"about":[{"href":"https:\/\/radioljubuski.ba\/index.php\/wp-json\/wp\/v2\/types\/post"}],"author":[{"embeddable":true,"href":"https:\/\/radioljubuski.ba\/index.php\/wp-json\/wp\/v2\/users\/2"}],"replies":[{"embeddable":true,"href":"https:\/\/radioljubuski.ba\/index.php\/wp-json\/wp\/v2\/comments?post=155279"}],"version-history":[{"count":1,"href":"https:\/\/radioljubuski.ba\/index.php\/wp-json\/wp\/v2\/posts\/155279\/revisions"}],"predecessor-version":[{"id":155280,"href":"https:\/\/radioljubuski.ba\/index.php\/wp-json\/wp\/v2\/posts\/155279\/revisions\/155280"}],"wp:featuredmedia":[{"embeddable":true,"href":"https:\/\/radioljubuski.ba\/index.php\/wp-json\/wp\/v2\/media\/36400"}],"wp:attachment":[{"href":"https:\/\/radioljubuski.ba\/index.php\/wp-json\/wp\/v2\/media?parent=155279"}],"wp:term":[{"taxonomy":"category","embeddable":true,"href":"https:\/\/radioljubuski.ba\/index.php\/wp-json\/wp\/v2\/categories?post=155279"},{"taxonomy":"post_tag","embeddable":true,"href":"https:\/\/radioljubuski.ba\/index.php\/wp-json\/wp\/v2\/tags?post=155279"}],"curies":[{"name":"wp","href":"https:\/\/api.w.org\/{rel}","templated":true}]}}