{"id":155281,"date":"2022-07-02T10:21:26","date_gmt":"2022-07-02T09:21:26","guid":{"rendered":"https:\/\/radioljubuski.ba\/?p=155281"},"modified":"2022-07-02T10:21:28","modified_gmt":"2022-07-02T09:21:28","slug":"kordic-na-hrvatskom-iseljenickom-kongresu-mostar-je-postao-grad-primjer","status":"publish","type":"post","link":"https:\/\/radioljubuski.ba\/index.php\/2022\/07\/02\/kordic-na-hrvatskom-iseljenickom-kongresu-mostar-je-postao-grad-primjer\/","title":{"rendered":"Kordi\u0107 na Hrvatskom iseljeni\u010dkom kongresu: Mostar je postao grad primjer"},"content":{"rendered":"\n<p><strong>Nakon Zagreba, \u0160ibenika, Osijeka i Marije Bistrice, Peti hrvatski iseljeni\u010dki kongres organizira se na Sveu\u010dili\u0161tu u Mostaru kako bi se ukazalo na povijesni zna\u010daj i ulogu koju su Hrvati Bosne i Hercegovine imali u povijesti mati\u010dne domovine Hrvatske. Organizatori su Hrvatskoga iseljeni\u010dkog kongresa Centar za istra\u017eivanje hrvatskog iseljeni\u0161tva i SUM.<\/strong><\/p>\n\n\n\n<p>U ceremoniji otvaranja ju\u010der je sudjelovao i gradona\u010delnik Mostara dr. Mario Kordi\u0107 koji je naglasio va\u017enost odr\u017eavanja kongresa u Mostaru u kojemu su smje\u0161tene najva\u017enije institucije za Hrvate u BiH.<\/p>\n\n\n\n<p>\u201eMostar je 12 godina bio bez izbora i Gradskoga vije\u0107a i mnogi su ga tada zvali gradom slu\u010dajem. Kada je potpisan mostarski sporazum uz dogovor hrvatskih i bo\u0161nja\u010dkih predstavnika i uz svojevrsnu garanciju me\u0111unarodnih \u010dimbenika Mostar je krajem 2020. godine dobio izbore i oni su odr\u017eani. Veoma brzo uspostavljena je izvr\u0161na i zakonodavna vlast, a Mostar je za godinu i pol dana u mnogim segmentima postao grad primjer. Sve ovo navedeno vratilo je optimizam i nadu me\u0111u na\u0161e \u017eitelje i pokazalo kako Mostar mo\u017ee biti normalan, europski grad, mjesto u kojemu se mo\u017ee kvalitetno \u017eivjeti, studirati, raditi i zasnovati svoju obitelj. Ono \u0161to smo dobrim dijelom uspjeli u Mostaru sada treba primijeniti na Bosnu i Hercegovinu. Moramo donijeti po\u0161ten izborni zakon koji \u0107e svim narodima i gra\u0111anima omogu\u0107iti da oni koji ga predstavljaju budu stvarni izbor njihove politi\u010dke volje. Samo na taj na\u010din bit \u0107e mogu\u0107e ovu dr\u017eavu u\u010diniti stabilnom i prosperitetnom. U\u010diniti je istinskom domovinom sva tri konstitutivna naroda i ostalih, a ne da ona bude nestabilna jednima majka, drugima ma\u0107eha, zemlja iz koje \u0107e dvoje od troje mladih kada zavr\u0161e fakultet \u017eeljeti oti\u0107i. Iskreno, vjerujem da \u0107e na\u0161i prijatelji iz me\u0111unarodne zajednice, Republike Hrvatske, ali prije svega politi\u010dki predstavnici Hrvata i Bo\u0161njaka i svi koji \u017eele da BiH bude normalna i stabilna dr\u017eava sjetiti se obveza koje su potpisane. Ako se to ne u\u010dini mislim da je pred svima nama vrlo neizvjesno vrijeme, posebno u ovom turbulentnom razdoblju kada imamo rat u srcu Europe\u201c, istaknuo je u svom obra\u0107anju gradona\u010delnik Mostara dr. Mario Kordi\u0107.<\/p>\n\n\n\n<figure class=\"wp-block-image\"><img decoding=\"async\" src=\"https:\/\/hms.ba\/wp-content\/uploads\/2022\/07\/gradonacelnik-kongres.webp\" alt=\"\" title=\"gradonacelnik-kongres\"\/><\/figure>\n\n\n\n<p>Radni dio Kongresa, na kojemu \u0107e sudjelovati 150 znanstvenika i profesora iz cijeloga svijeta, planiran je kroz izlaganja i panel rasprave te obuhva\u0107a pitanja i teme kao \u0161to su hrvatski narod u BiH, demografski izazovi i hrvatsko iseljeni\u0161tvo u pro\u0161losti i sada\u0161njosti, iseljavanje i migracijski procesi, vanjski i unutra\u0161nji \u010dimbenici, politika RH prema iseljeni\u0161tvu, gospodarske veze, uloga Katoli\u010dke Crkve u \u010duvanju hrvatskoga nacionalnog i vjerskog identiteta, povijesni osvrti i dru\u0161tveni procesi, novi oblici povezivanja i umre\u017eavanja, ba\u0161tina, umjetnost i otvorena znanost, potencijali kulturne i kreativne industrije u povezivanju domovinske i iseljene Hrvatske te digitalno okru\u017eenje i ICT industrija, objavljeno je na mre\u017enim stranicama Grada Mostara.<\/p>\n\n\n\n<p>\/HMS\/<\/p>\n","protected":false},"excerpt":{"rendered":"<p>Nakon Zagreba, \u0160ibenika, Osijeka i Marije Bistrice, Peti hrvatski iseljeni\u010dki kongres organizira se na Sveu\u010dili\u0161tu u Mostaru kako bi se ukazalo na povijesni zna\u010daj i ulogu koju su Hrvati Bosne i Hercegovine imali u povijesti mati\u010dne domovine Hrvatske. Organizatori su Hrvatskoga iseljeni\u010dkog kongresa Centar za istra\u017eivanje hrvatskog iseljeni\u0161tva i SUM. U ceremoniji otvaranja ju\u010der je [&hellip;]<\/p>\n","protected":false},"author":2,"featured_media":155282,"comment_status":"closed","ping_status":"closed","sticky":false,"template":"","format":"standard","meta":{"h5ap_radio_sources":[],"footnotes":""},"categories":[1],"tags":[],"class_list":["post-155281","post","type-post","status-publish","format-standard","has-post-thumbnail","hentry","category-bihiregija"],"yoast_head":"<!-- This site is optimized with the Yoast SEO plugin v27.5 - https:\/\/yoast.com\/product\/yoast-seo-wordpress\/ -->\n<title>Kordi\u0107 na Hrvatskom iseljeni\u010dkom kongresu: Mostar je postao grad primjer - RADIO LJUBU\u0160KI<\/title>\n<meta name=\"robots\" content=\"index, follow, max-snippet:-1, max-image-preview:large, max-video-preview:-1\" \/>\n<link rel=\"canonical\" href=\"https:\/\/radioljubuski.ba\/index.php\/2022\/07\/02\/kordic-na-hrvatskom-iseljenickom-kongresu-mostar-je-postao-grad-primjer\/\" \/>\n<meta property=\"og:locale\" content=\"hr_HR\" \/>\n<meta property=\"og:type\" content=\"article\" \/>\n<meta property=\"og:title\" content=\"Kordi\u0107 na Hrvatskom iseljeni\u010dkom kongresu: Mostar je postao grad primjer - RADIO LJUBU\u0160KI\" \/>\n<meta property=\"og:description\" content=\"Nakon Zagreba, \u0160ibenika, Osijeka i Marije Bistrice, Peti hrvatski iseljeni\u010dki kongres organizira se na Sveu\u010dili\u0161tu u Mostaru kako bi se ukazalo na povijesni zna\u010daj i ulogu koju su Hrvati Bosne i Hercegovine imali u povijesti mati\u010dne domovine Hrvatske. Organizatori su Hrvatskoga iseljeni\u010dkog kongresa Centar za istra\u017eivanje hrvatskog iseljeni\u0161tva i SUM. U ceremoniji otvaranja ju\u010der je [&hellip;]\" \/>\n<meta property=\"og:url\" content=\"https:\/\/radioljubuski.ba\/index.php\/2022\/07\/02\/kordic-na-hrvatskom-iseljenickom-kongresu-mostar-je-postao-grad-primjer\/\" \/>\n<meta property=\"og:site_name\" content=\"RADIO LJUBU\u0160KI\" \/>\n<meta property=\"article:publisher\" content=\"https:\/\/www.facebook.com\/Radiio-Ljubuski-1490835324566332\" \/>\n<meta property=\"article:published_time\" content=\"2022-07-02T09:21:26+00:00\" \/>\n<meta property=\"article:modified_time\" content=\"2022-07-02T09:21:28+00:00\" \/>\n<meta property=\"og:image\" content=\"https:\/\/radioljubuski.ba\/wp-content\/uploads\/2022\/07\/kordic.png\" \/>\n\t<meta property=\"og:image:width\" content=\"805\" \/>\n\t<meta property=\"og:image:height\" content=\"624\" \/>\n\t<meta property=\"og:image:type\" content=\"image\/png\" \/>\n<meta name=\"author\" content=\"Radio Ljubu\u0161ki\" \/>\n<meta name=\"twitter:card\" content=\"summary_large_image\" \/>\n<meta name=\"twitter:creator\" content=\"@radioljubuski\" \/>\n<meta name=\"twitter:site\" content=\"@radioljubuski\" \/>\n<meta name=\"twitter:label1\" content=\"Napisao\/la\" \/>\n\t<meta name=\"twitter:data1\" content=\"Radio Ljubu\u0161ki\" \/>\n\t<meta name=\"twitter:label2\" content=\"Procijenjeno vrijeme \u010ditanja\" \/>\n\t<meta name=\"twitter:data2\" content=\"3 minute\" \/>\n<script type=\"application\/ld+json\" class=\"yoast-schema-graph\">{\"@context\":\"https:\\\/\\\/schema.org\",\"@graph\":[{\"@type\":\"Article\",\"@id\":\"https:\\\/\\\/radioljubuski.ba\\\/index.php\\\/2022\\\/07\\\/02\\\/kordic-na-hrvatskom-iseljenickom-kongresu-mostar-je-postao-grad-primjer\\\/#article\",\"isPartOf\":{\"@id\":\"https:\\\/\\\/radioljubuski.ba\\\/index.php\\\/2022\\\/07\\\/02\\\/kordic-na-hrvatskom-iseljenickom-kongresu-mostar-je-postao-grad-primjer\\\/\"},\"author\":{\"name\":\"Radio Ljubu\u0161ki\",\"@id\":\"https:\\\/\\\/radioljubuski.ba\\\/#\\\/schema\\\/person\\\/19fc700381a780f69665d7956c469e3b\"},\"headline\":\"Kordi\u0107 na Hrvatskom iseljeni\u010dkom kongresu: Mostar je postao grad primjer\",\"datePublished\":\"2022-07-02T09:21:26+00:00\",\"dateModified\":\"2022-07-02T09:21:28+00:00\",\"mainEntityOfPage\":{\"@id\":\"https:\\\/\\\/radioljubuski.ba\\\/index.php\\\/2022\\\/07\\\/02\\\/kordic-na-hrvatskom-iseljenickom-kongresu-mostar-je-postao-grad-primjer\\\/\"},\"wordCount\":507,\"publisher\":{\"@id\":\"https:\\\/\\\/radioljubuski.ba\\\/#organization\"},\"image\":{\"@id\":\"https:\\\/\\\/radioljubuski.ba\\\/index.php\\\/2022\\\/07\\\/02\\\/kordic-na-hrvatskom-iseljenickom-kongresu-mostar-je-postao-grad-primjer\\\/#primaryimage\"},\"thumbnailUrl\":\"https:\\\/\\\/radioljubuski.ba\\\/wp-content\\\/uploads\\\/2022\\\/07\\\/kordic.png\",\"articleSection\":[\"BIH i regija\"],\"inLanguage\":\"hr\"},{\"@type\":\"WebPage\",\"@id\":\"https:\\\/\\\/radioljubuski.ba\\\/index.php\\\/2022\\\/07\\\/02\\\/kordic-na-hrvatskom-iseljenickom-kongresu-mostar-je-postao-grad-primjer\\\/\",\"url\":\"https:\\\/\\\/radioljubuski.ba\\\/index.php\\\/2022\\\/07\\\/02\\\/kordic-na-hrvatskom-iseljenickom-kongresu-mostar-je-postao-grad-primjer\\\/\",\"name\":\"Kordi\u0107 na Hrvatskom iseljeni\u010dkom kongresu: Mostar je postao grad primjer - RADIO LJUBU\u0160KI\",\"isPartOf\":{\"@id\":\"https:\\\/\\\/radioljubuski.ba\\\/#website\"},\"primaryImageOfPage\":{\"@id\":\"https:\\\/\\\/radioljubuski.ba\\\/index.php\\\/2022\\\/07\\\/02\\\/kordic-na-hrvatskom-iseljenickom-kongresu-mostar-je-postao-grad-primjer\\\/#primaryimage\"},\"image\":{\"@id\":\"https:\\\/\\\/radioljubuski.ba\\\/index.php\\\/2022\\\/07\\\/02\\\/kordic-na-hrvatskom-iseljenickom-kongresu-mostar-je-postao-grad-primjer\\\/#primaryimage\"},\"thumbnailUrl\":\"https:\\\/\\\/radioljubuski.ba\\\/wp-content\\\/uploads\\\/2022\\\/07\\\/kordic.png\",\"datePublished\":\"2022-07-02T09:21:26+00:00\",\"dateModified\":\"2022-07-02T09:21:28+00:00\",\"breadcrumb\":{\"@id\":\"https:\\\/\\\/radioljubuski.ba\\\/index.php\\\/2022\\\/07\\\/02\\\/kordic-na-hrvatskom-iseljenickom-kongresu-mostar-je-postao-grad-primjer\\\/#breadcrumb\"},\"inLanguage\":\"hr\",\"potentialAction\":[{\"@type\":\"ReadAction\",\"target\":[\"https:\\\/\\\/radioljubuski.ba\\\/index.php\\\/2022\\\/07\\\/02\\\/kordic-na-hrvatskom-iseljenickom-kongresu-mostar-je-postao-grad-primjer\\\/\"]}]},{\"@type\":\"ImageObject\",\"inLanguage\":\"hr\",\"@id\":\"https:\\\/\\\/radioljubuski.ba\\\/index.php\\\/2022\\\/07\\\/02\\\/kordic-na-hrvatskom-iseljenickom-kongresu-mostar-je-postao-grad-primjer\\\/#primaryimage\",\"url\":\"https:\\\/\\\/radioljubuski.ba\\\/wp-content\\\/uploads\\\/2022\\\/07\\\/kordic.png\",\"contentUrl\":\"https:\\\/\\\/radioljubuski.ba\\\/wp-content\\\/uploads\\\/2022\\\/07\\\/kordic.png\",\"width\":805,\"height\":624},{\"@type\":\"BreadcrumbList\",\"@id\":\"https:\\\/\\\/radioljubuski.ba\\\/index.php\\\/2022\\\/07\\\/02\\\/kordic-na-hrvatskom-iseljenickom-kongresu-mostar-je-postao-grad-primjer\\\/#breadcrumb\",\"itemListElement\":[{\"@type\":\"ListItem\",\"position\":1,\"name\":\"Po\u010detna stranica\",\"item\":\"https:\\\/\\\/radioljubuski.ba\\\/\"},{\"@type\":\"ListItem\",\"position\":2,\"name\":\"Kordi\u0107 na Hrvatskom iseljeni\u010dkom kongresu: Mostar je postao grad primjer\"}]},{\"@type\":\"WebSite\",\"@id\":\"https:\\\/\\\/radioljubuski.ba\\\/#website\",\"url\":\"https:\\\/\\\/radioljubuski.ba\\\/\",\"name\":\"Radio Ljubu\u0161ki\",\"description\":\"Sun\u010dana frekvencija Hercegovine\",\"publisher\":{\"@id\":\"https:\\\/\\\/radioljubuski.ba\\\/#organization\"},\"potentialAction\":[{\"@type\":\"SearchAction\",\"target\":{\"@type\":\"EntryPoint\",\"urlTemplate\":\"https:\\\/\\\/radioljubuski.ba\\\/?s={search_term_string}\"},\"query-input\":{\"@type\":\"PropertyValueSpecification\",\"valueRequired\":true,\"valueName\":\"search_term_string\"}}],\"inLanguage\":\"hr\"},{\"@type\":\"Organization\",\"@id\":\"https:\\\/\\\/radioljubuski.ba\\\/#organization\",\"name\":\"Radio Ljubu\u0161ki\",\"url\":\"https:\\\/\\\/radioljubuski.ba\\\/\",\"logo\":{\"@type\":\"ImageObject\",\"inLanguage\":\"hr\",\"@id\":\"https:\\\/\\\/radioljubuski.ba\\\/#\\\/schema\\\/logo\\\/image\\\/\",\"url\":\"https:\\\/\\\/radioljubuski.ba\\\/wp-content\\\/uploads\\\/2021\\\/02\\\/cropped-Radio_Ljubuski_logo1.jpg\",\"contentUrl\":\"https:\\\/\\\/radioljubuski.ba\\\/wp-content\\\/uploads\\\/2021\\\/02\\\/cropped-Radio_Ljubuski_logo1.jpg\",\"width\":512,\"height\":512,\"caption\":\"Radio Ljubu\u0161ki\"},\"image\":{\"@id\":\"https:\\\/\\\/radioljubuski.ba\\\/#\\\/schema\\\/logo\\\/image\\\/\"},\"sameAs\":[\"https:\\\/\\\/www.facebook.com\\\/Radiio-Ljubuski-1490835324566332\",\"https:\\\/\\\/x.com\\\/radioljubuski\",\"https:\\\/\\\/hr.linkedin.com\\\/company\\\/radio-ljubuski\",\"https:\\\/\\\/www.youtube.com\\\/channel\\\/UCHYaeO_n0Db3tjNGudGpXyw\"]},{\"@type\":\"Person\",\"@id\":\"https:\\\/\\\/radioljubuski.ba\\\/#\\\/schema\\\/person\\\/19fc700381a780f69665d7956c469e3b\",\"name\":\"Radio Ljubu\u0161ki\"}]}<\/script>\n<!-- \/ Yoast SEO plugin. -->","yoast_head_json":{"title":"Kordi\u0107 na Hrvatskom iseljeni\u010dkom kongresu: Mostar je postao grad primjer - RADIO LJUBU\u0160KI","robots":{"index":"index","follow":"follow","max-snippet":"max-snippet:-1","max-image-preview":"max-image-preview:large","max-video-preview":"max-video-preview:-1"},"canonical":"https:\/\/radioljubuski.ba\/index.php\/2022\/07\/02\/kordic-na-hrvatskom-iseljenickom-kongresu-mostar-je-postao-grad-primjer\/","og_locale":"hr_HR","og_type":"article","og_title":"Kordi\u0107 na Hrvatskom iseljeni\u010dkom kongresu: Mostar je postao grad primjer - RADIO LJUBU\u0160KI","og_description":"Nakon Zagreba, \u0160ibenika, Osijeka i Marije Bistrice, Peti hrvatski iseljeni\u010dki kongres organizira se na Sveu\u010dili\u0161tu u Mostaru kako bi se ukazalo na povijesni zna\u010daj i ulogu koju su Hrvati Bosne i Hercegovine imali u povijesti mati\u010dne domovine Hrvatske. Organizatori su Hrvatskoga iseljeni\u010dkog kongresa Centar za istra\u017eivanje hrvatskog iseljeni\u0161tva i SUM. U ceremoniji otvaranja ju\u010der je [&hellip;]","og_url":"https:\/\/radioljubuski.ba\/index.php\/2022\/07\/02\/kordic-na-hrvatskom-iseljenickom-kongresu-mostar-je-postao-grad-primjer\/","og_site_name":"RADIO LJUBU\u0160KI","article_publisher":"https:\/\/www.facebook.com\/Radiio-Ljubuski-1490835324566332","article_published_time":"2022-07-02T09:21:26+00:00","article_modified_time":"2022-07-02T09:21:28+00:00","og_image":[{"width":805,"height":624,"url":"https:\/\/radioljubuski.ba\/wp-content\/uploads\/2022\/07\/kordic.png","type":"image\/png"}],"author":"Radio Ljubu\u0161ki","twitter_card":"summary_large_image","twitter_creator":"@radioljubuski","twitter_site":"@radioljubuski","twitter_misc":{"Napisao\/la":"Radio Ljubu\u0161ki","Procijenjeno vrijeme \u010ditanja":"3 minute"},"schema":{"@context":"https:\/\/schema.org","@graph":[{"@type":"Article","@id":"https:\/\/radioljubuski.ba\/index.php\/2022\/07\/02\/kordic-na-hrvatskom-iseljenickom-kongresu-mostar-je-postao-grad-primjer\/#article","isPartOf":{"@id":"https:\/\/radioljubuski.ba\/index.php\/2022\/07\/02\/kordic-na-hrvatskom-iseljenickom-kongresu-mostar-je-postao-grad-primjer\/"},"author":{"name":"Radio Ljubu\u0161ki","@id":"https:\/\/radioljubuski.ba\/#\/schema\/person\/19fc700381a780f69665d7956c469e3b"},"headline":"Kordi\u0107 na Hrvatskom iseljeni\u010dkom kongresu: Mostar je postao grad primjer","datePublished":"2022-07-02T09:21:26+00:00","dateModified":"2022-07-02T09:21:28+00:00","mainEntityOfPage":{"@id":"https:\/\/radioljubuski.ba\/index.php\/2022\/07\/02\/kordic-na-hrvatskom-iseljenickom-kongresu-mostar-je-postao-grad-primjer\/"},"wordCount":507,"publisher":{"@id":"https:\/\/radioljubuski.ba\/#organization"},"image":{"@id":"https:\/\/radioljubuski.ba\/index.php\/2022\/07\/02\/kordic-na-hrvatskom-iseljenickom-kongresu-mostar-je-postao-grad-primjer\/#primaryimage"},"thumbnailUrl":"https:\/\/radioljubuski.ba\/wp-content\/uploads\/2022\/07\/kordic.png","articleSection":["BIH i regija"],"inLanguage":"hr"},{"@type":"WebPage","@id":"https:\/\/radioljubuski.ba\/index.php\/2022\/07\/02\/kordic-na-hrvatskom-iseljenickom-kongresu-mostar-je-postao-grad-primjer\/","url":"https:\/\/radioljubuski.ba\/index.php\/2022\/07\/02\/kordic-na-hrvatskom-iseljenickom-kongresu-mostar-je-postao-grad-primjer\/","name":"Kordi\u0107 na Hrvatskom iseljeni\u010dkom kongresu: Mostar je postao grad primjer - RADIO LJUBU\u0160KI","isPartOf":{"@id":"https:\/\/radioljubuski.ba\/#website"},"primaryImageOfPage":{"@id":"https:\/\/radioljubuski.ba\/index.php\/2022\/07\/02\/kordic-na-hrvatskom-iseljenickom-kongresu-mostar-je-postao-grad-primjer\/#primaryimage"},"image":{"@id":"https:\/\/radioljubuski.ba\/index.php\/2022\/07\/02\/kordic-na-hrvatskom-iseljenickom-kongresu-mostar-je-postao-grad-primjer\/#primaryimage"},"thumbnailUrl":"https:\/\/radioljubuski.ba\/wp-content\/uploads\/2022\/07\/kordic.png","datePublished":"2022-07-02T09:21:26+00:00","dateModified":"2022-07-02T09:21:28+00:00","breadcrumb":{"@id":"https:\/\/radioljubuski.ba\/index.php\/2022\/07\/02\/kordic-na-hrvatskom-iseljenickom-kongresu-mostar-je-postao-grad-primjer\/#breadcrumb"},"inLanguage":"hr","potentialAction":[{"@type":"ReadAction","target":["https:\/\/radioljubuski.ba\/index.php\/2022\/07\/02\/kordic-na-hrvatskom-iseljenickom-kongresu-mostar-je-postao-grad-primjer\/"]}]},{"@type":"ImageObject","inLanguage":"hr","@id":"https:\/\/radioljubuski.ba\/index.php\/2022\/07\/02\/kordic-na-hrvatskom-iseljenickom-kongresu-mostar-je-postao-grad-primjer\/#primaryimage","url":"https:\/\/radioljubuski.ba\/wp-content\/uploads\/2022\/07\/kordic.png","contentUrl":"https:\/\/radioljubuski.ba\/wp-content\/uploads\/2022\/07\/kordic.png","width":805,"height":624},{"@type":"BreadcrumbList","@id":"https:\/\/radioljubuski.ba\/index.php\/2022\/07\/02\/kordic-na-hrvatskom-iseljenickom-kongresu-mostar-je-postao-grad-primjer\/#breadcrumb","itemListElement":[{"@type":"ListItem","position":1,"name":"Po\u010detna stranica","item":"https:\/\/radioljubuski.ba\/"},{"@type":"ListItem","position":2,"name":"Kordi\u0107 na Hrvatskom iseljeni\u010dkom kongresu: Mostar je postao grad primjer"}]},{"@type":"WebSite","@id":"https:\/\/radioljubuski.ba\/#website","url":"https:\/\/radioljubuski.ba\/","name":"Radio Ljubu\u0161ki","description":"Sun\u010dana frekvencija Hercegovine","publisher":{"@id":"https:\/\/radioljubuski.ba\/#organization"},"potentialAction":[{"@type":"SearchAction","target":{"@type":"EntryPoint","urlTemplate":"https:\/\/radioljubuski.ba\/?s={search_term_string}"},"query-input":{"@type":"PropertyValueSpecification","valueRequired":true,"valueName":"search_term_string"}}],"inLanguage":"hr"},{"@type":"Organization","@id":"https:\/\/radioljubuski.ba\/#organization","name":"Radio Ljubu\u0161ki","url":"https:\/\/radioljubuski.ba\/","logo":{"@type":"ImageObject","inLanguage":"hr","@id":"https:\/\/radioljubuski.ba\/#\/schema\/logo\/image\/","url":"https:\/\/radioljubuski.ba\/wp-content\/uploads\/2021\/02\/cropped-Radio_Ljubuski_logo1.jpg","contentUrl":"https:\/\/radioljubuski.ba\/wp-content\/uploads\/2021\/02\/cropped-Radio_Ljubuski_logo1.jpg","width":512,"height":512,"caption":"Radio Ljubu\u0161ki"},"image":{"@id":"https:\/\/radioljubuski.ba\/#\/schema\/logo\/image\/"},"sameAs":["https:\/\/www.facebook.com\/Radiio-Ljubuski-1490835324566332","https:\/\/x.com\/radioljubuski","https:\/\/hr.linkedin.com\/company\/radio-ljubuski","https:\/\/www.youtube.com\/channel\/UCHYaeO_n0Db3tjNGudGpXyw"]},{"@type":"Person","@id":"https:\/\/radioljubuski.ba\/#\/schema\/person\/19fc700381a780f69665d7956c469e3b","name":"Radio Ljubu\u0161ki"}]}},"_links":{"self":[{"href":"https:\/\/radioljubuski.ba\/index.php\/wp-json\/wp\/v2\/posts\/155281","targetHints":{"allow":["GET"]}}],"collection":[{"href":"https:\/\/radioljubuski.ba\/index.php\/wp-json\/wp\/v2\/posts"}],"about":[{"href":"https:\/\/radioljubuski.ba\/index.php\/wp-json\/wp\/v2\/types\/post"}],"author":[{"embeddable":true,"href":"https:\/\/radioljubuski.ba\/index.php\/wp-json\/wp\/v2\/users\/2"}],"replies":[{"embeddable":true,"href":"https:\/\/radioljubuski.ba\/index.php\/wp-json\/wp\/v2\/comments?post=155281"}],"version-history":[{"count":1,"href":"https:\/\/radioljubuski.ba\/index.php\/wp-json\/wp\/v2\/posts\/155281\/revisions"}],"predecessor-version":[{"id":155283,"href":"https:\/\/radioljubuski.ba\/index.php\/wp-json\/wp\/v2\/posts\/155281\/revisions\/155283"}],"wp:featuredmedia":[{"embeddable":true,"href":"https:\/\/radioljubuski.ba\/index.php\/wp-json\/wp\/v2\/media\/155282"}],"wp:attachment":[{"href":"https:\/\/radioljubuski.ba\/index.php\/wp-json\/wp\/v2\/media?parent=155281"}],"wp:term":[{"taxonomy":"category","embeddable":true,"href":"https:\/\/radioljubuski.ba\/index.php\/wp-json\/wp\/v2\/categories?post=155281"},{"taxonomy":"post_tag","embeddable":true,"href":"https:\/\/radioljubuski.ba\/index.php\/wp-json\/wp\/v2\/tags?post=155281"}],"curies":[{"name":"wp","href":"https:\/\/api.w.org\/{rel}","templated":true}]}}