{"id":155286,"date":"2022-07-02T10:25:59","date_gmt":"2022-07-02T09:25:59","guid":{"rendered":"https:\/\/radioljubuski.ba\/?p=155286"},"modified":"2022-07-02T10:26:01","modified_gmt":"2022-07-02T09:26:01","slug":"izetbegovic-ide-u-bruxelles-eu-diplomati-inzistiraju-na-potpisivanju-bosnjacko-hrvatskog-sporazuma","status":"publish","type":"post","link":"https:\/\/radioljubuski.ba\/index.php\/2022\/07\/02\/izetbegovic-ide-u-bruxelles-eu-diplomati-inzistiraju-na-potpisivanju-bosnjacko-hrvatskog-sporazuma\/","title":{"rendered":"Izetbegovi\u0107 ide u Bruxelles; EU diplomati inzistiraju na potpisivanju \u201cbo\u0161nja\u010dko-hrvatskog sporazuma\u201d"},"content":{"rendered":"\n<p><strong>Bakir Izetbegovi\u0107 ipak putuje u Bruxelles gdje \u0107e 6. srpnja, uz posredovanje Olivera V\u00e1rhelyija, imati sastanke s liderima HDZ-a i SNSD-a, doznaje <a href=\"https:\/\/istraga.ba\/predsjednik-sda-popustio-pod-pritiskom-izetbegovic-ide-u-brisel-na-sastanak-sa-varhelyijem-covicem-i-dodikom\/\">Istraga.ba<\/a>.<\/strong><\/p>\n\n\n\n<p>Podsje\u0107amo, predsjednik SDA je prije tri dana odbacio poziv europskog povjerenika za pro\u0161irenje Olivera V\u00e1rhelyija za sudjelovanje na sastanku s vode\u0107im politi\u010darima iz druga dva konstitutivna naroda u BiH, Draganom \u010covi\u0107em i Miloradom Dodikom.<\/p>\n\n\n\n<p>\u201cTakav format ne po\u0161tuje institucije i ustavnu strukturu Bosne i Hercegovine. Bosna i Hercegovina nije prosti zbroj tri \u2018konstitutivna naroda\u2019 i ovako reducirani format ne mo\u017ee donijeti nikakav rezultat, naro\u010dito nakon koordiniranog djelovanja SNSD-a i HDZ-a u Domu naroda Parlamenta BiH na ru\u0161enju zakona koji su uvjet za ispunjavanje prioriteta iz Mi\u0161ljenja Europske komisije i dodjeljivanje kandidatskog statusa Bosni i Hercegovini\u201d, pisalo je u odgovoru kojeg je Halid Genjac, u ime SDA, uputio V\u00e1rhelyiju.<\/p>\n\n\n\n<p>Ali dva dana kasnije Izetbegovi\u0107 se predomislio. Ipak \u0107e narednog tjedna otputovati u Bruxelles gdje \u0107e imati sastanke s \u010covi\u0107em, Dodikom i europskim du\u017enosnicima. Tema \u0107e, kako doznaje spomenuti portal blizak bo\u0161nja\u010dkim obavje\u0161tajnim strukturama, biti izmjene Izbornog zakona BiH.<\/p>\n\n\n\n<p>Lider HDZ-a BiH Dragan \u010covi\u0107 je ranije potvrdio da \u0107e i\u0107i u Bruxelles, a isto je u petak popodne potvrdio i Milorad Dodik. Izetbegovi\u0107 je, podsje\u0107amo, rekao da ne mo\u017ee prisustvovati sastanku kao predstavnik jednog od konstitutivnih naroda. Od V\u00e1rhelyija je, kako pi\u0161e Istraga, tra\u017eio da ne bude trilateralni sastanak, ve\u0107 da pristaje samo na \u201cbilateralu\u201d. Ali istog dana u Bruxellesu \u0107e biti Milorad Dodik i Dragan \u010covi\u0107. Izvori Istrage iz EU navode da \u0107e du\u017enosnici EU inzistirati kod Izetbegovi\u0107a da potpi\u0161e \u201cbo\u0161nja\u010dko-hrvatski\u201d sporazum koji bi bio put u \u201crelaksaciju odnosa\u201d Hrvata i Bo\u0161njaka.<\/p>\n\n\n\n<p>Sastanci u Bruxellesu se odr\u017eavaju na inicijativu ma\u0111arskog diplomata Olivera V\u00e1rhelyija koji je po mi\u0161ljenju spomenutog portala proteklih mjeseci pru\u017eao jasnu podr\u0161ku Milorad Dodiku i Draganu \u010covi\u0107u.<\/p>\n\n\n\n<p>\/HMS\/<\/p>\n","protected":false},"excerpt":{"rendered":"<p>Bakir Izetbegovi\u0107 ipak putuje u Bruxelles gdje \u0107e 6. srpnja, uz posredovanje Olivera V\u00e1rhelyija, imati sastanke s liderima HDZ-a i SNSD-a, doznaje Istraga.ba. Podsje\u0107amo, predsjednik SDA je prije tri dana odbacio poziv europskog povjerenika za pro\u0161irenje Olivera V\u00e1rhelyija za sudjelovanje na sastanku s vode\u0107im politi\u010darima iz druga dva konstitutivna naroda u BiH, Draganom \u010covi\u0107em i [&hellip;]<\/p>\n","protected":false},"author":2,"featured_media":0,"comment_status":"closed","ping_status":"closed","sticky":false,"template":"","format":"standard","meta":{"h5ap_radio_sources":[],"footnotes":""},"categories":[1],"tags":[],"class_list":["post-155286","post","type-post","status-publish","format-standard","hentry","category-bihiregija"],"yoast_head":"<!-- This site is optimized with the Yoast SEO plugin v27.5 - https:\/\/yoast.com\/product\/yoast-seo-wordpress\/ -->\n<title>Izetbegovi\u0107 ide u Bruxelles; EU diplomati inzistiraju na potpisivanju \u201cbo\u0161nja\u010dko-hrvatskog sporazuma\u201d - RADIO LJUBU\u0160KI<\/title>\n<meta name=\"robots\" content=\"index, follow, max-snippet:-1, max-image-preview:large, max-video-preview:-1\" \/>\n<link rel=\"canonical\" href=\"https:\/\/radioljubuski.ba\/index.php\/2022\/07\/02\/izetbegovic-ide-u-bruxelles-eu-diplomati-inzistiraju-na-potpisivanju-bosnjacko-hrvatskog-sporazuma\/\" \/>\n<meta property=\"og:locale\" content=\"hr_HR\" \/>\n<meta property=\"og:type\" content=\"article\" \/>\n<meta property=\"og:title\" content=\"Izetbegovi\u0107 ide u Bruxelles; EU diplomati inzistiraju na potpisivanju \u201cbo\u0161nja\u010dko-hrvatskog sporazuma\u201d - RADIO LJUBU\u0160KI\" \/>\n<meta property=\"og:description\" content=\"Bakir Izetbegovi\u0107 ipak putuje u Bruxelles gdje \u0107e 6. srpnja, uz posredovanje Olivera V\u00e1rhelyija, imati sastanke s liderima HDZ-a i SNSD-a, doznaje Istraga.ba. Podsje\u0107amo, predsjednik SDA je prije tri dana odbacio poziv europskog povjerenika za pro\u0161irenje Olivera V\u00e1rhelyija za sudjelovanje na sastanku s vode\u0107im politi\u010darima iz druga dva konstitutivna naroda u BiH, Draganom \u010covi\u0107em i [&hellip;]\" \/>\n<meta property=\"og:url\" content=\"https:\/\/radioljubuski.ba\/index.php\/2022\/07\/02\/izetbegovic-ide-u-bruxelles-eu-diplomati-inzistiraju-na-potpisivanju-bosnjacko-hrvatskog-sporazuma\/\" \/>\n<meta property=\"og:site_name\" content=\"RADIO LJUBU\u0160KI\" \/>\n<meta property=\"article:publisher\" content=\"https:\/\/www.facebook.com\/Radiio-Ljubuski-1490835324566332\" \/>\n<meta property=\"article:published_time\" content=\"2022-07-02T09:25:59+00:00\" \/>\n<meta property=\"article:modified_time\" content=\"2022-07-02T09:26:01+00:00\" \/>\n<meta property=\"og:image\" content=\"https:\/\/radioljubuski.ba\/wp-content\/uploads\/2022\/07\/bakir-n1-e1651768569911-1068x540-1.jpg\" \/>\n\t<meta property=\"og:image:width\" content=\"1068\" \/>\n\t<meta property=\"og:image:height\" content=\"540\" \/>\n\t<meta property=\"og:image:type\" content=\"image\/jpeg\" \/>\n<meta name=\"author\" content=\"Radio Ljubu\u0161ki\" \/>\n<meta name=\"twitter:card\" content=\"summary_large_image\" \/>\n<meta name=\"twitter:creator\" content=\"@radioljubuski\" \/>\n<meta name=\"twitter:site\" content=\"@radioljubuski\" \/>\n<meta name=\"twitter:label1\" content=\"Napisao\/la\" \/>\n\t<meta name=\"twitter:data1\" content=\"Radio Ljubu\u0161ki\" \/>\n\t<meta name=\"twitter:label2\" content=\"Procijenjeno vrijeme \u010ditanja\" \/>\n\t<meta name=\"twitter:data2\" content=\"2 minute\" \/>\n<script type=\"application\/ld+json\" class=\"yoast-schema-graph\">{\"@context\":\"https:\\\/\\\/schema.org\",\"@graph\":[{\"@type\":\"Article\",\"@id\":\"https:\\\/\\\/radioljubuski.ba\\\/index.php\\\/2022\\\/07\\\/02\\\/izetbegovic-ide-u-bruxelles-eu-diplomati-inzistiraju-na-potpisivanju-bosnjacko-hrvatskog-sporazuma\\\/#article\",\"isPartOf\":{\"@id\":\"https:\\\/\\\/radioljubuski.ba\\\/index.php\\\/2022\\\/07\\\/02\\\/izetbegovic-ide-u-bruxelles-eu-diplomati-inzistiraju-na-potpisivanju-bosnjacko-hrvatskog-sporazuma\\\/\"},\"author\":{\"name\":\"Radio Ljubu\u0161ki\",\"@id\":\"https:\\\/\\\/radioljubuski.ba\\\/#\\\/schema\\\/person\\\/19fc700381a780f69665d7956c469e3b\"},\"headline\":\"Izetbegovi\u0107 ide u Bruxelles; EU diplomati inzistiraju na potpisivanju \u201cbo\u0161nja\u010dko-hrvatskog sporazuma\u201d\",\"datePublished\":\"2022-07-02T09:25:59+00:00\",\"dateModified\":\"2022-07-02T09:26:01+00:00\",\"mainEntityOfPage\":{\"@id\":\"https:\\\/\\\/radioljubuski.ba\\\/index.php\\\/2022\\\/07\\\/02\\\/izetbegovic-ide-u-bruxelles-eu-diplomati-inzistiraju-na-potpisivanju-bosnjacko-hrvatskog-sporazuma\\\/\"},\"wordCount\":342,\"publisher\":{\"@id\":\"https:\\\/\\\/radioljubuski.ba\\\/#organization\"},\"articleSection\":[\"BIH i regija\"],\"inLanguage\":\"hr\"},{\"@type\":\"WebPage\",\"@id\":\"https:\\\/\\\/radioljubuski.ba\\\/index.php\\\/2022\\\/07\\\/02\\\/izetbegovic-ide-u-bruxelles-eu-diplomati-inzistiraju-na-potpisivanju-bosnjacko-hrvatskog-sporazuma\\\/\",\"url\":\"https:\\\/\\\/radioljubuski.ba\\\/index.php\\\/2022\\\/07\\\/02\\\/izetbegovic-ide-u-bruxelles-eu-diplomati-inzistiraju-na-potpisivanju-bosnjacko-hrvatskog-sporazuma\\\/\",\"name\":\"Izetbegovi\u0107 ide u Bruxelles; EU diplomati inzistiraju na potpisivanju \u201cbo\u0161nja\u010dko-hrvatskog sporazuma\u201d - RADIO LJUBU\u0160KI\",\"isPartOf\":{\"@id\":\"https:\\\/\\\/radioljubuski.ba\\\/#website\"},\"datePublished\":\"2022-07-02T09:25:59+00:00\",\"dateModified\":\"2022-07-02T09:26:01+00:00\",\"breadcrumb\":{\"@id\":\"https:\\\/\\\/radioljubuski.ba\\\/index.php\\\/2022\\\/07\\\/02\\\/izetbegovic-ide-u-bruxelles-eu-diplomati-inzistiraju-na-potpisivanju-bosnjacko-hrvatskog-sporazuma\\\/#breadcrumb\"},\"inLanguage\":\"hr\",\"potentialAction\":[{\"@type\":\"ReadAction\",\"target\":[\"https:\\\/\\\/radioljubuski.ba\\\/index.php\\\/2022\\\/07\\\/02\\\/izetbegovic-ide-u-bruxelles-eu-diplomati-inzistiraju-na-potpisivanju-bosnjacko-hrvatskog-sporazuma\\\/\"]}]},{\"@type\":\"BreadcrumbList\",\"@id\":\"https:\\\/\\\/radioljubuski.ba\\\/index.php\\\/2022\\\/07\\\/02\\\/izetbegovic-ide-u-bruxelles-eu-diplomati-inzistiraju-na-potpisivanju-bosnjacko-hrvatskog-sporazuma\\\/#breadcrumb\",\"itemListElement\":[{\"@type\":\"ListItem\",\"position\":1,\"name\":\"Po\u010detna stranica\",\"item\":\"https:\\\/\\\/radioljubuski.ba\\\/\"},{\"@type\":\"ListItem\",\"position\":2,\"name\":\"Izetbegovi\u0107 ide u Bruxelles; EU diplomati inzistiraju na potpisivanju \u201cbo\u0161nja\u010dko-hrvatskog sporazuma\u201d\"}]},{\"@type\":\"WebSite\",\"@id\":\"https:\\\/\\\/radioljubuski.ba\\\/#website\",\"url\":\"https:\\\/\\\/radioljubuski.ba\\\/\",\"name\":\"Radio Ljubu\u0161ki\",\"description\":\"Sun\u010dana frekvencija Hercegovine\",\"publisher\":{\"@id\":\"https:\\\/\\\/radioljubuski.ba\\\/#organization\"},\"potentialAction\":[{\"@type\":\"SearchAction\",\"target\":{\"@type\":\"EntryPoint\",\"urlTemplate\":\"https:\\\/\\\/radioljubuski.ba\\\/?s={search_term_string}\"},\"query-input\":{\"@type\":\"PropertyValueSpecification\",\"valueRequired\":true,\"valueName\":\"search_term_string\"}}],\"inLanguage\":\"hr\"},{\"@type\":\"Organization\",\"@id\":\"https:\\\/\\\/radioljubuski.ba\\\/#organization\",\"name\":\"Radio Ljubu\u0161ki\",\"url\":\"https:\\\/\\\/radioljubuski.ba\\\/\",\"logo\":{\"@type\":\"ImageObject\",\"inLanguage\":\"hr\",\"@id\":\"https:\\\/\\\/radioljubuski.ba\\\/#\\\/schema\\\/logo\\\/image\\\/\",\"url\":\"https:\\\/\\\/radioljubuski.ba\\\/wp-content\\\/uploads\\\/2021\\\/02\\\/cropped-Radio_Ljubuski_logo1.jpg\",\"contentUrl\":\"https:\\\/\\\/radioljubuski.ba\\\/wp-content\\\/uploads\\\/2021\\\/02\\\/cropped-Radio_Ljubuski_logo1.jpg\",\"width\":512,\"height\":512,\"caption\":\"Radio Ljubu\u0161ki\"},\"image\":{\"@id\":\"https:\\\/\\\/radioljubuski.ba\\\/#\\\/schema\\\/logo\\\/image\\\/\"},\"sameAs\":[\"https:\\\/\\\/www.facebook.com\\\/Radiio-Ljubuski-1490835324566332\",\"https:\\\/\\\/x.com\\\/radioljubuski\",\"https:\\\/\\\/hr.linkedin.com\\\/company\\\/radio-ljubuski\",\"https:\\\/\\\/www.youtube.com\\\/channel\\\/UCHYaeO_n0Db3tjNGudGpXyw\"]},{\"@type\":\"Person\",\"@id\":\"https:\\\/\\\/radioljubuski.ba\\\/#\\\/schema\\\/person\\\/19fc700381a780f69665d7956c469e3b\",\"name\":\"Radio Ljubu\u0161ki\"}]}<\/script>\n<!-- \/ Yoast SEO plugin. -->","yoast_head_json":{"title":"Izetbegovi\u0107 ide u Bruxelles; EU diplomati inzistiraju na potpisivanju \u201cbo\u0161nja\u010dko-hrvatskog sporazuma\u201d - RADIO LJUBU\u0160KI","robots":{"index":"index","follow":"follow","max-snippet":"max-snippet:-1","max-image-preview":"max-image-preview:large","max-video-preview":"max-video-preview:-1"},"canonical":"https:\/\/radioljubuski.ba\/index.php\/2022\/07\/02\/izetbegovic-ide-u-bruxelles-eu-diplomati-inzistiraju-na-potpisivanju-bosnjacko-hrvatskog-sporazuma\/","og_locale":"hr_HR","og_type":"article","og_title":"Izetbegovi\u0107 ide u Bruxelles; EU diplomati inzistiraju na potpisivanju \u201cbo\u0161nja\u010dko-hrvatskog sporazuma\u201d - RADIO LJUBU\u0160KI","og_description":"Bakir Izetbegovi\u0107 ipak putuje u Bruxelles gdje \u0107e 6. srpnja, uz posredovanje Olivera V\u00e1rhelyija, imati sastanke s liderima HDZ-a i SNSD-a, doznaje Istraga.ba. Podsje\u0107amo, predsjednik SDA je prije tri dana odbacio poziv europskog povjerenika za pro\u0161irenje Olivera V\u00e1rhelyija za sudjelovanje na sastanku s vode\u0107im politi\u010darima iz druga dva konstitutivna naroda u BiH, Draganom \u010covi\u0107em i [&hellip;]","og_url":"https:\/\/radioljubuski.ba\/index.php\/2022\/07\/02\/izetbegovic-ide-u-bruxelles-eu-diplomati-inzistiraju-na-potpisivanju-bosnjacko-hrvatskog-sporazuma\/","og_site_name":"RADIO LJUBU\u0160KI","article_publisher":"https:\/\/www.facebook.com\/Radiio-Ljubuski-1490835324566332","article_published_time":"2022-07-02T09:25:59+00:00","article_modified_time":"2022-07-02T09:26:01+00:00","og_image":[{"width":1068,"height":540,"url":"https:\/\/radioljubuski.ba\/wp-content\/uploads\/2022\/07\/bakir-n1-e1651768569911-1068x540-1.jpg","type":"image\/jpeg"}],"author":"Radio Ljubu\u0161ki","twitter_card":"summary_large_image","twitter_creator":"@radioljubuski","twitter_site":"@radioljubuski","twitter_misc":{"Napisao\/la":"Radio Ljubu\u0161ki","Procijenjeno vrijeme \u010ditanja":"2 minute"},"schema":{"@context":"https:\/\/schema.org","@graph":[{"@type":"Article","@id":"https:\/\/radioljubuski.ba\/index.php\/2022\/07\/02\/izetbegovic-ide-u-bruxelles-eu-diplomati-inzistiraju-na-potpisivanju-bosnjacko-hrvatskog-sporazuma\/#article","isPartOf":{"@id":"https:\/\/radioljubuski.ba\/index.php\/2022\/07\/02\/izetbegovic-ide-u-bruxelles-eu-diplomati-inzistiraju-na-potpisivanju-bosnjacko-hrvatskog-sporazuma\/"},"author":{"name":"Radio Ljubu\u0161ki","@id":"https:\/\/radioljubuski.ba\/#\/schema\/person\/19fc700381a780f69665d7956c469e3b"},"headline":"Izetbegovi\u0107 ide u Bruxelles; EU diplomati inzistiraju na potpisivanju \u201cbo\u0161nja\u010dko-hrvatskog sporazuma\u201d","datePublished":"2022-07-02T09:25:59+00:00","dateModified":"2022-07-02T09:26:01+00:00","mainEntityOfPage":{"@id":"https:\/\/radioljubuski.ba\/index.php\/2022\/07\/02\/izetbegovic-ide-u-bruxelles-eu-diplomati-inzistiraju-na-potpisivanju-bosnjacko-hrvatskog-sporazuma\/"},"wordCount":342,"publisher":{"@id":"https:\/\/radioljubuski.ba\/#organization"},"articleSection":["BIH i regija"],"inLanguage":"hr"},{"@type":"WebPage","@id":"https:\/\/radioljubuski.ba\/index.php\/2022\/07\/02\/izetbegovic-ide-u-bruxelles-eu-diplomati-inzistiraju-na-potpisivanju-bosnjacko-hrvatskog-sporazuma\/","url":"https:\/\/radioljubuski.ba\/index.php\/2022\/07\/02\/izetbegovic-ide-u-bruxelles-eu-diplomati-inzistiraju-na-potpisivanju-bosnjacko-hrvatskog-sporazuma\/","name":"Izetbegovi\u0107 ide u Bruxelles; EU diplomati inzistiraju na potpisivanju \u201cbo\u0161nja\u010dko-hrvatskog sporazuma\u201d - RADIO LJUBU\u0160KI","isPartOf":{"@id":"https:\/\/radioljubuski.ba\/#website"},"datePublished":"2022-07-02T09:25:59+00:00","dateModified":"2022-07-02T09:26:01+00:00","breadcrumb":{"@id":"https:\/\/radioljubuski.ba\/index.php\/2022\/07\/02\/izetbegovic-ide-u-bruxelles-eu-diplomati-inzistiraju-na-potpisivanju-bosnjacko-hrvatskog-sporazuma\/#breadcrumb"},"inLanguage":"hr","potentialAction":[{"@type":"ReadAction","target":["https:\/\/radioljubuski.ba\/index.php\/2022\/07\/02\/izetbegovic-ide-u-bruxelles-eu-diplomati-inzistiraju-na-potpisivanju-bosnjacko-hrvatskog-sporazuma\/"]}]},{"@type":"BreadcrumbList","@id":"https:\/\/radioljubuski.ba\/index.php\/2022\/07\/02\/izetbegovic-ide-u-bruxelles-eu-diplomati-inzistiraju-na-potpisivanju-bosnjacko-hrvatskog-sporazuma\/#breadcrumb","itemListElement":[{"@type":"ListItem","position":1,"name":"Po\u010detna stranica","item":"https:\/\/radioljubuski.ba\/"},{"@type":"ListItem","position":2,"name":"Izetbegovi\u0107 ide u Bruxelles; EU diplomati inzistiraju na potpisivanju \u201cbo\u0161nja\u010dko-hrvatskog sporazuma\u201d"}]},{"@type":"WebSite","@id":"https:\/\/radioljubuski.ba\/#website","url":"https:\/\/radioljubuski.ba\/","name":"Radio Ljubu\u0161ki","description":"Sun\u010dana frekvencija Hercegovine","publisher":{"@id":"https:\/\/radioljubuski.ba\/#organization"},"potentialAction":[{"@type":"SearchAction","target":{"@type":"EntryPoint","urlTemplate":"https:\/\/radioljubuski.ba\/?s={search_term_string}"},"query-input":{"@type":"PropertyValueSpecification","valueRequired":true,"valueName":"search_term_string"}}],"inLanguage":"hr"},{"@type":"Organization","@id":"https:\/\/radioljubuski.ba\/#organization","name":"Radio Ljubu\u0161ki","url":"https:\/\/radioljubuski.ba\/","logo":{"@type":"ImageObject","inLanguage":"hr","@id":"https:\/\/radioljubuski.ba\/#\/schema\/logo\/image\/","url":"https:\/\/radioljubuski.ba\/wp-content\/uploads\/2021\/02\/cropped-Radio_Ljubuski_logo1.jpg","contentUrl":"https:\/\/radioljubuski.ba\/wp-content\/uploads\/2021\/02\/cropped-Radio_Ljubuski_logo1.jpg","width":512,"height":512,"caption":"Radio Ljubu\u0161ki"},"image":{"@id":"https:\/\/radioljubuski.ba\/#\/schema\/logo\/image\/"},"sameAs":["https:\/\/www.facebook.com\/Radiio-Ljubuski-1490835324566332","https:\/\/x.com\/radioljubuski","https:\/\/hr.linkedin.com\/company\/radio-ljubuski","https:\/\/www.youtube.com\/channel\/UCHYaeO_n0Db3tjNGudGpXyw"]},{"@type":"Person","@id":"https:\/\/radioljubuski.ba\/#\/schema\/person\/19fc700381a780f69665d7956c469e3b","name":"Radio Ljubu\u0161ki"}]}},"_links":{"self":[{"href":"https:\/\/radioljubuski.ba\/index.php\/wp-json\/wp\/v2\/posts\/155286","targetHints":{"allow":["GET"]}}],"collection":[{"href":"https:\/\/radioljubuski.ba\/index.php\/wp-json\/wp\/v2\/posts"}],"about":[{"href":"https:\/\/radioljubuski.ba\/index.php\/wp-json\/wp\/v2\/types\/post"}],"author":[{"embeddable":true,"href":"https:\/\/radioljubuski.ba\/index.php\/wp-json\/wp\/v2\/users\/2"}],"replies":[{"embeddable":true,"href":"https:\/\/radioljubuski.ba\/index.php\/wp-json\/wp\/v2\/comments?post=155286"}],"version-history":[{"count":1,"href":"https:\/\/radioljubuski.ba\/index.php\/wp-json\/wp\/v2\/posts\/155286\/revisions"}],"predecessor-version":[{"id":155288,"href":"https:\/\/radioljubuski.ba\/index.php\/wp-json\/wp\/v2\/posts\/155286\/revisions\/155288"}],"wp:attachment":[{"href":"https:\/\/radioljubuski.ba\/index.php\/wp-json\/wp\/v2\/media?parent=155286"}],"wp:term":[{"taxonomy":"category","embeddable":true,"href":"https:\/\/radioljubuski.ba\/index.php\/wp-json\/wp\/v2\/categories?post=155286"},{"taxonomy":"post_tag","embeddable":true,"href":"https:\/\/radioljubuski.ba\/index.php\/wp-json\/wp\/v2\/tags?post=155286"}],"curies":[{"name":"wp","href":"https:\/\/api.w.org\/{rel}","templated":true}]}}