{"id":155292,"date":"2022-07-02T10:28:05","date_gmt":"2022-07-02T09:28:05","guid":{"rendered":"https:\/\/radioljubuski.ba\/?p=155292"},"modified":"2022-07-02T10:28:05","modified_gmt":"2022-07-02T09:28:05","slug":"plenkovic-milanovic-odmaze-hrvatima-u-bih-zloupotrijebio-ih-je","status":"publish","type":"post","link":"https:\/\/radioljubuski.ba\/index.php\/2022\/07\/02\/plenkovic-milanovic-odmaze-hrvatima-u-bih-zloupotrijebio-ih-je\/","title":{"rendered":"Plenkovi\u0107: Milanovi\u0107 odma\u017ee Hrvatima u BiH, \u201czloupotrijebio\u201d ih je"},"content":{"rendered":"\n<p><strong>Predsjednik Zoran Milanovi\u0107 samo odma\u017ee Hrvatima u BiH i jedino \u0161to je u\u010dinio je da su se oni, koji su doslovce \u017ertve izbornog in\u017eenjeringa, sada na\u0161li u izoliranosti te ih je u stvari \u201czloupotrijebio\u201d rekao je u petak hrvatski premijer Andrej Plenkovi\u0107.<\/strong><\/p>\n\n\n\n<p>\u0160ef vlade RH je danas posjetio Osijek i sastao s gradona\u010delnikom Grada Osijeka Ivanom Radi\u0107em i \u017eupanom Osje\u010dko-baranjske \u017eupanije Ivanom Anu\u0161i\u0107em, nakon \u010dega je dao izjave za medije.<\/p>\n\n\n\n<p>Na pitanje o netom odr\u017eanom summitu NATO-a u Madridu gdje je Milanovi\u0107 govorio i o stanju u BiH, Plenkovi\u0107 je kazao da je \u201cnebuloznom prijetnjom\u201d blokiranja \u0160vedske i Finske i uvjetovanjem njihova \u010dlanstva u NATO-u rje\u0161avanjem pitanja neravnopravnosti Hrvata u BiH, \u201cpokazao da je jedino na \u0161to je spreman je zloupotrijebiti Hrvate u BiH\u201d.<\/p>\n\n\n\n<p>\u201cOn odma\u017ee Hrvatima u BiH (\u2026) koji su \u017ertve izbornog in\u017eenjeringa zadnjih 20-ak godina, i on je pridonio tome da oni brzo do\u0111u u poziciju izoliranosti\u201d, rekao je Plenkovi\u0107.<\/p>\n\n\n\n<p>Po njegovim rije\u010dima, \u201con se pokazao kao netko tko je u stanju osjetljivoga trenutka, kada su se vodili pregovori izme\u0111u Hrvata i Bo\u0161njaka, politi\u010dkih stranaka, da se na ograni\u010deni na\u010din promijene ustav i izborni zakon, u stanju izvrije\u0111ati sve mogu\u0107e me\u0111unarodne partnere koji su anga\u017eirani, izvrije\u0111ati visokog predstavnika, izvrije\u0111ati u kona\u010dnici samu zemlju BiH, izvrije\u0111ati Bo\u0161njake\u201d.<\/p>\n\n\n\n<p>\u201cNa NATO-u gdje se govorilo o Ukrajini, on je govorio o BiH\u201d, rekao je Plenkovi\u0107 i dodao kako je on odr\u017eao puno vi\u0161e govora o BiH.<\/p>\n\n\n\n<p>Sve \u0161to je on tamo napravio, nastavio je Plenkovi\u0107, je da je dao je la\u017enu nadu na\u0161im ljudima tamo, onima koji misle da on ne\u0161to mo\u017ee napraviti, a ne mo\u017ee apsolutno ni\u0161ta.<\/p>\n\n\n\n<p>\u201cNi\u0161ta nije napravio. Imate nulu i \u0161tetu\u201d, dodao je Plenkovi\u0107 i poru\u010dio da su on i vlada \u201ctu za hrvatske gra\u0111ane\u201d, ali da ne zna za koga je on tu.<\/p>\n\n\n\n<p>\/Hina\/HMS\/<\/p>\n","protected":false},"excerpt":{"rendered":"<p>Predsjednik Zoran Milanovi\u0107 samo odma\u017ee Hrvatima u BiH i jedino \u0161to je u\u010dinio je da su se oni, koji su doslovce \u017ertve izbornog in\u017eenjeringa, sada na\u0161li u izoliranosti te ih je u stvari \u201czloupotrijebio\u201d rekao je u petak hrvatski premijer Andrej Plenkovi\u0107. \u0160ef vlade RH je danas posjetio Osijek i sastao s gradona\u010delnikom Grada Osijeka [&hellip;]<\/p>\n","protected":false},"author":2,"featured_media":155293,"comment_status":"closed","ping_status":"closed","sticky":false,"template":"","format":"standard","meta":{"h5ap_radio_sources":[],"footnotes":""},"categories":[1],"tags":[],"class_list":["post-155292","post","type-post","status-publish","format-standard","has-post-thumbnail","hentry","category-bihiregija"],"yoast_head":"<!-- This site is optimized with the Yoast SEO plugin v27.5 - https:\/\/yoast.com\/product\/yoast-seo-wordpress\/ -->\n<title>Plenkovi\u0107: Milanovi\u0107 odma\u017ee Hrvatima u BiH, \u201czloupotrijebio\u201d ih je - RADIO LJUBU\u0160KI<\/title>\n<meta name=\"robots\" content=\"index, follow, max-snippet:-1, max-image-preview:large, max-video-preview:-1\" \/>\n<link rel=\"canonical\" href=\"https:\/\/radioljubuski.ba\/index.php\/2022\/07\/02\/plenkovic-milanovic-odmaze-hrvatima-u-bih-zloupotrijebio-ih-je\/\" \/>\n<meta property=\"og:locale\" content=\"hr_HR\" \/>\n<meta property=\"og:type\" content=\"article\" \/>\n<meta property=\"og:title\" content=\"Plenkovi\u0107: Milanovi\u0107 odma\u017ee Hrvatima u BiH, \u201czloupotrijebio\u201d ih je - RADIO LJUBU\u0160KI\" \/>\n<meta property=\"og:description\" content=\"Predsjednik Zoran Milanovi\u0107 samo odma\u017ee Hrvatima u BiH i jedino \u0161to je u\u010dinio je da su se oni, koji su doslovce \u017ertve izbornog in\u017eenjeringa, sada na\u0161li u izoliranosti te ih je u stvari \u201czloupotrijebio\u201d rekao je u petak hrvatski premijer Andrej Plenkovi\u0107. \u0160ef vlade RH je danas posjetio Osijek i sastao s gradona\u010delnikom Grada Osijeka [&hellip;]\" \/>\n<meta property=\"og:url\" content=\"https:\/\/radioljubuski.ba\/index.php\/2022\/07\/02\/plenkovic-milanovic-odmaze-hrvatima-u-bih-zloupotrijebio-ih-je\/\" \/>\n<meta property=\"og:site_name\" content=\"RADIO LJUBU\u0160KI\" \/>\n<meta property=\"article:publisher\" content=\"https:\/\/www.facebook.com\/Radiio-Ljubuski-1490835324566332\" \/>\n<meta property=\"article:published_time\" content=\"2022-07-02T09:28:05+00:00\" \/>\n<meta property=\"og:image\" content=\"https:\/\/radioljubuski.ba\/wp-content\/uploads\/2022\/07\/plenki.jpg\" \/>\n\t<meta property=\"og:image:width\" content=\"750\" \/>\n\t<meta property=\"og:image:height\" content=\"500\" \/>\n\t<meta property=\"og:image:type\" content=\"image\/jpeg\" \/>\n<meta name=\"author\" content=\"Radio Ljubu\u0161ki\" \/>\n<meta name=\"twitter:card\" content=\"summary_large_image\" \/>\n<meta name=\"twitter:creator\" content=\"@radioljubuski\" \/>\n<meta name=\"twitter:site\" content=\"@radioljubuski\" \/>\n<meta name=\"twitter:label1\" content=\"Napisao\/la\" \/>\n\t<meta name=\"twitter:data1\" content=\"Radio Ljubu\u0161ki\" \/>\n\t<meta name=\"twitter:label2\" content=\"Procijenjeno vrijeme \u010ditanja\" \/>\n\t<meta name=\"twitter:data2\" content=\"2 minute\" \/>\n<script type=\"application\/ld+json\" class=\"yoast-schema-graph\">{\"@context\":\"https:\\\/\\\/schema.org\",\"@graph\":[{\"@type\":\"Article\",\"@id\":\"https:\\\/\\\/radioljubuski.ba\\\/index.php\\\/2022\\\/07\\\/02\\\/plenkovic-milanovic-odmaze-hrvatima-u-bih-zloupotrijebio-ih-je\\\/#article\",\"isPartOf\":{\"@id\":\"https:\\\/\\\/radioljubuski.ba\\\/index.php\\\/2022\\\/07\\\/02\\\/plenkovic-milanovic-odmaze-hrvatima-u-bih-zloupotrijebio-ih-je\\\/\"},\"author\":{\"name\":\"Radio Ljubu\u0161ki\",\"@id\":\"https:\\\/\\\/radioljubuski.ba\\\/#\\\/schema\\\/person\\\/19fc700381a780f69665d7956c469e3b\"},\"headline\":\"Plenkovi\u0107: Milanovi\u0107 odma\u017ee Hrvatima u BiH, \u201czloupotrijebio\u201d ih je\",\"datePublished\":\"2022-07-02T09:28:05+00:00\",\"mainEntityOfPage\":{\"@id\":\"https:\\\/\\\/radioljubuski.ba\\\/index.php\\\/2022\\\/07\\\/02\\\/plenkovic-milanovic-odmaze-hrvatima-u-bih-zloupotrijebio-ih-je\\\/\"},\"wordCount\":348,\"publisher\":{\"@id\":\"https:\\\/\\\/radioljubuski.ba\\\/#organization\"},\"image\":{\"@id\":\"https:\\\/\\\/radioljubuski.ba\\\/index.php\\\/2022\\\/07\\\/02\\\/plenkovic-milanovic-odmaze-hrvatima-u-bih-zloupotrijebio-ih-je\\\/#primaryimage\"},\"thumbnailUrl\":\"https:\\\/\\\/radioljubuski.ba\\\/wp-content\\\/uploads\\\/2022\\\/07\\\/plenki.jpg\",\"articleSection\":[\"BIH i regija\"],\"inLanguage\":\"hr\"},{\"@type\":\"WebPage\",\"@id\":\"https:\\\/\\\/radioljubuski.ba\\\/index.php\\\/2022\\\/07\\\/02\\\/plenkovic-milanovic-odmaze-hrvatima-u-bih-zloupotrijebio-ih-je\\\/\",\"url\":\"https:\\\/\\\/radioljubuski.ba\\\/index.php\\\/2022\\\/07\\\/02\\\/plenkovic-milanovic-odmaze-hrvatima-u-bih-zloupotrijebio-ih-je\\\/\",\"name\":\"Plenkovi\u0107: Milanovi\u0107 odma\u017ee Hrvatima u BiH, \u201czloupotrijebio\u201d ih je - RADIO LJUBU\u0160KI\",\"isPartOf\":{\"@id\":\"https:\\\/\\\/radioljubuski.ba\\\/#website\"},\"primaryImageOfPage\":{\"@id\":\"https:\\\/\\\/radioljubuski.ba\\\/index.php\\\/2022\\\/07\\\/02\\\/plenkovic-milanovic-odmaze-hrvatima-u-bih-zloupotrijebio-ih-je\\\/#primaryimage\"},\"image\":{\"@id\":\"https:\\\/\\\/radioljubuski.ba\\\/index.php\\\/2022\\\/07\\\/02\\\/plenkovic-milanovic-odmaze-hrvatima-u-bih-zloupotrijebio-ih-je\\\/#primaryimage\"},\"thumbnailUrl\":\"https:\\\/\\\/radioljubuski.ba\\\/wp-content\\\/uploads\\\/2022\\\/07\\\/plenki.jpg\",\"datePublished\":\"2022-07-02T09:28:05+00:00\",\"breadcrumb\":{\"@id\":\"https:\\\/\\\/radioljubuski.ba\\\/index.php\\\/2022\\\/07\\\/02\\\/plenkovic-milanovic-odmaze-hrvatima-u-bih-zloupotrijebio-ih-je\\\/#breadcrumb\"},\"inLanguage\":\"hr\",\"potentialAction\":[{\"@type\":\"ReadAction\",\"target\":[\"https:\\\/\\\/radioljubuski.ba\\\/index.php\\\/2022\\\/07\\\/02\\\/plenkovic-milanovic-odmaze-hrvatima-u-bih-zloupotrijebio-ih-je\\\/\"]}]},{\"@type\":\"ImageObject\",\"inLanguage\":\"hr\",\"@id\":\"https:\\\/\\\/radioljubuski.ba\\\/index.php\\\/2022\\\/07\\\/02\\\/plenkovic-milanovic-odmaze-hrvatima-u-bih-zloupotrijebio-ih-je\\\/#primaryimage\",\"url\":\"https:\\\/\\\/radioljubuski.ba\\\/wp-content\\\/uploads\\\/2022\\\/07\\\/plenki.jpg\",\"contentUrl\":\"https:\\\/\\\/radioljubuski.ba\\\/wp-content\\\/uploads\\\/2022\\\/07\\\/plenki.jpg\",\"width\":750,\"height\":500},{\"@type\":\"BreadcrumbList\",\"@id\":\"https:\\\/\\\/radioljubuski.ba\\\/index.php\\\/2022\\\/07\\\/02\\\/plenkovic-milanovic-odmaze-hrvatima-u-bih-zloupotrijebio-ih-je\\\/#breadcrumb\",\"itemListElement\":[{\"@type\":\"ListItem\",\"position\":1,\"name\":\"Po\u010detna stranica\",\"item\":\"https:\\\/\\\/radioljubuski.ba\\\/\"},{\"@type\":\"ListItem\",\"position\":2,\"name\":\"Plenkovi\u0107: Milanovi\u0107 odma\u017ee Hrvatima u BiH, \u201czloupotrijebio\u201d ih je\"}]},{\"@type\":\"WebSite\",\"@id\":\"https:\\\/\\\/radioljubuski.ba\\\/#website\",\"url\":\"https:\\\/\\\/radioljubuski.ba\\\/\",\"name\":\"Radio Ljubu\u0161ki\",\"description\":\"Sun\u010dana frekvencija Hercegovine\",\"publisher\":{\"@id\":\"https:\\\/\\\/radioljubuski.ba\\\/#organization\"},\"potentialAction\":[{\"@type\":\"SearchAction\",\"target\":{\"@type\":\"EntryPoint\",\"urlTemplate\":\"https:\\\/\\\/radioljubuski.ba\\\/?s={search_term_string}\"},\"query-input\":{\"@type\":\"PropertyValueSpecification\",\"valueRequired\":true,\"valueName\":\"search_term_string\"}}],\"inLanguage\":\"hr\"},{\"@type\":\"Organization\",\"@id\":\"https:\\\/\\\/radioljubuski.ba\\\/#organization\",\"name\":\"Radio Ljubu\u0161ki\",\"url\":\"https:\\\/\\\/radioljubuski.ba\\\/\",\"logo\":{\"@type\":\"ImageObject\",\"inLanguage\":\"hr\",\"@id\":\"https:\\\/\\\/radioljubuski.ba\\\/#\\\/schema\\\/logo\\\/image\\\/\",\"url\":\"https:\\\/\\\/radioljubuski.ba\\\/wp-content\\\/uploads\\\/2021\\\/02\\\/cropped-Radio_Ljubuski_logo1.jpg\",\"contentUrl\":\"https:\\\/\\\/radioljubuski.ba\\\/wp-content\\\/uploads\\\/2021\\\/02\\\/cropped-Radio_Ljubuski_logo1.jpg\",\"width\":512,\"height\":512,\"caption\":\"Radio Ljubu\u0161ki\"},\"image\":{\"@id\":\"https:\\\/\\\/radioljubuski.ba\\\/#\\\/schema\\\/logo\\\/image\\\/\"},\"sameAs\":[\"https:\\\/\\\/www.facebook.com\\\/Radiio-Ljubuski-1490835324566332\",\"https:\\\/\\\/x.com\\\/radioljubuski\",\"https:\\\/\\\/hr.linkedin.com\\\/company\\\/radio-ljubuski\",\"https:\\\/\\\/www.youtube.com\\\/channel\\\/UCHYaeO_n0Db3tjNGudGpXyw\"]},{\"@type\":\"Person\",\"@id\":\"https:\\\/\\\/radioljubuski.ba\\\/#\\\/schema\\\/person\\\/19fc700381a780f69665d7956c469e3b\",\"name\":\"Radio Ljubu\u0161ki\"}]}<\/script>\n<!-- \/ Yoast SEO plugin. -->","yoast_head_json":{"title":"Plenkovi\u0107: Milanovi\u0107 odma\u017ee Hrvatima u BiH, \u201czloupotrijebio\u201d ih je - RADIO LJUBU\u0160KI","robots":{"index":"index","follow":"follow","max-snippet":"max-snippet:-1","max-image-preview":"max-image-preview:large","max-video-preview":"max-video-preview:-1"},"canonical":"https:\/\/radioljubuski.ba\/index.php\/2022\/07\/02\/plenkovic-milanovic-odmaze-hrvatima-u-bih-zloupotrijebio-ih-je\/","og_locale":"hr_HR","og_type":"article","og_title":"Plenkovi\u0107: Milanovi\u0107 odma\u017ee Hrvatima u BiH, \u201czloupotrijebio\u201d ih je - RADIO LJUBU\u0160KI","og_description":"Predsjednik Zoran Milanovi\u0107 samo odma\u017ee Hrvatima u BiH i jedino \u0161to je u\u010dinio je da su se oni, koji su doslovce \u017ertve izbornog in\u017eenjeringa, sada na\u0161li u izoliranosti te ih je u stvari \u201czloupotrijebio\u201d rekao je u petak hrvatski premijer Andrej Plenkovi\u0107. \u0160ef vlade RH je danas posjetio Osijek i sastao s gradona\u010delnikom Grada Osijeka [&hellip;]","og_url":"https:\/\/radioljubuski.ba\/index.php\/2022\/07\/02\/plenkovic-milanovic-odmaze-hrvatima-u-bih-zloupotrijebio-ih-je\/","og_site_name":"RADIO LJUBU\u0160KI","article_publisher":"https:\/\/www.facebook.com\/Radiio-Ljubuski-1490835324566332","article_published_time":"2022-07-02T09:28:05+00:00","og_image":[{"width":750,"height":500,"url":"https:\/\/radioljubuski.ba\/wp-content\/uploads\/2022\/07\/plenki.jpg","type":"image\/jpeg"}],"author":"Radio Ljubu\u0161ki","twitter_card":"summary_large_image","twitter_creator":"@radioljubuski","twitter_site":"@radioljubuski","twitter_misc":{"Napisao\/la":"Radio Ljubu\u0161ki","Procijenjeno vrijeme \u010ditanja":"2 minute"},"schema":{"@context":"https:\/\/schema.org","@graph":[{"@type":"Article","@id":"https:\/\/radioljubuski.ba\/index.php\/2022\/07\/02\/plenkovic-milanovic-odmaze-hrvatima-u-bih-zloupotrijebio-ih-je\/#article","isPartOf":{"@id":"https:\/\/radioljubuski.ba\/index.php\/2022\/07\/02\/plenkovic-milanovic-odmaze-hrvatima-u-bih-zloupotrijebio-ih-je\/"},"author":{"name":"Radio Ljubu\u0161ki","@id":"https:\/\/radioljubuski.ba\/#\/schema\/person\/19fc700381a780f69665d7956c469e3b"},"headline":"Plenkovi\u0107: Milanovi\u0107 odma\u017ee Hrvatima u BiH, \u201czloupotrijebio\u201d ih je","datePublished":"2022-07-02T09:28:05+00:00","mainEntityOfPage":{"@id":"https:\/\/radioljubuski.ba\/index.php\/2022\/07\/02\/plenkovic-milanovic-odmaze-hrvatima-u-bih-zloupotrijebio-ih-je\/"},"wordCount":348,"publisher":{"@id":"https:\/\/radioljubuski.ba\/#organization"},"image":{"@id":"https:\/\/radioljubuski.ba\/index.php\/2022\/07\/02\/plenkovic-milanovic-odmaze-hrvatima-u-bih-zloupotrijebio-ih-je\/#primaryimage"},"thumbnailUrl":"https:\/\/radioljubuski.ba\/wp-content\/uploads\/2022\/07\/plenki.jpg","articleSection":["BIH i regija"],"inLanguage":"hr"},{"@type":"WebPage","@id":"https:\/\/radioljubuski.ba\/index.php\/2022\/07\/02\/plenkovic-milanovic-odmaze-hrvatima-u-bih-zloupotrijebio-ih-je\/","url":"https:\/\/radioljubuski.ba\/index.php\/2022\/07\/02\/plenkovic-milanovic-odmaze-hrvatima-u-bih-zloupotrijebio-ih-je\/","name":"Plenkovi\u0107: Milanovi\u0107 odma\u017ee Hrvatima u BiH, \u201czloupotrijebio\u201d ih je - RADIO LJUBU\u0160KI","isPartOf":{"@id":"https:\/\/radioljubuski.ba\/#website"},"primaryImageOfPage":{"@id":"https:\/\/radioljubuski.ba\/index.php\/2022\/07\/02\/plenkovic-milanovic-odmaze-hrvatima-u-bih-zloupotrijebio-ih-je\/#primaryimage"},"image":{"@id":"https:\/\/radioljubuski.ba\/index.php\/2022\/07\/02\/plenkovic-milanovic-odmaze-hrvatima-u-bih-zloupotrijebio-ih-je\/#primaryimage"},"thumbnailUrl":"https:\/\/radioljubuski.ba\/wp-content\/uploads\/2022\/07\/plenki.jpg","datePublished":"2022-07-02T09:28:05+00:00","breadcrumb":{"@id":"https:\/\/radioljubuski.ba\/index.php\/2022\/07\/02\/plenkovic-milanovic-odmaze-hrvatima-u-bih-zloupotrijebio-ih-je\/#breadcrumb"},"inLanguage":"hr","potentialAction":[{"@type":"ReadAction","target":["https:\/\/radioljubuski.ba\/index.php\/2022\/07\/02\/plenkovic-milanovic-odmaze-hrvatima-u-bih-zloupotrijebio-ih-je\/"]}]},{"@type":"ImageObject","inLanguage":"hr","@id":"https:\/\/radioljubuski.ba\/index.php\/2022\/07\/02\/plenkovic-milanovic-odmaze-hrvatima-u-bih-zloupotrijebio-ih-je\/#primaryimage","url":"https:\/\/radioljubuski.ba\/wp-content\/uploads\/2022\/07\/plenki.jpg","contentUrl":"https:\/\/radioljubuski.ba\/wp-content\/uploads\/2022\/07\/plenki.jpg","width":750,"height":500},{"@type":"BreadcrumbList","@id":"https:\/\/radioljubuski.ba\/index.php\/2022\/07\/02\/plenkovic-milanovic-odmaze-hrvatima-u-bih-zloupotrijebio-ih-je\/#breadcrumb","itemListElement":[{"@type":"ListItem","position":1,"name":"Po\u010detna stranica","item":"https:\/\/radioljubuski.ba\/"},{"@type":"ListItem","position":2,"name":"Plenkovi\u0107: Milanovi\u0107 odma\u017ee Hrvatima u BiH, \u201czloupotrijebio\u201d ih je"}]},{"@type":"WebSite","@id":"https:\/\/radioljubuski.ba\/#website","url":"https:\/\/radioljubuski.ba\/","name":"Radio Ljubu\u0161ki","description":"Sun\u010dana frekvencija Hercegovine","publisher":{"@id":"https:\/\/radioljubuski.ba\/#organization"},"potentialAction":[{"@type":"SearchAction","target":{"@type":"EntryPoint","urlTemplate":"https:\/\/radioljubuski.ba\/?s={search_term_string}"},"query-input":{"@type":"PropertyValueSpecification","valueRequired":true,"valueName":"search_term_string"}}],"inLanguage":"hr"},{"@type":"Organization","@id":"https:\/\/radioljubuski.ba\/#organization","name":"Radio Ljubu\u0161ki","url":"https:\/\/radioljubuski.ba\/","logo":{"@type":"ImageObject","inLanguage":"hr","@id":"https:\/\/radioljubuski.ba\/#\/schema\/logo\/image\/","url":"https:\/\/radioljubuski.ba\/wp-content\/uploads\/2021\/02\/cropped-Radio_Ljubuski_logo1.jpg","contentUrl":"https:\/\/radioljubuski.ba\/wp-content\/uploads\/2021\/02\/cropped-Radio_Ljubuski_logo1.jpg","width":512,"height":512,"caption":"Radio Ljubu\u0161ki"},"image":{"@id":"https:\/\/radioljubuski.ba\/#\/schema\/logo\/image\/"},"sameAs":["https:\/\/www.facebook.com\/Radiio-Ljubuski-1490835324566332","https:\/\/x.com\/radioljubuski","https:\/\/hr.linkedin.com\/company\/radio-ljubuski","https:\/\/www.youtube.com\/channel\/UCHYaeO_n0Db3tjNGudGpXyw"]},{"@type":"Person","@id":"https:\/\/radioljubuski.ba\/#\/schema\/person\/19fc700381a780f69665d7956c469e3b","name":"Radio Ljubu\u0161ki"}]}},"_links":{"self":[{"href":"https:\/\/radioljubuski.ba\/index.php\/wp-json\/wp\/v2\/posts\/155292","targetHints":{"allow":["GET"]}}],"collection":[{"href":"https:\/\/radioljubuski.ba\/index.php\/wp-json\/wp\/v2\/posts"}],"about":[{"href":"https:\/\/radioljubuski.ba\/index.php\/wp-json\/wp\/v2\/types\/post"}],"author":[{"embeddable":true,"href":"https:\/\/radioljubuski.ba\/index.php\/wp-json\/wp\/v2\/users\/2"}],"replies":[{"embeddable":true,"href":"https:\/\/radioljubuski.ba\/index.php\/wp-json\/wp\/v2\/comments?post=155292"}],"version-history":[{"count":1,"href":"https:\/\/radioljubuski.ba\/index.php\/wp-json\/wp\/v2\/posts\/155292\/revisions"}],"predecessor-version":[{"id":155294,"href":"https:\/\/radioljubuski.ba\/index.php\/wp-json\/wp\/v2\/posts\/155292\/revisions\/155294"}],"wp:featuredmedia":[{"embeddable":true,"href":"https:\/\/radioljubuski.ba\/index.php\/wp-json\/wp\/v2\/media\/155293"}],"wp:attachment":[{"href":"https:\/\/radioljubuski.ba\/index.php\/wp-json\/wp\/v2\/media?parent=155292"}],"wp:term":[{"taxonomy":"category","embeddable":true,"href":"https:\/\/radioljubuski.ba\/index.php\/wp-json\/wp\/v2\/categories?post=155292"},{"taxonomy":"post_tag","embeddable":true,"href":"https:\/\/radioljubuski.ba\/index.php\/wp-json\/wp\/v2\/tags?post=155292"}],"curies":[{"name":"wp","href":"https:\/\/api.w.org\/{rel}","templated":true}]}}