{"id":155304,"date":"2022-07-02T10:35:17","date_gmt":"2022-07-02T09:35:17","guid":{"rendered":"https:\/\/radioljubuski.ba\/?p=155304"},"modified":"2022-07-02T10:35:18","modified_gmt":"2022-07-02T09:35:18","slug":"anto-ivic-hoce-li-doci-vrijeme-blagog-naroda","status":"publish","type":"post","link":"https:\/\/radioljubuski.ba\/index.php\/2022\/07\/02\/anto-ivic-hoce-li-doci-vrijeme-blagog-naroda\/","title":{"rendered":"Anto Ivi\u0107: Ho\u0107e li do\u0107i vrijeme blagog naroda?"},"content":{"rendered":"\n<p><strong>Svibanj i lipanj ove godine obilje\u017eeni su neslavnim \u201eokruglim\u201c godi\u0161njicama vezanim za hrvatsku povijest, ali i ponekom na koju treba podsje\u0107ati. Prije 500 godina Osmanlije su osvojili Knin, Skradin i Drni\u0161, a prije 430 godina pao je Biha\u0107, jo\u0161 jedan hrvatski kraljevski grad. U lipnju, ali stolje\u0107ima ranije, 879. papa Ivan VIII. je blagoslovio \u201eljubljenog sina\u201c kneza Branimira, cijeli njegov narod i zemlju. Papino pismo se smatra priznanjem hrvatske samostalnosti i suverenosti.<\/strong><\/p>\n\n\n\n<p><strong>Pi\u0161e: Anto Ivi\u0107, Hrvatski Medijski Servis<\/strong><\/p>\n\n\n\n<p>Hrvati su se jo\u0161 sredinom 7. st. ugovorom obvezali papi da ne\u0107e napadati susjede, odnosno bizantske gradove, osim ako sami ne budu ugro\u017eeni. Dugotrajnim stapanjem kultura i su\u017eivotu doseljeni\u010dkog i starosjedila\u010dkog stanovni\u0161tva kasnoanti\u010dkog Ilirika stvaran je i oboga\u0107ivan srednjovjekovni hrvatski identitet.<\/p>\n\n\n\n<p><strong>Obrana suvereniteta<\/strong><\/p>\n\n\n\n<p>Dr\u017eavnost zasnovana na priznavanju vlasti pojedinca, prihva\u0107anjem Kolomana za hrvatskog kralja, dovela je 1102. do stvaranja Ugarsko-Hrvatskog Kraljevstva. Pri tom, na hrvatskom teritoriju kralja su predstavljali banovi. Te\u017enja za autonomijom od ugarskog dvora, obilje\u017eenog dinasti\u010dkim borbama, rezultirala je kratkotrajnim postojanjem Bosanskog Kraljevstva. Invazijom Osmanlija ono je nestalo, kao \u0161to \u0107e nestati ili promijeniti karakter i okolne dr\u017eavne tvorevine.<\/p>\n\n\n\n<p>Samo nekoliko dana nakon \u0161to je obe\u0107ao da ne\u0107e napasti Bosnu, sultan ju je 1463. pokorio oru\u017ejem. Kralja je ubio iako je obe\u0107ao da \u0107e ga po\u0161tedjeti ako se preda i prepusti mu utvrde bez borbe. Padom Bosne, hrvatska se obrana utvrdila na Vrbasu. Odluka sultana Sulejmana da ratove s muslimanima u Aziji i Africi zamijeni prodorima prema kr\u0161\u0107anskim narodima u Europi imala je dalekose\u017ene posljedice na hrvatskom etni\u010dkom prostoru. Padom Jaja\u010dke banovine i povla\u010denjem s Vrbasa, stvorena je nova obrambena crta na Uni. Ali tek je konsolidacija na rijeci Kupi kona\u010dno zaustavila Osmanlije. Ratno iscrpljivanje pra\u0107eno la\u017enim primirjima uz metodu \u201emrkve i batine\u201c, obilje\u017eilo je 130 godina turskog osvajanja hrvatskog teritorija. Premda je biha\u0107ka utvrda u nezavidnom polo\u017eaju 1592. prepu\u0161tena Turcima uz uvjet da razoru\u017eani branitelji mogu oti\u0107i, pri povla\u010denju su gotovo svi pobijeni.<\/p>\n\n\n\n<p>Osmanlijska osvajanja hrvatskog etni\u010dkog prostora prestala su ne samo slabljenjem njihove vojne mo\u0107i u odnosu na zapadne zemlje, ve\u0107 i promjenom stava prema Turcima. Obrana hrabre hrvatske \u010dete od 28 ljudi koja je izgubila Krupu 1565. ipak je postavila model koji su godinu dana poslije slijedili branitelji utvrde Siget. Prilikom te opsade Sulejman je skon\u010dao \u017eivot. Turci su 1578. osvojili utvrdu Gvozdansko nakon tri mjeseca opsade zatekav\u0161i smrznuta tijela hrvatskih branitelja. Samo godinu poslije pada Biha\u0107a, 22. lipnja 1593. u bitci kod Siska Turci su kona\u010dno zaustavljeni i ratna sre\u0107a se okrenula.<\/p>\n\n\n\n<figure class=\"wp-block-image\"><img decoding=\"async\" src=\"https:\/\/hms.ba\/wp-content\/uploads\/2022\/07\/osmansko-osvajanje.jpg\" alt=\"\" class=\"wp-image-464949\"\/><\/figure>\n\n\n\n<p>Padom dijela ugarske dr\u017eave 1526. ostatak je do\u0161ao pod vlast Habsburga. U vrijeme daljeg gubljenja teritorija vojni zapovjednici su se \u010desto \u017ealili austrijskom dvoru da olako prepu\u0161ta hrvatske gradove Turcima. Austrijska politika, motivirana vlastitim interesima, stolje\u0107e poslije, ubojstvom velika\u0161a Petra Zrinskog i Frana Krste Frankopana 1671.,utjecala je na dezintegraciju hrvatskog dru\u0161tva.<br>Motiviran narod, premda rascjepkan razli\u010ditim stranim silama i pod tu\u0111im zapovjednicima, u ratovima do kraja 17. stolje\u0107a, ipak, je donio prevagu potrebnu za oslobo\u0111enje dijela okupiranog teritorija.<\/p>\n\n\n\n<p><strong>Uvjetovani mentalitet<\/strong><\/p>\n\n\n\n<p>Narod koji devet stolje\u0107a nije bio dr\u017eavotvoran u punom smislu, kojem su prvake i samosvjesne pojedince skra\u0107ivali za glavu, \u010dije su mladi\u0107e vukli po tu\u0111im boji\u0161tima, a ucviljene udovice odgajale djecu u strahu, poprimio je odre\u0111ena obilje\u017eja. To je pogodovalo nastanku podani\u010dkog mentaliteta prilago\u0111enog opstanku u tu\u0111im dr\u017eavnim tvorevinama. S druge strane, otpor prema dr\u017eavi koja mu nije naklona stvorio je \u010dovjeka koji se snalazi svakako da bi opstao. Pri tomu, raskorak o\u010dekivanja obi\u010dnih ljudi i realnosti upravljanja dru\u0161tvom stvorio je stav pojedinca prema dru\u0161tvenim zbivanjima kojega opisuju rije\u010di Petrice Kerempuha:<\/p>\n\n\n\n<p><em>Nigdar ni tak bilo<\/em><br><em>da ni nekak bilo<\/em><br><em>pak ni vezda ne bu<\/em><br><em>da nam nekak ne bu<\/em><\/p>\n\n\n\n<p>Me\u0111utim, ljuske dru\u0161tvenog ograni\u010denja i ozra\u010dja nisu mogle sprije\u010diti izbijanje energije klica u novim \u017eivotima. \u010ce\u017enje i snove brojnih generacija Hrvata o slobodi u domovini u kojoj ih drugi ne\u0107e ugnjetavati, izra\u017eavali su umjetnici i pjesnici. Prepoznaju se u pjesmi Veselka Koromana \u201eDo\u0107i \u0107e vrijeme\u201c, nastaloj prije posljednjeg rata. Knji\u017eevnik Maksim Gorki preveo je \u201eLijepu na\u0161u\u201c na ruski, impresioniran rije\u010dima hrvatske himne koja ne govori ni o sili, ni o osvajanju, ni o mr\u017enji prema drugima, nego o ljepoti prirode i ljubavi prema domovini.<\/p>\n\n\n\n<p>Povijest pokazuje i da su ljudi skloni gubitku entuzijazma, malodu\u0161ju i konformizmu. Izraelci, suo\u010deni s opstankom u pustinji, premda svjesni Bo\u017eje intervencije u oslobo\u0111enju od Egip\u0107ana, \u017ealili su za ranijim \u017eivotom. Kazna za takav stav, kao i za klanjanje zlatnom teletu, bio je dugogodi\u0161nji boravak u pustinji, u kojoj su pomrle stare generacije ne do\u010dekav\u0161i ulazak u obe\u0107anu zemlju. Uvjet ostvarenja \u017eelja je posve\u0107enost i po\u017ertvovnost. Za narod navikao \u017eivjeti u nesre\u0111enim okolnostima, klju\u010dne promjene ne ovise najvi\u0161e o bilo \u010dijim la\u017enim obe\u0107anjima ni rezultatima izbora, ve\u0107 o spremnosti da svatko u\u010dini \u0161to mo\u017ee u okviru svojih mogu\u0107nosti radi op\u0107eg interesa, ne negiraju\u0107i druga\u010dijima pravo na razli\u010ditosti. \u0160to vi\u0161e, to bolje.<\/p>\n\n\n\n<p><em>Do\u0107i \u0107e vrijeme(Veselko Koroman)<\/em><\/p>\n\n\n\n<p><em>Do\u0107i \u0107e vrijeme blagog naroda. Onog \u0161to ima<\/em><br><em>obilje rana, obilje \u010dasti, obilje tuge.<\/em><br><em>Naroda \u0161to ima vi\u0161u a plemenitu mo\u0107,<\/em><br><em>ravnicu i more, knjige i an\u0111ele.<\/em><br><em>Do\u0107i \u0107e vrijeme blagog naroda. Onog \u0161to ima<\/em><br><em>najve\u0107e groblje, najve\u0107u glavu, vjetar i tminu.<\/em><br><em>Naroda \u0161to je rasut, \u0161to \u017eivi dugo<\/em><br><em>na sjeveru i jugu, u srpu mjeseca.<\/em><br><em>Do\u0107i \u0107e vrijeme blagog naroda. Onog \u0161to ima<\/em><br><em>bijele gore, otoke i sunce, stolje\u0107a i tminu.<\/em><br><em>Naroda \u0161to misli, \u0161to velik je i miran<\/em><br><em>na sjeveru i jugu, u srpu vremena.<\/em><\/p>\n\n\n\n<p>\/HMS\/<\/p>\n","protected":false},"excerpt":{"rendered":"<p>Svibanj i lipanj ove godine obilje\u017eeni su neslavnim \u201eokruglim\u201c godi\u0161njicama vezanim za hrvatsku povijest, ali i ponekom na koju treba podsje\u0107ati. Prije 500 godina Osmanlije su osvojili Knin, Skradin i Drni\u0161, a prije 430 godina pao je Biha\u0107, jo\u0161 jedan hrvatski kraljevski grad. U lipnju, ali stolje\u0107ima ranije, 879. papa Ivan VIII. je blagoslovio \u201eljubljenog [&hellip;]<\/p>\n","protected":false},"author":2,"featured_media":155305,"comment_status":"closed","ping_status":"closed","sticky":false,"template":"","format":"standard","meta":{"h5ap_radio_sources":[],"footnotes":""},"categories":[1],"tags":[],"class_list":["post-155304","post","type-post","status-publish","format-standard","has-post-thumbnail","hentry","category-bihiregija"],"yoast_head":"<!-- This site is optimized with the Yoast SEO plugin v27.5 - https:\/\/yoast.com\/product\/yoast-seo-wordpress\/ -->\n<title>Anto Ivi\u0107: Ho\u0107e li do\u0107i vrijeme blagog naroda? - RADIO LJUBU\u0160KI<\/title>\n<meta name=\"robots\" content=\"index, follow, max-snippet:-1, max-image-preview:large, max-video-preview:-1\" \/>\n<link rel=\"canonical\" href=\"https:\/\/radioljubuski.ba\/index.php\/2022\/07\/02\/anto-ivic-hoce-li-doci-vrijeme-blagog-naroda\/\" \/>\n<meta property=\"og:locale\" content=\"hr_HR\" \/>\n<meta property=\"og:type\" content=\"article\" \/>\n<meta property=\"og:title\" content=\"Anto Ivi\u0107: Ho\u0107e li do\u0107i vrijeme blagog naroda? - RADIO LJUBU\u0160KI\" \/>\n<meta property=\"og:description\" content=\"Svibanj i lipanj ove godine obilje\u017eeni su neslavnim \u201eokruglim\u201c godi\u0161njicama vezanim za hrvatsku povijest, ali i ponekom na koju treba podsje\u0107ati. Prije 500 godina Osmanlije su osvojili Knin, Skradin i Drni\u0161, a prije 430 godina pao je Biha\u0107, jo\u0161 jedan hrvatski kraljevski grad. U lipnju, ali stolje\u0107ima ranije, 879. papa Ivan VIII. je blagoslovio \u201eljubljenog [&hellip;]\" \/>\n<meta property=\"og:url\" content=\"https:\/\/radioljubuski.ba\/index.php\/2022\/07\/02\/anto-ivic-hoce-li-doci-vrijeme-blagog-naroda\/\" \/>\n<meta property=\"og:site_name\" content=\"RADIO LJUBU\u0160KI\" \/>\n<meta property=\"article:publisher\" content=\"https:\/\/www.facebook.com\/Radiio-Ljubuski-1490835324566332\" \/>\n<meta property=\"article:published_time\" content=\"2022-07-02T09:35:17+00:00\" \/>\n<meta property=\"article:modified_time\" content=\"2022-07-02T09:35:18+00:00\" \/>\n<meta property=\"og:image\" content=\"https:\/\/radioljubuski.ba\/wp-content\/uploads\/2022\/07\/ivic.jpg\" \/>\n\t<meta property=\"og:image:width\" content=\"967\" \/>\n\t<meta property=\"og:image:height\" content=\"626\" \/>\n\t<meta property=\"og:image:type\" content=\"image\/jpeg\" \/>\n<meta name=\"author\" content=\"Radio Ljubu\u0161ki\" \/>\n<meta name=\"twitter:card\" content=\"summary_large_image\" \/>\n<meta name=\"twitter:creator\" content=\"@radioljubuski\" \/>\n<meta name=\"twitter:site\" content=\"@radioljubuski\" \/>\n<meta name=\"twitter:label1\" content=\"Napisao\/la\" \/>\n\t<meta name=\"twitter:data1\" content=\"Radio Ljubu\u0161ki\" \/>\n\t<meta name=\"twitter:label2\" content=\"Procijenjeno vrijeme \u010ditanja\" \/>\n\t<meta name=\"twitter:data2\" content=\"5 minuta\" \/>\n<script type=\"application\/ld+json\" class=\"yoast-schema-graph\">{\"@context\":\"https:\\\/\\\/schema.org\",\"@graph\":[{\"@type\":\"Article\",\"@id\":\"https:\\\/\\\/radioljubuski.ba\\\/index.php\\\/2022\\\/07\\\/02\\\/anto-ivic-hoce-li-doci-vrijeme-blagog-naroda\\\/#article\",\"isPartOf\":{\"@id\":\"https:\\\/\\\/radioljubuski.ba\\\/index.php\\\/2022\\\/07\\\/02\\\/anto-ivic-hoce-li-doci-vrijeme-blagog-naroda\\\/\"},\"author\":{\"name\":\"Radio Ljubu\u0161ki\",\"@id\":\"https:\\\/\\\/radioljubuski.ba\\\/#\\\/schema\\\/person\\\/19fc700381a780f69665d7956c469e3b\"},\"headline\":\"Anto Ivi\u0107: Ho\u0107e li do\u0107i vrijeme blagog naroda?\",\"datePublished\":\"2022-07-02T09:35:17+00:00\",\"dateModified\":\"2022-07-02T09:35:18+00:00\",\"mainEntityOfPage\":{\"@id\":\"https:\\\/\\\/radioljubuski.ba\\\/index.php\\\/2022\\\/07\\\/02\\\/anto-ivic-hoce-li-doci-vrijeme-blagog-naroda\\\/\"},\"wordCount\":998,\"publisher\":{\"@id\":\"https:\\\/\\\/radioljubuski.ba\\\/#organization\"},\"image\":{\"@id\":\"https:\\\/\\\/radioljubuski.ba\\\/index.php\\\/2022\\\/07\\\/02\\\/anto-ivic-hoce-li-doci-vrijeme-blagog-naroda\\\/#primaryimage\"},\"thumbnailUrl\":\"https:\\\/\\\/radioljubuski.ba\\\/wp-content\\\/uploads\\\/2022\\\/07\\\/ivic.jpg\",\"articleSection\":[\"BIH i regija\"],\"inLanguage\":\"hr\"},{\"@type\":\"WebPage\",\"@id\":\"https:\\\/\\\/radioljubuski.ba\\\/index.php\\\/2022\\\/07\\\/02\\\/anto-ivic-hoce-li-doci-vrijeme-blagog-naroda\\\/\",\"url\":\"https:\\\/\\\/radioljubuski.ba\\\/index.php\\\/2022\\\/07\\\/02\\\/anto-ivic-hoce-li-doci-vrijeme-blagog-naroda\\\/\",\"name\":\"Anto Ivi\u0107: Ho\u0107e li do\u0107i vrijeme blagog naroda? - RADIO LJUBU\u0160KI\",\"isPartOf\":{\"@id\":\"https:\\\/\\\/radioljubuski.ba\\\/#website\"},\"primaryImageOfPage\":{\"@id\":\"https:\\\/\\\/radioljubuski.ba\\\/index.php\\\/2022\\\/07\\\/02\\\/anto-ivic-hoce-li-doci-vrijeme-blagog-naroda\\\/#primaryimage\"},\"image\":{\"@id\":\"https:\\\/\\\/radioljubuski.ba\\\/index.php\\\/2022\\\/07\\\/02\\\/anto-ivic-hoce-li-doci-vrijeme-blagog-naroda\\\/#primaryimage\"},\"thumbnailUrl\":\"https:\\\/\\\/radioljubuski.ba\\\/wp-content\\\/uploads\\\/2022\\\/07\\\/ivic.jpg\",\"datePublished\":\"2022-07-02T09:35:17+00:00\",\"dateModified\":\"2022-07-02T09:35:18+00:00\",\"breadcrumb\":{\"@id\":\"https:\\\/\\\/radioljubuski.ba\\\/index.php\\\/2022\\\/07\\\/02\\\/anto-ivic-hoce-li-doci-vrijeme-blagog-naroda\\\/#breadcrumb\"},\"inLanguage\":\"hr\",\"potentialAction\":[{\"@type\":\"ReadAction\",\"target\":[\"https:\\\/\\\/radioljubuski.ba\\\/index.php\\\/2022\\\/07\\\/02\\\/anto-ivic-hoce-li-doci-vrijeme-blagog-naroda\\\/\"]}]},{\"@type\":\"ImageObject\",\"inLanguage\":\"hr\",\"@id\":\"https:\\\/\\\/radioljubuski.ba\\\/index.php\\\/2022\\\/07\\\/02\\\/anto-ivic-hoce-li-doci-vrijeme-blagog-naroda\\\/#primaryimage\",\"url\":\"https:\\\/\\\/radioljubuski.ba\\\/wp-content\\\/uploads\\\/2022\\\/07\\\/ivic.jpg\",\"contentUrl\":\"https:\\\/\\\/radioljubuski.ba\\\/wp-content\\\/uploads\\\/2022\\\/07\\\/ivic.jpg\",\"width\":967,\"height\":626},{\"@type\":\"BreadcrumbList\",\"@id\":\"https:\\\/\\\/radioljubuski.ba\\\/index.php\\\/2022\\\/07\\\/02\\\/anto-ivic-hoce-li-doci-vrijeme-blagog-naroda\\\/#breadcrumb\",\"itemListElement\":[{\"@type\":\"ListItem\",\"position\":1,\"name\":\"Po\u010detna stranica\",\"item\":\"https:\\\/\\\/radioljubuski.ba\\\/\"},{\"@type\":\"ListItem\",\"position\":2,\"name\":\"Anto Ivi\u0107: Ho\u0107e li do\u0107i vrijeme blagog naroda?\"}]},{\"@type\":\"WebSite\",\"@id\":\"https:\\\/\\\/radioljubuski.ba\\\/#website\",\"url\":\"https:\\\/\\\/radioljubuski.ba\\\/\",\"name\":\"Radio Ljubu\u0161ki\",\"description\":\"Sun\u010dana frekvencija Hercegovine\",\"publisher\":{\"@id\":\"https:\\\/\\\/radioljubuski.ba\\\/#organization\"},\"potentialAction\":[{\"@type\":\"SearchAction\",\"target\":{\"@type\":\"EntryPoint\",\"urlTemplate\":\"https:\\\/\\\/radioljubuski.ba\\\/?s={search_term_string}\"},\"query-input\":{\"@type\":\"PropertyValueSpecification\",\"valueRequired\":true,\"valueName\":\"search_term_string\"}}],\"inLanguage\":\"hr\"},{\"@type\":\"Organization\",\"@id\":\"https:\\\/\\\/radioljubuski.ba\\\/#organization\",\"name\":\"Radio Ljubu\u0161ki\",\"url\":\"https:\\\/\\\/radioljubuski.ba\\\/\",\"logo\":{\"@type\":\"ImageObject\",\"inLanguage\":\"hr\",\"@id\":\"https:\\\/\\\/radioljubuski.ba\\\/#\\\/schema\\\/logo\\\/image\\\/\",\"url\":\"https:\\\/\\\/radioljubuski.ba\\\/wp-content\\\/uploads\\\/2021\\\/02\\\/cropped-Radio_Ljubuski_logo1.jpg\",\"contentUrl\":\"https:\\\/\\\/radioljubuski.ba\\\/wp-content\\\/uploads\\\/2021\\\/02\\\/cropped-Radio_Ljubuski_logo1.jpg\",\"width\":512,\"height\":512,\"caption\":\"Radio Ljubu\u0161ki\"},\"image\":{\"@id\":\"https:\\\/\\\/radioljubuski.ba\\\/#\\\/schema\\\/logo\\\/image\\\/\"},\"sameAs\":[\"https:\\\/\\\/www.facebook.com\\\/Radiio-Ljubuski-1490835324566332\",\"https:\\\/\\\/x.com\\\/radioljubuski\",\"https:\\\/\\\/hr.linkedin.com\\\/company\\\/radio-ljubuski\",\"https:\\\/\\\/www.youtube.com\\\/channel\\\/UCHYaeO_n0Db3tjNGudGpXyw\"]},{\"@type\":\"Person\",\"@id\":\"https:\\\/\\\/radioljubuski.ba\\\/#\\\/schema\\\/person\\\/19fc700381a780f69665d7956c469e3b\",\"name\":\"Radio Ljubu\u0161ki\"}]}<\/script>\n<!-- \/ Yoast SEO plugin. -->","yoast_head_json":{"title":"Anto Ivi\u0107: Ho\u0107e li do\u0107i vrijeme blagog naroda? - RADIO LJUBU\u0160KI","robots":{"index":"index","follow":"follow","max-snippet":"max-snippet:-1","max-image-preview":"max-image-preview:large","max-video-preview":"max-video-preview:-1"},"canonical":"https:\/\/radioljubuski.ba\/index.php\/2022\/07\/02\/anto-ivic-hoce-li-doci-vrijeme-blagog-naroda\/","og_locale":"hr_HR","og_type":"article","og_title":"Anto Ivi\u0107: Ho\u0107e li do\u0107i vrijeme blagog naroda? - RADIO LJUBU\u0160KI","og_description":"Svibanj i lipanj ove godine obilje\u017eeni su neslavnim \u201eokruglim\u201c godi\u0161njicama vezanim za hrvatsku povijest, ali i ponekom na koju treba podsje\u0107ati. Prije 500 godina Osmanlije su osvojili Knin, Skradin i Drni\u0161, a prije 430 godina pao je Biha\u0107, jo\u0161 jedan hrvatski kraljevski grad. U lipnju, ali stolje\u0107ima ranije, 879. papa Ivan VIII. je blagoslovio \u201eljubljenog [&hellip;]","og_url":"https:\/\/radioljubuski.ba\/index.php\/2022\/07\/02\/anto-ivic-hoce-li-doci-vrijeme-blagog-naroda\/","og_site_name":"RADIO LJUBU\u0160KI","article_publisher":"https:\/\/www.facebook.com\/Radiio-Ljubuski-1490835324566332","article_published_time":"2022-07-02T09:35:17+00:00","article_modified_time":"2022-07-02T09:35:18+00:00","og_image":[{"width":967,"height":626,"url":"https:\/\/radioljubuski.ba\/wp-content\/uploads\/2022\/07\/ivic.jpg","type":"image\/jpeg"}],"author":"Radio Ljubu\u0161ki","twitter_card":"summary_large_image","twitter_creator":"@radioljubuski","twitter_site":"@radioljubuski","twitter_misc":{"Napisao\/la":"Radio Ljubu\u0161ki","Procijenjeno vrijeme \u010ditanja":"5 minuta"},"schema":{"@context":"https:\/\/schema.org","@graph":[{"@type":"Article","@id":"https:\/\/radioljubuski.ba\/index.php\/2022\/07\/02\/anto-ivic-hoce-li-doci-vrijeme-blagog-naroda\/#article","isPartOf":{"@id":"https:\/\/radioljubuski.ba\/index.php\/2022\/07\/02\/anto-ivic-hoce-li-doci-vrijeme-blagog-naroda\/"},"author":{"name":"Radio Ljubu\u0161ki","@id":"https:\/\/radioljubuski.ba\/#\/schema\/person\/19fc700381a780f69665d7956c469e3b"},"headline":"Anto Ivi\u0107: Ho\u0107e li do\u0107i vrijeme blagog naroda?","datePublished":"2022-07-02T09:35:17+00:00","dateModified":"2022-07-02T09:35:18+00:00","mainEntityOfPage":{"@id":"https:\/\/radioljubuski.ba\/index.php\/2022\/07\/02\/anto-ivic-hoce-li-doci-vrijeme-blagog-naroda\/"},"wordCount":998,"publisher":{"@id":"https:\/\/radioljubuski.ba\/#organization"},"image":{"@id":"https:\/\/radioljubuski.ba\/index.php\/2022\/07\/02\/anto-ivic-hoce-li-doci-vrijeme-blagog-naroda\/#primaryimage"},"thumbnailUrl":"https:\/\/radioljubuski.ba\/wp-content\/uploads\/2022\/07\/ivic.jpg","articleSection":["BIH i regija"],"inLanguage":"hr"},{"@type":"WebPage","@id":"https:\/\/radioljubuski.ba\/index.php\/2022\/07\/02\/anto-ivic-hoce-li-doci-vrijeme-blagog-naroda\/","url":"https:\/\/radioljubuski.ba\/index.php\/2022\/07\/02\/anto-ivic-hoce-li-doci-vrijeme-blagog-naroda\/","name":"Anto Ivi\u0107: Ho\u0107e li do\u0107i vrijeme blagog naroda? - RADIO LJUBU\u0160KI","isPartOf":{"@id":"https:\/\/radioljubuski.ba\/#website"},"primaryImageOfPage":{"@id":"https:\/\/radioljubuski.ba\/index.php\/2022\/07\/02\/anto-ivic-hoce-li-doci-vrijeme-blagog-naroda\/#primaryimage"},"image":{"@id":"https:\/\/radioljubuski.ba\/index.php\/2022\/07\/02\/anto-ivic-hoce-li-doci-vrijeme-blagog-naroda\/#primaryimage"},"thumbnailUrl":"https:\/\/radioljubuski.ba\/wp-content\/uploads\/2022\/07\/ivic.jpg","datePublished":"2022-07-02T09:35:17+00:00","dateModified":"2022-07-02T09:35:18+00:00","breadcrumb":{"@id":"https:\/\/radioljubuski.ba\/index.php\/2022\/07\/02\/anto-ivic-hoce-li-doci-vrijeme-blagog-naroda\/#breadcrumb"},"inLanguage":"hr","potentialAction":[{"@type":"ReadAction","target":["https:\/\/radioljubuski.ba\/index.php\/2022\/07\/02\/anto-ivic-hoce-li-doci-vrijeme-blagog-naroda\/"]}]},{"@type":"ImageObject","inLanguage":"hr","@id":"https:\/\/radioljubuski.ba\/index.php\/2022\/07\/02\/anto-ivic-hoce-li-doci-vrijeme-blagog-naroda\/#primaryimage","url":"https:\/\/radioljubuski.ba\/wp-content\/uploads\/2022\/07\/ivic.jpg","contentUrl":"https:\/\/radioljubuski.ba\/wp-content\/uploads\/2022\/07\/ivic.jpg","width":967,"height":626},{"@type":"BreadcrumbList","@id":"https:\/\/radioljubuski.ba\/index.php\/2022\/07\/02\/anto-ivic-hoce-li-doci-vrijeme-blagog-naroda\/#breadcrumb","itemListElement":[{"@type":"ListItem","position":1,"name":"Po\u010detna stranica","item":"https:\/\/radioljubuski.ba\/"},{"@type":"ListItem","position":2,"name":"Anto Ivi\u0107: Ho\u0107e li do\u0107i vrijeme blagog naroda?"}]},{"@type":"WebSite","@id":"https:\/\/radioljubuski.ba\/#website","url":"https:\/\/radioljubuski.ba\/","name":"Radio Ljubu\u0161ki","description":"Sun\u010dana frekvencija Hercegovine","publisher":{"@id":"https:\/\/radioljubuski.ba\/#organization"},"potentialAction":[{"@type":"SearchAction","target":{"@type":"EntryPoint","urlTemplate":"https:\/\/radioljubuski.ba\/?s={search_term_string}"},"query-input":{"@type":"PropertyValueSpecification","valueRequired":true,"valueName":"search_term_string"}}],"inLanguage":"hr"},{"@type":"Organization","@id":"https:\/\/radioljubuski.ba\/#organization","name":"Radio Ljubu\u0161ki","url":"https:\/\/radioljubuski.ba\/","logo":{"@type":"ImageObject","inLanguage":"hr","@id":"https:\/\/radioljubuski.ba\/#\/schema\/logo\/image\/","url":"https:\/\/radioljubuski.ba\/wp-content\/uploads\/2021\/02\/cropped-Radio_Ljubuski_logo1.jpg","contentUrl":"https:\/\/radioljubuski.ba\/wp-content\/uploads\/2021\/02\/cropped-Radio_Ljubuski_logo1.jpg","width":512,"height":512,"caption":"Radio Ljubu\u0161ki"},"image":{"@id":"https:\/\/radioljubuski.ba\/#\/schema\/logo\/image\/"},"sameAs":["https:\/\/www.facebook.com\/Radiio-Ljubuski-1490835324566332","https:\/\/x.com\/radioljubuski","https:\/\/hr.linkedin.com\/company\/radio-ljubuski","https:\/\/www.youtube.com\/channel\/UCHYaeO_n0Db3tjNGudGpXyw"]},{"@type":"Person","@id":"https:\/\/radioljubuski.ba\/#\/schema\/person\/19fc700381a780f69665d7956c469e3b","name":"Radio Ljubu\u0161ki"}]}},"_links":{"self":[{"href":"https:\/\/radioljubuski.ba\/index.php\/wp-json\/wp\/v2\/posts\/155304","targetHints":{"allow":["GET"]}}],"collection":[{"href":"https:\/\/radioljubuski.ba\/index.php\/wp-json\/wp\/v2\/posts"}],"about":[{"href":"https:\/\/radioljubuski.ba\/index.php\/wp-json\/wp\/v2\/types\/post"}],"author":[{"embeddable":true,"href":"https:\/\/radioljubuski.ba\/index.php\/wp-json\/wp\/v2\/users\/2"}],"replies":[{"embeddable":true,"href":"https:\/\/radioljubuski.ba\/index.php\/wp-json\/wp\/v2\/comments?post=155304"}],"version-history":[{"count":1,"href":"https:\/\/radioljubuski.ba\/index.php\/wp-json\/wp\/v2\/posts\/155304\/revisions"}],"predecessor-version":[{"id":155306,"href":"https:\/\/radioljubuski.ba\/index.php\/wp-json\/wp\/v2\/posts\/155304\/revisions\/155306"}],"wp:featuredmedia":[{"embeddable":true,"href":"https:\/\/radioljubuski.ba\/index.php\/wp-json\/wp\/v2\/media\/155305"}],"wp:attachment":[{"href":"https:\/\/radioljubuski.ba\/index.php\/wp-json\/wp\/v2\/media?parent=155304"}],"wp:term":[{"taxonomy":"category","embeddable":true,"href":"https:\/\/radioljubuski.ba\/index.php\/wp-json\/wp\/v2\/categories?post=155304"},{"taxonomy":"post_tag","embeddable":true,"href":"https:\/\/radioljubuski.ba\/index.php\/wp-json\/wp\/v2\/tags?post=155304"}],"curies":[{"name":"wp","href":"https:\/\/api.w.org\/{rel}","templated":true}]}}