{"id":155313,"date":"2022-07-02T10:41:02","date_gmt":"2022-07-02T09:41:02","guid":{"rendered":"https:\/\/radioljubuski.ba\/?p=155313"},"modified":"2022-07-02T10:41:03","modified_gmt":"2022-07-02T09:41:03","slug":"szijjarto-madarska-snazno-podupire-europsku-perspektivu-bih","status":"publish","type":"post","link":"https:\/\/radioljubuski.ba\/index.php\/2022\/07\/02\/szijjarto-madarska-snazno-podupire-europsku-perspektivu-bih\/","title":{"rendered":"Szijjarto:: Ma\u0111arska sna\u017eno podupire europsku perspektivu BiH"},"content":{"rendered":"\n<p>Ma\u0111arski ministar vanjskih poslova Peter Szijjarto potvrdio&nbsp;je u petak u Banjoj Luci kako \u0107e se njegova vlada i daje protiviti uvo\u0111enju sankcija politi\u010darima sa zapadnog Balkana koje bi poku\u0161ala uvesti Europska unija.<\/p>\n\n\n\n<p>Szijjarto je u Banju Luku doputovao kako bi se sastao s najvi\u0161im du\u017enosnicima Republike Srpske, predvo\u0111enim \u010dlanom Predsjedni\u0161tva BiH Miloradom Dodikom i predsjednicom entiteta \u017deljkom Cvijanovi\u0107, koji su pod ameri\u010dkim i britanskim sankcijama.<\/p>\n\n\n\n<p>Vlada premijera Viktora Orbana prakti\u010dno je jedini zagovornik dijaloga s Dodikom u strukturama Europske unije, \u010dije najutjecajnije dr\u017eave sada\u0161njeg srpskog \u010dlana Predsjedni\u0161tva BiH smatraju odgovornim&nbsp;za ugro\u017eavanje stabilnosti i opstanka te zemlje odnosno odgovornim za kreiranje planova o&nbsp;secesiji&nbsp;RS. Orban i Szijjarto ranije su se usprotivili planovima za sankcioniranje Dodika na razini EU, a \u0161ef ma\u0111arske diplomacije sada&nbsp;je ponovio kako od toga Budimpe\u0161ta&nbsp;ne\u0107e odustati.&nbsp;<\/p>\n\n\n\n<p>&#8220;Smatramo ispravnim pru\u017eati zemljama zapadnog Balkana potporu i voditi odgovornu susjedsku politiku poti\u010du\u0107i dijalog. Na zapadnom Balkanu nema smisla uvoditi sankcije i prijetiti, nego voditi dijalog i stoga smatramo da EU ne treba uvoditi sankcije ni protiv jedne osobe sa zapadnog Balkana&#8221;, kazao je Szijjarto na konferenciji za novinstvo.<\/p>\n\n\n\n<p>Ocijenio je &#8220;sramotom Bruxellesa&#8221; spori proces \u0161irenja Unije, a gre\u0161kom odbijanje dr\u017eava-\u010dlanica&nbsp;da se Bosni i Hercegovini&nbsp;odobri status kandidata za \u010dlanstvo, isti\u010du\u0107i kako Ma\u0111arska sna\u017eno podupire europsku perspektivu BiH kao i cijele regije.<\/p>\n\n\n\n<p>&#8220;Pro\u0161irenje EU jedna je od najva\u017enijih politika i ja\u010danje EU nije mogu\u0107e bez njezinog pro\u0161irenja. \u0160to nas vi\u0161e ima, to smo ja\u010di, a to je posebice va\u017eno za regiju zapadnog Balkana&#8221;, kazao je Szijjarto, koji je ocijenio kako je europski kontinent sada suo\u010den s velikim izazovima zbog rata u Ukrajini te problema u energetskom i financijskom sektoru.<\/p>\n\n\n\n<p>Dodik je kazao kako je zahvalan na potpori koju Ma\u0111arska daje RS-u odnosno poruci da se s politi\u010darima iz tog entiteta&nbsp;treba razgovarati &#8220;kada su se neki htjeli igrati&nbsp;sankcijama&#8221;.<\/p>\n\n\n\n<p>Izrazio je o\u010dekivanje&nbsp;kako \u0107e RS produbiti postoje\u0107u suradnju&nbsp;s Orbanovom vladom, kojoj je zahvalio na potpori od 35 milijuna eura za razvitak lokalnog poduzetni\u0161tva. Kazao je i kako je&nbsp;zahvalan&nbsp;na potpori Ma\u0111arske BiH na europskom putu no istodobno je ustvrdio kako je u BiH, a posebice u RS, sve manje entuzijazma za \u010dlanstvo u EU&nbsp;nakon \u0161to zemlja nije dobila kandidatski status zajedno s Ukrajinom i Moldavijom.<\/p>\n\n\n\n<p>Ocijenio je neprihvatljivim popis reformi koje je Europska komisija postavila kao uvjet da bi BiH&nbsp;dobila kandidatski status kazav\u0161i kako za neke od njih nema niti \u0107e ikada biti suglasnosti u samoj zemlji jer, kako tvrdi, one vode ka daljoj centralizaciji. &#8220;Mi se ne\u0107emo odre\u0107i RS radi europskog puta&#8221;, kazao je Dodik.<\/p>\n\n\n\n<p>Izvor:pogled.ba<\/p>\n","protected":false},"excerpt":{"rendered":"<p>Ma\u0111arski ministar vanjskih poslova Peter Szijjarto potvrdio&nbsp;je u petak u Banjoj Luci kako \u0107e se njegova vlada i daje protiviti uvo\u0111enju sankcija politi\u010darima sa zapadnog Balkana koje bi poku\u0161ala uvesti Europska unija. Szijjarto je u Banju Luku doputovao kako bi se sastao s najvi\u0161im du\u017enosnicima Republike Srpske, predvo\u0111enim \u010dlanom Predsjedni\u0161tva BiH Miloradom Dodikom i predsjednicom [&hellip;]<\/p>\n","protected":false},"author":2,"featured_media":37000,"comment_status":"closed","ping_status":"closed","sticky":false,"template":"","format":"standard","meta":{"h5ap_radio_sources":[],"footnotes":""},"categories":[1],"tags":[],"class_list":["post-155313","post","type-post","status-publish","format-standard","has-post-thumbnail","hentry","category-bihiregija"],"yoast_head":"<!-- This site is optimized with the Yoast SEO plugin v27.5 - https:\/\/yoast.com\/product\/yoast-seo-wordpress\/ -->\n<title>Szijjarto:: Ma\u0111arska sna\u017eno podupire europsku perspektivu BiH - RADIO LJUBU\u0160KI<\/title>\n<meta name=\"robots\" content=\"index, follow, max-snippet:-1, max-image-preview:large, max-video-preview:-1\" \/>\n<link rel=\"canonical\" href=\"https:\/\/radioljubuski.ba\/index.php\/2022\/07\/02\/szijjarto-madarska-snazno-podupire-europsku-perspektivu-bih\/\" \/>\n<meta property=\"og:locale\" content=\"hr_HR\" \/>\n<meta property=\"og:type\" content=\"article\" \/>\n<meta property=\"og:title\" content=\"Szijjarto:: Ma\u0111arska sna\u017eno podupire europsku perspektivu BiH - RADIO LJUBU\u0160KI\" \/>\n<meta property=\"og:description\" content=\"Ma\u0111arski ministar vanjskih poslova Peter Szijjarto potvrdio&nbsp;je u petak u Banjoj Luci kako \u0107e se njegova vlada i daje protiviti uvo\u0111enju sankcija politi\u010darima sa zapadnog Balkana koje bi poku\u0161ala uvesti Europska unija. Szijjarto je u Banju Luku doputovao kako bi se sastao s najvi\u0161im du\u017enosnicima Republike Srpske, predvo\u0111enim \u010dlanom Predsjedni\u0161tva BiH Miloradom Dodikom i predsjednicom [&hellip;]\" \/>\n<meta property=\"og:url\" content=\"https:\/\/radioljubuski.ba\/index.php\/2022\/07\/02\/szijjarto-madarska-snazno-podupire-europsku-perspektivu-bih\/\" \/>\n<meta property=\"og:site_name\" content=\"RADIO LJUBU\u0160KI\" \/>\n<meta property=\"article:publisher\" content=\"https:\/\/www.facebook.com\/Radiio-Ljubuski-1490835324566332\" \/>\n<meta property=\"article:published_time\" content=\"2022-07-02T09:41:02+00:00\" \/>\n<meta property=\"article:modified_time\" content=\"2022-07-02T09:41:03+00:00\" \/>\n<meta property=\"og:image\" content=\"https:\/\/radioljubuski.ba\/wp-content\/uploads\/2021\/06\/Peter-Szijjarto.jpg\" \/>\n\t<meta property=\"og:image:width\" content=\"810\" \/>\n\t<meta property=\"og:image:height\" content=\"517\" \/>\n\t<meta property=\"og:image:type\" content=\"image\/jpeg\" \/>\n<meta name=\"author\" content=\"Radio Ljubu\u0161ki\" \/>\n<meta name=\"twitter:card\" content=\"summary_large_image\" \/>\n<meta name=\"twitter:creator\" content=\"@radioljubuski\" \/>\n<meta name=\"twitter:site\" content=\"@radioljubuski\" \/>\n<meta name=\"twitter:label1\" content=\"Napisao\/la\" \/>\n\t<meta name=\"twitter:data1\" content=\"Radio Ljubu\u0161ki\" \/>\n\t<meta name=\"twitter:label2\" content=\"Procijenjeno vrijeme \u010ditanja\" \/>\n\t<meta name=\"twitter:data2\" content=\"2 minute\" \/>\n<script type=\"application\/ld+json\" class=\"yoast-schema-graph\">{\"@context\":\"https:\\\/\\\/schema.org\",\"@graph\":[{\"@type\":\"Article\",\"@id\":\"https:\\\/\\\/radioljubuski.ba\\\/index.php\\\/2022\\\/07\\\/02\\\/szijjarto-madarska-snazno-podupire-europsku-perspektivu-bih\\\/#article\",\"isPartOf\":{\"@id\":\"https:\\\/\\\/radioljubuski.ba\\\/index.php\\\/2022\\\/07\\\/02\\\/szijjarto-madarska-snazno-podupire-europsku-perspektivu-bih\\\/\"},\"author\":{\"name\":\"Radio Ljubu\u0161ki\",\"@id\":\"https:\\\/\\\/radioljubuski.ba\\\/#\\\/schema\\\/person\\\/19fc700381a780f69665d7956c469e3b\"},\"headline\":\"Szijjarto:: Ma\u0111arska sna\u017eno podupire europsku perspektivu BiH\",\"datePublished\":\"2022-07-02T09:41:02+00:00\",\"dateModified\":\"2022-07-02T09:41:03+00:00\",\"mainEntityOfPage\":{\"@id\":\"https:\\\/\\\/radioljubuski.ba\\\/index.php\\\/2022\\\/07\\\/02\\\/szijjarto-madarska-snazno-podupire-europsku-perspektivu-bih\\\/\"},\"wordCount\":497,\"publisher\":{\"@id\":\"https:\\\/\\\/radioljubuski.ba\\\/#organization\"},\"image\":{\"@id\":\"https:\\\/\\\/radioljubuski.ba\\\/index.php\\\/2022\\\/07\\\/02\\\/szijjarto-madarska-snazno-podupire-europsku-perspektivu-bih\\\/#primaryimage\"},\"thumbnailUrl\":\"https:\\\/\\\/radioljubuski.ba\\\/wp-content\\\/uploads\\\/2021\\\/06\\\/Peter-Szijjarto.jpg\",\"articleSection\":[\"BIH i regija\"],\"inLanguage\":\"hr\"},{\"@type\":\"WebPage\",\"@id\":\"https:\\\/\\\/radioljubuski.ba\\\/index.php\\\/2022\\\/07\\\/02\\\/szijjarto-madarska-snazno-podupire-europsku-perspektivu-bih\\\/\",\"url\":\"https:\\\/\\\/radioljubuski.ba\\\/index.php\\\/2022\\\/07\\\/02\\\/szijjarto-madarska-snazno-podupire-europsku-perspektivu-bih\\\/\",\"name\":\"Szijjarto:: Ma\u0111arska sna\u017eno podupire europsku perspektivu BiH - RADIO LJUBU\u0160KI\",\"isPartOf\":{\"@id\":\"https:\\\/\\\/radioljubuski.ba\\\/#website\"},\"primaryImageOfPage\":{\"@id\":\"https:\\\/\\\/radioljubuski.ba\\\/index.php\\\/2022\\\/07\\\/02\\\/szijjarto-madarska-snazno-podupire-europsku-perspektivu-bih\\\/#primaryimage\"},\"image\":{\"@id\":\"https:\\\/\\\/radioljubuski.ba\\\/index.php\\\/2022\\\/07\\\/02\\\/szijjarto-madarska-snazno-podupire-europsku-perspektivu-bih\\\/#primaryimage\"},\"thumbnailUrl\":\"https:\\\/\\\/radioljubuski.ba\\\/wp-content\\\/uploads\\\/2021\\\/06\\\/Peter-Szijjarto.jpg\",\"datePublished\":\"2022-07-02T09:41:02+00:00\",\"dateModified\":\"2022-07-02T09:41:03+00:00\",\"breadcrumb\":{\"@id\":\"https:\\\/\\\/radioljubuski.ba\\\/index.php\\\/2022\\\/07\\\/02\\\/szijjarto-madarska-snazno-podupire-europsku-perspektivu-bih\\\/#breadcrumb\"},\"inLanguage\":\"hr\",\"potentialAction\":[{\"@type\":\"ReadAction\",\"target\":[\"https:\\\/\\\/radioljubuski.ba\\\/index.php\\\/2022\\\/07\\\/02\\\/szijjarto-madarska-snazno-podupire-europsku-perspektivu-bih\\\/\"]}]},{\"@type\":\"ImageObject\",\"inLanguage\":\"hr\",\"@id\":\"https:\\\/\\\/radioljubuski.ba\\\/index.php\\\/2022\\\/07\\\/02\\\/szijjarto-madarska-snazno-podupire-europsku-perspektivu-bih\\\/#primaryimage\",\"url\":\"https:\\\/\\\/radioljubuski.ba\\\/wp-content\\\/uploads\\\/2021\\\/06\\\/Peter-Szijjarto.jpg\",\"contentUrl\":\"https:\\\/\\\/radioljubuski.ba\\\/wp-content\\\/uploads\\\/2021\\\/06\\\/Peter-Szijjarto.jpg\",\"width\":810,\"height\":517},{\"@type\":\"BreadcrumbList\",\"@id\":\"https:\\\/\\\/radioljubuski.ba\\\/index.php\\\/2022\\\/07\\\/02\\\/szijjarto-madarska-snazno-podupire-europsku-perspektivu-bih\\\/#breadcrumb\",\"itemListElement\":[{\"@type\":\"ListItem\",\"position\":1,\"name\":\"Po\u010detna stranica\",\"item\":\"https:\\\/\\\/radioljubuski.ba\\\/\"},{\"@type\":\"ListItem\",\"position\":2,\"name\":\"Szijjarto:: Ma\u0111arska sna\u017eno podupire europsku perspektivu BiH\"}]},{\"@type\":\"WebSite\",\"@id\":\"https:\\\/\\\/radioljubuski.ba\\\/#website\",\"url\":\"https:\\\/\\\/radioljubuski.ba\\\/\",\"name\":\"Radio Ljubu\u0161ki\",\"description\":\"Sun\u010dana frekvencija Hercegovine\",\"publisher\":{\"@id\":\"https:\\\/\\\/radioljubuski.ba\\\/#organization\"},\"potentialAction\":[{\"@type\":\"SearchAction\",\"target\":{\"@type\":\"EntryPoint\",\"urlTemplate\":\"https:\\\/\\\/radioljubuski.ba\\\/?s={search_term_string}\"},\"query-input\":{\"@type\":\"PropertyValueSpecification\",\"valueRequired\":true,\"valueName\":\"search_term_string\"}}],\"inLanguage\":\"hr\"},{\"@type\":\"Organization\",\"@id\":\"https:\\\/\\\/radioljubuski.ba\\\/#organization\",\"name\":\"Radio Ljubu\u0161ki\",\"url\":\"https:\\\/\\\/radioljubuski.ba\\\/\",\"logo\":{\"@type\":\"ImageObject\",\"inLanguage\":\"hr\",\"@id\":\"https:\\\/\\\/radioljubuski.ba\\\/#\\\/schema\\\/logo\\\/image\\\/\",\"url\":\"https:\\\/\\\/radioljubuski.ba\\\/wp-content\\\/uploads\\\/2021\\\/02\\\/cropped-Radio_Ljubuski_logo1.jpg\",\"contentUrl\":\"https:\\\/\\\/radioljubuski.ba\\\/wp-content\\\/uploads\\\/2021\\\/02\\\/cropped-Radio_Ljubuski_logo1.jpg\",\"width\":512,\"height\":512,\"caption\":\"Radio Ljubu\u0161ki\"},\"image\":{\"@id\":\"https:\\\/\\\/radioljubuski.ba\\\/#\\\/schema\\\/logo\\\/image\\\/\"},\"sameAs\":[\"https:\\\/\\\/www.facebook.com\\\/Radiio-Ljubuski-1490835324566332\",\"https:\\\/\\\/x.com\\\/radioljubuski\",\"https:\\\/\\\/hr.linkedin.com\\\/company\\\/radio-ljubuski\",\"https:\\\/\\\/www.youtube.com\\\/channel\\\/UCHYaeO_n0Db3tjNGudGpXyw\"]},{\"@type\":\"Person\",\"@id\":\"https:\\\/\\\/radioljubuski.ba\\\/#\\\/schema\\\/person\\\/19fc700381a780f69665d7956c469e3b\",\"name\":\"Radio Ljubu\u0161ki\"}]}<\/script>\n<!-- \/ Yoast SEO plugin. -->","yoast_head_json":{"title":"Szijjarto:: Ma\u0111arska sna\u017eno podupire europsku perspektivu BiH - RADIO LJUBU\u0160KI","robots":{"index":"index","follow":"follow","max-snippet":"max-snippet:-1","max-image-preview":"max-image-preview:large","max-video-preview":"max-video-preview:-1"},"canonical":"https:\/\/radioljubuski.ba\/index.php\/2022\/07\/02\/szijjarto-madarska-snazno-podupire-europsku-perspektivu-bih\/","og_locale":"hr_HR","og_type":"article","og_title":"Szijjarto:: Ma\u0111arska sna\u017eno podupire europsku perspektivu BiH - RADIO LJUBU\u0160KI","og_description":"Ma\u0111arski ministar vanjskih poslova Peter Szijjarto potvrdio&nbsp;je u petak u Banjoj Luci kako \u0107e se njegova vlada i daje protiviti uvo\u0111enju sankcija politi\u010darima sa zapadnog Balkana koje bi poku\u0161ala uvesti Europska unija. Szijjarto je u Banju Luku doputovao kako bi se sastao s najvi\u0161im du\u017enosnicima Republike Srpske, predvo\u0111enim \u010dlanom Predsjedni\u0161tva BiH Miloradom Dodikom i predsjednicom [&hellip;]","og_url":"https:\/\/radioljubuski.ba\/index.php\/2022\/07\/02\/szijjarto-madarska-snazno-podupire-europsku-perspektivu-bih\/","og_site_name":"RADIO LJUBU\u0160KI","article_publisher":"https:\/\/www.facebook.com\/Radiio-Ljubuski-1490835324566332","article_published_time":"2022-07-02T09:41:02+00:00","article_modified_time":"2022-07-02T09:41:03+00:00","og_image":[{"width":810,"height":517,"url":"https:\/\/radioljubuski.ba\/wp-content\/uploads\/2021\/06\/Peter-Szijjarto.jpg","type":"image\/jpeg"}],"author":"Radio Ljubu\u0161ki","twitter_card":"summary_large_image","twitter_creator":"@radioljubuski","twitter_site":"@radioljubuski","twitter_misc":{"Napisao\/la":"Radio Ljubu\u0161ki","Procijenjeno vrijeme \u010ditanja":"2 minute"},"schema":{"@context":"https:\/\/schema.org","@graph":[{"@type":"Article","@id":"https:\/\/radioljubuski.ba\/index.php\/2022\/07\/02\/szijjarto-madarska-snazno-podupire-europsku-perspektivu-bih\/#article","isPartOf":{"@id":"https:\/\/radioljubuski.ba\/index.php\/2022\/07\/02\/szijjarto-madarska-snazno-podupire-europsku-perspektivu-bih\/"},"author":{"name":"Radio Ljubu\u0161ki","@id":"https:\/\/radioljubuski.ba\/#\/schema\/person\/19fc700381a780f69665d7956c469e3b"},"headline":"Szijjarto:: Ma\u0111arska sna\u017eno podupire europsku perspektivu BiH","datePublished":"2022-07-02T09:41:02+00:00","dateModified":"2022-07-02T09:41:03+00:00","mainEntityOfPage":{"@id":"https:\/\/radioljubuski.ba\/index.php\/2022\/07\/02\/szijjarto-madarska-snazno-podupire-europsku-perspektivu-bih\/"},"wordCount":497,"publisher":{"@id":"https:\/\/radioljubuski.ba\/#organization"},"image":{"@id":"https:\/\/radioljubuski.ba\/index.php\/2022\/07\/02\/szijjarto-madarska-snazno-podupire-europsku-perspektivu-bih\/#primaryimage"},"thumbnailUrl":"https:\/\/radioljubuski.ba\/wp-content\/uploads\/2021\/06\/Peter-Szijjarto.jpg","articleSection":["BIH i regija"],"inLanguage":"hr"},{"@type":"WebPage","@id":"https:\/\/radioljubuski.ba\/index.php\/2022\/07\/02\/szijjarto-madarska-snazno-podupire-europsku-perspektivu-bih\/","url":"https:\/\/radioljubuski.ba\/index.php\/2022\/07\/02\/szijjarto-madarska-snazno-podupire-europsku-perspektivu-bih\/","name":"Szijjarto:: Ma\u0111arska sna\u017eno podupire europsku perspektivu BiH - RADIO LJUBU\u0160KI","isPartOf":{"@id":"https:\/\/radioljubuski.ba\/#website"},"primaryImageOfPage":{"@id":"https:\/\/radioljubuski.ba\/index.php\/2022\/07\/02\/szijjarto-madarska-snazno-podupire-europsku-perspektivu-bih\/#primaryimage"},"image":{"@id":"https:\/\/radioljubuski.ba\/index.php\/2022\/07\/02\/szijjarto-madarska-snazno-podupire-europsku-perspektivu-bih\/#primaryimage"},"thumbnailUrl":"https:\/\/radioljubuski.ba\/wp-content\/uploads\/2021\/06\/Peter-Szijjarto.jpg","datePublished":"2022-07-02T09:41:02+00:00","dateModified":"2022-07-02T09:41:03+00:00","breadcrumb":{"@id":"https:\/\/radioljubuski.ba\/index.php\/2022\/07\/02\/szijjarto-madarska-snazno-podupire-europsku-perspektivu-bih\/#breadcrumb"},"inLanguage":"hr","potentialAction":[{"@type":"ReadAction","target":["https:\/\/radioljubuski.ba\/index.php\/2022\/07\/02\/szijjarto-madarska-snazno-podupire-europsku-perspektivu-bih\/"]}]},{"@type":"ImageObject","inLanguage":"hr","@id":"https:\/\/radioljubuski.ba\/index.php\/2022\/07\/02\/szijjarto-madarska-snazno-podupire-europsku-perspektivu-bih\/#primaryimage","url":"https:\/\/radioljubuski.ba\/wp-content\/uploads\/2021\/06\/Peter-Szijjarto.jpg","contentUrl":"https:\/\/radioljubuski.ba\/wp-content\/uploads\/2021\/06\/Peter-Szijjarto.jpg","width":810,"height":517},{"@type":"BreadcrumbList","@id":"https:\/\/radioljubuski.ba\/index.php\/2022\/07\/02\/szijjarto-madarska-snazno-podupire-europsku-perspektivu-bih\/#breadcrumb","itemListElement":[{"@type":"ListItem","position":1,"name":"Po\u010detna stranica","item":"https:\/\/radioljubuski.ba\/"},{"@type":"ListItem","position":2,"name":"Szijjarto:: Ma\u0111arska sna\u017eno podupire europsku perspektivu BiH"}]},{"@type":"WebSite","@id":"https:\/\/radioljubuski.ba\/#website","url":"https:\/\/radioljubuski.ba\/","name":"Radio Ljubu\u0161ki","description":"Sun\u010dana frekvencija Hercegovine","publisher":{"@id":"https:\/\/radioljubuski.ba\/#organization"},"potentialAction":[{"@type":"SearchAction","target":{"@type":"EntryPoint","urlTemplate":"https:\/\/radioljubuski.ba\/?s={search_term_string}"},"query-input":{"@type":"PropertyValueSpecification","valueRequired":true,"valueName":"search_term_string"}}],"inLanguage":"hr"},{"@type":"Organization","@id":"https:\/\/radioljubuski.ba\/#organization","name":"Radio Ljubu\u0161ki","url":"https:\/\/radioljubuski.ba\/","logo":{"@type":"ImageObject","inLanguage":"hr","@id":"https:\/\/radioljubuski.ba\/#\/schema\/logo\/image\/","url":"https:\/\/radioljubuski.ba\/wp-content\/uploads\/2021\/02\/cropped-Radio_Ljubuski_logo1.jpg","contentUrl":"https:\/\/radioljubuski.ba\/wp-content\/uploads\/2021\/02\/cropped-Radio_Ljubuski_logo1.jpg","width":512,"height":512,"caption":"Radio Ljubu\u0161ki"},"image":{"@id":"https:\/\/radioljubuski.ba\/#\/schema\/logo\/image\/"},"sameAs":["https:\/\/www.facebook.com\/Radiio-Ljubuski-1490835324566332","https:\/\/x.com\/radioljubuski","https:\/\/hr.linkedin.com\/company\/radio-ljubuski","https:\/\/www.youtube.com\/channel\/UCHYaeO_n0Db3tjNGudGpXyw"]},{"@type":"Person","@id":"https:\/\/radioljubuski.ba\/#\/schema\/person\/19fc700381a780f69665d7956c469e3b","name":"Radio Ljubu\u0161ki"}]}},"_links":{"self":[{"href":"https:\/\/radioljubuski.ba\/index.php\/wp-json\/wp\/v2\/posts\/155313","targetHints":{"allow":["GET"]}}],"collection":[{"href":"https:\/\/radioljubuski.ba\/index.php\/wp-json\/wp\/v2\/posts"}],"about":[{"href":"https:\/\/radioljubuski.ba\/index.php\/wp-json\/wp\/v2\/types\/post"}],"author":[{"embeddable":true,"href":"https:\/\/radioljubuski.ba\/index.php\/wp-json\/wp\/v2\/users\/2"}],"replies":[{"embeddable":true,"href":"https:\/\/radioljubuski.ba\/index.php\/wp-json\/wp\/v2\/comments?post=155313"}],"version-history":[{"count":1,"href":"https:\/\/radioljubuski.ba\/index.php\/wp-json\/wp\/v2\/posts\/155313\/revisions"}],"predecessor-version":[{"id":155314,"href":"https:\/\/radioljubuski.ba\/index.php\/wp-json\/wp\/v2\/posts\/155313\/revisions\/155314"}],"wp:featuredmedia":[{"embeddable":true,"href":"https:\/\/radioljubuski.ba\/index.php\/wp-json\/wp\/v2\/media\/37000"}],"wp:attachment":[{"href":"https:\/\/radioljubuski.ba\/index.php\/wp-json\/wp\/v2\/media?parent=155313"}],"wp:term":[{"taxonomy":"category","embeddable":true,"href":"https:\/\/radioljubuski.ba\/index.php\/wp-json\/wp\/v2\/categories?post=155313"},{"taxonomy":"post_tag","embeddable":true,"href":"https:\/\/radioljubuski.ba\/index.php\/wp-json\/wp\/v2\/tags?post=155313"}],"curies":[{"name":"wp","href":"https:\/\/api.w.org\/{rel}","templated":true}]}}