{"id":155317,"date":"2022-07-02T10:43:48","date_gmt":"2022-07-02T09:43:48","guid":{"rendered":"https:\/\/radioljubuski.ba\/?p=155317"},"modified":"2022-07-02T10:44:06","modified_gmt":"2022-07-02T09:44:06","slug":"novi-detalji-stravicnog-zlocina-biljana-je-tijelo-ubijenog-supruga-skrivala-ispod-djecjeg-bazena-djeci-je-govorila-da-ih-otac-ne-zove-jer-nema-mobitel","status":"publish","type":"post","link":"https:\/\/radioljubuski.ba\/index.php\/2022\/07\/02\/novi-detalji-stravicnog-zlocina-biljana-je-tijelo-ubijenog-supruga-skrivala-ispod-djecjeg-bazena-djeci-je-govorila-da-ih-otac-ne-zove-jer-nema-mobitel\/","title":{"rendered":"Novi detalji stravi\u010dnog zlo\u010dina: Biljana je tijelo ubijenog supruga skrivala ispod dje\u010djeg bazena, djeci je govorila da ih otac ne zove jer nema mobitel"},"content":{"rendered":"\n<p>Ivanovo tijelo prona\u0111eno je zabetonirano u metalnoj ba\u010dvi, zazidanoj ciglama, iznad koje je postavljen dje\u010dji bazen na napuhavanje.<\/p>\n\n\n\n<p>Tijelo koje je prona\u0111eno u&nbsp;zazidanoj&nbsp;ba\u010dvi u podrumu obiteljske ku\u0107e u selu Veliko Trnjane kod Leskovca&nbsp;u Srbiji, za koje se sumnja da je 40-godi\u0161nji&nbsp;Ivan Stojanovi\u0107, poslano je na obdukciju i DNK vje\u0161ta\u010denje, javlja&nbsp;<a href=\"https:\/\/www.srbijadanas.com\/vesti\/hronika\/isplivali-novi-detalji-zlocina-kod-leskovca-biljana-ubila-muza-na-spavanju-ubila-ga-nozem-pa-ga-2022-07-01?utm_source=ShareMedia.rs&amp;utm_medium=widget&amp;utm_campaign=interna%2brazmena\" target=\"_blank\" rel=\"noreferrer noopener\">Srbija danas<\/a>.<\/p>\n\n\n\n<p>Toksikolo\u0161kom analizom utvrdit \u0107e se je li mu ubojica, a prema dosada\u0161njim dokazima, to je bila njegova supruga, sada pokojna&nbsp;Biljana\u200b, dala neke tablete pa ga ubila no\u017eem na spavanju.<\/p>\n\n\n\n<p>Sugovornik za spomenuti portal ka\u017ee da je Biljana najverojatnije ubila Ivana na spavanju i to se vjerojatno dogodilo u sobi&nbsp;iz koje je uklonjen tepih. Iako su pro\u0161le tri godine, forenzi\u010dari mogu prona\u0107i tragove krvi upotrebom specijalnih sredstava, koja reagiraju s&nbsp;proteinima iz tjelesnih teku\u0107ina bez obzira na to \u0161to su tragovi oprani &#8211; kazao je sugovornik.<\/p>\n\n\n\n<p>Zasad&nbsp;nema dokaza da je Biljana ubija Ivana uz ne\u010diju pomo\u0107.<\/p>\n\n\n\n<p>&#8211; Dosada\u0161nja istraga pokazuje da Biljana nije imala pomaga\u010de, ali predstoji jo\u0161 informativnih razgovora sa svima iz njihove okoline. Nakon \u0161to je pro\u0161ao poligraf, sumnja je prvo otklonjena s&nbsp;njezinog ljubavnika&nbsp;Aleksandra L., jer je utvr\u0111eno da nije sudjelovao u zlo\u010dinu, ali i da nije znao \u0161to se dogodilo Ivan&nbsp;&#8211;&nbsp;ka\u017ee za medije&nbsp;izvor blizak istrazi.<\/p>\n\n\n\n<p>Podsjetimo, tijelo 38-godi\u0161nje Biljane&nbsp;prona\u0111eno je u \u0161upi u dvori\u0161tu obiteljske ku\u0107e u kojoj se ubila tako \u0161to je popila otrov.<\/p>\n\n\n\n<p>Ivanovo&nbsp;tijelo&nbsp;prona\u0111eno je zabetonirano u metalnoj ba\u010dvi, zazidanoj&nbsp;ciglama, iznad koje je postavljen&nbsp;dje\u010dji bazen na napuhavanje.<\/p>\n\n\n\n<p>Prema neslu\u017ebenim informacijama, na tavanu ku\u0107e prona\u0111ena je sjekira kojom je, kako se sumnja, ubijen Ivan.<\/p>\n\n\n\n<p>&#8211;&nbsp;Sjekira je bila umotana u kese i ostavljena na tavanu&nbsp;&#8211; rekao je sugovornik za portal&nbsp;<a href=\"https:\/\/www.srbijadanas.com\/vesti\/hronika\/isplivali-novi-detalji-zlocina-kod-leskovca-biljana-ubila-muza-na-spavanju-ubila-ga-nozem-pa-ga-2022-07-01?utm_source=ShareMedia.rs&amp;utm_medium=widget&amp;utm_campaign=interna%2brazmena\" target=\"_blank\" rel=\"noreferrer noopener\">Srbija danas<\/a>.<\/p>\n\n\n\n<p>Tijelo je, prema saznanjima lokalnih medija, otkrio&nbsp;Nenad, brat ubijenog&nbsp;Ivana, kad&nbsp;je \u010deki\u0107em krenuo ru\u0161iti pregradni zid u \u0161tali.<\/p>\n\n\n\n<p>&#8211;&nbsp;Kad&nbsp;je udario \u010deki\u0107em i polomio zid, prvo \u0161to je vidio bila je lubanja njegova brata.&nbsp;Mjesto je bilo zamaskirano tako da nitko ne bi pomislio da se ba\u0161 tu nalazi le\u0161 &#8211; pri\u010daju mje\u0161tani.<\/p>\n\n\n\n<p>O\u010devici ka\u017eu da je Ivanovo&nbsp;tijelo u ba\u010dvi&nbsp;zabetonirano u &#8220;\u010du\u010de\u0107em polo\u017eaju&#8221; te da, vjerojatno zbog betona, nije otpao ni jedan dio tijela iako se, kako se sumnja, ono tu nalazilo&nbsp;nalazilo tri godine.<\/p>\n\n\n\n<p>Istraga Vi\u0161eg javnog tu\u017eiteljstva u Leskovcu u ovom trenutku ide u tri pravca &#8211; utvr\u0111uje se tko je ubojica, \u0161to je&nbsp;uzrok smrti i tko je osoba \u010dije je tijelo prona\u0111eno u ba\u010dvi.<\/p>\n\n\n\n<p>Nad ovim slu\u010dajem obavio se veo crne misterije i otvorena su mnoga pitanja na koja istra\u017eitelji zasad&nbsp;nemaju odgovor.<\/p>\n\n\n\n<p>Osim ova tri gore navedena pitanja, koja predstavljaju&nbsp;trenutni prioritet Vi\u0161eg javnog tu\u017eiteljstva, mnogi se pitaju &#8211; za\u0161to nitko iz obitelji nije reagirao na to \u0161to se Ivan ne javlja&nbsp;iz Rusije, obzirom na to da je Biljana pri\u010dala kako je&nbsp;oti\u0161ao tamo raditi.<\/p>\n\n\n\n<p>Biljana je, kako su naveli Ivanovi roditelji&nbsp;Jovan&nbsp;i&nbsp;Ru\u017ea, rekla svima da se on vratio u spomenutu zemlju, a otad su pro\u0161le&nbsp;tri godine. Mje\u0161tani su tako\u0111er vjerovali u tu pri\u010du.&nbsp;Na nju je &#8220;nasjeo&#8221; i Ivanov&nbsp;brat Nenad, koji je policajac. Me\u0111utim, tek sad&nbsp;je otkriveno da je zabilje\u017een Ivanov ulazak u Srbiju prije tri godine, ali ne i izlazak.<\/p>\n\n\n\n<p>Njihovih troje djece, od kojih je jedna k\u0107i punoljetna, druga maloljetna i sin koji je najmla\u0111i, dali su izjavu u policiji u kojoj su rekli \u0161to im je majka pri\u010dala cijelo ovo vrijeme.<\/p>\n\n\n\n<p>&#8211; Rekli su da im je ona govorila da otac nema telefon i da ih ne mo\u017ee zvati &#8211; rekao je za portal&nbsp;<a href=\"https:\/\/www.srbijadanas.com\/vesti\/hronika\/isplivali-novi-detalji-zlocina-kod-leskovca-biljana-ubila-muza-na-spavanju-ubila-ga-nozem-pa-ga-2022-07-01?utm_source=ShareMedia.rs&amp;utm_medium=widget&amp;utm_campaign=interna%2brazmena\" target=\"_blank\" rel=\"noreferrer noopener\">Srbija danas<\/a>&nbsp;sugovornik iz istrage.<\/p>\n\n\n\n<p>Dnevnik.ba<\/p>\n","protected":false},"excerpt":{"rendered":"<p>Ivanovo tijelo prona\u0111eno je zabetonirano u metalnoj ba\u010dvi, zazidanoj ciglama, iznad koje je postavljen dje\u010dji bazen na napuhavanje. Tijelo koje je prona\u0111eno u&nbsp;zazidanoj&nbsp;ba\u010dvi u podrumu obiteljske ku\u0107e u selu Veliko Trnjane kod Leskovca&nbsp;u Srbiji, za koje se sumnja da je 40-godi\u0161nji&nbsp;Ivan Stojanovi\u0107, poslano je na obdukciju i DNK vje\u0161ta\u010denje, javlja&nbsp;Srbija danas. Toksikolo\u0161kom analizom utvrdit \u0107e [&hellip;]<\/p>\n","protected":false},"author":2,"featured_media":155318,"comment_status":"closed","ping_status":"closed","sticky":false,"template":"","format":"standard","meta":{"h5ap_radio_sources":[],"footnotes":""},"categories":[1],"tags":[],"class_list":["post-155317","post","type-post","status-publish","format-standard","has-post-thumbnail","hentry","category-bihiregija"],"yoast_head":"<!-- This site is optimized with the Yoast SEO plugin v27.5 - https:\/\/yoast.com\/product\/yoast-seo-wordpress\/ -->\n<title>Novi detalji stravi\u010dnog zlo\u010dina: Biljana je tijelo ubijenog supruga skrivala ispod dje\u010djeg bazena, djeci je govorila da ih otac ne zove jer nema mobitel - RADIO LJUBU\u0160KI<\/title>\n<meta name=\"robots\" content=\"index, follow, max-snippet:-1, max-image-preview:large, max-video-preview:-1\" \/>\n<link rel=\"canonical\" href=\"https:\/\/radioljubuski.ba\/index.php\/2022\/07\/02\/novi-detalji-stravicnog-zlocina-biljana-je-tijelo-ubijenog-supruga-skrivala-ispod-djecjeg-bazena-djeci-je-govorila-da-ih-otac-ne-zove-jer-nema-mobitel\/\" \/>\n<meta property=\"og:locale\" content=\"hr_HR\" \/>\n<meta property=\"og:type\" content=\"article\" \/>\n<meta property=\"og:title\" content=\"Novi detalji stravi\u010dnog zlo\u010dina: Biljana je tijelo ubijenog supruga skrivala ispod dje\u010djeg bazena, djeci je govorila da ih otac ne zove jer nema mobitel - RADIO LJUBU\u0160KI\" \/>\n<meta property=\"og:description\" content=\"Ivanovo tijelo prona\u0111eno je zabetonirano u metalnoj ba\u010dvi, zazidanoj ciglama, iznad koje je postavljen dje\u010dji bazen na napuhavanje. Tijelo koje je prona\u0111eno u&nbsp;zazidanoj&nbsp;ba\u010dvi u podrumu obiteljske ku\u0107e u selu Veliko Trnjane kod Leskovca&nbsp;u Srbiji, za koje se sumnja da je 40-godi\u0161nji&nbsp;Ivan Stojanovi\u0107, poslano je na obdukciju i DNK vje\u0161ta\u010denje, javlja&nbsp;Srbija danas. Toksikolo\u0161kom analizom utvrdit \u0107e [&hellip;]\" \/>\n<meta property=\"og:url\" content=\"https:\/\/radioljubuski.ba\/index.php\/2022\/07\/02\/novi-detalji-stravicnog-zlocina-biljana-je-tijelo-ubijenog-supruga-skrivala-ispod-djecjeg-bazena-djeci-je-govorila-da-ih-otac-ne-zove-jer-nema-mobitel\/\" \/>\n<meta property=\"og:site_name\" content=\"RADIO LJUBU\u0160KI\" \/>\n<meta property=\"article:publisher\" content=\"https:\/\/www.facebook.com\/Radiio-Ljubuski-1490835324566332\" \/>\n<meta property=\"article:published_time\" content=\"2022-07-02T09:43:48+00:00\" \/>\n<meta property=\"article:modified_time\" content=\"2022-07-02T09:44:06+00:00\" \/>\n<meta property=\"og:image\" content=\"https:\/\/radioljubuski.ba\/wp-content\/uploads\/2022\/07\/o_114619_1024.jpg\" \/>\n\t<meta property=\"og:image:width\" content=\"1024\" \/>\n\t<meta property=\"og:image:height\" content=\"760\" \/>\n\t<meta property=\"og:image:type\" content=\"image\/jpeg\" \/>\n<meta name=\"author\" content=\"Radio Ljubu\u0161ki\" \/>\n<meta name=\"twitter:card\" content=\"summary_large_image\" \/>\n<meta name=\"twitter:creator\" content=\"@radioljubuski\" \/>\n<meta name=\"twitter:site\" content=\"@radioljubuski\" \/>\n<meta name=\"twitter:label1\" content=\"Napisao\/la\" \/>\n\t<meta name=\"twitter:data1\" content=\"Radio Ljubu\u0161ki\" \/>\n\t<meta name=\"twitter:label2\" content=\"Procijenjeno vrijeme \u010ditanja\" \/>\n\t<meta name=\"twitter:data2\" content=\"3 minute\" \/>\n<script type=\"application\/ld+json\" class=\"yoast-schema-graph\">{\"@context\":\"https:\\\/\\\/schema.org\",\"@graph\":[{\"@type\":\"Article\",\"@id\":\"https:\\\/\\\/radioljubuski.ba\\\/index.php\\\/2022\\\/07\\\/02\\\/novi-detalji-stravicnog-zlocina-biljana-je-tijelo-ubijenog-supruga-skrivala-ispod-djecjeg-bazena-djeci-je-govorila-da-ih-otac-ne-zove-jer-nema-mobitel\\\/#article\",\"isPartOf\":{\"@id\":\"https:\\\/\\\/radioljubuski.ba\\\/index.php\\\/2022\\\/07\\\/02\\\/novi-detalji-stravicnog-zlocina-biljana-je-tijelo-ubijenog-supruga-skrivala-ispod-djecjeg-bazena-djeci-je-govorila-da-ih-otac-ne-zove-jer-nema-mobitel\\\/\"},\"author\":{\"name\":\"Radio Ljubu\u0161ki\",\"@id\":\"https:\\\/\\\/radioljubuski.ba\\\/#\\\/schema\\\/person\\\/19fc700381a780f69665d7956c469e3b\"},\"headline\":\"Novi detalji stravi\u010dnog zlo\u010dina: Biljana je tijelo ubijenog supruga skrivala ispod dje\u010djeg bazena, djeci je govorila da ih otac ne zove jer nema mobitel\",\"datePublished\":\"2022-07-02T09:43:48+00:00\",\"dateModified\":\"2022-07-02T09:44:06+00:00\",\"mainEntityOfPage\":{\"@id\":\"https:\\\/\\\/radioljubuski.ba\\\/index.php\\\/2022\\\/07\\\/02\\\/novi-detalji-stravicnog-zlocina-biljana-je-tijelo-ubijenog-supruga-skrivala-ispod-djecjeg-bazena-djeci-je-govorila-da-ih-otac-ne-zove-jer-nema-mobitel\\\/\"},\"wordCount\":736,\"publisher\":{\"@id\":\"https:\\\/\\\/radioljubuski.ba\\\/#organization\"},\"image\":{\"@id\":\"https:\\\/\\\/radioljubuski.ba\\\/index.php\\\/2022\\\/07\\\/02\\\/novi-detalji-stravicnog-zlocina-biljana-je-tijelo-ubijenog-supruga-skrivala-ispod-djecjeg-bazena-djeci-je-govorila-da-ih-otac-ne-zove-jer-nema-mobitel\\\/#primaryimage\"},\"thumbnailUrl\":\"https:\\\/\\\/radioljubuski.ba\\\/wp-content\\\/uploads\\\/2022\\\/07\\\/o_114619_1024.jpg\",\"articleSection\":[\"BIH i regija\"],\"inLanguage\":\"hr\"},{\"@type\":\"WebPage\",\"@id\":\"https:\\\/\\\/radioljubuski.ba\\\/index.php\\\/2022\\\/07\\\/02\\\/novi-detalji-stravicnog-zlocina-biljana-je-tijelo-ubijenog-supruga-skrivala-ispod-djecjeg-bazena-djeci-je-govorila-da-ih-otac-ne-zove-jer-nema-mobitel\\\/\",\"url\":\"https:\\\/\\\/radioljubuski.ba\\\/index.php\\\/2022\\\/07\\\/02\\\/novi-detalji-stravicnog-zlocina-biljana-je-tijelo-ubijenog-supruga-skrivala-ispod-djecjeg-bazena-djeci-je-govorila-da-ih-otac-ne-zove-jer-nema-mobitel\\\/\",\"name\":\"Novi detalji stravi\u010dnog zlo\u010dina: Biljana je tijelo ubijenog supruga skrivala ispod dje\u010djeg bazena, djeci je govorila da ih otac ne zove jer nema mobitel - RADIO LJUBU\u0160KI\",\"isPartOf\":{\"@id\":\"https:\\\/\\\/radioljubuski.ba\\\/#website\"},\"primaryImageOfPage\":{\"@id\":\"https:\\\/\\\/radioljubuski.ba\\\/index.php\\\/2022\\\/07\\\/02\\\/novi-detalji-stravicnog-zlocina-biljana-je-tijelo-ubijenog-supruga-skrivala-ispod-djecjeg-bazena-djeci-je-govorila-da-ih-otac-ne-zove-jer-nema-mobitel\\\/#primaryimage\"},\"image\":{\"@id\":\"https:\\\/\\\/radioljubuski.ba\\\/index.php\\\/2022\\\/07\\\/02\\\/novi-detalji-stravicnog-zlocina-biljana-je-tijelo-ubijenog-supruga-skrivala-ispod-djecjeg-bazena-djeci-je-govorila-da-ih-otac-ne-zove-jer-nema-mobitel\\\/#primaryimage\"},\"thumbnailUrl\":\"https:\\\/\\\/radioljubuski.ba\\\/wp-content\\\/uploads\\\/2022\\\/07\\\/o_114619_1024.jpg\",\"datePublished\":\"2022-07-02T09:43:48+00:00\",\"dateModified\":\"2022-07-02T09:44:06+00:00\",\"breadcrumb\":{\"@id\":\"https:\\\/\\\/radioljubuski.ba\\\/index.php\\\/2022\\\/07\\\/02\\\/novi-detalji-stravicnog-zlocina-biljana-je-tijelo-ubijenog-supruga-skrivala-ispod-djecjeg-bazena-djeci-je-govorila-da-ih-otac-ne-zove-jer-nema-mobitel\\\/#breadcrumb\"},\"inLanguage\":\"hr\",\"potentialAction\":[{\"@type\":\"ReadAction\",\"target\":[\"https:\\\/\\\/radioljubuski.ba\\\/index.php\\\/2022\\\/07\\\/02\\\/novi-detalji-stravicnog-zlocina-biljana-je-tijelo-ubijenog-supruga-skrivala-ispod-djecjeg-bazena-djeci-je-govorila-da-ih-otac-ne-zove-jer-nema-mobitel\\\/\"]}]},{\"@type\":\"ImageObject\",\"inLanguage\":\"hr\",\"@id\":\"https:\\\/\\\/radioljubuski.ba\\\/index.php\\\/2022\\\/07\\\/02\\\/novi-detalji-stravicnog-zlocina-biljana-je-tijelo-ubijenog-supruga-skrivala-ispod-djecjeg-bazena-djeci-je-govorila-da-ih-otac-ne-zove-jer-nema-mobitel\\\/#primaryimage\",\"url\":\"https:\\\/\\\/radioljubuski.ba\\\/wp-content\\\/uploads\\\/2022\\\/07\\\/o_114619_1024.jpg\",\"contentUrl\":\"https:\\\/\\\/radioljubuski.ba\\\/wp-content\\\/uploads\\\/2022\\\/07\\\/o_114619_1024.jpg\",\"width\":1024,\"height\":760},{\"@type\":\"BreadcrumbList\",\"@id\":\"https:\\\/\\\/radioljubuski.ba\\\/index.php\\\/2022\\\/07\\\/02\\\/novi-detalji-stravicnog-zlocina-biljana-je-tijelo-ubijenog-supruga-skrivala-ispod-djecjeg-bazena-djeci-je-govorila-da-ih-otac-ne-zove-jer-nema-mobitel\\\/#breadcrumb\",\"itemListElement\":[{\"@type\":\"ListItem\",\"position\":1,\"name\":\"Po\u010detna stranica\",\"item\":\"https:\\\/\\\/radioljubuski.ba\\\/\"},{\"@type\":\"ListItem\",\"position\":2,\"name\":\"Novi detalji stravi\u010dnog zlo\u010dina: Biljana je tijelo ubijenog supruga skrivala ispod dje\u010djeg bazena, djeci je govorila da ih otac ne zove jer nema mobitel\"}]},{\"@type\":\"WebSite\",\"@id\":\"https:\\\/\\\/radioljubuski.ba\\\/#website\",\"url\":\"https:\\\/\\\/radioljubuski.ba\\\/\",\"name\":\"Radio Ljubu\u0161ki\",\"description\":\"Sun\u010dana frekvencija Hercegovine\",\"publisher\":{\"@id\":\"https:\\\/\\\/radioljubuski.ba\\\/#organization\"},\"potentialAction\":[{\"@type\":\"SearchAction\",\"target\":{\"@type\":\"EntryPoint\",\"urlTemplate\":\"https:\\\/\\\/radioljubuski.ba\\\/?s={search_term_string}\"},\"query-input\":{\"@type\":\"PropertyValueSpecification\",\"valueRequired\":true,\"valueName\":\"search_term_string\"}}],\"inLanguage\":\"hr\"},{\"@type\":\"Organization\",\"@id\":\"https:\\\/\\\/radioljubuski.ba\\\/#organization\",\"name\":\"Radio Ljubu\u0161ki\",\"url\":\"https:\\\/\\\/radioljubuski.ba\\\/\",\"logo\":{\"@type\":\"ImageObject\",\"inLanguage\":\"hr\",\"@id\":\"https:\\\/\\\/radioljubuski.ba\\\/#\\\/schema\\\/logo\\\/image\\\/\",\"url\":\"https:\\\/\\\/radioljubuski.ba\\\/wp-content\\\/uploads\\\/2021\\\/02\\\/cropped-Radio_Ljubuski_logo1.jpg\",\"contentUrl\":\"https:\\\/\\\/radioljubuski.ba\\\/wp-content\\\/uploads\\\/2021\\\/02\\\/cropped-Radio_Ljubuski_logo1.jpg\",\"width\":512,\"height\":512,\"caption\":\"Radio Ljubu\u0161ki\"},\"image\":{\"@id\":\"https:\\\/\\\/radioljubuski.ba\\\/#\\\/schema\\\/logo\\\/image\\\/\"},\"sameAs\":[\"https:\\\/\\\/www.facebook.com\\\/Radiio-Ljubuski-1490835324566332\",\"https:\\\/\\\/x.com\\\/radioljubuski\",\"https:\\\/\\\/hr.linkedin.com\\\/company\\\/radio-ljubuski\",\"https:\\\/\\\/www.youtube.com\\\/channel\\\/UCHYaeO_n0Db3tjNGudGpXyw\"]},{\"@type\":\"Person\",\"@id\":\"https:\\\/\\\/radioljubuski.ba\\\/#\\\/schema\\\/person\\\/19fc700381a780f69665d7956c469e3b\",\"name\":\"Radio Ljubu\u0161ki\"}]}<\/script>\n<!-- \/ Yoast SEO plugin. -->","yoast_head_json":{"title":"Novi detalji stravi\u010dnog zlo\u010dina: Biljana je tijelo ubijenog supruga skrivala ispod dje\u010djeg bazena, djeci je govorila da ih otac ne zove jer nema mobitel - RADIO LJUBU\u0160KI","robots":{"index":"index","follow":"follow","max-snippet":"max-snippet:-1","max-image-preview":"max-image-preview:large","max-video-preview":"max-video-preview:-1"},"canonical":"https:\/\/radioljubuski.ba\/index.php\/2022\/07\/02\/novi-detalji-stravicnog-zlocina-biljana-je-tijelo-ubijenog-supruga-skrivala-ispod-djecjeg-bazena-djeci-je-govorila-da-ih-otac-ne-zove-jer-nema-mobitel\/","og_locale":"hr_HR","og_type":"article","og_title":"Novi detalji stravi\u010dnog zlo\u010dina: Biljana je tijelo ubijenog supruga skrivala ispod dje\u010djeg bazena, djeci je govorila da ih otac ne zove jer nema mobitel - RADIO LJUBU\u0160KI","og_description":"Ivanovo tijelo prona\u0111eno je zabetonirano u metalnoj ba\u010dvi, zazidanoj ciglama, iznad koje je postavljen dje\u010dji bazen na napuhavanje. Tijelo koje je prona\u0111eno u&nbsp;zazidanoj&nbsp;ba\u010dvi u podrumu obiteljske ku\u0107e u selu Veliko Trnjane kod Leskovca&nbsp;u Srbiji, za koje se sumnja da je 40-godi\u0161nji&nbsp;Ivan Stojanovi\u0107, poslano je na obdukciju i DNK vje\u0161ta\u010denje, javlja&nbsp;Srbija danas. Toksikolo\u0161kom analizom utvrdit \u0107e [&hellip;]","og_url":"https:\/\/radioljubuski.ba\/index.php\/2022\/07\/02\/novi-detalji-stravicnog-zlocina-biljana-je-tijelo-ubijenog-supruga-skrivala-ispod-djecjeg-bazena-djeci-je-govorila-da-ih-otac-ne-zove-jer-nema-mobitel\/","og_site_name":"RADIO LJUBU\u0160KI","article_publisher":"https:\/\/www.facebook.com\/Radiio-Ljubuski-1490835324566332","article_published_time":"2022-07-02T09:43:48+00:00","article_modified_time":"2022-07-02T09:44:06+00:00","og_image":[{"width":1024,"height":760,"url":"https:\/\/radioljubuski.ba\/wp-content\/uploads\/2022\/07\/o_114619_1024.jpg","type":"image\/jpeg"}],"author":"Radio Ljubu\u0161ki","twitter_card":"summary_large_image","twitter_creator":"@radioljubuski","twitter_site":"@radioljubuski","twitter_misc":{"Napisao\/la":"Radio Ljubu\u0161ki","Procijenjeno vrijeme \u010ditanja":"3 minute"},"schema":{"@context":"https:\/\/schema.org","@graph":[{"@type":"Article","@id":"https:\/\/radioljubuski.ba\/index.php\/2022\/07\/02\/novi-detalji-stravicnog-zlocina-biljana-je-tijelo-ubijenog-supruga-skrivala-ispod-djecjeg-bazena-djeci-je-govorila-da-ih-otac-ne-zove-jer-nema-mobitel\/#article","isPartOf":{"@id":"https:\/\/radioljubuski.ba\/index.php\/2022\/07\/02\/novi-detalji-stravicnog-zlocina-biljana-je-tijelo-ubijenog-supruga-skrivala-ispod-djecjeg-bazena-djeci-je-govorila-da-ih-otac-ne-zove-jer-nema-mobitel\/"},"author":{"name":"Radio Ljubu\u0161ki","@id":"https:\/\/radioljubuski.ba\/#\/schema\/person\/19fc700381a780f69665d7956c469e3b"},"headline":"Novi detalji stravi\u010dnog zlo\u010dina: Biljana je tijelo ubijenog supruga skrivala ispod dje\u010djeg bazena, djeci je govorila da ih otac ne zove jer nema mobitel","datePublished":"2022-07-02T09:43:48+00:00","dateModified":"2022-07-02T09:44:06+00:00","mainEntityOfPage":{"@id":"https:\/\/radioljubuski.ba\/index.php\/2022\/07\/02\/novi-detalji-stravicnog-zlocina-biljana-je-tijelo-ubijenog-supruga-skrivala-ispod-djecjeg-bazena-djeci-je-govorila-da-ih-otac-ne-zove-jer-nema-mobitel\/"},"wordCount":736,"publisher":{"@id":"https:\/\/radioljubuski.ba\/#organization"},"image":{"@id":"https:\/\/radioljubuski.ba\/index.php\/2022\/07\/02\/novi-detalji-stravicnog-zlocina-biljana-je-tijelo-ubijenog-supruga-skrivala-ispod-djecjeg-bazena-djeci-je-govorila-da-ih-otac-ne-zove-jer-nema-mobitel\/#primaryimage"},"thumbnailUrl":"https:\/\/radioljubuski.ba\/wp-content\/uploads\/2022\/07\/o_114619_1024.jpg","articleSection":["BIH i regija"],"inLanguage":"hr"},{"@type":"WebPage","@id":"https:\/\/radioljubuski.ba\/index.php\/2022\/07\/02\/novi-detalji-stravicnog-zlocina-biljana-je-tijelo-ubijenog-supruga-skrivala-ispod-djecjeg-bazena-djeci-je-govorila-da-ih-otac-ne-zove-jer-nema-mobitel\/","url":"https:\/\/radioljubuski.ba\/index.php\/2022\/07\/02\/novi-detalji-stravicnog-zlocina-biljana-je-tijelo-ubijenog-supruga-skrivala-ispod-djecjeg-bazena-djeci-je-govorila-da-ih-otac-ne-zove-jer-nema-mobitel\/","name":"Novi detalji stravi\u010dnog zlo\u010dina: Biljana je tijelo ubijenog supruga skrivala ispod dje\u010djeg bazena, djeci je govorila da ih otac ne zove jer nema mobitel - RADIO LJUBU\u0160KI","isPartOf":{"@id":"https:\/\/radioljubuski.ba\/#website"},"primaryImageOfPage":{"@id":"https:\/\/radioljubuski.ba\/index.php\/2022\/07\/02\/novi-detalji-stravicnog-zlocina-biljana-je-tijelo-ubijenog-supruga-skrivala-ispod-djecjeg-bazena-djeci-je-govorila-da-ih-otac-ne-zove-jer-nema-mobitel\/#primaryimage"},"image":{"@id":"https:\/\/radioljubuski.ba\/index.php\/2022\/07\/02\/novi-detalji-stravicnog-zlocina-biljana-je-tijelo-ubijenog-supruga-skrivala-ispod-djecjeg-bazena-djeci-je-govorila-da-ih-otac-ne-zove-jer-nema-mobitel\/#primaryimage"},"thumbnailUrl":"https:\/\/radioljubuski.ba\/wp-content\/uploads\/2022\/07\/o_114619_1024.jpg","datePublished":"2022-07-02T09:43:48+00:00","dateModified":"2022-07-02T09:44:06+00:00","breadcrumb":{"@id":"https:\/\/radioljubuski.ba\/index.php\/2022\/07\/02\/novi-detalji-stravicnog-zlocina-biljana-je-tijelo-ubijenog-supruga-skrivala-ispod-djecjeg-bazena-djeci-je-govorila-da-ih-otac-ne-zove-jer-nema-mobitel\/#breadcrumb"},"inLanguage":"hr","potentialAction":[{"@type":"ReadAction","target":["https:\/\/radioljubuski.ba\/index.php\/2022\/07\/02\/novi-detalji-stravicnog-zlocina-biljana-je-tijelo-ubijenog-supruga-skrivala-ispod-djecjeg-bazena-djeci-je-govorila-da-ih-otac-ne-zove-jer-nema-mobitel\/"]}]},{"@type":"ImageObject","inLanguage":"hr","@id":"https:\/\/radioljubuski.ba\/index.php\/2022\/07\/02\/novi-detalji-stravicnog-zlocina-biljana-je-tijelo-ubijenog-supruga-skrivala-ispod-djecjeg-bazena-djeci-je-govorila-da-ih-otac-ne-zove-jer-nema-mobitel\/#primaryimage","url":"https:\/\/radioljubuski.ba\/wp-content\/uploads\/2022\/07\/o_114619_1024.jpg","contentUrl":"https:\/\/radioljubuski.ba\/wp-content\/uploads\/2022\/07\/o_114619_1024.jpg","width":1024,"height":760},{"@type":"BreadcrumbList","@id":"https:\/\/radioljubuski.ba\/index.php\/2022\/07\/02\/novi-detalji-stravicnog-zlocina-biljana-je-tijelo-ubijenog-supruga-skrivala-ispod-djecjeg-bazena-djeci-je-govorila-da-ih-otac-ne-zove-jer-nema-mobitel\/#breadcrumb","itemListElement":[{"@type":"ListItem","position":1,"name":"Po\u010detna stranica","item":"https:\/\/radioljubuski.ba\/"},{"@type":"ListItem","position":2,"name":"Novi detalji stravi\u010dnog zlo\u010dina: Biljana je tijelo ubijenog supruga skrivala ispod dje\u010djeg bazena, djeci je govorila da ih otac ne zove jer nema mobitel"}]},{"@type":"WebSite","@id":"https:\/\/radioljubuski.ba\/#website","url":"https:\/\/radioljubuski.ba\/","name":"Radio Ljubu\u0161ki","description":"Sun\u010dana frekvencija Hercegovine","publisher":{"@id":"https:\/\/radioljubuski.ba\/#organization"},"potentialAction":[{"@type":"SearchAction","target":{"@type":"EntryPoint","urlTemplate":"https:\/\/radioljubuski.ba\/?s={search_term_string}"},"query-input":{"@type":"PropertyValueSpecification","valueRequired":true,"valueName":"search_term_string"}}],"inLanguage":"hr"},{"@type":"Organization","@id":"https:\/\/radioljubuski.ba\/#organization","name":"Radio Ljubu\u0161ki","url":"https:\/\/radioljubuski.ba\/","logo":{"@type":"ImageObject","inLanguage":"hr","@id":"https:\/\/radioljubuski.ba\/#\/schema\/logo\/image\/","url":"https:\/\/radioljubuski.ba\/wp-content\/uploads\/2021\/02\/cropped-Radio_Ljubuski_logo1.jpg","contentUrl":"https:\/\/radioljubuski.ba\/wp-content\/uploads\/2021\/02\/cropped-Radio_Ljubuski_logo1.jpg","width":512,"height":512,"caption":"Radio Ljubu\u0161ki"},"image":{"@id":"https:\/\/radioljubuski.ba\/#\/schema\/logo\/image\/"},"sameAs":["https:\/\/www.facebook.com\/Radiio-Ljubuski-1490835324566332","https:\/\/x.com\/radioljubuski","https:\/\/hr.linkedin.com\/company\/radio-ljubuski","https:\/\/www.youtube.com\/channel\/UCHYaeO_n0Db3tjNGudGpXyw"]},{"@type":"Person","@id":"https:\/\/radioljubuski.ba\/#\/schema\/person\/19fc700381a780f69665d7956c469e3b","name":"Radio Ljubu\u0161ki"}]}},"_links":{"self":[{"href":"https:\/\/radioljubuski.ba\/index.php\/wp-json\/wp\/v2\/posts\/155317","targetHints":{"allow":["GET"]}}],"collection":[{"href":"https:\/\/radioljubuski.ba\/index.php\/wp-json\/wp\/v2\/posts"}],"about":[{"href":"https:\/\/radioljubuski.ba\/index.php\/wp-json\/wp\/v2\/types\/post"}],"author":[{"embeddable":true,"href":"https:\/\/radioljubuski.ba\/index.php\/wp-json\/wp\/v2\/users\/2"}],"replies":[{"embeddable":true,"href":"https:\/\/radioljubuski.ba\/index.php\/wp-json\/wp\/v2\/comments?post=155317"}],"version-history":[{"count":1,"href":"https:\/\/radioljubuski.ba\/index.php\/wp-json\/wp\/v2\/posts\/155317\/revisions"}],"predecessor-version":[{"id":155319,"href":"https:\/\/radioljubuski.ba\/index.php\/wp-json\/wp\/v2\/posts\/155317\/revisions\/155319"}],"wp:featuredmedia":[{"embeddable":true,"href":"https:\/\/radioljubuski.ba\/index.php\/wp-json\/wp\/v2\/media\/155318"}],"wp:attachment":[{"href":"https:\/\/radioljubuski.ba\/index.php\/wp-json\/wp\/v2\/media?parent=155317"}],"wp:term":[{"taxonomy":"category","embeddable":true,"href":"https:\/\/radioljubuski.ba\/index.php\/wp-json\/wp\/v2\/categories?post=155317"},{"taxonomy":"post_tag","embeddable":true,"href":"https:\/\/radioljubuski.ba\/index.php\/wp-json\/wp\/v2\/tags?post=155317"}],"curies":[{"name":"wp","href":"https:\/\/api.w.org\/{rel}","templated":true}]}}