{"id":155326,"date":"2022-07-02T10:50:39","date_gmt":"2022-07-02T09:50:39","guid":{"rendered":"https:\/\/radioljubuski.ba\/?p=155326"},"modified":"2022-07-02T10:50:40","modified_gmt":"2022-07-02T09:50:40","slug":"izetbegovicev-zastitnik-u-bundestagu-bih-mora-odbaciti-konstitutivnost","status":"publish","type":"post","link":"https:\/\/radioljubuski.ba\/index.php\/2022\/07\/02\/izetbegovicev-zastitnik-u-bundestagu-bih-mora-odbaciti-konstitutivnost\/","title":{"rendered":"Izetbegovi\u0107ev za\u0161titnik u Bundestagu: &#8220;BiH mora odbaciti konstitutivnost&#8221;"},"content":{"rendered":"\n<p>Izvjestitelj SPD-a za BiH u njema\u010dkom Bundestagu Adis Ahmetovi\u0107 izjavio je kako je vrijeme da ta zemlja dobije status kandidata za \u010dlanstvo u Europskoj uniji, ali je istodobno ocijenio kako ona mora prestati funkcionirati na etni\u010dkim na\u010delima i svoj napredak utemeljiti na onima koji vrijede u dr\u017eavama-\u010dlanicama Unije.<\/p>\n\n\n\n<p>Bundestag bi tijekom srpnja trebao izglasati posebnu rezoluciju kojom bi odredio poziciju Njema\u010dke prema BiH, a Ahmetovi\u0107 je, kao jedan od predlagatelja tog dokumenta, u intervjuu za Deutsche Welle (DW) objavljenom u petak na mre\u017enim stranicama, kazao kako je cilj poduprijeti europsku BiH jer je jasno da etni\u010dko na\u010delo po kojemu zemlja trenutno funkcionira nije donio ni\u0161ta dobroga.<\/p>\n\n\n\n<p>&#8220;Ta dr\u017eava (BiH) je u politi\u010dkom smislu u istom stanju kao i po\u010detkom devedesetih godina. S tim ne mo\u017eemo biti zadovoljni. Zbog toga ka\u017eem da etni\u010dki princip te dr\u017eave, s konstitutivnim narodima, nije funkcionirao i zbog toga mora postojati europski princip&#8221;, kazao je Ahmetovi\u0107, zastupnik vladaju\u0107ih njema\u010dkih socijaldemokrata u parlamentu.<\/p>\n\n\n\n<p>Bio je izri\u010dit u ocjeni tko su trenuta\u010dno glavni krivci za zastoj BiH na europskom putu te tvrdi kako su najodgovorniji lideri HDZ BiH Dragan \u010covi\u0107 i Saveza nezavisnih socijaldemokrata (SNSD) Milorad Dodik.<\/p>\n\n\n\n<p>Po njegovim rije\u010dima, oni su odgovorni jer su stranke koje vode u parlamentu BiH izravno blokirale dono\u0161enje zakona s kojima bi BiH dobila status kandidata za \u010dlanstvo u EU.<\/p>\n\n\n\n<p>\u0160ef delegacije EU u BiH Johan Sattler ranije je ozna\u010dio HDZ BiH odgovornim za blokadu usvajanja zakona o sukobu interesa, a Dodikov SNSD za blokadu zakona o javnim nabavkama. Ta dva zakona, uz izmjene zakona o Visokom sudskom i tu\u017eiteljskom vije\u0107u, Europska je komisija postavila kao minimum uvjeta za odobravanje kandidatskog statusa reduciraju\u0107i na taj na\u010din podu\u017ei popis od 14 prioriteta, odnosno zada\u0107a za tijela vlasti BiH, definiranih jo\u0161 2019. godine, od kojih do sada niti jedna nije ispunjena.<\/p>\n\n\n\n<p>Dodika i \u010covi\u0107a Ahmetovi\u0107 je prozvao jer su, uz to \u0161to su lideri stranaka, ujedno i dr\u017eavni du\u017enosnici, odnosno prvi je \u010dlan Predsjedni\u0161tva BiH, a drugi jedan od tri rotiraju\u0107a predsjedatelja Doma naroda parlamenta BiH.<\/p>\n\n\n\n<p>Dodik, kako ka\u017ee Ahmetovi\u0107, kao \u010dlan Predsjedni\u0161tva BiH prima pla\u0107u od dr\u017eave koju istodobno ru\u0161i, a \u010covi\u0107 je na du\u017enosti u Domu naroda &#8220;ne samo blokirao europski put BiH ve\u0107 i prijeti da \u0107e tra\u017eiti tre\u0107i entitet, \u0161to kr\u0161i Daytonski sporazum&#8221;.<\/p>\n\n\n\n<p>&#8220;Zbog toga mi jasno ka\u017eemo da i on mora biti sankcioniran ako ne prestane s tim&#8221;, kazao je SPD-ov zastupnik.<\/p>\n\n\n\n<p>Na pitanje za\u0161to u rezoluciji kao jedan od odgovornih za stanje u BiH izrijekom nije spomenut i lider Stranke demokratske akcije (SDA) Bakir Izetbegovi\u0107, kako je to zatra\u017eio drugi SPD-ov zastupnik u Bundestagu, Josip Juratovi\u0107, Ahmetovi\u0107 je odgovorio konstatacijom kako se u tom dokumentu &#8220;jasno ka\u017ee da smo protiv bo\u0161nja\u010dkog, hrvatskog i srpskog etnonacionalizma&#8221;.<\/p>\n\n\n\n<p>Zaklju\u010dio je kako Bundestag \u017eeli dati jasan signal da je EU tu, da je NATO tu i da Njema\u010dka stoji uz BiH i &#8220;demokratske snage svih naroda&#8221;.<\/p>\n\n\n\n<p>Dnevnik.ba<\/p>\n","protected":false},"excerpt":{"rendered":"<p>Izvjestitelj SPD-a za BiH u njema\u010dkom Bundestagu Adis Ahmetovi\u0107 izjavio je kako je vrijeme da ta zemlja dobije status kandidata za \u010dlanstvo u Europskoj uniji, ali je istodobno ocijenio kako ona mora prestati funkcionirati na etni\u010dkim na\u010delima i svoj napredak utemeljiti na onima koji vrijede u dr\u017eavama-\u010dlanicama Unije. Bundestag bi tijekom srpnja trebao izglasati posebnu [&hellip;]<\/p>\n","protected":false},"author":2,"featured_media":155327,"comment_status":"closed","ping_status":"closed","sticky":false,"template":"","format":"standard","meta":{"h5ap_radio_sources":[],"footnotes":""},"categories":[1],"tags":[],"class_list":["post-155326","post","type-post","status-publish","format-standard","has-post-thumbnail","hentry","category-bihiregija"],"yoast_head":"<!-- This site is optimized with the Yoast SEO plugin v27.5 - https:\/\/yoast.com\/product\/yoast-seo-wordpress\/ -->\n<title>Izetbegovi\u0107ev za\u0161titnik u Bundestagu: &quot;BiH mora odbaciti konstitutivnost&quot; - RADIO LJUBU\u0160KI<\/title>\n<meta name=\"robots\" content=\"index, follow, max-snippet:-1, max-image-preview:large, max-video-preview:-1\" \/>\n<link rel=\"canonical\" href=\"https:\/\/radioljubuski.ba\/index.php\/2022\/07\/02\/izetbegovicev-zastitnik-u-bundestagu-bih-mora-odbaciti-konstitutivnost\/\" \/>\n<meta property=\"og:locale\" content=\"hr_HR\" \/>\n<meta property=\"og:type\" content=\"article\" \/>\n<meta property=\"og:title\" content=\"Izetbegovi\u0107ev za\u0161titnik u Bundestagu: &quot;BiH mora odbaciti konstitutivnost&quot; - RADIO LJUBU\u0160KI\" \/>\n<meta property=\"og:description\" content=\"Izvjestitelj SPD-a za BiH u njema\u010dkom Bundestagu Adis Ahmetovi\u0107 izjavio je kako je vrijeme da ta zemlja dobije status kandidata za \u010dlanstvo u Europskoj uniji, ali je istodobno ocijenio kako ona mora prestati funkcionirati na etni\u010dkim na\u010delima i svoj napredak utemeljiti na onima koji vrijede u dr\u017eavama-\u010dlanicama Unije. Bundestag bi tijekom srpnja trebao izglasati posebnu [&hellip;]\" \/>\n<meta property=\"og:url\" content=\"https:\/\/radioljubuski.ba\/index.php\/2022\/07\/02\/izetbegovicev-zastitnik-u-bundestagu-bih-mora-odbaciti-konstitutivnost\/\" \/>\n<meta property=\"og:site_name\" content=\"RADIO LJUBU\u0160KI\" \/>\n<meta property=\"article:publisher\" content=\"https:\/\/www.facebook.com\/Radiio-Ljubuski-1490835324566332\" \/>\n<meta property=\"article:published_time\" content=\"2022-07-02T09:50:39+00:00\" \/>\n<meta property=\"article:modified_time\" content=\"2022-07-02T09:50:40+00:00\" \/>\n<meta property=\"og:image\" content=\"https:\/\/radioljubuski.ba\/wp-content\/uploads\/2022\/07\/o_113326_1024.jpg\" \/>\n\t<meta property=\"og:image:width\" content=\"1024\" \/>\n\t<meta property=\"og:image:height\" content=\"682\" \/>\n\t<meta property=\"og:image:type\" content=\"image\/jpeg\" \/>\n<meta name=\"author\" content=\"Radio Ljubu\u0161ki\" \/>\n<meta name=\"twitter:card\" content=\"summary_large_image\" \/>\n<meta name=\"twitter:creator\" content=\"@radioljubuski\" \/>\n<meta name=\"twitter:site\" content=\"@radioljubuski\" \/>\n<meta name=\"twitter:label1\" content=\"Napisao\/la\" \/>\n\t<meta name=\"twitter:data1\" content=\"Radio Ljubu\u0161ki\" \/>\n\t<meta name=\"twitter:label2\" content=\"Procijenjeno vrijeme \u010ditanja\" \/>\n\t<meta name=\"twitter:data2\" content=\"3 minute\" \/>\n<script type=\"application\/ld+json\" class=\"yoast-schema-graph\">{\"@context\":\"https:\\\/\\\/schema.org\",\"@graph\":[{\"@type\":\"Article\",\"@id\":\"https:\\\/\\\/radioljubuski.ba\\\/index.php\\\/2022\\\/07\\\/02\\\/izetbegovicev-zastitnik-u-bundestagu-bih-mora-odbaciti-konstitutivnost\\\/#article\",\"isPartOf\":{\"@id\":\"https:\\\/\\\/radioljubuski.ba\\\/index.php\\\/2022\\\/07\\\/02\\\/izetbegovicev-zastitnik-u-bundestagu-bih-mora-odbaciti-konstitutivnost\\\/\"},\"author\":{\"name\":\"Radio Ljubu\u0161ki\",\"@id\":\"https:\\\/\\\/radioljubuski.ba\\\/#\\\/schema\\\/person\\\/19fc700381a780f69665d7956c469e3b\"},\"headline\":\"Izetbegovi\u0107ev za\u0161titnik u Bundestagu: &#8220;BiH mora odbaciti konstitutivnost&#8221;\",\"datePublished\":\"2022-07-02T09:50:39+00:00\",\"dateModified\":\"2022-07-02T09:50:40+00:00\",\"mainEntityOfPage\":{\"@id\":\"https:\\\/\\\/radioljubuski.ba\\\/index.php\\\/2022\\\/07\\\/02\\\/izetbegovicev-zastitnik-u-bundestagu-bih-mora-odbaciti-konstitutivnost\\\/\"},\"wordCount\":536,\"publisher\":{\"@id\":\"https:\\\/\\\/radioljubuski.ba\\\/#organization\"},\"image\":{\"@id\":\"https:\\\/\\\/radioljubuski.ba\\\/index.php\\\/2022\\\/07\\\/02\\\/izetbegovicev-zastitnik-u-bundestagu-bih-mora-odbaciti-konstitutivnost\\\/#primaryimage\"},\"thumbnailUrl\":\"https:\\\/\\\/radioljubuski.ba\\\/wp-content\\\/uploads\\\/2022\\\/07\\\/o_113326_1024.jpg\",\"articleSection\":[\"BIH i regija\"],\"inLanguage\":\"hr\"},{\"@type\":\"WebPage\",\"@id\":\"https:\\\/\\\/radioljubuski.ba\\\/index.php\\\/2022\\\/07\\\/02\\\/izetbegovicev-zastitnik-u-bundestagu-bih-mora-odbaciti-konstitutivnost\\\/\",\"url\":\"https:\\\/\\\/radioljubuski.ba\\\/index.php\\\/2022\\\/07\\\/02\\\/izetbegovicev-zastitnik-u-bundestagu-bih-mora-odbaciti-konstitutivnost\\\/\",\"name\":\"Izetbegovi\u0107ev za\u0161titnik u Bundestagu: \\\"BiH mora odbaciti konstitutivnost\\\" - RADIO LJUBU\u0160KI\",\"isPartOf\":{\"@id\":\"https:\\\/\\\/radioljubuski.ba\\\/#website\"},\"primaryImageOfPage\":{\"@id\":\"https:\\\/\\\/radioljubuski.ba\\\/index.php\\\/2022\\\/07\\\/02\\\/izetbegovicev-zastitnik-u-bundestagu-bih-mora-odbaciti-konstitutivnost\\\/#primaryimage\"},\"image\":{\"@id\":\"https:\\\/\\\/radioljubuski.ba\\\/index.php\\\/2022\\\/07\\\/02\\\/izetbegovicev-zastitnik-u-bundestagu-bih-mora-odbaciti-konstitutivnost\\\/#primaryimage\"},\"thumbnailUrl\":\"https:\\\/\\\/radioljubuski.ba\\\/wp-content\\\/uploads\\\/2022\\\/07\\\/o_113326_1024.jpg\",\"datePublished\":\"2022-07-02T09:50:39+00:00\",\"dateModified\":\"2022-07-02T09:50:40+00:00\",\"breadcrumb\":{\"@id\":\"https:\\\/\\\/radioljubuski.ba\\\/index.php\\\/2022\\\/07\\\/02\\\/izetbegovicev-zastitnik-u-bundestagu-bih-mora-odbaciti-konstitutivnost\\\/#breadcrumb\"},\"inLanguage\":\"hr\",\"potentialAction\":[{\"@type\":\"ReadAction\",\"target\":[\"https:\\\/\\\/radioljubuski.ba\\\/index.php\\\/2022\\\/07\\\/02\\\/izetbegovicev-zastitnik-u-bundestagu-bih-mora-odbaciti-konstitutivnost\\\/\"]}]},{\"@type\":\"ImageObject\",\"inLanguage\":\"hr\",\"@id\":\"https:\\\/\\\/radioljubuski.ba\\\/index.php\\\/2022\\\/07\\\/02\\\/izetbegovicev-zastitnik-u-bundestagu-bih-mora-odbaciti-konstitutivnost\\\/#primaryimage\",\"url\":\"https:\\\/\\\/radioljubuski.ba\\\/wp-content\\\/uploads\\\/2022\\\/07\\\/o_113326_1024.jpg\",\"contentUrl\":\"https:\\\/\\\/radioljubuski.ba\\\/wp-content\\\/uploads\\\/2022\\\/07\\\/o_113326_1024.jpg\",\"width\":1024,\"height\":682},{\"@type\":\"BreadcrumbList\",\"@id\":\"https:\\\/\\\/radioljubuski.ba\\\/index.php\\\/2022\\\/07\\\/02\\\/izetbegovicev-zastitnik-u-bundestagu-bih-mora-odbaciti-konstitutivnost\\\/#breadcrumb\",\"itemListElement\":[{\"@type\":\"ListItem\",\"position\":1,\"name\":\"Po\u010detna stranica\",\"item\":\"https:\\\/\\\/radioljubuski.ba\\\/\"},{\"@type\":\"ListItem\",\"position\":2,\"name\":\"Izetbegovi\u0107ev za\u0161titnik u Bundestagu: &#8220;BiH mora odbaciti konstitutivnost&#8221;\"}]},{\"@type\":\"WebSite\",\"@id\":\"https:\\\/\\\/radioljubuski.ba\\\/#website\",\"url\":\"https:\\\/\\\/radioljubuski.ba\\\/\",\"name\":\"Radio Ljubu\u0161ki\",\"description\":\"Sun\u010dana frekvencija Hercegovine\",\"publisher\":{\"@id\":\"https:\\\/\\\/radioljubuski.ba\\\/#organization\"},\"potentialAction\":[{\"@type\":\"SearchAction\",\"target\":{\"@type\":\"EntryPoint\",\"urlTemplate\":\"https:\\\/\\\/radioljubuski.ba\\\/?s={search_term_string}\"},\"query-input\":{\"@type\":\"PropertyValueSpecification\",\"valueRequired\":true,\"valueName\":\"search_term_string\"}}],\"inLanguage\":\"hr\"},{\"@type\":\"Organization\",\"@id\":\"https:\\\/\\\/radioljubuski.ba\\\/#organization\",\"name\":\"Radio Ljubu\u0161ki\",\"url\":\"https:\\\/\\\/radioljubuski.ba\\\/\",\"logo\":{\"@type\":\"ImageObject\",\"inLanguage\":\"hr\",\"@id\":\"https:\\\/\\\/radioljubuski.ba\\\/#\\\/schema\\\/logo\\\/image\\\/\",\"url\":\"https:\\\/\\\/radioljubuski.ba\\\/wp-content\\\/uploads\\\/2021\\\/02\\\/cropped-Radio_Ljubuski_logo1.jpg\",\"contentUrl\":\"https:\\\/\\\/radioljubuski.ba\\\/wp-content\\\/uploads\\\/2021\\\/02\\\/cropped-Radio_Ljubuski_logo1.jpg\",\"width\":512,\"height\":512,\"caption\":\"Radio Ljubu\u0161ki\"},\"image\":{\"@id\":\"https:\\\/\\\/radioljubuski.ba\\\/#\\\/schema\\\/logo\\\/image\\\/\"},\"sameAs\":[\"https:\\\/\\\/www.facebook.com\\\/Radiio-Ljubuski-1490835324566332\",\"https:\\\/\\\/x.com\\\/radioljubuski\",\"https:\\\/\\\/hr.linkedin.com\\\/company\\\/radio-ljubuski\",\"https:\\\/\\\/www.youtube.com\\\/channel\\\/UCHYaeO_n0Db3tjNGudGpXyw\"]},{\"@type\":\"Person\",\"@id\":\"https:\\\/\\\/radioljubuski.ba\\\/#\\\/schema\\\/person\\\/19fc700381a780f69665d7956c469e3b\",\"name\":\"Radio Ljubu\u0161ki\"}]}<\/script>\n<!-- \/ Yoast SEO plugin. -->","yoast_head_json":{"title":"Izetbegovi\u0107ev za\u0161titnik u Bundestagu: \"BiH mora odbaciti konstitutivnost\" - RADIO LJUBU\u0160KI","robots":{"index":"index","follow":"follow","max-snippet":"max-snippet:-1","max-image-preview":"max-image-preview:large","max-video-preview":"max-video-preview:-1"},"canonical":"https:\/\/radioljubuski.ba\/index.php\/2022\/07\/02\/izetbegovicev-zastitnik-u-bundestagu-bih-mora-odbaciti-konstitutivnost\/","og_locale":"hr_HR","og_type":"article","og_title":"Izetbegovi\u0107ev za\u0161titnik u Bundestagu: \"BiH mora odbaciti konstitutivnost\" - RADIO LJUBU\u0160KI","og_description":"Izvjestitelj SPD-a za BiH u njema\u010dkom Bundestagu Adis Ahmetovi\u0107 izjavio je kako je vrijeme da ta zemlja dobije status kandidata za \u010dlanstvo u Europskoj uniji, ali je istodobno ocijenio kako ona mora prestati funkcionirati na etni\u010dkim na\u010delima i svoj napredak utemeljiti na onima koji vrijede u dr\u017eavama-\u010dlanicama Unije. Bundestag bi tijekom srpnja trebao izglasati posebnu [&hellip;]","og_url":"https:\/\/radioljubuski.ba\/index.php\/2022\/07\/02\/izetbegovicev-zastitnik-u-bundestagu-bih-mora-odbaciti-konstitutivnost\/","og_site_name":"RADIO LJUBU\u0160KI","article_publisher":"https:\/\/www.facebook.com\/Radiio-Ljubuski-1490835324566332","article_published_time":"2022-07-02T09:50:39+00:00","article_modified_time":"2022-07-02T09:50:40+00:00","og_image":[{"width":1024,"height":682,"url":"https:\/\/radioljubuski.ba\/wp-content\/uploads\/2022\/07\/o_113326_1024.jpg","type":"image\/jpeg"}],"author":"Radio Ljubu\u0161ki","twitter_card":"summary_large_image","twitter_creator":"@radioljubuski","twitter_site":"@radioljubuski","twitter_misc":{"Napisao\/la":"Radio Ljubu\u0161ki","Procijenjeno vrijeme \u010ditanja":"3 minute"},"schema":{"@context":"https:\/\/schema.org","@graph":[{"@type":"Article","@id":"https:\/\/radioljubuski.ba\/index.php\/2022\/07\/02\/izetbegovicev-zastitnik-u-bundestagu-bih-mora-odbaciti-konstitutivnost\/#article","isPartOf":{"@id":"https:\/\/radioljubuski.ba\/index.php\/2022\/07\/02\/izetbegovicev-zastitnik-u-bundestagu-bih-mora-odbaciti-konstitutivnost\/"},"author":{"name":"Radio Ljubu\u0161ki","@id":"https:\/\/radioljubuski.ba\/#\/schema\/person\/19fc700381a780f69665d7956c469e3b"},"headline":"Izetbegovi\u0107ev za\u0161titnik u Bundestagu: &#8220;BiH mora odbaciti konstitutivnost&#8221;","datePublished":"2022-07-02T09:50:39+00:00","dateModified":"2022-07-02T09:50:40+00:00","mainEntityOfPage":{"@id":"https:\/\/radioljubuski.ba\/index.php\/2022\/07\/02\/izetbegovicev-zastitnik-u-bundestagu-bih-mora-odbaciti-konstitutivnost\/"},"wordCount":536,"publisher":{"@id":"https:\/\/radioljubuski.ba\/#organization"},"image":{"@id":"https:\/\/radioljubuski.ba\/index.php\/2022\/07\/02\/izetbegovicev-zastitnik-u-bundestagu-bih-mora-odbaciti-konstitutivnost\/#primaryimage"},"thumbnailUrl":"https:\/\/radioljubuski.ba\/wp-content\/uploads\/2022\/07\/o_113326_1024.jpg","articleSection":["BIH i regija"],"inLanguage":"hr"},{"@type":"WebPage","@id":"https:\/\/radioljubuski.ba\/index.php\/2022\/07\/02\/izetbegovicev-zastitnik-u-bundestagu-bih-mora-odbaciti-konstitutivnost\/","url":"https:\/\/radioljubuski.ba\/index.php\/2022\/07\/02\/izetbegovicev-zastitnik-u-bundestagu-bih-mora-odbaciti-konstitutivnost\/","name":"Izetbegovi\u0107ev za\u0161titnik u Bundestagu: \"BiH mora odbaciti konstitutivnost\" - RADIO LJUBU\u0160KI","isPartOf":{"@id":"https:\/\/radioljubuski.ba\/#website"},"primaryImageOfPage":{"@id":"https:\/\/radioljubuski.ba\/index.php\/2022\/07\/02\/izetbegovicev-zastitnik-u-bundestagu-bih-mora-odbaciti-konstitutivnost\/#primaryimage"},"image":{"@id":"https:\/\/radioljubuski.ba\/index.php\/2022\/07\/02\/izetbegovicev-zastitnik-u-bundestagu-bih-mora-odbaciti-konstitutivnost\/#primaryimage"},"thumbnailUrl":"https:\/\/radioljubuski.ba\/wp-content\/uploads\/2022\/07\/o_113326_1024.jpg","datePublished":"2022-07-02T09:50:39+00:00","dateModified":"2022-07-02T09:50:40+00:00","breadcrumb":{"@id":"https:\/\/radioljubuski.ba\/index.php\/2022\/07\/02\/izetbegovicev-zastitnik-u-bundestagu-bih-mora-odbaciti-konstitutivnost\/#breadcrumb"},"inLanguage":"hr","potentialAction":[{"@type":"ReadAction","target":["https:\/\/radioljubuski.ba\/index.php\/2022\/07\/02\/izetbegovicev-zastitnik-u-bundestagu-bih-mora-odbaciti-konstitutivnost\/"]}]},{"@type":"ImageObject","inLanguage":"hr","@id":"https:\/\/radioljubuski.ba\/index.php\/2022\/07\/02\/izetbegovicev-zastitnik-u-bundestagu-bih-mora-odbaciti-konstitutivnost\/#primaryimage","url":"https:\/\/radioljubuski.ba\/wp-content\/uploads\/2022\/07\/o_113326_1024.jpg","contentUrl":"https:\/\/radioljubuski.ba\/wp-content\/uploads\/2022\/07\/o_113326_1024.jpg","width":1024,"height":682},{"@type":"BreadcrumbList","@id":"https:\/\/radioljubuski.ba\/index.php\/2022\/07\/02\/izetbegovicev-zastitnik-u-bundestagu-bih-mora-odbaciti-konstitutivnost\/#breadcrumb","itemListElement":[{"@type":"ListItem","position":1,"name":"Po\u010detna stranica","item":"https:\/\/radioljubuski.ba\/"},{"@type":"ListItem","position":2,"name":"Izetbegovi\u0107ev za\u0161titnik u Bundestagu: &#8220;BiH mora odbaciti konstitutivnost&#8221;"}]},{"@type":"WebSite","@id":"https:\/\/radioljubuski.ba\/#website","url":"https:\/\/radioljubuski.ba\/","name":"Radio Ljubu\u0161ki","description":"Sun\u010dana frekvencija Hercegovine","publisher":{"@id":"https:\/\/radioljubuski.ba\/#organization"},"potentialAction":[{"@type":"SearchAction","target":{"@type":"EntryPoint","urlTemplate":"https:\/\/radioljubuski.ba\/?s={search_term_string}"},"query-input":{"@type":"PropertyValueSpecification","valueRequired":true,"valueName":"search_term_string"}}],"inLanguage":"hr"},{"@type":"Organization","@id":"https:\/\/radioljubuski.ba\/#organization","name":"Radio Ljubu\u0161ki","url":"https:\/\/radioljubuski.ba\/","logo":{"@type":"ImageObject","inLanguage":"hr","@id":"https:\/\/radioljubuski.ba\/#\/schema\/logo\/image\/","url":"https:\/\/radioljubuski.ba\/wp-content\/uploads\/2021\/02\/cropped-Radio_Ljubuski_logo1.jpg","contentUrl":"https:\/\/radioljubuski.ba\/wp-content\/uploads\/2021\/02\/cropped-Radio_Ljubuski_logo1.jpg","width":512,"height":512,"caption":"Radio Ljubu\u0161ki"},"image":{"@id":"https:\/\/radioljubuski.ba\/#\/schema\/logo\/image\/"},"sameAs":["https:\/\/www.facebook.com\/Radiio-Ljubuski-1490835324566332","https:\/\/x.com\/radioljubuski","https:\/\/hr.linkedin.com\/company\/radio-ljubuski","https:\/\/www.youtube.com\/channel\/UCHYaeO_n0Db3tjNGudGpXyw"]},{"@type":"Person","@id":"https:\/\/radioljubuski.ba\/#\/schema\/person\/19fc700381a780f69665d7956c469e3b","name":"Radio Ljubu\u0161ki"}]}},"_links":{"self":[{"href":"https:\/\/radioljubuski.ba\/index.php\/wp-json\/wp\/v2\/posts\/155326","targetHints":{"allow":["GET"]}}],"collection":[{"href":"https:\/\/radioljubuski.ba\/index.php\/wp-json\/wp\/v2\/posts"}],"about":[{"href":"https:\/\/radioljubuski.ba\/index.php\/wp-json\/wp\/v2\/types\/post"}],"author":[{"embeddable":true,"href":"https:\/\/radioljubuski.ba\/index.php\/wp-json\/wp\/v2\/users\/2"}],"replies":[{"embeddable":true,"href":"https:\/\/radioljubuski.ba\/index.php\/wp-json\/wp\/v2\/comments?post=155326"}],"version-history":[{"count":1,"href":"https:\/\/radioljubuski.ba\/index.php\/wp-json\/wp\/v2\/posts\/155326\/revisions"}],"predecessor-version":[{"id":155328,"href":"https:\/\/radioljubuski.ba\/index.php\/wp-json\/wp\/v2\/posts\/155326\/revisions\/155328"}],"wp:featuredmedia":[{"embeddable":true,"href":"https:\/\/radioljubuski.ba\/index.php\/wp-json\/wp\/v2\/media\/155327"}],"wp:attachment":[{"href":"https:\/\/radioljubuski.ba\/index.php\/wp-json\/wp\/v2\/media?parent=155326"}],"wp:term":[{"taxonomy":"category","embeddable":true,"href":"https:\/\/radioljubuski.ba\/index.php\/wp-json\/wp\/v2\/categories?post=155326"},{"taxonomy":"post_tag","embeddable":true,"href":"https:\/\/radioljubuski.ba\/index.php\/wp-json\/wp\/v2\/tags?post=155326"}],"curies":[{"name":"wp","href":"https:\/\/api.w.org\/{rel}","templated":true}]}}