{"id":155335,"date":"2022-07-02T10:55:14","date_gmt":"2022-07-02T09:55:14","guid":{"rendered":"https:\/\/radioljubuski.ba\/?p=155335"},"modified":"2022-07-02T10:55:15","modified_gmt":"2022-07-02T09:55:15","slug":"taksist-mu-s-aerodroma-naplatio-25-km-za-voznju-od-4-kilometra-mogu-misliti-sto-rade-turistima","status":"publish","type":"post","link":"https:\/\/radioljubuski.ba\/index.php\/2022\/07\/02\/taksist-mu-s-aerodroma-naplatio-25-km-za-voznju-od-4-kilometra-mogu-misliti-sto-rade-turistima\/","title":{"rendered":"Taksist mu s aerodroma naplatio 25 KM za vo\u017enju od 4 kilometra: \u2018Mogu misliti \u0161to rade turistima&#8230;\u2018"},"content":{"rendered":"\n<p>Bh. bloger Mirza Mustafagi\u0107 vratio se iz Chicaga u Sarajevo, a odmah na aerodromu ga je do\u010dekalo neugodno iznena\u0111enje koje je podijelio na svom Instagramu profilu koji prati preko 60 tisu\u0107a ljudi.<\/p>\n\n\n\n<p>Naime, Mirza je objasnio da mu se \u017eurilo jer je htio izbje\u0107i poslijepodnevnu gu\u017evu u gradu, te je odlu\u010dio uzeti taksi na aerodromu.<\/p>\n\n\n\n<p>&#8220;Taksist mi je odmah rekao, ali kretenski, moram re\u0107i ono ba\u0161 kretenski: &#8216;Eh, od ovog vikenda smo odlu\u010dili&nbsp;pove\u0107ati cijene'&#8221;, ispri\u010dao je Mirza i otkrio da mu je od aerodroma do naselja \u0160vrakino, koje je udaljeno neka 4 kilometra, naplatio 25 KM.<\/p>\n\n\n\n<p>&#8220;Ve\u0107 mi je pun inboks sli\u010dnih iskustava. Jo\u0161 vide da sam ja doma\u0107i, pa mi gule ko\u017eu s le\u0111a, mogu misliti \u0161to rade turistima. Manje sam pla\u0107ao taksi u Chicagu&#8221;, dodao je.<\/p>\n\n\n\n<p>&#8220;Ova dr\u017eava je pakao&#8221;, zaklju\u010dio je Mirza i dodao da su taksisti, posebno sarajevski, &#8220;najve\u0107i prevaranti&#8221;.<\/p>\n\n\n\n<p>Podsje\u0107amo, gra\u0111ani su se i ranije \u017ealili na usluge taksi prijevoza, a one se posebno odnose na taksiste koji su stacionirani na Me\u0111unarodnom aerodromu Sarajevo.<\/p>\n\n\n\n<p>Poznato je, naime, da taksisti koji su stacionirani na toj lokaciji imaju &#8220;posebnu tarifu&#8221; po kojoj napla\u0107uju svoje usluge. Ona podrazumijeva da \u0107e putnik istu kilometra\u017eu koju bi platio da je taksi uzeo bilo gdje drugo u gradu, od aerodroma platiti bar tri-\u010detiri puta vi\u0161e, prenosi Klix.<\/p>\n\n\n\n<p>Dnevnik.ba<\/p>\n","protected":false},"excerpt":{"rendered":"<p>Bh. bloger Mirza Mustafagi\u0107 vratio se iz Chicaga u Sarajevo, a odmah na aerodromu ga je do\u010dekalo neugodno iznena\u0111enje koje je podijelio na svom Instagramu profilu koji prati preko 60 tisu\u0107a ljudi. Naime, Mirza je objasnio da mu se \u017eurilo jer je htio izbje\u0107i poslijepodnevnu gu\u017evu u gradu, te je odlu\u010dio uzeti taksi na aerodromu. [&hellip;]<\/p>\n","protected":false},"author":2,"featured_media":155336,"comment_status":"closed","ping_status":"closed","sticky":false,"template":"","format":"standard","meta":{"h5ap_radio_sources":[],"footnotes":""},"categories":[1],"tags":[],"class_list":["post-155335","post","type-post","status-publish","format-standard","has-post-thumbnail","hentry","category-bihiregija"],"yoast_head":"<!-- This site is optimized with the Yoast SEO plugin v27.5 - https:\/\/yoast.com\/product\/yoast-seo-wordpress\/ -->\n<title>Taksist mu s aerodroma naplatio 25 KM za vo\u017enju od 4 kilometra: \u2018Mogu misliti \u0161to rade turistima...\u2018 - RADIO LJUBU\u0160KI<\/title>\n<meta name=\"robots\" content=\"index, follow, max-snippet:-1, max-image-preview:large, max-video-preview:-1\" \/>\n<link rel=\"canonical\" href=\"https:\/\/radioljubuski.ba\/index.php\/2022\/07\/02\/taksist-mu-s-aerodroma-naplatio-25-km-za-voznju-od-4-kilometra-mogu-misliti-sto-rade-turistima\/\" \/>\n<meta property=\"og:locale\" content=\"hr_HR\" \/>\n<meta property=\"og:type\" content=\"article\" \/>\n<meta property=\"og:title\" content=\"Taksist mu s aerodroma naplatio 25 KM za vo\u017enju od 4 kilometra: \u2018Mogu misliti \u0161to rade turistima...\u2018 - RADIO LJUBU\u0160KI\" \/>\n<meta property=\"og:description\" content=\"Bh. bloger Mirza Mustafagi\u0107 vratio se iz Chicaga u Sarajevo, a odmah na aerodromu ga je do\u010dekalo neugodno iznena\u0111enje koje je podijelio na svom Instagramu profilu koji prati preko 60 tisu\u0107a ljudi. Naime, Mirza je objasnio da mu se \u017eurilo jer je htio izbje\u0107i poslijepodnevnu gu\u017evu u gradu, te je odlu\u010dio uzeti taksi na aerodromu. [&hellip;]\" \/>\n<meta property=\"og:url\" content=\"https:\/\/radioljubuski.ba\/index.php\/2022\/07\/02\/taksist-mu-s-aerodroma-naplatio-25-km-za-voznju-od-4-kilometra-mogu-misliti-sto-rade-turistima\/\" \/>\n<meta property=\"og:site_name\" content=\"RADIO LJUBU\u0160KI\" \/>\n<meta property=\"article:publisher\" content=\"https:\/\/www.facebook.com\/Radiio-Ljubuski-1490835324566332\" \/>\n<meta property=\"article:published_time\" content=\"2022-07-02T09:55:14+00:00\" \/>\n<meta property=\"article:modified_time\" content=\"2022-07-02T09:55:15+00:00\" \/>\n<meta property=\"og:image\" content=\"https:\/\/radioljubuski.ba\/wp-content\/uploads\/2022\/07\/o_114610_1024.jpg\" \/>\n\t<meta property=\"og:image:width\" content=\"1024\" \/>\n\t<meta property=\"og:image:height\" content=\"682\" \/>\n\t<meta property=\"og:image:type\" content=\"image\/jpeg\" \/>\n<meta name=\"author\" content=\"Radio Ljubu\u0161ki\" \/>\n<meta name=\"twitter:card\" content=\"summary_large_image\" \/>\n<meta name=\"twitter:creator\" content=\"@radioljubuski\" \/>\n<meta name=\"twitter:site\" content=\"@radioljubuski\" \/>\n<meta name=\"twitter:label1\" content=\"Napisao\/la\" \/>\n\t<meta name=\"twitter:data1\" content=\"Radio Ljubu\u0161ki\" \/>\n\t<meta name=\"twitter:label2\" content=\"Procijenjeno vrijeme \u010ditanja\" \/>\n\t<meta name=\"twitter:data2\" content=\"1 minuta\" \/>\n<script type=\"application\/ld+json\" class=\"yoast-schema-graph\">{\"@context\":\"https:\\\/\\\/schema.org\",\"@graph\":[{\"@type\":\"Article\",\"@id\":\"https:\\\/\\\/radioljubuski.ba\\\/index.php\\\/2022\\\/07\\\/02\\\/taksist-mu-s-aerodroma-naplatio-25-km-za-voznju-od-4-kilometra-mogu-misliti-sto-rade-turistima\\\/#article\",\"isPartOf\":{\"@id\":\"https:\\\/\\\/radioljubuski.ba\\\/index.php\\\/2022\\\/07\\\/02\\\/taksist-mu-s-aerodroma-naplatio-25-km-za-voznju-od-4-kilometra-mogu-misliti-sto-rade-turistima\\\/\"},\"author\":{\"name\":\"Radio Ljubu\u0161ki\",\"@id\":\"https:\\\/\\\/radioljubuski.ba\\\/#\\\/schema\\\/person\\\/19fc700381a780f69665d7956c469e3b\"},\"headline\":\"Taksist mu s aerodroma naplatio 25 KM za vo\u017enju od 4 kilometra: \u2018Mogu misliti \u0161to rade turistima&#8230;\u2018\",\"datePublished\":\"2022-07-02T09:55:14+00:00\",\"dateModified\":\"2022-07-02T09:55:15+00:00\",\"mainEntityOfPage\":{\"@id\":\"https:\\\/\\\/radioljubuski.ba\\\/index.php\\\/2022\\\/07\\\/02\\\/taksist-mu-s-aerodroma-naplatio-25-km-za-voznju-od-4-kilometra-mogu-misliti-sto-rade-turistima\\\/\"},\"wordCount\":258,\"publisher\":{\"@id\":\"https:\\\/\\\/radioljubuski.ba\\\/#organization\"},\"image\":{\"@id\":\"https:\\\/\\\/radioljubuski.ba\\\/index.php\\\/2022\\\/07\\\/02\\\/taksist-mu-s-aerodroma-naplatio-25-km-za-voznju-od-4-kilometra-mogu-misliti-sto-rade-turistima\\\/#primaryimage\"},\"thumbnailUrl\":\"https:\\\/\\\/radioljubuski.ba\\\/wp-content\\\/uploads\\\/2022\\\/07\\\/o_114610_1024.jpg\",\"articleSection\":[\"BIH i regija\"],\"inLanguage\":\"hr\"},{\"@type\":\"WebPage\",\"@id\":\"https:\\\/\\\/radioljubuski.ba\\\/index.php\\\/2022\\\/07\\\/02\\\/taksist-mu-s-aerodroma-naplatio-25-km-za-voznju-od-4-kilometra-mogu-misliti-sto-rade-turistima\\\/\",\"url\":\"https:\\\/\\\/radioljubuski.ba\\\/index.php\\\/2022\\\/07\\\/02\\\/taksist-mu-s-aerodroma-naplatio-25-km-za-voznju-od-4-kilometra-mogu-misliti-sto-rade-turistima\\\/\",\"name\":\"Taksist mu s aerodroma naplatio 25 KM za vo\u017enju od 4 kilometra: \u2018Mogu misliti \u0161to rade turistima...\u2018 - RADIO LJUBU\u0160KI\",\"isPartOf\":{\"@id\":\"https:\\\/\\\/radioljubuski.ba\\\/#website\"},\"primaryImageOfPage\":{\"@id\":\"https:\\\/\\\/radioljubuski.ba\\\/index.php\\\/2022\\\/07\\\/02\\\/taksist-mu-s-aerodroma-naplatio-25-km-za-voznju-od-4-kilometra-mogu-misliti-sto-rade-turistima\\\/#primaryimage\"},\"image\":{\"@id\":\"https:\\\/\\\/radioljubuski.ba\\\/index.php\\\/2022\\\/07\\\/02\\\/taksist-mu-s-aerodroma-naplatio-25-km-za-voznju-od-4-kilometra-mogu-misliti-sto-rade-turistima\\\/#primaryimage\"},\"thumbnailUrl\":\"https:\\\/\\\/radioljubuski.ba\\\/wp-content\\\/uploads\\\/2022\\\/07\\\/o_114610_1024.jpg\",\"datePublished\":\"2022-07-02T09:55:14+00:00\",\"dateModified\":\"2022-07-02T09:55:15+00:00\",\"breadcrumb\":{\"@id\":\"https:\\\/\\\/radioljubuski.ba\\\/index.php\\\/2022\\\/07\\\/02\\\/taksist-mu-s-aerodroma-naplatio-25-km-za-voznju-od-4-kilometra-mogu-misliti-sto-rade-turistima\\\/#breadcrumb\"},\"inLanguage\":\"hr\",\"potentialAction\":[{\"@type\":\"ReadAction\",\"target\":[\"https:\\\/\\\/radioljubuski.ba\\\/index.php\\\/2022\\\/07\\\/02\\\/taksist-mu-s-aerodroma-naplatio-25-km-za-voznju-od-4-kilometra-mogu-misliti-sto-rade-turistima\\\/\"]}]},{\"@type\":\"ImageObject\",\"inLanguage\":\"hr\",\"@id\":\"https:\\\/\\\/radioljubuski.ba\\\/index.php\\\/2022\\\/07\\\/02\\\/taksist-mu-s-aerodroma-naplatio-25-km-za-voznju-od-4-kilometra-mogu-misliti-sto-rade-turistima\\\/#primaryimage\",\"url\":\"https:\\\/\\\/radioljubuski.ba\\\/wp-content\\\/uploads\\\/2022\\\/07\\\/o_114610_1024.jpg\",\"contentUrl\":\"https:\\\/\\\/radioljubuski.ba\\\/wp-content\\\/uploads\\\/2022\\\/07\\\/o_114610_1024.jpg\",\"width\":1024,\"height\":682},{\"@type\":\"BreadcrumbList\",\"@id\":\"https:\\\/\\\/radioljubuski.ba\\\/index.php\\\/2022\\\/07\\\/02\\\/taksist-mu-s-aerodroma-naplatio-25-km-za-voznju-od-4-kilometra-mogu-misliti-sto-rade-turistima\\\/#breadcrumb\",\"itemListElement\":[{\"@type\":\"ListItem\",\"position\":1,\"name\":\"Po\u010detna stranica\",\"item\":\"https:\\\/\\\/radioljubuski.ba\\\/\"},{\"@type\":\"ListItem\",\"position\":2,\"name\":\"Taksist mu s aerodroma naplatio 25 KM za vo\u017enju od 4 kilometra: \u2018Mogu misliti \u0161to rade turistima&#8230;\u2018\"}]},{\"@type\":\"WebSite\",\"@id\":\"https:\\\/\\\/radioljubuski.ba\\\/#website\",\"url\":\"https:\\\/\\\/radioljubuski.ba\\\/\",\"name\":\"Radio Ljubu\u0161ki\",\"description\":\"Sun\u010dana frekvencija Hercegovine\",\"publisher\":{\"@id\":\"https:\\\/\\\/radioljubuski.ba\\\/#organization\"},\"potentialAction\":[{\"@type\":\"SearchAction\",\"target\":{\"@type\":\"EntryPoint\",\"urlTemplate\":\"https:\\\/\\\/radioljubuski.ba\\\/?s={search_term_string}\"},\"query-input\":{\"@type\":\"PropertyValueSpecification\",\"valueRequired\":true,\"valueName\":\"search_term_string\"}}],\"inLanguage\":\"hr\"},{\"@type\":\"Organization\",\"@id\":\"https:\\\/\\\/radioljubuski.ba\\\/#organization\",\"name\":\"Radio Ljubu\u0161ki\",\"url\":\"https:\\\/\\\/radioljubuski.ba\\\/\",\"logo\":{\"@type\":\"ImageObject\",\"inLanguage\":\"hr\",\"@id\":\"https:\\\/\\\/radioljubuski.ba\\\/#\\\/schema\\\/logo\\\/image\\\/\",\"url\":\"https:\\\/\\\/radioljubuski.ba\\\/wp-content\\\/uploads\\\/2021\\\/02\\\/cropped-Radio_Ljubuski_logo1.jpg\",\"contentUrl\":\"https:\\\/\\\/radioljubuski.ba\\\/wp-content\\\/uploads\\\/2021\\\/02\\\/cropped-Radio_Ljubuski_logo1.jpg\",\"width\":512,\"height\":512,\"caption\":\"Radio Ljubu\u0161ki\"},\"image\":{\"@id\":\"https:\\\/\\\/radioljubuski.ba\\\/#\\\/schema\\\/logo\\\/image\\\/\"},\"sameAs\":[\"https:\\\/\\\/www.facebook.com\\\/Radiio-Ljubuski-1490835324566332\",\"https:\\\/\\\/x.com\\\/radioljubuski\",\"https:\\\/\\\/hr.linkedin.com\\\/company\\\/radio-ljubuski\",\"https:\\\/\\\/www.youtube.com\\\/channel\\\/UCHYaeO_n0Db3tjNGudGpXyw\"]},{\"@type\":\"Person\",\"@id\":\"https:\\\/\\\/radioljubuski.ba\\\/#\\\/schema\\\/person\\\/19fc700381a780f69665d7956c469e3b\",\"name\":\"Radio Ljubu\u0161ki\"}]}<\/script>\n<!-- \/ Yoast SEO plugin. -->","yoast_head_json":{"title":"Taksist mu s aerodroma naplatio 25 KM za vo\u017enju od 4 kilometra: \u2018Mogu misliti \u0161to rade turistima...\u2018 - RADIO LJUBU\u0160KI","robots":{"index":"index","follow":"follow","max-snippet":"max-snippet:-1","max-image-preview":"max-image-preview:large","max-video-preview":"max-video-preview:-1"},"canonical":"https:\/\/radioljubuski.ba\/index.php\/2022\/07\/02\/taksist-mu-s-aerodroma-naplatio-25-km-za-voznju-od-4-kilometra-mogu-misliti-sto-rade-turistima\/","og_locale":"hr_HR","og_type":"article","og_title":"Taksist mu s aerodroma naplatio 25 KM za vo\u017enju od 4 kilometra: \u2018Mogu misliti \u0161to rade turistima...\u2018 - RADIO LJUBU\u0160KI","og_description":"Bh. bloger Mirza Mustafagi\u0107 vratio se iz Chicaga u Sarajevo, a odmah na aerodromu ga je do\u010dekalo neugodno iznena\u0111enje koje je podijelio na svom Instagramu profilu koji prati preko 60 tisu\u0107a ljudi. Naime, Mirza je objasnio da mu se \u017eurilo jer je htio izbje\u0107i poslijepodnevnu gu\u017evu u gradu, te je odlu\u010dio uzeti taksi na aerodromu. [&hellip;]","og_url":"https:\/\/radioljubuski.ba\/index.php\/2022\/07\/02\/taksist-mu-s-aerodroma-naplatio-25-km-za-voznju-od-4-kilometra-mogu-misliti-sto-rade-turistima\/","og_site_name":"RADIO LJUBU\u0160KI","article_publisher":"https:\/\/www.facebook.com\/Radiio-Ljubuski-1490835324566332","article_published_time":"2022-07-02T09:55:14+00:00","article_modified_time":"2022-07-02T09:55:15+00:00","og_image":[{"width":1024,"height":682,"url":"https:\/\/radioljubuski.ba\/wp-content\/uploads\/2022\/07\/o_114610_1024.jpg","type":"image\/jpeg"}],"author":"Radio Ljubu\u0161ki","twitter_card":"summary_large_image","twitter_creator":"@radioljubuski","twitter_site":"@radioljubuski","twitter_misc":{"Napisao\/la":"Radio Ljubu\u0161ki","Procijenjeno vrijeme \u010ditanja":"1 minuta"},"schema":{"@context":"https:\/\/schema.org","@graph":[{"@type":"Article","@id":"https:\/\/radioljubuski.ba\/index.php\/2022\/07\/02\/taksist-mu-s-aerodroma-naplatio-25-km-za-voznju-od-4-kilometra-mogu-misliti-sto-rade-turistima\/#article","isPartOf":{"@id":"https:\/\/radioljubuski.ba\/index.php\/2022\/07\/02\/taksist-mu-s-aerodroma-naplatio-25-km-za-voznju-od-4-kilometra-mogu-misliti-sto-rade-turistima\/"},"author":{"name":"Radio Ljubu\u0161ki","@id":"https:\/\/radioljubuski.ba\/#\/schema\/person\/19fc700381a780f69665d7956c469e3b"},"headline":"Taksist mu s aerodroma naplatio 25 KM za vo\u017enju od 4 kilometra: \u2018Mogu misliti \u0161to rade turistima&#8230;\u2018","datePublished":"2022-07-02T09:55:14+00:00","dateModified":"2022-07-02T09:55:15+00:00","mainEntityOfPage":{"@id":"https:\/\/radioljubuski.ba\/index.php\/2022\/07\/02\/taksist-mu-s-aerodroma-naplatio-25-km-za-voznju-od-4-kilometra-mogu-misliti-sto-rade-turistima\/"},"wordCount":258,"publisher":{"@id":"https:\/\/radioljubuski.ba\/#organization"},"image":{"@id":"https:\/\/radioljubuski.ba\/index.php\/2022\/07\/02\/taksist-mu-s-aerodroma-naplatio-25-km-za-voznju-od-4-kilometra-mogu-misliti-sto-rade-turistima\/#primaryimage"},"thumbnailUrl":"https:\/\/radioljubuski.ba\/wp-content\/uploads\/2022\/07\/o_114610_1024.jpg","articleSection":["BIH i regija"],"inLanguage":"hr"},{"@type":"WebPage","@id":"https:\/\/radioljubuski.ba\/index.php\/2022\/07\/02\/taksist-mu-s-aerodroma-naplatio-25-km-za-voznju-od-4-kilometra-mogu-misliti-sto-rade-turistima\/","url":"https:\/\/radioljubuski.ba\/index.php\/2022\/07\/02\/taksist-mu-s-aerodroma-naplatio-25-km-za-voznju-od-4-kilometra-mogu-misliti-sto-rade-turistima\/","name":"Taksist mu s aerodroma naplatio 25 KM za vo\u017enju od 4 kilometra: \u2018Mogu misliti \u0161to rade turistima...\u2018 - RADIO LJUBU\u0160KI","isPartOf":{"@id":"https:\/\/radioljubuski.ba\/#website"},"primaryImageOfPage":{"@id":"https:\/\/radioljubuski.ba\/index.php\/2022\/07\/02\/taksist-mu-s-aerodroma-naplatio-25-km-za-voznju-od-4-kilometra-mogu-misliti-sto-rade-turistima\/#primaryimage"},"image":{"@id":"https:\/\/radioljubuski.ba\/index.php\/2022\/07\/02\/taksist-mu-s-aerodroma-naplatio-25-km-za-voznju-od-4-kilometra-mogu-misliti-sto-rade-turistima\/#primaryimage"},"thumbnailUrl":"https:\/\/radioljubuski.ba\/wp-content\/uploads\/2022\/07\/o_114610_1024.jpg","datePublished":"2022-07-02T09:55:14+00:00","dateModified":"2022-07-02T09:55:15+00:00","breadcrumb":{"@id":"https:\/\/radioljubuski.ba\/index.php\/2022\/07\/02\/taksist-mu-s-aerodroma-naplatio-25-km-za-voznju-od-4-kilometra-mogu-misliti-sto-rade-turistima\/#breadcrumb"},"inLanguage":"hr","potentialAction":[{"@type":"ReadAction","target":["https:\/\/radioljubuski.ba\/index.php\/2022\/07\/02\/taksist-mu-s-aerodroma-naplatio-25-km-za-voznju-od-4-kilometra-mogu-misliti-sto-rade-turistima\/"]}]},{"@type":"ImageObject","inLanguage":"hr","@id":"https:\/\/radioljubuski.ba\/index.php\/2022\/07\/02\/taksist-mu-s-aerodroma-naplatio-25-km-za-voznju-od-4-kilometra-mogu-misliti-sto-rade-turistima\/#primaryimage","url":"https:\/\/radioljubuski.ba\/wp-content\/uploads\/2022\/07\/o_114610_1024.jpg","contentUrl":"https:\/\/radioljubuski.ba\/wp-content\/uploads\/2022\/07\/o_114610_1024.jpg","width":1024,"height":682},{"@type":"BreadcrumbList","@id":"https:\/\/radioljubuski.ba\/index.php\/2022\/07\/02\/taksist-mu-s-aerodroma-naplatio-25-km-za-voznju-od-4-kilometra-mogu-misliti-sto-rade-turistima\/#breadcrumb","itemListElement":[{"@type":"ListItem","position":1,"name":"Po\u010detna stranica","item":"https:\/\/radioljubuski.ba\/"},{"@type":"ListItem","position":2,"name":"Taksist mu s aerodroma naplatio 25 KM za vo\u017enju od 4 kilometra: \u2018Mogu misliti \u0161to rade turistima&#8230;\u2018"}]},{"@type":"WebSite","@id":"https:\/\/radioljubuski.ba\/#website","url":"https:\/\/radioljubuski.ba\/","name":"Radio Ljubu\u0161ki","description":"Sun\u010dana frekvencija Hercegovine","publisher":{"@id":"https:\/\/radioljubuski.ba\/#organization"},"potentialAction":[{"@type":"SearchAction","target":{"@type":"EntryPoint","urlTemplate":"https:\/\/radioljubuski.ba\/?s={search_term_string}"},"query-input":{"@type":"PropertyValueSpecification","valueRequired":true,"valueName":"search_term_string"}}],"inLanguage":"hr"},{"@type":"Organization","@id":"https:\/\/radioljubuski.ba\/#organization","name":"Radio Ljubu\u0161ki","url":"https:\/\/radioljubuski.ba\/","logo":{"@type":"ImageObject","inLanguage":"hr","@id":"https:\/\/radioljubuski.ba\/#\/schema\/logo\/image\/","url":"https:\/\/radioljubuski.ba\/wp-content\/uploads\/2021\/02\/cropped-Radio_Ljubuski_logo1.jpg","contentUrl":"https:\/\/radioljubuski.ba\/wp-content\/uploads\/2021\/02\/cropped-Radio_Ljubuski_logo1.jpg","width":512,"height":512,"caption":"Radio Ljubu\u0161ki"},"image":{"@id":"https:\/\/radioljubuski.ba\/#\/schema\/logo\/image\/"},"sameAs":["https:\/\/www.facebook.com\/Radiio-Ljubuski-1490835324566332","https:\/\/x.com\/radioljubuski","https:\/\/hr.linkedin.com\/company\/radio-ljubuski","https:\/\/www.youtube.com\/channel\/UCHYaeO_n0Db3tjNGudGpXyw"]},{"@type":"Person","@id":"https:\/\/radioljubuski.ba\/#\/schema\/person\/19fc700381a780f69665d7956c469e3b","name":"Radio Ljubu\u0161ki"}]}},"_links":{"self":[{"href":"https:\/\/radioljubuski.ba\/index.php\/wp-json\/wp\/v2\/posts\/155335","targetHints":{"allow":["GET"]}}],"collection":[{"href":"https:\/\/radioljubuski.ba\/index.php\/wp-json\/wp\/v2\/posts"}],"about":[{"href":"https:\/\/radioljubuski.ba\/index.php\/wp-json\/wp\/v2\/types\/post"}],"author":[{"embeddable":true,"href":"https:\/\/radioljubuski.ba\/index.php\/wp-json\/wp\/v2\/users\/2"}],"replies":[{"embeddable":true,"href":"https:\/\/radioljubuski.ba\/index.php\/wp-json\/wp\/v2\/comments?post=155335"}],"version-history":[{"count":1,"href":"https:\/\/radioljubuski.ba\/index.php\/wp-json\/wp\/v2\/posts\/155335\/revisions"}],"predecessor-version":[{"id":155337,"href":"https:\/\/radioljubuski.ba\/index.php\/wp-json\/wp\/v2\/posts\/155335\/revisions\/155337"}],"wp:featuredmedia":[{"embeddable":true,"href":"https:\/\/radioljubuski.ba\/index.php\/wp-json\/wp\/v2\/media\/155336"}],"wp:attachment":[{"href":"https:\/\/radioljubuski.ba\/index.php\/wp-json\/wp\/v2\/media?parent=155335"}],"wp:term":[{"taxonomy":"category","embeddable":true,"href":"https:\/\/radioljubuski.ba\/index.php\/wp-json\/wp\/v2\/categories?post=155335"},{"taxonomy":"post_tag","embeddable":true,"href":"https:\/\/radioljubuski.ba\/index.php\/wp-json\/wp\/v2\/tags?post=155335"}],"curies":[{"name":"wp","href":"https:\/\/api.w.org\/{rel}","templated":true}]}}