{"id":155373,"date":"2022-07-02T15:38:58","date_gmt":"2022-07-02T14:38:58","guid":{"rendered":"https:\/\/radioljubuski.ba\/?p=155373"},"modified":"2022-07-02T15:38:59","modified_gmt":"2022-07-02T14:38:59","slug":"federacija-dobiva-registar-pedofila","status":"publish","type":"post","link":"https:\/\/radioljubuski.ba\/index.php\/2022\/07\/02\/federacija-dobiva-registar-pedofila\/","title":{"rendered":"Federacija dobiva registar pedofila"},"content":{"rendered":"\n<p>Idu\u0107a sjednica Doma naroda Parlamenta Federacije Bosne i Hercegovine sazvana je za 7. srpanj, a jedna od najavljenih to\u010daka dnevnog reda je zakon \u010dija je namjera uspostavljanje registra o osobama osu\u0111enim za krivi\u010dna djela po\u010dinjena na \u0161tetu djece i mladih.<\/p>\n\n\n\n<p>Za po\u010dinitelje nedjela koja tretira ovaj zakon, u svakodnevnoj komunikaciji, kolokvijalno, ustaljen je termin &#8216;pedofili&#8217;.<\/p>\n\n\n\n<p>Tekst vi\u0161estruko nijansira vrste nedjela seksualnog iskori\u0161tavanja djece i mololjetnika te propisuje borbu protiv ovih te\u0161kih pojava.<\/p>\n\n\n\n<p>Ciljevi su za\u0161tita djece i maloljetnika i spre\u010davanje da osu\u0111enici ponove zlodjela ili po\u010dine sli\u010dna.<\/p>\n\n\n\n<p>Izme\u0111u ostalog je predvi\u0111eno da osobe \u010dija su imena u registru ne smiju posje\u0107ivati objekte i mjesta gdje se okupljaju djeca &#8211; vrti\u0107e, \u0161kole, igrali\u0161ta, lokacije organiziranih priredbi i proslava i sl.<\/p>\n\n\n\n<p>Osu\u0111eni po\u010dinitelj bi i do 20 godina po izdr\u017eanoj kazni morao da se javlja policiji i obvezno obavje\u0161tava o putovanjima van mjesta stanovanja i promjeni osobnih podataka.<\/p>\n\n\n\n<p>U slu\u010daju da po izdr\u017eanoj kazni prekr\u0161i neku od navedenih mjera, mo\u017ee se suo\u010diti s nov\u010danom kaznom i do 5.000 KM ili ponovnim zatvorom.<\/p>\n\n\n\n<p>Njegovi osobni podaci, vrsta po\u010dinjenog krivi\u010dnog djela i kazna, fizi\u010dke karakteristike i drugi detalji, ostajali bi kao podaci u registru trajno.<\/p>\n\n\n\n<p>Slu\u017ebeni predlaga\u010di Nacrta zakona su izaslanici u Domu naroda Jasmin Duvnjak i Aner \u017duljevi\u0107.<\/p>\n\n\n\n<p>-Podaci iz registra mogu se dati i organizacijama, ustanovama, institucijama i udru\u017eenjima koja u obavljanju poslova iz svoje nadle\u017enosti ostvaruju neposredan kontakt sa djecom ako za to postoji opravdan interes, kao i drugim tijelima, organizacijama i ustanovama koje su nadle\u017ene za vo\u0111enje postupaka za ostvarivanje za\u0161tite prava i interesa djece &#8211; naveli su oni tako\u0111er u tekstu.<\/p>\n\n\n\n<p>Ustanove, institucije i udru\u017eenja, kod zapo\u0161ljavanja osoba \u0161to bi po prirodi posla bile u kontaktu s djecom, morali bi prethodno da provjere da li su imena kandidata eventualno u navedenom registru.<\/p>\n\n\n\n<p>Duvnjak i \u017duljevi\u0107 predla\u017eu primjenu njihovog zakona prema po\u010diniteljima krivi\u010dnih djela silovanja djece i maloljetnika, spolnog odnosa sa nemo\u0107nom osobom, spolnog odnosa na osnovu zloupotrebe polo\u017eaja, prinude na spolni odnos, spolnog odnosa sa djetetom, bludne radnje, zadovoljenja pohote pred djetetom ili maloljetnikom, navo\u0111enja na prostituciju, iskori\u0161tavanja djeteta ili maloljetnika radi pornografije, upoznavanja djeteta s pornografijom te rodoskrvnu\u0107a.<\/p>\n\n\n\n<p>U obrazlo\u017eenju, navode da se po\u010detkom devedesetih godina pro\u0161log stolje\u0107a, uz slu\u017ebene evidencije o pravosna\u017eno osu\u0111enim osobama, javljaju i registri za posebnu grupu po\u010dinitelja krivi\u010dnih djela protiv spolne slobode.<\/p>\n\n\n\n<p>-Te evidencije se mogu odnositi samo na po\u010dinitelje krivi\u010dnih djela na \u0161tetu djece ili na sve u\u010dinioce. Sadr\u017ee uglavnom osobne podatke o osu\u0111enoj osobi, o krivi\u010dnom djelu i presudi te su eventualno u nekim evidencijama i podaci o \u017ertvama i njihovom odnosu sa po\u010diniteljem krivi\u010dnog djela. Vo\u0111enje evidencija zakonom se povjerava u nadle\u017enost policiji, sudovima, dr\u017eavnom tu\u017eiteljstvu ili ministarstvima, dok pristup mo\u017ee biti dozvoljen slu\u017ebenim osobama, odre\u0111enim institucijama i ustanovama te u krajnoj liniji, \u0161iroj javnosti putem interneta &#8211; naveli su predlaga\u010di.<\/p>\n\n\n\n<p>U nekim zemljama, navode tako\u0111er Duvnjak i \u017duljevi\u0107, podaci u evidencijama \u010duvaju se odre\u0111eni broj godina a u nekim trajno.<\/p>\n\n\n\n<p>Uspostava ovih evidencija postala je me\u0111unarodno-pravni standard i obveza zemalja koje ratificiraju Konvenciju Vije\u0107a Europe o za\u0161titi djece od seksualnog iskori\u0161tavanja i seksualnog zlostavljanja. Konvenciju su ratificirale sve zemlje biv\u0161e Jugoslavije.<\/p>\n\n\n\n<p>Puni slu\u017ebeni naziv Duvnjakovog i \u017duljevi\u0107evog akta je Nacrt zakona o posebnom registru osoba pravosna\u017eno osu\u0111enih za krivi\u010dna djela protiv spolne slobode i morala prema djeci i maloljetnicima u Federaciji Bosne i Hercegovine.<\/p>\n\n\n\n<p>Izvor:pogled.ba<\/p>\n","protected":false},"excerpt":{"rendered":"<p>Idu\u0107a sjednica Doma naroda Parlamenta Federacije Bosne i Hercegovine sazvana je za 7. srpanj, a jedna od najavljenih to\u010daka dnevnog reda je zakon \u010dija je namjera uspostavljanje registra o osobama osu\u0111enim za krivi\u010dna djela po\u010dinjena na \u0161tetu djece i mladih. Za po\u010dinitelje nedjela koja tretira ovaj zakon, u svakodnevnoj komunikaciji, kolokvijalno, ustaljen je termin &#8216;pedofili&#8217;. [&hellip;]<\/p>\n","protected":false},"author":2,"featured_media":127880,"comment_status":"closed","ping_status":"closed","sticky":false,"template":"","format":"standard","meta":{"h5ap_radio_sources":[],"footnotes":""},"categories":[1],"tags":[],"class_list":["post-155373","post","type-post","status-publish","format-standard","has-post-thumbnail","hentry","category-bihiregija"],"yoast_head":"<!-- This site is optimized with the Yoast SEO plugin v27.5 - https:\/\/yoast.com\/product\/yoast-seo-wordpress\/ -->\n<title>Federacija dobiva registar pedofila - RADIO LJUBU\u0160KI<\/title>\n<meta name=\"robots\" content=\"index, follow, max-snippet:-1, max-image-preview:large, max-video-preview:-1\" \/>\n<link rel=\"canonical\" href=\"https:\/\/radioljubuski.ba\/index.php\/2022\/07\/02\/federacija-dobiva-registar-pedofila\/\" \/>\n<meta property=\"og:locale\" content=\"hr_HR\" \/>\n<meta property=\"og:type\" content=\"article\" \/>\n<meta property=\"og:title\" content=\"Federacija dobiva registar pedofila - RADIO LJUBU\u0160KI\" \/>\n<meta property=\"og:description\" content=\"Idu\u0107a sjednica Doma naroda Parlamenta Federacije Bosne i Hercegovine sazvana je za 7. srpanj, a jedna od najavljenih to\u010daka dnevnog reda je zakon \u010dija je namjera uspostavljanje registra o osobama osu\u0111enim za krivi\u010dna djela po\u010dinjena na \u0161tetu djece i mladih. Za po\u010dinitelje nedjela koja tretira ovaj zakon, u svakodnevnoj komunikaciji, kolokvijalno, ustaljen je termin &#8216;pedofili&#8217;. [&hellip;]\" \/>\n<meta property=\"og:url\" content=\"https:\/\/radioljubuski.ba\/index.php\/2022\/07\/02\/federacija-dobiva-registar-pedofila\/\" \/>\n<meta property=\"og:site_name\" content=\"RADIO LJUBU\u0160KI\" \/>\n<meta property=\"article:publisher\" content=\"https:\/\/www.facebook.com\/Radiio-Ljubuski-1490835324566332\" \/>\n<meta property=\"article:published_time\" content=\"2022-07-02T14:38:58+00:00\" \/>\n<meta property=\"article:modified_time\" content=\"2022-07-02T14:38:59+00:00\" \/>\n<meta property=\"og:image\" content=\"https:\/\/radioljubuski.ba\/wp-content\/uploads\/2022\/04\/dom-naroda.jpg\" \/>\n\t<meta property=\"og:image:width\" content=\"1024\" \/>\n\t<meta property=\"og:image:height\" content=\"577\" \/>\n\t<meta property=\"og:image:type\" content=\"image\/jpeg\" \/>\n<meta name=\"author\" content=\"Radio Ljubu\u0161ki\" \/>\n<meta name=\"twitter:card\" content=\"summary_large_image\" \/>\n<meta name=\"twitter:creator\" content=\"@radioljubuski\" \/>\n<meta name=\"twitter:site\" content=\"@radioljubuski\" \/>\n<meta name=\"twitter:label1\" content=\"Napisao\/la\" \/>\n\t<meta name=\"twitter:data1\" content=\"Radio Ljubu\u0161ki\" \/>\n\t<meta name=\"twitter:label2\" content=\"Procijenjeno vrijeme \u010ditanja\" \/>\n\t<meta name=\"twitter:data2\" content=\"3 minute\" \/>\n<script type=\"application\/ld+json\" class=\"yoast-schema-graph\">{\"@context\":\"https:\\\/\\\/schema.org\",\"@graph\":[{\"@type\":\"Article\",\"@id\":\"https:\\\/\\\/radioljubuski.ba\\\/index.php\\\/2022\\\/07\\\/02\\\/federacija-dobiva-registar-pedofila\\\/#article\",\"isPartOf\":{\"@id\":\"https:\\\/\\\/radioljubuski.ba\\\/index.php\\\/2022\\\/07\\\/02\\\/federacija-dobiva-registar-pedofila\\\/\"},\"author\":{\"name\":\"Radio Ljubu\u0161ki\",\"@id\":\"https:\\\/\\\/radioljubuski.ba\\\/#\\\/schema\\\/person\\\/19fc700381a780f69665d7956c469e3b\"},\"headline\":\"Federacija dobiva registar pedofila\",\"datePublished\":\"2022-07-02T14:38:58+00:00\",\"dateModified\":\"2022-07-02T14:38:59+00:00\",\"mainEntityOfPage\":{\"@id\":\"https:\\\/\\\/radioljubuski.ba\\\/index.php\\\/2022\\\/07\\\/02\\\/federacija-dobiva-registar-pedofila\\\/\"},\"wordCount\":636,\"publisher\":{\"@id\":\"https:\\\/\\\/radioljubuski.ba\\\/#organization\"},\"image\":{\"@id\":\"https:\\\/\\\/radioljubuski.ba\\\/index.php\\\/2022\\\/07\\\/02\\\/federacija-dobiva-registar-pedofila\\\/#primaryimage\"},\"thumbnailUrl\":\"https:\\\/\\\/radioljubuski.ba\\\/wp-content\\\/uploads\\\/2022\\\/04\\\/dom-naroda.jpg\",\"articleSection\":[\"BIH i regija\"],\"inLanguage\":\"hr\"},{\"@type\":\"WebPage\",\"@id\":\"https:\\\/\\\/radioljubuski.ba\\\/index.php\\\/2022\\\/07\\\/02\\\/federacija-dobiva-registar-pedofila\\\/\",\"url\":\"https:\\\/\\\/radioljubuski.ba\\\/index.php\\\/2022\\\/07\\\/02\\\/federacija-dobiva-registar-pedofila\\\/\",\"name\":\"Federacija dobiva registar pedofila - RADIO LJUBU\u0160KI\",\"isPartOf\":{\"@id\":\"https:\\\/\\\/radioljubuski.ba\\\/#website\"},\"primaryImageOfPage\":{\"@id\":\"https:\\\/\\\/radioljubuski.ba\\\/index.php\\\/2022\\\/07\\\/02\\\/federacija-dobiva-registar-pedofila\\\/#primaryimage\"},\"image\":{\"@id\":\"https:\\\/\\\/radioljubuski.ba\\\/index.php\\\/2022\\\/07\\\/02\\\/federacija-dobiva-registar-pedofila\\\/#primaryimage\"},\"thumbnailUrl\":\"https:\\\/\\\/radioljubuski.ba\\\/wp-content\\\/uploads\\\/2022\\\/04\\\/dom-naroda.jpg\",\"datePublished\":\"2022-07-02T14:38:58+00:00\",\"dateModified\":\"2022-07-02T14:38:59+00:00\",\"breadcrumb\":{\"@id\":\"https:\\\/\\\/radioljubuski.ba\\\/index.php\\\/2022\\\/07\\\/02\\\/federacija-dobiva-registar-pedofila\\\/#breadcrumb\"},\"inLanguage\":\"hr\",\"potentialAction\":[{\"@type\":\"ReadAction\",\"target\":[\"https:\\\/\\\/radioljubuski.ba\\\/index.php\\\/2022\\\/07\\\/02\\\/federacija-dobiva-registar-pedofila\\\/\"]}]},{\"@type\":\"ImageObject\",\"inLanguage\":\"hr\",\"@id\":\"https:\\\/\\\/radioljubuski.ba\\\/index.php\\\/2022\\\/07\\\/02\\\/federacija-dobiva-registar-pedofila\\\/#primaryimage\",\"url\":\"https:\\\/\\\/radioljubuski.ba\\\/wp-content\\\/uploads\\\/2022\\\/04\\\/dom-naroda.jpg\",\"contentUrl\":\"https:\\\/\\\/radioljubuski.ba\\\/wp-content\\\/uploads\\\/2022\\\/04\\\/dom-naroda.jpg\",\"width\":1024,\"height\":577},{\"@type\":\"BreadcrumbList\",\"@id\":\"https:\\\/\\\/radioljubuski.ba\\\/index.php\\\/2022\\\/07\\\/02\\\/federacija-dobiva-registar-pedofila\\\/#breadcrumb\",\"itemListElement\":[{\"@type\":\"ListItem\",\"position\":1,\"name\":\"Po\u010detna stranica\",\"item\":\"https:\\\/\\\/radioljubuski.ba\\\/\"},{\"@type\":\"ListItem\",\"position\":2,\"name\":\"Federacija dobiva registar pedofila\"}]},{\"@type\":\"WebSite\",\"@id\":\"https:\\\/\\\/radioljubuski.ba\\\/#website\",\"url\":\"https:\\\/\\\/radioljubuski.ba\\\/\",\"name\":\"Radio Ljubu\u0161ki\",\"description\":\"Sun\u010dana frekvencija Hercegovine\",\"publisher\":{\"@id\":\"https:\\\/\\\/radioljubuski.ba\\\/#organization\"},\"potentialAction\":[{\"@type\":\"SearchAction\",\"target\":{\"@type\":\"EntryPoint\",\"urlTemplate\":\"https:\\\/\\\/radioljubuski.ba\\\/?s={search_term_string}\"},\"query-input\":{\"@type\":\"PropertyValueSpecification\",\"valueRequired\":true,\"valueName\":\"search_term_string\"}}],\"inLanguage\":\"hr\"},{\"@type\":\"Organization\",\"@id\":\"https:\\\/\\\/radioljubuski.ba\\\/#organization\",\"name\":\"Radio Ljubu\u0161ki\",\"url\":\"https:\\\/\\\/radioljubuski.ba\\\/\",\"logo\":{\"@type\":\"ImageObject\",\"inLanguage\":\"hr\",\"@id\":\"https:\\\/\\\/radioljubuski.ba\\\/#\\\/schema\\\/logo\\\/image\\\/\",\"url\":\"https:\\\/\\\/radioljubuski.ba\\\/wp-content\\\/uploads\\\/2021\\\/02\\\/cropped-Radio_Ljubuski_logo1.jpg\",\"contentUrl\":\"https:\\\/\\\/radioljubuski.ba\\\/wp-content\\\/uploads\\\/2021\\\/02\\\/cropped-Radio_Ljubuski_logo1.jpg\",\"width\":512,\"height\":512,\"caption\":\"Radio Ljubu\u0161ki\"},\"image\":{\"@id\":\"https:\\\/\\\/radioljubuski.ba\\\/#\\\/schema\\\/logo\\\/image\\\/\"},\"sameAs\":[\"https:\\\/\\\/www.facebook.com\\\/Radiio-Ljubuski-1490835324566332\",\"https:\\\/\\\/x.com\\\/radioljubuski\",\"https:\\\/\\\/hr.linkedin.com\\\/company\\\/radio-ljubuski\",\"https:\\\/\\\/www.youtube.com\\\/channel\\\/UCHYaeO_n0Db3tjNGudGpXyw\"]},{\"@type\":\"Person\",\"@id\":\"https:\\\/\\\/radioljubuski.ba\\\/#\\\/schema\\\/person\\\/19fc700381a780f69665d7956c469e3b\",\"name\":\"Radio Ljubu\u0161ki\"}]}<\/script>\n<!-- \/ Yoast SEO plugin. -->","yoast_head_json":{"title":"Federacija dobiva registar pedofila - RADIO LJUBU\u0160KI","robots":{"index":"index","follow":"follow","max-snippet":"max-snippet:-1","max-image-preview":"max-image-preview:large","max-video-preview":"max-video-preview:-1"},"canonical":"https:\/\/radioljubuski.ba\/index.php\/2022\/07\/02\/federacija-dobiva-registar-pedofila\/","og_locale":"hr_HR","og_type":"article","og_title":"Federacija dobiva registar pedofila - RADIO LJUBU\u0160KI","og_description":"Idu\u0107a sjednica Doma naroda Parlamenta Federacije Bosne i Hercegovine sazvana je za 7. srpanj, a jedna od najavljenih to\u010daka dnevnog reda je zakon \u010dija je namjera uspostavljanje registra o osobama osu\u0111enim za krivi\u010dna djela po\u010dinjena na \u0161tetu djece i mladih. Za po\u010dinitelje nedjela koja tretira ovaj zakon, u svakodnevnoj komunikaciji, kolokvijalno, ustaljen je termin &#8216;pedofili&#8217;. [&hellip;]","og_url":"https:\/\/radioljubuski.ba\/index.php\/2022\/07\/02\/federacija-dobiva-registar-pedofila\/","og_site_name":"RADIO LJUBU\u0160KI","article_publisher":"https:\/\/www.facebook.com\/Radiio-Ljubuski-1490835324566332","article_published_time":"2022-07-02T14:38:58+00:00","article_modified_time":"2022-07-02T14:38:59+00:00","og_image":[{"width":1024,"height":577,"url":"https:\/\/radioljubuski.ba\/wp-content\/uploads\/2022\/04\/dom-naroda.jpg","type":"image\/jpeg"}],"author":"Radio Ljubu\u0161ki","twitter_card":"summary_large_image","twitter_creator":"@radioljubuski","twitter_site":"@radioljubuski","twitter_misc":{"Napisao\/la":"Radio Ljubu\u0161ki","Procijenjeno vrijeme \u010ditanja":"3 minute"},"schema":{"@context":"https:\/\/schema.org","@graph":[{"@type":"Article","@id":"https:\/\/radioljubuski.ba\/index.php\/2022\/07\/02\/federacija-dobiva-registar-pedofila\/#article","isPartOf":{"@id":"https:\/\/radioljubuski.ba\/index.php\/2022\/07\/02\/federacija-dobiva-registar-pedofila\/"},"author":{"name":"Radio Ljubu\u0161ki","@id":"https:\/\/radioljubuski.ba\/#\/schema\/person\/19fc700381a780f69665d7956c469e3b"},"headline":"Federacija dobiva registar pedofila","datePublished":"2022-07-02T14:38:58+00:00","dateModified":"2022-07-02T14:38:59+00:00","mainEntityOfPage":{"@id":"https:\/\/radioljubuski.ba\/index.php\/2022\/07\/02\/federacija-dobiva-registar-pedofila\/"},"wordCount":636,"publisher":{"@id":"https:\/\/radioljubuski.ba\/#organization"},"image":{"@id":"https:\/\/radioljubuski.ba\/index.php\/2022\/07\/02\/federacija-dobiva-registar-pedofila\/#primaryimage"},"thumbnailUrl":"https:\/\/radioljubuski.ba\/wp-content\/uploads\/2022\/04\/dom-naroda.jpg","articleSection":["BIH i regija"],"inLanguage":"hr"},{"@type":"WebPage","@id":"https:\/\/radioljubuski.ba\/index.php\/2022\/07\/02\/federacija-dobiva-registar-pedofila\/","url":"https:\/\/radioljubuski.ba\/index.php\/2022\/07\/02\/federacija-dobiva-registar-pedofila\/","name":"Federacija dobiva registar pedofila - RADIO LJUBU\u0160KI","isPartOf":{"@id":"https:\/\/radioljubuski.ba\/#website"},"primaryImageOfPage":{"@id":"https:\/\/radioljubuski.ba\/index.php\/2022\/07\/02\/federacija-dobiva-registar-pedofila\/#primaryimage"},"image":{"@id":"https:\/\/radioljubuski.ba\/index.php\/2022\/07\/02\/federacija-dobiva-registar-pedofila\/#primaryimage"},"thumbnailUrl":"https:\/\/radioljubuski.ba\/wp-content\/uploads\/2022\/04\/dom-naroda.jpg","datePublished":"2022-07-02T14:38:58+00:00","dateModified":"2022-07-02T14:38:59+00:00","breadcrumb":{"@id":"https:\/\/radioljubuski.ba\/index.php\/2022\/07\/02\/federacija-dobiva-registar-pedofila\/#breadcrumb"},"inLanguage":"hr","potentialAction":[{"@type":"ReadAction","target":["https:\/\/radioljubuski.ba\/index.php\/2022\/07\/02\/federacija-dobiva-registar-pedofila\/"]}]},{"@type":"ImageObject","inLanguage":"hr","@id":"https:\/\/radioljubuski.ba\/index.php\/2022\/07\/02\/federacija-dobiva-registar-pedofila\/#primaryimage","url":"https:\/\/radioljubuski.ba\/wp-content\/uploads\/2022\/04\/dom-naroda.jpg","contentUrl":"https:\/\/radioljubuski.ba\/wp-content\/uploads\/2022\/04\/dom-naroda.jpg","width":1024,"height":577},{"@type":"BreadcrumbList","@id":"https:\/\/radioljubuski.ba\/index.php\/2022\/07\/02\/federacija-dobiva-registar-pedofila\/#breadcrumb","itemListElement":[{"@type":"ListItem","position":1,"name":"Po\u010detna stranica","item":"https:\/\/radioljubuski.ba\/"},{"@type":"ListItem","position":2,"name":"Federacija dobiva registar pedofila"}]},{"@type":"WebSite","@id":"https:\/\/radioljubuski.ba\/#website","url":"https:\/\/radioljubuski.ba\/","name":"Radio Ljubu\u0161ki","description":"Sun\u010dana frekvencija Hercegovine","publisher":{"@id":"https:\/\/radioljubuski.ba\/#organization"},"potentialAction":[{"@type":"SearchAction","target":{"@type":"EntryPoint","urlTemplate":"https:\/\/radioljubuski.ba\/?s={search_term_string}"},"query-input":{"@type":"PropertyValueSpecification","valueRequired":true,"valueName":"search_term_string"}}],"inLanguage":"hr"},{"@type":"Organization","@id":"https:\/\/radioljubuski.ba\/#organization","name":"Radio Ljubu\u0161ki","url":"https:\/\/radioljubuski.ba\/","logo":{"@type":"ImageObject","inLanguage":"hr","@id":"https:\/\/radioljubuski.ba\/#\/schema\/logo\/image\/","url":"https:\/\/radioljubuski.ba\/wp-content\/uploads\/2021\/02\/cropped-Radio_Ljubuski_logo1.jpg","contentUrl":"https:\/\/radioljubuski.ba\/wp-content\/uploads\/2021\/02\/cropped-Radio_Ljubuski_logo1.jpg","width":512,"height":512,"caption":"Radio Ljubu\u0161ki"},"image":{"@id":"https:\/\/radioljubuski.ba\/#\/schema\/logo\/image\/"},"sameAs":["https:\/\/www.facebook.com\/Radiio-Ljubuski-1490835324566332","https:\/\/x.com\/radioljubuski","https:\/\/hr.linkedin.com\/company\/radio-ljubuski","https:\/\/www.youtube.com\/channel\/UCHYaeO_n0Db3tjNGudGpXyw"]},{"@type":"Person","@id":"https:\/\/radioljubuski.ba\/#\/schema\/person\/19fc700381a780f69665d7956c469e3b","name":"Radio Ljubu\u0161ki"}]}},"_links":{"self":[{"href":"https:\/\/radioljubuski.ba\/index.php\/wp-json\/wp\/v2\/posts\/155373","targetHints":{"allow":["GET"]}}],"collection":[{"href":"https:\/\/radioljubuski.ba\/index.php\/wp-json\/wp\/v2\/posts"}],"about":[{"href":"https:\/\/radioljubuski.ba\/index.php\/wp-json\/wp\/v2\/types\/post"}],"author":[{"embeddable":true,"href":"https:\/\/radioljubuski.ba\/index.php\/wp-json\/wp\/v2\/users\/2"}],"replies":[{"embeddable":true,"href":"https:\/\/radioljubuski.ba\/index.php\/wp-json\/wp\/v2\/comments?post=155373"}],"version-history":[{"count":1,"href":"https:\/\/radioljubuski.ba\/index.php\/wp-json\/wp\/v2\/posts\/155373\/revisions"}],"predecessor-version":[{"id":155374,"href":"https:\/\/radioljubuski.ba\/index.php\/wp-json\/wp\/v2\/posts\/155373\/revisions\/155374"}],"wp:featuredmedia":[{"embeddable":true,"href":"https:\/\/radioljubuski.ba\/index.php\/wp-json\/wp\/v2\/media\/127880"}],"wp:attachment":[{"href":"https:\/\/radioljubuski.ba\/index.php\/wp-json\/wp\/v2\/media?parent=155373"}],"wp:term":[{"taxonomy":"category","embeddable":true,"href":"https:\/\/radioljubuski.ba\/index.php\/wp-json\/wp\/v2\/categories?post=155373"},{"taxonomy":"post_tag","embeddable":true,"href":"https:\/\/radioljubuski.ba\/index.php\/wp-json\/wp\/v2\/tags?post=155373"}],"curies":[{"name":"wp","href":"https:\/\/api.w.org\/{rel}","templated":true}]}}