{"id":155391,"date":"2022-07-02T15:47:08","date_gmt":"2022-07-02T14:47:08","guid":{"rendered":"https:\/\/radioljubuski.ba\/?p=155391"},"modified":"2022-07-02T15:47:09","modified_gmt":"2022-07-02T14:47:09","slug":"hrvati-nece-u-drzavnu-sluzbu-placa-1-000-eura-nije-se-prijavio-nitko","status":"publish","type":"post","link":"https:\/\/radioljubuski.ba\/index.php\/2022\/07\/02\/hrvati-nece-u-drzavnu-sluzbu-placa-1-000-eura-nije-se-prijavio-nitko\/","title":{"rendered":"Hrvati ne\u0107e u dr\u017eavnu slu\u017ebu: Pla\u0107a 1.000 eura, nije se prijavio nitko"},"content":{"rendered":"\n<p>Sigurnost radnog mjesta u dr\u017eavnoj administraciji izgubila je na atraktivnosti u situaciji manjka radnika. Ministarstva ne mogu da na\u0111u radnike ni za mjesta s po\u010detnom pla\u0107om od 8.000 kuna (vi\u0161e od 1.000 eura).<\/p>\n\n\n\n<p>Ministarstvo pravosu\u0111a i uprave raspisalo je natje\u010daj 25. svibnja za 22 radna mjesta, me\u0111u kojima je i ono za vi\u0161eg informati\u010dkog savjetnika, specijalistu za pravosudni informacijski sustav, s po\u010detnom platom od oko 8.000 kuna. Nitko im se nije javio, pi\u0161e Jutarnji list.<\/p>\n\n\n\n<p>Tra\u017eili su i rukovoditelja Slu\u017ebe za me\u0111unarodnu suradnju i izradu i unapre\u0111enje normativnog okvira. Javio se jedan kandidat. Po\u010detna pla\u0107a ovdje je oko 9.000 kuna neto.<\/p>\n\n\n\n<p>Problemi s tr\u017ei\u0161tem rada s kojima su suo\u010deni privatnici, koji vi\u0161e ne mogu da na\u0111u doma\u0107u radnu snagu u zanimanjima koja su deficitarna pa sve \u010de\u0161\u0107e uvoze strane radnike, sve se vi\u0161e prelivaju i na dr\u017eavnu slu\u017ebu.<\/p>\n\n\n\n<p>Nekada je sigurnost radnog mjesta bila privla\u010dna, posebno u krizama, kada je privatni sektor bio primoran da otpu\u0161ta radnike, a danas, kada je situacija takva da radnika nedostaje svuda, nitko ne \u017eeli da radi za dr\u017eavu gdje su prosje\u010dne pla\u0107e relativno male i gdje se ne napreduje po zaslugama, nego po podobnosti, pa se za odabrane i izmi\u0161ljaju radna mjesta kako bi uop\u0107e mogli da napreduju.<\/p>\n\n\n\n<p>Po\u010detna pla\u0107a administrativnog osoblja sa srednjom stru\u010dnom spremom iznosi oko 5.000 kuna, a stru\u010dni suradnici zara\u0111uju oko 6.000 kuna. Sustav pla\u0107a ure\u0111en je nejednako, pa se \u010desto doga\u0111a da se za isto radno mjesto u razli\u010ditim slu\u017ebama pla\u0107a razlikuje, ovisno od toga da je li rije\u010d o dr\u017eavnoj upravi, agencijama ili javnoj slu\u017ebi.<\/p>\n\n\n\n<p>Tako da i kvalitetniji kadar \u010desto ne mo\u017ee da bude nagra\u0111en za dobar posao, pa takvi slu\u017ebenici ili bje\u017ee u agencije i sustave koji imaju bolje koeficijente ili idu privatnicima nakon \u0161to steknu znanje u dr\u017eavnoj slu\u017ebi.<\/p>\n\n\n\n<p>U Hrvatskoj je broj radnika u javnom i dr\u017eavnom sektoru veliki, ali kada se pogleda samo u\u017ea dr\u017eavna uprava, odnosno slu\u017ebenici u ministarstvima, ne ra\u010dunaju\u0107i policajce, vidljiv je trend opadanja broja zaposlenih.<\/p>\n\n\n\n<p>U samo tri mjeseca ove godine ministarstva su ostala bez 165 ljudi, a u odnosu na godinu dana broj zaposlenika smanjen je za 324, pa je krajem o\u017eujka bilo zaposleno 16.435 osoba. Procjene su da \u0107e veliki broj administrativnog osoblja oti\u0107i u mirovinu uskoro.<\/p>\n\n\n\n<p>Izvor:jutarnji.hr<\/p>\n","protected":false},"excerpt":{"rendered":"<p>Sigurnost radnog mjesta u dr\u017eavnoj administraciji izgubila je na atraktivnosti u situaciji manjka radnika. Ministarstva ne mogu da na\u0111u radnike ni za mjesta s po\u010detnom pla\u0107om od 8.000 kuna (vi\u0161e od 1.000 eura). Ministarstvo pravosu\u0111a i uprave raspisalo je natje\u010daj 25. svibnja za 22 radna mjesta, me\u0111u kojima je i ono za vi\u0161eg informati\u010dkog savjetnika, [&hellip;]<\/p>\n","protected":false},"author":2,"featured_media":155392,"comment_status":"closed","ping_status":"closed","sticky":false,"template":"","format":"standard","meta":{"h5ap_radio_sources":[],"footnotes":""},"categories":[1],"tags":[],"class_list":["post-155391","post","type-post","status-publish","format-standard","has-post-thumbnail","hentry","category-bihiregija"],"yoast_head":"<!-- This site is optimized with the Yoast SEO plugin v27.5 - https:\/\/yoast.com\/product\/yoast-seo-wordpress\/ -->\n<title>Hrvati ne\u0107e u dr\u017eavnu slu\u017ebu: Pla\u0107a 1.000 eura, nije se prijavio nitko - RADIO LJUBU\u0160KI<\/title>\n<meta name=\"robots\" content=\"index, follow, max-snippet:-1, max-image-preview:large, max-video-preview:-1\" \/>\n<link rel=\"canonical\" href=\"https:\/\/radioljubuski.ba\/index.php\/2022\/07\/02\/hrvati-nece-u-drzavnu-sluzbu-placa-1-000-eura-nije-se-prijavio-nitko\/\" \/>\n<meta property=\"og:locale\" content=\"hr_HR\" \/>\n<meta property=\"og:type\" content=\"article\" \/>\n<meta property=\"og:title\" content=\"Hrvati ne\u0107e u dr\u017eavnu slu\u017ebu: Pla\u0107a 1.000 eura, nije se prijavio nitko - RADIO LJUBU\u0160KI\" \/>\n<meta property=\"og:description\" content=\"Sigurnost radnog mjesta u dr\u017eavnoj administraciji izgubila je na atraktivnosti u situaciji manjka radnika. Ministarstva ne mogu da na\u0111u radnike ni za mjesta s po\u010detnom pla\u0107om od 8.000 kuna (vi\u0161e od 1.000 eura). Ministarstvo pravosu\u0111a i uprave raspisalo je natje\u010daj 25. svibnja za 22 radna mjesta, me\u0111u kojima je i ono za vi\u0161eg informati\u010dkog savjetnika, [&hellip;]\" \/>\n<meta property=\"og:url\" content=\"https:\/\/radioljubuski.ba\/index.php\/2022\/07\/02\/hrvati-nece-u-drzavnu-sluzbu-placa-1-000-eura-nije-se-prijavio-nitko\/\" \/>\n<meta property=\"og:site_name\" content=\"RADIO LJUBU\u0160KI\" \/>\n<meta property=\"article:publisher\" content=\"https:\/\/www.facebook.com\/Radiio-Ljubuski-1490835324566332\" \/>\n<meta property=\"article:published_time\" content=\"2022-07-02T14:47:08+00:00\" \/>\n<meta property=\"article:modified_time\" content=\"2022-07-02T14:47:09+00:00\" \/>\n<meta property=\"og:image\" content=\"https:\/\/radioljubuski.ba\/wp-content\/uploads\/2022\/07\/JzXqLSpt_komjuter_racunalo_ured_posao_telefon.jpg\" \/>\n\t<meta property=\"og:image:width\" content=\"1000\" \/>\n\t<meta property=\"og:image:height\" content=\"625\" \/>\n\t<meta property=\"og:image:type\" content=\"image\/jpeg\" \/>\n<meta name=\"author\" content=\"Radio Ljubu\u0161ki\" \/>\n<meta name=\"twitter:card\" content=\"summary_large_image\" \/>\n<meta name=\"twitter:creator\" content=\"@radioljubuski\" \/>\n<meta name=\"twitter:site\" content=\"@radioljubuski\" \/>\n<meta name=\"twitter:label1\" content=\"Napisao\/la\" \/>\n\t<meta name=\"twitter:data1\" content=\"Radio Ljubu\u0161ki\" \/>\n\t<meta name=\"twitter:label2\" content=\"Procijenjeno vrijeme \u010ditanja\" \/>\n\t<meta name=\"twitter:data2\" content=\"2 minute\" \/>\n<script type=\"application\/ld+json\" class=\"yoast-schema-graph\">{\"@context\":\"https:\\\/\\\/schema.org\",\"@graph\":[{\"@type\":\"Article\",\"@id\":\"https:\\\/\\\/radioljubuski.ba\\\/index.php\\\/2022\\\/07\\\/02\\\/hrvati-nece-u-drzavnu-sluzbu-placa-1-000-eura-nije-se-prijavio-nitko\\\/#article\",\"isPartOf\":{\"@id\":\"https:\\\/\\\/radioljubuski.ba\\\/index.php\\\/2022\\\/07\\\/02\\\/hrvati-nece-u-drzavnu-sluzbu-placa-1-000-eura-nije-se-prijavio-nitko\\\/\"},\"author\":{\"name\":\"Radio Ljubu\u0161ki\",\"@id\":\"https:\\\/\\\/radioljubuski.ba\\\/#\\\/schema\\\/person\\\/19fc700381a780f69665d7956c469e3b\"},\"headline\":\"Hrvati ne\u0107e u dr\u017eavnu slu\u017ebu: Pla\u0107a 1.000 eura, nije se prijavio nitko\",\"datePublished\":\"2022-07-02T14:47:08+00:00\",\"dateModified\":\"2022-07-02T14:47:09+00:00\",\"mainEntityOfPage\":{\"@id\":\"https:\\\/\\\/radioljubuski.ba\\\/index.php\\\/2022\\\/07\\\/02\\\/hrvati-nece-u-drzavnu-sluzbu-placa-1-000-eura-nije-se-prijavio-nitko\\\/\"},\"wordCount\":439,\"publisher\":{\"@id\":\"https:\\\/\\\/radioljubuski.ba\\\/#organization\"},\"image\":{\"@id\":\"https:\\\/\\\/radioljubuski.ba\\\/index.php\\\/2022\\\/07\\\/02\\\/hrvati-nece-u-drzavnu-sluzbu-placa-1-000-eura-nije-se-prijavio-nitko\\\/#primaryimage\"},\"thumbnailUrl\":\"https:\\\/\\\/radioljubuski.ba\\\/wp-content\\\/uploads\\\/2022\\\/07\\\/JzXqLSpt_komjuter_racunalo_ured_posao_telefon.jpg\",\"articleSection\":[\"BIH i regija\"],\"inLanguage\":\"hr\"},{\"@type\":\"WebPage\",\"@id\":\"https:\\\/\\\/radioljubuski.ba\\\/index.php\\\/2022\\\/07\\\/02\\\/hrvati-nece-u-drzavnu-sluzbu-placa-1-000-eura-nije-se-prijavio-nitko\\\/\",\"url\":\"https:\\\/\\\/radioljubuski.ba\\\/index.php\\\/2022\\\/07\\\/02\\\/hrvati-nece-u-drzavnu-sluzbu-placa-1-000-eura-nije-se-prijavio-nitko\\\/\",\"name\":\"Hrvati ne\u0107e u dr\u017eavnu slu\u017ebu: Pla\u0107a 1.000 eura, nije se prijavio nitko - RADIO LJUBU\u0160KI\",\"isPartOf\":{\"@id\":\"https:\\\/\\\/radioljubuski.ba\\\/#website\"},\"primaryImageOfPage\":{\"@id\":\"https:\\\/\\\/radioljubuski.ba\\\/index.php\\\/2022\\\/07\\\/02\\\/hrvati-nece-u-drzavnu-sluzbu-placa-1-000-eura-nije-se-prijavio-nitko\\\/#primaryimage\"},\"image\":{\"@id\":\"https:\\\/\\\/radioljubuski.ba\\\/index.php\\\/2022\\\/07\\\/02\\\/hrvati-nece-u-drzavnu-sluzbu-placa-1-000-eura-nije-se-prijavio-nitko\\\/#primaryimage\"},\"thumbnailUrl\":\"https:\\\/\\\/radioljubuski.ba\\\/wp-content\\\/uploads\\\/2022\\\/07\\\/JzXqLSpt_komjuter_racunalo_ured_posao_telefon.jpg\",\"datePublished\":\"2022-07-02T14:47:08+00:00\",\"dateModified\":\"2022-07-02T14:47:09+00:00\",\"breadcrumb\":{\"@id\":\"https:\\\/\\\/radioljubuski.ba\\\/index.php\\\/2022\\\/07\\\/02\\\/hrvati-nece-u-drzavnu-sluzbu-placa-1-000-eura-nije-se-prijavio-nitko\\\/#breadcrumb\"},\"inLanguage\":\"hr\",\"potentialAction\":[{\"@type\":\"ReadAction\",\"target\":[\"https:\\\/\\\/radioljubuski.ba\\\/index.php\\\/2022\\\/07\\\/02\\\/hrvati-nece-u-drzavnu-sluzbu-placa-1-000-eura-nije-se-prijavio-nitko\\\/\"]}]},{\"@type\":\"ImageObject\",\"inLanguage\":\"hr\",\"@id\":\"https:\\\/\\\/radioljubuski.ba\\\/index.php\\\/2022\\\/07\\\/02\\\/hrvati-nece-u-drzavnu-sluzbu-placa-1-000-eura-nije-se-prijavio-nitko\\\/#primaryimage\",\"url\":\"https:\\\/\\\/radioljubuski.ba\\\/wp-content\\\/uploads\\\/2022\\\/07\\\/JzXqLSpt_komjuter_racunalo_ured_posao_telefon.jpg\",\"contentUrl\":\"https:\\\/\\\/radioljubuski.ba\\\/wp-content\\\/uploads\\\/2022\\\/07\\\/JzXqLSpt_komjuter_racunalo_ured_posao_telefon.jpg\",\"width\":1000,\"height\":625},{\"@type\":\"BreadcrumbList\",\"@id\":\"https:\\\/\\\/radioljubuski.ba\\\/index.php\\\/2022\\\/07\\\/02\\\/hrvati-nece-u-drzavnu-sluzbu-placa-1-000-eura-nije-se-prijavio-nitko\\\/#breadcrumb\",\"itemListElement\":[{\"@type\":\"ListItem\",\"position\":1,\"name\":\"Po\u010detna stranica\",\"item\":\"https:\\\/\\\/radioljubuski.ba\\\/\"},{\"@type\":\"ListItem\",\"position\":2,\"name\":\"Hrvati ne\u0107e u dr\u017eavnu slu\u017ebu: Pla\u0107a 1.000 eura, nije se prijavio nitko\"}]},{\"@type\":\"WebSite\",\"@id\":\"https:\\\/\\\/radioljubuski.ba\\\/#website\",\"url\":\"https:\\\/\\\/radioljubuski.ba\\\/\",\"name\":\"Radio Ljubu\u0161ki\",\"description\":\"Sun\u010dana frekvencija Hercegovine\",\"publisher\":{\"@id\":\"https:\\\/\\\/radioljubuski.ba\\\/#organization\"},\"potentialAction\":[{\"@type\":\"SearchAction\",\"target\":{\"@type\":\"EntryPoint\",\"urlTemplate\":\"https:\\\/\\\/radioljubuski.ba\\\/?s={search_term_string}\"},\"query-input\":{\"@type\":\"PropertyValueSpecification\",\"valueRequired\":true,\"valueName\":\"search_term_string\"}}],\"inLanguage\":\"hr\"},{\"@type\":\"Organization\",\"@id\":\"https:\\\/\\\/radioljubuski.ba\\\/#organization\",\"name\":\"Radio Ljubu\u0161ki\",\"url\":\"https:\\\/\\\/radioljubuski.ba\\\/\",\"logo\":{\"@type\":\"ImageObject\",\"inLanguage\":\"hr\",\"@id\":\"https:\\\/\\\/radioljubuski.ba\\\/#\\\/schema\\\/logo\\\/image\\\/\",\"url\":\"https:\\\/\\\/radioljubuski.ba\\\/wp-content\\\/uploads\\\/2021\\\/02\\\/cropped-Radio_Ljubuski_logo1.jpg\",\"contentUrl\":\"https:\\\/\\\/radioljubuski.ba\\\/wp-content\\\/uploads\\\/2021\\\/02\\\/cropped-Radio_Ljubuski_logo1.jpg\",\"width\":512,\"height\":512,\"caption\":\"Radio Ljubu\u0161ki\"},\"image\":{\"@id\":\"https:\\\/\\\/radioljubuski.ba\\\/#\\\/schema\\\/logo\\\/image\\\/\"},\"sameAs\":[\"https:\\\/\\\/www.facebook.com\\\/Radiio-Ljubuski-1490835324566332\",\"https:\\\/\\\/x.com\\\/radioljubuski\",\"https:\\\/\\\/hr.linkedin.com\\\/company\\\/radio-ljubuski\",\"https:\\\/\\\/www.youtube.com\\\/channel\\\/UCHYaeO_n0Db3tjNGudGpXyw\"]},{\"@type\":\"Person\",\"@id\":\"https:\\\/\\\/radioljubuski.ba\\\/#\\\/schema\\\/person\\\/19fc700381a780f69665d7956c469e3b\",\"name\":\"Radio Ljubu\u0161ki\"}]}<\/script>\n<!-- \/ Yoast SEO plugin. -->","yoast_head_json":{"title":"Hrvati ne\u0107e u dr\u017eavnu slu\u017ebu: Pla\u0107a 1.000 eura, nije se prijavio nitko - RADIO LJUBU\u0160KI","robots":{"index":"index","follow":"follow","max-snippet":"max-snippet:-1","max-image-preview":"max-image-preview:large","max-video-preview":"max-video-preview:-1"},"canonical":"https:\/\/radioljubuski.ba\/index.php\/2022\/07\/02\/hrvati-nece-u-drzavnu-sluzbu-placa-1-000-eura-nije-se-prijavio-nitko\/","og_locale":"hr_HR","og_type":"article","og_title":"Hrvati ne\u0107e u dr\u017eavnu slu\u017ebu: Pla\u0107a 1.000 eura, nije se prijavio nitko - RADIO LJUBU\u0160KI","og_description":"Sigurnost radnog mjesta u dr\u017eavnoj administraciji izgubila je na atraktivnosti u situaciji manjka radnika. Ministarstva ne mogu da na\u0111u radnike ni za mjesta s po\u010detnom pla\u0107om od 8.000 kuna (vi\u0161e od 1.000 eura). Ministarstvo pravosu\u0111a i uprave raspisalo je natje\u010daj 25. svibnja za 22 radna mjesta, me\u0111u kojima je i ono za vi\u0161eg informati\u010dkog savjetnika, [&hellip;]","og_url":"https:\/\/radioljubuski.ba\/index.php\/2022\/07\/02\/hrvati-nece-u-drzavnu-sluzbu-placa-1-000-eura-nije-se-prijavio-nitko\/","og_site_name":"RADIO LJUBU\u0160KI","article_publisher":"https:\/\/www.facebook.com\/Radiio-Ljubuski-1490835324566332","article_published_time":"2022-07-02T14:47:08+00:00","article_modified_time":"2022-07-02T14:47:09+00:00","og_image":[{"width":1000,"height":625,"url":"https:\/\/radioljubuski.ba\/wp-content\/uploads\/2022\/07\/JzXqLSpt_komjuter_racunalo_ured_posao_telefon.jpg","type":"image\/jpeg"}],"author":"Radio Ljubu\u0161ki","twitter_card":"summary_large_image","twitter_creator":"@radioljubuski","twitter_site":"@radioljubuski","twitter_misc":{"Napisao\/la":"Radio Ljubu\u0161ki","Procijenjeno vrijeme \u010ditanja":"2 minute"},"schema":{"@context":"https:\/\/schema.org","@graph":[{"@type":"Article","@id":"https:\/\/radioljubuski.ba\/index.php\/2022\/07\/02\/hrvati-nece-u-drzavnu-sluzbu-placa-1-000-eura-nije-se-prijavio-nitko\/#article","isPartOf":{"@id":"https:\/\/radioljubuski.ba\/index.php\/2022\/07\/02\/hrvati-nece-u-drzavnu-sluzbu-placa-1-000-eura-nije-se-prijavio-nitko\/"},"author":{"name":"Radio Ljubu\u0161ki","@id":"https:\/\/radioljubuski.ba\/#\/schema\/person\/19fc700381a780f69665d7956c469e3b"},"headline":"Hrvati ne\u0107e u dr\u017eavnu slu\u017ebu: Pla\u0107a 1.000 eura, nije se prijavio nitko","datePublished":"2022-07-02T14:47:08+00:00","dateModified":"2022-07-02T14:47:09+00:00","mainEntityOfPage":{"@id":"https:\/\/radioljubuski.ba\/index.php\/2022\/07\/02\/hrvati-nece-u-drzavnu-sluzbu-placa-1-000-eura-nije-se-prijavio-nitko\/"},"wordCount":439,"publisher":{"@id":"https:\/\/radioljubuski.ba\/#organization"},"image":{"@id":"https:\/\/radioljubuski.ba\/index.php\/2022\/07\/02\/hrvati-nece-u-drzavnu-sluzbu-placa-1-000-eura-nije-se-prijavio-nitko\/#primaryimage"},"thumbnailUrl":"https:\/\/radioljubuski.ba\/wp-content\/uploads\/2022\/07\/JzXqLSpt_komjuter_racunalo_ured_posao_telefon.jpg","articleSection":["BIH i regija"],"inLanguage":"hr"},{"@type":"WebPage","@id":"https:\/\/radioljubuski.ba\/index.php\/2022\/07\/02\/hrvati-nece-u-drzavnu-sluzbu-placa-1-000-eura-nije-se-prijavio-nitko\/","url":"https:\/\/radioljubuski.ba\/index.php\/2022\/07\/02\/hrvati-nece-u-drzavnu-sluzbu-placa-1-000-eura-nije-se-prijavio-nitko\/","name":"Hrvati ne\u0107e u dr\u017eavnu slu\u017ebu: Pla\u0107a 1.000 eura, nije se prijavio nitko - RADIO LJUBU\u0160KI","isPartOf":{"@id":"https:\/\/radioljubuski.ba\/#website"},"primaryImageOfPage":{"@id":"https:\/\/radioljubuski.ba\/index.php\/2022\/07\/02\/hrvati-nece-u-drzavnu-sluzbu-placa-1-000-eura-nije-se-prijavio-nitko\/#primaryimage"},"image":{"@id":"https:\/\/radioljubuski.ba\/index.php\/2022\/07\/02\/hrvati-nece-u-drzavnu-sluzbu-placa-1-000-eura-nije-se-prijavio-nitko\/#primaryimage"},"thumbnailUrl":"https:\/\/radioljubuski.ba\/wp-content\/uploads\/2022\/07\/JzXqLSpt_komjuter_racunalo_ured_posao_telefon.jpg","datePublished":"2022-07-02T14:47:08+00:00","dateModified":"2022-07-02T14:47:09+00:00","breadcrumb":{"@id":"https:\/\/radioljubuski.ba\/index.php\/2022\/07\/02\/hrvati-nece-u-drzavnu-sluzbu-placa-1-000-eura-nije-se-prijavio-nitko\/#breadcrumb"},"inLanguage":"hr","potentialAction":[{"@type":"ReadAction","target":["https:\/\/radioljubuski.ba\/index.php\/2022\/07\/02\/hrvati-nece-u-drzavnu-sluzbu-placa-1-000-eura-nije-se-prijavio-nitko\/"]}]},{"@type":"ImageObject","inLanguage":"hr","@id":"https:\/\/radioljubuski.ba\/index.php\/2022\/07\/02\/hrvati-nece-u-drzavnu-sluzbu-placa-1-000-eura-nije-se-prijavio-nitko\/#primaryimage","url":"https:\/\/radioljubuski.ba\/wp-content\/uploads\/2022\/07\/JzXqLSpt_komjuter_racunalo_ured_posao_telefon.jpg","contentUrl":"https:\/\/radioljubuski.ba\/wp-content\/uploads\/2022\/07\/JzXqLSpt_komjuter_racunalo_ured_posao_telefon.jpg","width":1000,"height":625},{"@type":"BreadcrumbList","@id":"https:\/\/radioljubuski.ba\/index.php\/2022\/07\/02\/hrvati-nece-u-drzavnu-sluzbu-placa-1-000-eura-nije-se-prijavio-nitko\/#breadcrumb","itemListElement":[{"@type":"ListItem","position":1,"name":"Po\u010detna stranica","item":"https:\/\/radioljubuski.ba\/"},{"@type":"ListItem","position":2,"name":"Hrvati ne\u0107e u dr\u017eavnu slu\u017ebu: Pla\u0107a 1.000 eura, nije se prijavio nitko"}]},{"@type":"WebSite","@id":"https:\/\/radioljubuski.ba\/#website","url":"https:\/\/radioljubuski.ba\/","name":"Radio Ljubu\u0161ki","description":"Sun\u010dana frekvencija Hercegovine","publisher":{"@id":"https:\/\/radioljubuski.ba\/#organization"},"potentialAction":[{"@type":"SearchAction","target":{"@type":"EntryPoint","urlTemplate":"https:\/\/radioljubuski.ba\/?s={search_term_string}"},"query-input":{"@type":"PropertyValueSpecification","valueRequired":true,"valueName":"search_term_string"}}],"inLanguage":"hr"},{"@type":"Organization","@id":"https:\/\/radioljubuski.ba\/#organization","name":"Radio Ljubu\u0161ki","url":"https:\/\/radioljubuski.ba\/","logo":{"@type":"ImageObject","inLanguage":"hr","@id":"https:\/\/radioljubuski.ba\/#\/schema\/logo\/image\/","url":"https:\/\/radioljubuski.ba\/wp-content\/uploads\/2021\/02\/cropped-Radio_Ljubuski_logo1.jpg","contentUrl":"https:\/\/radioljubuski.ba\/wp-content\/uploads\/2021\/02\/cropped-Radio_Ljubuski_logo1.jpg","width":512,"height":512,"caption":"Radio Ljubu\u0161ki"},"image":{"@id":"https:\/\/radioljubuski.ba\/#\/schema\/logo\/image\/"},"sameAs":["https:\/\/www.facebook.com\/Radiio-Ljubuski-1490835324566332","https:\/\/x.com\/radioljubuski","https:\/\/hr.linkedin.com\/company\/radio-ljubuski","https:\/\/www.youtube.com\/channel\/UCHYaeO_n0Db3tjNGudGpXyw"]},{"@type":"Person","@id":"https:\/\/radioljubuski.ba\/#\/schema\/person\/19fc700381a780f69665d7956c469e3b","name":"Radio Ljubu\u0161ki"}]}},"_links":{"self":[{"href":"https:\/\/radioljubuski.ba\/index.php\/wp-json\/wp\/v2\/posts\/155391","targetHints":{"allow":["GET"]}}],"collection":[{"href":"https:\/\/radioljubuski.ba\/index.php\/wp-json\/wp\/v2\/posts"}],"about":[{"href":"https:\/\/radioljubuski.ba\/index.php\/wp-json\/wp\/v2\/types\/post"}],"author":[{"embeddable":true,"href":"https:\/\/radioljubuski.ba\/index.php\/wp-json\/wp\/v2\/users\/2"}],"replies":[{"embeddable":true,"href":"https:\/\/radioljubuski.ba\/index.php\/wp-json\/wp\/v2\/comments?post=155391"}],"version-history":[{"count":1,"href":"https:\/\/radioljubuski.ba\/index.php\/wp-json\/wp\/v2\/posts\/155391\/revisions"}],"predecessor-version":[{"id":155393,"href":"https:\/\/radioljubuski.ba\/index.php\/wp-json\/wp\/v2\/posts\/155391\/revisions\/155393"}],"wp:featuredmedia":[{"embeddable":true,"href":"https:\/\/radioljubuski.ba\/index.php\/wp-json\/wp\/v2\/media\/155392"}],"wp:attachment":[{"href":"https:\/\/radioljubuski.ba\/index.php\/wp-json\/wp\/v2\/media?parent=155391"}],"wp:term":[{"taxonomy":"category","embeddable":true,"href":"https:\/\/radioljubuski.ba\/index.php\/wp-json\/wp\/v2\/categories?post=155391"},{"taxonomy":"post_tag","embeddable":true,"href":"https:\/\/radioljubuski.ba\/index.php\/wp-json\/wp\/v2\/tags?post=155391"}],"curies":[{"name":"wp","href":"https:\/\/api.w.org\/{rel}","templated":true}]}}