{"id":155396,"date":"2022-07-02T15:50:07","date_gmt":"2022-07-02T14:50:07","guid":{"rendered":"https:\/\/radioljubuski.ba\/?p=155396"},"modified":"2022-07-02T15:50:08","modified_gmt":"2022-07-02T14:50:08","slug":"svaki-treci-vozac-razgovara-sa-svojim-automobilom","status":"publish","type":"post","link":"https:\/\/radioljubuski.ba\/index.php\/2022\/07\/02\/svaki-treci-vozac-razgovara-sa-svojim-automobilom\/","title":{"rendered":"Svaki tre\u0107i voza\u010d razgovara sa svojim automobilom"},"content":{"rendered":"\n<p>Vlasnici automobila su ispri\u010dali analiti\u010darima &#8220;SberAvto&#8221; o svojim neobi\u010dnim navikama.<\/p>\n\n\n\n<p>Tako, na primjer, polovica ispitanika poslije posjete tr\u017enog centra sklanja kolica sa parkinga da ne izgrebu druge automobile, 42% se trudi da parkira na jednom istom mjestu, a vi\u0161e od tre\u0107ine njih (36%) ka\u017ee da razgovaraju sa svojim autom.<\/p>\n\n\n\n<p>Pored toga, 11% voza\u010da voli fotografirati lijepu brojku kilometra\u017ee na komandnoj tabli, isto toliko ih je koji pamte brojeve okolnih automobila za slu\u010daj da im netko zaka\u010di i izgrebe auto, manje je onih koji usput popije kavu u omiljenom kafeu (10%) i koji lupaju po haubi pred po\u010detak vo\u017enje i tako proveravaju da se ispod nje nije sakrila ma\u010dka ili neka druga \u017eivotinja (3%).<\/p>\n\n\n\n<p>&#8220;77% ispitanika se pridr\u017eava kompaktnog parkiranja, 63% propu\u0161ta u vo\u017enji svakoga tko zamoli, a 50% propu\u0161ta nesigurne voza\u010de. Ne\u0161to je manje onih koji pregledaju svoj automobil prije polaska (47%) i zagrijavaju motor u svako godi\u0161nje doba (44%), zimi ga detaljno \u010diste od snijega (41%), obilje\u017eavaju u navigatoru mjesta prometne nesre\u0107e ili radova na putu (10%) i na svojoj automobilskoj kameri \u010duvaju za policiju snimke tu\u0111ih prometnih nesre\u0107a (5%)&#8221;, ka\u017ee se u istra\u017eivanju.<\/p>\n\n\n\n<p>Najpopularnija \u0161tetna navika za volanom je vo\u017enja jednom rukom. To radi skoro polovica voza\u010da (49%).<\/p>\n\n\n\n<p>&#8220;Njih 27% pu\u0161i u automobilu, 25% dobacuje drugim voza\u010dima ili pje\u0161acima, a 23% koristi gadgete za volanom. 22% ispitanika veoma rijetko pere svoj auto, smatraju\u0107i da to nema nekog smisla, 16% slu\u0161a glasnu glazbu, dok 2% izbacuje sme\u0107e napolje kroz prozor automobila&#8221;, zaklju\u010duju analiti\u010dari.<\/p>\n\n\n\n<p>Izvor.pogled.ba<\/p>\n","protected":false},"excerpt":{"rendered":"<p>Vlasnici automobila su ispri\u010dali analiti\u010darima &#8220;SberAvto&#8221; o svojim neobi\u010dnim navikama. Tako, na primjer, polovica ispitanika poslije posjete tr\u017enog centra sklanja kolica sa parkinga da ne izgrebu druge automobile, 42% se trudi da parkira na jednom istom mjestu, a vi\u0161e od tre\u0107ine njih (36%) ka\u017ee da razgovaraju sa svojim autom. Pored toga, 11% voza\u010da voli fotografirati [&hellip;]<\/p>\n","protected":false},"author":2,"featured_media":136612,"comment_status":"closed","ping_status":"closed","sticky":false,"template":"","format":"standard","meta":{"h5ap_radio_sources":[],"footnotes":""},"categories":[1],"tags":[],"class_list":["post-155396","post","type-post","status-publish","format-standard","has-post-thumbnail","hentry","category-bihiregija"],"yoast_head":"<!-- This site is optimized with the Yoast SEO plugin v27.5 - https:\/\/yoast.com\/product\/yoast-seo-wordpress\/ -->\n<title>Svaki tre\u0107i voza\u010d razgovara sa svojim automobilom - RADIO LJUBU\u0160KI<\/title>\n<meta name=\"robots\" content=\"index, follow, max-snippet:-1, max-image-preview:large, max-video-preview:-1\" \/>\n<link rel=\"canonical\" href=\"https:\/\/radioljubuski.ba\/index.php\/2022\/07\/02\/svaki-treci-vozac-razgovara-sa-svojim-automobilom\/\" \/>\n<meta property=\"og:locale\" content=\"hr_HR\" \/>\n<meta property=\"og:type\" content=\"article\" \/>\n<meta property=\"og:title\" content=\"Svaki tre\u0107i voza\u010d razgovara sa svojim automobilom - RADIO LJUBU\u0160KI\" \/>\n<meta property=\"og:description\" content=\"Vlasnici automobila su ispri\u010dali analiti\u010darima &#8220;SberAvto&#8221; o svojim neobi\u010dnim navikama. Tako, na primjer, polovica ispitanika poslije posjete tr\u017enog centra sklanja kolica sa parkinga da ne izgrebu druge automobile, 42% se trudi da parkira na jednom istom mjestu, a vi\u0161e od tre\u0107ine njih (36%) ka\u017ee da razgovaraju sa svojim autom. Pored toga, 11% voza\u010da voli fotografirati [&hellip;]\" \/>\n<meta property=\"og:url\" content=\"https:\/\/radioljubuski.ba\/index.php\/2022\/07\/02\/svaki-treci-vozac-razgovara-sa-svojim-automobilom\/\" \/>\n<meta property=\"og:site_name\" content=\"RADIO LJUBU\u0160KI\" \/>\n<meta property=\"article:publisher\" content=\"https:\/\/www.facebook.com\/Radiio-Ljubuski-1490835324566332\" \/>\n<meta property=\"article:published_time\" content=\"2022-07-02T14:50:07+00:00\" \/>\n<meta property=\"article:modified_time\" content=\"2022-07-02T14:50:08+00:00\" \/>\n<meta property=\"og:image\" content=\"https:\/\/radioljubuski.ba\/wp-content\/uploads\/2022\/04\/8-2022-04-27-08-54-37-AUTOMOBILI-CARS.jpg\" \/>\n\t<meta property=\"og:image:width\" content=\"1000\" \/>\n\t<meta property=\"og:image:height\" content=\"625\" \/>\n\t<meta property=\"og:image:type\" content=\"image\/jpeg\" \/>\n<meta name=\"author\" content=\"Radio Ljubu\u0161ki\" \/>\n<meta name=\"twitter:card\" content=\"summary_large_image\" \/>\n<meta name=\"twitter:creator\" content=\"@radioljubuski\" \/>\n<meta name=\"twitter:site\" content=\"@radioljubuski\" \/>\n<meta name=\"twitter:label1\" content=\"Napisao\/la\" \/>\n\t<meta name=\"twitter:data1\" content=\"Radio Ljubu\u0161ki\" \/>\n\t<meta name=\"twitter:label2\" content=\"Procijenjeno vrijeme \u010ditanja\" \/>\n\t<meta name=\"twitter:data2\" content=\"2 minute\" \/>\n<script type=\"application\/ld+json\" class=\"yoast-schema-graph\">{\"@context\":\"https:\\\/\\\/schema.org\",\"@graph\":[{\"@type\":\"Article\",\"@id\":\"https:\\\/\\\/radioljubuski.ba\\\/index.php\\\/2022\\\/07\\\/02\\\/svaki-treci-vozac-razgovara-sa-svojim-automobilom\\\/#article\",\"isPartOf\":{\"@id\":\"https:\\\/\\\/radioljubuski.ba\\\/index.php\\\/2022\\\/07\\\/02\\\/svaki-treci-vozac-razgovara-sa-svojim-automobilom\\\/\"},\"author\":{\"name\":\"Radio Ljubu\u0161ki\",\"@id\":\"https:\\\/\\\/radioljubuski.ba\\\/#\\\/schema\\\/person\\\/19fc700381a780f69665d7956c469e3b\"},\"headline\":\"Svaki tre\u0107i voza\u010d razgovara sa svojim automobilom\",\"datePublished\":\"2022-07-02T14:50:07+00:00\",\"dateModified\":\"2022-07-02T14:50:08+00:00\",\"mainEntityOfPage\":{\"@id\":\"https:\\\/\\\/radioljubuski.ba\\\/index.php\\\/2022\\\/07\\\/02\\\/svaki-treci-vozac-razgovara-sa-svojim-automobilom\\\/\"},\"wordCount\":272,\"publisher\":{\"@id\":\"https:\\\/\\\/radioljubuski.ba\\\/#organization\"},\"image\":{\"@id\":\"https:\\\/\\\/radioljubuski.ba\\\/index.php\\\/2022\\\/07\\\/02\\\/svaki-treci-vozac-razgovara-sa-svojim-automobilom\\\/#primaryimage\"},\"thumbnailUrl\":\"https:\\\/\\\/radioljubuski.ba\\\/wp-content\\\/uploads\\\/2022\\\/04\\\/8-2022-04-27-08-54-37-AUTOMOBILI-CARS.jpg\",\"articleSection\":[\"BIH i regija\"],\"inLanguage\":\"hr\"},{\"@type\":\"WebPage\",\"@id\":\"https:\\\/\\\/radioljubuski.ba\\\/index.php\\\/2022\\\/07\\\/02\\\/svaki-treci-vozac-razgovara-sa-svojim-automobilom\\\/\",\"url\":\"https:\\\/\\\/radioljubuski.ba\\\/index.php\\\/2022\\\/07\\\/02\\\/svaki-treci-vozac-razgovara-sa-svojim-automobilom\\\/\",\"name\":\"Svaki tre\u0107i voza\u010d razgovara sa svojim automobilom - RADIO LJUBU\u0160KI\",\"isPartOf\":{\"@id\":\"https:\\\/\\\/radioljubuski.ba\\\/#website\"},\"primaryImageOfPage\":{\"@id\":\"https:\\\/\\\/radioljubuski.ba\\\/index.php\\\/2022\\\/07\\\/02\\\/svaki-treci-vozac-razgovara-sa-svojim-automobilom\\\/#primaryimage\"},\"image\":{\"@id\":\"https:\\\/\\\/radioljubuski.ba\\\/index.php\\\/2022\\\/07\\\/02\\\/svaki-treci-vozac-razgovara-sa-svojim-automobilom\\\/#primaryimage\"},\"thumbnailUrl\":\"https:\\\/\\\/radioljubuski.ba\\\/wp-content\\\/uploads\\\/2022\\\/04\\\/8-2022-04-27-08-54-37-AUTOMOBILI-CARS.jpg\",\"datePublished\":\"2022-07-02T14:50:07+00:00\",\"dateModified\":\"2022-07-02T14:50:08+00:00\",\"breadcrumb\":{\"@id\":\"https:\\\/\\\/radioljubuski.ba\\\/index.php\\\/2022\\\/07\\\/02\\\/svaki-treci-vozac-razgovara-sa-svojim-automobilom\\\/#breadcrumb\"},\"inLanguage\":\"hr\",\"potentialAction\":[{\"@type\":\"ReadAction\",\"target\":[\"https:\\\/\\\/radioljubuski.ba\\\/index.php\\\/2022\\\/07\\\/02\\\/svaki-treci-vozac-razgovara-sa-svojim-automobilom\\\/\"]}]},{\"@type\":\"ImageObject\",\"inLanguage\":\"hr\",\"@id\":\"https:\\\/\\\/radioljubuski.ba\\\/index.php\\\/2022\\\/07\\\/02\\\/svaki-treci-vozac-razgovara-sa-svojim-automobilom\\\/#primaryimage\",\"url\":\"https:\\\/\\\/radioljubuski.ba\\\/wp-content\\\/uploads\\\/2022\\\/04\\\/8-2022-04-27-08-54-37-AUTOMOBILI-CARS.jpg\",\"contentUrl\":\"https:\\\/\\\/radioljubuski.ba\\\/wp-content\\\/uploads\\\/2022\\\/04\\\/8-2022-04-27-08-54-37-AUTOMOBILI-CARS.jpg\",\"width\":1000,\"height\":625},{\"@type\":\"BreadcrumbList\",\"@id\":\"https:\\\/\\\/radioljubuski.ba\\\/index.php\\\/2022\\\/07\\\/02\\\/svaki-treci-vozac-razgovara-sa-svojim-automobilom\\\/#breadcrumb\",\"itemListElement\":[{\"@type\":\"ListItem\",\"position\":1,\"name\":\"Po\u010detna stranica\",\"item\":\"https:\\\/\\\/radioljubuski.ba\\\/\"},{\"@type\":\"ListItem\",\"position\":2,\"name\":\"Svaki tre\u0107i voza\u010d razgovara sa svojim automobilom\"}]},{\"@type\":\"WebSite\",\"@id\":\"https:\\\/\\\/radioljubuski.ba\\\/#website\",\"url\":\"https:\\\/\\\/radioljubuski.ba\\\/\",\"name\":\"Radio Ljubu\u0161ki\",\"description\":\"Sun\u010dana frekvencija Hercegovine\",\"publisher\":{\"@id\":\"https:\\\/\\\/radioljubuski.ba\\\/#organization\"},\"potentialAction\":[{\"@type\":\"SearchAction\",\"target\":{\"@type\":\"EntryPoint\",\"urlTemplate\":\"https:\\\/\\\/radioljubuski.ba\\\/?s={search_term_string}\"},\"query-input\":{\"@type\":\"PropertyValueSpecification\",\"valueRequired\":true,\"valueName\":\"search_term_string\"}}],\"inLanguage\":\"hr\"},{\"@type\":\"Organization\",\"@id\":\"https:\\\/\\\/radioljubuski.ba\\\/#organization\",\"name\":\"Radio Ljubu\u0161ki\",\"url\":\"https:\\\/\\\/radioljubuski.ba\\\/\",\"logo\":{\"@type\":\"ImageObject\",\"inLanguage\":\"hr\",\"@id\":\"https:\\\/\\\/radioljubuski.ba\\\/#\\\/schema\\\/logo\\\/image\\\/\",\"url\":\"https:\\\/\\\/radioljubuski.ba\\\/wp-content\\\/uploads\\\/2021\\\/02\\\/cropped-Radio_Ljubuski_logo1.jpg\",\"contentUrl\":\"https:\\\/\\\/radioljubuski.ba\\\/wp-content\\\/uploads\\\/2021\\\/02\\\/cropped-Radio_Ljubuski_logo1.jpg\",\"width\":512,\"height\":512,\"caption\":\"Radio Ljubu\u0161ki\"},\"image\":{\"@id\":\"https:\\\/\\\/radioljubuski.ba\\\/#\\\/schema\\\/logo\\\/image\\\/\"},\"sameAs\":[\"https:\\\/\\\/www.facebook.com\\\/Radiio-Ljubuski-1490835324566332\",\"https:\\\/\\\/x.com\\\/radioljubuski\",\"https:\\\/\\\/hr.linkedin.com\\\/company\\\/radio-ljubuski\",\"https:\\\/\\\/www.youtube.com\\\/channel\\\/UCHYaeO_n0Db3tjNGudGpXyw\"]},{\"@type\":\"Person\",\"@id\":\"https:\\\/\\\/radioljubuski.ba\\\/#\\\/schema\\\/person\\\/19fc700381a780f69665d7956c469e3b\",\"name\":\"Radio Ljubu\u0161ki\"}]}<\/script>\n<!-- \/ Yoast SEO plugin. -->","yoast_head_json":{"title":"Svaki tre\u0107i voza\u010d razgovara sa svojim automobilom - RADIO LJUBU\u0160KI","robots":{"index":"index","follow":"follow","max-snippet":"max-snippet:-1","max-image-preview":"max-image-preview:large","max-video-preview":"max-video-preview:-1"},"canonical":"https:\/\/radioljubuski.ba\/index.php\/2022\/07\/02\/svaki-treci-vozac-razgovara-sa-svojim-automobilom\/","og_locale":"hr_HR","og_type":"article","og_title":"Svaki tre\u0107i voza\u010d razgovara sa svojim automobilom - RADIO LJUBU\u0160KI","og_description":"Vlasnici automobila su ispri\u010dali analiti\u010darima &#8220;SberAvto&#8221; o svojim neobi\u010dnim navikama. Tako, na primjer, polovica ispitanika poslije posjete tr\u017enog centra sklanja kolica sa parkinga da ne izgrebu druge automobile, 42% se trudi da parkira na jednom istom mjestu, a vi\u0161e od tre\u0107ine njih (36%) ka\u017ee da razgovaraju sa svojim autom. Pored toga, 11% voza\u010da voli fotografirati [&hellip;]","og_url":"https:\/\/radioljubuski.ba\/index.php\/2022\/07\/02\/svaki-treci-vozac-razgovara-sa-svojim-automobilom\/","og_site_name":"RADIO LJUBU\u0160KI","article_publisher":"https:\/\/www.facebook.com\/Radiio-Ljubuski-1490835324566332","article_published_time":"2022-07-02T14:50:07+00:00","article_modified_time":"2022-07-02T14:50:08+00:00","og_image":[{"width":1000,"height":625,"url":"https:\/\/radioljubuski.ba\/wp-content\/uploads\/2022\/04\/8-2022-04-27-08-54-37-AUTOMOBILI-CARS.jpg","type":"image\/jpeg"}],"author":"Radio Ljubu\u0161ki","twitter_card":"summary_large_image","twitter_creator":"@radioljubuski","twitter_site":"@radioljubuski","twitter_misc":{"Napisao\/la":"Radio Ljubu\u0161ki","Procijenjeno vrijeme \u010ditanja":"2 minute"},"schema":{"@context":"https:\/\/schema.org","@graph":[{"@type":"Article","@id":"https:\/\/radioljubuski.ba\/index.php\/2022\/07\/02\/svaki-treci-vozac-razgovara-sa-svojim-automobilom\/#article","isPartOf":{"@id":"https:\/\/radioljubuski.ba\/index.php\/2022\/07\/02\/svaki-treci-vozac-razgovara-sa-svojim-automobilom\/"},"author":{"name":"Radio Ljubu\u0161ki","@id":"https:\/\/radioljubuski.ba\/#\/schema\/person\/19fc700381a780f69665d7956c469e3b"},"headline":"Svaki tre\u0107i voza\u010d razgovara sa svojim automobilom","datePublished":"2022-07-02T14:50:07+00:00","dateModified":"2022-07-02T14:50:08+00:00","mainEntityOfPage":{"@id":"https:\/\/radioljubuski.ba\/index.php\/2022\/07\/02\/svaki-treci-vozac-razgovara-sa-svojim-automobilom\/"},"wordCount":272,"publisher":{"@id":"https:\/\/radioljubuski.ba\/#organization"},"image":{"@id":"https:\/\/radioljubuski.ba\/index.php\/2022\/07\/02\/svaki-treci-vozac-razgovara-sa-svojim-automobilom\/#primaryimage"},"thumbnailUrl":"https:\/\/radioljubuski.ba\/wp-content\/uploads\/2022\/04\/8-2022-04-27-08-54-37-AUTOMOBILI-CARS.jpg","articleSection":["BIH i regija"],"inLanguage":"hr"},{"@type":"WebPage","@id":"https:\/\/radioljubuski.ba\/index.php\/2022\/07\/02\/svaki-treci-vozac-razgovara-sa-svojim-automobilom\/","url":"https:\/\/radioljubuski.ba\/index.php\/2022\/07\/02\/svaki-treci-vozac-razgovara-sa-svojim-automobilom\/","name":"Svaki tre\u0107i voza\u010d razgovara sa svojim automobilom - RADIO LJUBU\u0160KI","isPartOf":{"@id":"https:\/\/radioljubuski.ba\/#website"},"primaryImageOfPage":{"@id":"https:\/\/radioljubuski.ba\/index.php\/2022\/07\/02\/svaki-treci-vozac-razgovara-sa-svojim-automobilom\/#primaryimage"},"image":{"@id":"https:\/\/radioljubuski.ba\/index.php\/2022\/07\/02\/svaki-treci-vozac-razgovara-sa-svojim-automobilom\/#primaryimage"},"thumbnailUrl":"https:\/\/radioljubuski.ba\/wp-content\/uploads\/2022\/04\/8-2022-04-27-08-54-37-AUTOMOBILI-CARS.jpg","datePublished":"2022-07-02T14:50:07+00:00","dateModified":"2022-07-02T14:50:08+00:00","breadcrumb":{"@id":"https:\/\/radioljubuski.ba\/index.php\/2022\/07\/02\/svaki-treci-vozac-razgovara-sa-svojim-automobilom\/#breadcrumb"},"inLanguage":"hr","potentialAction":[{"@type":"ReadAction","target":["https:\/\/radioljubuski.ba\/index.php\/2022\/07\/02\/svaki-treci-vozac-razgovara-sa-svojim-automobilom\/"]}]},{"@type":"ImageObject","inLanguage":"hr","@id":"https:\/\/radioljubuski.ba\/index.php\/2022\/07\/02\/svaki-treci-vozac-razgovara-sa-svojim-automobilom\/#primaryimage","url":"https:\/\/radioljubuski.ba\/wp-content\/uploads\/2022\/04\/8-2022-04-27-08-54-37-AUTOMOBILI-CARS.jpg","contentUrl":"https:\/\/radioljubuski.ba\/wp-content\/uploads\/2022\/04\/8-2022-04-27-08-54-37-AUTOMOBILI-CARS.jpg","width":1000,"height":625},{"@type":"BreadcrumbList","@id":"https:\/\/radioljubuski.ba\/index.php\/2022\/07\/02\/svaki-treci-vozac-razgovara-sa-svojim-automobilom\/#breadcrumb","itemListElement":[{"@type":"ListItem","position":1,"name":"Po\u010detna stranica","item":"https:\/\/radioljubuski.ba\/"},{"@type":"ListItem","position":2,"name":"Svaki tre\u0107i voza\u010d razgovara sa svojim automobilom"}]},{"@type":"WebSite","@id":"https:\/\/radioljubuski.ba\/#website","url":"https:\/\/radioljubuski.ba\/","name":"Radio Ljubu\u0161ki","description":"Sun\u010dana frekvencija Hercegovine","publisher":{"@id":"https:\/\/radioljubuski.ba\/#organization"},"potentialAction":[{"@type":"SearchAction","target":{"@type":"EntryPoint","urlTemplate":"https:\/\/radioljubuski.ba\/?s={search_term_string}"},"query-input":{"@type":"PropertyValueSpecification","valueRequired":true,"valueName":"search_term_string"}}],"inLanguage":"hr"},{"@type":"Organization","@id":"https:\/\/radioljubuski.ba\/#organization","name":"Radio Ljubu\u0161ki","url":"https:\/\/radioljubuski.ba\/","logo":{"@type":"ImageObject","inLanguage":"hr","@id":"https:\/\/radioljubuski.ba\/#\/schema\/logo\/image\/","url":"https:\/\/radioljubuski.ba\/wp-content\/uploads\/2021\/02\/cropped-Radio_Ljubuski_logo1.jpg","contentUrl":"https:\/\/radioljubuski.ba\/wp-content\/uploads\/2021\/02\/cropped-Radio_Ljubuski_logo1.jpg","width":512,"height":512,"caption":"Radio Ljubu\u0161ki"},"image":{"@id":"https:\/\/radioljubuski.ba\/#\/schema\/logo\/image\/"},"sameAs":["https:\/\/www.facebook.com\/Radiio-Ljubuski-1490835324566332","https:\/\/x.com\/radioljubuski","https:\/\/hr.linkedin.com\/company\/radio-ljubuski","https:\/\/www.youtube.com\/channel\/UCHYaeO_n0Db3tjNGudGpXyw"]},{"@type":"Person","@id":"https:\/\/radioljubuski.ba\/#\/schema\/person\/19fc700381a780f69665d7956c469e3b","name":"Radio Ljubu\u0161ki"}]}},"_links":{"self":[{"href":"https:\/\/radioljubuski.ba\/index.php\/wp-json\/wp\/v2\/posts\/155396","targetHints":{"allow":["GET"]}}],"collection":[{"href":"https:\/\/radioljubuski.ba\/index.php\/wp-json\/wp\/v2\/posts"}],"about":[{"href":"https:\/\/radioljubuski.ba\/index.php\/wp-json\/wp\/v2\/types\/post"}],"author":[{"embeddable":true,"href":"https:\/\/radioljubuski.ba\/index.php\/wp-json\/wp\/v2\/users\/2"}],"replies":[{"embeddable":true,"href":"https:\/\/radioljubuski.ba\/index.php\/wp-json\/wp\/v2\/comments?post=155396"}],"version-history":[{"count":1,"href":"https:\/\/radioljubuski.ba\/index.php\/wp-json\/wp\/v2\/posts\/155396\/revisions"}],"predecessor-version":[{"id":155397,"href":"https:\/\/radioljubuski.ba\/index.php\/wp-json\/wp\/v2\/posts\/155396\/revisions\/155397"}],"wp:featuredmedia":[{"embeddable":true,"href":"https:\/\/radioljubuski.ba\/index.php\/wp-json\/wp\/v2\/media\/136612"}],"wp:attachment":[{"href":"https:\/\/radioljubuski.ba\/index.php\/wp-json\/wp\/v2\/media?parent=155396"}],"wp:term":[{"taxonomy":"category","embeddable":true,"href":"https:\/\/radioljubuski.ba\/index.php\/wp-json\/wp\/v2\/categories?post=155396"},{"taxonomy":"post_tag","embeddable":true,"href":"https:\/\/radioljubuski.ba\/index.php\/wp-json\/wp\/v2\/tags?post=155396"}],"curies":[{"name":"wp","href":"https:\/\/api.w.org\/{rel}","templated":true}]}}