{"id":155416,"date":"2022-07-02T15:57:57","date_gmt":"2022-07-02T14:57:57","guid":{"rendered":"https:\/\/radioljubuski.ba\/?p=155416"},"modified":"2022-07-02T15:57:58","modified_gmt":"2022-07-02T14:57:58","slug":"nova-pjesma-don-dragana-filipovica-i-video-spot-o-peljeskom-mostu","status":"publish","type":"post","link":"https:\/\/radioljubuski.ba\/index.php\/2022\/07\/02\/nova-pjesma-don-dragana-filipovica-i-video-spot-o-peljeskom-mostu\/","title":{"rendered":"Nova pjesma don Dragana Filipovi\u0107a i video-spot o Pelje\u0161kom mostu"},"content":{"rendered":"\n<p>Po\u010detkom mjeseca u kojemu \u0107e slu\u017ebeno za promet biti otvoren najdu\u017ei hrvatski most, objavljena je nova pjesma i video spot pod naslovom &#8220;Pelje\u0161ki most&#8221;. Stihove pjesnika Ante Nadomira Tadi\u0107a \u0160utre uglazbio je hercegova\u010dki sve\u0107enik don Dragan Filipovi\u0107, u \u010dijem se skladateljskom radu isti\u010de i opera Diva Grabov\u010deva.<\/p>\n\n\n\n<p>Djelo je snimila skupina mladih pjeva\u010da koji su \u010dlanovi ili suradnici Akademskoga zbora Pro musica iz Mostara. Instrumentalnu pratnju pru\u017eio je Tambura\u0161ki orkestar Mostar, pod vodstvom Davora Ko\u017eula. Na snimanju i izradi spota radili su Mario Beljo, Matea Beljo i Toni Nikoli\u0107.<\/p>\n\n\n\n<p>Posebna zahvala pri realizaciji ovog projekta pripada gospodinu Ivici Grani\u0107u, in\u017eenjeru anga\u017eiranom na izgradnji Pelje\u0161kog mosta, koji je osobito pomogao oko pristupa mostu za potrebe snimanje spota.<\/p>\n\n\n\n<p>U nastavku slijedi kratki osvrt autora glazbe, don Dragana Filipovi\u0107a:<\/p>\n\n\n\n<p>U mom \u017eivotu, mostovi su uvijek bili ne\u0161to tajanstveno, iako u isto vrijeme vidljivi sa svojim po\u010detkom i zavr\u0161etkom, kao i opipljivi, bilo u hodu bilo u prometu. Mostovi spajaju obale rijeka, jezera, planina. Mostovi spajaju ljude. Ovaj Pelje\u0161ki most spaja, povezuje, po prvi put u povijesti, jednu dr\u017eavu u jednu cjelinu. Ta dr\u017eava je Croatia \u2013 Republika Hrvatska. Preko tri godine, kad god sam imao priliku, rado sam svratio u Komarnu, gledao izgradnju od samog po\u010detka, zanimao se, \u010ditao&#8230; U tom se vremenu u meni rodila i \u017eelja: napisati glazbu za otvaranje Pelje\u0161kog mosta. Znam, nije to Sueski kanal, ali za nas Hrvate, to je doista veliko.<\/p>\n\n\n\n<p>S vremenom su nastale tri numere, stavka za soliste, zbor i orkestar:<\/p>\n\n\n\n<p>1. Ho\u0107e, ne\u0107e, bit \u0107e most. Stavak za soliste, zbor i orkestar, koji kulturno pjeva o jednoj raspravi izme\u0111u onih koji su za most i onih koji su protiv. Glazba je pisana na etno ritmi\u010dke motive, sa \u017eeljom da bude uz ples nekog KUD-a.<\/p>\n\n\n\n<p>2. Most se ra\u0111a. Stavak za zbor i orkestar. Kao \u0161to se most ra\u0111a, ni\u010de i postaje sve vidljiviji, ve\u0107i i bli\u017ei, tako i glazba u ovom stavku kao da dolazi iz daleka i biva sve ja\u010da i ja\u010da.<\/p>\n\n\n\n<p>3. Pelje\u0161ki most. Tre\u0107i stavak, kojega mo\u017eete \u010duti i vidjeti u spotu nastao je na tekst pjesnika Antuna Tadi\u0107a \u2013 \u0160utre. Prije dvije godine, sreli smo se na godi\u0161njicu Oluje u Kninu, zajedno smo slavili i blagovali.<\/p>\n\n\n\n<p>Zamolio sam ga da mi napi\u0161e stihove o Pelje\u0161kom mostu. On je oti\u0161ao na lice mjesta, opisao most, more, sunce, nebo, an\u0111ele, mjesta s jedne i druge strane mosta&#8230; i evo. Nisam mogao odoljeti tom tekstu koji je zapravo jedna melodija. &nbsp;<\/p>\n\n\n\n<p>Htio sam da i mi s ove strane damo prilog tom grandioznom projektu, tako \u0161to bi poklonili, praizveli ove tri numere, stavka na otvaranju Pelje\u0161kog mosta. Budu\u0107i da na\u0161a ideja i \u017eelja nije pala na plodno tlo, odlu\u010dili smo snimiti ovaj spot i tako podijeliti na\u0161u radost sa svima onima koji su radosni \u0161to most spaja ljude, obale, Lijepu na\u0161u!\u00a0<\/p>\n\n\n\n<iframe loading=\"lazy\" title=\"Pro musica \u2014 Pelje\u0161ki most\" width=\"640\" height=\"360\" src=\"https:\/\/www.youtube.com\/embed\/LPSluwiVDpw?feature=oembed\" frameborder=\"0\" allow=\"accelerometer; autoplay; clipboard-write; encrypted-media; gyroscope; picture-in-picture; web-share\" referrerpolicy=\"strict-origin-when-cross-origin\" allowfullscreen><\/iframe>\n\n\n\n<p>Izvor:pogled.ba<\/p>\n","protected":false},"excerpt":{"rendered":"<p>Po\u010detkom mjeseca u kojemu \u0107e slu\u017ebeno za promet biti otvoren najdu\u017ei hrvatski most, objavljena je nova pjesma i video spot pod naslovom &#8220;Pelje\u0161ki most&#8221;. Stihove pjesnika Ante Nadomira Tadi\u0107a \u0160utre uglazbio je hercegova\u010dki sve\u0107enik don Dragan Filipovi\u0107, u \u010dijem se skladateljskom radu isti\u010de i opera Diva Grabov\u010deva. Djelo je snimila skupina mladih pjeva\u010da koji su [&hellip;]<\/p>\n","protected":false},"author":2,"featured_media":155417,"comment_status":"closed","ping_status":"closed","sticky":false,"template":"","format":"standard","meta":{"h5ap_radio_sources":[],"footnotes":""},"categories":[1],"tags":[],"class_list":["post-155416","post","type-post","status-publish","format-standard","has-post-thumbnail","hentry","category-bihiregija"],"yoast_head":"<!-- This site is optimized with the Yoast SEO plugin v27.5 - https:\/\/yoast.com\/product\/yoast-seo-wordpress\/ -->\n<title>Nova pjesma don Dragana Filipovi\u0107a i video-spot o Pelje\u0161kom mostu - RADIO LJUBU\u0160KI<\/title>\n<meta name=\"robots\" content=\"index, follow, max-snippet:-1, max-image-preview:large, max-video-preview:-1\" \/>\n<link rel=\"canonical\" href=\"https:\/\/radioljubuski.ba\/index.php\/2022\/07\/02\/nova-pjesma-don-dragana-filipovica-i-video-spot-o-peljeskom-mostu\/\" \/>\n<meta property=\"og:locale\" content=\"hr_HR\" \/>\n<meta property=\"og:type\" content=\"article\" \/>\n<meta property=\"og:title\" content=\"Nova pjesma don Dragana Filipovi\u0107a i video-spot o Pelje\u0161kom mostu - RADIO LJUBU\u0160KI\" \/>\n<meta property=\"og:description\" content=\"Po\u010detkom mjeseca u kojemu \u0107e slu\u017ebeno za promet biti otvoren najdu\u017ei hrvatski most, objavljena je nova pjesma i video spot pod naslovom &#8220;Pelje\u0161ki most&#8221;. Stihove pjesnika Ante Nadomira Tadi\u0107a \u0160utre uglazbio je hercegova\u010dki sve\u0107enik don Dragan Filipovi\u0107, u \u010dijem se skladateljskom radu isti\u010de i opera Diva Grabov\u010deva. Djelo je snimila skupina mladih pjeva\u010da koji su [&hellip;]\" \/>\n<meta property=\"og:url\" content=\"https:\/\/radioljubuski.ba\/index.php\/2022\/07\/02\/nova-pjesma-don-dragana-filipovica-i-video-spot-o-peljeskom-mostu\/\" \/>\n<meta property=\"og:site_name\" content=\"RADIO LJUBU\u0160KI\" \/>\n<meta property=\"article:publisher\" content=\"https:\/\/www.facebook.com\/Radiio-Ljubuski-1490835324566332\" \/>\n<meta property=\"article:published_time\" content=\"2022-07-02T14:57:57+00:00\" \/>\n<meta property=\"article:modified_time\" content=\"2022-07-02T14:57:58+00:00\" \/>\n<meta property=\"og:image\" content=\"https:\/\/radioljubuski.ba\/wp-content\/uploads\/2022\/07\/peljeski.jpg\" \/>\n\t<meta property=\"og:image:width\" content=\"1000\" \/>\n\t<meta property=\"og:image:height\" content=\"625\" \/>\n\t<meta property=\"og:image:type\" content=\"image\/jpeg\" \/>\n<meta name=\"author\" content=\"Radio Ljubu\u0161ki\" \/>\n<meta name=\"twitter:card\" content=\"summary_large_image\" \/>\n<meta name=\"twitter:creator\" content=\"@radioljubuski\" \/>\n<meta name=\"twitter:site\" content=\"@radioljubuski\" \/>\n<meta name=\"twitter:label1\" content=\"Napisao\/la\" \/>\n\t<meta name=\"twitter:data1\" content=\"Radio Ljubu\u0161ki\" \/>\n\t<meta name=\"twitter:label2\" content=\"Procijenjeno vrijeme \u010ditanja\" \/>\n\t<meta name=\"twitter:data2\" content=\"3 minute\" \/>\n<script type=\"application\/ld+json\" class=\"yoast-schema-graph\">{\"@context\":\"https:\\\/\\\/schema.org\",\"@graph\":[{\"@type\":\"Article\",\"@id\":\"https:\\\/\\\/radioljubuski.ba\\\/index.php\\\/2022\\\/07\\\/02\\\/nova-pjesma-don-dragana-filipovica-i-video-spot-o-peljeskom-mostu\\\/#article\",\"isPartOf\":{\"@id\":\"https:\\\/\\\/radioljubuski.ba\\\/index.php\\\/2022\\\/07\\\/02\\\/nova-pjesma-don-dragana-filipovica-i-video-spot-o-peljeskom-mostu\\\/\"},\"author\":{\"name\":\"Radio Ljubu\u0161ki\",\"@id\":\"https:\\\/\\\/radioljubuski.ba\\\/#\\\/schema\\\/person\\\/19fc700381a780f69665d7956c469e3b\"},\"headline\":\"Nova pjesma don Dragana Filipovi\u0107a i video-spot o Pelje\u0161kom mostu\",\"datePublished\":\"2022-07-02T14:57:57+00:00\",\"dateModified\":\"2022-07-02T14:57:58+00:00\",\"mainEntityOfPage\":{\"@id\":\"https:\\\/\\\/radioljubuski.ba\\\/index.php\\\/2022\\\/07\\\/02\\\/nova-pjesma-don-dragana-filipovica-i-video-spot-o-peljeskom-mostu\\\/\"},\"wordCount\":537,\"publisher\":{\"@id\":\"https:\\\/\\\/radioljubuski.ba\\\/#organization\"},\"image\":{\"@id\":\"https:\\\/\\\/radioljubuski.ba\\\/index.php\\\/2022\\\/07\\\/02\\\/nova-pjesma-don-dragana-filipovica-i-video-spot-o-peljeskom-mostu\\\/#primaryimage\"},\"thumbnailUrl\":\"https:\\\/\\\/radioljubuski.ba\\\/wp-content\\\/uploads\\\/2022\\\/07\\\/peljeski.jpg\",\"articleSection\":[\"BIH i regija\"],\"inLanguage\":\"hr\"},{\"@type\":\"WebPage\",\"@id\":\"https:\\\/\\\/radioljubuski.ba\\\/index.php\\\/2022\\\/07\\\/02\\\/nova-pjesma-don-dragana-filipovica-i-video-spot-o-peljeskom-mostu\\\/\",\"url\":\"https:\\\/\\\/radioljubuski.ba\\\/index.php\\\/2022\\\/07\\\/02\\\/nova-pjesma-don-dragana-filipovica-i-video-spot-o-peljeskom-mostu\\\/\",\"name\":\"Nova pjesma don Dragana Filipovi\u0107a i video-spot o Pelje\u0161kom mostu - RADIO LJUBU\u0160KI\",\"isPartOf\":{\"@id\":\"https:\\\/\\\/radioljubuski.ba\\\/#website\"},\"primaryImageOfPage\":{\"@id\":\"https:\\\/\\\/radioljubuski.ba\\\/index.php\\\/2022\\\/07\\\/02\\\/nova-pjesma-don-dragana-filipovica-i-video-spot-o-peljeskom-mostu\\\/#primaryimage\"},\"image\":{\"@id\":\"https:\\\/\\\/radioljubuski.ba\\\/index.php\\\/2022\\\/07\\\/02\\\/nova-pjesma-don-dragana-filipovica-i-video-spot-o-peljeskom-mostu\\\/#primaryimage\"},\"thumbnailUrl\":\"https:\\\/\\\/radioljubuski.ba\\\/wp-content\\\/uploads\\\/2022\\\/07\\\/peljeski.jpg\",\"datePublished\":\"2022-07-02T14:57:57+00:00\",\"dateModified\":\"2022-07-02T14:57:58+00:00\",\"breadcrumb\":{\"@id\":\"https:\\\/\\\/radioljubuski.ba\\\/index.php\\\/2022\\\/07\\\/02\\\/nova-pjesma-don-dragana-filipovica-i-video-spot-o-peljeskom-mostu\\\/#breadcrumb\"},\"inLanguage\":\"hr\",\"potentialAction\":[{\"@type\":\"ReadAction\",\"target\":[\"https:\\\/\\\/radioljubuski.ba\\\/index.php\\\/2022\\\/07\\\/02\\\/nova-pjesma-don-dragana-filipovica-i-video-spot-o-peljeskom-mostu\\\/\"]}]},{\"@type\":\"ImageObject\",\"inLanguage\":\"hr\",\"@id\":\"https:\\\/\\\/radioljubuski.ba\\\/index.php\\\/2022\\\/07\\\/02\\\/nova-pjesma-don-dragana-filipovica-i-video-spot-o-peljeskom-mostu\\\/#primaryimage\",\"url\":\"https:\\\/\\\/radioljubuski.ba\\\/wp-content\\\/uploads\\\/2022\\\/07\\\/peljeski.jpg\",\"contentUrl\":\"https:\\\/\\\/radioljubuski.ba\\\/wp-content\\\/uploads\\\/2022\\\/07\\\/peljeski.jpg\",\"width\":1000,\"height\":625},{\"@type\":\"BreadcrumbList\",\"@id\":\"https:\\\/\\\/radioljubuski.ba\\\/index.php\\\/2022\\\/07\\\/02\\\/nova-pjesma-don-dragana-filipovica-i-video-spot-o-peljeskom-mostu\\\/#breadcrumb\",\"itemListElement\":[{\"@type\":\"ListItem\",\"position\":1,\"name\":\"Po\u010detna stranica\",\"item\":\"https:\\\/\\\/radioljubuski.ba\\\/\"},{\"@type\":\"ListItem\",\"position\":2,\"name\":\"Nova pjesma don Dragana Filipovi\u0107a i video-spot o Pelje\u0161kom mostu\"}]},{\"@type\":\"WebSite\",\"@id\":\"https:\\\/\\\/radioljubuski.ba\\\/#website\",\"url\":\"https:\\\/\\\/radioljubuski.ba\\\/\",\"name\":\"Radio Ljubu\u0161ki\",\"description\":\"Sun\u010dana frekvencija Hercegovine\",\"publisher\":{\"@id\":\"https:\\\/\\\/radioljubuski.ba\\\/#organization\"},\"potentialAction\":[{\"@type\":\"SearchAction\",\"target\":{\"@type\":\"EntryPoint\",\"urlTemplate\":\"https:\\\/\\\/radioljubuski.ba\\\/?s={search_term_string}\"},\"query-input\":{\"@type\":\"PropertyValueSpecification\",\"valueRequired\":true,\"valueName\":\"search_term_string\"}}],\"inLanguage\":\"hr\"},{\"@type\":\"Organization\",\"@id\":\"https:\\\/\\\/radioljubuski.ba\\\/#organization\",\"name\":\"Radio Ljubu\u0161ki\",\"url\":\"https:\\\/\\\/radioljubuski.ba\\\/\",\"logo\":{\"@type\":\"ImageObject\",\"inLanguage\":\"hr\",\"@id\":\"https:\\\/\\\/radioljubuski.ba\\\/#\\\/schema\\\/logo\\\/image\\\/\",\"url\":\"https:\\\/\\\/radioljubuski.ba\\\/wp-content\\\/uploads\\\/2021\\\/02\\\/cropped-Radio_Ljubuski_logo1.jpg\",\"contentUrl\":\"https:\\\/\\\/radioljubuski.ba\\\/wp-content\\\/uploads\\\/2021\\\/02\\\/cropped-Radio_Ljubuski_logo1.jpg\",\"width\":512,\"height\":512,\"caption\":\"Radio Ljubu\u0161ki\"},\"image\":{\"@id\":\"https:\\\/\\\/radioljubuski.ba\\\/#\\\/schema\\\/logo\\\/image\\\/\"},\"sameAs\":[\"https:\\\/\\\/www.facebook.com\\\/Radiio-Ljubuski-1490835324566332\",\"https:\\\/\\\/x.com\\\/radioljubuski\",\"https:\\\/\\\/hr.linkedin.com\\\/company\\\/radio-ljubuski\",\"https:\\\/\\\/www.youtube.com\\\/channel\\\/UCHYaeO_n0Db3tjNGudGpXyw\"]},{\"@type\":\"Person\",\"@id\":\"https:\\\/\\\/radioljubuski.ba\\\/#\\\/schema\\\/person\\\/19fc700381a780f69665d7956c469e3b\",\"name\":\"Radio Ljubu\u0161ki\"}]}<\/script>\n<!-- \/ Yoast SEO plugin. -->","yoast_head_json":{"title":"Nova pjesma don Dragana Filipovi\u0107a i video-spot o Pelje\u0161kom mostu - RADIO LJUBU\u0160KI","robots":{"index":"index","follow":"follow","max-snippet":"max-snippet:-1","max-image-preview":"max-image-preview:large","max-video-preview":"max-video-preview:-1"},"canonical":"https:\/\/radioljubuski.ba\/index.php\/2022\/07\/02\/nova-pjesma-don-dragana-filipovica-i-video-spot-o-peljeskom-mostu\/","og_locale":"hr_HR","og_type":"article","og_title":"Nova pjesma don Dragana Filipovi\u0107a i video-spot o Pelje\u0161kom mostu - RADIO LJUBU\u0160KI","og_description":"Po\u010detkom mjeseca u kojemu \u0107e slu\u017ebeno za promet biti otvoren najdu\u017ei hrvatski most, objavljena je nova pjesma i video spot pod naslovom &#8220;Pelje\u0161ki most&#8221;. Stihove pjesnika Ante Nadomira Tadi\u0107a \u0160utre uglazbio je hercegova\u010dki sve\u0107enik don Dragan Filipovi\u0107, u \u010dijem se skladateljskom radu isti\u010de i opera Diva Grabov\u010deva. Djelo je snimila skupina mladih pjeva\u010da koji su [&hellip;]","og_url":"https:\/\/radioljubuski.ba\/index.php\/2022\/07\/02\/nova-pjesma-don-dragana-filipovica-i-video-spot-o-peljeskom-mostu\/","og_site_name":"RADIO LJUBU\u0160KI","article_publisher":"https:\/\/www.facebook.com\/Radiio-Ljubuski-1490835324566332","article_published_time":"2022-07-02T14:57:57+00:00","article_modified_time":"2022-07-02T14:57:58+00:00","og_image":[{"width":1000,"height":625,"url":"https:\/\/radioljubuski.ba\/wp-content\/uploads\/2022\/07\/peljeski.jpg","type":"image\/jpeg"}],"author":"Radio Ljubu\u0161ki","twitter_card":"summary_large_image","twitter_creator":"@radioljubuski","twitter_site":"@radioljubuski","twitter_misc":{"Napisao\/la":"Radio Ljubu\u0161ki","Procijenjeno vrijeme \u010ditanja":"3 minute"},"schema":{"@context":"https:\/\/schema.org","@graph":[{"@type":"Article","@id":"https:\/\/radioljubuski.ba\/index.php\/2022\/07\/02\/nova-pjesma-don-dragana-filipovica-i-video-spot-o-peljeskom-mostu\/#article","isPartOf":{"@id":"https:\/\/radioljubuski.ba\/index.php\/2022\/07\/02\/nova-pjesma-don-dragana-filipovica-i-video-spot-o-peljeskom-mostu\/"},"author":{"name":"Radio Ljubu\u0161ki","@id":"https:\/\/radioljubuski.ba\/#\/schema\/person\/19fc700381a780f69665d7956c469e3b"},"headline":"Nova pjesma don Dragana Filipovi\u0107a i video-spot o Pelje\u0161kom mostu","datePublished":"2022-07-02T14:57:57+00:00","dateModified":"2022-07-02T14:57:58+00:00","mainEntityOfPage":{"@id":"https:\/\/radioljubuski.ba\/index.php\/2022\/07\/02\/nova-pjesma-don-dragana-filipovica-i-video-spot-o-peljeskom-mostu\/"},"wordCount":537,"publisher":{"@id":"https:\/\/radioljubuski.ba\/#organization"},"image":{"@id":"https:\/\/radioljubuski.ba\/index.php\/2022\/07\/02\/nova-pjesma-don-dragana-filipovica-i-video-spot-o-peljeskom-mostu\/#primaryimage"},"thumbnailUrl":"https:\/\/radioljubuski.ba\/wp-content\/uploads\/2022\/07\/peljeski.jpg","articleSection":["BIH i regija"],"inLanguage":"hr"},{"@type":"WebPage","@id":"https:\/\/radioljubuski.ba\/index.php\/2022\/07\/02\/nova-pjesma-don-dragana-filipovica-i-video-spot-o-peljeskom-mostu\/","url":"https:\/\/radioljubuski.ba\/index.php\/2022\/07\/02\/nova-pjesma-don-dragana-filipovica-i-video-spot-o-peljeskom-mostu\/","name":"Nova pjesma don Dragana Filipovi\u0107a i video-spot o Pelje\u0161kom mostu - RADIO LJUBU\u0160KI","isPartOf":{"@id":"https:\/\/radioljubuski.ba\/#website"},"primaryImageOfPage":{"@id":"https:\/\/radioljubuski.ba\/index.php\/2022\/07\/02\/nova-pjesma-don-dragana-filipovica-i-video-spot-o-peljeskom-mostu\/#primaryimage"},"image":{"@id":"https:\/\/radioljubuski.ba\/index.php\/2022\/07\/02\/nova-pjesma-don-dragana-filipovica-i-video-spot-o-peljeskom-mostu\/#primaryimage"},"thumbnailUrl":"https:\/\/radioljubuski.ba\/wp-content\/uploads\/2022\/07\/peljeski.jpg","datePublished":"2022-07-02T14:57:57+00:00","dateModified":"2022-07-02T14:57:58+00:00","breadcrumb":{"@id":"https:\/\/radioljubuski.ba\/index.php\/2022\/07\/02\/nova-pjesma-don-dragana-filipovica-i-video-spot-o-peljeskom-mostu\/#breadcrumb"},"inLanguage":"hr","potentialAction":[{"@type":"ReadAction","target":["https:\/\/radioljubuski.ba\/index.php\/2022\/07\/02\/nova-pjesma-don-dragana-filipovica-i-video-spot-o-peljeskom-mostu\/"]}]},{"@type":"ImageObject","inLanguage":"hr","@id":"https:\/\/radioljubuski.ba\/index.php\/2022\/07\/02\/nova-pjesma-don-dragana-filipovica-i-video-spot-o-peljeskom-mostu\/#primaryimage","url":"https:\/\/radioljubuski.ba\/wp-content\/uploads\/2022\/07\/peljeski.jpg","contentUrl":"https:\/\/radioljubuski.ba\/wp-content\/uploads\/2022\/07\/peljeski.jpg","width":1000,"height":625},{"@type":"BreadcrumbList","@id":"https:\/\/radioljubuski.ba\/index.php\/2022\/07\/02\/nova-pjesma-don-dragana-filipovica-i-video-spot-o-peljeskom-mostu\/#breadcrumb","itemListElement":[{"@type":"ListItem","position":1,"name":"Po\u010detna stranica","item":"https:\/\/radioljubuski.ba\/"},{"@type":"ListItem","position":2,"name":"Nova pjesma don Dragana Filipovi\u0107a i video-spot o Pelje\u0161kom mostu"}]},{"@type":"WebSite","@id":"https:\/\/radioljubuski.ba\/#website","url":"https:\/\/radioljubuski.ba\/","name":"Radio Ljubu\u0161ki","description":"Sun\u010dana frekvencija Hercegovine","publisher":{"@id":"https:\/\/radioljubuski.ba\/#organization"},"potentialAction":[{"@type":"SearchAction","target":{"@type":"EntryPoint","urlTemplate":"https:\/\/radioljubuski.ba\/?s={search_term_string}"},"query-input":{"@type":"PropertyValueSpecification","valueRequired":true,"valueName":"search_term_string"}}],"inLanguage":"hr"},{"@type":"Organization","@id":"https:\/\/radioljubuski.ba\/#organization","name":"Radio Ljubu\u0161ki","url":"https:\/\/radioljubuski.ba\/","logo":{"@type":"ImageObject","inLanguage":"hr","@id":"https:\/\/radioljubuski.ba\/#\/schema\/logo\/image\/","url":"https:\/\/radioljubuski.ba\/wp-content\/uploads\/2021\/02\/cropped-Radio_Ljubuski_logo1.jpg","contentUrl":"https:\/\/radioljubuski.ba\/wp-content\/uploads\/2021\/02\/cropped-Radio_Ljubuski_logo1.jpg","width":512,"height":512,"caption":"Radio Ljubu\u0161ki"},"image":{"@id":"https:\/\/radioljubuski.ba\/#\/schema\/logo\/image\/"},"sameAs":["https:\/\/www.facebook.com\/Radiio-Ljubuski-1490835324566332","https:\/\/x.com\/radioljubuski","https:\/\/hr.linkedin.com\/company\/radio-ljubuski","https:\/\/www.youtube.com\/channel\/UCHYaeO_n0Db3tjNGudGpXyw"]},{"@type":"Person","@id":"https:\/\/radioljubuski.ba\/#\/schema\/person\/19fc700381a780f69665d7956c469e3b","name":"Radio Ljubu\u0161ki"}]}},"_links":{"self":[{"href":"https:\/\/radioljubuski.ba\/index.php\/wp-json\/wp\/v2\/posts\/155416","targetHints":{"allow":["GET"]}}],"collection":[{"href":"https:\/\/radioljubuski.ba\/index.php\/wp-json\/wp\/v2\/posts"}],"about":[{"href":"https:\/\/radioljubuski.ba\/index.php\/wp-json\/wp\/v2\/types\/post"}],"author":[{"embeddable":true,"href":"https:\/\/radioljubuski.ba\/index.php\/wp-json\/wp\/v2\/users\/2"}],"replies":[{"embeddable":true,"href":"https:\/\/radioljubuski.ba\/index.php\/wp-json\/wp\/v2\/comments?post=155416"}],"version-history":[{"count":1,"href":"https:\/\/radioljubuski.ba\/index.php\/wp-json\/wp\/v2\/posts\/155416\/revisions"}],"predecessor-version":[{"id":155418,"href":"https:\/\/radioljubuski.ba\/index.php\/wp-json\/wp\/v2\/posts\/155416\/revisions\/155418"}],"wp:featuredmedia":[{"embeddable":true,"href":"https:\/\/radioljubuski.ba\/index.php\/wp-json\/wp\/v2\/media\/155417"}],"wp:attachment":[{"href":"https:\/\/radioljubuski.ba\/index.php\/wp-json\/wp\/v2\/media?parent=155416"}],"wp:term":[{"taxonomy":"category","embeddable":true,"href":"https:\/\/radioljubuski.ba\/index.php\/wp-json\/wp\/v2\/categories?post=155416"},{"taxonomy":"post_tag","embeddable":true,"href":"https:\/\/radioljubuski.ba\/index.php\/wp-json\/wp\/v2\/tags?post=155416"}],"curies":[{"name":"wp","href":"https:\/\/api.w.org\/{rel}","templated":true}]}}