{"id":155419,"date":"2022-07-02T15:59:02","date_gmt":"2022-07-02T14:59:02","guid":{"rendered":"https:\/\/radioljubuski.ba\/?p=155419"},"modified":"2022-07-02T15:59:03","modified_gmt":"2022-07-02T14:59:03","slug":"radoncic-pozvao-stranke-da-skinu-sa-lista-one-koji-su-glasovali-za-povecanje-placa-politicarima","status":"publish","type":"post","link":"https:\/\/radioljubuski.ba\/index.php\/2022\/07\/02\/radoncic-pozvao-stranke-da-skinu-sa-lista-one-koji-su-glasovali-za-povecanje-placa-politicarima\/","title":{"rendered":"Radon\u010di\u0107 pozvao stranke da skinu sa lista one koji su glasovali za pove\u0107anje pla\u0107a politi\u010darima"},"content":{"rendered":"\n<p>Neka se stide patriote sa nezara\u0111enom pla\u0107om od 8.000 KM i neka isklju\u010de iz stranaka i sa lista one koji su glasali za takvu odluku, poru\u010dio je lider SBB-a Fahrudin Radon\u010di\u0107 u objavi na Facebook stranici.<\/p>\n\n\n\n<p>-Dok radnici u ve\u0107ini tvrtki primaju minimalne pla\u0107e, umirovljenici tra\u017ee hranu po kontejnerima, a nesposobna vlast ubija uspje\u0161ne poduzetnike nametima i sijanjem medijske mr\u017enje prema njima da bi politi\u010dari sakrili svoju sistemsku korupciju, svoje su pla\u0107e podigli na 8000 KM i sa svim doprinosima, toplim obrocima, naknadama za odvojeni \u017eivot\u2026<\/p>\n\n\n\n<p>Politi\u010dari koji samo posljednje \u010detiri godine jednom mjese\u010dno do\u0111u ili ne do\u0111u na sjednicu, ljudi koji niti jedan reformski zakon nisu usvojili, ljudi koji di\u017eu napetosti i dijele BiH, vrlo su slo\u017eni u kolektivnoj otima\u010dini od gospodarstva i naroda.<\/p>\n\n\n\n<p>Oni nemaju stida pred najsposobnijim menad\u017eerima, lije\u010dnicima, stru\u010dnjacima, sucima, tu\u017eiteljima, policajcima, brojnim direktorima i vlasnicima koji no\u0107ima ne spavaju razmi\u0161ljaju\u0107i i bore\u0107i se kako da spase radna mjesta i opstanak svoje tvrtke.<\/p>\n\n\n\n<p>Ja sam kao ministar sigurnosti BiH davao kompletnu pla\u0107u u donatorske svrhe i, naravno, to ne tra\u017eim od drugih. Ali, tra\u017eim da krvopije gospodarstva i naroda poka\u017eu makar malo srama i solidarnosti pred narodom koji tobo\u017ee patriotski ho\u0107e da \u0161tite, vode i predstavljaju.&nbsp;<\/p>\n\n\n\n<p>Umjesto hitnih ekonomskih i socijalnih mjera, koje donose sve dr\u017eave Europe i svijeta, njima je jedina mjera podizanje vlastitih ionako enormnih pla\u0107a. Sada pojedine stranke i pojedini lideri javno ka\u017eu da su protiv spomenutog pove\u0107anja. Ako su zaista iskreni &#8211; a nisu &#8211; \u0161to javno ne isklju\u010de svoje zastupnike i izaslanike koji su izglasali konsterniraju\u0107u odluku i neka ih skinu sa kandidacijskih lista.<\/p>\n\n\n\n<p>Zato nema dileme: oni 2. listopada 2022. godine, moraju politi\u010dki oti\u0107i. Ako ih narod ponovo izabere, onda je sam kriv &#8211; napisao je Radon\u010di\u0107.<\/p>\n\n\n\n<p>Izvor:pogled.ba<\/p>\n","protected":false},"excerpt":{"rendered":"<p>Neka se stide patriote sa nezara\u0111enom pla\u0107om od 8.000 KM i neka isklju\u010de iz stranaka i sa lista one koji su glasali za takvu odluku, poru\u010dio je lider SBB-a Fahrudin Radon\u010di\u0107 u objavi na Facebook stranici. -Dok radnici u ve\u0107ini tvrtki primaju minimalne pla\u0107e, umirovljenici tra\u017ee hranu po kontejnerima, a nesposobna vlast ubija uspje\u0161ne poduzetnike [&hellip;]<\/p>\n","protected":false},"author":2,"featured_media":123251,"comment_status":"closed","ping_status":"closed","sticky":false,"template":"","format":"standard","meta":{"h5ap_radio_sources":[],"footnotes":""},"categories":[1],"tags":[],"class_list":["post-155419","post","type-post","status-publish","format-standard","has-post-thumbnail","hentry","category-bihiregija"],"yoast_head":"<!-- This site is optimized with the Yoast SEO plugin v27.5 - https:\/\/yoast.com\/product\/yoast-seo-wordpress\/ -->\n<title>Radon\u010di\u0107 pozvao stranke da skinu sa lista one koji su glasovali za pove\u0107anje pla\u0107a politi\u010darima - RADIO LJUBU\u0160KI<\/title>\n<meta name=\"robots\" content=\"index, follow, max-snippet:-1, max-image-preview:large, max-video-preview:-1\" \/>\n<link rel=\"canonical\" href=\"https:\/\/radioljubuski.ba\/index.php\/2022\/07\/02\/radoncic-pozvao-stranke-da-skinu-sa-lista-one-koji-su-glasovali-za-povecanje-placa-politicarima\/\" \/>\n<meta property=\"og:locale\" content=\"hr_HR\" \/>\n<meta property=\"og:type\" content=\"article\" \/>\n<meta property=\"og:title\" content=\"Radon\u010di\u0107 pozvao stranke da skinu sa lista one koji su glasovali za pove\u0107anje pla\u0107a politi\u010darima - RADIO LJUBU\u0160KI\" \/>\n<meta property=\"og:description\" content=\"Neka se stide patriote sa nezara\u0111enom pla\u0107om od 8.000 KM i neka isklju\u010de iz stranaka i sa lista one koji su glasali za takvu odluku, poru\u010dio je lider SBB-a Fahrudin Radon\u010di\u0107 u objavi na Facebook stranici. -Dok radnici u ve\u0107ini tvrtki primaju minimalne pla\u0107e, umirovljenici tra\u017ee hranu po kontejnerima, a nesposobna vlast ubija uspje\u0161ne poduzetnike [&hellip;]\" \/>\n<meta property=\"og:url\" content=\"https:\/\/radioljubuski.ba\/index.php\/2022\/07\/02\/radoncic-pozvao-stranke-da-skinu-sa-lista-one-koji-su-glasovali-za-povecanje-placa-politicarima\/\" \/>\n<meta property=\"og:site_name\" content=\"RADIO LJUBU\u0160KI\" \/>\n<meta property=\"article:publisher\" content=\"https:\/\/www.facebook.com\/Radiio-Ljubuski-1490835324566332\" \/>\n<meta property=\"article:published_time\" content=\"2022-07-02T14:59:02+00:00\" \/>\n<meta property=\"article:modified_time\" content=\"2022-07-02T14:59:03+00:00\" \/>\n<meta property=\"og:image\" content=\"https:\/\/radioljubuski.ba\/wp-content\/uploads\/2022\/03\/radoncic-1068x769-1.jpg\" \/>\n\t<meta property=\"og:image:width\" content=\"1068\" \/>\n\t<meta property=\"og:image:height\" content=\"769\" \/>\n\t<meta property=\"og:image:type\" content=\"image\/jpeg\" \/>\n<meta name=\"author\" content=\"Radio Ljubu\u0161ki\" \/>\n<meta name=\"twitter:card\" content=\"summary_large_image\" \/>\n<meta name=\"twitter:creator\" content=\"@radioljubuski\" \/>\n<meta name=\"twitter:site\" content=\"@radioljubuski\" \/>\n<meta name=\"twitter:label1\" content=\"Napisao\/la\" \/>\n\t<meta name=\"twitter:data1\" content=\"Radio Ljubu\u0161ki\" \/>\n\t<meta name=\"twitter:label2\" content=\"Procijenjeno vrijeme \u010ditanja\" \/>\n\t<meta name=\"twitter:data2\" content=\"2 minute\" \/>\n<script type=\"application\/ld+json\" class=\"yoast-schema-graph\">{\"@context\":\"https:\\\/\\\/schema.org\",\"@graph\":[{\"@type\":\"Article\",\"@id\":\"https:\\\/\\\/radioljubuski.ba\\\/index.php\\\/2022\\\/07\\\/02\\\/radoncic-pozvao-stranke-da-skinu-sa-lista-one-koji-su-glasovali-za-povecanje-placa-politicarima\\\/#article\",\"isPartOf\":{\"@id\":\"https:\\\/\\\/radioljubuski.ba\\\/index.php\\\/2022\\\/07\\\/02\\\/radoncic-pozvao-stranke-da-skinu-sa-lista-one-koji-su-glasovali-za-povecanje-placa-politicarima\\\/\"},\"author\":{\"name\":\"Radio Ljubu\u0161ki\",\"@id\":\"https:\\\/\\\/radioljubuski.ba\\\/#\\\/schema\\\/person\\\/19fc700381a780f69665d7956c469e3b\"},\"headline\":\"Radon\u010di\u0107 pozvao stranke da skinu sa lista one koji su glasovali za pove\u0107anje pla\u0107a politi\u010darima\",\"datePublished\":\"2022-07-02T14:59:02+00:00\",\"dateModified\":\"2022-07-02T14:59:03+00:00\",\"mainEntityOfPage\":{\"@id\":\"https:\\\/\\\/radioljubuski.ba\\\/index.php\\\/2022\\\/07\\\/02\\\/radoncic-pozvao-stranke-da-skinu-sa-lista-one-koji-su-glasovali-za-povecanje-placa-politicarima\\\/\"},\"wordCount\":348,\"publisher\":{\"@id\":\"https:\\\/\\\/radioljubuski.ba\\\/#organization\"},\"image\":{\"@id\":\"https:\\\/\\\/radioljubuski.ba\\\/index.php\\\/2022\\\/07\\\/02\\\/radoncic-pozvao-stranke-da-skinu-sa-lista-one-koji-su-glasovali-za-povecanje-placa-politicarima\\\/#primaryimage\"},\"thumbnailUrl\":\"https:\\\/\\\/radioljubuski.ba\\\/wp-content\\\/uploads\\\/2022\\\/03\\\/radoncic-1068x769-1.jpg\",\"articleSection\":[\"BIH i regija\"],\"inLanguage\":\"hr\"},{\"@type\":\"WebPage\",\"@id\":\"https:\\\/\\\/radioljubuski.ba\\\/index.php\\\/2022\\\/07\\\/02\\\/radoncic-pozvao-stranke-da-skinu-sa-lista-one-koji-su-glasovali-za-povecanje-placa-politicarima\\\/\",\"url\":\"https:\\\/\\\/radioljubuski.ba\\\/index.php\\\/2022\\\/07\\\/02\\\/radoncic-pozvao-stranke-da-skinu-sa-lista-one-koji-su-glasovali-za-povecanje-placa-politicarima\\\/\",\"name\":\"Radon\u010di\u0107 pozvao stranke da skinu sa lista one koji su glasovali za pove\u0107anje pla\u0107a politi\u010darima - RADIO LJUBU\u0160KI\",\"isPartOf\":{\"@id\":\"https:\\\/\\\/radioljubuski.ba\\\/#website\"},\"primaryImageOfPage\":{\"@id\":\"https:\\\/\\\/radioljubuski.ba\\\/index.php\\\/2022\\\/07\\\/02\\\/radoncic-pozvao-stranke-da-skinu-sa-lista-one-koji-su-glasovali-za-povecanje-placa-politicarima\\\/#primaryimage\"},\"image\":{\"@id\":\"https:\\\/\\\/radioljubuski.ba\\\/index.php\\\/2022\\\/07\\\/02\\\/radoncic-pozvao-stranke-da-skinu-sa-lista-one-koji-su-glasovali-za-povecanje-placa-politicarima\\\/#primaryimage\"},\"thumbnailUrl\":\"https:\\\/\\\/radioljubuski.ba\\\/wp-content\\\/uploads\\\/2022\\\/03\\\/radoncic-1068x769-1.jpg\",\"datePublished\":\"2022-07-02T14:59:02+00:00\",\"dateModified\":\"2022-07-02T14:59:03+00:00\",\"breadcrumb\":{\"@id\":\"https:\\\/\\\/radioljubuski.ba\\\/index.php\\\/2022\\\/07\\\/02\\\/radoncic-pozvao-stranke-da-skinu-sa-lista-one-koji-su-glasovali-za-povecanje-placa-politicarima\\\/#breadcrumb\"},\"inLanguage\":\"hr\",\"potentialAction\":[{\"@type\":\"ReadAction\",\"target\":[\"https:\\\/\\\/radioljubuski.ba\\\/index.php\\\/2022\\\/07\\\/02\\\/radoncic-pozvao-stranke-da-skinu-sa-lista-one-koji-su-glasovali-za-povecanje-placa-politicarima\\\/\"]}]},{\"@type\":\"ImageObject\",\"inLanguage\":\"hr\",\"@id\":\"https:\\\/\\\/radioljubuski.ba\\\/index.php\\\/2022\\\/07\\\/02\\\/radoncic-pozvao-stranke-da-skinu-sa-lista-one-koji-su-glasovali-za-povecanje-placa-politicarima\\\/#primaryimage\",\"url\":\"https:\\\/\\\/radioljubuski.ba\\\/wp-content\\\/uploads\\\/2022\\\/03\\\/radoncic-1068x769-1.jpg\",\"contentUrl\":\"https:\\\/\\\/radioljubuski.ba\\\/wp-content\\\/uploads\\\/2022\\\/03\\\/radoncic-1068x769-1.jpg\",\"width\":1068,\"height\":769},{\"@type\":\"BreadcrumbList\",\"@id\":\"https:\\\/\\\/radioljubuski.ba\\\/index.php\\\/2022\\\/07\\\/02\\\/radoncic-pozvao-stranke-da-skinu-sa-lista-one-koji-su-glasovali-za-povecanje-placa-politicarima\\\/#breadcrumb\",\"itemListElement\":[{\"@type\":\"ListItem\",\"position\":1,\"name\":\"Po\u010detna stranica\",\"item\":\"https:\\\/\\\/radioljubuski.ba\\\/\"},{\"@type\":\"ListItem\",\"position\":2,\"name\":\"Radon\u010di\u0107 pozvao stranke da skinu sa lista one koji su glasovali za pove\u0107anje pla\u0107a politi\u010darima\"}]},{\"@type\":\"WebSite\",\"@id\":\"https:\\\/\\\/radioljubuski.ba\\\/#website\",\"url\":\"https:\\\/\\\/radioljubuski.ba\\\/\",\"name\":\"Radio Ljubu\u0161ki\",\"description\":\"Sun\u010dana frekvencija Hercegovine\",\"publisher\":{\"@id\":\"https:\\\/\\\/radioljubuski.ba\\\/#organization\"},\"potentialAction\":[{\"@type\":\"SearchAction\",\"target\":{\"@type\":\"EntryPoint\",\"urlTemplate\":\"https:\\\/\\\/radioljubuski.ba\\\/?s={search_term_string}\"},\"query-input\":{\"@type\":\"PropertyValueSpecification\",\"valueRequired\":true,\"valueName\":\"search_term_string\"}}],\"inLanguage\":\"hr\"},{\"@type\":\"Organization\",\"@id\":\"https:\\\/\\\/radioljubuski.ba\\\/#organization\",\"name\":\"Radio Ljubu\u0161ki\",\"url\":\"https:\\\/\\\/radioljubuski.ba\\\/\",\"logo\":{\"@type\":\"ImageObject\",\"inLanguage\":\"hr\",\"@id\":\"https:\\\/\\\/radioljubuski.ba\\\/#\\\/schema\\\/logo\\\/image\\\/\",\"url\":\"https:\\\/\\\/radioljubuski.ba\\\/wp-content\\\/uploads\\\/2021\\\/02\\\/cropped-Radio_Ljubuski_logo1.jpg\",\"contentUrl\":\"https:\\\/\\\/radioljubuski.ba\\\/wp-content\\\/uploads\\\/2021\\\/02\\\/cropped-Radio_Ljubuski_logo1.jpg\",\"width\":512,\"height\":512,\"caption\":\"Radio Ljubu\u0161ki\"},\"image\":{\"@id\":\"https:\\\/\\\/radioljubuski.ba\\\/#\\\/schema\\\/logo\\\/image\\\/\"},\"sameAs\":[\"https:\\\/\\\/www.facebook.com\\\/Radiio-Ljubuski-1490835324566332\",\"https:\\\/\\\/x.com\\\/radioljubuski\",\"https:\\\/\\\/hr.linkedin.com\\\/company\\\/radio-ljubuski\",\"https:\\\/\\\/www.youtube.com\\\/channel\\\/UCHYaeO_n0Db3tjNGudGpXyw\"]},{\"@type\":\"Person\",\"@id\":\"https:\\\/\\\/radioljubuski.ba\\\/#\\\/schema\\\/person\\\/19fc700381a780f69665d7956c469e3b\",\"name\":\"Radio Ljubu\u0161ki\"}]}<\/script>\n<!-- \/ Yoast SEO plugin. -->","yoast_head_json":{"title":"Radon\u010di\u0107 pozvao stranke da skinu sa lista one koji su glasovali za pove\u0107anje pla\u0107a politi\u010darima - RADIO LJUBU\u0160KI","robots":{"index":"index","follow":"follow","max-snippet":"max-snippet:-1","max-image-preview":"max-image-preview:large","max-video-preview":"max-video-preview:-1"},"canonical":"https:\/\/radioljubuski.ba\/index.php\/2022\/07\/02\/radoncic-pozvao-stranke-da-skinu-sa-lista-one-koji-su-glasovali-za-povecanje-placa-politicarima\/","og_locale":"hr_HR","og_type":"article","og_title":"Radon\u010di\u0107 pozvao stranke da skinu sa lista one koji su glasovali za pove\u0107anje pla\u0107a politi\u010darima - RADIO LJUBU\u0160KI","og_description":"Neka se stide patriote sa nezara\u0111enom pla\u0107om od 8.000 KM i neka isklju\u010de iz stranaka i sa lista one koji su glasali za takvu odluku, poru\u010dio je lider SBB-a Fahrudin Radon\u010di\u0107 u objavi na Facebook stranici. -Dok radnici u ve\u0107ini tvrtki primaju minimalne pla\u0107e, umirovljenici tra\u017ee hranu po kontejnerima, a nesposobna vlast ubija uspje\u0161ne poduzetnike [&hellip;]","og_url":"https:\/\/radioljubuski.ba\/index.php\/2022\/07\/02\/radoncic-pozvao-stranke-da-skinu-sa-lista-one-koji-su-glasovali-za-povecanje-placa-politicarima\/","og_site_name":"RADIO LJUBU\u0160KI","article_publisher":"https:\/\/www.facebook.com\/Radiio-Ljubuski-1490835324566332","article_published_time":"2022-07-02T14:59:02+00:00","article_modified_time":"2022-07-02T14:59:03+00:00","og_image":[{"width":1068,"height":769,"url":"https:\/\/radioljubuski.ba\/wp-content\/uploads\/2022\/03\/radoncic-1068x769-1.jpg","type":"image\/jpeg"}],"author":"Radio Ljubu\u0161ki","twitter_card":"summary_large_image","twitter_creator":"@radioljubuski","twitter_site":"@radioljubuski","twitter_misc":{"Napisao\/la":"Radio Ljubu\u0161ki","Procijenjeno vrijeme \u010ditanja":"2 minute"},"schema":{"@context":"https:\/\/schema.org","@graph":[{"@type":"Article","@id":"https:\/\/radioljubuski.ba\/index.php\/2022\/07\/02\/radoncic-pozvao-stranke-da-skinu-sa-lista-one-koji-su-glasovali-za-povecanje-placa-politicarima\/#article","isPartOf":{"@id":"https:\/\/radioljubuski.ba\/index.php\/2022\/07\/02\/radoncic-pozvao-stranke-da-skinu-sa-lista-one-koji-su-glasovali-za-povecanje-placa-politicarima\/"},"author":{"name":"Radio Ljubu\u0161ki","@id":"https:\/\/radioljubuski.ba\/#\/schema\/person\/19fc700381a780f69665d7956c469e3b"},"headline":"Radon\u010di\u0107 pozvao stranke da skinu sa lista one koji su glasovali za pove\u0107anje pla\u0107a politi\u010darima","datePublished":"2022-07-02T14:59:02+00:00","dateModified":"2022-07-02T14:59:03+00:00","mainEntityOfPage":{"@id":"https:\/\/radioljubuski.ba\/index.php\/2022\/07\/02\/radoncic-pozvao-stranke-da-skinu-sa-lista-one-koji-su-glasovali-za-povecanje-placa-politicarima\/"},"wordCount":348,"publisher":{"@id":"https:\/\/radioljubuski.ba\/#organization"},"image":{"@id":"https:\/\/radioljubuski.ba\/index.php\/2022\/07\/02\/radoncic-pozvao-stranke-da-skinu-sa-lista-one-koji-su-glasovali-za-povecanje-placa-politicarima\/#primaryimage"},"thumbnailUrl":"https:\/\/radioljubuski.ba\/wp-content\/uploads\/2022\/03\/radoncic-1068x769-1.jpg","articleSection":["BIH i regija"],"inLanguage":"hr"},{"@type":"WebPage","@id":"https:\/\/radioljubuski.ba\/index.php\/2022\/07\/02\/radoncic-pozvao-stranke-da-skinu-sa-lista-one-koji-su-glasovali-za-povecanje-placa-politicarima\/","url":"https:\/\/radioljubuski.ba\/index.php\/2022\/07\/02\/radoncic-pozvao-stranke-da-skinu-sa-lista-one-koji-su-glasovali-za-povecanje-placa-politicarima\/","name":"Radon\u010di\u0107 pozvao stranke da skinu sa lista one koji su glasovali za pove\u0107anje pla\u0107a politi\u010darima - RADIO LJUBU\u0160KI","isPartOf":{"@id":"https:\/\/radioljubuski.ba\/#website"},"primaryImageOfPage":{"@id":"https:\/\/radioljubuski.ba\/index.php\/2022\/07\/02\/radoncic-pozvao-stranke-da-skinu-sa-lista-one-koji-su-glasovali-za-povecanje-placa-politicarima\/#primaryimage"},"image":{"@id":"https:\/\/radioljubuski.ba\/index.php\/2022\/07\/02\/radoncic-pozvao-stranke-da-skinu-sa-lista-one-koji-su-glasovali-za-povecanje-placa-politicarima\/#primaryimage"},"thumbnailUrl":"https:\/\/radioljubuski.ba\/wp-content\/uploads\/2022\/03\/radoncic-1068x769-1.jpg","datePublished":"2022-07-02T14:59:02+00:00","dateModified":"2022-07-02T14:59:03+00:00","breadcrumb":{"@id":"https:\/\/radioljubuski.ba\/index.php\/2022\/07\/02\/radoncic-pozvao-stranke-da-skinu-sa-lista-one-koji-su-glasovali-za-povecanje-placa-politicarima\/#breadcrumb"},"inLanguage":"hr","potentialAction":[{"@type":"ReadAction","target":["https:\/\/radioljubuski.ba\/index.php\/2022\/07\/02\/radoncic-pozvao-stranke-da-skinu-sa-lista-one-koji-su-glasovali-za-povecanje-placa-politicarima\/"]}]},{"@type":"ImageObject","inLanguage":"hr","@id":"https:\/\/radioljubuski.ba\/index.php\/2022\/07\/02\/radoncic-pozvao-stranke-da-skinu-sa-lista-one-koji-su-glasovali-za-povecanje-placa-politicarima\/#primaryimage","url":"https:\/\/radioljubuski.ba\/wp-content\/uploads\/2022\/03\/radoncic-1068x769-1.jpg","contentUrl":"https:\/\/radioljubuski.ba\/wp-content\/uploads\/2022\/03\/radoncic-1068x769-1.jpg","width":1068,"height":769},{"@type":"BreadcrumbList","@id":"https:\/\/radioljubuski.ba\/index.php\/2022\/07\/02\/radoncic-pozvao-stranke-da-skinu-sa-lista-one-koji-su-glasovali-za-povecanje-placa-politicarima\/#breadcrumb","itemListElement":[{"@type":"ListItem","position":1,"name":"Po\u010detna stranica","item":"https:\/\/radioljubuski.ba\/"},{"@type":"ListItem","position":2,"name":"Radon\u010di\u0107 pozvao stranke da skinu sa lista one koji su glasovali za pove\u0107anje pla\u0107a politi\u010darima"}]},{"@type":"WebSite","@id":"https:\/\/radioljubuski.ba\/#website","url":"https:\/\/radioljubuski.ba\/","name":"Radio Ljubu\u0161ki","description":"Sun\u010dana frekvencija Hercegovine","publisher":{"@id":"https:\/\/radioljubuski.ba\/#organization"},"potentialAction":[{"@type":"SearchAction","target":{"@type":"EntryPoint","urlTemplate":"https:\/\/radioljubuski.ba\/?s={search_term_string}"},"query-input":{"@type":"PropertyValueSpecification","valueRequired":true,"valueName":"search_term_string"}}],"inLanguage":"hr"},{"@type":"Organization","@id":"https:\/\/radioljubuski.ba\/#organization","name":"Radio Ljubu\u0161ki","url":"https:\/\/radioljubuski.ba\/","logo":{"@type":"ImageObject","inLanguage":"hr","@id":"https:\/\/radioljubuski.ba\/#\/schema\/logo\/image\/","url":"https:\/\/radioljubuski.ba\/wp-content\/uploads\/2021\/02\/cropped-Radio_Ljubuski_logo1.jpg","contentUrl":"https:\/\/radioljubuski.ba\/wp-content\/uploads\/2021\/02\/cropped-Radio_Ljubuski_logo1.jpg","width":512,"height":512,"caption":"Radio Ljubu\u0161ki"},"image":{"@id":"https:\/\/radioljubuski.ba\/#\/schema\/logo\/image\/"},"sameAs":["https:\/\/www.facebook.com\/Radiio-Ljubuski-1490835324566332","https:\/\/x.com\/radioljubuski","https:\/\/hr.linkedin.com\/company\/radio-ljubuski","https:\/\/www.youtube.com\/channel\/UCHYaeO_n0Db3tjNGudGpXyw"]},{"@type":"Person","@id":"https:\/\/radioljubuski.ba\/#\/schema\/person\/19fc700381a780f69665d7956c469e3b","name":"Radio Ljubu\u0161ki"}]}},"_links":{"self":[{"href":"https:\/\/radioljubuski.ba\/index.php\/wp-json\/wp\/v2\/posts\/155419","targetHints":{"allow":["GET"]}}],"collection":[{"href":"https:\/\/radioljubuski.ba\/index.php\/wp-json\/wp\/v2\/posts"}],"about":[{"href":"https:\/\/radioljubuski.ba\/index.php\/wp-json\/wp\/v2\/types\/post"}],"author":[{"embeddable":true,"href":"https:\/\/radioljubuski.ba\/index.php\/wp-json\/wp\/v2\/users\/2"}],"replies":[{"embeddable":true,"href":"https:\/\/radioljubuski.ba\/index.php\/wp-json\/wp\/v2\/comments?post=155419"}],"version-history":[{"count":1,"href":"https:\/\/radioljubuski.ba\/index.php\/wp-json\/wp\/v2\/posts\/155419\/revisions"}],"predecessor-version":[{"id":155420,"href":"https:\/\/radioljubuski.ba\/index.php\/wp-json\/wp\/v2\/posts\/155419\/revisions\/155420"}],"wp:featuredmedia":[{"embeddable":true,"href":"https:\/\/radioljubuski.ba\/index.php\/wp-json\/wp\/v2\/media\/123251"}],"wp:attachment":[{"href":"https:\/\/radioljubuski.ba\/index.php\/wp-json\/wp\/v2\/media?parent=155419"}],"wp:term":[{"taxonomy":"category","embeddable":true,"href":"https:\/\/radioljubuski.ba\/index.php\/wp-json\/wp\/v2\/categories?post=155419"},{"taxonomy":"post_tag","embeddable":true,"href":"https:\/\/radioljubuski.ba\/index.php\/wp-json\/wp\/v2\/tags?post=155419"}],"curies":[{"name":"wp","href":"https:\/\/api.w.org\/{rel}","templated":true}]}}