{"id":155426,"date":"2022-07-02T16:02:49","date_gmt":"2022-07-02T15:02:49","guid":{"rendered":"https:\/\/radioljubuski.ba\/?p=155426"},"modified":"2022-07-02T16:02:50","modified_gmt":"2022-07-02T15:02:50","slug":"odselili-se-iz-bih-na-maltu-ovdje-je-za-djecu-sve-besplatno-uz-jedan-uvjet","status":"publish","type":"post","link":"https:\/\/radioljubuski.ba\/index.php\/2022\/07\/02\/odselili-se-iz-bih-na-maltu-ovdje-je-za-djecu-sve-besplatno-uz-jedan-uvjet\/","title":{"rendered":"Odselili se iz BiH na Maltu: &#8220;Ovdje je za djecu sve besplatno, uz jedan uvjet&#8221;"},"content":{"rendered":"\n<p>Malta je dr\u017eava koja se sastoji od nekoliko otoka i oto\u010di\u0107a. Uzimaju\u0107i u obzir povr\u0161inu, ovo je jedna od najgu\u0161\u0107e naseljenih zemalja svijeta, a od Sicilije je udaljena tek 90 kilometara. Zavisno o kojem otoku govorimo, ova zemlja je poznata po tirkiznom moru, zidinama, te povoljnoj mediteranskoj klimi i povijesnim gra\u0111evinama.<\/p>\n\n\n\n<p>Bit \u0107emo slobodni i re\u0107i da nema puno poveznih faktora s Bosnom i Hercegovinom. Ba\u0161 zato je bio zanimljiv razgovor s E. \u0106. koja je nedavno odlu\u010dila sa suprugom i sin\u010di\u0107em ostaviti \u017eivot u svojoj zemlji \u2013 i zapo\u010deti upravo na Malti.<\/p>\n\n\n\n<p>Na pitanje za\u0161to uop\u0107e selidba \u2013 \u0161to i nije neobi\u010dno jer i podaci govore da je samo tijekom prva tri mjeseca ove godine na\u0161u zemlju zbog odlaska na rad u Sloveniju i Njema\u010dku \u010dak 5.048 radnika \u2013 Elvisa ka\u017ee da su razlog, naravno, politi\u010dke (ne)prilike.<\/p>\n\n\n\n<p>\u201cSva ta doga\u0111anja \u2013 gdje \u010dovjek mora razmi\u0161ljati ho\u0107e li mo\u017eda biti rata ili ne, najvi\u0161e nas je \u2018natjeralo\u2019 da se odlu\u010dimo da odemo, a i zbog budu\u0107nosti na\u0161eg djeteta tako\u0111er. Nije se nimalo bilo jednostavno odlu\u010diti na tako ne\u0161to\u201d, rekla je E. \u0106.<\/p>\n\n\n\n<p>A za\u0161to ba\u0161 Malta, u vremenu kada dosta radnika odlazi u Njema\u010dku, Hrvatsku, Austriju\u2026<\/p>\n\n\n\n<p>\u2013 E. \u0106. ka\u017ee da njena prijateljica \u017eivi unazad tri godine u ovoj zemlji.<\/p>\n\n\n\n<p>\u201cPreko nje sam saznala malo vi\u0161e o Malti, da je to jedna mirna i ure\u0111ena zemlja, \u0161to nas je odmah i privuklo. A i jako je lijepa \u2013 more, pla\u017ee, sve je opu\u0161teno\u201d, navodi.<\/p>\n\n\n\n<p>Pored toga, postoje posebne pogodnosti za djecu.<\/p>\n\n\n\n<p>\u201cImaju besplatno sve, od vrti\u0107a do \u0161kolovanja, uz uvjet da oba roditelja rade. Tek jedan posto ljudi je ovdje nezaposleno\u201d, pojasnila je E. \u0106.<\/p>\n\n\n\n<p>A kada je rije\u010d o njihovom \u017eivotu, preselili su se u grad Bugibba. Stan su prona\u0161li uz pomo\u0107 agenata, dok su do posla do\u0161li preko jedne agencije.<\/p>\n\n\n\n<p>\u201cMalta je za \u017eivot stvarno super,. Mi smo ovdje mjesec dana, navikavamo se iz dana u dan, naravno, ali mogu re\u0107i da je ovdje \u017eivot bez stresa, mo\u017eete sresti ljude iz raznih zemalja, \u010duti razli\u010dite jezike te svi \u017eive opu\u0161teno\u201d, rekla je E. \u0106. za <a href=\"https:\/\/radiosarajevo.ba\/metromahala\/teme\/odesili-su-se-iz-bih-na-maltu\/461893\" target=\"_blank\" rel=\"noreferrer noopener\">Radiosarajevo.ba.<\/a><\/p>\n\n\n\n<p>Ona je otkrila i neke zanimljivosti, recimo kada je u pitanju gradski prijevoz u pitanju.<\/p>\n\n\n\n<p>\u201cAko je bus pun, voza\u010d ne\u0107e stati na sljede\u0107oj stanici da primi u autobus vi\u0161e putnika, ve\u0107 samo rukom mahne da ide dalje. Ako ste u busu, a niste stisnuli dugme stop te \u017eelite iza\u0107i, tako\u0111er vam ne\u0107e stati. Toga nema kod nas u Sarajevu\u201d, kroz smijeh govori E. \u0106.<\/p>\n\n\n\n<p>A na pitanje o povratku nazad, u njihovom Sarajevu i uz drage ljude, sugovornica odgovara:<\/p>\n\n\n\n<p>\u201cNikada se ne zna \u0161to \u017eivot nosi. Da je situacija u BiH malo druga\u010dija i bolja, nikada ne bismo ni oti\u0161li \u2013 ali tako je kako je. Sada smo ovdje pa \u0107emo vidjeti \u0161to dalje. Fale nam jako na\u0161i prijatelji i obitelj\u201d, zaklju\u010dila je E. \u0106.<\/p>\n\n\n\n<p>Izvor:radiosarajevo.ba<\/p>\n","protected":false},"excerpt":{"rendered":"<p>Malta je dr\u017eava koja se sastoji od nekoliko otoka i oto\u010di\u0107a. Uzimaju\u0107i u obzir povr\u0161inu, ovo je jedna od najgu\u0161\u0107e naseljenih zemalja svijeta, a od Sicilije je udaljena tek 90 kilometara. Zavisno o kojem otoku govorimo, ova zemlja je poznata po tirkiznom moru, zidinama, te povoljnoj mediteranskoj klimi i povijesnim gra\u0111evinama. Bit \u0107emo slobodni i [&hellip;]<\/p>\n","protected":false},"author":2,"featured_media":155427,"comment_status":"closed","ping_status":"closed","sticky":false,"template":"","format":"standard","meta":{"h5ap_radio_sources":[],"footnotes":""},"categories":[1],"tags":[],"class_list":["post-155426","post","type-post","status-publish","format-standard","has-post-thumbnail","hentry","category-bihiregija"],"yoast_head":"<!-- This site is optimized with the Yoast SEO plugin v27.5 - https:\/\/yoast.com\/product\/yoast-seo-wordpress\/ -->\n<title>Odselili se iz BiH na Maltu: &quot;Ovdje je za djecu sve besplatno, uz jedan uvjet&quot; - RADIO LJUBU\u0160KI<\/title>\n<meta name=\"robots\" content=\"index, follow, max-snippet:-1, max-image-preview:large, max-video-preview:-1\" \/>\n<link rel=\"canonical\" href=\"https:\/\/radioljubuski.ba\/index.php\/2022\/07\/02\/odselili-se-iz-bih-na-maltu-ovdje-je-za-djecu-sve-besplatno-uz-jedan-uvjet\/\" \/>\n<meta property=\"og:locale\" content=\"hr_HR\" \/>\n<meta property=\"og:type\" content=\"article\" \/>\n<meta property=\"og:title\" content=\"Odselili se iz BiH na Maltu: &quot;Ovdje je za djecu sve besplatno, uz jedan uvjet&quot; - RADIO LJUBU\u0160KI\" \/>\n<meta property=\"og:description\" content=\"Malta je dr\u017eava koja se sastoji od nekoliko otoka i oto\u010di\u0107a. Uzimaju\u0107i u obzir povr\u0161inu, ovo je jedna od najgu\u0161\u0107e naseljenih zemalja svijeta, a od Sicilije je udaljena tek 90 kilometara. Zavisno o kojem otoku govorimo, ova zemlja je poznata po tirkiznom moru, zidinama, te povoljnoj mediteranskoj klimi i povijesnim gra\u0111evinama. Bit \u0107emo slobodni i [&hellip;]\" \/>\n<meta property=\"og:url\" content=\"https:\/\/radioljubuski.ba\/index.php\/2022\/07\/02\/odselili-se-iz-bih-na-maltu-ovdje-je-za-djecu-sve-besplatno-uz-jedan-uvjet\/\" \/>\n<meta property=\"og:site_name\" content=\"RADIO LJUBU\u0160KI\" \/>\n<meta property=\"article:publisher\" content=\"https:\/\/www.facebook.com\/Radiio-Ljubuski-1490835324566332\" \/>\n<meta property=\"article:published_time\" content=\"2022-07-02T15:02:49+00:00\" \/>\n<meta property=\"article:modified_time\" content=\"2022-07-02T15:02:50+00:00\" \/>\n<meta property=\"og:image\" content=\"https:\/\/radioljubuski.ba\/wp-content\/uploads\/2022\/07\/8-2022-07-02-14-38-54-malta.jpg\" \/>\n\t<meta property=\"og:image:width\" content=\"1000\" \/>\n\t<meta property=\"og:image:height\" content=\"625\" \/>\n\t<meta property=\"og:image:type\" content=\"image\/jpeg\" \/>\n<meta name=\"author\" content=\"Radio Ljubu\u0161ki\" \/>\n<meta name=\"twitter:card\" content=\"summary_large_image\" \/>\n<meta name=\"twitter:creator\" content=\"@radioljubuski\" \/>\n<meta name=\"twitter:site\" content=\"@radioljubuski\" \/>\n<meta name=\"twitter:label1\" content=\"Napisao\/la\" \/>\n\t<meta name=\"twitter:data1\" content=\"Radio Ljubu\u0161ki\" \/>\n\t<meta name=\"twitter:label2\" content=\"Procijenjeno vrijeme \u010ditanja\" \/>\n\t<meta name=\"twitter:data2\" content=\"3 minute\" \/>\n<script type=\"application\/ld+json\" class=\"yoast-schema-graph\">{\"@context\":\"https:\\\/\\\/schema.org\",\"@graph\":[{\"@type\":\"Article\",\"@id\":\"https:\\\/\\\/radioljubuski.ba\\\/index.php\\\/2022\\\/07\\\/02\\\/odselili-se-iz-bih-na-maltu-ovdje-je-za-djecu-sve-besplatno-uz-jedan-uvjet\\\/#article\",\"isPartOf\":{\"@id\":\"https:\\\/\\\/radioljubuski.ba\\\/index.php\\\/2022\\\/07\\\/02\\\/odselili-se-iz-bih-na-maltu-ovdje-je-za-djecu-sve-besplatno-uz-jedan-uvjet\\\/\"},\"author\":{\"name\":\"Radio Ljubu\u0161ki\",\"@id\":\"https:\\\/\\\/radioljubuski.ba\\\/#\\\/schema\\\/person\\\/19fc700381a780f69665d7956c469e3b\"},\"headline\":\"Odselili se iz BiH na Maltu: &#8220;Ovdje je za djecu sve besplatno, uz jedan uvjet&#8221;\",\"datePublished\":\"2022-07-02T15:02:49+00:00\",\"dateModified\":\"2022-07-02T15:02:50+00:00\",\"mainEntityOfPage\":{\"@id\":\"https:\\\/\\\/radioljubuski.ba\\\/index.php\\\/2022\\\/07\\\/02\\\/odselili-se-iz-bih-na-maltu-ovdje-je-za-djecu-sve-besplatno-uz-jedan-uvjet\\\/\"},\"wordCount\":532,\"publisher\":{\"@id\":\"https:\\\/\\\/radioljubuski.ba\\\/#organization\"},\"image\":{\"@id\":\"https:\\\/\\\/radioljubuski.ba\\\/index.php\\\/2022\\\/07\\\/02\\\/odselili-se-iz-bih-na-maltu-ovdje-je-za-djecu-sve-besplatno-uz-jedan-uvjet\\\/#primaryimage\"},\"thumbnailUrl\":\"https:\\\/\\\/radioljubuski.ba\\\/wp-content\\\/uploads\\\/2022\\\/07\\\/8-2022-07-02-14-38-54-malta.jpg\",\"articleSection\":[\"BIH i regija\"],\"inLanguage\":\"hr\"},{\"@type\":\"WebPage\",\"@id\":\"https:\\\/\\\/radioljubuski.ba\\\/index.php\\\/2022\\\/07\\\/02\\\/odselili-se-iz-bih-na-maltu-ovdje-je-za-djecu-sve-besplatno-uz-jedan-uvjet\\\/\",\"url\":\"https:\\\/\\\/radioljubuski.ba\\\/index.php\\\/2022\\\/07\\\/02\\\/odselili-se-iz-bih-na-maltu-ovdje-je-za-djecu-sve-besplatno-uz-jedan-uvjet\\\/\",\"name\":\"Odselili se iz BiH na Maltu: \\\"Ovdje je za djecu sve besplatno, uz jedan uvjet\\\" - RADIO LJUBU\u0160KI\",\"isPartOf\":{\"@id\":\"https:\\\/\\\/radioljubuski.ba\\\/#website\"},\"primaryImageOfPage\":{\"@id\":\"https:\\\/\\\/radioljubuski.ba\\\/index.php\\\/2022\\\/07\\\/02\\\/odselili-se-iz-bih-na-maltu-ovdje-je-za-djecu-sve-besplatno-uz-jedan-uvjet\\\/#primaryimage\"},\"image\":{\"@id\":\"https:\\\/\\\/radioljubuski.ba\\\/index.php\\\/2022\\\/07\\\/02\\\/odselili-se-iz-bih-na-maltu-ovdje-je-za-djecu-sve-besplatno-uz-jedan-uvjet\\\/#primaryimage\"},\"thumbnailUrl\":\"https:\\\/\\\/radioljubuski.ba\\\/wp-content\\\/uploads\\\/2022\\\/07\\\/8-2022-07-02-14-38-54-malta.jpg\",\"datePublished\":\"2022-07-02T15:02:49+00:00\",\"dateModified\":\"2022-07-02T15:02:50+00:00\",\"breadcrumb\":{\"@id\":\"https:\\\/\\\/radioljubuski.ba\\\/index.php\\\/2022\\\/07\\\/02\\\/odselili-se-iz-bih-na-maltu-ovdje-je-za-djecu-sve-besplatno-uz-jedan-uvjet\\\/#breadcrumb\"},\"inLanguage\":\"hr\",\"potentialAction\":[{\"@type\":\"ReadAction\",\"target\":[\"https:\\\/\\\/radioljubuski.ba\\\/index.php\\\/2022\\\/07\\\/02\\\/odselili-se-iz-bih-na-maltu-ovdje-je-za-djecu-sve-besplatno-uz-jedan-uvjet\\\/\"]}]},{\"@type\":\"ImageObject\",\"inLanguage\":\"hr\",\"@id\":\"https:\\\/\\\/radioljubuski.ba\\\/index.php\\\/2022\\\/07\\\/02\\\/odselili-se-iz-bih-na-maltu-ovdje-je-za-djecu-sve-besplatno-uz-jedan-uvjet\\\/#primaryimage\",\"url\":\"https:\\\/\\\/radioljubuski.ba\\\/wp-content\\\/uploads\\\/2022\\\/07\\\/8-2022-07-02-14-38-54-malta.jpg\",\"contentUrl\":\"https:\\\/\\\/radioljubuski.ba\\\/wp-content\\\/uploads\\\/2022\\\/07\\\/8-2022-07-02-14-38-54-malta.jpg\",\"width\":1000,\"height\":625},{\"@type\":\"BreadcrumbList\",\"@id\":\"https:\\\/\\\/radioljubuski.ba\\\/index.php\\\/2022\\\/07\\\/02\\\/odselili-se-iz-bih-na-maltu-ovdje-je-za-djecu-sve-besplatno-uz-jedan-uvjet\\\/#breadcrumb\",\"itemListElement\":[{\"@type\":\"ListItem\",\"position\":1,\"name\":\"Po\u010detna stranica\",\"item\":\"https:\\\/\\\/radioljubuski.ba\\\/\"},{\"@type\":\"ListItem\",\"position\":2,\"name\":\"Odselili se iz BiH na Maltu: &#8220;Ovdje je za djecu sve besplatno, uz jedan uvjet&#8221;\"}]},{\"@type\":\"WebSite\",\"@id\":\"https:\\\/\\\/radioljubuski.ba\\\/#website\",\"url\":\"https:\\\/\\\/radioljubuski.ba\\\/\",\"name\":\"Radio Ljubu\u0161ki\",\"description\":\"Sun\u010dana frekvencija Hercegovine\",\"publisher\":{\"@id\":\"https:\\\/\\\/radioljubuski.ba\\\/#organization\"},\"potentialAction\":[{\"@type\":\"SearchAction\",\"target\":{\"@type\":\"EntryPoint\",\"urlTemplate\":\"https:\\\/\\\/radioljubuski.ba\\\/?s={search_term_string}\"},\"query-input\":{\"@type\":\"PropertyValueSpecification\",\"valueRequired\":true,\"valueName\":\"search_term_string\"}}],\"inLanguage\":\"hr\"},{\"@type\":\"Organization\",\"@id\":\"https:\\\/\\\/radioljubuski.ba\\\/#organization\",\"name\":\"Radio Ljubu\u0161ki\",\"url\":\"https:\\\/\\\/radioljubuski.ba\\\/\",\"logo\":{\"@type\":\"ImageObject\",\"inLanguage\":\"hr\",\"@id\":\"https:\\\/\\\/radioljubuski.ba\\\/#\\\/schema\\\/logo\\\/image\\\/\",\"url\":\"https:\\\/\\\/radioljubuski.ba\\\/wp-content\\\/uploads\\\/2021\\\/02\\\/cropped-Radio_Ljubuski_logo1.jpg\",\"contentUrl\":\"https:\\\/\\\/radioljubuski.ba\\\/wp-content\\\/uploads\\\/2021\\\/02\\\/cropped-Radio_Ljubuski_logo1.jpg\",\"width\":512,\"height\":512,\"caption\":\"Radio Ljubu\u0161ki\"},\"image\":{\"@id\":\"https:\\\/\\\/radioljubuski.ba\\\/#\\\/schema\\\/logo\\\/image\\\/\"},\"sameAs\":[\"https:\\\/\\\/www.facebook.com\\\/Radiio-Ljubuski-1490835324566332\",\"https:\\\/\\\/x.com\\\/radioljubuski\",\"https:\\\/\\\/hr.linkedin.com\\\/company\\\/radio-ljubuski\",\"https:\\\/\\\/www.youtube.com\\\/channel\\\/UCHYaeO_n0Db3tjNGudGpXyw\"]},{\"@type\":\"Person\",\"@id\":\"https:\\\/\\\/radioljubuski.ba\\\/#\\\/schema\\\/person\\\/19fc700381a780f69665d7956c469e3b\",\"name\":\"Radio Ljubu\u0161ki\"}]}<\/script>\n<!-- \/ Yoast SEO plugin. -->","yoast_head_json":{"title":"Odselili se iz BiH na Maltu: \"Ovdje je za djecu sve besplatno, uz jedan uvjet\" - RADIO LJUBU\u0160KI","robots":{"index":"index","follow":"follow","max-snippet":"max-snippet:-1","max-image-preview":"max-image-preview:large","max-video-preview":"max-video-preview:-1"},"canonical":"https:\/\/radioljubuski.ba\/index.php\/2022\/07\/02\/odselili-se-iz-bih-na-maltu-ovdje-je-za-djecu-sve-besplatno-uz-jedan-uvjet\/","og_locale":"hr_HR","og_type":"article","og_title":"Odselili se iz BiH na Maltu: \"Ovdje je za djecu sve besplatno, uz jedan uvjet\" - RADIO LJUBU\u0160KI","og_description":"Malta je dr\u017eava koja se sastoji od nekoliko otoka i oto\u010di\u0107a. Uzimaju\u0107i u obzir povr\u0161inu, ovo je jedna od najgu\u0161\u0107e naseljenih zemalja svijeta, a od Sicilije je udaljena tek 90 kilometara. Zavisno o kojem otoku govorimo, ova zemlja je poznata po tirkiznom moru, zidinama, te povoljnoj mediteranskoj klimi i povijesnim gra\u0111evinama. Bit \u0107emo slobodni i [&hellip;]","og_url":"https:\/\/radioljubuski.ba\/index.php\/2022\/07\/02\/odselili-se-iz-bih-na-maltu-ovdje-je-za-djecu-sve-besplatno-uz-jedan-uvjet\/","og_site_name":"RADIO LJUBU\u0160KI","article_publisher":"https:\/\/www.facebook.com\/Radiio-Ljubuski-1490835324566332","article_published_time":"2022-07-02T15:02:49+00:00","article_modified_time":"2022-07-02T15:02:50+00:00","og_image":[{"width":1000,"height":625,"url":"https:\/\/radioljubuski.ba\/wp-content\/uploads\/2022\/07\/8-2022-07-02-14-38-54-malta.jpg","type":"image\/jpeg"}],"author":"Radio Ljubu\u0161ki","twitter_card":"summary_large_image","twitter_creator":"@radioljubuski","twitter_site":"@radioljubuski","twitter_misc":{"Napisao\/la":"Radio Ljubu\u0161ki","Procijenjeno vrijeme \u010ditanja":"3 minute"},"schema":{"@context":"https:\/\/schema.org","@graph":[{"@type":"Article","@id":"https:\/\/radioljubuski.ba\/index.php\/2022\/07\/02\/odselili-se-iz-bih-na-maltu-ovdje-je-za-djecu-sve-besplatno-uz-jedan-uvjet\/#article","isPartOf":{"@id":"https:\/\/radioljubuski.ba\/index.php\/2022\/07\/02\/odselili-se-iz-bih-na-maltu-ovdje-je-za-djecu-sve-besplatno-uz-jedan-uvjet\/"},"author":{"name":"Radio Ljubu\u0161ki","@id":"https:\/\/radioljubuski.ba\/#\/schema\/person\/19fc700381a780f69665d7956c469e3b"},"headline":"Odselili se iz BiH na Maltu: &#8220;Ovdje je za djecu sve besplatno, uz jedan uvjet&#8221;","datePublished":"2022-07-02T15:02:49+00:00","dateModified":"2022-07-02T15:02:50+00:00","mainEntityOfPage":{"@id":"https:\/\/radioljubuski.ba\/index.php\/2022\/07\/02\/odselili-se-iz-bih-na-maltu-ovdje-je-za-djecu-sve-besplatno-uz-jedan-uvjet\/"},"wordCount":532,"publisher":{"@id":"https:\/\/radioljubuski.ba\/#organization"},"image":{"@id":"https:\/\/radioljubuski.ba\/index.php\/2022\/07\/02\/odselili-se-iz-bih-na-maltu-ovdje-je-za-djecu-sve-besplatno-uz-jedan-uvjet\/#primaryimage"},"thumbnailUrl":"https:\/\/radioljubuski.ba\/wp-content\/uploads\/2022\/07\/8-2022-07-02-14-38-54-malta.jpg","articleSection":["BIH i regija"],"inLanguage":"hr"},{"@type":"WebPage","@id":"https:\/\/radioljubuski.ba\/index.php\/2022\/07\/02\/odselili-se-iz-bih-na-maltu-ovdje-je-za-djecu-sve-besplatno-uz-jedan-uvjet\/","url":"https:\/\/radioljubuski.ba\/index.php\/2022\/07\/02\/odselili-se-iz-bih-na-maltu-ovdje-je-za-djecu-sve-besplatno-uz-jedan-uvjet\/","name":"Odselili se iz BiH na Maltu: \"Ovdje je za djecu sve besplatno, uz jedan uvjet\" - RADIO LJUBU\u0160KI","isPartOf":{"@id":"https:\/\/radioljubuski.ba\/#website"},"primaryImageOfPage":{"@id":"https:\/\/radioljubuski.ba\/index.php\/2022\/07\/02\/odselili-se-iz-bih-na-maltu-ovdje-je-za-djecu-sve-besplatno-uz-jedan-uvjet\/#primaryimage"},"image":{"@id":"https:\/\/radioljubuski.ba\/index.php\/2022\/07\/02\/odselili-se-iz-bih-na-maltu-ovdje-je-za-djecu-sve-besplatno-uz-jedan-uvjet\/#primaryimage"},"thumbnailUrl":"https:\/\/radioljubuski.ba\/wp-content\/uploads\/2022\/07\/8-2022-07-02-14-38-54-malta.jpg","datePublished":"2022-07-02T15:02:49+00:00","dateModified":"2022-07-02T15:02:50+00:00","breadcrumb":{"@id":"https:\/\/radioljubuski.ba\/index.php\/2022\/07\/02\/odselili-se-iz-bih-na-maltu-ovdje-je-za-djecu-sve-besplatno-uz-jedan-uvjet\/#breadcrumb"},"inLanguage":"hr","potentialAction":[{"@type":"ReadAction","target":["https:\/\/radioljubuski.ba\/index.php\/2022\/07\/02\/odselili-se-iz-bih-na-maltu-ovdje-je-za-djecu-sve-besplatno-uz-jedan-uvjet\/"]}]},{"@type":"ImageObject","inLanguage":"hr","@id":"https:\/\/radioljubuski.ba\/index.php\/2022\/07\/02\/odselili-se-iz-bih-na-maltu-ovdje-je-za-djecu-sve-besplatno-uz-jedan-uvjet\/#primaryimage","url":"https:\/\/radioljubuski.ba\/wp-content\/uploads\/2022\/07\/8-2022-07-02-14-38-54-malta.jpg","contentUrl":"https:\/\/radioljubuski.ba\/wp-content\/uploads\/2022\/07\/8-2022-07-02-14-38-54-malta.jpg","width":1000,"height":625},{"@type":"BreadcrumbList","@id":"https:\/\/radioljubuski.ba\/index.php\/2022\/07\/02\/odselili-se-iz-bih-na-maltu-ovdje-je-za-djecu-sve-besplatno-uz-jedan-uvjet\/#breadcrumb","itemListElement":[{"@type":"ListItem","position":1,"name":"Po\u010detna stranica","item":"https:\/\/radioljubuski.ba\/"},{"@type":"ListItem","position":2,"name":"Odselili se iz BiH na Maltu: &#8220;Ovdje je za djecu sve besplatno, uz jedan uvjet&#8221;"}]},{"@type":"WebSite","@id":"https:\/\/radioljubuski.ba\/#website","url":"https:\/\/radioljubuski.ba\/","name":"Radio Ljubu\u0161ki","description":"Sun\u010dana frekvencija Hercegovine","publisher":{"@id":"https:\/\/radioljubuski.ba\/#organization"},"potentialAction":[{"@type":"SearchAction","target":{"@type":"EntryPoint","urlTemplate":"https:\/\/radioljubuski.ba\/?s={search_term_string}"},"query-input":{"@type":"PropertyValueSpecification","valueRequired":true,"valueName":"search_term_string"}}],"inLanguage":"hr"},{"@type":"Organization","@id":"https:\/\/radioljubuski.ba\/#organization","name":"Radio Ljubu\u0161ki","url":"https:\/\/radioljubuski.ba\/","logo":{"@type":"ImageObject","inLanguage":"hr","@id":"https:\/\/radioljubuski.ba\/#\/schema\/logo\/image\/","url":"https:\/\/radioljubuski.ba\/wp-content\/uploads\/2021\/02\/cropped-Radio_Ljubuski_logo1.jpg","contentUrl":"https:\/\/radioljubuski.ba\/wp-content\/uploads\/2021\/02\/cropped-Radio_Ljubuski_logo1.jpg","width":512,"height":512,"caption":"Radio Ljubu\u0161ki"},"image":{"@id":"https:\/\/radioljubuski.ba\/#\/schema\/logo\/image\/"},"sameAs":["https:\/\/www.facebook.com\/Radiio-Ljubuski-1490835324566332","https:\/\/x.com\/radioljubuski","https:\/\/hr.linkedin.com\/company\/radio-ljubuski","https:\/\/www.youtube.com\/channel\/UCHYaeO_n0Db3tjNGudGpXyw"]},{"@type":"Person","@id":"https:\/\/radioljubuski.ba\/#\/schema\/person\/19fc700381a780f69665d7956c469e3b","name":"Radio Ljubu\u0161ki"}]}},"_links":{"self":[{"href":"https:\/\/radioljubuski.ba\/index.php\/wp-json\/wp\/v2\/posts\/155426","targetHints":{"allow":["GET"]}}],"collection":[{"href":"https:\/\/radioljubuski.ba\/index.php\/wp-json\/wp\/v2\/posts"}],"about":[{"href":"https:\/\/radioljubuski.ba\/index.php\/wp-json\/wp\/v2\/types\/post"}],"author":[{"embeddable":true,"href":"https:\/\/radioljubuski.ba\/index.php\/wp-json\/wp\/v2\/users\/2"}],"replies":[{"embeddable":true,"href":"https:\/\/radioljubuski.ba\/index.php\/wp-json\/wp\/v2\/comments?post=155426"}],"version-history":[{"count":1,"href":"https:\/\/radioljubuski.ba\/index.php\/wp-json\/wp\/v2\/posts\/155426\/revisions"}],"predecessor-version":[{"id":155428,"href":"https:\/\/radioljubuski.ba\/index.php\/wp-json\/wp\/v2\/posts\/155426\/revisions\/155428"}],"wp:featuredmedia":[{"embeddable":true,"href":"https:\/\/radioljubuski.ba\/index.php\/wp-json\/wp\/v2\/media\/155427"}],"wp:attachment":[{"href":"https:\/\/radioljubuski.ba\/index.php\/wp-json\/wp\/v2\/media?parent=155426"}],"wp:term":[{"taxonomy":"category","embeddable":true,"href":"https:\/\/radioljubuski.ba\/index.php\/wp-json\/wp\/v2\/categories?post=155426"},{"taxonomy":"post_tag","embeddable":true,"href":"https:\/\/radioljubuski.ba\/index.php\/wp-json\/wp\/v2\/tags?post=155426"}],"curies":[{"name":"wp","href":"https:\/\/api.w.org\/{rel}","templated":true}]}}