{"id":155432,"date":"2022-07-02T16:05:15","date_gmt":"2022-07-02T15:05:15","guid":{"rendered":"https:\/\/radioljubuski.ba\/?p=155432"},"modified":"2022-07-02T16:05:16","modified_gmt":"2022-07-02T15:05:16","slug":"svecano-obiljezena-30-obljetnica-brigade-kralj-tomislav","status":"publish","type":"post","link":"https:\/\/radioljubuski.ba\/index.php\/2022\/07\/02\/svecano-obiljezena-30-obljetnica-brigade-kralj-tomislav\/","title":{"rendered":"Sve\u010dano obilje\u017eena 30. obljetnica brigade &#8216;Kralj Tomislav&#8217;"},"content":{"rendered":"\n<p>U organizaciji Op\u0107ine Tomislavgrad i udruga proisteklih iz Domovinskog rata u subotu je sve\u010dano obilje\u017eena trideseta obljetnica utemeljenja brigade &#8220;Kralj Tomislav\u201c iz Tomislavgrada.&nbsp;<\/p>\n\n\n\n<p>Program obilje\u017eavanja je zapo\u010deo svetom misom za poginule i nestale hrvatske branitelje u spomen-bazilici u Tomislavgradu koju je predvodio fra Stipe Rotim uz koncelebraciju sve\u0107enika iz tomislavgradskog dekanata.<\/p>\n\n\n\n<p>Nakon misnog slavlja uslijedila je sve\u010dana povorka ulicama Tomislavgrada, koju su \u010dinili pripadnici hrvatske povijesne postrojbe Hajdu\u010dke dru\u017eine Mijata Tomi\u0107a, kulturno umjetni\u010dka dru\u0161tva s podru\u010dja op\u0107ine, omladinski pogon HNK Tomislav sa ratnim stjegovima i drugi, do spomen-obilje\u017eja hrvatskim braniteljima gdje su polo\u017eeni vijenci i zapaljene svije\u0107e.<\/p>\n\n\n\n<p>Vijence su polo\u017eile braniteljske udruge proizi\u0161le iz Domovinskog rata iz Tomislavgrada, predstavnici braniteljskih udruga Hercegbosanske i Zapadnohercegova\u010dke \u017eupanije, braniteljskih udruga iz RH , Udruge \u201eHeroji ne umiru\u201c Srednjobosanske i Sisa\u010dko-moslava\u010dke \u017eupanije, predstavnici Oru\u017eanih snaga BiH, op\u0107inski predstavnici vlasti, izaslanstva Vlade i Skup\u0161tine Hercegbosanske \u017eupanije, ratni zapovjednici brigade \u201eKralj Tomislav\u201c, izaslanstva Op\u0107ine Kupres, Uprave za pitanje branitelja Hercegbosanske \u017eupanije te izaslanstva Ministarstva hrvatskih branitelja i Ministarstva obrane RH.<\/p>\n\n\n\n<p>Kratku molitvu ispred spomen obilje\u017eja za sve pokojne hrvatske branitelje odr\u017eao je fra sretan \u0106ur\u010di\u0107 nakon \u010dega je u kino dvorani uprili\u010dena sve\u010dana akademija u povodu 30. obljetnice osnutka brigade \u201eKralj Tomislav\u201c kroz koju je prema slu\u017ebenim evidencijama od 1992. do 1995. pro\u0161lo vi\u0161e od 7 tisu\u0107a bojovnika, a o te\u017eini njihovog ratnog puta govori podatak od 117 poginulih.<\/p>\n\n\n\n<p>Uz pozdravni govor na\u010delnika Op\u0107ine Tomislavgrad Ivana Bunti\u0107a posebno upu\u0107en obiteljima poginulih i nastalih hrvatskih branitelja nazo\u010dnima se, me\u0111u ostalim, tako\u0111er obratio Ante Nazor, ravnatelj Hrvatskog memorijalno-dokumentacijskog centra Domovinskog rata iz Zagreba, predsjednik HVO-a Tomislavgrad Mijo Toki\u0107, nekada\u0161nji ministar obrane Herceg- Bosne Vladimir \u0160olji\u0107 te uime obitelji poginulih hrvatskih branitelja Jozo \u0106avar.<\/p>\n\n\n\n<p>Zavr\u0161etkom sve\u010danog dijela prire\u0111eno je dru\u017eenje branitelja.<\/p>\n\n\n\n<p>Ina\u010de, Dan brigade &#8220;Kralj Tomislav\u201c iz Tomislavgrada odr\u017eava se u sklopu duhovno-kulturne manifestacije &#8220;Dani sv.Nikole Taveli\u0107a\u201c.<\/p>\n\n\n\n<p>Izvor:pogled.ba<\/p>\n","protected":false},"excerpt":{"rendered":"<p>U organizaciji Op\u0107ine Tomislavgrad i udruga proisteklih iz Domovinskog rata u subotu je sve\u010dano obilje\u017eena trideseta obljetnica utemeljenja brigade &#8220;Kralj Tomislav\u201c iz Tomislavgrada.&nbsp; Program obilje\u017eavanja je zapo\u010deo svetom misom za poginule i nestale hrvatske branitelje u spomen-bazilici u Tomislavgradu koju je predvodio fra Stipe Rotim uz koncelebraciju sve\u0107enika iz tomislavgradskog dekanata. Nakon misnog slavlja uslijedila [&hellip;]<\/p>\n","protected":false},"author":2,"featured_media":155433,"comment_status":"closed","ping_status":"closed","sticky":false,"template":"","format":"standard","meta":{"h5ap_radio_sources":[],"footnotes":""},"categories":[1],"tags":[],"class_list":["post-155432","post","type-post","status-publish","format-standard","has-post-thumbnail","hentry","category-bihiregija"],"yoast_head":"<!-- This site is optimized with the Yoast SEO plugin v27.5 - https:\/\/yoast.com\/product\/yoast-seo-wordpress\/ -->\n<title>Sve\u010dano obilje\u017eena 30. obljetnica brigade &#039;Kralj Tomislav&#039; - RADIO LJUBU\u0160KI<\/title>\n<meta name=\"robots\" content=\"index, follow, max-snippet:-1, max-image-preview:large, max-video-preview:-1\" \/>\n<link rel=\"canonical\" href=\"https:\/\/radioljubuski.ba\/index.php\/2022\/07\/02\/svecano-obiljezena-30-obljetnica-brigade-kralj-tomislav\/\" \/>\n<meta property=\"og:locale\" content=\"hr_HR\" \/>\n<meta property=\"og:type\" content=\"article\" \/>\n<meta property=\"og:title\" content=\"Sve\u010dano obilje\u017eena 30. obljetnica brigade &#039;Kralj Tomislav&#039; - RADIO LJUBU\u0160KI\" \/>\n<meta property=\"og:description\" content=\"U organizaciji Op\u0107ine Tomislavgrad i udruga proisteklih iz Domovinskog rata u subotu je sve\u010dano obilje\u017eena trideseta obljetnica utemeljenja brigade &#8220;Kralj Tomislav\u201c iz Tomislavgrada.&nbsp; Program obilje\u017eavanja je zapo\u010deo svetom misom za poginule i nestale hrvatske branitelje u spomen-bazilici u Tomislavgradu koju je predvodio fra Stipe Rotim uz koncelebraciju sve\u0107enika iz tomislavgradskog dekanata. Nakon misnog slavlja uslijedila [&hellip;]\" \/>\n<meta property=\"og:url\" content=\"https:\/\/radioljubuski.ba\/index.php\/2022\/07\/02\/svecano-obiljezena-30-obljetnica-brigade-kralj-tomislav\/\" \/>\n<meta property=\"og:site_name\" content=\"RADIO LJUBU\u0160KI\" \/>\n<meta property=\"article:publisher\" content=\"https:\/\/www.facebook.com\/Radiio-Ljubuski-1490835324566332\" \/>\n<meta property=\"article:published_time\" content=\"2022-07-02T15:05:15+00:00\" \/>\n<meta property=\"article:modified_time\" content=\"2022-07-02T15:05:16+00:00\" \/>\n<meta property=\"og:image\" content=\"https:\/\/radioljubuski.ba\/wp-content\/uploads\/2022\/07\/8-2022-07-02-15-37-34-kralj-tomislav.jpeg\" \/>\n\t<meta property=\"og:image:width\" content=\"1000\" \/>\n\t<meta property=\"og:image:height\" content=\"625\" \/>\n\t<meta property=\"og:image:type\" content=\"image\/jpeg\" \/>\n<meta name=\"author\" content=\"Radio Ljubu\u0161ki\" \/>\n<meta name=\"twitter:card\" content=\"summary_large_image\" \/>\n<meta name=\"twitter:creator\" content=\"@radioljubuski\" \/>\n<meta name=\"twitter:site\" content=\"@radioljubuski\" \/>\n<meta name=\"twitter:label1\" content=\"Napisao\/la\" \/>\n\t<meta name=\"twitter:data1\" content=\"Radio Ljubu\u0161ki\" \/>\n\t<meta name=\"twitter:label2\" content=\"Procijenjeno vrijeme \u010ditanja\" \/>\n\t<meta name=\"twitter:data2\" content=\"2 minute\" \/>\n<script type=\"application\/ld+json\" class=\"yoast-schema-graph\">{\"@context\":\"https:\\\/\\\/schema.org\",\"@graph\":[{\"@type\":\"Article\",\"@id\":\"https:\\\/\\\/radioljubuski.ba\\\/index.php\\\/2022\\\/07\\\/02\\\/svecano-obiljezena-30-obljetnica-brigade-kralj-tomislav\\\/#article\",\"isPartOf\":{\"@id\":\"https:\\\/\\\/radioljubuski.ba\\\/index.php\\\/2022\\\/07\\\/02\\\/svecano-obiljezena-30-obljetnica-brigade-kralj-tomislav\\\/\"},\"author\":{\"name\":\"Radio Ljubu\u0161ki\",\"@id\":\"https:\\\/\\\/radioljubuski.ba\\\/#\\\/schema\\\/person\\\/19fc700381a780f69665d7956c469e3b\"},\"headline\":\"Sve\u010dano obilje\u017eena 30. obljetnica brigade &#8216;Kralj Tomislav&#8217;\",\"datePublished\":\"2022-07-02T15:05:15+00:00\",\"dateModified\":\"2022-07-02T15:05:16+00:00\",\"mainEntityOfPage\":{\"@id\":\"https:\\\/\\\/radioljubuski.ba\\\/index.php\\\/2022\\\/07\\\/02\\\/svecano-obiljezena-30-obljetnica-brigade-kralj-tomislav\\\/\"},\"wordCount\":356,\"publisher\":{\"@id\":\"https:\\\/\\\/radioljubuski.ba\\\/#organization\"},\"image\":{\"@id\":\"https:\\\/\\\/radioljubuski.ba\\\/index.php\\\/2022\\\/07\\\/02\\\/svecano-obiljezena-30-obljetnica-brigade-kralj-tomislav\\\/#primaryimage\"},\"thumbnailUrl\":\"https:\\\/\\\/radioljubuski.ba\\\/wp-content\\\/uploads\\\/2022\\\/07\\\/8-2022-07-02-15-37-34-kralj-tomislav.jpeg\",\"articleSection\":[\"BIH i regija\"],\"inLanguage\":\"hr\"},{\"@type\":\"WebPage\",\"@id\":\"https:\\\/\\\/radioljubuski.ba\\\/index.php\\\/2022\\\/07\\\/02\\\/svecano-obiljezena-30-obljetnica-brigade-kralj-tomislav\\\/\",\"url\":\"https:\\\/\\\/radioljubuski.ba\\\/index.php\\\/2022\\\/07\\\/02\\\/svecano-obiljezena-30-obljetnica-brigade-kralj-tomislav\\\/\",\"name\":\"Sve\u010dano obilje\u017eena 30. obljetnica brigade 'Kralj Tomislav' - RADIO LJUBU\u0160KI\",\"isPartOf\":{\"@id\":\"https:\\\/\\\/radioljubuski.ba\\\/#website\"},\"primaryImageOfPage\":{\"@id\":\"https:\\\/\\\/radioljubuski.ba\\\/index.php\\\/2022\\\/07\\\/02\\\/svecano-obiljezena-30-obljetnica-brigade-kralj-tomislav\\\/#primaryimage\"},\"image\":{\"@id\":\"https:\\\/\\\/radioljubuski.ba\\\/index.php\\\/2022\\\/07\\\/02\\\/svecano-obiljezena-30-obljetnica-brigade-kralj-tomislav\\\/#primaryimage\"},\"thumbnailUrl\":\"https:\\\/\\\/radioljubuski.ba\\\/wp-content\\\/uploads\\\/2022\\\/07\\\/8-2022-07-02-15-37-34-kralj-tomislav.jpeg\",\"datePublished\":\"2022-07-02T15:05:15+00:00\",\"dateModified\":\"2022-07-02T15:05:16+00:00\",\"breadcrumb\":{\"@id\":\"https:\\\/\\\/radioljubuski.ba\\\/index.php\\\/2022\\\/07\\\/02\\\/svecano-obiljezena-30-obljetnica-brigade-kralj-tomislav\\\/#breadcrumb\"},\"inLanguage\":\"hr\",\"potentialAction\":[{\"@type\":\"ReadAction\",\"target\":[\"https:\\\/\\\/radioljubuski.ba\\\/index.php\\\/2022\\\/07\\\/02\\\/svecano-obiljezena-30-obljetnica-brigade-kralj-tomislav\\\/\"]}]},{\"@type\":\"ImageObject\",\"inLanguage\":\"hr\",\"@id\":\"https:\\\/\\\/radioljubuski.ba\\\/index.php\\\/2022\\\/07\\\/02\\\/svecano-obiljezena-30-obljetnica-brigade-kralj-tomislav\\\/#primaryimage\",\"url\":\"https:\\\/\\\/radioljubuski.ba\\\/wp-content\\\/uploads\\\/2022\\\/07\\\/8-2022-07-02-15-37-34-kralj-tomislav.jpeg\",\"contentUrl\":\"https:\\\/\\\/radioljubuski.ba\\\/wp-content\\\/uploads\\\/2022\\\/07\\\/8-2022-07-02-15-37-34-kralj-tomislav.jpeg\",\"width\":1000,\"height\":625},{\"@type\":\"BreadcrumbList\",\"@id\":\"https:\\\/\\\/radioljubuski.ba\\\/index.php\\\/2022\\\/07\\\/02\\\/svecano-obiljezena-30-obljetnica-brigade-kralj-tomislav\\\/#breadcrumb\",\"itemListElement\":[{\"@type\":\"ListItem\",\"position\":1,\"name\":\"Po\u010detna stranica\",\"item\":\"https:\\\/\\\/radioljubuski.ba\\\/\"},{\"@type\":\"ListItem\",\"position\":2,\"name\":\"Sve\u010dano obilje\u017eena 30. obljetnica brigade &#8216;Kralj Tomislav&#8217;\"}]},{\"@type\":\"WebSite\",\"@id\":\"https:\\\/\\\/radioljubuski.ba\\\/#website\",\"url\":\"https:\\\/\\\/radioljubuski.ba\\\/\",\"name\":\"Radio Ljubu\u0161ki\",\"description\":\"Sun\u010dana frekvencija Hercegovine\",\"publisher\":{\"@id\":\"https:\\\/\\\/radioljubuski.ba\\\/#organization\"},\"potentialAction\":[{\"@type\":\"SearchAction\",\"target\":{\"@type\":\"EntryPoint\",\"urlTemplate\":\"https:\\\/\\\/radioljubuski.ba\\\/?s={search_term_string}\"},\"query-input\":{\"@type\":\"PropertyValueSpecification\",\"valueRequired\":true,\"valueName\":\"search_term_string\"}}],\"inLanguage\":\"hr\"},{\"@type\":\"Organization\",\"@id\":\"https:\\\/\\\/radioljubuski.ba\\\/#organization\",\"name\":\"Radio Ljubu\u0161ki\",\"url\":\"https:\\\/\\\/radioljubuski.ba\\\/\",\"logo\":{\"@type\":\"ImageObject\",\"inLanguage\":\"hr\",\"@id\":\"https:\\\/\\\/radioljubuski.ba\\\/#\\\/schema\\\/logo\\\/image\\\/\",\"url\":\"https:\\\/\\\/radioljubuski.ba\\\/wp-content\\\/uploads\\\/2021\\\/02\\\/cropped-Radio_Ljubuski_logo1.jpg\",\"contentUrl\":\"https:\\\/\\\/radioljubuski.ba\\\/wp-content\\\/uploads\\\/2021\\\/02\\\/cropped-Radio_Ljubuski_logo1.jpg\",\"width\":512,\"height\":512,\"caption\":\"Radio Ljubu\u0161ki\"},\"image\":{\"@id\":\"https:\\\/\\\/radioljubuski.ba\\\/#\\\/schema\\\/logo\\\/image\\\/\"},\"sameAs\":[\"https:\\\/\\\/www.facebook.com\\\/Radiio-Ljubuski-1490835324566332\",\"https:\\\/\\\/x.com\\\/radioljubuski\",\"https:\\\/\\\/hr.linkedin.com\\\/company\\\/radio-ljubuski\",\"https:\\\/\\\/www.youtube.com\\\/channel\\\/UCHYaeO_n0Db3tjNGudGpXyw\"]},{\"@type\":\"Person\",\"@id\":\"https:\\\/\\\/radioljubuski.ba\\\/#\\\/schema\\\/person\\\/19fc700381a780f69665d7956c469e3b\",\"name\":\"Radio Ljubu\u0161ki\"}]}<\/script>\n<!-- \/ Yoast SEO plugin. -->","yoast_head_json":{"title":"Sve\u010dano obilje\u017eena 30. obljetnica brigade 'Kralj Tomislav' - RADIO LJUBU\u0160KI","robots":{"index":"index","follow":"follow","max-snippet":"max-snippet:-1","max-image-preview":"max-image-preview:large","max-video-preview":"max-video-preview:-1"},"canonical":"https:\/\/radioljubuski.ba\/index.php\/2022\/07\/02\/svecano-obiljezena-30-obljetnica-brigade-kralj-tomislav\/","og_locale":"hr_HR","og_type":"article","og_title":"Sve\u010dano obilje\u017eena 30. obljetnica brigade 'Kralj Tomislav' - RADIO LJUBU\u0160KI","og_description":"U organizaciji Op\u0107ine Tomislavgrad i udruga proisteklih iz Domovinskog rata u subotu je sve\u010dano obilje\u017eena trideseta obljetnica utemeljenja brigade &#8220;Kralj Tomislav\u201c iz Tomislavgrada.&nbsp; Program obilje\u017eavanja je zapo\u010deo svetom misom za poginule i nestale hrvatske branitelje u spomen-bazilici u Tomislavgradu koju je predvodio fra Stipe Rotim uz koncelebraciju sve\u0107enika iz tomislavgradskog dekanata. Nakon misnog slavlja uslijedila [&hellip;]","og_url":"https:\/\/radioljubuski.ba\/index.php\/2022\/07\/02\/svecano-obiljezena-30-obljetnica-brigade-kralj-tomislav\/","og_site_name":"RADIO LJUBU\u0160KI","article_publisher":"https:\/\/www.facebook.com\/Radiio-Ljubuski-1490835324566332","article_published_time":"2022-07-02T15:05:15+00:00","article_modified_time":"2022-07-02T15:05:16+00:00","og_image":[{"width":1000,"height":625,"url":"https:\/\/radioljubuski.ba\/wp-content\/uploads\/2022\/07\/8-2022-07-02-15-37-34-kralj-tomislav.jpeg","type":"image\/jpeg"}],"author":"Radio Ljubu\u0161ki","twitter_card":"summary_large_image","twitter_creator":"@radioljubuski","twitter_site":"@radioljubuski","twitter_misc":{"Napisao\/la":"Radio Ljubu\u0161ki","Procijenjeno vrijeme \u010ditanja":"2 minute"},"schema":{"@context":"https:\/\/schema.org","@graph":[{"@type":"Article","@id":"https:\/\/radioljubuski.ba\/index.php\/2022\/07\/02\/svecano-obiljezena-30-obljetnica-brigade-kralj-tomislav\/#article","isPartOf":{"@id":"https:\/\/radioljubuski.ba\/index.php\/2022\/07\/02\/svecano-obiljezena-30-obljetnica-brigade-kralj-tomislav\/"},"author":{"name":"Radio Ljubu\u0161ki","@id":"https:\/\/radioljubuski.ba\/#\/schema\/person\/19fc700381a780f69665d7956c469e3b"},"headline":"Sve\u010dano obilje\u017eena 30. obljetnica brigade &#8216;Kralj Tomislav&#8217;","datePublished":"2022-07-02T15:05:15+00:00","dateModified":"2022-07-02T15:05:16+00:00","mainEntityOfPage":{"@id":"https:\/\/radioljubuski.ba\/index.php\/2022\/07\/02\/svecano-obiljezena-30-obljetnica-brigade-kralj-tomislav\/"},"wordCount":356,"publisher":{"@id":"https:\/\/radioljubuski.ba\/#organization"},"image":{"@id":"https:\/\/radioljubuski.ba\/index.php\/2022\/07\/02\/svecano-obiljezena-30-obljetnica-brigade-kralj-tomislav\/#primaryimage"},"thumbnailUrl":"https:\/\/radioljubuski.ba\/wp-content\/uploads\/2022\/07\/8-2022-07-02-15-37-34-kralj-tomislav.jpeg","articleSection":["BIH i regija"],"inLanguage":"hr"},{"@type":"WebPage","@id":"https:\/\/radioljubuski.ba\/index.php\/2022\/07\/02\/svecano-obiljezena-30-obljetnica-brigade-kralj-tomislav\/","url":"https:\/\/radioljubuski.ba\/index.php\/2022\/07\/02\/svecano-obiljezena-30-obljetnica-brigade-kralj-tomislav\/","name":"Sve\u010dano obilje\u017eena 30. obljetnica brigade 'Kralj Tomislav' - RADIO LJUBU\u0160KI","isPartOf":{"@id":"https:\/\/radioljubuski.ba\/#website"},"primaryImageOfPage":{"@id":"https:\/\/radioljubuski.ba\/index.php\/2022\/07\/02\/svecano-obiljezena-30-obljetnica-brigade-kralj-tomislav\/#primaryimage"},"image":{"@id":"https:\/\/radioljubuski.ba\/index.php\/2022\/07\/02\/svecano-obiljezena-30-obljetnica-brigade-kralj-tomislav\/#primaryimage"},"thumbnailUrl":"https:\/\/radioljubuski.ba\/wp-content\/uploads\/2022\/07\/8-2022-07-02-15-37-34-kralj-tomislav.jpeg","datePublished":"2022-07-02T15:05:15+00:00","dateModified":"2022-07-02T15:05:16+00:00","breadcrumb":{"@id":"https:\/\/radioljubuski.ba\/index.php\/2022\/07\/02\/svecano-obiljezena-30-obljetnica-brigade-kralj-tomislav\/#breadcrumb"},"inLanguage":"hr","potentialAction":[{"@type":"ReadAction","target":["https:\/\/radioljubuski.ba\/index.php\/2022\/07\/02\/svecano-obiljezena-30-obljetnica-brigade-kralj-tomislav\/"]}]},{"@type":"ImageObject","inLanguage":"hr","@id":"https:\/\/radioljubuski.ba\/index.php\/2022\/07\/02\/svecano-obiljezena-30-obljetnica-brigade-kralj-tomislav\/#primaryimage","url":"https:\/\/radioljubuski.ba\/wp-content\/uploads\/2022\/07\/8-2022-07-02-15-37-34-kralj-tomislav.jpeg","contentUrl":"https:\/\/radioljubuski.ba\/wp-content\/uploads\/2022\/07\/8-2022-07-02-15-37-34-kralj-tomislav.jpeg","width":1000,"height":625},{"@type":"BreadcrumbList","@id":"https:\/\/radioljubuski.ba\/index.php\/2022\/07\/02\/svecano-obiljezena-30-obljetnica-brigade-kralj-tomislav\/#breadcrumb","itemListElement":[{"@type":"ListItem","position":1,"name":"Po\u010detna stranica","item":"https:\/\/radioljubuski.ba\/"},{"@type":"ListItem","position":2,"name":"Sve\u010dano obilje\u017eena 30. obljetnica brigade &#8216;Kralj Tomislav&#8217;"}]},{"@type":"WebSite","@id":"https:\/\/radioljubuski.ba\/#website","url":"https:\/\/radioljubuski.ba\/","name":"Radio Ljubu\u0161ki","description":"Sun\u010dana frekvencija Hercegovine","publisher":{"@id":"https:\/\/radioljubuski.ba\/#organization"},"potentialAction":[{"@type":"SearchAction","target":{"@type":"EntryPoint","urlTemplate":"https:\/\/radioljubuski.ba\/?s={search_term_string}"},"query-input":{"@type":"PropertyValueSpecification","valueRequired":true,"valueName":"search_term_string"}}],"inLanguage":"hr"},{"@type":"Organization","@id":"https:\/\/radioljubuski.ba\/#organization","name":"Radio Ljubu\u0161ki","url":"https:\/\/radioljubuski.ba\/","logo":{"@type":"ImageObject","inLanguage":"hr","@id":"https:\/\/radioljubuski.ba\/#\/schema\/logo\/image\/","url":"https:\/\/radioljubuski.ba\/wp-content\/uploads\/2021\/02\/cropped-Radio_Ljubuski_logo1.jpg","contentUrl":"https:\/\/radioljubuski.ba\/wp-content\/uploads\/2021\/02\/cropped-Radio_Ljubuski_logo1.jpg","width":512,"height":512,"caption":"Radio Ljubu\u0161ki"},"image":{"@id":"https:\/\/radioljubuski.ba\/#\/schema\/logo\/image\/"},"sameAs":["https:\/\/www.facebook.com\/Radiio-Ljubuski-1490835324566332","https:\/\/x.com\/radioljubuski","https:\/\/hr.linkedin.com\/company\/radio-ljubuski","https:\/\/www.youtube.com\/channel\/UCHYaeO_n0Db3tjNGudGpXyw"]},{"@type":"Person","@id":"https:\/\/radioljubuski.ba\/#\/schema\/person\/19fc700381a780f69665d7956c469e3b","name":"Radio Ljubu\u0161ki"}]}},"_links":{"self":[{"href":"https:\/\/radioljubuski.ba\/index.php\/wp-json\/wp\/v2\/posts\/155432","targetHints":{"allow":["GET"]}}],"collection":[{"href":"https:\/\/radioljubuski.ba\/index.php\/wp-json\/wp\/v2\/posts"}],"about":[{"href":"https:\/\/radioljubuski.ba\/index.php\/wp-json\/wp\/v2\/types\/post"}],"author":[{"embeddable":true,"href":"https:\/\/radioljubuski.ba\/index.php\/wp-json\/wp\/v2\/users\/2"}],"replies":[{"embeddable":true,"href":"https:\/\/radioljubuski.ba\/index.php\/wp-json\/wp\/v2\/comments?post=155432"}],"version-history":[{"count":1,"href":"https:\/\/radioljubuski.ba\/index.php\/wp-json\/wp\/v2\/posts\/155432\/revisions"}],"predecessor-version":[{"id":155434,"href":"https:\/\/radioljubuski.ba\/index.php\/wp-json\/wp\/v2\/posts\/155432\/revisions\/155434"}],"wp:featuredmedia":[{"embeddable":true,"href":"https:\/\/radioljubuski.ba\/index.php\/wp-json\/wp\/v2\/media\/155433"}],"wp:attachment":[{"href":"https:\/\/radioljubuski.ba\/index.php\/wp-json\/wp\/v2\/media?parent=155432"}],"wp:term":[{"taxonomy":"category","embeddable":true,"href":"https:\/\/radioljubuski.ba\/index.php\/wp-json\/wp\/v2\/categories?post=155432"},{"taxonomy":"post_tag","embeddable":true,"href":"https:\/\/radioljubuski.ba\/index.php\/wp-json\/wp\/v2\/tags?post=155432"}],"curies":[{"name":"wp","href":"https:\/\/api.w.org\/{rel}","templated":true}]}}