{"id":155438,"date":"2022-07-02T16:08:06","date_gmt":"2022-07-02T15:08:06","guid":{"rendered":"https:\/\/radioljubuski.ba\/?p=155438"},"modified":"2022-07-02T16:08:07","modified_gmt":"2022-07-02T15:08:07","slug":"pokrenuli-posao-ureduju-ognjista-obitelji-koje-iseljavaju","status":"publish","type":"post","link":"https:\/\/radioljubuski.ba\/index.php\/2022\/07\/02\/pokrenuli-posao-ureduju-ognjista-obitelji-koje-iseljavaju\/","title":{"rendered":"Pokrenuli posao: Ure\u0111uju ognji\u0161ta obitelji koje iseljavaju"},"content":{"rendered":"\n<p>Na podru\u010dju cijele Bosne i Hercegovine primijetno je iseljavanje mladih ljudi u inozemstvo, u zadnje vrijeme odlaze kompletne obitelji i iza sebe ostavljaju\u0107i prazne ku\u0107e i dvori\u0161ta. Nekoliko mladih ljudi iz op\u0107ine Gornji Vakuf \u2013 Uskoplje, upravo u tome je vidjelo priliku za dodatnu zaradu, na po\u0161ten na\u010din, naravno. Odlu\u010dili su ponuditi, za sada svojim sugra\u0111anima, usluge odr\u017eavanja i ure\u0111ivanja dvori\u0161ta.<\/p>\n\n\n\n<p>U tu svrhu iskoristili su prednost dru\u0161tvenih mre\u017ea te pokrenli Facebook stranicu \u201cOdr\u017eavanje dvori\u0161ta Gornji Vakuf \u2013 Uskoplje\u201d, kako bi la\u0161e do\u0161li do klijenata.<\/p>\n\n\n\n<p><strong>Tim od 5 \u010dlanova<\/strong><\/p>\n\n\n\n<p>\u201c\u0160etaju\u0107i ulicama naselja u Gornjem Vakufu-Uskoplju primijetio sam da je dosta dvori\u0161ta zaraslo, da ih nitko ne odr\u017eava. Razlog tome je iseljavanje iz dr\u017eave, ostaju starije osobe koje ne mogu sami kositi i \u010distiti dvori\u0161ta, dok mladi odlaze\u201d, ka\u017ee za <a href=\"https:\/\/www.agroklub.ba\/agro-hobi\/napusteno-ne-mora-biti-zapusteno-ureduju-ognjista-porodica-koje-iseljavaju\/78311\/?fbclid=IwAR33zmoN8YSxQc_fISiQzXNPSgz8o08985qeiRupjZaWXxDiJOTfHfK5np4\" target=\"_blank\" rel=\"noreferrer noopener\">Agroklub <\/a>Armin \u0106ehaja, osniva\u010d grupe.<\/p>\n\n\n\n<p>Zajedno sa jo\u0161 \u010detiri prijatelja, odlu\u010duju ponuditi usluge ko\u0161enja trave, ure\u0111ivanja \u0161im\u0161ira, okopavanja cvije\u0107a, pranje i \u010di\u0161\u0107enje betonskih povr\u0161ina, odlaganje otpada, pomaganje u ko\u0161evini i prikupljanju sijena i sli\u010dne poslove.<\/p>\n\n\n\n<p>\u201cKrenuli smo sa idejom da odr\u017eavamo \u0161to vi\u0161e povr\u0161ina, prvenstveno nam je cilj bio da uljep\u0161amo na\u0161a naselja, a uz to dodatno zaradimo. Napravili smo tim od pet ljudi koji \u0107e biti na servisu gra\u0111anima i njihovim zahtjevima\u201d, dodaje sugovornik.<\/p>\n\n\n\n<p>Svi \u010dlanovi tima imaju izme\u0111u 25 i 28 godina, i svima je ovo dodatni posao. Iako su s radom krenuli tek prije dva mjeseca, veoma su zadovoljni ponudama koje dobivaju. Nadaju se da \u0107e uz dosta odra\u0111enog posla mo\u0107i kupiti nove ma\u0161ine i alate koji su im potrebni u daljem radu. Imaju u planu i registrirati obrt, ukoliko bi poslovi i\u0161li po planu.<\/p>\n\n\n\n<p><strong>Donacije dobrodo\u0161le<\/strong><\/p>\n\n\n\n<p>\u201cDo sada smo radili na na\u010din da svako od nas ponese trimere i kosilice od svojih roditelja i s tim radimo. Voljeli bismo kupiti alate za potrebe posla, nadamo se da \u0107emo skupiti sredstva za njih. Tako\u0111er, ukoliko netko ima vi\u0161ka alate, kao \u0161to su kosilice, trimeri, makaze i sli\u010dno, bili bismo jako zahvalni na donaciji\u201d, isti\u010de Armin.<\/p>\n\n\n\n<p>Izvor:agroklub.ba<\/p>\n","protected":false},"excerpt":{"rendered":"<p>Na podru\u010dju cijele Bosne i Hercegovine primijetno je iseljavanje mladih ljudi u inozemstvo, u zadnje vrijeme odlaze kompletne obitelji i iza sebe ostavljaju\u0107i prazne ku\u0107e i dvori\u0161ta. Nekoliko mladih ljudi iz op\u0107ine Gornji Vakuf \u2013 Uskoplje, upravo u tome je vidjelo priliku za dodatnu zaradu, na po\u0161ten na\u010din, naravno. Odlu\u010dili su ponuditi, za sada svojim [&hellip;]<\/p>\n","protected":false},"author":2,"featured_media":155439,"comment_status":"closed","ping_status":"closed","sticky":false,"template":"","format":"standard","meta":{"h5ap_radio_sources":[],"footnotes":""},"categories":[1],"tags":[],"class_list":["post-155438","post","type-post","status-publish","format-standard","has-post-thumbnail","hentry","category-bihiregija"],"yoast_head":"<!-- This site is optimized with the Yoast SEO plugin v27.5 - https:\/\/yoast.com\/product\/yoast-seo-wordpress\/ -->\n<title>Pokrenuli posao: Ure\u0111uju ognji\u0161ta obitelji koje iseljavaju - RADIO LJUBU\u0160KI<\/title>\n<meta name=\"robots\" content=\"index, follow, max-snippet:-1, max-image-preview:large, max-video-preview:-1\" \/>\n<link rel=\"canonical\" href=\"https:\/\/radioljubuski.ba\/index.php\/2022\/07\/02\/pokrenuli-posao-ureduju-ognjista-obitelji-koje-iseljavaju\/\" \/>\n<meta property=\"og:locale\" content=\"hr_HR\" \/>\n<meta property=\"og:type\" content=\"article\" \/>\n<meta property=\"og:title\" content=\"Pokrenuli posao: Ure\u0111uju ognji\u0161ta obitelji koje iseljavaju - RADIO LJUBU\u0160KI\" \/>\n<meta property=\"og:description\" content=\"Na podru\u010dju cijele Bosne i Hercegovine primijetno je iseljavanje mladih ljudi u inozemstvo, u zadnje vrijeme odlaze kompletne obitelji i iza sebe ostavljaju\u0107i prazne ku\u0107e i dvori\u0161ta. Nekoliko mladih ljudi iz op\u0107ine Gornji Vakuf \u2013 Uskoplje, upravo u tome je vidjelo priliku za dodatnu zaradu, na po\u0161ten na\u010din, naravno. Odlu\u010dili su ponuditi, za sada svojim [&hellip;]\" \/>\n<meta property=\"og:url\" content=\"https:\/\/radioljubuski.ba\/index.php\/2022\/07\/02\/pokrenuli-posao-ureduju-ognjista-obitelji-koje-iseljavaju\/\" \/>\n<meta property=\"og:site_name\" content=\"RADIO LJUBU\u0160KI\" \/>\n<meta property=\"article:publisher\" content=\"https:\/\/www.facebook.com\/Radiio-Ljubuski-1490835324566332\" \/>\n<meta property=\"article:published_time\" content=\"2022-07-02T15:08:06+00:00\" \/>\n<meta property=\"article:modified_time\" content=\"2022-07-02T15:08:07+00:00\" \/>\n<meta property=\"og:image\" content=\"https:\/\/radioljubuski.ba\/wp-content\/uploads\/2022\/07\/8-2022-07-02-15-59-20-dvoriste.png\" \/>\n\t<meta property=\"og:image:width\" content=\"1000\" \/>\n\t<meta property=\"og:image:height\" content=\"625\" \/>\n\t<meta property=\"og:image:type\" content=\"image\/png\" \/>\n<meta name=\"author\" content=\"Radio Ljubu\u0161ki\" \/>\n<meta name=\"twitter:card\" content=\"summary_large_image\" \/>\n<meta name=\"twitter:creator\" content=\"@radioljubuski\" \/>\n<meta name=\"twitter:site\" content=\"@radioljubuski\" \/>\n<meta name=\"twitter:label1\" content=\"Napisao\/la\" \/>\n\t<meta name=\"twitter:data1\" content=\"Radio Ljubu\u0161ki\" \/>\n\t<meta name=\"twitter:label2\" content=\"Procijenjeno vrijeme \u010ditanja\" \/>\n\t<meta name=\"twitter:data2\" content=\"2 minute\" \/>\n<script type=\"application\/ld+json\" class=\"yoast-schema-graph\">{\"@context\":\"https:\\\/\\\/schema.org\",\"@graph\":[{\"@type\":\"Article\",\"@id\":\"https:\\\/\\\/radioljubuski.ba\\\/index.php\\\/2022\\\/07\\\/02\\\/pokrenuli-posao-ureduju-ognjista-obitelji-koje-iseljavaju\\\/#article\",\"isPartOf\":{\"@id\":\"https:\\\/\\\/radioljubuski.ba\\\/index.php\\\/2022\\\/07\\\/02\\\/pokrenuli-posao-ureduju-ognjista-obitelji-koje-iseljavaju\\\/\"},\"author\":{\"name\":\"Radio Ljubu\u0161ki\",\"@id\":\"https:\\\/\\\/radioljubuski.ba\\\/#\\\/schema\\\/person\\\/19fc700381a780f69665d7956c469e3b\"},\"headline\":\"Pokrenuli posao: Ure\u0111uju ognji\u0161ta obitelji koje iseljavaju\",\"datePublished\":\"2022-07-02T15:08:06+00:00\",\"dateModified\":\"2022-07-02T15:08:07+00:00\",\"mainEntityOfPage\":{\"@id\":\"https:\\\/\\\/radioljubuski.ba\\\/index.php\\\/2022\\\/07\\\/02\\\/pokrenuli-posao-ureduju-ognjista-obitelji-koje-iseljavaju\\\/\"},\"wordCount\":384,\"publisher\":{\"@id\":\"https:\\\/\\\/radioljubuski.ba\\\/#organization\"},\"image\":{\"@id\":\"https:\\\/\\\/radioljubuski.ba\\\/index.php\\\/2022\\\/07\\\/02\\\/pokrenuli-posao-ureduju-ognjista-obitelji-koje-iseljavaju\\\/#primaryimage\"},\"thumbnailUrl\":\"https:\\\/\\\/radioljubuski.ba\\\/wp-content\\\/uploads\\\/2022\\\/07\\\/8-2022-07-02-15-59-20-dvoriste.png\",\"articleSection\":[\"BIH i regija\"],\"inLanguage\":\"hr\"},{\"@type\":\"WebPage\",\"@id\":\"https:\\\/\\\/radioljubuski.ba\\\/index.php\\\/2022\\\/07\\\/02\\\/pokrenuli-posao-ureduju-ognjista-obitelji-koje-iseljavaju\\\/\",\"url\":\"https:\\\/\\\/radioljubuski.ba\\\/index.php\\\/2022\\\/07\\\/02\\\/pokrenuli-posao-ureduju-ognjista-obitelji-koje-iseljavaju\\\/\",\"name\":\"Pokrenuli posao: Ure\u0111uju ognji\u0161ta obitelji koje iseljavaju - RADIO LJUBU\u0160KI\",\"isPartOf\":{\"@id\":\"https:\\\/\\\/radioljubuski.ba\\\/#website\"},\"primaryImageOfPage\":{\"@id\":\"https:\\\/\\\/radioljubuski.ba\\\/index.php\\\/2022\\\/07\\\/02\\\/pokrenuli-posao-ureduju-ognjista-obitelji-koje-iseljavaju\\\/#primaryimage\"},\"image\":{\"@id\":\"https:\\\/\\\/radioljubuski.ba\\\/index.php\\\/2022\\\/07\\\/02\\\/pokrenuli-posao-ureduju-ognjista-obitelji-koje-iseljavaju\\\/#primaryimage\"},\"thumbnailUrl\":\"https:\\\/\\\/radioljubuski.ba\\\/wp-content\\\/uploads\\\/2022\\\/07\\\/8-2022-07-02-15-59-20-dvoriste.png\",\"datePublished\":\"2022-07-02T15:08:06+00:00\",\"dateModified\":\"2022-07-02T15:08:07+00:00\",\"breadcrumb\":{\"@id\":\"https:\\\/\\\/radioljubuski.ba\\\/index.php\\\/2022\\\/07\\\/02\\\/pokrenuli-posao-ureduju-ognjista-obitelji-koje-iseljavaju\\\/#breadcrumb\"},\"inLanguage\":\"hr\",\"potentialAction\":[{\"@type\":\"ReadAction\",\"target\":[\"https:\\\/\\\/radioljubuski.ba\\\/index.php\\\/2022\\\/07\\\/02\\\/pokrenuli-posao-ureduju-ognjista-obitelji-koje-iseljavaju\\\/\"]}]},{\"@type\":\"ImageObject\",\"inLanguage\":\"hr\",\"@id\":\"https:\\\/\\\/radioljubuski.ba\\\/index.php\\\/2022\\\/07\\\/02\\\/pokrenuli-posao-ureduju-ognjista-obitelji-koje-iseljavaju\\\/#primaryimage\",\"url\":\"https:\\\/\\\/radioljubuski.ba\\\/wp-content\\\/uploads\\\/2022\\\/07\\\/8-2022-07-02-15-59-20-dvoriste.png\",\"contentUrl\":\"https:\\\/\\\/radioljubuski.ba\\\/wp-content\\\/uploads\\\/2022\\\/07\\\/8-2022-07-02-15-59-20-dvoriste.png\",\"width\":1000,\"height\":625},{\"@type\":\"BreadcrumbList\",\"@id\":\"https:\\\/\\\/radioljubuski.ba\\\/index.php\\\/2022\\\/07\\\/02\\\/pokrenuli-posao-ureduju-ognjista-obitelji-koje-iseljavaju\\\/#breadcrumb\",\"itemListElement\":[{\"@type\":\"ListItem\",\"position\":1,\"name\":\"Po\u010detna stranica\",\"item\":\"https:\\\/\\\/radioljubuski.ba\\\/\"},{\"@type\":\"ListItem\",\"position\":2,\"name\":\"Pokrenuli posao: Ure\u0111uju ognji\u0161ta obitelji koje iseljavaju\"}]},{\"@type\":\"WebSite\",\"@id\":\"https:\\\/\\\/radioljubuski.ba\\\/#website\",\"url\":\"https:\\\/\\\/radioljubuski.ba\\\/\",\"name\":\"Radio Ljubu\u0161ki\",\"description\":\"Sun\u010dana frekvencija Hercegovine\",\"publisher\":{\"@id\":\"https:\\\/\\\/radioljubuski.ba\\\/#organization\"},\"potentialAction\":[{\"@type\":\"SearchAction\",\"target\":{\"@type\":\"EntryPoint\",\"urlTemplate\":\"https:\\\/\\\/radioljubuski.ba\\\/?s={search_term_string}\"},\"query-input\":{\"@type\":\"PropertyValueSpecification\",\"valueRequired\":true,\"valueName\":\"search_term_string\"}}],\"inLanguage\":\"hr\"},{\"@type\":\"Organization\",\"@id\":\"https:\\\/\\\/radioljubuski.ba\\\/#organization\",\"name\":\"Radio Ljubu\u0161ki\",\"url\":\"https:\\\/\\\/radioljubuski.ba\\\/\",\"logo\":{\"@type\":\"ImageObject\",\"inLanguage\":\"hr\",\"@id\":\"https:\\\/\\\/radioljubuski.ba\\\/#\\\/schema\\\/logo\\\/image\\\/\",\"url\":\"https:\\\/\\\/radioljubuski.ba\\\/wp-content\\\/uploads\\\/2021\\\/02\\\/cropped-Radio_Ljubuski_logo1.jpg\",\"contentUrl\":\"https:\\\/\\\/radioljubuski.ba\\\/wp-content\\\/uploads\\\/2021\\\/02\\\/cropped-Radio_Ljubuski_logo1.jpg\",\"width\":512,\"height\":512,\"caption\":\"Radio Ljubu\u0161ki\"},\"image\":{\"@id\":\"https:\\\/\\\/radioljubuski.ba\\\/#\\\/schema\\\/logo\\\/image\\\/\"},\"sameAs\":[\"https:\\\/\\\/www.facebook.com\\\/Radiio-Ljubuski-1490835324566332\",\"https:\\\/\\\/x.com\\\/radioljubuski\",\"https:\\\/\\\/hr.linkedin.com\\\/company\\\/radio-ljubuski\",\"https:\\\/\\\/www.youtube.com\\\/channel\\\/UCHYaeO_n0Db3tjNGudGpXyw\"]},{\"@type\":\"Person\",\"@id\":\"https:\\\/\\\/radioljubuski.ba\\\/#\\\/schema\\\/person\\\/19fc700381a780f69665d7956c469e3b\",\"name\":\"Radio Ljubu\u0161ki\"}]}<\/script>\n<!-- \/ Yoast SEO plugin. -->","yoast_head_json":{"title":"Pokrenuli posao: Ure\u0111uju ognji\u0161ta obitelji koje iseljavaju - RADIO LJUBU\u0160KI","robots":{"index":"index","follow":"follow","max-snippet":"max-snippet:-1","max-image-preview":"max-image-preview:large","max-video-preview":"max-video-preview:-1"},"canonical":"https:\/\/radioljubuski.ba\/index.php\/2022\/07\/02\/pokrenuli-posao-ureduju-ognjista-obitelji-koje-iseljavaju\/","og_locale":"hr_HR","og_type":"article","og_title":"Pokrenuli posao: Ure\u0111uju ognji\u0161ta obitelji koje iseljavaju - RADIO LJUBU\u0160KI","og_description":"Na podru\u010dju cijele Bosne i Hercegovine primijetno je iseljavanje mladih ljudi u inozemstvo, u zadnje vrijeme odlaze kompletne obitelji i iza sebe ostavljaju\u0107i prazne ku\u0107e i dvori\u0161ta. Nekoliko mladih ljudi iz op\u0107ine Gornji Vakuf \u2013 Uskoplje, upravo u tome je vidjelo priliku za dodatnu zaradu, na po\u0161ten na\u010din, naravno. Odlu\u010dili su ponuditi, za sada svojim [&hellip;]","og_url":"https:\/\/radioljubuski.ba\/index.php\/2022\/07\/02\/pokrenuli-posao-ureduju-ognjista-obitelji-koje-iseljavaju\/","og_site_name":"RADIO LJUBU\u0160KI","article_publisher":"https:\/\/www.facebook.com\/Radiio-Ljubuski-1490835324566332","article_published_time":"2022-07-02T15:08:06+00:00","article_modified_time":"2022-07-02T15:08:07+00:00","og_image":[{"width":1000,"height":625,"url":"https:\/\/radioljubuski.ba\/wp-content\/uploads\/2022\/07\/8-2022-07-02-15-59-20-dvoriste.png","type":"image\/png"}],"author":"Radio Ljubu\u0161ki","twitter_card":"summary_large_image","twitter_creator":"@radioljubuski","twitter_site":"@radioljubuski","twitter_misc":{"Napisao\/la":"Radio Ljubu\u0161ki","Procijenjeno vrijeme \u010ditanja":"2 minute"},"schema":{"@context":"https:\/\/schema.org","@graph":[{"@type":"Article","@id":"https:\/\/radioljubuski.ba\/index.php\/2022\/07\/02\/pokrenuli-posao-ureduju-ognjista-obitelji-koje-iseljavaju\/#article","isPartOf":{"@id":"https:\/\/radioljubuski.ba\/index.php\/2022\/07\/02\/pokrenuli-posao-ureduju-ognjista-obitelji-koje-iseljavaju\/"},"author":{"name":"Radio Ljubu\u0161ki","@id":"https:\/\/radioljubuski.ba\/#\/schema\/person\/19fc700381a780f69665d7956c469e3b"},"headline":"Pokrenuli posao: Ure\u0111uju ognji\u0161ta obitelji koje iseljavaju","datePublished":"2022-07-02T15:08:06+00:00","dateModified":"2022-07-02T15:08:07+00:00","mainEntityOfPage":{"@id":"https:\/\/radioljubuski.ba\/index.php\/2022\/07\/02\/pokrenuli-posao-ureduju-ognjista-obitelji-koje-iseljavaju\/"},"wordCount":384,"publisher":{"@id":"https:\/\/radioljubuski.ba\/#organization"},"image":{"@id":"https:\/\/radioljubuski.ba\/index.php\/2022\/07\/02\/pokrenuli-posao-ureduju-ognjista-obitelji-koje-iseljavaju\/#primaryimage"},"thumbnailUrl":"https:\/\/radioljubuski.ba\/wp-content\/uploads\/2022\/07\/8-2022-07-02-15-59-20-dvoriste.png","articleSection":["BIH i regija"],"inLanguage":"hr"},{"@type":"WebPage","@id":"https:\/\/radioljubuski.ba\/index.php\/2022\/07\/02\/pokrenuli-posao-ureduju-ognjista-obitelji-koje-iseljavaju\/","url":"https:\/\/radioljubuski.ba\/index.php\/2022\/07\/02\/pokrenuli-posao-ureduju-ognjista-obitelji-koje-iseljavaju\/","name":"Pokrenuli posao: Ure\u0111uju ognji\u0161ta obitelji koje iseljavaju - RADIO LJUBU\u0160KI","isPartOf":{"@id":"https:\/\/radioljubuski.ba\/#website"},"primaryImageOfPage":{"@id":"https:\/\/radioljubuski.ba\/index.php\/2022\/07\/02\/pokrenuli-posao-ureduju-ognjista-obitelji-koje-iseljavaju\/#primaryimage"},"image":{"@id":"https:\/\/radioljubuski.ba\/index.php\/2022\/07\/02\/pokrenuli-posao-ureduju-ognjista-obitelji-koje-iseljavaju\/#primaryimage"},"thumbnailUrl":"https:\/\/radioljubuski.ba\/wp-content\/uploads\/2022\/07\/8-2022-07-02-15-59-20-dvoriste.png","datePublished":"2022-07-02T15:08:06+00:00","dateModified":"2022-07-02T15:08:07+00:00","breadcrumb":{"@id":"https:\/\/radioljubuski.ba\/index.php\/2022\/07\/02\/pokrenuli-posao-ureduju-ognjista-obitelji-koje-iseljavaju\/#breadcrumb"},"inLanguage":"hr","potentialAction":[{"@type":"ReadAction","target":["https:\/\/radioljubuski.ba\/index.php\/2022\/07\/02\/pokrenuli-posao-ureduju-ognjista-obitelji-koje-iseljavaju\/"]}]},{"@type":"ImageObject","inLanguage":"hr","@id":"https:\/\/radioljubuski.ba\/index.php\/2022\/07\/02\/pokrenuli-posao-ureduju-ognjista-obitelji-koje-iseljavaju\/#primaryimage","url":"https:\/\/radioljubuski.ba\/wp-content\/uploads\/2022\/07\/8-2022-07-02-15-59-20-dvoriste.png","contentUrl":"https:\/\/radioljubuski.ba\/wp-content\/uploads\/2022\/07\/8-2022-07-02-15-59-20-dvoriste.png","width":1000,"height":625},{"@type":"BreadcrumbList","@id":"https:\/\/radioljubuski.ba\/index.php\/2022\/07\/02\/pokrenuli-posao-ureduju-ognjista-obitelji-koje-iseljavaju\/#breadcrumb","itemListElement":[{"@type":"ListItem","position":1,"name":"Po\u010detna stranica","item":"https:\/\/radioljubuski.ba\/"},{"@type":"ListItem","position":2,"name":"Pokrenuli posao: Ure\u0111uju ognji\u0161ta obitelji koje iseljavaju"}]},{"@type":"WebSite","@id":"https:\/\/radioljubuski.ba\/#website","url":"https:\/\/radioljubuski.ba\/","name":"Radio Ljubu\u0161ki","description":"Sun\u010dana frekvencija Hercegovine","publisher":{"@id":"https:\/\/radioljubuski.ba\/#organization"},"potentialAction":[{"@type":"SearchAction","target":{"@type":"EntryPoint","urlTemplate":"https:\/\/radioljubuski.ba\/?s={search_term_string}"},"query-input":{"@type":"PropertyValueSpecification","valueRequired":true,"valueName":"search_term_string"}}],"inLanguage":"hr"},{"@type":"Organization","@id":"https:\/\/radioljubuski.ba\/#organization","name":"Radio Ljubu\u0161ki","url":"https:\/\/radioljubuski.ba\/","logo":{"@type":"ImageObject","inLanguage":"hr","@id":"https:\/\/radioljubuski.ba\/#\/schema\/logo\/image\/","url":"https:\/\/radioljubuski.ba\/wp-content\/uploads\/2021\/02\/cropped-Radio_Ljubuski_logo1.jpg","contentUrl":"https:\/\/radioljubuski.ba\/wp-content\/uploads\/2021\/02\/cropped-Radio_Ljubuski_logo1.jpg","width":512,"height":512,"caption":"Radio Ljubu\u0161ki"},"image":{"@id":"https:\/\/radioljubuski.ba\/#\/schema\/logo\/image\/"},"sameAs":["https:\/\/www.facebook.com\/Radiio-Ljubuski-1490835324566332","https:\/\/x.com\/radioljubuski","https:\/\/hr.linkedin.com\/company\/radio-ljubuski","https:\/\/www.youtube.com\/channel\/UCHYaeO_n0Db3tjNGudGpXyw"]},{"@type":"Person","@id":"https:\/\/radioljubuski.ba\/#\/schema\/person\/19fc700381a780f69665d7956c469e3b","name":"Radio Ljubu\u0161ki"}]}},"_links":{"self":[{"href":"https:\/\/radioljubuski.ba\/index.php\/wp-json\/wp\/v2\/posts\/155438","targetHints":{"allow":["GET"]}}],"collection":[{"href":"https:\/\/radioljubuski.ba\/index.php\/wp-json\/wp\/v2\/posts"}],"about":[{"href":"https:\/\/radioljubuski.ba\/index.php\/wp-json\/wp\/v2\/types\/post"}],"author":[{"embeddable":true,"href":"https:\/\/radioljubuski.ba\/index.php\/wp-json\/wp\/v2\/users\/2"}],"replies":[{"embeddable":true,"href":"https:\/\/radioljubuski.ba\/index.php\/wp-json\/wp\/v2\/comments?post=155438"}],"version-history":[{"count":1,"href":"https:\/\/radioljubuski.ba\/index.php\/wp-json\/wp\/v2\/posts\/155438\/revisions"}],"predecessor-version":[{"id":155440,"href":"https:\/\/radioljubuski.ba\/index.php\/wp-json\/wp\/v2\/posts\/155438\/revisions\/155440"}],"wp:featuredmedia":[{"embeddable":true,"href":"https:\/\/radioljubuski.ba\/index.php\/wp-json\/wp\/v2\/media\/155439"}],"wp:attachment":[{"href":"https:\/\/radioljubuski.ba\/index.php\/wp-json\/wp\/v2\/media?parent=155438"}],"wp:term":[{"taxonomy":"category","embeddable":true,"href":"https:\/\/radioljubuski.ba\/index.php\/wp-json\/wp\/v2\/categories?post=155438"},{"taxonomy":"post_tag","embeddable":true,"href":"https:\/\/radioljubuski.ba\/index.php\/wp-json\/wp\/v2\/tags?post=155438"}],"curies":[{"name":"wp","href":"https:\/\/api.w.org\/{rel}","templated":true}]}}