{"id":155447,"date":"2022-07-02T16:12:24","date_gmt":"2022-07-02T15:12:24","guid":{"rendered":"https:\/\/radioljubuski.ba\/?p=155447"},"modified":"2022-07-02T16:12:25","modified_gmt":"2022-07-02T15:12:25","slug":"kamiondzije-u-bih-stupaju-u-strajk","status":"publish","type":"post","link":"https:\/\/radioljubuski.ba\/index.php\/2022\/07\/02\/kamiondzije-u-bih-stupaju-u-strajk\/","title":{"rendered":"Kamiond\u017eije u BiH stupaju u \u0161trajk!"},"content":{"rendered":"\n<p>Prijevoznici u BiH za ponedjeljak su najavili obustavljanje transporta roba kako bi skrenuli pa\u017enju na neizdr\u017eiv polo\u017eaj ovog sektora zbog stalnog rasta cijena goriva.<\/p>\n\n\n\n<p>Na ovaj korak odlu\u010dili su se nakon \u0161to prethodni prosvjedi, niz upozorenja i apeli entitetskim vladama i Vije\u0107u ministara BiH nisu rezultirali nikakvim odlukama.<\/p>\n\n\n\n<p>&#8211; Dogovorili smo se da od ponedjeljka stanemo svi mi koji smo nezadovoljni cijenama goriva i na\u010dinom opho\u0111enja dr\u017eave prema ovoj uslu\u017enoj djelatnosti. Stajemo i ne\u0107emo tovariti i voziti narednih deset dana &#8211; ka\u017ee za <a href=\"https:\/\/avaz.ba\/vijesti\/bih\/755033\/kamiondzije-stupaju-u-strajk\" target=\"_blank\" rel=\"noreferrer noopener\">Avaz <\/a>Nikola Grbi\u0107, predsjednik Udru\u017eenja prijevoznika RS.<\/p>\n\n\n\n<p>Ako ni u narednih deset dana ne budu donesene odluke koje od vlasti zahtijevaju prijevoznici, ali i ekonomski eksperti, privrednici, udru\u017eenja i gra\u0111ani, prosvjedi \u0107e biti produ\u017eavani na po pet dana.<\/p>\n\n\n\n<p>&#8211; Tako \u0107emo raditi sve dok ne do\u0111e do razgovora i ukidanja akciza na gorivo i limitiranja cijena goriva. Mi smo prije dva mjeseca imali mirnu prosvjednu vo\u017enju 300 kamiona od Lakta\u0161a do Banje Luke. Otad do danas nitko nas nije ni nazvao. Tra\u017eimo isti tretman kao \u0161to imaju kolege u zemljama okru\u017eenja. U Sloveniji se na svakih potro\u0161enih 1.000 litara prijevoznicima vra\u0107a 70 eura &#8211; isti\u010de Grbi\u0107.<\/p>\n\n\n\n<p>U sektoru transporta putnika ovakav korak ne mogu poduzeti, jer bi u slu\u010daju obustavljanja autobuskog prometa dr\u017eava do\u017eivjela kolaps.<\/p>\n\n\n\n<p>Me\u0111utim, \u010dlan Upravnog odbora Udru\u017eenja poslodavaca FBiH i direktor kompanije \u201eCentrotrans\u201c Safudin \u010cengi\u0107 upozorava da dr\u017eava mora hitno reagirati.<\/p>\n\n\n\n<p>&#8211; Imam osje\u0107aj da se u BiH i za lijek trguje, a ne za gorivo. Svi postavljaju uvjete pod kojima \u0107e se to i to uraditi. Mislim na vlade, konkretno. Rekordni su prihodi bud\u017eeta, ljudi sve vi\u0161e ugro\u017eeni, a oni ne znaju kako taj novac potro\u0161iti. Na\u0161 stav je da je neophodno da vlada hitno reagira &#8211; isti\u010de \u010cengi\u0107.<\/p>\n\n\n\n<p>Osim \u0161to je smanjila akcize na goriva i PDV na odre\u0111ene proizvode te ograni\u010dila cijene goriva, Hrvatska planira od jeseni najugro\u017eenijim grupama stanovni\u0161tva dijeliti vau\u010dere za gorivo. Radi se o jo\u0161 jednoj mjeri kojom bi se zna\u010dajno smanjio utjecaj enormnih poskupljenja goriva na standard gra\u0111ana. Vlasti u BiH do danas nisu poduzele ni\u0161ta.<\/p>\n\n\n\n<p>Izvor:avaz.ba<\/p>\n","protected":false},"excerpt":{"rendered":"<p>Prijevoznici u BiH za ponedjeljak su najavili obustavljanje transporta roba kako bi skrenuli pa\u017enju na neizdr\u017eiv polo\u017eaj ovog sektora zbog stalnog rasta cijena goriva. Na ovaj korak odlu\u010dili su se nakon \u0161to prethodni prosvjedi, niz upozorenja i apeli entitetskim vladama i Vije\u0107u ministara BiH nisu rezultirali nikakvim odlukama. &#8211; Dogovorili smo se da od ponedjeljka [&hellip;]<\/p>\n","protected":false},"author":2,"featured_media":88416,"comment_status":"closed","ping_status":"closed","sticky":false,"template":"","format":"standard","meta":{"h5ap_radio_sources":[],"footnotes":""},"categories":[1],"tags":[],"class_list":["post-155447","post","type-post","status-publish","format-standard","has-post-thumbnail","hentry","category-bihiregija"],"yoast_head":"<!-- This site is optimized with the Yoast SEO plugin v27.5 - https:\/\/yoast.com\/product\/yoast-seo-wordpress\/ -->\n<title>Kamiond\u017eije u BiH stupaju u \u0161trajk! - RADIO LJUBU\u0160KI<\/title>\n<meta name=\"robots\" content=\"index, follow, max-snippet:-1, max-image-preview:large, max-video-preview:-1\" \/>\n<link rel=\"canonical\" href=\"https:\/\/radioljubuski.ba\/index.php\/2022\/07\/02\/kamiondzije-u-bih-stupaju-u-strajk\/\" \/>\n<meta property=\"og:locale\" content=\"hr_HR\" \/>\n<meta property=\"og:type\" content=\"article\" \/>\n<meta property=\"og:title\" content=\"Kamiond\u017eije u BiH stupaju u \u0161trajk! - RADIO LJUBU\u0160KI\" \/>\n<meta property=\"og:description\" content=\"Prijevoznici u BiH za ponedjeljak su najavili obustavljanje transporta roba kako bi skrenuli pa\u017enju na neizdr\u017eiv polo\u017eaj ovog sektora zbog stalnog rasta cijena goriva. Na ovaj korak odlu\u010dili su se nakon \u0161to prethodni prosvjedi, niz upozorenja i apeli entitetskim vladama i Vije\u0107u ministara BiH nisu rezultirali nikakvim odlukama. &#8211; Dogovorili smo se da od ponedjeljka [&hellip;]\" \/>\n<meta property=\"og:url\" content=\"https:\/\/radioljubuski.ba\/index.php\/2022\/07\/02\/kamiondzije-u-bih-stupaju-u-strajk\/\" \/>\n<meta property=\"og:site_name\" content=\"RADIO LJUBU\u0160KI\" \/>\n<meta property=\"article:publisher\" content=\"https:\/\/www.facebook.com\/Radiio-Ljubuski-1490835324566332\" \/>\n<meta property=\"article:published_time\" content=\"2022-07-02T15:12:24+00:00\" \/>\n<meta property=\"article:modified_time\" content=\"2022-07-02T15:12:25+00:00\" \/>\n<meta property=\"og:image\" content=\"https:\/\/radioljubuski.ba\/wp-content\/uploads\/2021\/11\/fKjcnVpT_izvoz_kamioni.jpg\" \/>\n\t<meta property=\"og:image:width\" content=\"1000\" \/>\n\t<meta property=\"og:image:height\" content=\"625\" \/>\n\t<meta property=\"og:image:type\" content=\"image\/jpeg\" \/>\n<meta name=\"author\" content=\"Radio Ljubu\u0161ki\" \/>\n<meta name=\"twitter:card\" content=\"summary_large_image\" \/>\n<meta name=\"twitter:creator\" content=\"@radioljubuski\" \/>\n<meta name=\"twitter:site\" content=\"@radioljubuski\" \/>\n<meta name=\"twitter:label1\" content=\"Napisao\/la\" \/>\n\t<meta name=\"twitter:data1\" content=\"Radio Ljubu\u0161ki\" \/>\n\t<meta name=\"twitter:label2\" content=\"Procijenjeno vrijeme \u010ditanja\" \/>\n\t<meta name=\"twitter:data2\" content=\"2 minute\" \/>\n<script type=\"application\/ld+json\" class=\"yoast-schema-graph\">{\"@context\":\"https:\\\/\\\/schema.org\",\"@graph\":[{\"@type\":\"Article\",\"@id\":\"https:\\\/\\\/radioljubuski.ba\\\/index.php\\\/2022\\\/07\\\/02\\\/kamiondzije-u-bih-stupaju-u-strajk\\\/#article\",\"isPartOf\":{\"@id\":\"https:\\\/\\\/radioljubuski.ba\\\/index.php\\\/2022\\\/07\\\/02\\\/kamiondzije-u-bih-stupaju-u-strajk\\\/\"},\"author\":{\"name\":\"Radio Ljubu\u0161ki\",\"@id\":\"https:\\\/\\\/radioljubuski.ba\\\/#\\\/schema\\\/person\\\/19fc700381a780f69665d7956c469e3b\"},\"headline\":\"Kamiond\u017eije u BiH stupaju u \u0161trajk!\",\"datePublished\":\"2022-07-02T15:12:24+00:00\",\"dateModified\":\"2022-07-02T15:12:25+00:00\",\"mainEntityOfPage\":{\"@id\":\"https:\\\/\\\/radioljubuski.ba\\\/index.php\\\/2022\\\/07\\\/02\\\/kamiondzije-u-bih-stupaju-u-strajk\\\/\"},\"wordCount\":389,\"publisher\":{\"@id\":\"https:\\\/\\\/radioljubuski.ba\\\/#organization\"},\"image\":{\"@id\":\"https:\\\/\\\/radioljubuski.ba\\\/index.php\\\/2022\\\/07\\\/02\\\/kamiondzije-u-bih-stupaju-u-strajk\\\/#primaryimage\"},\"thumbnailUrl\":\"https:\\\/\\\/radioljubuski.ba\\\/wp-content\\\/uploads\\\/2021\\\/11\\\/fKjcnVpT_izvoz_kamioni.jpg\",\"articleSection\":[\"BIH i regija\"],\"inLanguage\":\"hr\"},{\"@type\":\"WebPage\",\"@id\":\"https:\\\/\\\/radioljubuski.ba\\\/index.php\\\/2022\\\/07\\\/02\\\/kamiondzije-u-bih-stupaju-u-strajk\\\/\",\"url\":\"https:\\\/\\\/radioljubuski.ba\\\/index.php\\\/2022\\\/07\\\/02\\\/kamiondzije-u-bih-stupaju-u-strajk\\\/\",\"name\":\"Kamiond\u017eije u BiH stupaju u \u0161trajk! - RADIO LJUBU\u0160KI\",\"isPartOf\":{\"@id\":\"https:\\\/\\\/radioljubuski.ba\\\/#website\"},\"primaryImageOfPage\":{\"@id\":\"https:\\\/\\\/radioljubuski.ba\\\/index.php\\\/2022\\\/07\\\/02\\\/kamiondzije-u-bih-stupaju-u-strajk\\\/#primaryimage\"},\"image\":{\"@id\":\"https:\\\/\\\/radioljubuski.ba\\\/index.php\\\/2022\\\/07\\\/02\\\/kamiondzije-u-bih-stupaju-u-strajk\\\/#primaryimage\"},\"thumbnailUrl\":\"https:\\\/\\\/radioljubuski.ba\\\/wp-content\\\/uploads\\\/2021\\\/11\\\/fKjcnVpT_izvoz_kamioni.jpg\",\"datePublished\":\"2022-07-02T15:12:24+00:00\",\"dateModified\":\"2022-07-02T15:12:25+00:00\",\"breadcrumb\":{\"@id\":\"https:\\\/\\\/radioljubuski.ba\\\/index.php\\\/2022\\\/07\\\/02\\\/kamiondzije-u-bih-stupaju-u-strajk\\\/#breadcrumb\"},\"inLanguage\":\"hr\",\"potentialAction\":[{\"@type\":\"ReadAction\",\"target\":[\"https:\\\/\\\/radioljubuski.ba\\\/index.php\\\/2022\\\/07\\\/02\\\/kamiondzije-u-bih-stupaju-u-strajk\\\/\"]}]},{\"@type\":\"ImageObject\",\"inLanguage\":\"hr\",\"@id\":\"https:\\\/\\\/radioljubuski.ba\\\/index.php\\\/2022\\\/07\\\/02\\\/kamiondzije-u-bih-stupaju-u-strajk\\\/#primaryimage\",\"url\":\"https:\\\/\\\/radioljubuski.ba\\\/wp-content\\\/uploads\\\/2021\\\/11\\\/fKjcnVpT_izvoz_kamioni.jpg\",\"contentUrl\":\"https:\\\/\\\/radioljubuski.ba\\\/wp-content\\\/uploads\\\/2021\\\/11\\\/fKjcnVpT_izvoz_kamioni.jpg\",\"width\":1000,\"height\":625},{\"@type\":\"BreadcrumbList\",\"@id\":\"https:\\\/\\\/radioljubuski.ba\\\/index.php\\\/2022\\\/07\\\/02\\\/kamiondzije-u-bih-stupaju-u-strajk\\\/#breadcrumb\",\"itemListElement\":[{\"@type\":\"ListItem\",\"position\":1,\"name\":\"Po\u010detna stranica\",\"item\":\"https:\\\/\\\/radioljubuski.ba\\\/\"},{\"@type\":\"ListItem\",\"position\":2,\"name\":\"Kamiond\u017eije u BiH stupaju u \u0161trajk!\"}]},{\"@type\":\"WebSite\",\"@id\":\"https:\\\/\\\/radioljubuski.ba\\\/#website\",\"url\":\"https:\\\/\\\/radioljubuski.ba\\\/\",\"name\":\"Radio Ljubu\u0161ki\",\"description\":\"Sun\u010dana frekvencija Hercegovine\",\"publisher\":{\"@id\":\"https:\\\/\\\/radioljubuski.ba\\\/#organization\"},\"potentialAction\":[{\"@type\":\"SearchAction\",\"target\":{\"@type\":\"EntryPoint\",\"urlTemplate\":\"https:\\\/\\\/radioljubuski.ba\\\/?s={search_term_string}\"},\"query-input\":{\"@type\":\"PropertyValueSpecification\",\"valueRequired\":true,\"valueName\":\"search_term_string\"}}],\"inLanguage\":\"hr\"},{\"@type\":\"Organization\",\"@id\":\"https:\\\/\\\/radioljubuski.ba\\\/#organization\",\"name\":\"Radio Ljubu\u0161ki\",\"url\":\"https:\\\/\\\/radioljubuski.ba\\\/\",\"logo\":{\"@type\":\"ImageObject\",\"inLanguage\":\"hr\",\"@id\":\"https:\\\/\\\/radioljubuski.ba\\\/#\\\/schema\\\/logo\\\/image\\\/\",\"url\":\"https:\\\/\\\/radioljubuski.ba\\\/wp-content\\\/uploads\\\/2021\\\/02\\\/cropped-Radio_Ljubuski_logo1.jpg\",\"contentUrl\":\"https:\\\/\\\/radioljubuski.ba\\\/wp-content\\\/uploads\\\/2021\\\/02\\\/cropped-Radio_Ljubuski_logo1.jpg\",\"width\":512,\"height\":512,\"caption\":\"Radio Ljubu\u0161ki\"},\"image\":{\"@id\":\"https:\\\/\\\/radioljubuski.ba\\\/#\\\/schema\\\/logo\\\/image\\\/\"},\"sameAs\":[\"https:\\\/\\\/www.facebook.com\\\/Radiio-Ljubuski-1490835324566332\",\"https:\\\/\\\/x.com\\\/radioljubuski\",\"https:\\\/\\\/hr.linkedin.com\\\/company\\\/radio-ljubuski\",\"https:\\\/\\\/www.youtube.com\\\/channel\\\/UCHYaeO_n0Db3tjNGudGpXyw\"]},{\"@type\":\"Person\",\"@id\":\"https:\\\/\\\/radioljubuski.ba\\\/#\\\/schema\\\/person\\\/19fc700381a780f69665d7956c469e3b\",\"name\":\"Radio Ljubu\u0161ki\"}]}<\/script>\n<!-- \/ Yoast SEO plugin. -->","yoast_head_json":{"title":"Kamiond\u017eije u BiH stupaju u \u0161trajk! - RADIO LJUBU\u0160KI","robots":{"index":"index","follow":"follow","max-snippet":"max-snippet:-1","max-image-preview":"max-image-preview:large","max-video-preview":"max-video-preview:-1"},"canonical":"https:\/\/radioljubuski.ba\/index.php\/2022\/07\/02\/kamiondzije-u-bih-stupaju-u-strajk\/","og_locale":"hr_HR","og_type":"article","og_title":"Kamiond\u017eije u BiH stupaju u \u0161trajk! - RADIO LJUBU\u0160KI","og_description":"Prijevoznici u BiH za ponedjeljak su najavili obustavljanje transporta roba kako bi skrenuli pa\u017enju na neizdr\u017eiv polo\u017eaj ovog sektora zbog stalnog rasta cijena goriva. Na ovaj korak odlu\u010dili su se nakon \u0161to prethodni prosvjedi, niz upozorenja i apeli entitetskim vladama i Vije\u0107u ministara BiH nisu rezultirali nikakvim odlukama. &#8211; Dogovorili smo se da od ponedjeljka [&hellip;]","og_url":"https:\/\/radioljubuski.ba\/index.php\/2022\/07\/02\/kamiondzije-u-bih-stupaju-u-strajk\/","og_site_name":"RADIO LJUBU\u0160KI","article_publisher":"https:\/\/www.facebook.com\/Radiio-Ljubuski-1490835324566332","article_published_time":"2022-07-02T15:12:24+00:00","article_modified_time":"2022-07-02T15:12:25+00:00","og_image":[{"width":1000,"height":625,"url":"https:\/\/radioljubuski.ba\/wp-content\/uploads\/2021\/11\/fKjcnVpT_izvoz_kamioni.jpg","type":"image\/jpeg"}],"author":"Radio Ljubu\u0161ki","twitter_card":"summary_large_image","twitter_creator":"@radioljubuski","twitter_site":"@radioljubuski","twitter_misc":{"Napisao\/la":"Radio Ljubu\u0161ki","Procijenjeno vrijeme \u010ditanja":"2 minute"},"schema":{"@context":"https:\/\/schema.org","@graph":[{"@type":"Article","@id":"https:\/\/radioljubuski.ba\/index.php\/2022\/07\/02\/kamiondzije-u-bih-stupaju-u-strajk\/#article","isPartOf":{"@id":"https:\/\/radioljubuski.ba\/index.php\/2022\/07\/02\/kamiondzije-u-bih-stupaju-u-strajk\/"},"author":{"name":"Radio Ljubu\u0161ki","@id":"https:\/\/radioljubuski.ba\/#\/schema\/person\/19fc700381a780f69665d7956c469e3b"},"headline":"Kamiond\u017eije u BiH stupaju u \u0161trajk!","datePublished":"2022-07-02T15:12:24+00:00","dateModified":"2022-07-02T15:12:25+00:00","mainEntityOfPage":{"@id":"https:\/\/radioljubuski.ba\/index.php\/2022\/07\/02\/kamiondzije-u-bih-stupaju-u-strajk\/"},"wordCount":389,"publisher":{"@id":"https:\/\/radioljubuski.ba\/#organization"},"image":{"@id":"https:\/\/radioljubuski.ba\/index.php\/2022\/07\/02\/kamiondzije-u-bih-stupaju-u-strajk\/#primaryimage"},"thumbnailUrl":"https:\/\/radioljubuski.ba\/wp-content\/uploads\/2021\/11\/fKjcnVpT_izvoz_kamioni.jpg","articleSection":["BIH i regija"],"inLanguage":"hr"},{"@type":"WebPage","@id":"https:\/\/radioljubuski.ba\/index.php\/2022\/07\/02\/kamiondzije-u-bih-stupaju-u-strajk\/","url":"https:\/\/radioljubuski.ba\/index.php\/2022\/07\/02\/kamiondzije-u-bih-stupaju-u-strajk\/","name":"Kamiond\u017eije u BiH stupaju u \u0161trajk! - RADIO LJUBU\u0160KI","isPartOf":{"@id":"https:\/\/radioljubuski.ba\/#website"},"primaryImageOfPage":{"@id":"https:\/\/radioljubuski.ba\/index.php\/2022\/07\/02\/kamiondzije-u-bih-stupaju-u-strajk\/#primaryimage"},"image":{"@id":"https:\/\/radioljubuski.ba\/index.php\/2022\/07\/02\/kamiondzije-u-bih-stupaju-u-strajk\/#primaryimage"},"thumbnailUrl":"https:\/\/radioljubuski.ba\/wp-content\/uploads\/2021\/11\/fKjcnVpT_izvoz_kamioni.jpg","datePublished":"2022-07-02T15:12:24+00:00","dateModified":"2022-07-02T15:12:25+00:00","breadcrumb":{"@id":"https:\/\/radioljubuski.ba\/index.php\/2022\/07\/02\/kamiondzije-u-bih-stupaju-u-strajk\/#breadcrumb"},"inLanguage":"hr","potentialAction":[{"@type":"ReadAction","target":["https:\/\/radioljubuski.ba\/index.php\/2022\/07\/02\/kamiondzije-u-bih-stupaju-u-strajk\/"]}]},{"@type":"ImageObject","inLanguage":"hr","@id":"https:\/\/radioljubuski.ba\/index.php\/2022\/07\/02\/kamiondzije-u-bih-stupaju-u-strajk\/#primaryimage","url":"https:\/\/radioljubuski.ba\/wp-content\/uploads\/2021\/11\/fKjcnVpT_izvoz_kamioni.jpg","contentUrl":"https:\/\/radioljubuski.ba\/wp-content\/uploads\/2021\/11\/fKjcnVpT_izvoz_kamioni.jpg","width":1000,"height":625},{"@type":"BreadcrumbList","@id":"https:\/\/radioljubuski.ba\/index.php\/2022\/07\/02\/kamiondzije-u-bih-stupaju-u-strajk\/#breadcrumb","itemListElement":[{"@type":"ListItem","position":1,"name":"Po\u010detna stranica","item":"https:\/\/radioljubuski.ba\/"},{"@type":"ListItem","position":2,"name":"Kamiond\u017eije u BiH stupaju u \u0161trajk!"}]},{"@type":"WebSite","@id":"https:\/\/radioljubuski.ba\/#website","url":"https:\/\/radioljubuski.ba\/","name":"Radio Ljubu\u0161ki","description":"Sun\u010dana frekvencija Hercegovine","publisher":{"@id":"https:\/\/radioljubuski.ba\/#organization"},"potentialAction":[{"@type":"SearchAction","target":{"@type":"EntryPoint","urlTemplate":"https:\/\/radioljubuski.ba\/?s={search_term_string}"},"query-input":{"@type":"PropertyValueSpecification","valueRequired":true,"valueName":"search_term_string"}}],"inLanguage":"hr"},{"@type":"Organization","@id":"https:\/\/radioljubuski.ba\/#organization","name":"Radio Ljubu\u0161ki","url":"https:\/\/radioljubuski.ba\/","logo":{"@type":"ImageObject","inLanguage":"hr","@id":"https:\/\/radioljubuski.ba\/#\/schema\/logo\/image\/","url":"https:\/\/radioljubuski.ba\/wp-content\/uploads\/2021\/02\/cropped-Radio_Ljubuski_logo1.jpg","contentUrl":"https:\/\/radioljubuski.ba\/wp-content\/uploads\/2021\/02\/cropped-Radio_Ljubuski_logo1.jpg","width":512,"height":512,"caption":"Radio Ljubu\u0161ki"},"image":{"@id":"https:\/\/radioljubuski.ba\/#\/schema\/logo\/image\/"},"sameAs":["https:\/\/www.facebook.com\/Radiio-Ljubuski-1490835324566332","https:\/\/x.com\/radioljubuski","https:\/\/hr.linkedin.com\/company\/radio-ljubuski","https:\/\/www.youtube.com\/channel\/UCHYaeO_n0Db3tjNGudGpXyw"]},{"@type":"Person","@id":"https:\/\/radioljubuski.ba\/#\/schema\/person\/19fc700381a780f69665d7956c469e3b","name":"Radio Ljubu\u0161ki"}]}},"_links":{"self":[{"href":"https:\/\/radioljubuski.ba\/index.php\/wp-json\/wp\/v2\/posts\/155447","targetHints":{"allow":["GET"]}}],"collection":[{"href":"https:\/\/radioljubuski.ba\/index.php\/wp-json\/wp\/v2\/posts"}],"about":[{"href":"https:\/\/radioljubuski.ba\/index.php\/wp-json\/wp\/v2\/types\/post"}],"author":[{"embeddable":true,"href":"https:\/\/radioljubuski.ba\/index.php\/wp-json\/wp\/v2\/users\/2"}],"replies":[{"embeddable":true,"href":"https:\/\/radioljubuski.ba\/index.php\/wp-json\/wp\/v2\/comments?post=155447"}],"version-history":[{"count":1,"href":"https:\/\/radioljubuski.ba\/index.php\/wp-json\/wp\/v2\/posts\/155447\/revisions"}],"predecessor-version":[{"id":155448,"href":"https:\/\/radioljubuski.ba\/index.php\/wp-json\/wp\/v2\/posts\/155447\/revisions\/155448"}],"wp:featuredmedia":[{"embeddable":true,"href":"https:\/\/radioljubuski.ba\/index.php\/wp-json\/wp\/v2\/media\/88416"}],"wp:attachment":[{"href":"https:\/\/radioljubuski.ba\/index.php\/wp-json\/wp\/v2\/media?parent=155447"}],"wp:term":[{"taxonomy":"category","embeddable":true,"href":"https:\/\/radioljubuski.ba\/index.php\/wp-json\/wp\/v2\/categories?post=155447"},{"taxonomy":"post_tag","embeddable":true,"href":"https:\/\/radioljubuski.ba\/index.php\/wp-json\/wp\/v2\/tags?post=155447"}],"curies":[{"name":"wp","href":"https:\/\/api.w.org\/{rel}","templated":true}]}}