{"id":155462,"date":"2022-07-04T07:09:43","date_gmt":"2022-07-04T06:09:43","guid":{"rendered":"https:\/\/radioljubuski.ba\/?p=155462"},"modified":"2022-07-04T07:09:43","modified_gmt":"2022-07-04T06:09:43","slug":"poljoprivrednici-u-ljubuskom-zadovoljni-kazu-da-je-godina-za-njih-pozitivna","status":"publish","type":"post","link":"https:\/\/radioljubuski.ba\/index.php\/2022\/07\/04\/poljoprivrednici-u-ljubuskom-zadovoljni-kazu-da-je-godina-za-njih-pozitivna\/","title":{"rendered":"Poljoprivrednici u Ljubu\u0161kom zadovoljni, ka\u017eu da je godina za njih pozitivna"},"content":{"rendered":"\n<p>Ljubu\u0161ki rani krumpir jedan je od brendova tog kraja i prepoznatljiv je na cijelom tr\u017ei\u0161tu Bosne i Hercegovine i \u0161ire.<\/p>\n\n\n\n<p>Ove godine proizvelo se od osam do 10 tisu\u0107a tona mladog krumpira. Poljoprivrednici su usprkos enormnim poskupljenjima, zadovoljni i cijenom i koli\u010dinom i kvalitetom, u odnosu na pro\u0161lu godinu kada su bilje\u017eili gubitke. I grad Ljubu\u0161ki i Zapadnohercegova\u010dka \u017eupanija, uz podr\u0161ku europskih projekata, posljednjih godina su poljoprivredu podigli na ve\u0107i nivo.<\/p>\n\n\n\n<p>U Ljubu\u0161kom se ovih dana obavljaju zavr\u0161ni radovi na va\u0111enju mladog krumpira.&nbsp;<\/p>\n\n\n\n<p>Poljoprivredni proizvo\u0111a\u010di iz Ljubu\u0161kog ove su godine zasadili oko 350 hektara mladog krumpira. U poljoprivrednoj zadruzi kazu da \u0107e, za razliku od pro\u0161le godine kad su bili na nuli, ove godine cijene opravdati sadnju.&nbsp;<\/p>\n\n\n\n<p>Unato\u010d nikad skupljoj sadnji, ova godina \u0107e biti pozitivna za poljoprivrednike, ka\u017eu u poljoprivrednoj zadruzi.&nbsp;<\/p>\n\n\n\n<p>DUBRAVKO VUKOJEVI\u0106, poljoprivrednik i predsjednik Zadruge \u201ePlodovi zemlje\u201c Ljubu\u0161ki<\/p>\n\n\n\n<p>Ovo je jedna od rijetkih godina da smo 99% zadovoljni i koli\u010dinom i kvalitetom i cijenom, poklopilo se sve, jest da je sve poskupjelo, repromatrijal, sve je poskupjelo, ulazni tro\u0161kovi su do neba sko\u010dili, i cijena je relativno dobra bila pa se ne\u0161to i zaradilo.<\/p>\n\n\n\n<p>Vukojevi\u0107 je posadio 17 duluma, \u0161to je otprilike tri tone mladog krumpira. Ova godina je bila iznimno rodna, pa se pomo\u0107 tra\u017ei iz drugih sredina, jer ovom kraju, ka\u017ee, sve vi\u0161e nedostaje radne snage.&nbsp;<\/p>\n\n\n\n<p>RAJKA KRALJ, Ljubinje&nbsp;<\/p>\n\n\n\n<p>&#8220;Pa ide, zadovoljni smo sa gazdama, zadovoljni sa cijenom, a gazde zadovoljne sa prinosom&#8221;.<\/p>\n\n\n\n<p>Ve\u0107ina ljubu\u0161kog mladog krumpira se proda na tr\u0161i\u0161tu BiH. Tre\u0107ina se izvozi u EU, uglavnom u Hrvatsku i dijelom u Sloveniju, \u0161to je uveliko pomoglo njegovom brendiranju. Poljoprivrednici s podru\u010dja Ljubu\u0161kog pro\u0161le godine ostvarili su poticaje u iznosu ve\u0107em od 2,3 milijuna maraka. Zavr\u0161eni su brojni projekti iz oblasti poljiprivrede u \u010dijoj realizaciji su sudjelovali Grad Ljubu\u0161ki, Vlada ZH\u017d, resorno federalno ministartvo, te partneri iz EU.&nbsp;<\/p>\n\n\n\n<p>Uz pomo\u0107 Me\u0111unarodnog fonda za poljoprivredni razvoj zavr\u0161en je projekt vodonatopnih kanala u Ljubu\u0161kom u du\u017eini od 185 kilometara, \u0161to \u010dini 70% ukupnog vodonatapnog sustava u BiH.<\/p>\n\n\n\n<p>S radom je lani po\u010deo i sabirno-distributivni centar na Bija\u010di. Time su poljoprivrednici dobili sve uvjete za skladi\u0161tenje, sortiranje i pakiranje krumpira i zajedni\u010dki plasman prema kupcima, \u0161to zna\u010di i br\u017eu i bolju prodaju. Osim po kvaliteti, mladi krumpir iz Ljubu\u0161kog danas se izdvaja na tr\u017ei\u0161tu i po unikatnom brendiranom pakiranju.<\/p>\n\n\n\n<figure class=\"wp-block-embed is-type-video is-provider-youtube wp-block-embed-youtube wp-embed-aspect-16-9 wp-has-aspect-ratio\"><div class=\"wp-block-embed__wrapper\">\n<iframe loading=\"lazy\" title=\"Ljubu\u0161ki krompir prepoznatljiv na cijelom tr\u017ei\u0161tu BiH\" width=\"640\" height=\"360\" src=\"https:\/\/www.youtube.com\/embed\/YTG995Xl-E0?feature=oembed\" frameborder=\"0\" allow=\"accelerometer; autoplay; clipboard-write; encrypted-media; gyroscope; picture-in-picture; web-share\" referrerpolicy=\"strict-origin-when-cross-origin\" allowfullscreen><\/iframe>\n<\/div><\/figure>\n\n\n\n<p>Izvor:<a href=\"https:\/\/pogled.ba\/gospodarstvo\/poljoprivrednici-u-ljubuskom-zadovoljni-kazu-da-je-godina-za-njih-pozitivna\/249702\"> Pogled.ba<\/a><\/p>\n","protected":false},"excerpt":{"rendered":"<p>Ljubu\u0161ki rani krumpir jedan je od brendova tog kraja i prepoznatljiv je na cijelom tr\u017ei\u0161tu Bosne i Hercegovine i \u0161ire. Ove godine proizvelo se od osam do 10 tisu\u0107a tona mladog krumpira. Poljoprivrednici su usprkos enormnim poskupljenjima, zadovoljni i cijenom i koli\u010dinom i kvalitetom, u odnosu na pro\u0161lu godinu kada su bilje\u017eili gubitke. I grad [&hellip;]<\/p>\n","protected":false},"author":2,"featured_media":155463,"comment_status":"closed","ping_status":"closed","sticky":false,"template":"","format":"standard","meta":{"h5ap_radio_sources":[],"footnotes":""},"categories":[3],"tags":[],"class_list":["post-155462","post","type-post","status-publish","format-standard","has-post-thumbnail","hentry","category-ljubuski"],"yoast_head":"<!-- This site is optimized with the Yoast SEO plugin v27.5 - https:\/\/yoast.com\/product\/yoast-seo-wordpress\/ -->\n<title>Poljoprivrednici u Ljubu\u0161kom zadovoljni, ka\u017eu da je godina za njih pozitivna - RADIO LJUBU\u0160KI<\/title>\n<meta name=\"robots\" content=\"index, follow, max-snippet:-1, max-image-preview:large, max-video-preview:-1\" \/>\n<link rel=\"canonical\" href=\"https:\/\/radioljubuski.ba\/index.php\/2022\/07\/04\/poljoprivrednici-u-ljubuskom-zadovoljni-kazu-da-je-godina-za-njih-pozitivna\/\" \/>\n<meta property=\"og:locale\" content=\"hr_HR\" \/>\n<meta property=\"og:type\" content=\"article\" \/>\n<meta property=\"og:title\" content=\"Poljoprivrednici u Ljubu\u0161kom zadovoljni, ka\u017eu da je godina za njih pozitivna - RADIO LJUBU\u0160KI\" \/>\n<meta property=\"og:description\" content=\"Ljubu\u0161ki rani krumpir jedan je od brendova tog kraja i prepoznatljiv je na cijelom tr\u017ei\u0161tu Bosne i Hercegovine i \u0161ire. Ove godine proizvelo se od osam do 10 tisu\u0107a tona mladog krumpira. Poljoprivrednici su usprkos enormnim poskupljenjima, zadovoljni i cijenom i koli\u010dinom i kvalitetom, u odnosu na pro\u0161lu godinu kada su bilje\u017eili gubitke. I grad [&hellip;]\" \/>\n<meta property=\"og:url\" content=\"https:\/\/radioljubuski.ba\/index.php\/2022\/07\/04\/poljoprivrednici-u-ljubuskom-zadovoljni-kazu-da-je-godina-za-njih-pozitivna\/\" \/>\n<meta property=\"og:site_name\" content=\"RADIO LJUBU\u0160KI\" \/>\n<meta property=\"article:publisher\" content=\"https:\/\/www.facebook.com\/Radiio-Ljubuski-1490835324566332\" \/>\n<meta property=\"article:published_time\" content=\"2022-07-04T06:09:43+00:00\" \/>\n<meta property=\"og:image\" content=\"https:\/\/radioljubuski.ba\/wp-content\/uploads\/2022\/07\/8-2022-07-03-07-23-23-Krompir-updraft-pre-smush-original.jpg\" \/>\n\t<meta property=\"og:image:width\" content=\"1000\" \/>\n\t<meta property=\"og:image:height\" content=\"625\" \/>\n\t<meta property=\"og:image:type\" content=\"image\/jpeg\" \/>\n<meta name=\"author\" content=\"Radio Ljubu\u0161ki\" \/>\n<meta name=\"twitter:card\" content=\"summary_large_image\" \/>\n<meta name=\"twitter:creator\" content=\"@radioljubuski\" \/>\n<meta name=\"twitter:site\" content=\"@radioljubuski\" \/>\n<meta name=\"twitter:label1\" content=\"Napisao\/la\" \/>\n\t<meta name=\"twitter:data1\" content=\"Radio Ljubu\u0161ki\" \/>\n\t<meta name=\"twitter:label2\" content=\"Procijenjeno vrijeme \u010ditanja\" \/>\n\t<meta name=\"twitter:data2\" content=\"2 minute\" \/>\n<script type=\"application\/ld+json\" class=\"yoast-schema-graph\">{\"@context\":\"https:\\\/\\\/schema.org\",\"@graph\":[{\"@type\":\"Article\",\"@id\":\"https:\\\/\\\/radioljubuski.ba\\\/index.php\\\/2022\\\/07\\\/04\\\/poljoprivrednici-u-ljubuskom-zadovoljni-kazu-da-je-godina-za-njih-pozitivna\\\/#article\",\"isPartOf\":{\"@id\":\"https:\\\/\\\/radioljubuski.ba\\\/index.php\\\/2022\\\/07\\\/04\\\/poljoprivrednici-u-ljubuskom-zadovoljni-kazu-da-je-godina-za-njih-pozitivna\\\/\"},\"author\":{\"name\":\"Radio Ljubu\u0161ki\",\"@id\":\"https:\\\/\\\/radioljubuski.ba\\\/#\\\/schema\\\/person\\\/19fc700381a780f69665d7956c469e3b\"},\"headline\":\"Poljoprivrednici u Ljubu\u0161kom zadovoljni, ka\u017eu da je godina za njih pozitivna\",\"datePublished\":\"2022-07-04T06:09:43+00:00\",\"mainEntityOfPage\":{\"@id\":\"https:\\\/\\\/radioljubuski.ba\\\/index.php\\\/2022\\\/07\\\/04\\\/poljoprivrednici-u-ljubuskom-zadovoljni-kazu-da-je-godina-za-njih-pozitivna\\\/\"},\"wordCount\":455,\"publisher\":{\"@id\":\"https:\\\/\\\/radioljubuski.ba\\\/#organization\"},\"image\":{\"@id\":\"https:\\\/\\\/radioljubuski.ba\\\/index.php\\\/2022\\\/07\\\/04\\\/poljoprivrednici-u-ljubuskom-zadovoljni-kazu-da-je-godina-za-njih-pozitivna\\\/#primaryimage\"},\"thumbnailUrl\":\"https:\\\/\\\/radioljubuski.ba\\\/wp-content\\\/uploads\\\/2022\\\/07\\\/8-2022-07-03-07-23-23-Krompir-updraft-pre-smush-original.jpg\",\"articleSection\":[\"Ljubu\u0161ki\"],\"inLanguage\":\"hr\"},{\"@type\":\"WebPage\",\"@id\":\"https:\\\/\\\/radioljubuski.ba\\\/index.php\\\/2022\\\/07\\\/04\\\/poljoprivrednici-u-ljubuskom-zadovoljni-kazu-da-je-godina-za-njih-pozitivna\\\/\",\"url\":\"https:\\\/\\\/radioljubuski.ba\\\/index.php\\\/2022\\\/07\\\/04\\\/poljoprivrednici-u-ljubuskom-zadovoljni-kazu-da-je-godina-za-njih-pozitivna\\\/\",\"name\":\"Poljoprivrednici u Ljubu\u0161kom zadovoljni, ka\u017eu da je godina za njih pozitivna - RADIO LJUBU\u0160KI\",\"isPartOf\":{\"@id\":\"https:\\\/\\\/radioljubuski.ba\\\/#website\"},\"primaryImageOfPage\":{\"@id\":\"https:\\\/\\\/radioljubuski.ba\\\/index.php\\\/2022\\\/07\\\/04\\\/poljoprivrednici-u-ljubuskom-zadovoljni-kazu-da-je-godina-za-njih-pozitivna\\\/#primaryimage\"},\"image\":{\"@id\":\"https:\\\/\\\/radioljubuski.ba\\\/index.php\\\/2022\\\/07\\\/04\\\/poljoprivrednici-u-ljubuskom-zadovoljni-kazu-da-je-godina-za-njih-pozitivna\\\/#primaryimage\"},\"thumbnailUrl\":\"https:\\\/\\\/radioljubuski.ba\\\/wp-content\\\/uploads\\\/2022\\\/07\\\/8-2022-07-03-07-23-23-Krompir-updraft-pre-smush-original.jpg\",\"datePublished\":\"2022-07-04T06:09:43+00:00\",\"breadcrumb\":{\"@id\":\"https:\\\/\\\/radioljubuski.ba\\\/index.php\\\/2022\\\/07\\\/04\\\/poljoprivrednici-u-ljubuskom-zadovoljni-kazu-da-je-godina-za-njih-pozitivna\\\/#breadcrumb\"},\"inLanguage\":\"hr\",\"potentialAction\":[{\"@type\":\"ReadAction\",\"target\":[\"https:\\\/\\\/radioljubuski.ba\\\/index.php\\\/2022\\\/07\\\/04\\\/poljoprivrednici-u-ljubuskom-zadovoljni-kazu-da-je-godina-za-njih-pozitivna\\\/\"]}]},{\"@type\":\"ImageObject\",\"inLanguage\":\"hr\",\"@id\":\"https:\\\/\\\/radioljubuski.ba\\\/index.php\\\/2022\\\/07\\\/04\\\/poljoprivrednici-u-ljubuskom-zadovoljni-kazu-da-je-godina-za-njih-pozitivna\\\/#primaryimage\",\"url\":\"https:\\\/\\\/radioljubuski.ba\\\/wp-content\\\/uploads\\\/2022\\\/07\\\/8-2022-07-03-07-23-23-Krompir-updraft-pre-smush-original.jpg\",\"contentUrl\":\"https:\\\/\\\/radioljubuski.ba\\\/wp-content\\\/uploads\\\/2022\\\/07\\\/8-2022-07-03-07-23-23-Krompir-updraft-pre-smush-original.jpg\",\"width\":1000,\"height\":625},{\"@type\":\"BreadcrumbList\",\"@id\":\"https:\\\/\\\/radioljubuski.ba\\\/index.php\\\/2022\\\/07\\\/04\\\/poljoprivrednici-u-ljubuskom-zadovoljni-kazu-da-je-godina-za-njih-pozitivna\\\/#breadcrumb\",\"itemListElement\":[{\"@type\":\"ListItem\",\"position\":1,\"name\":\"Po\u010detna stranica\",\"item\":\"https:\\\/\\\/radioljubuski.ba\\\/\"},{\"@type\":\"ListItem\",\"position\":2,\"name\":\"Poljoprivrednici u Ljubu\u0161kom zadovoljni, ka\u017eu da je godina za njih pozitivna\"}]},{\"@type\":\"WebSite\",\"@id\":\"https:\\\/\\\/radioljubuski.ba\\\/#website\",\"url\":\"https:\\\/\\\/radioljubuski.ba\\\/\",\"name\":\"Radio Ljubu\u0161ki\",\"description\":\"Sun\u010dana frekvencija Hercegovine\",\"publisher\":{\"@id\":\"https:\\\/\\\/radioljubuski.ba\\\/#organization\"},\"potentialAction\":[{\"@type\":\"SearchAction\",\"target\":{\"@type\":\"EntryPoint\",\"urlTemplate\":\"https:\\\/\\\/radioljubuski.ba\\\/?s={search_term_string}\"},\"query-input\":{\"@type\":\"PropertyValueSpecification\",\"valueRequired\":true,\"valueName\":\"search_term_string\"}}],\"inLanguage\":\"hr\"},{\"@type\":\"Organization\",\"@id\":\"https:\\\/\\\/radioljubuski.ba\\\/#organization\",\"name\":\"Radio Ljubu\u0161ki\",\"url\":\"https:\\\/\\\/radioljubuski.ba\\\/\",\"logo\":{\"@type\":\"ImageObject\",\"inLanguage\":\"hr\",\"@id\":\"https:\\\/\\\/radioljubuski.ba\\\/#\\\/schema\\\/logo\\\/image\\\/\",\"url\":\"https:\\\/\\\/radioljubuski.ba\\\/wp-content\\\/uploads\\\/2021\\\/02\\\/cropped-Radio_Ljubuski_logo1.jpg\",\"contentUrl\":\"https:\\\/\\\/radioljubuski.ba\\\/wp-content\\\/uploads\\\/2021\\\/02\\\/cropped-Radio_Ljubuski_logo1.jpg\",\"width\":512,\"height\":512,\"caption\":\"Radio Ljubu\u0161ki\"},\"image\":{\"@id\":\"https:\\\/\\\/radioljubuski.ba\\\/#\\\/schema\\\/logo\\\/image\\\/\"},\"sameAs\":[\"https:\\\/\\\/www.facebook.com\\\/Radiio-Ljubuski-1490835324566332\",\"https:\\\/\\\/x.com\\\/radioljubuski\",\"https:\\\/\\\/hr.linkedin.com\\\/company\\\/radio-ljubuski\",\"https:\\\/\\\/www.youtube.com\\\/channel\\\/UCHYaeO_n0Db3tjNGudGpXyw\"]},{\"@type\":\"Person\",\"@id\":\"https:\\\/\\\/radioljubuski.ba\\\/#\\\/schema\\\/person\\\/19fc700381a780f69665d7956c469e3b\",\"name\":\"Radio Ljubu\u0161ki\"}]}<\/script>\n<!-- \/ Yoast SEO plugin. -->","yoast_head_json":{"title":"Poljoprivrednici u Ljubu\u0161kom zadovoljni, ka\u017eu da je godina za njih pozitivna - RADIO LJUBU\u0160KI","robots":{"index":"index","follow":"follow","max-snippet":"max-snippet:-1","max-image-preview":"max-image-preview:large","max-video-preview":"max-video-preview:-1"},"canonical":"https:\/\/radioljubuski.ba\/index.php\/2022\/07\/04\/poljoprivrednici-u-ljubuskom-zadovoljni-kazu-da-je-godina-za-njih-pozitivna\/","og_locale":"hr_HR","og_type":"article","og_title":"Poljoprivrednici u Ljubu\u0161kom zadovoljni, ka\u017eu da je godina za njih pozitivna - RADIO LJUBU\u0160KI","og_description":"Ljubu\u0161ki rani krumpir jedan je od brendova tog kraja i prepoznatljiv je na cijelom tr\u017ei\u0161tu Bosne i Hercegovine i \u0161ire. Ove godine proizvelo se od osam do 10 tisu\u0107a tona mladog krumpira. Poljoprivrednici su usprkos enormnim poskupljenjima, zadovoljni i cijenom i koli\u010dinom i kvalitetom, u odnosu na pro\u0161lu godinu kada su bilje\u017eili gubitke. I grad [&hellip;]","og_url":"https:\/\/radioljubuski.ba\/index.php\/2022\/07\/04\/poljoprivrednici-u-ljubuskom-zadovoljni-kazu-da-je-godina-za-njih-pozitivna\/","og_site_name":"RADIO LJUBU\u0160KI","article_publisher":"https:\/\/www.facebook.com\/Radiio-Ljubuski-1490835324566332","article_published_time":"2022-07-04T06:09:43+00:00","og_image":[{"width":1000,"height":625,"url":"https:\/\/radioljubuski.ba\/wp-content\/uploads\/2022\/07\/8-2022-07-03-07-23-23-Krompir-updraft-pre-smush-original.jpg","type":"image\/jpeg"}],"author":"Radio Ljubu\u0161ki","twitter_card":"summary_large_image","twitter_creator":"@radioljubuski","twitter_site":"@radioljubuski","twitter_misc":{"Napisao\/la":"Radio Ljubu\u0161ki","Procijenjeno vrijeme \u010ditanja":"2 minute"},"schema":{"@context":"https:\/\/schema.org","@graph":[{"@type":"Article","@id":"https:\/\/radioljubuski.ba\/index.php\/2022\/07\/04\/poljoprivrednici-u-ljubuskom-zadovoljni-kazu-da-je-godina-za-njih-pozitivna\/#article","isPartOf":{"@id":"https:\/\/radioljubuski.ba\/index.php\/2022\/07\/04\/poljoprivrednici-u-ljubuskom-zadovoljni-kazu-da-je-godina-za-njih-pozitivna\/"},"author":{"name":"Radio Ljubu\u0161ki","@id":"https:\/\/radioljubuski.ba\/#\/schema\/person\/19fc700381a780f69665d7956c469e3b"},"headline":"Poljoprivrednici u Ljubu\u0161kom zadovoljni, ka\u017eu da je godina za njih pozitivna","datePublished":"2022-07-04T06:09:43+00:00","mainEntityOfPage":{"@id":"https:\/\/radioljubuski.ba\/index.php\/2022\/07\/04\/poljoprivrednici-u-ljubuskom-zadovoljni-kazu-da-je-godina-za-njih-pozitivna\/"},"wordCount":455,"publisher":{"@id":"https:\/\/radioljubuski.ba\/#organization"},"image":{"@id":"https:\/\/radioljubuski.ba\/index.php\/2022\/07\/04\/poljoprivrednici-u-ljubuskom-zadovoljni-kazu-da-je-godina-za-njih-pozitivna\/#primaryimage"},"thumbnailUrl":"https:\/\/radioljubuski.ba\/wp-content\/uploads\/2022\/07\/8-2022-07-03-07-23-23-Krompir-updraft-pre-smush-original.jpg","articleSection":["Ljubu\u0161ki"],"inLanguage":"hr"},{"@type":"WebPage","@id":"https:\/\/radioljubuski.ba\/index.php\/2022\/07\/04\/poljoprivrednici-u-ljubuskom-zadovoljni-kazu-da-je-godina-za-njih-pozitivna\/","url":"https:\/\/radioljubuski.ba\/index.php\/2022\/07\/04\/poljoprivrednici-u-ljubuskom-zadovoljni-kazu-da-je-godina-za-njih-pozitivna\/","name":"Poljoprivrednici u Ljubu\u0161kom zadovoljni, ka\u017eu da je godina za njih pozitivna - RADIO LJUBU\u0160KI","isPartOf":{"@id":"https:\/\/radioljubuski.ba\/#website"},"primaryImageOfPage":{"@id":"https:\/\/radioljubuski.ba\/index.php\/2022\/07\/04\/poljoprivrednici-u-ljubuskom-zadovoljni-kazu-da-je-godina-za-njih-pozitivna\/#primaryimage"},"image":{"@id":"https:\/\/radioljubuski.ba\/index.php\/2022\/07\/04\/poljoprivrednici-u-ljubuskom-zadovoljni-kazu-da-je-godina-za-njih-pozitivna\/#primaryimage"},"thumbnailUrl":"https:\/\/radioljubuski.ba\/wp-content\/uploads\/2022\/07\/8-2022-07-03-07-23-23-Krompir-updraft-pre-smush-original.jpg","datePublished":"2022-07-04T06:09:43+00:00","breadcrumb":{"@id":"https:\/\/radioljubuski.ba\/index.php\/2022\/07\/04\/poljoprivrednici-u-ljubuskom-zadovoljni-kazu-da-je-godina-za-njih-pozitivna\/#breadcrumb"},"inLanguage":"hr","potentialAction":[{"@type":"ReadAction","target":["https:\/\/radioljubuski.ba\/index.php\/2022\/07\/04\/poljoprivrednici-u-ljubuskom-zadovoljni-kazu-da-je-godina-za-njih-pozitivna\/"]}]},{"@type":"ImageObject","inLanguage":"hr","@id":"https:\/\/radioljubuski.ba\/index.php\/2022\/07\/04\/poljoprivrednici-u-ljubuskom-zadovoljni-kazu-da-je-godina-za-njih-pozitivna\/#primaryimage","url":"https:\/\/radioljubuski.ba\/wp-content\/uploads\/2022\/07\/8-2022-07-03-07-23-23-Krompir-updraft-pre-smush-original.jpg","contentUrl":"https:\/\/radioljubuski.ba\/wp-content\/uploads\/2022\/07\/8-2022-07-03-07-23-23-Krompir-updraft-pre-smush-original.jpg","width":1000,"height":625},{"@type":"BreadcrumbList","@id":"https:\/\/radioljubuski.ba\/index.php\/2022\/07\/04\/poljoprivrednici-u-ljubuskom-zadovoljni-kazu-da-je-godina-za-njih-pozitivna\/#breadcrumb","itemListElement":[{"@type":"ListItem","position":1,"name":"Po\u010detna stranica","item":"https:\/\/radioljubuski.ba\/"},{"@type":"ListItem","position":2,"name":"Poljoprivrednici u Ljubu\u0161kom zadovoljni, ka\u017eu da je godina za njih pozitivna"}]},{"@type":"WebSite","@id":"https:\/\/radioljubuski.ba\/#website","url":"https:\/\/radioljubuski.ba\/","name":"Radio Ljubu\u0161ki","description":"Sun\u010dana frekvencija Hercegovine","publisher":{"@id":"https:\/\/radioljubuski.ba\/#organization"},"potentialAction":[{"@type":"SearchAction","target":{"@type":"EntryPoint","urlTemplate":"https:\/\/radioljubuski.ba\/?s={search_term_string}"},"query-input":{"@type":"PropertyValueSpecification","valueRequired":true,"valueName":"search_term_string"}}],"inLanguage":"hr"},{"@type":"Organization","@id":"https:\/\/radioljubuski.ba\/#organization","name":"Radio Ljubu\u0161ki","url":"https:\/\/radioljubuski.ba\/","logo":{"@type":"ImageObject","inLanguage":"hr","@id":"https:\/\/radioljubuski.ba\/#\/schema\/logo\/image\/","url":"https:\/\/radioljubuski.ba\/wp-content\/uploads\/2021\/02\/cropped-Radio_Ljubuski_logo1.jpg","contentUrl":"https:\/\/radioljubuski.ba\/wp-content\/uploads\/2021\/02\/cropped-Radio_Ljubuski_logo1.jpg","width":512,"height":512,"caption":"Radio Ljubu\u0161ki"},"image":{"@id":"https:\/\/radioljubuski.ba\/#\/schema\/logo\/image\/"},"sameAs":["https:\/\/www.facebook.com\/Radiio-Ljubuski-1490835324566332","https:\/\/x.com\/radioljubuski","https:\/\/hr.linkedin.com\/company\/radio-ljubuski","https:\/\/www.youtube.com\/channel\/UCHYaeO_n0Db3tjNGudGpXyw"]},{"@type":"Person","@id":"https:\/\/radioljubuski.ba\/#\/schema\/person\/19fc700381a780f69665d7956c469e3b","name":"Radio Ljubu\u0161ki"}]}},"_links":{"self":[{"href":"https:\/\/radioljubuski.ba\/index.php\/wp-json\/wp\/v2\/posts\/155462","targetHints":{"allow":["GET"]}}],"collection":[{"href":"https:\/\/radioljubuski.ba\/index.php\/wp-json\/wp\/v2\/posts"}],"about":[{"href":"https:\/\/radioljubuski.ba\/index.php\/wp-json\/wp\/v2\/types\/post"}],"author":[{"embeddable":true,"href":"https:\/\/radioljubuski.ba\/index.php\/wp-json\/wp\/v2\/users\/2"}],"replies":[{"embeddable":true,"href":"https:\/\/radioljubuski.ba\/index.php\/wp-json\/wp\/v2\/comments?post=155462"}],"version-history":[{"count":1,"href":"https:\/\/radioljubuski.ba\/index.php\/wp-json\/wp\/v2\/posts\/155462\/revisions"}],"predecessor-version":[{"id":155464,"href":"https:\/\/radioljubuski.ba\/index.php\/wp-json\/wp\/v2\/posts\/155462\/revisions\/155464"}],"wp:featuredmedia":[{"embeddable":true,"href":"https:\/\/radioljubuski.ba\/index.php\/wp-json\/wp\/v2\/media\/155463"}],"wp:attachment":[{"href":"https:\/\/radioljubuski.ba\/index.php\/wp-json\/wp\/v2\/media?parent=155462"}],"wp:term":[{"taxonomy":"category","embeddable":true,"href":"https:\/\/radioljubuski.ba\/index.php\/wp-json\/wp\/v2\/categories?post=155462"},{"taxonomy":"post_tag","embeddable":true,"href":"https:\/\/radioljubuski.ba\/index.php\/wp-json\/wp\/v2\/tags?post=155462"}],"curies":[{"name":"wp","href":"https:\/\/api.w.org\/{rel}","templated":true}]}}