{"id":155465,"date":"2022-07-04T07:14:05","date_gmt":"2022-07-04T06:14:05","guid":{"rendered":"https:\/\/radioljubuski.ba\/?p=155465"},"modified":"2022-07-04T07:14:07","modified_gmt":"2022-07-04T06:14:07","slug":"njemacka-se-priprema-za-novi-pandemijski-val-na-jesen","status":"publish","type":"post","link":"https:\/\/radioljubuski.ba\/index.php\/2022\/07\/04\/njemacka-se-priprema-za-novi-pandemijski-val-na-jesen\/","title":{"rendered":"Njema\u010dka se priprema za novi pandemijski val na jesen"},"content":{"rendered":"\n<p>Njema\u010dka bi \u0161to prije trebala donijeti koncept borbe protiv eventualnog novog vala pandemije koronavirusa na jesen, najavio je u nedjelju savezni ministar pravosu\u0111a Marco Buschmann.<\/p>\n\n\n\n<p>-Mi \u0107emo najvjerojatnije tijekom srpnja predstaviti koncept borbe protiv koronavirusa za jesen, rekao je ministar pravosu\u0111a Marco Buschmann (Liberalno-demokratska stranka FDP) u razgovoru za dnevnik &#8220;Welt am Sonntag&#8221;.<\/p>\n\n\n\n<p>On je rekao kako \u0107e u sklopu novog koncepta &#8220;za\u0161titna maska igrati ja\u010du ulogu&#8221;, \u0161to bi zna\u010dilo eventualni povrat obveze no\u0161enja maski u zatvorenim prostorima.<\/p>\n\n\n\n<p>Naglasio je da \u0107e mjere biti prilago\u0111ene trenutnim podacima s terena tj. u\u010destalosti zaraze ali je odbacio mogu\u0107nost ponovnog uvo\u0111enja mjera poput lockdowna ili zatvaranja \u0161kola.<\/p>\n\n\n\n<p>U subotu se u razgovoru za javni servis Deutschlandfunk \u010delnik zastupni\u010dke grupe FDP-a Christian Duerr osvrnuo na vje\u0161ta\u010denja Vije\u0107a stru\u010dnjaka koje saveznu vladu savjetuje po pitanjima mjera protiv koronavirusa i koja nije mogla utvrditi direktan utjecaj mjera poput lockdowna na kretanje incidencije.<\/p>\n\n\n\n<p>-Mi ne mo\u017eemo na temelju pretpostavki ponovno toliko duboko zadirati u temeljna prava gra\u0111ana kao \u0161to je to bio slu\u010daj s ograni\u010davanjem kretanja, rekao je Duerr.<\/p>\n\n\n\n<p>FDP, koji se od kraja pro\u0161le godine sa socijaldemokratima i zelenima nalazi u vladaju\u0107oj koaliciji, slovi kao stranka koja se odnosila kriti\u010dno prema mnogim protupandemijskim mjerama.<\/p>\n\n\n\n<p>Savezni ministar zdravstva Karl Lauterbach (Socijaldemokratska stranka Njema\u010dke SPD) upozorio je u nekoliko navrata proteklih dana gra\u0111ane na nove pandemijske valove koji Njema\u010dku o\u010dekuju na jesen i zimu.<\/p>\n\n\n\n<p>Incidencija je u Njema\u010dkoj trenutno u porastu a ve\u0107ina novih oboljenja se odnosi na novu virusnu varijantu Omikron BA.5.<\/p>\n\n\n\n<p>Od o\u017eujka su u Njema\u010dkoj ukinute sve mjere borbe protiv koronavirusa s izuzetkom obveze no\u0161enja FFP2 maski u sredstvima javnog prijevoza.<\/p>\n\n\n\n<p>Bavarska je ovog vikenda ukinula obvezu FFP2 maski u javnom prijevozu te je odobrila upotrebu kirur\u0161kih za\u0161titnih maski \u0161to je nai\u0161lo na kritiku saveznih vlasti jer te maske pru\u017eaju manju za\u0161titu od infekcija.<\/p>\n\n\n\n<p>Izvor: <a href=\"https:\/\/pogled.ba\/svijet\/njemacka-se-priprema-za-novi-pandemijski-val-na-jesen\/249738\">Pogled.ba<\/a><\/p>\n","protected":false},"excerpt":{"rendered":"<p>Njema\u010dka bi \u0161to prije trebala donijeti koncept borbe protiv eventualnog novog vala pandemije koronavirusa na jesen, najavio je u nedjelju savezni ministar pravosu\u0111a Marco Buschmann. -Mi \u0107emo najvjerojatnije tijekom srpnja predstaviti koncept borbe protiv koronavirusa za jesen, rekao je ministar pravosu\u0111a Marco Buschmann (Liberalno-demokratska stranka FDP) u razgovoru za dnevnik &#8220;Welt am Sonntag&#8221;. On je [&hellip;]<\/p>\n","protected":false},"author":2,"featured_media":155466,"comment_status":"closed","ping_status":"closed","sticky":false,"template":"","format":"standard","meta":{"h5ap_radio_sources":[],"footnotes":""},"categories":[1],"tags":[],"class_list":["post-155465","post","type-post","status-publish","format-standard","has-post-thumbnail","hentry","category-bihiregija"],"yoast_head":"<!-- This site is optimized with the Yoast SEO plugin v27.5 - https:\/\/yoast.com\/product\/yoast-seo-wordpress\/ -->\n<title>Njema\u010dka se priprema za novi pandemijski val na jesen - RADIO LJUBU\u0160KI<\/title>\n<meta name=\"robots\" content=\"index, follow, max-snippet:-1, max-image-preview:large, max-video-preview:-1\" \/>\n<link rel=\"canonical\" href=\"https:\/\/radioljubuski.ba\/index.php\/2022\/07\/04\/njemacka-se-priprema-za-novi-pandemijski-val-na-jesen\/\" \/>\n<meta property=\"og:locale\" content=\"hr_HR\" \/>\n<meta property=\"og:type\" content=\"article\" \/>\n<meta property=\"og:title\" content=\"Njema\u010dka se priprema za novi pandemijski val na jesen - RADIO LJUBU\u0160KI\" \/>\n<meta property=\"og:description\" content=\"Njema\u010dka bi \u0161to prije trebala donijeti koncept borbe protiv eventualnog novog vala pandemije koronavirusa na jesen, najavio je u nedjelju savezni ministar pravosu\u0111a Marco Buschmann. -Mi \u0107emo najvjerojatnije tijekom srpnja predstaviti koncept borbe protiv koronavirusa za jesen, rekao je ministar pravosu\u0111a Marco Buschmann (Liberalno-demokratska stranka FDP) u razgovoru za dnevnik &#8220;Welt am Sonntag&#8221;. On je [&hellip;]\" \/>\n<meta property=\"og:url\" content=\"https:\/\/radioljubuski.ba\/index.php\/2022\/07\/04\/njemacka-se-priprema-za-novi-pandemijski-val-na-jesen\/\" \/>\n<meta property=\"og:site_name\" content=\"RADIO LJUBU\u0160KI\" \/>\n<meta property=\"article:publisher\" content=\"https:\/\/www.facebook.com\/Radiio-Ljubuski-1490835324566332\" \/>\n<meta property=\"article:published_time\" content=\"2022-07-04T06:14:05+00:00\" \/>\n<meta property=\"article:modified_time\" content=\"2022-07-04T06:14:07+00:00\" \/>\n<meta property=\"og:image\" content=\"https:\/\/radioljubuski.ba\/wp-content\/uploads\/2022\/07\/8-2022-05-09-12-49-43-HTINA-NJEMACKA.jpg\" \/>\n\t<meta property=\"og:image:width\" content=\"1000\" \/>\n\t<meta property=\"og:image:height\" content=\"625\" \/>\n\t<meta property=\"og:image:type\" content=\"image\/jpeg\" \/>\n<meta name=\"author\" content=\"Radio Ljubu\u0161ki\" \/>\n<meta name=\"twitter:card\" content=\"summary_large_image\" \/>\n<meta name=\"twitter:creator\" content=\"@radioljubuski\" \/>\n<meta name=\"twitter:site\" content=\"@radioljubuski\" \/>\n<meta name=\"twitter:label1\" content=\"Napisao\/la\" \/>\n\t<meta name=\"twitter:data1\" content=\"Radio Ljubu\u0161ki\" \/>\n\t<meta name=\"twitter:label2\" content=\"Procijenjeno vrijeme \u010ditanja\" \/>\n\t<meta name=\"twitter:data2\" content=\"2 minute\" \/>\n<script type=\"application\/ld+json\" class=\"yoast-schema-graph\">{\"@context\":\"https:\\\/\\\/schema.org\",\"@graph\":[{\"@type\":\"Article\",\"@id\":\"https:\\\/\\\/radioljubuski.ba\\\/index.php\\\/2022\\\/07\\\/04\\\/njemacka-se-priprema-za-novi-pandemijski-val-na-jesen\\\/#article\",\"isPartOf\":{\"@id\":\"https:\\\/\\\/radioljubuski.ba\\\/index.php\\\/2022\\\/07\\\/04\\\/njemacka-se-priprema-za-novi-pandemijski-val-na-jesen\\\/\"},\"author\":{\"name\":\"Radio Ljubu\u0161ki\",\"@id\":\"https:\\\/\\\/radioljubuski.ba\\\/#\\\/schema\\\/person\\\/19fc700381a780f69665d7956c469e3b\"},\"headline\":\"Njema\u010dka se priprema za novi pandemijski val na jesen\",\"datePublished\":\"2022-07-04T06:14:05+00:00\",\"dateModified\":\"2022-07-04T06:14:07+00:00\",\"mainEntityOfPage\":{\"@id\":\"https:\\\/\\\/radioljubuski.ba\\\/index.php\\\/2022\\\/07\\\/04\\\/njemacka-se-priprema-za-novi-pandemijski-val-na-jesen\\\/\"},\"wordCount\":349,\"publisher\":{\"@id\":\"https:\\\/\\\/radioljubuski.ba\\\/#organization\"},\"image\":{\"@id\":\"https:\\\/\\\/radioljubuski.ba\\\/index.php\\\/2022\\\/07\\\/04\\\/njemacka-se-priprema-za-novi-pandemijski-val-na-jesen\\\/#primaryimage\"},\"thumbnailUrl\":\"https:\\\/\\\/radioljubuski.ba\\\/wp-content\\\/uploads\\\/2022\\\/07\\\/8-2022-05-09-12-49-43-HTINA-NJEMACKA.jpg\",\"articleSection\":[\"BIH i regija\"],\"inLanguage\":\"hr\"},{\"@type\":\"WebPage\",\"@id\":\"https:\\\/\\\/radioljubuski.ba\\\/index.php\\\/2022\\\/07\\\/04\\\/njemacka-se-priprema-za-novi-pandemijski-val-na-jesen\\\/\",\"url\":\"https:\\\/\\\/radioljubuski.ba\\\/index.php\\\/2022\\\/07\\\/04\\\/njemacka-se-priprema-za-novi-pandemijski-val-na-jesen\\\/\",\"name\":\"Njema\u010dka se priprema za novi pandemijski val na jesen - RADIO LJUBU\u0160KI\",\"isPartOf\":{\"@id\":\"https:\\\/\\\/radioljubuski.ba\\\/#website\"},\"primaryImageOfPage\":{\"@id\":\"https:\\\/\\\/radioljubuski.ba\\\/index.php\\\/2022\\\/07\\\/04\\\/njemacka-se-priprema-za-novi-pandemijski-val-na-jesen\\\/#primaryimage\"},\"image\":{\"@id\":\"https:\\\/\\\/radioljubuski.ba\\\/index.php\\\/2022\\\/07\\\/04\\\/njemacka-se-priprema-za-novi-pandemijski-val-na-jesen\\\/#primaryimage\"},\"thumbnailUrl\":\"https:\\\/\\\/radioljubuski.ba\\\/wp-content\\\/uploads\\\/2022\\\/07\\\/8-2022-05-09-12-49-43-HTINA-NJEMACKA.jpg\",\"datePublished\":\"2022-07-04T06:14:05+00:00\",\"dateModified\":\"2022-07-04T06:14:07+00:00\",\"breadcrumb\":{\"@id\":\"https:\\\/\\\/radioljubuski.ba\\\/index.php\\\/2022\\\/07\\\/04\\\/njemacka-se-priprema-za-novi-pandemijski-val-na-jesen\\\/#breadcrumb\"},\"inLanguage\":\"hr\",\"potentialAction\":[{\"@type\":\"ReadAction\",\"target\":[\"https:\\\/\\\/radioljubuski.ba\\\/index.php\\\/2022\\\/07\\\/04\\\/njemacka-se-priprema-za-novi-pandemijski-val-na-jesen\\\/\"]}]},{\"@type\":\"ImageObject\",\"inLanguage\":\"hr\",\"@id\":\"https:\\\/\\\/radioljubuski.ba\\\/index.php\\\/2022\\\/07\\\/04\\\/njemacka-se-priprema-za-novi-pandemijski-val-na-jesen\\\/#primaryimage\",\"url\":\"https:\\\/\\\/radioljubuski.ba\\\/wp-content\\\/uploads\\\/2022\\\/07\\\/8-2022-05-09-12-49-43-HTINA-NJEMACKA.jpg\",\"contentUrl\":\"https:\\\/\\\/radioljubuski.ba\\\/wp-content\\\/uploads\\\/2022\\\/07\\\/8-2022-05-09-12-49-43-HTINA-NJEMACKA.jpg\",\"width\":1000,\"height\":625},{\"@type\":\"BreadcrumbList\",\"@id\":\"https:\\\/\\\/radioljubuski.ba\\\/index.php\\\/2022\\\/07\\\/04\\\/njemacka-se-priprema-za-novi-pandemijski-val-na-jesen\\\/#breadcrumb\",\"itemListElement\":[{\"@type\":\"ListItem\",\"position\":1,\"name\":\"Po\u010detna stranica\",\"item\":\"https:\\\/\\\/radioljubuski.ba\\\/\"},{\"@type\":\"ListItem\",\"position\":2,\"name\":\"Njema\u010dka se priprema za novi pandemijski val na jesen\"}]},{\"@type\":\"WebSite\",\"@id\":\"https:\\\/\\\/radioljubuski.ba\\\/#website\",\"url\":\"https:\\\/\\\/radioljubuski.ba\\\/\",\"name\":\"Radio Ljubu\u0161ki\",\"description\":\"Sun\u010dana frekvencija Hercegovine\",\"publisher\":{\"@id\":\"https:\\\/\\\/radioljubuski.ba\\\/#organization\"},\"potentialAction\":[{\"@type\":\"SearchAction\",\"target\":{\"@type\":\"EntryPoint\",\"urlTemplate\":\"https:\\\/\\\/radioljubuski.ba\\\/?s={search_term_string}\"},\"query-input\":{\"@type\":\"PropertyValueSpecification\",\"valueRequired\":true,\"valueName\":\"search_term_string\"}}],\"inLanguage\":\"hr\"},{\"@type\":\"Organization\",\"@id\":\"https:\\\/\\\/radioljubuski.ba\\\/#organization\",\"name\":\"Radio Ljubu\u0161ki\",\"url\":\"https:\\\/\\\/radioljubuski.ba\\\/\",\"logo\":{\"@type\":\"ImageObject\",\"inLanguage\":\"hr\",\"@id\":\"https:\\\/\\\/radioljubuski.ba\\\/#\\\/schema\\\/logo\\\/image\\\/\",\"url\":\"https:\\\/\\\/radioljubuski.ba\\\/wp-content\\\/uploads\\\/2021\\\/02\\\/cropped-Radio_Ljubuski_logo1.jpg\",\"contentUrl\":\"https:\\\/\\\/radioljubuski.ba\\\/wp-content\\\/uploads\\\/2021\\\/02\\\/cropped-Radio_Ljubuski_logo1.jpg\",\"width\":512,\"height\":512,\"caption\":\"Radio Ljubu\u0161ki\"},\"image\":{\"@id\":\"https:\\\/\\\/radioljubuski.ba\\\/#\\\/schema\\\/logo\\\/image\\\/\"},\"sameAs\":[\"https:\\\/\\\/www.facebook.com\\\/Radiio-Ljubuski-1490835324566332\",\"https:\\\/\\\/x.com\\\/radioljubuski\",\"https:\\\/\\\/hr.linkedin.com\\\/company\\\/radio-ljubuski\",\"https:\\\/\\\/www.youtube.com\\\/channel\\\/UCHYaeO_n0Db3tjNGudGpXyw\"]},{\"@type\":\"Person\",\"@id\":\"https:\\\/\\\/radioljubuski.ba\\\/#\\\/schema\\\/person\\\/19fc700381a780f69665d7956c469e3b\",\"name\":\"Radio Ljubu\u0161ki\"}]}<\/script>\n<!-- \/ Yoast SEO plugin. -->","yoast_head_json":{"title":"Njema\u010dka se priprema za novi pandemijski val na jesen - RADIO LJUBU\u0160KI","robots":{"index":"index","follow":"follow","max-snippet":"max-snippet:-1","max-image-preview":"max-image-preview:large","max-video-preview":"max-video-preview:-1"},"canonical":"https:\/\/radioljubuski.ba\/index.php\/2022\/07\/04\/njemacka-se-priprema-za-novi-pandemijski-val-na-jesen\/","og_locale":"hr_HR","og_type":"article","og_title":"Njema\u010dka se priprema za novi pandemijski val na jesen - RADIO LJUBU\u0160KI","og_description":"Njema\u010dka bi \u0161to prije trebala donijeti koncept borbe protiv eventualnog novog vala pandemije koronavirusa na jesen, najavio je u nedjelju savezni ministar pravosu\u0111a Marco Buschmann. -Mi \u0107emo najvjerojatnije tijekom srpnja predstaviti koncept borbe protiv koronavirusa za jesen, rekao je ministar pravosu\u0111a Marco Buschmann (Liberalno-demokratska stranka FDP) u razgovoru za dnevnik &#8220;Welt am Sonntag&#8221;. On je [&hellip;]","og_url":"https:\/\/radioljubuski.ba\/index.php\/2022\/07\/04\/njemacka-se-priprema-za-novi-pandemijski-val-na-jesen\/","og_site_name":"RADIO LJUBU\u0160KI","article_publisher":"https:\/\/www.facebook.com\/Radiio-Ljubuski-1490835324566332","article_published_time":"2022-07-04T06:14:05+00:00","article_modified_time":"2022-07-04T06:14:07+00:00","og_image":[{"width":1000,"height":625,"url":"https:\/\/radioljubuski.ba\/wp-content\/uploads\/2022\/07\/8-2022-05-09-12-49-43-HTINA-NJEMACKA.jpg","type":"image\/jpeg"}],"author":"Radio Ljubu\u0161ki","twitter_card":"summary_large_image","twitter_creator":"@radioljubuski","twitter_site":"@radioljubuski","twitter_misc":{"Napisao\/la":"Radio Ljubu\u0161ki","Procijenjeno vrijeme \u010ditanja":"2 minute"},"schema":{"@context":"https:\/\/schema.org","@graph":[{"@type":"Article","@id":"https:\/\/radioljubuski.ba\/index.php\/2022\/07\/04\/njemacka-se-priprema-za-novi-pandemijski-val-na-jesen\/#article","isPartOf":{"@id":"https:\/\/radioljubuski.ba\/index.php\/2022\/07\/04\/njemacka-se-priprema-za-novi-pandemijski-val-na-jesen\/"},"author":{"name":"Radio Ljubu\u0161ki","@id":"https:\/\/radioljubuski.ba\/#\/schema\/person\/19fc700381a780f69665d7956c469e3b"},"headline":"Njema\u010dka se priprema za novi pandemijski val na jesen","datePublished":"2022-07-04T06:14:05+00:00","dateModified":"2022-07-04T06:14:07+00:00","mainEntityOfPage":{"@id":"https:\/\/radioljubuski.ba\/index.php\/2022\/07\/04\/njemacka-se-priprema-za-novi-pandemijski-val-na-jesen\/"},"wordCount":349,"publisher":{"@id":"https:\/\/radioljubuski.ba\/#organization"},"image":{"@id":"https:\/\/radioljubuski.ba\/index.php\/2022\/07\/04\/njemacka-se-priprema-za-novi-pandemijski-val-na-jesen\/#primaryimage"},"thumbnailUrl":"https:\/\/radioljubuski.ba\/wp-content\/uploads\/2022\/07\/8-2022-05-09-12-49-43-HTINA-NJEMACKA.jpg","articleSection":["BIH i regija"],"inLanguage":"hr"},{"@type":"WebPage","@id":"https:\/\/radioljubuski.ba\/index.php\/2022\/07\/04\/njemacka-se-priprema-za-novi-pandemijski-val-na-jesen\/","url":"https:\/\/radioljubuski.ba\/index.php\/2022\/07\/04\/njemacka-se-priprema-za-novi-pandemijski-val-na-jesen\/","name":"Njema\u010dka se priprema za novi pandemijski val na jesen - RADIO LJUBU\u0160KI","isPartOf":{"@id":"https:\/\/radioljubuski.ba\/#website"},"primaryImageOfPage":{"@id":"https:\/\/radioljubuski.ba\/index.php\/2022\/07\/04\/njemacka-se-priprema-za-novi-pandemijski-val-na-jesen\/#primaryimage"},"image":{"@id":"https:\/\/radioljubuski.ba\/index.php\/2022\/07\/04\/njemacka-se-priprema-za-novi-pandemijski-val-na-jesen\/#primaryimage"},"thumbnailUrl":"https:\/\/radioljubuski.ba\/wp-content\/uploads\/2022\/07\/8-2022-05-09-12-49-43-HTINA-NJEMACKA.jpg","datePublished":"2022-07-04T06:14:05+00:00","dateModified":"2022-07-04T06:14:07+00:00","breadcrumb":{"@id":"https:\/\/radioljubuski.ba\/index.php\/2022\/07\/04\/njemacka-se-priprema-za-novi-pandemijski-val-na-jesen\/#breadcrumb"},"inLanguage":"hr","potentialAction":[{"@type":"ReadAction","target":["https:\/\/radioljubuski.ba\/index.php\/2022\/07\/04\/njemacka-se-priprema-za-novi-pandemijski-val-na-jesen\/"]}]},{"@type":"ImageObject","inLanguage":"hr","@id":"https:\/\/radioljubuski.ba\/index.php\/2022\/07\/04\/njemacka-se-priprema-za-novi-pandemijski-val-na-jesen\/#primaryimage","url":"https:\/\/radioljubuski.ba\/wp-content\/uploads\/2022\/07\/8-2022-05-09-12-49-43-HTINA-NJEMACKA.jpg","contentUrl":"https:\/\/radioljubuski.ba\/wp-content\/uploads\/2022\/07\/8-2022-05-09-12-49-43-HTINA-NJEMACKA.jpg","width":1000,"height":625},{"@type":"BreadcrumbList","@id":"https:\/\/radioljubuski.ba\/index.php\/2022\/07\/04\/njemacka-se-priprema-za-novi-pandemijski-val-na-jesen\/#breadcrumb","itemListElement":[{"@type":"ListItem","position":1,"name":"Po\u010detna stranica","item":"https:\/\/radioljubuski.ba\/"},{"@type":"ListItem","position":2,"name":"Njema\u010dka se priprema za novi pandemijski val na jesen"}]},{"@type":"WebSite","@id":"https:\/\/radioljubuski.ba\/#website","url":"https:\/\/radioljubuski.ba\/","name":"Radio Ljubu\u0161ki","description":"Sun\u010dana frekvencija Hercegovine","publisher":{"@id":"https:\/\/radioljubuski.ba\/#organization"},"potentialAction":[{"@type":"SearchAction","target":{"@type":"EntryPoint","urlTemplate":"https:\/\/radioljubuski.ba\/?s={search_term_string}"},"query-input":{"@type":"PropertyValueSpecification","valueRequired":true,"valueName":"search_term_string"}}],"inLanguage":"hr"},{"@type":"Organization","@id":"https:\/\/radioljubuski.ba\/#organization","name":"Radio Ljubu\u0161ki","url":"https:\/\/radioljubuski.ba\/","logo":{"@type":"ImageObject","inLanguage":"hr","@id":"https:\/\/radioljubuski.ba\/#\/schema\/logo\/image\/","url":"https:\/\/radioljubuski.ba\/wp-content\/uploads\/2021\/02\/cropped-Radio_Ljubuski_logo1.jpg","contentUrl":"https:\/\/radioljubuski.ba\/wp-content\/uploads\/2021\/02\/cropped-Radio_Ljubuski_logo1.jpg","width":512,"height":512,"caption":"Radio Ljubu\u0161ki"},"image":{"@id":"https:\/\/radioljubuski.ba\/#\/schema\/logo\/image\/"},"sameAs":["https:\/\/www.facebook.com\/Radiio-Ljubuski-1490835324566332","https:\/\/x.com\/radioljubuski","https:\/\/hr.linkedin.com\/company\/radio-ljubuski","https:\/\/www.youtube.com\/channel\/UCHYaeO_n0Db3tjNGudGpXyw"]},{"@type":"Person","@id":"https:\/\/radioljubuski.ba\/#\/schema\/person\/19fc700381a780f69665d7956c469e3b","name":"Radio Ljubu\u0161ki"}]}},"_links":{"self":[{"href":"https:\/\/radioljubuski.ba\/index.php\/wp-json\/wp\/v2\/posts\/155465","targetHints":{"allow":["GET"]}}],"collection":[{"href":"https:\/\/radioljubuski.ba\/index.php\/wp-json\/wp\/v2\/posts"}],"about":[{"href":"https:\/\/radioljubuski.ba\/index.php\/wp-json\/wp\/v2\/types\/post"}],"author":[{"embeddable":true,"href":"https:\/\/radioljubuski.ba\/index.php\/wp-json\/wp\/v2\/users\/2"}],"replies":[{"embeddable":true,"href":"https:\/\/radioljubuski.ba\/index.php\/wp-json\/wp\/v2\/comments?post=155465"}],"version-history":[{"count":1,"href":"https:\/\/radioljubuski.ba\/index.php\/wp-json\/wp\/v2\/posts\/155465\/revisions"}],"predecessor-version":[{"id":155467,"href":"https:\/\/radioljubuski.ba\/index.php\/wp-json\/wp\/v2\/posts\/155465\/revisions\/155467"}],"wp:featuredmedia":[{"embeddable":true,"href":"https:\/\/radioljubuski.ba\/index.php\/wp-json\/wp\/v2\/media\/155466"}],"wp:attachment":[{"href":"https:\/\/radioljubuski.ba\/index.php\/wp-json\/wp\/v2\/media?parent=155465"}],"wp:term":[{"taxonomy":"category","embeddable":true,"href":"https:\/\/radioljubuski.ba\/index.php\/wp-json\/wp\/v2\/categories?post=155465"},{"taxonomy":"post_tag","embeddable":true,"href":"https:\/\/radioljubuski.ba\/index.php\/wp-json\/wp\/v2\/tags?post=155465"}],"curies":[{"name":"wp","href":"https:\/\/api.w.org\/{rel}","templated":true}]}}