{"id":155468,"date":"2022-07-04T07:16:10","date_gmt":"2022-07-04T06:16:10","guid":{"rendered":"https:\/\/radioljubuski.ba\/?p=155468"},"modified":"2022-07-04T07:16:11","modified_gmt":"2022-07-04T06:16:11","slug":"peljeski-most-otvara-se-krajem-srpnja","status":"publish","type":"post","link":"https:\/\/radioljubuski.ba\/index.php\/2022\/07\/04\/peljeski-most-otvara-se-krajem-srpnja\/","title":{"rendered":"Pelje\u0161ki most otvara se krajem srpnja"},"content":{"rendered":"\n<p><strong>Na pelje\u0161kom mostu i pristupnim cestama sve ide po planu te se njegovo otvaranje s dijelom pristupnih cesta o\u010dekuje 26. srpnja, rekao je u petak ministar prometa Oleg Butkovi\u0107.<\/strong><\/p>\n\n\n\n<p>Sve ide dobro, po planu i programu, rekao je Butkovi\u0107 i dodao da vru\u0107ine dodu\u0161e ote\u017eavaju poslove, ali 18. srpnja trebala bi biti izdana uporabna dozvola za pristupne ceste (za most je ve\u0107 izdana), te bi most s dijelom pristupnih cesta trebao biti otvoren 26. srpnja, kako je i planirano.<\/p>\n\n\n\n<p>Ministar je to izjavio nakon koordinacijskog sastanka projekta \u201cCestovna povezanost ju\u017ene Dalmacije\u201d i obilaska mosta.<\/p>\n\n\n\n<p>Projekt svih projekata-pelje\u0161ki most, 26. srpnja bit \u0107e otvoren na radost svih ljudi u Dubrova\u010dko-neretvanskoj \u017eupaniji i svih onih koji \u0107e do\u0107i u Hrvatsku, rekao je Butkovi\u0107.<\/p>\n\n\n\n<p>Nije otkrio detalje programa otvaranja, no rekao je kako je bitno da to bude doga\u0111aj \u201cotvoren za sve ljude\u201d koji \u0107e mo\u0107i do\u0107i i pro\u0161etati mostom i \u201cbiti dio tog velikog doga\u0111aja\u201d, a sama ceremonija otvaranja bit \u0107e protokolarna.<\/p>\n\n\n\n<p>I dubrova\u010dko-neretvanski \u017eupan Nikola Dobroslavi\u0107 rekao je da na mostu sve ide po planu i da ne\u0107e biti ka\u0161njenja. Izgradnjom mosta \u017eupanija \u0107e po njegovim rije\u010dima dobiti poticaj za daljnji razvoj. O\u010dekuje \u201cne\u0161to malo gu\u017evi u Stonu ovoga ljeta\u201d, ali to je, kako je rekao, \u201cnajmanja \u017ertva za napredak\u201d.<\/p>\n\n\n\n<p>\u0160to se ti\u010de drugih prometnih projekata koji su dobili vladinu potporu na sjednici u Dubrovniku 2019. godine, kao \u0161to su brza cesta zra\u010dna luka-grad-Osojnik, autocesta od \u010dvora Metkovi\u0107 do Osojnika i nastavak pelje\u0161ke ceste od Brijeste do Orebi\u0107a te obilaznice Orebi\u0107a, rekao je da za sve te projekte u tijeku izrada projektne dokumentacije.<\/p>\n\n\n\n<p>Potpredsjednik vlade i ministar financija Zdravko Mari\u0107 rekao je da je sve \u0161to je napravljeno na mostu i pristupnim cestama \u201cvrlo impresivno\u201d, no da su od divljenja va\u017eniji ekonomske, gospodarske i financijske koristi.<\/p>\n\n\n\n<p>Kada se gleda cijela ra\u010dunica, dobro je da su radovi ugovoreni prije poskupljenja, rekao je.<\/p>\n\n\n\n<p>\u0160to se ti\u010de situacije oko cijena goriva, rekao je da je danas zadnji dan analize na dvotjednoj razini te da \u0107e vlada preko vikenda analizirati stanje, a potom izvijestiti \u0161to \u0107e i kako poduzimati.<\/p>\n\n\n\n<p>Podsjetio je da su tro\u0161arine ve\u0107 ukupno smanjene za 80 lipa kod eurosupera odnosno 40 lipa za dizel, pa je ostalo ne\u0161to ispod 20 lipa na dizelu i ispod 40 lipa na benzinu.<\/p>\n\n\n\n<p>Ho\u0107emo li posezati za tim dijelom ili ne\u010dim drugim, to \u0107emo jo\u0161 vidjeti, rekao je Mari\u0107.<\/p>\n\n\n\n<p>Izvor:<a href=\"https:\/\/iks-portal.info\/informacije\/hrvatska-i-regija\/item\/19831-peljeski-most-otvara-se-krajem-srpnja.html\"> Iks portal <\/a><\/p>\n","protected":false},"excerpt":{"rendered":"<p>Na pelje\u0161kom mostu i pristupnim cestama sve ide po planu te se njegovo otvaranje s dijelom pristupnih cesta o\u010dekuje 26. srpnja, rekao je u petak ministar prometa Oleg Butkovi\u0107. Sve ide dobro, po planu i programu, rekao je Butkovi\u0107 i dodao da vru\u0107ine dodu\u0161e ote\u017eavaju poslove, ali 18. srpnja trebala bi biti izdana uporabna dozvola [&hellip;]<\/p>\n","protected":false},"author":2,"featured_media":155469,"comment_status":"closed","ping_status":"closed","sticky":false,"template":"","format":"standard","meta":{"h5ap_radio_sources":[],"footnotes":""},"categories":[1],"tags":[],"class_list":["post-155468","post","type-post","status-publish","format-standard","has-post-thumbnail","hentry","category-bihiregija"],"yoast_head":"<!-- This site is optimized with the Yoast SEO plugin v27.5 - https:\/\/yoast.com\/product\/yoast-seo-wordpress\/ -->\n<title>Pelje\u0161ki most otvara se krajem srpnja - RADIO LJUBU\u0160KI<\/title>\n<meta name=\"robots\" content=\"index, follow, max-snippet:-1, max-image-preview:large, max-video-preview:-1\" \/>\n<link rel=\"canonical\" href=\"https:\/\/radioljubuski.ba\/index.php\/2022\/07\/04\/peljeski-most-otvara-se-krajem-srpnja\/\" \/>\n<meta property=\"og:locale\" content=\"hr_HR\" \/>\n<meta property=\"og:type\" content=\"article\" \/>\n<meta property=\"og:title\" content=\"Pelje\u0161ki most otvara se krajem srpnja - RADIO LJUBU\u0160KI\" \/>\n<meta property=\"og:description\" content=\"Na pelje\u0161kom mostu i pristupnim cestama sve ide po planu te se njegovo otvaranje s dijelom pristupnih cesta o\u010dekuje 26. srpnja, rekao je u petak ministar prometa Oleg Butkovi\u0107. Sve ide dobro, po planu i programu, rekao je Butkovi\u0107 i dodao da vru\u0107ine dodu\u0161e ote\u017eavaju poslove, ali 18. srpnja trebala bi biti izdana uporabna dozvola [&hellip;]\" \/>\n<meta property=\"og:url\" content=\"https:\/\/radioljubuski.ba\/index.php\/2022\/07\/04\/peljeski-most-otvara-se-krajem-srpnja\/\" \/>\n<meta property=\"og:site_name\" content=\"RADIO LJUBU\u0160KI\" \/>\n<meta property=\"article:publisher\" content=\"https:\/\/www.facebook.com\/Radiio-Ljubuski-1490835324566332\" \/>\n<meta property=\"article:published_time\" content=\"2022-07-04T06:16:10+00:00\" \/>\n<meta property=\"article:modified_time\" content=\"2022-07-04T06:16:11+00:00\" \/>\n<meta property=\"og:image\" content=\"https:\/\/radioljubuski.ba\/wp-content\/uploads\/2022\/07\/f08e8d064c92127418b6aac335d6b3fe_L.jpg\" \/>\n\t<meta property=\"og:image:width\" content=\"1024\" \/>\n\t<meta property=\"og:image:height\" content=\"682\" \/>\n\t<meta property=\"og:image:type\" content=\"image\/jpeg\" \/>\n<meta name=\"author\" content=\"Radio Ljubu\u0161ki\" \/>\n<meta name=\"twitter:card\" content=\"summary_large_image\" \/>\n<meta name=\"twitter:creator\" content=\"@radioljubuski\" \/>\n<meta name=\"twitter:site\" content=\"@radioljubuski\" \/>\n<meta name=\"twitter:label1\" content=\"Napisao\/la\" \/>\n\t<meta name=\"twitter:data1\" content=\"Radio Ljubu\u0161ki\" \/>\n\t<meta name=\"twitter:label2\" content=\"Procijenjeno vrijeme \u010ditanja\" \/>\n\t<meta name=\"twitter:data2\" content=\"2 minute\" \/>\n<script type=\"application\/ld+json\" class=\"yoast-schema-graph\">{\"@context\":\"https:\\\/\\\/schema.org\",\"@graph\":[{\"@type\":\"Article\",\"@id\":\"https:\\\/\\\/radioljubuski.ba\\\/index.php\\\/2022\\\/07\\\/04\\\/peljeski-most-otvara-se-krajem-srpnja\\\/#article\",\"isPartOf\":{\"@id\":\"https:\\\/\\\/radioljubuski.ba\\\/index.php\\\/2022\\\/07\\\/04\\\/peljeski-most-otvara-se-krajem-srpnja\\\/\"},\"author\":{\"name\":\"Radio Ljubu\u0161ki\",\"@id\":\"https:\\\/\\\/radioljubuski.ba\\\/#\\\/schema\\\/person\\\/19fc700381a780f69665d7956c469e3b\"},\"headline\":\"Pelje\u0161ki most otvara se krajem srpnja\",\"datePublished\":\"2022-07-04T06:16:10+00:00\",\"dateModified\":\"2022-07-04T06:16:11+00:00\",\"mainEntityOfPage\":{\"@id\":\"https:\\\/\\\/radioljubuski.ba\\\/index.php\\\/2022\\\/07\\\/04\\\/peljeski-most-otvara-se-krajem-srpnja\\\/\"},\"wordCount\":427,\"publisher\":{\"@id\":\"https:\\\/\\\/radioljubuski.ba\\\/#organization\"},\"image\":{\"@id\":\"https:\\\/\\\/radioljubuski.ba\\\/index.php\\\/2022\\\/07\\\/04\\\/peljeski-most-otvara-se-krajem-srpnja\\\/#primaryimage\"},\"thumbnailUrl\":\"https:\\\/\\\/radioljubuski.ba\\\/wp-content\\\/uploads\\\/2022\\\/07\\\/f08e8d064c92127418b6aac335d6b3fe_L.jpg\",\"articleSection\":[\"BIH i regija\"],\"inLanguage\":\"hr\"},{\"@type\":\"WebPage\",\"@id\":\"https:\\\/\\\/radioljubuski.ba\\\/index.php\\\/2022\\\/07\\\/04\\\/peljeski-most-otvara-se-krajem-srpnja\\\/\",\"url\":\"https:\\\/\\\/radioljubuski.ba\\\/index.php\\\/2022\\\/07\\\/04\\\/peljeski-most-otvara-se-krajem-srpnja\\\/\",\"name\":\"Pelje\u0161ki most otvara se krajem srpnja - RADIO LJUBU\u0160KI\",\"isPartOf\":{\"@id\":\"https:\\\/\\\/radioljubuski.ba\\\/#website\"},\"primaryImageOfPage\":{\"@id\":\"https:\\\/\\\/radioljubuski.ba\\\/index.php\\\/2022\\\/07\\\/04\\\/peljeski-most-otvara-se-krajem-srpnja\\\/#primaryimage\"},\"image\":{\"@id\":\"https:\\\/\\\/radioljubuski.ba\\\/index.php\\\/2022\\\/07\\\/04\\\/peljeski-most-otvara-se-krajem-srpnja\\\/#primaryimage\"},\"thumbnailUrl\":\"https:\\\/\\\/radioljubuski.ba\\\/wp-content\\\/uploads\\\/2022\\\/07\\\/f08e8d064c92127418b6aac335d6b3fe_L.jpg\",\"datePublished\":\"2022-07-04T06:16:10+00:00\",\"dateModified\":\"2022-07-04T06:16:11+00:00\",\"breadcrumb\":{\"@id\":\"https:\\\/\\\/radioljubuski.ba\\\/index.php\\\/2022\\\/07\\\/04\\\/peljeski-most-otvara-se-krajem-srpnja\\\/#breadcrumb\"},\"inLanguage\":\"hr\",\"potentialAction\":[{\"@type\":\"ReadAction\",\"target\":[\"https:\\\/\\\/radioljubuski.ba\\\/index.php\\\/2022\\\/07\\\/04\\\/peljeski-most-otvara-se-krajem-srpnja\\\/\"]}]},{\"@type\":\"ImageObject\",\"inLanguage\":\"hr\",\"@id\":\"https:\\\/\\\/radioljubuski.ba\\\/index.php\\\/2022\\\/07\\\/04\\\/peljeski-most-otvara-se-krajem-srpnja\\\/#primaryimage\",\"url\":\"https:\\\/\\\/radioljubuski.ba\\\/wp-content\\\/uploads\\\/2022\\\/07\\\/f08e8d064c92127418b6aac335d6b3fe_L.jpg\",\"contentUrl\":\"https:\\\/\\\/radioljubuski.ba\\\/wp-content\\\/uploads\\\/2022\\\/07\\\/f08e8d064c92127418b6aac335d6b3fe_L.jpg\",\"width\":1024,\"height\":682},{\"@type\":\"BreadcrumbList\",\"@id\":\"https:\\\/\\\/radioljubuski.ba\\\/index.php\\\/2022\\\/07\\\/04\\\/peljeski-most-otvara-se-krajem-srpnja\\\/#breadcrumb\",\"itemListElement\":[{\"@type\":\"ListItem\",\"position\":1,\"name\":\"Po\u010detna stranica\",\"item\":\"https:\\\/\\\/radioljubuski.ba\\\/\"},{\"@type\":\"ListItem\",\"position\":2,\"name\":\"Pelje\u0161ki most otvara se krajem srpnja\"}]},{\"@type\":\"WebSite\",\"@id\":\"https:\\\/\\\/radioljubuski.ba\\\/#website\",\"url\":\"https:\\\/\\\/radioljubuski.ba\\\/\",\"name\":\"Radio Ljubu\u0161ki\",\"description\":\"Sun\u010dana frekvencija Hercegovine\",\"publisher\":{\"@id\":\"https:\\\/\\\/radioljubuski.ba\\\/#organization\"},\"potentialAction\":[{\"@type\":\"SearchAction\",\"target\":{\"@type\":\"EntryPoint\",\"urlTemplate\":\"https:\\\/\\\/radioljubuski.ba\\\/?s={search_term_string}\"},\"query-input\":{\"@type\":\"PropertyValueSpecification\",\"valueRequired\":true,\"valueName\":\"search_term_string\"}}],\"inLanguage\":\"hr\"},{\"@type\":\"Organization\",\"@id\":\"https:\\\/\\\/radioljubuski.ba\\\/#organization\",\"name\":\"Radio Ljubu\u0161ki\",\"url\":\"https:\\\/\\\/radioljubuski.ba\\\/\",\"logo\":{\"@type\":\"ImageObject\",\"inLanguage\":\"hr\",\"@id\":\"https:\\\/\\\/radioljubuski.ba\\\/#\\\/schema\\\/logo\\\/image\\\/\",\"url\":\"https:\\\/\\\/radioljubuski.ba\\\/wp-content\\\/uploads\\\/2021\\\/02\\\/cropped-Radio_Ljubuski_logo1.jpg\",\"contentUrl\":\"https:\\\/\\\/radioljubuski.ba\\\/wp-content\\\/uploads\\\/2021\\\/02\\\/cropped-Radio_Ljubuski_logo1.jpg\",\"width\":512,\"height\":512,\"caption\":\"Radio Ljubu\u0161ki\"},\"image\":{\"@id\":\"https:\\\/\\\/radioljubuski.ba\\\/#\\\/schema\\\/logo\\\/image\\\/\"},\"sameAs\":[\"https:\\\/\\\/www.facebook.com\\\/Radiio-Ljubuski-1490835324566332\",\"https:\\\/\\\/x.com\\\/radioljubuski\",\"https:\\\/\\\/hr.linkedin.com\\\/company\\\/radio-ljubuski\",\"https:\\\/\\\/www.youtube.com\\\/channel\\\/UCHYaeO_n0Db3tjNGudGpXyw\"]},{\"@type\":\"Person\",\"@id\":\"https:\\\/\\\/radioljubuski.ba\\\/#\\\/schema\\\/person\\\/19fc700381a780f69665d7956c469e3b\",\"name\":\"Radio Ljubu\u0161ki\"}]}<\/script>\n<!-- \/ Yoast SEO plugin. -->","yoast_head_json":{"title":"Pelje\u0161ki most otvara se krajem srpnja - RADIO LJUBU\u0160KI","robots":{"index":"index","follow":"follow","max-snippet":"max-snippet:-1","max-image-preview":"max-image-preview:large","max-video-preview":"max-video-preview:-1"},"canonical":"https:\/\/radioljubuski.ba\/index.php\/2022\/07\/04\/peljeski-most-otvara-se-krajem-srpnja\/","og_locale":"hr_HR","og_type":"article","og_title":"Pelje\u0161ki most otvara se krajem srpnja - RADIO LJUBU\u0160KI","og_description":"Na pelje\u0161kom mostu i pristupnim cestama sve ide po planu te se njegovo otvaranje s dijelom pristupnih cesta o\u010dekuje 26. srpnja, rekao je u petak ministar prometa Oleg Butkovi\u0107. Sve ide dobro, po planu i programu, rekao je Butkovi\u0107 i dodao da vru\u0107ine dodu\u0161e ote\u017eavaju poslove, ali 18. srpnja trebala bi biti izdana uporabna dozvola [&hellip;]","og_url":"https:\/\/radioljubuski.ba\/index.php\/2022\/07\/04\/peljeski-most-otvara-se-krajem-srpnja\/","og_site_name":"RADIO LJUBU\u0160KI","article_publisher":"https:\/\/www.facebook.com\/Radiio-Ljubuski-1490835324566332","article_published_time":"2022-07-04T06:16:10+00:00","article_modified_time":"2022-07-04T06:16:11+00:00","og_image":[{"width":1024,"height":682,"url":"https:\/\/radioljubuski.ba\/wp-content\/uploads\/2022\/07\/f08e8d064c92127418b6aac335d6b3fe_L.jpg","type":"image\/jpeg"}],"author":"Radio Ljubu\u0161ki","twitter_card":"summary_large_image","twitter_creator":"@radioljubuski","twitter_site":"@radioljubuski","twitter_misc":{"Napisao\/la":"Radio Ljubu\u0161ki","Procijenjeno vrijeme \u010ditanja":"2 minute"},"schema":{"@context":"https:\/\/schema.org","@graph":[{"@type":"Article","@id":"https:\/\/radioljubuski.ba\/index.php\/2022\/07\/04\/peljeski-most-otvara-se-krajem-srpnja\/#article","isPartOf":{"@id":"https:\/\/radioljubuski.ba\/index.php\/2022\/07\/04\/peljeski-most-otvara-se-krajem-srpnja\/"},"author":{"name":"Radio Ljubu\u0161ki","@id":"https:\/\/radioljubuski.ba\/#\/schema\/person\/19fc700381a780f69665d7956c469e3b"},"headline":"Pelje\u0161ki most otvara se krajem srpnja","datePublished":"2022-07-04T06:16:10+00:00","dateModified":"2022-07-04T06:16:11+00:00","mainEntityOfPage":{"@id":"https:\/\/radioljubuski.ba\/index.php\/2022\/07\/04\/peljeski-most-otvara-se-krajem-srpnja\/"},"wordCount":427,"publisher":{"@id":"https:\/\/radioljubuski.ba\/#organization"},"image":{"@id":"https:\/\/radioljubuski.ba\/index.php\/2022\/07\/04\/peljeski-most-otvara-se-krajem-srpnja\/#primaryimage"},"thumbnailUrl":"https:\/\/radioljubuski.ba\/wp-content\/uploads\/2022\/07\/f08e8d064c92127418b6aac335d6b3fe_L.jpg","articleSection":["BIH i regija"],"inLanguage":"hr"},{"@type":"WebPage","@id":"https:\/\/radioljubuski.ba\/index.php\/2022\/07\/04\/peljeski-most-otvara-se-krajem-srpnja\/","url":"https:\/\/radioljubuski.ba\/index.php\/2022\/07\/04\/peljeski-most-otvara-se-krajem-srpnja\/","name":"Pelje\u0161ki most otvara se krajem srpnja - RADIO LJUBU\u0160KI","isPartOf":{"@id":"https:\/\/radioljubuski.ba\/#website"},"primaryImageOfPage":{"@id":"https:\/\/radioljubuski.ba\/index.php\/2022\/07\/04\/peljeski-most-otvara-se-krajem-srpnja\/#primaryimage"},"image":{"@id":"https:\/\/radioljubuski.ba\/index.php\/2022\/07\/04\/peljeski-most-otvara-se-krajem-srpnja\/#primaryimage"},"thumbnailUrl":"https:\/\/radioljubuski.ba\/wp-content\/uploads\/2022\/07\/f08e8d064c92127418b6aac335d6b3fe_L.jpg","datePublished":"2022-07-04T06:16:10+00:00","dateModified":"2022-07-04T06:16:11+00:00","breadcrumb":{"@id":"https:\/\/radioljubuski.ba\/index.php\/2022\/07\/04\/peljeski-most-otvara-se-krajem-srpnja\/#breadcrumb"},"inLanguage":"hr","potentialAction":[{"@type":"ReadAction","target":["https:\/\/radioljubuski.ba\/index.php\/2022\/07\/04\/peljeski-most-otvara-se-krajem-srpnja\/"]}]},{"@type":"ImageObject","inLanguage":"hr","@id":"https:\/\/radioljubuski.ba\/index.php\/2022\/07\/04\/peljeski-most-otvara-se-krajem-srpnja\/#primaryimage","url":"https:\/\/radioljubuski.ba\/wp-content\/uploads\/2022\/07\/f08e8d064c92127418b6aac335d6b3fe_L.jpg","contentUrl":"https:\/\/radioljubuski.ba\/wp-content\/uploads\/2022\/07\/f08e8d064c92127418b6aac335d6b3fe_L.jpg","width":1024,"height":682},{"@type":"BreadcrumbList","@id":"https:\/\/radioljubuski.ba\/index.php\/2022\/07\/04\/peljeski-most-otvara-se-krajem-srpnja\/#breadcrumb","itemListElement":[{"@type":"ListItem","position":1,"name":"Po\u010detna stranica","item":"https:\/\/radioljubuski.ba\/"},{"@type":"ListItem","position":2,"name":"Pelje\u0161ki most otvara se krajem srpnja"}]},{"@type":"WebSite","@id":"https:\/\/radioljubuski.ba\/#website","url":"https:\/\/radioljubuski.ba\/","name":"Radio Ljubu\u0161ki","description":"Sun\u010dana frekvencija Hercegovine","publisher":{"@id":"https:\/\/radioljubuski.ba\/#organization"},"potentialAction":[{"@type":"SearchAction","target":{"@type":"EntryPoint","urlTemplate":"https:\/\/radioljubuski.ba\/?s={search_term_string}"},"query-input":{"@type":"PropertyValueSpecification","valueRequired":true,"valueName":"search_term_string"}}],"inLanguage":"hr"},{"@type":"Organization","@id":"https:\/\/radioljubuski.ba\/#organization","name":"Radio Ljubu\u0161ki","url":"https:\/\/radioljubuski.ba\/","logo":{"@type":"ImageObject","inLanguage":"hr","@id":"https:\/\/radioljubuski.ba\/#\/schema\/logo\/image\/","url":"https:\/\/radioljubuski.ba\/wp-content\/uploads\/2021\/02\/cropped-Radio_Ljubuski_logo1.jpg","contentUrl":"https:\/\/radioljubuski.ba\/wp-content\/uploads\/2021\/02\/cropped-Radio_Ljubuski_logo1.jpg","width":512,"height":512,"caption":"Radio Ljubu\u0161ki"},"image":{"@id":"https:\/\/radioljubuski.ba\/#\/schema\/logo\/image\/"},"sameAs":["https:\/\/www.facebook.com\/Radiio-Ljubuski-1490835324566332","https:\/\/x.com\/radioljubuski","https:\/\/hr.linkedin.com\/company\/radio-ljubuski","https:\/\/www.youtube.com\/channel\/UCHYaeO_n0Db3tjNGudGpXyw"]},{"@type":"Person","@id":"https:\/\/radioljubuski.ba\/#\/schema\/person\/19fc700381a780f69665d7956c469e3b","name":"Radio Ljubu\u0161ki"}]}},"_links":{"self":[{"href":"https:\/\/radioljubuski.ba\/index.php\/wp-json\/wp\/v2\/posts\/155468","targetHints":{"allow":["GET"]}}],"collection":[{"href":"https:\/\/radioljubuski.ba\/index.php\/wp-json\/wp\/v2\/posts"}],"about":[{"href":"https:\/\/radioljubuski.ba\/index.php\/wp-json\/wp\/v2\/types\/post"}],"author":[{"embeddable":true,"href":"https:\/\/radioljubuski.ba\/index.php\/wp-json\/wp\/v2\/users\/2"}],"replies":[{"embeddable":true,"href":"https:\/\/radioljubuski.ba\/index.php\/wp-json\/wp\/v2\/comments?post=155468"}],"version-history":[{"count":1,"href":"https:\/\/radioljubuski.ba\/index.php\/wp-json\/wp\/v2\/posts\/155468\/revisions"}],"predecessor-version":[{"id":155470,"href":"https:\/\/radioljubuski.ba\/index.php\/wp-json\/wp\/v2\/posts\/155468\/revisions\/155470"}],"wp:featuredmedia":[{"embeddable":true,"href":"https:\/\/radioljubuski.ba\/index.php\/wp-json\/wp\/v2\/media\/155469"}],"wp:attachment":[{"href":"https:\/\/radioljubuski.ba\/index.php\/wp-json\/wp\/v2\/media?parent=155468"}],"wp:term":[{"taxonomy":"category","embeddable":true,"href":"https:\/\/radioljubuski.ba\/index.php\/wp-json\/wp\/v2\/categories?post=155468"},{"taxonomy":"post_tag","embeddable":true,"href":"https:\/\/radioljubuski.ba\/index.php\/wp-json\/wp\/v2\/tags?post=155468"}],"curies":[{"name":"wp","href":"https:\/\/api.w.org\/{rel}","templated":true}]}}