{"id":155471,"date":"2022-07-04T07:18:42","date_gmt":"2022-07-04T06:18:42","guid":{"rendered":"https:\/\/radioljubuski.ba\/?p=155471"},"modified":"2022-07-08T11:06:31","modified_gmt":"2022-07-08T10:06:31","slug":"najava-predstavljanje-nove-knjige-knjizevnika-dusana-muse","status":"publish","type":"post","link":"https:\/\/radioljubuski.ba\/index.php\/2022\/07\/04\/najava-predstavljanje-nove-knjige-knjizevnika-dusana-muse\/","title":{"rendered":"Najava: Predstavljanje nove knjige knji\u017eevnika Du\u0161ana Muse"},"content":{"rendered":"\n<p><strong>U organizaciji JU \u201eKulturno-\u0161portski centar\u201c Ljubu\u0161ki i Udruge \u201eVojvoda Musi\u0107\u201c, Ljubu\u0161ki, u \u010detvrtak, 7. srpnja, s po\u010detkom u 20,30 sati, u hotelu \u201eBigeste\u201c u Ljubu\u0161kom, odr\u017eat \u0107e se predstavljanje nove knjige novinara i pisca Du\u0161ana Musa \u201eDon Ivan Musi\u0107 organizira ostanak Hrvata u isto\u010dnoj Hercegovini 1875. \u2013 1878. godine\u201c.<\/strong><\/p>\n\n\n\n<p><strong>&nbsp;&nbsp; Uz autora o knjizi \u0107e govoriti urednik knjige Tomislav Primorac, te recenzenti \u2013 dr. sc. Ljiljana Herceg i doc. dr. Marinko Mari\u0107.<\/strong><\/p>\n\n\n\n<p><strong>&nbsp;&nbsp; U glazbenom dijelu programa nastupit \u0107e Marija \u0160imovi\u0107 iz Ljubu\u0161kog i Darko \u0160utalo \u2013 Rahan iz \u010capljine. Moderatorica Mia Lovri\u0107<\/strong><\/p>\n\n\n\n<p><strong>Pokrovitelji: Grad Ljubu\u0161ki i hotel \u201eBigeste\u201c Ljubu\u0161ki<\/strong><\/p>\n\n\n\n<p>&nbsp;&nbsp; Studija \u201eDon Ivan Musi\u0107 organizira ostanak Hrvata u isto\u010dnoj Hercegovini 1875. \u2013 1878. godine\u201c, tre\u0107e je djelo novinara i pisca Du\u0161ana Muse iz Ljubu\u0161kog. Svojevrsni uvod u problematiku Hercegova\u010dkog ustanka 1875. \u2013 1878. godine, bio je znanstveni skup \u201eUloga Hrvata u Hercegova\u010dkom ustanku 1975. \u2013 1878. godine\u201c, koji je odr\u017ean u Ljubu\u0161kom 2008. godine. Urednik zbornika znanstvenog skupa \u201eUloga Hrvata u Hercegova\u010dkom ustanku 1975. \u2013 1878. godine\u201c, bio je upravo Du\u0161an Musa. Zbornik je objavljen 2009. godine. Nakon ure\u0111ivanja spomenutog zbornika Du\u0161an Musa je na temu ustanka objavio dvije knjige \u201eZapisi o Hercegova\u010dkom ustanku\u201c, 2015., te \u201eHercegova\u010dki ustanak 1875. 1878. godine\u201c. Godine 2018. objavljeno je prvo izdanje, a 2019. godine i drugo dopunjeno, izdanje.<\/p>\n\n\n\n<p>&nbsp;&nbsp; Knjiga \u201eDon Ivan Musi\u0107 organizira ostanak Hrvata u isto\u010dnoj Hercegovini 1875. \u2013 1878. godine\u201c, je tre\u0107e djelo na temu Hercegova\u010dkog ustanka kojim autor zaokru\u017euje ustani\u010dku problematiku od pada srednjovjekovne Bosne 1463. i Hercegovine 1482. godine pod vlast Osmanskog carstva, pa do Berlinskog kongresa odr\u017eanog 1878. godine. Upravo je Berlinski kongres bio rezultat ustanka kojeg su pokrenuli ju\u017eno-hercegova\u010dki katolici \u2013 Hrvati, napadom na osmansku posadu na mostu preko rijeke Krupe izme\u0111u Dra\u010deva i Gabele, mjesta na podru\u010dju \u010capljine. Ju\u017eno-hercegova\u010dki ustanici, misli se na podru\u010dje sliva rijeka Trebi\u017eata, Bregave i Trebi\u0161njice, iznenadili su ne samo uspavanu osmansku vlast nego i cjelokupnu onda\u0161nju europsku javnost. Iznena\u0111enje je bilo tim ve\u0107e jer su se prvi pobunili katolici, dok su ranije bune protiv osmanskih okupatora, bile vezane uglavnom za prostore Bosne i Hercegovine naseljene pravoslavnim \u017eivljem.<\/p>\n\n\n\n<p>&nbsp;&nbsp; Prvih godinu dana, do ulaska Crne Gore i Srbije u rat protiv Osmanskog carstva, katoli\u010dki ustanici samostalno ili u suradnji s pravoslavnim ustanicima, te crnogorskim dobrovoljcima vodili su niz bojeva. Uglavnom, dva bataljuna s katoli\u010dkom ve\u0107inom ustanika \u2013 Ra\u0161anjski sa \u0161est \u010deta i Popovo-ljubinjski s \u010dak devet \u010deta, s prekidima, kontrolirala su prostor od Gabele, preko Drenovca do manastira Du\u017ei u Popovom polju. Ulaskom Crne Gore u rat oba katoli\u010dka bataljuna uklju\u010dena su u crnogorsko-ustani\u010dku vojsku. U toj formaciji ostaju sve do konca 1876. godine. Uz ostalo sudjeluju ne samo u bitkama na podru\u010dju juga Hercegovine, nego i u \u010duvenoj bitci na Vu\u010djem Dolu, izme\u0111u Bile\u0107e i Nik\u0161i\u0107a, gdje je crnogorsko-ustani\u010dka vojska izvojevala veliku pobjedu protiv osmanskih snaga.<\/p>\n\n\n\n<p>&nbsp;&nbsp; Nova prijelomna tp\u010dka za katoli\u010dke ustanke nastupa koncem 1876. godine kada vojvodu Ivana Musi\u0107a, zapovjednika Ra\u0161anjskog i Popovo-Ljubinjskog bataljuna, u Be\u010du prima Gyula Andrassy austrougarski ministar vanjskih poslova. \u0160to je to\u010dno dogovoreno na tom sastanku, nikada se nije saznalo, uglavnom katoli\u010dki bataljuni su od velja\u010de 1877. godine, pa do kolovoza 1878. godine iz Be\u010da na ime vojvode Musi\u0107a, primali nov\u010danu pomo\u0107 u mjese\u010dnom iznosu od 500 forinti. U tom razdoblju na prostoru kojeg su kontrolirali opada intenzitet borbi. Vojvoda Musi\u0107 na oslobo\u0111enom teritoriju po\u010dinje izgradnju kako neki povjesni\u010dari poput Musi\u0107u nesklonog Milorada Ekme\u010di\u0107a, ka\u017eu \u201eprimitivne dr\u017eave\u201c na \u010dijim granicama se organizira i ubiranje carine?!<\/p>\n\n\n\n<p>&nbsp;&nbsp; Nakon \u0161to je na Berlinskom kongresu, 1878., Austro-Ugarska dobila mandat za zaposjedanje \u201epokrajina Bosne i Hercegovine\u201c (mno\u017eina), Musi\u0107 se samoinicijativno uklju\u010duje u operacije osloba\u0111anja te ustanici prvi ulaze u Stolac, a zatim po nare\u0111enju generala Stjepana Jovanovi\u0107a osloba\u0111aju i Ljubinje. Prije toga kontrolirali su cijelo podru\u010dje dana\u0161njih op\u0107ina, Neum i Ravno, te dijelove \u010capljine i Stoca. Kako Austro-Ugarski vlastodr\u0161ci nisu bili zadovolji politi\u010dkim vezama ustanika s Narodnom strankom Kraljevine Dalmacije i slobodarskim Dubrovnikom \u2013 koji su ih tijekom ustanka zdu\u0161no pomagali, general Jovanovi\u0107 prote\u017eira pravoslavne ustani\u010dke vo\u0111e od kojih su neki postajali ne samo kajmekani s visokim primanjima, nego i episkopi, o \u010dijem imenovanju se odlu\u010divalo u Be\u010du, a katoli\u010dki posebice vojvoda Musi\u0107, dolaze na udar nesklonog im re\u017eima.<\/p>\n\n\n\n<p>&nbsp;&nbsp; Vojvoda Musi\u0107, koji je bio zare\u0111en za franjevca, nakon poku\u0161aja bijega u Srbiju zbog dizanja ustanka, zahvaljuju\u0107i zalaganju francuskog konzula u Mostaru, Moroa, umjesto u zatvoru zavr\u0161io je na studiju medicine u Carigradu, s Petrom Bajom Bo\u017ei\u0107em iz Brotnja. To su ujedno bili prvi studenti medicine iz BiH. Musi\u0107 kasnije vjerojatno zalaganjem ujaka \u2013 biskupa fra An\u0111ela Kraljevi\u0107a, u ma\u0111arskom Ostrogonu zavr\u0161ava studij bogoslovije. Prva i jednina \u017eupa u kojoj je slu\u017ebovao bilo je Ravno koju je preuzeo u sije\u010dnju 1875. godine. Nepunih pola godine nakon toga izabran je za ustani\u010dkog vo\u0111u, a kasnije u Zavali, za vojvodu.<\/p>\n\n\n\n<p>&nbsp;&nbsp; U velja\u010di 1876. godine zbog sudjelovanja u ustanku, ka\u017enjen je \u201ea divinis\u201c i isklju\u010den iz sve\u0107eni\u010dkog reda. Nakon \u0161to je rekao NE sultanu, Musi\u0107 je rekao NE i caru, emigrirao je u Crnu Goru, pa Srbiju. Problema s Be\u010dkim vlastima imale su i ostale vo\u0111e katolika \u2013 Hrvata, tako se primjerice fra Pavo Petrovi\u0107, kao i Musi\u0107 ro\u0111en u Klobuku, pet godina od austrougarskog progona krio u Dubrovniku. Fra Bono \u0160ari\u0107, Dre\u017enjak jedan od ustani\u010dkih prvaka u livanjskom kraju, sedam godina je proveo u internaciji u Austriji. Musi\u0107 umire u Beogradu, Petrovi\u0107 je sahranjen u Gradni\u0107ima, op\u0107ina \u010citluk, a fra Bono \u0160ari\u0107 na Humcu kod Ljubu\u0161kog.<\/p>\n\n\n\n<p>&nbsp;&nbsp; \u0160ire o navedenim, kao i nizu drugih pojedinosti, mo\u0107i \u0107ete \u010duti na predstavljanju studije \u201eDon Ivan Musi\u0107 organizira opstanak Hrvata u isto\u010dnoj Hercegovini 1875. \u2013 1878. godine\u201c, u \u010detvrtak, 7. srpnja, u hotelu \u201eBigeste\u201c&nbsp; u Ljubu\u0161kom s po\u010detkom u 20,30 sati!<\/p>\n\n\n\n<p>&nbsp;&nbsp; Ina\u010de, autor Du\u0161an Musa \u010dlan je Dru\u0161tva pisaca Bosne i Hercegovine, Dru\u0161tva hrvatskih knji\u017eevnika Herceg-Bosne, te Dru\u0161tva novinara BiH, a navedena knjiga mu je deveto samostalno djelo.<\/p>\n\n\n\n<p>Radio Ljubu\u0161ki<\/p>\n","protected":false},"excerpt":{"rendered":"<p>U organizaciji JU \u201eKulturno-\u0161portski centar\u201c Ljubu\u0161ki i Udruge \u201eVojvoda Musi\u0107\u201c, Ljubu\u0161ki, u \u010detvrtak, 7. srpnja, s po\u010detkom u 20,30 sati, u hotelu \u201eBigeste\u201c u Ljubu\u0161kom, odr\u017eat \u0107e se predstavljanje nove knjige novinara i pisca Du\u0161ana Musa \u201eDon Ivan Musi\u0107 organizira ostanak Hrvata u isto\u010dnoj Hercegovini 1875. \u2013 1878. godine\u201c. &nbsp;&nbsp; Uz autora o knjizi \u0107e [&hellip;]<\/p>\n","protected":false},"author":2,"featured_media":155472,"comment_status":"closed","ping_status":"closed","sticky":false,"template":"","format":"standard","meta":{"h5ap_radio_sources":[],"footnotes":""},"categories":[3],"tags":[],"class_list":["post-155471","post","type-post","status-publish","format-standard","has-post-thumbnail","hentry","category-ljubuski"],"yoast_head":"<!-- This site is optimized with the Yoast SEO plugin v27.5 - https:\/\/yoast.com\/product\/yoast-seo-wordpress\/ -->\n<title>Najava: Predstavljanje nove knjige knji\u017eevnika Du\u0161ana Muse - RADIO LJUBU\u0160KI<\/title>\n<meta name=\"robots\" content=\"index, follow, max-snippet:-1, max-image-preview:large, max-video-preview:-1\" \/>\n<link rel=\"canonical\" href=\"https:\/\/radioljubuski.ba\/index.php\/2022\/07\/04\/najava-predstavljanje-nove-knjige-knjizevnika-dusana-muse\/\" \/>\n<meta property=\"og:locale\" content=\"hr_HR\" \/>\n<meta property=\"og:type\" content=\"article\" \/>\n<meta property=\"og:title\" content=\"Najava: Predstavljanje nove knjige knji\u017eevnika Du\u0161ana Muse - RADIO LJUBU\u0160KI\" \/>\n<meta property=\"og:description\" content=\"U organizaciji JU \u201eKulturno-\u0161portski centar\u201c Ljubu\u0161ki i Udruge \u201eVojvoda Musi\u0107\u201c, Ljubu\u0161ki, u \u010detvrtak, 7. srpnja, s po\u010detkom u 20,30 sati, u hotelu \u201eBigeste\u201c u Ljubu\u0161kom, odr\u017eat \u0107e se predstavljanje nove knjige novinara i pisca Du\u0161ana Musa \u201eDon Ivan Musi\u0107 organizira ostanak Hrvata u isto\u010dnoj Hercegovini 1875. \u2013 1878. godine\u201c. &nbsp;&nbsp; Uz autora o knjizi \u0107e [&hellip;]\" \/>\n<meta property=\"og:url\" content=\"https:\/\/radioljubuski.ba\/index.php\/2022\/07\/04\/najava-predstavljanje-nove-knjige-knjizevnika-dusana-muse\/\" \/>\n<meta property=\"og:site_name\" content=\"RADIO LJUBU\u0160KI\" \/>\n<meta property=\"article:publisher\" content=\"https:\/\/www.facebook.com\/Radiio-Ljubuski-1490835324566332\" \/>\n<meta property=\"article:published_time\" content=\"2022-07-04T06:18:42+00:00\" \/>\n<meta property=\"article:modified_time\" content=\"2022-07-08T10:06:31+00:00\" \/>\n<meta property=\"og:image\" content=\"https:\/\/radioljubuski.ba\/wp-content\/uploads\/2022\/07\/9f78c9db8d5bce663e38321801209201_L.jpg\" \/>\n\t<meta property=\"og:image:width\" content=\"1024\" \/>\n\t<meta property=\"og:image:height\" content=\"605\" \/>\n\t<meta property=\"og:image:type\" content=\"image\/jpeg\" \/>\n<meta name=\"author\" content=\"Radio Ljubu\u0161ki\" \/>\n<meta name=\"twitter:card\" content=\"summary_large_image\" \/>\n<meta name=\"twitter:creator\" content=\"@radioljubuski\" \/>\n<meta name=\"twitter:site\" content=\"@radioljubuski\" \/>\n<meta name=\"twitter:label1\" content=\"Napisao\/la\" \/>\n\t<meta name=\"twitter:data1\" content=\"Radio Ljubu\u0161ki\" \/>\n\t<meta name=\"twitter:label2\" content=\"Procijenjeno vrijeme \u010ditanja\" \/>\n\t<meta name=\"twitter:data2\" content=\"5 minuta\" \/>\n<script type=\"application\/ld+json\" class=\"yoast-schema-graph\">{\"@context\":\"https:\\\/\\\/schema.org\",\"@graph\":[{\"@type\":\"Article\",\"@id\":\"https:\\\/\\\/radioljubuski.ba\\\/index.php\\\/2022\\\/07\\\/04\\\/najava-predstavljanje-nove-knjige-knjizevnika-dusana-muse\\\/#article\",\"isPartOf\":{\"@id\":\"https:\\\/\\\/radioljubuski.ba\\\/index.php\\\/2022\\\/07\\\/04\\\/najava-predstavljanje-nove-knjige-knjizevnika-dusana-muse\\\/\"},\"author\":{\"name\":\"Radio Ljubu\u0161ki\",\"@id\":\"https:\\\/\\\/radioljubuski.ba\\\/#\\\/schema\\\/person\\\/19fc700381a780f69665d7956c469e3b\"},\"headline\":\"Najava: Predstavljanje nove knjige knji\u017eevnika Du\u0161ana Muse\",\"datePublished\":\"2022-07-04T06:18:42+00:00\",\"dateModified\":\"2022-07-08T10:06:31+00:00\",\"mainEntityOfPage\":{\"@id\":\"https:\\\/\\\/radioljubuski.ba\\\/index.php\\\/2022\\\/07\\\/04\\\/najava-predstavljanje-nove-knjige-knjizevnika-dusana-muse\\\/\"},\"wordCount\":1076,\"publisher\":{\"@id\":\"https:\\\/\\\/radioljubuski.ba\\\/#organization\"},\"image\":{\"@id\":\"https:\\\/\\\/radioljubuski.ba\\\/index.php\\\/2022\\\/07\\\/04\\\/najava-predstavljanje-nove-knjige-knjizevnika-dusana-muse\\\/#primaryimage\"},\"thumbnailUrl\":\"https:\\\/\\\/radioljubuski.ba\\\/wp-content\\\/uploads\\\/2022\\\/07\\\/9f78c9db8d5bce663e38321801209201_L.jpg\",\"articleSection\":[\"Ljubu\u0161ki\"],\"inLanguage\":\"hr\"},{\"@type\":\"WebPage\",\"@id\":\"https:\\\/\\\/radioljubuski.ba\\\/index.php\\\/2022\\\/07\\\/04\\\/najava-predstavljanje-nove-knjige-knjizevnika-dusana-muse\\\/\",\"url\":\"https:\\\/\\\/radioljubuski.ba\\\/index.php\\\/2022\\\/07\\\/04\\\/najava-predstavljanje-nove-knjige-knjizevnika-dusana-muse\\\/\",\"name\":\"Najava: Predstavljanje nove knjige knji\u017eevnika Du\u0161ana Muse - RADIO LJUBU\u0160KI\",\"isPartOf\":{\"@id\":\"https:\\\/\\\/radioljubuski.ba\\\/#website\"},\"primaryImageOfPage\":{\"@id\":\"https:\\\/\\\/radioljubuski.ba\\\/index.php\\\/2022\\\/07\\\/04\\\/najava-predstavljanje-nove-knjige-knjizevnika-dusana-muse\\\/#primaryimage\"},\"image\":{\"@id\":\"https:\\\/\\\/radioljubuski.ba\\\/index.php\\\/2022\\\/07\\\/04\\\/najava-predstavljanje-nove-knjige-knjizevnika-dusana-muse\\\/#primaryimage\"},\"thumbnailUrl\":\"https:\\\/\\\/radioljubuski.ba\\\/wp-content\\\/uploads\\\/2022\\\/07\\\/9f78c9db8d5bce663e38321801209201_L.jpg\",\"datePublished\":\"2022-07-04T06:18:42+00:00\",\"dateModified\":\"2022-07-08T10:06:31+00:00\",\"breadcrumb\":{\"@id\":\"https:\\\/\\\/radioljubuski.ba\\\/index.php\\\/2022\\\/07\\\/04\\\/najava-predstavljanje-nove-knjige-knjizevnika-dusana-muse\\\/#breadcrumb\"},\"inLanguage\":\"hr\",\"potentialAction\":[{\"@type\":\"ReadAction\",\"target\":[\"https:\\\/\\\/radioljubuski.ba\\\/index.php\\\/2022\\\/07\\\/04\\\/najava-predstavljanje-nove-knjige-knjizevnika-dusana-muse\\\/\"]}]},{\"@type\":\"ImageObject\",\"inLanguage\":\"hr\",\"@id\":\"https:\\\/\\\/radioljubuski.ba\\\/index.php\\\/2022\\\/07\\\/04\\\/najava-predstavljanje-nove-knjige-knjizevnika-dusana-muse\\\/#primaryimage\",\"url\":\"https:\\\/\\\/radioljubuski.ba\\\/wp-content\\\/uploads\\\/2022\\\/07\\\/9f78c9db8d5bce663e38321801209201_L.jpg\",\"contentUrl\":\"https:\\\/\\\/radioljubuski.ba\\\/wp-content\\\/uploads\\\/2022\\\/07\\\/9f78c9db8d5bce663e38321801209201_L.jpg\",\"width\":1024,\"height\":605},{\"@type\":\"BreadcrumbList\",\"@id\":\"https:\\\/\\\/radioljubuski.ba\\\/index.php\\\/2022\\\/07\\\/04\\\/najava-predstavljanje-nove-knjige-knjizevnika-dusana-muse\\\/#breadcrumb\",\"itemListElement\":[{\"@type\":\"ListItem\",\"position\":1,\"name\":\"Po\u010detna stranica\",\"item\":\"https:\\\/\\\/radioljubuski.ba\\\/\"},{\"@type\":\"ListItem\",\"position\":2,\"name\":\"Najava: Predstavljanje nove knjige knji\u017eevnika Du\u0161ana Muse\"}]},{\"@type\":\"WebSite\",\"@id\":\"https:\\\/\\\/radioljubuski.ba\\\/#website\",\"url\":\"https:\\\/\\\/radioljubuski.ba\\\/\",\"name\":\"Radio Ljubu\u0161ki\",\"description\":\"Sun\u010dana frekvencija Hercegovine\",\"publisher\":{\"@id\":\"https:\\\/\\\/radioljubuski.ba\\\/#organization\"},\"potentialAction\":[{\"@type\":\"SearchAction\",\"target\":{\"@type\":\"EntryPoint\",\"urlTemplate\":\"https:\\\/\\\/radioljubuski.ba\\\/?s={search_term_string}\"},\"query-input\":{\"@type\":\"PropertyValueSpecification\",\"valueRequired\":true,\"valueName\":\"search_term_string\"}}],\"inLanguage\":\"hr\"},{\"@type\":\"Organization\",\"@id\":\"https:\\\/\\\/radioljubuski.ba\\\/#organization\",\"name\":\"Radio Ljubu\u0161ki\",\"url\":\"https:\\\/\\\/radioljubuski.ba\\\/\",\"logo\":{\"@type\":\"ImageObject\",\"inLanguage\":\"hr\",\"@id\":\"https:\\\/\\\/radioljubuski.ba\\\/#\\\/schema\\\/logo\\\/image\\\/\",\"url\":\"https:\\\/\\\/radioljubuski.ba\\\/wp-content\\\/uploads\\\/2021\\\/02\\\/cropped-Radio_Ljubuski_logo1.jpg\",\"contentUrl\":\"https:\\\/\\\/radioljubuski.ba\\\/wp-content\\\/uploads\\\/2021\\\/02\\\/cropped-Radio_Ljubuski_logo1.jpg\",\"width\":512,\"height\":512,\"caption\":\"Radio Ljubu\u0161ki\"},\"image\":{\"@id\":\"https:\\\/\\\/radioljubuski.ba\\\/#\\\/schema\\\/logo\\\/image\\\/\"},\"sameAs\":[\"https:\\\/\\\/www.facebook.com\\\/Radiio-Ljubuski-1490835324566332\",\"https:\\\/\\\/x.com\\\/radioljubuski\",\"https:\\\/\\\/hr.linkedin.com\\\/company\\\/radio-ljubuski\",\"https:\\\/\\\/www.youtube.com\\\/channel\\\/UCHYaeO_n0Db3tjNGudGpXyw\"]},{\"@type\":\"Person\",\"@id\":\"https:\\\/\\\/radioljubuski.ba\\\/#\\\/schema\\\/person\\\/19fc700381a780f69665d7956c469e3b\",\"name\":\"Radio Ljubu\u0161ki\"}]}<\/script>\n<!-- \/ Yoast SEO plugin. -->","yoast_head_json":{"title":"Najava: Predstavljanje nove knjige knji\u017eevnika Du\u0161ana Muse - RADIO LJUBU\u0160KI","robots":{"index":"index","follow":"follow","max-snippet":"max-snippet:-1","max-image-preview":"max-image-preview:large","max-video-preview":"max-video-preview:-1"},"canonical":"https:\/\/radioljubuski.ba\/index.php\/2022\/07\/04\/najava-predstavljanje-nove-knjige-knjizevnika-dusana-muse\/","og_locale":"hr_HR","og_type":"article","og_title":"Najava: Predstavljanje nove knjige knji\u017eevnika Du\u0161ana Muse - RADIO LJUBU\u0160KI","og_description":"U organizaciji JU \u201eKulturno-\u0161portski centar\u201c Ljubu\u0161ki i Udruge \u201eVojvoda Musi\u0107\u201c, Ljubu\u0161ki, u \u010detvrtak, 7. srpnja, s po\u010detkom u 20,30 sati, u hotelu \u201eBigeste\u201c u Ljubu\u0161kom, odr\u017eat \u0107e se predstavljanje nove knjige novinara i pisca Du\u0161ana Musa \u201eDon Ivan Musi\u0107 organizira ostanak Hrvata u isto\u010dnoj Hercegovini 1875. \u2013 1878. godine\u201c. &nbsp;&nbsp; Uz autora o knjizi \u0107e [&hellip;]","og_url":"https:\/\/radioljubuski.ba\/index.php\/2022\/07\/04\/najava-predstavljanje-nove-knjige-knjizevnika-dusana-muse\/","og_site_name":"RADIO LJUBU\u0160KI","article_publisher":"https:\/\/www.facebook.com\/Radiio-Ljubuski-1490835324566332","article_published_time":"2022-07-04T06:18:42+00:00","article_modified_time":"2022-07-08T10:06:31+00:00","og_image":[{"width":1024,"height":605,"url":"https:\/\/radioljubuski.ba\/wp-content\/uploads\/2022\/07\/9f78c9db8d5bce663e38321801209201_L.jpg","type":"image\/jpeg"}],"author":"Radio Ljubu\u0161ki","twitter_card":"summary_large_image","twitter_creator":"@radioljubuski","twitter_site":"@radioljubuski","twitter_misc":{"Napisao\/la":"Radio Ljubu\u0161ki","Procijenjeno vrijeme \u010ditanja":"5 minuta"},"schema":{"@context":"https:\/\/schema.org","@graph":[{"@type":"Article","@id":"https:\/\/radioljubuski.ba\/index.php\/2022\/07\/04\/najava-predstavljanje-nove-knjige-knjizevnika-dusana-muse\/#article","isPartOf":{"@id":"https:\/\/radioljubuski.ba\/index.php\/2022\/07\/04\/najava-predstavljanje-nove-knjige-knjizevnika-dusana-muse\/"},"author":{"name":"Radio Ljubu\u0161ki","@id":"https:\/\/radioljubuski.ba\/#\/schema\/person\/19fc700381a780f69665d7956c469e3b"},"headline":"Najava: Predstavljanje nove knjige knji\u017eevnika Du\u0161ana Muse","datePublished":"2022-07-04T06:18:42+00:00","dateModified":"2022-07-08T10:06:31+00:00","mainEntityOfPage":{"@id":"https:\/\/radioljubuski.ba\/index.php\/2022\/07\/04\/najava-predstavljanje-nove-knjige-knjizevnika-dusana-muse\/"},"wordCount":1076,"publisher":{"@id":"https:\/\/radioljubuski.ba\/#organization"},"image":{"@id":"https:\/\/radioljubuski.ba\/index.php\/2022\/07\/04\/najava-predstavljanje-nove-knjige-knjizevnika-dusana-muse\/#primaryimage"},"thumbnailUrl":"https:\/\/radioljubuski.ba\/wp-content\/uploads\/2022\/07\/9f78c9db8d5bce663e38321801209201_L.jpg","articleSection":["Ljubu\u0161ki"],"inLanguage":"hr"},{"@type":"WebPage","@id":"https:\/\/radioljubuski.ba\/index.php\/2022\/07\/04\/najava-predstavljanje-nove-knjige-knjizevnika-dusana-muse\/","url":"https:\/\/radioljubuski.ba\/index.php\/2022\/07\/04\/najava-predstavljanje-nove-knjige-knjizevnika-dusana-muse\/","name":"Najava: Predstavljanje nove knjige knji\u017eevnika Du\u0161ana Muse - RADIO LJUBU\u0160KI","isPartOf":{"@id":"https:\/\/radioljubuski.ba\/#website"},"primaryImageOfPage":{"@id":"https:\/\/radioljubuski.ba\/index.php\/2022\/07\/04\/najava-predstavljanje-nove-knjige-knjizevnika-dusana-muse\/#primaryimage"},"image":{"@id":"https:\/\/radioljubuski.ba\/index.php\/2022\/07\/04\/najava-predstavljanje-nove-knjige-knjizevnika-dusana-muse\/#primaryimage"},"thumbnailUrl":"https:\/\/radioljubuski.ba\/wp-content\/uploads\/2022\/07\/9f78c9db8d5bce663e38321801209201_L.jpg","datePublished":"2022-07-04T06:18:42+00:00","dateModified":"2022-07-08T10:06:31+00:00","breadcrumb":{"@id":"https:\/\/radioljubuski.ba\/index.php\/2022\/07\/04\/najava-predstavljanje-nove-knjige-knjizevnika-dusana-muse\/#breadcrumb"},"inLanguage":"hr","potentialAction":[{"@type":"ReadAction","target":["https:\/\/radioljubuski.ba\/index.php\/2022\/07\/04\/najava-predstavljanje-nove-knjige-knjizevnika-dusana-muse\/"]}]},{"@type":"ImageObject","inLanguage":"hr","@id":"https:\/\/radioljubuski.ba\/index.php\/2022\/07\/04\/najava-predstavljanje-nove-knjige-knjizevnika-dusana-muse\/#primaryimage","url":"https:\/\/radioljubuski.ba\/wp-content\/uploads\/2022\/07\/9f78c9db8d5bce663e38321801209201_L.jpg","contentUrl":"https:\/\/radioljubuski.ba\/wp-content\/uploads\/2022\/07\/9f78c9db8d5bce663e38321801209201_L.jpg","width":1024,"height":605},{"@type":"BreadcrumbList","@id":"https:\/\/radioljubuski.ba\/index.php\/2022\/07\/04\/najava-predstavljanje-nove-knjige-knjizevnika-dusana-muse\/#breadcrumb","itemListElement":[{"@type":"ListItem","position":1,"name":"Po\u010detna stranica","item":"https:\/\/radioljubuski.ba\/"},{"@type":"ListItem","position":2,"name":"Najava: Predstavljanje nove knjige knji\u017eevnika Du\u0161ana Muse"}]},{"@type":"WebSite","@id":"https:\/\/radioljubuski.ba\/#website","url":"https:\/\/radioljubuski.ba\/","name":"Radio Ljubu\u0161ki","description":"Sun\u010dana frekvencija Hercegovine","publisher":{"@id":"https:\/\/radioljubuski.ba\/#organization"},"potentialAction":[{"@type":"SearchAction","target":{"@type":"EntryPoint","urlTemplate":"https:\/\/radioljubuski.ba\/?s={search_term_string}"},"query-input":{"@type":"PropertyValueSpecification","valueRequired":true,"valueName":"search_term_string"}}],"inLanguage":"hr"},{"@type":"Organization","@id":"https:\/\/radioljubuski.ba\/#organization","name":"Radio Ljubu\u0161ki","url":"https:\/\/radioljubuski.ba\/","logo":{"@type":"ImageObject","inLanguage":"hr","@id":"https:\/\/radioljubuski.ba\/#\/schema\/logo\/image\/","url":"https:\/\/radioljubuski.ba\/wp-content\/uploads\/2021\/02\/cropped-Radio_Ljubuski_logo1.jpg","contentUrl":"https:\/\/radioljubuski.ba\/wp-content\/uploads\/2021\/02\/cropped-Radio_Ljubuski_logo1.jpg","width":512,"height":512,"caption":"Radio Ljubu\u0161ki"},"image":{"@id":"https:\/\/radioljubuski.ba\/#\/schema\/logo\/image\/"},"sameAs":["https:\/\/www.facebook.com\/Radiio-Ljubuski-1490835324566332","https:\/\/x.com\/radioljubuski","https:\/\/hr.linkedin.com\/company\/radio-ljubuski","https:\/\/www.youtube.com\/channel\/UCHYaeO_n0Db3tjNGudGpXyw"]},{"@type":"Person","@id":"https:\/\/radioljubuski.ba\/#\/schema\/person\/19fc700381a780f69665d7956c469e3b","name":"Radio Ljubu\u0161ki"}]}},"_links":{"self":[{"href":"https:\/\/radioljubuski.ba\/index.php\/wp-json\/wp\/v2\/posts\/155471","targetHints":{"allow":["GET"]}}],"collection":[{"href":"https:\/\/radioljubuski.ba\/index.php\/wp-json\/wp\/v2\/posts"}],"about":[{"href":"https:\/\/radioljubuski.ba\/index.php\/wp-json\/wp\/v2\/types\/post"}],"author":[{"embeddable":true,"href":"https:\/\/radioljubuski.ba\/index.php\/wp-json\/wp\/v2\/users\/2"}],"replies":[{"embeddable":true,"href":"https:\/\/radioljubuski.ba\/index.php\/wp-json\/wp\/v2\/comments?post=155471"}],"version-history":[{"count":4,"href":"https:\/\/radioljubuski.ba\/index.php\/wp-json\/wp\/v2\/posts\/155471\/revisions"}],"predecessor-version":[{"id":156316,"href":"https:\/\/radioljubuski.ba\/index.php\/wp-json\/wp\/v2\/posts\/155471\/revisions\/156316"}],"wp:featuredmedia":[{"embeddable":true,"href":"https:\/\/radioljubuski.ba\/index.php\/wp-json\/wp\/v2\/media\/155472"}],"wp:attachment":[{"href":"https:\/\/radioljubuski.ba\/index.php\/wp-json\/wp\/v2\/media?parent=155471"}],"wp:term":[{"taxonomy":"category","embeddable":true,"href":"https:\/\/radioljubuski.ba\/index.php\/wp-json\/wp\/v2\/categories?post=155471"},{"taxonomy":"post_tag","embeddable":true,"href":"https:\/\/radioljubuski.ba\/index.php\/wp-json\/wp\/v2\/tags?post=155471"}],"curies":[{"name":"wp","href":"https:\/\/api.w.org\/{rel}","templated":true}]}}