{"id":155487,"date":"2022-07-04T07:39:46","date_gmt":"2022-07-04T06:39:46","guid":{"rendered":"https:\/\/radioljubuski.ba\/?p=155487"},"modified":"2022-07-04T07:39:48","modified_gmt":"2022-07-04T06:39:48","slug":"poceo-veliki-strajk-prijevoznika-u-bih-ne-toce-gorivo-obustavljen-transport-robe","status":"publish","type":"post","link":"https:\/\/radioljubuski.ba\/index.php\/2022\/07\/04\/poceo-veliki-strajk-prijevoznika-u-bih-ne-toce-gorivo-obustavljen-transport-robe\/","title":{"rendered":"Po\u010deo veliki \u0161trajk prijevoznika u BiH: Ne to\u010de gorivo, obustavljen transport robe"},"content":{"rendered":"\n<p>Prijevoznici u Bosni i Hercegovini su rano jutros, kao \u0161to su i najavili, parkirali kamione i na taj na\u010din prekinuli dopremu robe.<\/p>\n\n\n\n<p>Nezadovoljni su zbog visokih cijena goriva.<\/p>\n\n\n\n<p>&#8220;Od danas po\u010dinje bojkot to\u010denja goriva i ne tovarimo robu na svim destinacijama. I to \u0107e trajati 10 dana&#8221;, rekao je predsjednik Udru\u017eenja prevoznika za unutra\u0161nji i me\u0111unarodni transport RS Nikola Grbi\u0107, gostuju\u0107i u Jutarnjem programu&nbsp;<a href=\"https:\/\/lat.rtrs.tv\/vijesti\/vijest.php?id=478896\" target=\"_blank\" rel=\"noreferrer noopener\">RTRS<\/a>.<\/p>\n\n\n\n<p>Istakao je da ve\u0107 danas o\u010dekuje poziv od institucija kako bi se rije\u0161io problem.<\/p>\n\n\n\n<p>&#8220;U te\u0161koj smo situaciji zbog cijena goriva. Svi koji su nezadovoljni cijenama goriva \u0107e nas podr\u017eati. Oni koji su zadovoljni cijenama gorima, ne\u0107e nas podr\u017eati. Ovo \u0107e za nas napraviti velike gubitke, ali smo primorani na ovo&#8221;, istakao je Grbi\u0107.<\/p>\n\n\n\n<p>Izvor:<a href=\"https:\/\/pogled.ba\/novosti\/poceo-veliki-strajk-prijevoznika-u-bih-ne-toce-gorivo-obustavljen-transport-robe\/249780\"> Pogled.ba<\/a><\/p>\n","protected":false},"excerpt":{"rendered":"<p>Prijevoznici u Bosni i Hercegovini su rano jutros, kao \u0161to su i najavili, parkirali kamione i na taj na\u010din prekinuli dopremu robe. Nezadovoljni su zbog visokih cijena goriva. &#8220;Od danas po\u010dinje bojkot to\u010denja goriva i ne tovarimo robu na svim destinacijama. I to \u0107e trajati 10 dana&#8221;, rekao je predsjednik Udru\u017eenja prevoznika za unutra\u0161nji i [&hellip;]<\/p>\n","protected":false},"author":2,"featured_media":155489,"comment_status":"closed","ping_status":"closed","sticky":false,"template":"","format":"standard","meta":{"h5ap_radio_sources":[],"footnotes":""},"categories":[1],"tags":[],"class_list":["post-155487","post","type-post","status-publish","format-standard","has-post-thumbnail","hentry","category-bihiregija"],"yoast_head":"<!-- This site is optimized with the Yoast SEO plugin v27.5 - https:\/\/yoast.com\/product\/yoast-seo-wordpress\/ -->\n<title>Po\u010deo veliki \u0161trajk prijevoznika u BiH: Ne to\u010de gorivo, obustavljen transport robe - RADIO LJUBU\u0160KI<\/title>\n<meta name=\"robots\" content=\"index, follow, max-snippet:-1, max-image-preview:large, max-video-preview:-1\" \/>\n<link rel=\"canonical\" href=\"https:\/\/radioljubuski.ba\/index.php\/2022\/07\/04\/poceo-veliki-strajk-prijevoznika-u-bih-ne-toce-gorivo-obustavljen-transport-robe\/\" \/>\n<meta property=\"og:locale\" content=\"hr_HR\" \/>\n<meta property=\"og:type\" content=\"article\" \/>\n<meta property=\"og:title\" content=\"Po\u010deo veliki \u0161trajk prijevoznika u BiH: Ne to\u010de gorivo, obustavljen transport robe - RADIO LJUBU\u0160KI\" \/>\n<meta property=\"og:description\" content=\"Prijevoznici u Bosni i Hercegovini su rano jutros, kao \u0161to su i najavili, parkirali kamione i na taj na\u010din prekinuli dopremu robe. Nezadovoljni su zbog visokih cijena goriva. &#8220;Od danas po\u010dinje bojkot to\u010denja goriva i ne tovarimo robu na svim destinacijama. I to \u0107e trajati 10 dana&#8221;, rekao je predsjednik Udru\u017eenja prevoznika za unutra\u0161nji i [&hellip;]\" \/>\n<meta property=\"og:url\" content=\"https:\/\/radioljubuski.ba\/index.php\/2022\/07\/04\/poceo-veliki-strajk-prijevoznika-u-bih-ne-toce-gorivo-obustavljen-transport-robe\/\" \/>\n<meta property=\"og:site_name\" content=\"RADIO LJUBU\u0160KI\" \/>\n<meta property=\"article:publisher\" content=\"https:\/\/www.facebook.com\/Radiio-Ljubuski-1490835324566332\" \/>\n<meta property=\"article:published_time\" content=\"2022-07-04T06:39:46+00:00\" \/>\n<meta property=\"article:modified_time\" content=\"2022-07-04T06:39:48+00:00\" \/>\n<meta property=\"og:image\" content=\"https:\/\/radioljubuski.ba\/wp-content\/uploads\/2022\/07\/2-2021-08-07-21-12-24-Vozaci-kamiona-1.jpg\" \/>\n\t<meta property=\"og:image:width\" content=\"1000\" \/>\n\t<meta property=\"og:image:height\" content=\"625\" \/>\n\t<meta property=\"og:image:type\" content=\"image\/jpeg\" \/>\n<meta name=\"author\" content=\"Radio Ljubu\u0161ki\" \/>\n<meta name=\"twitter:card\" content=\"summary_large_image\" \/>\n<meta name=\"twitter:creator\" content=\"@radioljubuski\" \/>\n<meta name=\"twitter:site\" content=\"@radioljubuski\" \/>\n<meta name=\"twitter:label1\" content=\"Napisao\/la\" \/>\n\t<meta name=\"twitter:data1\" content=\"Radio Ljubu\u0161ki\" \/>\n\t<meta name=\"twitter:label2\" content=\"Procijenjeno vrijeme \u010ditanja\" \/>\n\t<meta name=\"twitter:data2\" content=\"1 minuta\" \/>\n<script type=\"application\/ld+json\" class=\"yoast-schema-graph\">{\"@context\":\"https:\\\/\\\/schema.org\",\"@graph\":[{\"@type\":\"Article\",\"@id\":\"https:\\\/\\\/radioljubuski.ba\\\/index.php\\\/2022\\\/07\\\/04\\\/poceo-veliki-strajk-prijevoznika-u-bih-ne-toce-gorivo-obustavljen-transport-robe\\\/#article\",\"isPartOf\":{\"@id\":\"https:\\\/\\\/radioljubuski.ba\\\/index.php\\\/2022\\\/07\\\/04\\\/poceo-veliki-strajk-prijevoznika-u-bih-ne-toce-gorivo-obustavljen-transport-robe\\\/\"},\"author\":{\"name\":\"Radio Ljubu\u0161ki\",\"@id\":\"https:\\\/\\\/radioljubuski.ba\\\/#\\\/schema\\\/person\\\/19fc700381a780f69665d7956c469e3b\"},\"headline\":\"Po\u010deo veliki \u0161trajk prijevoznika u BiH: Ne to\u010de gorivo, obustavljen transport robe\",\"datePublished\":\"2022-07-04T06:39:46+00:00\",\"dateModified\":\"2022-07-04T06:39:48+00:00\",\"mainEntityOfPage\":{\"@id\":\"https:\\\/\\\/radioljubuski.ba\\\/index.php\\\/2022\\\/07\\\/04\\\/poceo-veliki-strajk-prijevoznika-u-bih-ne-toce-gorivo-obustavljen-transport-robe\\\/\"},\"wordCount\":149,\"publisher\":{\"@id\":\"https:\\\/\\\/radioljubuski.ba\\\/#organization\"},\"image\":{\"@id\":\"https:\\\/\\\/radioljubuski.ba\\\/index.php\\\/2022\\\/07\\\/04\\\/poceo-veliki-strajk-prijevoznika-u-bih-ne-toce-gorivo-obustavljen-transport-robe\\\/#primaryimage\"},\"thumbnailUrl\":\"https:\\\/\\\/radioljubuski.ba\\\/wp-content\\\/uploads\\\/2022\\\/07\\\/2-2021-08-07-21-12-24-Vozaci-kamiona-1.jpg\",\"articleSection\":[\"BIH i regija\"],\"inLanguage\":\"hr\"},{\"@type\":\"WebPage\",\"@id\":\"https:\\\/\\\/radioljubuski.ba\\\/index.php\\\/2022\\\/07\\\/04\\\/poceo-veliki-strajk-prijevoznika-u-bih-ne-toce-gorivo-obustavljen-transport-robe\\\/\",\"url\":\"https:\\\/\\\/radioljubuski.ba\\\/index.php\\\/2022\\\/07\\\/04\\\/poceo-veliki-strajk-prijevoznika-u-bih-ne-toce-gorivo-obustavljen-transport-robe\\\/\",\"name\":\"Po\u010deo veliki \u0161trajk prijevoznika u BiH: Ne to\u010de gorivo, obustavljen transport robe - RADIO LJUBU\u0160KI\",\"isPartOf\":{\"@id\":\"https:\\\/\\\/radioljubuski.ba\\\/#website\"},\"primaryImageOfPage\":{\"@id\":\"https:\\\/\\\/radioljubuski.ba\\\/index.php\\\/2022\\\/07\\\/04\\\/poceo-veliki-strajk-prijevoznika-u-bih-ne-toce-gorivo-obustavljen-transport-robe\\\/#primaryimage\"},\"image\":{\"@id\":\"https:\\\/\\\/radioljubuski.ba\\\/index.php\\\/2022\\\/07\\\/04\\\/poceo-veliki-strajk-prijevoznika-u-bih-ne-toce-gorivo-obustavljen-transport-robe\\\/#primaryimage\"},\"thumbnailUrl\":\"https:\\\/\\\/radioljubuski.ba\\\/wp-content\\\/uploads\\\/2022\\\/07\\\/2-2021-08-07-21-12-24-Vozaci-kamiona-1.jpg\",\"datePublished\":\"2022-07-04T06:39:46+00:00\",\"dateModified\":\"2022-07-04T06:39:48+00:00\",\"breadcrumb\":{\"@id\":\"https:\\\/\\\/radioljubuski.ba\\\/index.php\\\/2022\\\/07\\\/04\\\/poceo-veliki-strajk-prijevoznika-u-bih-ne-toce-gorivo-obustavljen-transport-robe\\\/#breadcrumb\"},\"inLanguage\":\"hr\",\"potentialAction\":[{\"@type\":\"ReadAction\",\"target\":[\"https:\\\/\\\/radioljubuski.ba\\\/index.php\\\/2022\\\/07\\\/04\\\/poceo-veliki-strajk-prijevoznika-u-bih-ne-toce-gorivo-obustavljen-transport-robe\\\/\"]}]},{\"@type\":\"ImageObject\",\"inLanguage\":\"hr\",\"@id\":\"https:\\\/\\\/radioljubuski.ba\\\/index.php\\\/2022\\\/07\\\/04\\\/poceo-veliki-strajk-prijevoznika-u-bih-ne-toce-gorivo-obustavljen-transport-robe\\\/#primaryimage\",\"url\":\"https:\\\/\\\/radioljubuski.ba\\\/wp-content\\\/uploads\\\/2022\\\/07\\\/2-2021-08-07-21-12-24-Vozaci-kamiona-1.jpg\",\"contentUrl\":\"https:\\\/\\\/radioljubuski.ba\\\/wp-content\\\/uploads\\\/2022\\\/07\\\/2-2021-08-07-21-12-24-Vozaci-kamiona-1.jpg\",\"width\":1000,\"height\":625},{\"@type\":\"BreadcrumbList\",\"@id\":\"https:\\\/\\\/radioljubuski.ba\\\/index.php\\\/2022\\\/07\\\/04\\\/poceo-veliki-strajk-prijevoznika-u-bih-ne-toce-gorivo-obustavljen-transport-robe\\\/#breadcrumb\",\"itemListElement\":[{\"@type\":\"ListItem\",\"position\":1,\"name\":\"Po\u010detna stranica\",\"item\":\"https:\\\/\\\/radioljubuski.ba\\\/\"},{\"@type\":\"ListItem\",\"position\":2,\"name\":\"Po\u010deo veliki \u0161trajk prijevoznika u BiH: Ne to\u010de gorivo, obustavljen transport robe\"}]},{\"@type\":\"WebSite\",\"@id\":\"https:\\\/\\\/radioljubuski.ba\\\/#website\",\"url\":\"https:\\\/\\\/radioljubuski.ba\\\/\",\"name\":\"Radio Ljubu\u0161ki\",\"description\":\"Sun\u010dana frekvencija Hercegovine\",\"publisher\":{\"@id\":\"https:\\\/\\\/radioljubuski.ba\\\/#organization\"},\"potentialAction\":[{\"@type\":\"SearchAction\",\"target\":{\"@type\":\"EntryPoint\",\"urlTemplate\":\"https:\\\/\\\/radioljubuski.ba\\\/?s={search_term_string}\"},\"query-input\":{\"@type\":\"PropertyValueSpecification\",\"valueRequired\":true,\"valueName\":\"search_term_string\"}}],\"inLanguage\":\"hr\"},{\"@type\":\"Organization\",\"@id\":\"https:\\\/\\\/radioljubuski.ba\\\/#organization\",\"name\":\"Radio Ljubu\u0161ki\",\"url\":\"https:\\\/\\\/radioljubuski.ba\\\/\",\"logo\":{\"@type\":\"ImageObject\",\"inLanguage\":\"hr\",\"@id\":\"https:\\\/\\\/radioljubuski.ba\\\/#\\\/schema\\\/logo\\\/image\\\/\",\"url\":\"https:\\\/\\\/radioljubuski.ba\\\/wp-content\\\/uploads\\\/2021\\\/02\\\/cropped-Radio_Ljubuski_logo1.jpg\",\"contentUrl\":\"https:\\\/\\\/radioljubuski.ba\\\/wp-content\\\/uploads\\\/2021\\\/02\\\/cropped-Radio_Ljubuski_logo1.jpg\",\"width\":512,\"height\":512,\"caption\":\"Radio Ljubu\u0161ki\"},\"image\":{\"@id\":\"https:\\\/\\\/radioljubuski.ba\\\/#\\\/schema\\\/logo\\\/image\\\/\"},\"sameAs\":[\"https:\\\/\\\/www.facebook.com\\\/Radiio-Ljubuski-1490835324566332\",\"https:\\\/\\\/x.com\\\/radioljubuski\",\"https:\\\/\\\/hr.linkedin.com\\\/company\\\/radio-ljubuski\",\"https:\\\/\\\/www.youtube.com\\\/channel\\\/UCHYaeO_n0Db3tjNGudGpXyw\"]},{\"@type\":\"Person\",\"@id\":\"https:\\\/\\\/radioljubuski.ba\\\/#\\\/schema\\\/person\\\/19fc700381a780f69665d7956c469e3b\",\"name\":\"Radio Ljubu\u0161ki\"}]}<\/script>\n<!-- \/ Yoast SEO plugin. -->","yoast_head_json":{"title":"Po\u010deo veliki \u0161trajk prijevoznika u BiH: Ne to\u010de gorivo, obustavljen transport robe - RADIO LJUBU\u0160KI","robots":{"index":"index","follow":"follow","max-snippet":"max-snippet:-1","max-image-preview":"max-image-preview:large","max-video-preview":"max-video-preview:-1"},"canonical":"https:\/\/radioljubuski.ba\/index.php\/2022\/07\/04\/poceo-veliki-strajk-prijevoznika-u-bih-ne-toce-gorivo-obustavljen-transport-robe\/","og_locale":"hr_HR","og_type":"article","og_title":"Po\u010deo veliki \u0161trajk prijevoznika u BiH: Ne to\u010de gorivo, obustavljen transport robe - RADIO LJUBU\u0160KI","og_description":"Prijevoznici u Bosni i Hercegovini su rano jutros, kao \u0161to su i najavili, parkirali kamione i na taj na\u010din prekinuli dopremu robe. Nezadovoljni su zbog visokih cijena goriva. &#8220;Od danas po\u010dinje bojkot to\u010denja goriva i ne tovarimo robu na svim destinacijama. I to \u0107e trajati 10 dana&#8221;, rekao je predsjednik Udru\u017eenja prevoznika za unutra\u0161nji i [&hellip;]","og_url":"https:\/\/radioljubuski.ba\/index.php\/2022\/07\/04\/poceo-veliki-strajk-prijevoznika-u-bih-ne-toce-gorivo-obustavljen-transport-robe\/","og_site_name":"RADIO LJUBU\u0160KI","article_publisher":"https:\/\/www.facebook.com\/Radiio-Ljubuski-1490835324566332","article_published_time":"2022-07-04T06:39:46+00:00","article_modified_time":"2022-07-04T06:39:48+00:00","og_image":[{"width":1000,"height":625,"url":"https:\/\/radioljubuski.ba\/wp-content\/uploads\/2022\/07\/2-2021-08-07-21-12-24-Vozaci-kamiona-1.jpg","type":"image\/jpeg"}],"author":"Radio Ljubu\u0161ki","twitter_card":"summary_large_image","twitter_creator":"@radioljubuski","twitter_site":"@radioljubuski","twitter_misc":{"Napisao\/la":"Radio Ljubu\u0161ki","Procijenjeno vrijeme \u010ditanja":"1 minuta"},"schema":{"@context":"https:\/\/schema.org","@graph":[{"@type":"Article","@id":"https:\/\/radioljubuski.ba\/index.php\/2022\/07\/04\/poceo-veliki-strajk-prijevoznika-u-bih-ne-toce-gorivo-obustavljen-transport-robe\/#article","isPartOf":{"@id":"https:\/\/radioljubuski.ba\/index.php\/2022\/07\/04\/poceo-veliki-strajk-prijevoznika-u-bih-ne-toce-gorivo-obustavljen-transport-robe\/"},"author":{"name":"Radio Ljubu\u0161ki","@id":"https:\/\/radioljubuski.ba\/#\/schema\/person\/19fc700381a780f69665d7956c469e3b"},"headline":"Po\u010deo veliki \u0161trajk prijevoznika u BiH: Ne to\u010de gorivo, obustavljen transport robe","datePublished":"2022-07-04T06:39:46+00:00","dateModified":"2022-07-04T06:39:48+00:00","mainEntityOfPage":{"@id":"https:\/\/radioljubuski.ba\/index.php\/2022\/07\/04\/poceo-veliki-strajk-prijevoznika-u-bih-ne-toce-gorivo-obustavljen-transport-robe\/"},"wordCount":149,"publisher":{"@id":"https:\/\/radioljubuski.ba\/#organization"},"image":{"@id":"https:\/\/radioljubuski.ba\/index.php\/2022\/07\/04\/poceo-veliki-strajk-prijevoznika-u-bih-ne-toce-gorivo-obustavljen-transport-robe\/#primaryimage"},"thumbnailUrl":"https:\/\/radioljubuski.ba\/wp-content\/uploads\/2022\/07\/2-2021-08-07-21-12-24-Vozaci-kamiona-1.jpg","articleSection":["BIH i regija"],"inLanguage":"hr"},{"@type":"WebPage","@id":"https:\/\/radioljubuski.ba\/index.php\/2022\/07\/04\/poceo-veliki-strajk-prijevoznika-u-bih-ne-toce-gorivo-obustavljen-transport-robe\/","url":"https:\/\/radioljubuski.ba\/index.php\/2022\/07\/04\/poceo-veliki-strajk-prijevoznika-u-bih-ne-toce-gorivo-obustavljen-transport-robe\/","name":"Po\u010deo veliki \u0161trajk prijevoznika u BiH: Ne to\u010de gorivo, obustavljen transport robe - RADIO LJUBU\u0160KI","isPartOf":{"@id":"https:\/\/radioljubuski.ba\/#website"},"primaryImageOfPage":{"@id":"https:\/\/radioljubuski.ba\/index.php\/2022\/07\/04\/poceo-veliki-strajk-prijevoznika-u-bih-ne-toce-gorivo-obustavljen-transport-robe\/#primaryimage"},"image":{"@id":"https:\/\/radioljubuski.ba\/index.php\/2022\/07\/04\/poceo-veliki-strajk-prijevoznika-u-bih-ne-toce-gorivo-obustavljen-transport-robe\/#primaryimage"},"thumbnailUrl":"https:\/\/radioljubuski.ba\/wp-content\/uploads\/2022\/07\/2-2021-08-07-21-12-24-Vozaci-kamiona-1.jpg","datePublished":"2022-07-04T06:39:46+00:00","dateModified":"2022-07-04T06:39:48+00:00","breadcrumb":{"@id":"https:\/\/radioljubuski.ba\/index.php\/2022\/07\/04\/poceo-veliki-strajk-prijevoznika-u-bih-ne-toce-gorivo-obustavljen-transport-robe\/#breadcrumb"},"inLanguage":"hr","potentialAction":[{"@type":"ReadAction","target":["https:\/\/radioljubuski.ba\/index.php\/2022\/07\/04\/poceo-veliki-strajk-prijevoznika-u-bih-ne-toce-gorivo-obustavljen-transport-robe\/"]}]},{"@type":"ImageObject","inLanguage":"hr","@id":"https:\/\/radioljubuski.ba\/index.php\/2022\/07\/04\/poceo-veliki-strajk-prijevoznika-u-bih-ne-toce-gorivo-obustavljen-transport-robe\/#primaryimage","url":"https:\/\/radioljubuski.ba\/wp-content\/uploads\/2022\/07\/2-2021-08-07-21-12-24-Vozaci-kamiona-1.jpg","contentUrl":"https:\/\/radioljubuski.ba\/wp-content\/uploads\/2022\/07\/2-2021-08-07-21-12-24-Vozaci-kamiona-1.jpg","width":1000,"height":625},{"@type":"BreadcrumbList","@id":"https:\/\/radioljubuski.ba\/index.php\/2022\/07\/04\/poceo-veliki-strajk-prijevoznika-u-bih-ne-toce-gorivo-obustavljen-transport-robe\/#breadcrumb","itemListElement":[{"@type":"ListItem","position":1,"name":"Po\u010detna stranica","item":"https:\/\/radioljubuski.ba\/"},{"@type":"ListItem","position":2,"name":"Po\u010deo veliki \u0161trajk prijevoznika u BiH: Ne to\u010de gorivo, obustavljen transport robe"}]},{"@type":"WebSite","@id":"https:\/\/radioljubuski.ba\/#website","url":"https:\/\/radioljubuski.ba\/","name":"Radio Ljubu\u0161ki","description":"Sun\u010dana frekvencija Hercegovine","publisher":{"@id":"https:\/\/radioljubuski.ba\/#organization"},"potentialAction":[{"@type":"SearchAction","target":{"@type":"EntryPoint","urlTemplate":"https:\/\/radioljubuski.ba\/?s={search_term_string}"},"query-input":{"@type":"PropertyValueSpecification","valueRequired":true,"valueName":"search_term_string"}}],"inLanguage":"hr"},{"@type":"Organization","@id":"https:\/\/radioljubuski.ba\/#organization","name":"Radio Ljubu\u0161ki","url":"https:\/\/radioljubuski.ba\/","logo":{"@type":"ImageObject","inLanguage":"hr","@id":"https:\/\/radioljubuski.ba\/#\/schema\/logo\/image\/","url":"https:\/\/radioljubuski.ba\/wp-content\/uploads\/2021\/02\/cropped-Radio_Ljubuski_logo1.jpg","contentUrl":"https:\/\/radioljubuski.ba\/wp-content\/uploads\/2021\/02\/cropped-Radio_Ljubuski_logo1.jpg","width":512,"height":512,"caption":"Radio Ljubu\u0161ki"},"image":{"@id":"https:\/\/radioljubuski.ba\/#\/schema\/logo\/image\/"},"sameAs":["https:\/\/www.facebook.com\/Radiio-Ljubuski-1490835324566332","https:\/\/x.com\/radioljubuski","https:\/\/hr.linkedin.com\/company\/radio-ljubuski","https:\/\/www.youtube.com\/channel\/UCHYaeO_n0Db3tjNGudGpXyw"]},{"@type":"Person","@id":"https:\/\/radioljubuski.ba\/#\/schema\/person\/19fc700381a780f69665d7956c469e3b","name":"Radio Ljubu\u0161ki"}]}},"_links":{"self":[{"href":"https:\/\/radioljubuski.ba\/index.php\/wp-json\/wp\/v2\/posts\/155487","targetHints":{"allow":["GET"]}}],"collection":[{"href":"https:\/\/radioljubuski.ba\/index.php\/wp-json\/wp\/v2\/posts"}],"about":[{"href":"https:\/\/radioljubuski.ba\/index.php\/wp-json\/wp\/v2\/types\/post"}],"author":[{"embeddable":true,"href":"https:\/\/radioljubuski.ba\/index.php\/wp-json\/wp\/v2\/users\/2"}],"replies":[{"embeddable":true,"href":"https:\/\/radioljubuski.ba\/index.php\/wp-json\/wp\/v2\/comments?post=155487"}],"version-history":[{"count":1,"href":"https:\/\/radioljubuski.ba\/index.php\/wp-json\/wp\/v2\/posts\/155487\/revisions"}],"predecessor-version":[{"id":155490,"href":"https:\/\/radioljubuski.ba\/index.php\/wp-json\/wp\/v2\/posts\/155487\/revisions\/155490"}],"wp:featuredmedia":[{"embeddable":true,"href":"https:\/\/radioljubuski.ba\/index.php\/wp-json\/wp\/v2\/media\/155489"}],"wp:attachment":[{"href":"https:\/\/radioljubuski.ba\/index.php\/wp-json\/wp\/v2\/media?parent=155487"}],"wp:term":[{"taxonomy":"category","embeddable":true,"href":"https:\/\/radioljubuski.ba\/index.php\/wp-json\/wp\/v2\/categories?post=155487"},{"taxonomy":"post_tag","embeddable":true,"href":"https:\/\/radioljubuski.ba\/index.php\/wp-json\/wp\/v2\/tags?post=155487"}],"curies":[{"name":"wp","href":"https:\/\/api.w.org\/{rel}","templated":true}]}}