{"id":155516,"date":"2022-07-04T08:00:01","date_gmt":"2022-07-04T07:00:01","guid":{"rendered":"https:\/\/radioljubuski.ba\/?p=155516"},"modified":"2022-07-04T09:40:05","modified_gmt":"2022-07-04T08:40:05","slug":"banke-u-bih-pocele-povecavati-rate-kredita","status":"publish","type":"post","link":"https:\/\/radioljubuski.ba\/index.php\/2022\/07\/04\/banke-u-bih-pocele-povecavati-rate-kredita\/","title":{"rendered":"Banke u BiH po\u010dele pove\u0107avati rate kredita"},"content":{"rendered":"\n<p><strong>Na mobilnoj aplikaciji banke u kojoj imam stambeni kredit saznao sam da mi je od 1. srpnja rata kredita ve\u0107a za 12 konvertibilnih maraka.<\/strong><\/p>\n\n\n\n<p>Ovo je za Srpska.info rekao jedan Banjolu\u010danin kojem je jedna komercijalna banka prije tri godine odobrila stambeni kredit na 25 godina. Njegova kamatna stopa je promjenjiva, odnosno vezana za kretanje Euribora. Takve kamatne stope su gotovo kod svih gra\u0111ana koji otpla\u0107uju dugoro\u010dni kredit.<\/p>\n\n\n\n<p>Budu\u0107i da je Europska centralna banka po\u010dela s restriktivnijom monetarnom politikom zbog obuzdavanja galopiraju\u0107e inflacije, do\u0161lo je do rasta Euribora, koji je negativan od rujna 2015. godine.<\/p>\n\n\n\n<p>Samim tim banke su po\u010dele uskla\u0111ivati svoje poslovanje s rastom Euribora, a uskla\u0111ivanje kredita se obi\u010dno radi na \u0161estomjese\u010dnoj razini.<\/p>\n\n\n\n<p>To zna\u010di da \u0107e navedeni Banjolu\u010danin narednih \u0161est mjeseci, odnosno do kraja godine pla\u0107ati ratu kredita ve\u0107u za 12 KM, \u0161to zna\u010di da \u0107e za pola godine njegov otplatni plan biti ve\u0107i za 72 KM. Njegova rata je bila 501, a od 1. srpnja \u0107e biti 513 KM.<\/p>\n\n\n\n<p>Idu\u0107e uskla\u0111ivanje bit \u0107e po\u010detkom idu\u0107e godine, a po svemu sude\u0107i, opet \u0107e do\u0107i do rasta rate kredita jer \u0107e, po o\u010dekivanjima, Euribor rasti otprilike sve dok inflacija ne bude obuzdana.<br>Me\u0111u zadu\u017eenim gra\u0111anima ima i onih koji su ve\u0107 jednom pro\u0161li sli\u010dnu fazu kada je prije vi\u0161e od 10 godina rastao Euribor, pa su nakon gotovo desetlje\u0107e imali konstantan pad rata.<\/p>\n\n\n\n<p>Stambeni kredit sam uzela 2008. godine i tada je Euribor rastao neko vrijeme zbog \u010dega je i meni rata kredita rasla. Onda je uslijedio pad i ve\u0107 nekoliko godina otpla\u0107ujem ni\u017eu ratu od one koja je bila na po\u010detku otplate. Sada \u0107e mi rata opet porasti, ali sre\u0107om na kraju sam otplate pa sam spokojnija. Nikako ne bih bila u ko\u017ei onima koji su na po\u010detku otplate kredita \u2013 pri\u010da Sanja M. iz Banja Luke.<\/p>\n\n\n\n<p>Marko \u0110ogo, profesor na Ekonomskom fakultetu Pale, ka\u017ee kako smo svjedoci da je u posljednje vrijeme do\u0161lo do rasta kamatnih stopa na me\u0111ubankarskom nov\u010danom tr\u017ei\u0161tu.<\/p>\n\n\n\n<p>Sad kad je Euribor postao pozitivan, ulazi u obra\u010dun. Nije to nikakva prevara, to manje-vi\u0161e ima u svim ugovorima koje banke imaju s gra\u0111anima i gospodarstvom. Unesena je takva kaluzula \u2013 isti\u010de \u0110ogo.<\/p>\n\n\n\n<p>Ono na \u0161to jo\u0161 treba obratiti pa\u017enju, napominje on, jeste koliko se \u010desto uskla\u0111uju kamatne stope sa Euriborom. Naj\u010de\u0161\u0107e je \u0161estomjese\u010dno, mada mo\u017ee da bude i na godi\u0161njoj, pa i mjese\u010dnoj razini. Sve ovisi kako su gra\u0111ani to definirali u ugovoru s bankom.<\/p>\n\n\n\n<p> Izvor: <a href=\"https:\/\/iks-portal.info\/informacije\/bosna-i-hercegovina\/item\/19837-banke-u-bih-pocele-povecavati-rate-kredita.html\">Iks portal<\/a><\/p>\n","protected":false},"excerpt":{"rendered":"<p>Na mobilnoj aplikaciji banke u kojoj imam stambeni kredit saznao sam da mi je od 1. srpnja rata kredita ve\u0107a za 12 konvertibilnih maraka. Ovo je za Srpska.info rekao jedan Banjolu\u010danin kojem je jedna komercijalna banka prije tri godine odobrila stambeni kredit na 25 godina. Njegova kamatna stopa je promjenjiva, odnosno vezana za kretanje Euribora. [&hellip;]<\/p>\n","protected":false},"author":2,"featured_media":155518,"comment_status":"closed","ping_status":"closed","sticky":false,"template":"","format":"standard","meta":{"h5ap_radio_sources":[],"footnotes":""},"categories":[1],"tags":[],"class_list":["post-155516","post","type-post","status-publish","format-standard","has-post-thumbnail","hentry","category-bihiregija"],"yoast_head":"<!-- This site is optimized with the Yoast SEO plugin v27.5 - https:\/\/yoast.com\/product\/yoast-seo-wordpress\/ -->\n<title>Banke u BiH po\u010dele pove\u0107avati rate kredita - RADIO LJUBU\u0160KI<\/title>\n<meta name=\"robots\" content=\"index, follow, max-snippet:-1, max-image-preview:large, max-video-preview:-1\" \/>\n<link rel=\"canonical\" href=\"https:\/\/radioljubuski.ba\/index.php\/2022\/07\/04\/banke-u-bih-pocele-povecavati-rate-kredita\/\" \/>\n<meta property=\"og:locale\" content=\"hr_HR\" \/>\n<meta property=\"og:type\" content=\"article\" \/>\n<meta property=\"og:title\" content=\"Banke u BiH po\u010dele pove\u0107avati rate kredita - RADIO LJUBU\u0160KI\" \/>\n<meta property=\"og:description\" content=\"Na mobilnoj aplikaciji banke u kojoj imam stambeni kredit saznao sam da mi je od 1. srpnja rata kredita ve\u0107a za 12 konvertibilnih maraka. Ovo je za Srpska.info rekao jedan Banjolu\u010danin kojem je jedna komercijalna banka prije tri godine odobrila stambeni kredit na 25 godina. Njegova kamatna stopa je promjenjiva, odnosno vezana za kretanje Euribora. [&hellip;]\" \/>\n<meta property=\"og:url\" content=\"https:\/\/radioljubuski.ba\/index.php\/2022\/07\/04\/banke-u-bih-pocele-povecavati-rate-kredita\/\" \/>\n<meta property=\"og:site_name\" content=\"RADIO LJUBU\u0160KI\" \/>\n<meta property=\"article:publisher\" content=\"https:\/\/www.facebook.com\/Radiio-Ljubuski-1490835324566332\" \/>\n<meta property=\"article:published_time\" content=\"2022-07-04T07:00:01+00:00\" \/>\n<meta property=\"article:modified_time\" content=\"2022-07-04T08:40:05+00:00\" \/>\n<meta property=\"og:image\" content=\"https:\/\/radioljubuski.ba\/wp-content\/uploads\/2022\/07\/e882713114f3049fae7794e09e4b576b_L.jpg\" \/>\n\t<meta property=\"og:image:width\" content=\"1024\" \/>\n\t<meta property=\"og:image:height\" content=\"576\" \/>\n\t<meta property=\"og:image:type\" content=\"image\/jpeg\" \/>\n<meta name=\"author\" content=\"Radio Ljubu\u0161ki\" \/>\n<meta name=\"twitter:card\" content=\"summary_large_image\" \/>\n<meta name=\"twitter:creator\" content=\"@radioljubuski\" \/>\n<meta name=\"twitter:site\" content=\"@radioljubuski\" \/>\n<meta name=\"twitter:label1\" content=\"Napisao\/la\" \/>\n\t<meta name=\"twitter:data1\" content=\"Radio Ljubu\u0161ki\" \/>\n\t<meta name=\"twitter:label2\" content=\"Procijenjeno vrijeme \u010ditanja\" \/>\n\t<meta name=\"twitter:data2\" content=\"2 minute\" \/>\n<script type=\"application\/ld+json\" class=\"yoast-schema-graph\">{\"@context\":\"https:\\\/\\\/schema.org\",\"@graph\":[{\"@type\":\"Article\",\"@id\":\"https:\\\/\\\/radioljubuski.ba\\\/index.php\\\/2022\\\/07\\\/04\\\/banke-u-bih-pocele-povecavati-rate-kredita\\\/#article\",\"isPartOf\":{\"@id\":\"https:\\\/\\\/radioljubuski.ba\\\/index.php\\\/2022\\\/07\\\/04\\\/banke-u-bih-pocele-povecavati-rate-kredita\\\/\"},\"author\":{\"name\":\"Radio Ljubu\u0161ki\",\"@id\":\"https:\\\/\\\/radioljubuski.ba\\\/#\\\/schema\\\/person\\\/19fc700381a780f69665d7956c469e3b\"},\"headline\":\"Banke u BiH po\u010dele pove\u0107avati rate kredita\",\"datePublished\":\"2022-07-04T07:00:01+00:00\",\"dateModified\":\"2022-07-04T08:40:05+00:00\",\"mainEntityOfPage\":{\"@id\":\"https:\\\/\\\/radioljubuski.ba\\\/index.php\\\/2022\\\/07\\\/04\\\/banke-u-bih-pocele-povecavati-rate-kredita\\\/\"},\"wordCount\":460,\"publisher\":{\"@id\":\"https:\\\/\\\/radioljubuski.ba\\\/#organization\"},\"image\":{\"@id\":\"https:\\\/\\\/radioljubuski.ba\\\/index.php\\\/2022\\\/07\\\/04\\\/banke-u-bih-pocele-povecavati-rate-kredita\\\/#primaryimage\"},\"thumbnailUrl\":\"https:\\\/\\\/radioljubuski.ba\\\/wp-content\\\/uploads\\\/2022\\\/07\\\/e882713114f3049fae7794e09e4b576b_L.jpg\",\"articleSection\":[\"BIH i regija\"],\"inLanguage\":\"hr\"},{\"@type\":\"WebPage\",\"@id\":\"https:\\\/\\\/radioljubuski.ba\\\/index.php\\\/2022\\\/07\\\/04\\\/banke-u-bih-pocele-povecavati-rate-kredita\\\/\",\"url\":\"https:\\\/\\\/radioljubuski.ba\\\/index.php\\\/2022\\\/07\\\/04\\\/banke-u-bih-pocele-povecavati-rate-kredita\\\/\",\"name\":\"Banke u BiH po\u010dele pove\u0107avati rate kredita - RADIO LJUBU\u0160KI\",\"isPartOf\":{\"@id\":\"https:\\\/\\\/radioljubuski.ba\\\/#website\"},\"primaryImageOfPage\":{\"@id\":\"https:\\\/\\\/radioljubuski.ba\\\/index.php\\\/2022\\\/07\\\/04\\\/banke-u-bih-pocele-povecavati-rate-kredita\\\/#primaryimage\"},\"image\":{\"@id\":\"https:\\\/\\\/radioljubuski.ba\\\/index.php\\\/2022\\\/07\\\/04\\\/banke-u-bih-pocele-povecavati-rate-kredita\\\/#primaryimage\"},\"thumbnailUrl\":\"https:\\\/\\\/radioljubuski.ba\\\/wp-content\\\/uploads\\\/2022\\\/07\\\/e882713114f3049fae7794e09e4b576b_L.jpg\",\"datePublished\":\"2022-07-04T07:00:01+00:00\",\"dateModified\":\"2022-07-04T08:40:05+00:00\",\"breadcrumb\":{\"@id\":\"https:\\\/\\\/radioljubuski.ba\\\/index.php\\\/2022\\\/07\\\/04\\\/banke-u-bih-pocele-povecavati-rate-kredita\\\/#breadcrumb\"},\"inLanguage\":\"hr\",\"potentialAction\":[{\"@type\":\"ReadAction\",\"target\":[\"https:\\\/\\\/radioljubuski.ba\\\/index.php\\\/2022\\\/07\\\/04\\\/banke-u-bih-pocele-povecavati-rate-kredita\\\/\"]}]},{\"@type\":\"ImageObject\",\"inLanguage\":\"hr\",\"@id\":\"https:\\\/\\\/radioljubuski.ba\\\/index.php\\\/2022\\\/07\\\/04\\\/banke-u-bih-pocele-povecavati-rate-kredita\\\/#primaryimage\",\"url\":\"https:\\\/\\\/radioljubuski.ba\\\/wp-content\\\/uploads\\\/2022\\\/07\\\/e882713114f3049fae7794e09e4b576b_L.jpg\",\"contentUrl\":\"https:\\\/\\\/radioljubuski.ba\\\/wp-content\\\/uploads\\\/2022\\\/07\\\/e882713114f3049fae7794e09e4b576b_L.jpg\",\"width\":1024,\"height\":576},{\"@type\":\"BreadcrumbList\",\"@id\":\"https:\\\/\\\/radioljubuski.ba\\\/index.php\\\/2022\\\/07\\\/04\\\/banke-u-bih-pocele-povecavati-rate-kredita\\\/#breadcrumb\",\"itemListElement\":[{\"@type\":\"ListItem\",\"position\":1,\"name\":\"Po\u010detna stranica\",\"item\":\"https:\\\/\\\/radioljubuski.ba\\\/\"},{\"@type\":\"ListItem\",\"position\":2,\"name\":\"Banke u BiH po\u010dele pove\u0107avati rate kredita\"}]},{\"@type\":\"WebSite\",\"@id\":\"https:\\\/\\\/radioljubuski.ba\\\/#website\",\"url\":\"https:\\\/\\\/radioljubuski.ba\\\/\",\"name\":\"Radio Ljubu\u0161ki\",\"description\":\"Sun\u010dana frekvencija Hercegovine\",\"publisher\":{\"@id\":\"https:\\\/\\\/radioljubuski.ba\\\/#organization\"},\"potentialAction\":[{\"@type\":\"SearchAction\",\"target\":{\"@type\":\"EntryPoint\",\"urlTemplate\":\"https:\\\/\\\/radioljubuski.ba\\\/?s={search_term_string}\"},\"query-input\":{\"@type\":\"PropertyValueSpecification\",\"valueRequired\":true,\"valueName\":\"search_term_string\"}}],\"inLanguage\":\"hr\"},{\"@type\":\"Organization\",\"@id\":\"https:\\\/\\\/radioljubuski.ba\\\/#organization\",\"name\":\"Radio Ljubu\u0161ki\",\"url\":\"https:\\\/\\\/radioljubuski.ba\\\/\",\"logo\":{\"@type\":\"ImageObject\",\"inLanguage\":\"hr\",\"@id\":\"https:\\\/\\\/radioljubuski.ba\\\/#\\\/schema\\\/logo\\\/image\\\/\",\"url\":\"https:\\\/\\\/radioljubuski.ba\\\/wp-content\\\/uploads\\\/2021\\\/02\\\/cropped-Radio_Ljubuski_logo1.jpg\",\"contentUrl\":\"https:\\\/\\\/radioljubuski.ba\\\/wp-content\\\/uploads\\\/2021\\\/02\\\/cropped-Radio_Ljubuski_logo1.jpg\",\"width\":512,\"height\":512,\"caption\":\"Radio Ljubu\u0161ki\"},\"image\":{\"@id\":\"https:\\\/\\\/radioljubuski.ba\\\/#\\\/schema\\\/logo\\\/image\\\/\"},\"sameAs\":[\"https:\\\/\\\/www.facebook.com\\\/Radiio-Ljubuski-1490835324566332\",\"https:\\\/\\\/x.com\\\/radioljubuski\",\"https:\\\/\\\/hr.linkedin.com\\\/company\\\/radio-ljubuski\",\"https:\\\/\\\/www.youtube.com\\\/channel\\\/UCHYaeO_n0Db3tjNGudGpXyw\"]},{\"@type\":\"Person\",\"@id\":\"https:\\\/\\\/radioljubuski.ba\\\/#\\\/schema\\\/person\\\/19fc700381a780f69665d7956c469e3b\",\"name\":\"Radio Ljubu\u0161ki\"}]}<\/script>\n<!-- \/ Yoast SEO plugin. -->","yoast_head_json":{"title":"Banke u BiH po\u010dele pove\u0107avati rate kredita - RADIO LJUBU\u0160KI","robots":{"index":"index","follow":"follow","max-snippet":"max-snippet:-1","max-image-preview":"max-image-preview:large","max-video-preview":"max-video-preview:-1"},"canonical":"https:\/\/radioljubuski.ba\/index.php\/2022\/07\/04\/banke-u-bih-pocele-povecavati-rate-kredita\/","og_locale":"hr_HR","og_type":"article","og_title":"Banke u BiH po\u010dele pove\u0107avati rate kredita - RADIO LJUBU\u0160KI","og_description":"Na mobilnoj aplikaciji banke u kojoj imam stambeni kredit saznao sam da mi je od 1. srpnja rata kredita ve\u0107a za 12 konvertibilnih maraka. Ovo je za Srpska.info rekao jedan Banjolu\u010danin kojem je jedna komercijalna banka prije tri godine odobrila stambeni kredit na 25 godina. Njegova kamatna stopa je promjenjiva, odnosno vezana za kretanje Euribora. [&hellip;]","og_url":"https:\/\/radioljubuski.ba\/index.php\/2022\/07\/04\/banke-u-bih-pocele-povecavati-rate-kredita\/","og_site_name":"RADIO LJUBU\u0160KI","article_publisher":"https:\/\/www.facebook.com\/Radiio-Ljubuski-1490835324566332","article_published_time":"2022-07-04T07:00:01+00:00","article_modified_time":"2022-07-04T08:40:05+00:00","og_image":[{"width":1024,"height":576,"url":"https:\/\/radioljubuski.ba\/wp-content\/uploads\/2022\/07\/e882713114f3049fae7794e09e4b576b_L.jpg","type":"image\/jpeg"}],"author":"Radio Ljubu\u0161ki","twitter_card":"summary_large_image","twitter_creator":"@radioljubuski","twitter_site":"@radioljubuski","twitter_misc":{"Napisao\/la":"Radio Ljubu\u0161ki","Procijenjeno vrijeme \u010ditanja":"2 minute"},"schema":{"@context":"https:\/\/schema.org","@graph":[{"@type":"Article","@id":"https:\/\/radioljubuski.ba\/index.php\/2022\/07\/04\/banke-u-bih-pocele-povecavati-rate-kredita\/#article","isPartOf":{"@id":"https:\/\/radioljubuski.ba\/index.php\/2022\/07\/04\/banke-u-bih-pocele-povecavati-rate-kredita\/"},"author":{"name":"Radio Ljubu\u0161ki","@id":"https:\/\/radioljubuski.ba\/#\/schema\/person\/19fc700381a780f69665d7956c469e3b"},"headline":"Banke u BiH po\u010dele pove\u0107avati rate kredita","datePublished":"2022-07-04T07:00:01+00:00","dateModified":"2022-07-04T08:40:05+00:00","mainEntityOfPage":{"@id":"https:\/\/radioljubuski.ba\/index.php\/2022\/07\/04\/banke-u-bih-pocele-povecavati-rate-kredita\/"},"wordCount":460,"publisher":{"@id":"https:\/\/radioljubuski.ba\/#organization"},"image":{"@id":"https:\/\/radioljubuski.ba\/index.php\/2022\/07\/04\/banke-u-bih-pocele-povecavati-rate-kredita\/#primaryimage"},"thumbnailUrl":"https:\/\/radioljubuski.ba\/wp-content\/uploads\/2022\/07\/e882713114f3049fae7794e09e4b576b_L.jpg","articleSection":["BIH i regija"],"inLanguage":"hr"},{"@type":"WebPage","@id":"https:\/\/radioljubuski.ba\/index.php\/2022\/07\/04\/banke-u-bih-pocele-povecavati-rate-kredita\/","url":"https:\/\/radioljubuski.ba\/index.php\/2022\/07\/04\/banke-u-bih-pocele-povecavati-rate-kredita\/","name":"Banke u BiH po\u010dele pove\u0107avati rate kredita - RADIO LJUBU\u0160KI","isPartOf":{"@id":"https:\/\/radioljubuski.ba\/#website"},"primaryImageOfPage":{"@id":"https:\/\/radioljubuski.ba\/index.php\/2022\/07\/04\/banke-u-bih-pocele-povecavati-rate-kredita\/#primaryimage"},"image":{"@id":"https:\/\/radioljubuski.ba\/index.php\/2022\/07\/04\/banke-u-bih-pocele-povecavati-rate-kredita\/#primaryimage"},"thumbnailUrl":"https:\/\/radioljubuski.ba\/wp-content\/uploads\/2022\/07\/e882713114f3049fae7794e09e4b576b_L.jpg","datePublished":"2022-07-04T07:00:01+00:00","dateModified":"2022-07-04T08:40:05+00:00","breadcrumb":{"@id":"https:\/\/radioljubuski.ba\/index.php\/2022\/07\/04\/banke-u-bih-pocele-povecavati-rate-kredita\/#breadcrumb"},"inLanguage":"hr","potentialAction":[{"@type":"ReadAction","target":["https:\/\/radioljubuski.ba\/index.php\/2022\/07\/04\/banke-u-bih-pocele-povecavati-rate-kredita\/"]}]},{"@type":"ImageObject","inLanguage":"hr","@id":"https:\/\/radioljubuski.ba\/index.php\/2022\/07\/04\/banke-u-bih-pocele-povecavati-rate-kredita\/#primaryimage","url":"https:\/\/radioljubuski.ba\/wp-content\/uploads\/2022\/07\/e882713114f3049fae7794e09e4b576b_L.jpg","contentUrl":"https:\/\/radioljubuski.ba\/wp-content\/uploads\/2022\/07\/e882713114f3049fae7794e09e4b576b_L.jpg","width":1024,"height":576},{"@type":"BreadcrumbList","@id":"https:\/\/radioljubuski.ba\/index.php\/2022\/07\/04\/banke-u-bih-pocele-povecavati-rate-kredita\/#breadcrumb","itemListElement":[{"@type":"ListItem","position":1,"name":"Po\u010detna stranica","item":"https:\/\/radioljubuski.ba\/"},{"@type":"ListItem","position":2,"name":"Banke u BiH po\u010dele pove\u0107avati rate kredita"}]},{"@type":"WebSite","@id":"https:\/\/radioljubuski.ba\/#website","url":"https:\/\/radioljubuski.ba\/","name":"Radio Ljubu\u0161ki","description":"Sun\u010dana frekvencija Hercegovine","publisher":{"@id":"https:\/\/radioljubuski.ba\/#organization"},"potentialAction":[{"@type":"SearchAction","target":{"@type":"EntryPoint","urlTemplate":"https:\/\/radioljubuski.ba\/?s={search_term_string}"},"query-input":{"@type":"PropertyValueSpecification","valueRequired":true,"valueName":"search_term_string"}}],"inLanguage":"hr"},{"@type":"Organization","@id":"https:\/\/radioljubuski.ba\/#organization","name":"Radio Ljubu\u0161ki","url":"https:\/\/radioljubuski.ba\/","logo":{"@type":"ImageObject","inLanguage":"hr","@id":"https:\/\/radioljubuski.ba\/#\/schema\/logo\/image\/","url":"https:\/\/radioljubuski.ba\/wp-content\/uploads\/2021\/02\/cropped-Radio_Ljubuski_logo1.jpg","contentUrl":"https:\/\/radioljubuski.ba\/wp-content\/uploads\/2021\/02\/cropped-Radio_Ljubuski_logo1.jpg","width":512,"height":512,"caption":"Radio Ljubu\u0161ki"},"image":{"@id":"https:\/\/radioljubuski.ba\/#\/schema\/logo\/image\/"},"sameAs":["https:\/\/www.facebook.com\/Radiio-Ljubuski-1490835324566332","https:\/\/x.com\/radioljubuski","https:\/\/hr.linkedin.com\/company\/radio-ljubuski","https:\/\/www.youtube.com\/channel\/UCHYaeO_n0Db3tjNGudGpXyw"]},{"@type":"Person","@id":"https:\/\/radioljubuski.ba\/#\/schema\/person\/19fc700381a780f69665d7956c469e3b","name":"Radio Ljubu\u0161ki"}]}},"_links":{"self":[{"href":"https:\/\/radioljubuski.ba\/index.php\/wp-json\/wp\/v2\/posts\/155516","targetHints":{"allow":["GET"]}}],"collection":[{"href":"https:\/\/radioljubuski.ba\/index.php\/wp-json\/wp\/v2\/posts"}],"about":[{"href":"https:\/\/radioljubuski.ba\/index.php\/wp-json\/wp\/v2\/types\/post"}],"author":[{"embeddable":true,"href":"https:\/\/radioljubuski.ba\/index.php\/wp-json\/wp\/v2\/users\/2"}],"replies":[{"embeddable":true,"href":"https:\/\/radioljubuski.ba\/index.php\/wp-json\/wp\/v2\/comments?post=155516"}],"version-history":[{"count":3,"href":"https:\/\/radioljubuski.ba\/index.php\/wp-json\/wp\/v2\/posts\/155516\/revisions"}],"predecessor-version":[{"id":155592,"href":"https:\/\/radioljubuski.ba\/index.php\/wp-json\/wp\/v2\/posts\/155516\/revisions\/155592"}],"wp:featuredmedia":[{"embeddable":true,"href":"https:\/\/radioljubuski.ba\/index.php\/wp-json\/wp\/v2\/media\/155518"}],"wp:attachment":[{"href":"https:\/\/radioljubuski.ba\/index.php\/wp-json\/wp\/v2\/media?parent=155516"}],"wp:term":[{"taxonomy":"category","embeddable":true,"href":"https:\/\/radioljubuski.ba\/index.php\/wp-json\/wp\/v2\/categories?post=155516"},{"taxonomy":"post_tag","embeddable":true,"href":"https:\/\/radioljubuski.ba\/index.php\/wp-json\/wp\/v2\/tags?post=155516"}],"curies":[{"name":"wp","href":"https:\/\/api.w.org\/{rel}","templated":true}]}}