{"id":155533,"date":"2022-07-04T08:19:22","date_gmt":"2022-07-04T07:19:22","guid":{"rendered":"https:\/\/radioljubuski.ba\/?p=155533"},"modified":"2022-07-04T08:19:23","modified_gmt":"2022-07-04T07:19:23","slug":"otac-marka-brkljace-u-hajduku-rade-zvijeri-evo-koliko-su-nam-nudili-za-ugovor","status":"publish","type":"post","link":"https:\/\/radioljubuski.ba\/index.php\/2022\/07\/04\/otac-marka-brkljace-u-hajduku-rade-zvijeri-evo-koliko-su-nam-nudili-za-ugovor\/","title":{"rendered":"Otac Marka Brklja\u010de: U Hajduku rade zvijeri! Evo koliko su nam nudili za ugovor"},"content":{"rendered":"\n<p>MARKO BRKLJA\u010cA trebao je biti budu\u0107nost Hajduka, barem su ga tako do\u017eivljavali Hajdukovi navija\u010di nakon \u0161to ga je ugledni Guardian uvrstio me\u0111u 60 najtalentiranijih klinaca na svijetu. No umjesto da bude jedan od glavnih igra\u010da Hajduka, Brklja\u010da je ovih dana postao igra\u010d Dinama, s kojim je potpisao vi\u0161egodi\u0161nji ugovor nakon \u0161to mu je onaj s Hajdukom istekao.<\/p>\n\n\n\n<p>Da Brklja\u010da ne\u0107e nastaviti karijeru u Hajduku, bilo je jasno u velja\u010di kad je klub iznenada objavio da igra\u010d na ljeto odlazi s Poljuda. Hajdukov sportski direktor Mindaugas Nikoli\u010dius je nakon utakmice juniorske Lige prvaka protiv Atletico Madrida rekao da se s Brklja\u010dom i njegovim predstavnicima nisu mogli dogovoriti.<\/p>\n\n\n\n<p>&#8220;\u017delim pojasniti situaciju vezanu uz Marka Brklja\u010du. On i njegovi predstavnici nisu prihvatili na\u0161u ponudu i Marko \u0107e na ljeto postati slobodan igra\u010d. Prvu ponudu smo mu dali prije deset mjeseci, me\u0111utim njegovi roditelji i predstavnici imali su nerealne zahtjeve. Smatram da smo mu kao klub pokazali po\u0161tovanje, on je ovdje deset godina, dva puta je bio na pripremama s prvom mom\u010dadi i gotovo godinu dana trenirao s prvom mom\u010dadi&#8221;, rekao je Nikoli\u010dius pa dodao:<\/p>\n\n\n\n<p>&#8220;Uvijek mi je u razgovorima govorio da \u017eeli ostati u Hajduku, ali njegovi predstavnici pred nas su postavili nerealne zahtjeve kojima nismo mogli udovoljiti. Dali smo mu najbolju mogu\u0107u ponudu, jednaku onima koje dajemo ostalim top talentima iz na\u0161e Akademije.&#8221;<\/p>\n\n\n\n<h3 class=\"wp-block-heading\">Brklja\u010din otac inzistirao da iza\u0111e u medije<\/h3>\n\n\n\n<p>Utakmica s Atleticom bila je zadnja koju je Brklja\u010da odigrao u dresu Hajduka, a nakon toga vi\u0161e nije bio \u010dlan nijedne mom\u010dadi, nego mu je samo dopu\u0161teno da trenira do isteka ugovora. Kad je objavljen njegov prelazak u Dinamo, igra\u010d i njegova obitelj postali su meta uvreda na dru\u0161tvenim mre\u017eama.<\/p>\n\n\n\n<p>Kad je njegov sin stavio potpis na ugovor s Dinamom, o \u010ditavoj situaciji s Hajdukom, po\u010decima njegova sina u tom klubu i razlozima rastanka progovorio je Markov otac Oliver. On je osobno inzistirao na tome da iznese svoju stranu pri\u010de s naglaskom da slobodno napi\u0161emo sve \u0161to je rekao od rije\u010di do rije\u010di.<\/p>\n\n\n\n<p>&#8220;Ja sam ovaj dan \u010dekao pet mjeseci. Nisam niti smio niti \u017eelio ni\u0161ta govoriti dok je Marko bio pod ugovorom s Hajdukom, ali sad mogu i ispri\u010dat \u0107u vam sve, od prvog dana kad je Hajduk vidio Marka&#8221;, rekao je Oliver Brklja\u010da.<\/p>\n\n\n\n<p>Hajduk je njegova sina Marka, ka\u017ee Oliver, prvi put vidio na turniru u Pako\u0161tanima u prolje\u0107e 2014. godine na kojem je Marko nastupao sa svojim klubom Velebitom. On i njegov vr\u0161njak Josip Baturina, obojica 2004. godi\u0161te, bili su sjajni na turniru 2002. godi\u0161ta, a nakon zavr\u0161etka turnira Hajdukovi treneri Ante Ba\u0161i\u0107 i Milenko Biki\u0107 tra\u017eili su po tribinama o\u010deve te dvojice klinaca.<\/p>\n\n\n\n<p>&#8220;Rekli su nam da se na\u0161i sinovi svi\u0111aju Hajduku i pitali su nas da li bismo ih koji put doveli na neki trening, turnir ili utakmicu. Mi smo rekli &#8216;Za\u0161to ne?&#8217; i izmijenili smo podatke, a oni su se \u0161okirali kad smo im rekli da su Marko i Josip 2004. godi\u0161te. To ih je odu\u0161evilo i mjesec ili dva kasnije zvali su nas na prijateljsku utakmicu sa Solinom. Nakon toga su nas pitali da do\u0111emo na jedan trening, pa na drugi, pa na tre\u0107i, pa na turnir&#8230;<\/p>\n\n\n\n<p>Na sve to djecu smo vodili o vlastitom tro\u0161ku. U po\u010detku to nije bilo pre\u010desto, ali 2015. godine zvali su nas sve \u010de\u0161\u0107e, svaki drugi ili tre\u0107i dan. Nekad bih ih vozio ja, nekad on, nekad njegova \u017eena, tko god je mogao. U 2016. je to bilo svaki drugi dan. Ja sam bio obi\u010dni radnik s po jednom vo\u0107arnom u Benkovcu i Obrovcu i ja to vi\u0161e nisam mogao financirati&#8221;, pri\u010da Brklja\u010da i nastavlja:<\/p>\n\n\n\n<p>&#8220;Sastali smo se s gospodinom Ba\u0161i\u0107em i rekli smo mu da mi vi\u0161e nemamo novca da financiramo ta putovanja. Od Benkovca do Splita i nazad je 250 kilometara, tko \u0107e to pla\u0107ati? Rekli su nam da nam mogu platiti tisu\u0107u kuna putnih tro\u0161kova. Tisu\u0107u kuna? To je za dva-tri putovanja, a mi smo i\u0161li svaki drugi dan. Dizao sam se u dva sata u no\u0107i, radio po \u0161tandovima do podne i onda do\u0161ao ku\u0107i, spremio maloga za trening i na trening u Split.<\/p>\n\n\n\n<p>Nikad me nitko nije pitao imam li novac za to, a morao sam se i zadu\u017eivati jer nisam mogao to financirati. Vi\u0161e od \u010detiri godine smo u prosjeku svaki drugi dan i\u0161li iz Benkovca u Split, moja ili obitelj Josipa Baturine. Pokrivali smo jedni druge koliko smo god mogli. Ni\u0161ta nismo tra\u017eili, borili smo se sami.&#8221;<\/p>\n\n\n\n<h3 class=\"wp-block-heading\">Zatvorili obrt i preselili se u Split<\/h3>\n\n\n\n<p>Brklja\u010da nam pri\u010da da je Hajduk nakon ne\u0161to vi\u0161e od \u010detiri godine \u017eelio registrirati njegova sina i Josipa. S Poljuda su nazvali Olivera i rekli mu da obojicu \u017eele preseliti u Split, i to u sobe na Poljudu u kojima bi spavali.<\/p>\n\n\n\n<p>&#8220;Kako su oni mislili djecu od 13-14 godina staviti same u sobe na Poljud? Tamo su dvije sobarice i iza tri sata nema nikoga. \u0160to ako se razboli? Ako dobije temperaturu? Tko \u0107e mu pomo\u0107i? Portir koji sjedi dolje na ulazu? Ho\u0107e li mene zvati iz Benkovca da do\u0111em? Naravno da to nismo prihvatili.<\/p>\n\n\n\n<p>Ja sam predlo\u017eio da s njima dvojicom u Split do\u0111e moja majka i da ih \u010duva. Tako je i bilo. Klub im je na\u0161ao stan, pla\u0107ao ga je i dao im je stipendiju 1600 kuna. Ona je tu bila dvije godine, ali nije ih vi\u0161e mogla toliko paziti. To su ve\u0107 djeca od petnaestak godina i nije to vi\u0161e moglo funkcionirati&#8221;, ka\u017ee Oliver.<\/p>\n\n\n\n<p>I dok je Marko postajao jedan od perspektivnijih igra\u010da u Hajdukovoj akademiji, klub se zainteresirao i za njegova \u010detiri godine mla\u0111eg brata Luku, kojeg je, tvrdi Oliver, Hajduk pozorno pratio, a Luka je s klubom bio na nekim turnirima. Hajduk je predlo\u017eio da otac vozi Luku na treninge iz Benkovca, \u0161to je Oliver odbio.&nbsp;<\/p>\n\n\n\n<p>S Markom ve\u0107 odavno u Akademiji i Lukom na putu za istu, Oliver i supruga odlu\u010dili su zatvoriti svoj mali trgova\u010dki obrt u Benkovcu i preseliti se u Split s djecom kako bi ih mogli paziti i omogu\u0107iti im da mogu neometano trenirati.<\/p>\n\n\n\n<p>&#8220;Jedino \u0161to sam od Hajduka tra\u017eio je da meni i supruzi na\u0111u posao. Bilo kakav. Obi\u010dni sam seljak koji \u017eivi na selu, radit \u0107u \u0161to god, samo da mo\u017eemo pre\u017eivjeti. Pristali smo na stan u kojemu su de\u010dki bili s bakom, to je \u010detrdesetak kvadrata, i Andro Fistoni\u0107 mi je u velja\u010di 2020. rekao da je meni u Tommyju na\u0161ao posao voza\u010da, a \u017eeni posao blagajnice. Sve smo se dogovorili i 1. o\u017eujka smo preselili u Split&#8221;, pri\u010da Oliver.<\/p>\n\n\n\n<h3 class=\"wp-block-heading\">Nudili mu pla\u0107u od 12.500 kuna<\/h3>\n\n\n\n<p>Marko je stipendijski ugovor s Hajdukom imao do kraja lipnja 2022. godine. Hajduk ga je \u017eelio produ\u017eiti, s tim da ugovor postaje profesionalan nakon \u0161to igra\u010d postane punoljetan, i obitelji Brklja\u010da poslao je prijedlog ugovora.<\/p>\n\n\n\n<p>Oliver Brklja\u010da na uvid nam je dao ugovor koji je Hajduk u ljeto 2021. godine nudio njegovu sinu i poslao mu ga e-mailom. U prvoj godini ugovora Brklja\u010da je imao pla\u0107u od 12.500 kuna plus pla\u0107en stan za njega i obitelj, a kroz tri sezone ta pla\u0107a narasla bi na 15.000 kuna. U ugovoru su bili jo\u0161 neki eventualni bonusi, poput onoga u slu\u010daju da Brklja\u010da odigra deset utakmica kao starter u prvoj mom\u010dadi, \u0161to je u tom trenutku bilo potpuno nerealno o\u010dekivati.<\/p>\n\n\n\n<p>&#8220;Na sastanak s Jakobu\u0161i\u0107em i Nikoli\u010diusom do\u0161li smo u srpnju 2021. godine. Ja sam im na sastanku rekao da nisam zadovoljan ponudom. Ne zbog financija, nego zbog toga \u0161to uop\u0107e ne znam gdje oni vide mojeg sina i kakav je s njim plan. Ni\u0161ta o tome nije pisalo. No mi smo ugovor prihvatili. Nismo ni ja ni agenti tra\u017eili ni eura, ali smo zahtijevali postotak od sljede\u0107eg transfera. Oni su rekli odmah da to nikome ne daju, a ja sam znao da daju i to uz puno ve\u0107u pla\u0107u igra\u010du. Osim toga, Jakobu\u0161i\u0107 je po dolasku u Hajduk rekao da on s tim nema problema.<\/p>\n\n\n\n<p>Dakle, lagali su odmah nakon dvije minute. Bili su \u0161okirani i time i \u010dinjenicom da smo mi pla\u0107u prihvatili i to uz nula eura obitelji, nula eura agentima, ali da tra\u017eimo postotak prodaje i garanciju da \u0107e Marko trenirati s prvom mom\u010dadi i igrati u juniorima, a sljede\u0107e godine igrati u prvoj mom\u010dadi.<\/p>\n\n\n\n<p>U tom trenutku je Jakobu\u0161i\u0107 rekao da mora na neki drugi sastanak jer mu je tajnica rekla da su ti neki ljudi do\u0161li ranije. Ostao je Nikoli\u010dius koji je tvrdio da \u0107e sve biti u redu i da \u0107emo na\u0107i rje\u0161enje i da se vidimo drugi put. Nisu \u010dak ni djelovali pretjerano zainteresirano, nisu \u017eeljeli gubiti previ\u0161e vremena na sve to nego ako bude igra\u010d, dobro, ako ne bude, nikome ni\u0161ta&#8221;, ka\u017ee Brklja\u010da.<\/p>\n\n\n\n<p>To je bio zadnji slu\u017ebeni sastanak s ljudima iz Hajduka sve do jeseni, odnosno do ne\u0161to vi\u0161e od pola godine prije isteka Brklja\u010dina ugovora sa splitskim klubom. U me\u0111uvremenu je, ka\u017ee, dobivao desetke poziva od jedne osobe.<\/p>\n\n\n\n<p>&#8220;Jedan od glavnih razloga za\u0161to je moj sin oti\u0161ao iz Hajduka je ovaj koji \u0107u vam sad re\u0107i. Pojavio se \u010dovjek kojeg ne\u0107u imenovati, ali \u0107ete ga prepoznati. Bio je dugogodi\u0161nji igra\u010d Hajduka, a sad je navodno vanjski suradnik, agent i veliki Jakobu\u0161i\u0107ev prijatelj, \u0161to mi je osobno potvrdio. Nazvao me njegov suradnik i zvao me na kavu s tim \u010dovjekom. Ja sam svaki put rekao da Marko ima menad\u017eera i nije mi padalo na pamet raditi njemu iza le\u0111a. Mjesec i pol su me zvali svaki ili svaki drugi dan, pozivi, poruke&#8221;, ka\u017ee Oliver.<\/p>\n\n\n\n<h3 class=\"wp-block-heading\">Hajdukov vanjski suradnik znao sve detalje sastanka<\/h3>\n\n\n\n<p>Nakon svih silnih poziva Brklja\u010dinom ocu je prekipjelo i odlu\u010dio se sastati se s tim agentom koji ga je kontaktirao preko svojeg suradnika. Dogovorili su se za sastanak na koji je Oliver Brklja\u010da do\u0161ao sam.<\/p>\n\n\n\n<p>&#8220;Prvo \u0161to me pitao je imam li menad\u017eera. Ja sam rekao da ja nemam, ali da Marko ima. On me pita: &#8216;Pa \u0161to ste onda do\u0161li?&#8217; Ja ka\u017eem: &#8216;Pa zvali ste me! Htio sam odmah oti\u0107i, ali ipak nisam.&#8217; Onda me pitao jesam li zadovoljan Markovim menad\u017eerom, a ja sam rekao da sam prezadovoljan. Onda mi je rekao da je on vanjski suradnik Hajduka i menad\u017eer i jako dobar ku\u0107ni prijatelj s Jakobu\u0161i\u0107em.<\/p>\n\n\n\n<p>Znao je to\u010dan datum kad smo bili na sastanku u Hajduku, na tabletu mi pokazivao to\u010dne cifre koje su nam ponudili, \u0161to smo mi prihvatili i \u0161to smo tra\u017eili. Od A do \u017d je znao \u0161to je tko govorio na tom sastanku. Rekao mi je da garanciju da \u0107e mi sin igrati ne mogu dobiti te da smo pojeli govno s time \u0161to smo pristali na ponu\u0111enu pla\u0107u&#8221;, ka\u017ee Brklja\u010da i nastavlja:<\/p>\n\n\n\n<p>&#8220;Pitao me \u017eelim li da Marko ostane u Hajduku. Rekao sam da mi je to apsolutna \u017eelja, a on mi na to ka\u017ee da ako ne \u017eelim da ostane u Hajduku, da on za Marka ima dva kluba. Pa ako je vanjski suradnik Hajduka, radi li za Hajduk ili protiv njega!? Rekao mi je da mi mo\u017ee dogovoriti bolje uvjete s Hajdukom za Marka. Sjedili smo sat vremena, on je rekao da razmislim o tome i razi\u0161li smo se.<\/p>\n\n\n\n<p>Nakon jedno mjesec, mjesec i pol dana Nikoli\u010dius i Jakobu\u0161i\u0107 u Zagrebu zovu Markova menad\u017eera na ru\u010dak i govore mu da sam ja po Splitu Marku tra\u017eio nove menad\u017eere, da sam ja zvao onog \u010dovjeka o kojem sam pri\u010dao, da sam mu rekao sve ono \u0161to je on meni rekao i da ja \u017eelim promijeniti agenciju. Oni su \u017eeljeli posva\u0111ati mene i Markova menad\u017eera da ja pre\u0111em kod tog vanjskog suradnika. Stra\u0161no mi je krivo \u0161to sam oti\u0161ao na taj sastanak, ali sam odmah nazvao Markova menad\u017eera i sve mu ispri\u010dao. Nakon toga je na\u0161 odnos bio malo poljuljan, ali nasre\u0107u smo sve uspjeli izgladiti i ostali smo zajedno.&#8221;<\/p>\n\n\n\n<p>Od prvog sastanka s Hajdukovom upravom do sljede\u0107eg pro\u0161lo je pet mjeseci. Jakobu\u0161i\u0107 i Nikoli\u010dius su Markova oca i menad\u017eera na sljede\u0107i sastanak pozvali nekoliko dana prije pro\u0161log Bo\u017ei\u0107a. Prije sastanka su Jakobu\u0161i\u0107a pitali kako je mogu\u0107e da je izvjesni vanjski suradnik znao sve detalje njihova sastanka u srpnju.&nbsp;<\/p>\n\n\n\n<h3 class=\"wp-block-heading\">Jakobu\u0161i\u0107 optu\u017eio Nadzorni odbor<\/h3>\n\n\n\n<p>&#8220;Rekao je da nije i da nema pojma tko je i da je mo\u017eda netko iz Nadzornog odbora. To je odgovor predsjednika kluba &#8211; da je netko iz Nadzornog odbora prenio nekom drugom agentu sve detalje na\u0161eg sastanka. A ovaj njegov ku\u0107ni prijatelj. Na tom sastanku u prosincu sam im rekao da ona njihova ponuda iz srpnja vi\u0161e ne vrijedi jer sam u me\u0111uvremenu, dok se oni nisu javljali, dobio ponude deset klubova, doma\u0107ih i stranih, za Marka.<\/p>\n\n\n\n<p>Predlo\u017eio sam im tri kontraponude. Prva je bila da mu garantiraju da \u0107e igrati iako sam znao da je to nemogu\u0107e o\u010dekivati, ali kakva je to \u0161ansa mladom igra\u010du tri utakmice po sedam minuta i ajde u Solin na posudbu? Druga je bila bez garancija, ali uz pla\u0107u od 60.000 kuna mjese\u010dno, a oni su rekli da to mo\u017ee jedino u zadnjoj godini ugovora i da nema \u0161anse da bude od prve godine. Tre\u0107a je bila da se na\u0111emo negdje na pola od tih 60.000 kuna pla\u0107e i dvadeset posto od eventualnog transfera&#8221;, pri\u010da Brklja\u010da u dahu i nastavlja:<\/p>\n\n\n\n<p>&#8220;Oni su mi na to rekli da tra\u017eim znanstvenu fantastiku. Pitao sam ih kad oni misle da \u0107e Marko igrati, a Jakobu\u0161i\u0107 ka\u017ee: &#8216;Kad se prodaju Biuk ili Ljubi\u010di\u0107.&#8217; Ja mu ka\u017eem: &#8216;Gospodine, Marko i Biuk i Ljubi\u010di\u0107 ne igraju uop\u0107e istu poziciju!&#8217; On se okrene prema Nikoli\u010diusu i pita ga je li to istina. On nije imao pojma koju poziciju igra Marko Brklja\u010da. Rekao sam im da sam do 1. srpnja spreman pregovarati jer \u017eelim da mi sin ostane u Hajduku, a Jakobu\u0161i\u0107 mi je rekao da to ne mo\u017ee tako i da Marko ne\u0107e i\u0107i na pripreme u Portugal i da ne\u0107e igrati ako ne potpi\u0161e ugovor.<\/p>\n\n\n\n<p>Rekao mi je da mora potpisati ugovor prije po\u010detka priprema, a ako to ne napravi, da ne\u0107e vi\u0161e konkurirati ni za juniore i da ne\u0107e igrati. Rekao sam mu da sam spreman pregovarati s Hajdukom do kraja, ali da u trenutku kad to napravi kre\u0107em u pregovore sa svima drugima jer tu vi\u0161e nemam \u0161to tra\u017eiti. Rekao mi je da nije imao problem maknuti Miju Cakta\u0161a pa mu ne\u0107e biti problem ni maknuti nas.&#8221;<\/p>\n\n\n\n<p>Sljede\u0107i sastanak s klubom Brklja\u010dini predstavnici imali su desetak dana prije utakmice juniorske lige prvaka protiv Atletica u velja\u010di. Uprava je na sastanak dovela i dva prvotimca Hajduka koji su do\u0161li kako bi savjetovali Marka i njegove ljude za\u0161to ne bi trebali oti\u0107i s Poljuda jer je za Brklja\u010du postojao ozbiljan interes velikih inozemnih klubova.<\/p>\n\n\n\n<p>Nova Hajdukova ponuda nudila je po\u010detnu pla\u0107u od 20.000 kuna i Brklja\u010dinim ljudima rekli su da takve uvjete ima jo\u0161 jedan igra\u010d koji je blizu prve mom\u010dadi. Ocu Oliveru i agentu Nikoli\u010dius i Jakobu\u0161i\u0107 su rekli da odluku moraju donijeti do utakmice juniora protiv Atletica. Dva dana prije utakmice Olivera je nazvao Mindaugas Nikoli\u010dius.<\/p>\n\n\n\n<h3 class=\"wp-block-heading\">Ili potpis ili otpis<\/h3>\n\n\n\n<p>&#8220;Rekao mi je da Marko ne\u0107e igrati ako ne potpi\u0161e ugovor. Ja sam mu rekao da sam u selu jer mi je majka bolesna. On je pitao da li mogu to ubrzati, a ja sam rekao da ne mogu to sam odlu\u010diti, nego se moram konzultirati s obitelji i s Markom. Ako on pristane, potpisat \u0107u jer je njegova zadnja i ja s tim nemam problem. Nazvao sam Marka i rekao sam mu \u0161to su mi rekli. Pitao sam ga \u017eeli li potpisati za 20 tisu\u0107a, a on je rekao da ne \u017eeli.<\/p>\n\n\n\n<p>Nikoli\u010diusu sam rekao da pri\u010deka nakon utakmice jer sam \u017eelio da je Marko odigra, ali krivo mi je \u0161to sam to napravio jer je bio nikad lo\u0161iji. Nakon utakmice me nazvao Nikoli\u010dius i pitao \u0161to smo odlu\u010dili, a ja sam rekao da ne\u0107emo potpisati. Rekao je &#8216;znao sam&#8217; i rekao mi da Marko vi\u0161e ne konkurira ni za jednu Hajdukovu mom\u010dad&#8221;, ka\u017ee Oliver.<\/p>\n\n\n\n<p>Dan nakon utakmice Nikoli\u010dius je izjavio da su Brklja\u010da i njegovi predstavnici imali nerealne zahtjeve i da Marko Brklja\u010da vi\u0161e nije u planovima Hajduka te da je na ljeto slobodan igra\u010d. To je bio zadnji kontakt nekoga iz Hajduka s Brklja\u010dinim ocem, koji je ostao \u0161okiran onime \u0161to je Hajdukov direktor rekao.<\/p>\n\n\n\n<p>&#8220;Koji nerealni zahtjevi? Netko mo\u017eda misli da sam ja pet milijuna ne\u010dega tra\u017eio. Neka oni slobodno poka\u017eu, kao \u0161to sam ja pokazao vama, \u0161to sam ja tra\u017eio. Dao sam im tri prijedloga, nijedan im nije valjao. Nisu pristali na pla\u0107u od 60.000 kuna mjese\u010dno. Dogovorili bismo se na pola i postotak od transfera, ali ni to im nije pasalo.<\/p>\n\n\n\n<p>Oni su mislili da ja la\u017eem da imam ponude drugih klubova, a najve\u0107i problem u cijeloj pri\u010di bio je \u0161to ja nisam \u017eelio promijeniti Markova menad\u017eera za nekog drugog. Dovode nekog Fossatija od 30 ili koliko godina koji do zadnjeg \u010dasa \u010deka druge ponude pa prihvati Hajdukovu. Za njega imaju novac, a za igra\u010de kao Marko nemaju&#8221;, rekao je Brklja\u010da.<\/p>\n\n\n\n<p>Nakon Nikoli\u010diusove izjave, ka\u017ee Markov otac, krenuo je lin\u010d na njegova sina i obitelj. Hajduk je javno njegova sina otpisao i poru\u010dio mu da na njega vi\u0161e ne ra\u010duna, a Nikoli\u010dius je rekao da je Brklja\u010da imao nerealne zahtjeve.\u00a0Marko je u klupskom restoranu sjedio sam i nitko nije smio sjediti s njim. Za jednim ru\u010dkom dru\u0161tvo mu je pravio jedan djelatnik kluba koji je nakon toga dobio otkaz.<\/p>\n\n\n\n<h3 class=\"wp-block-heading\">Zahtjeve opisali nerealnima pa poslali jo\u0161 ve\u0107u ponudu<\/h3>\n\n\n\n<p>Ni dva tjedna nakon toga, 24. velja\u010de, Hajduk je poslao ponudu novog, znatno bogatijeg ugovora od onoga koji su nazvali nerealnim.&nbsp;Hajduk je po tom novom ugovoru, koji nam je Oliver Brklja\u010da tako\u0111er dao na uvid, Marku nudio 10.000 eura mjese\u010dne pla\u0107e uz eventualni porast u zadnjim godinama ugovora ako igra\u010d ostvari odre\u0111ene ciljeve.<\/p>\n\n\n\n<p>&#8220;Ma, da su ponudili milijun eura, ne bih prihvatio nakon toga \u0161to su napravili. To su poslali samo da se mogu oprati, a o tim ciframa prije nisu uop\u0107e pri\u010dali&#8221;, ka\u017ee Oliver koji u tom trenutku vadi jo\u0161 jedan ugovor koji je Hajduk poslao 14. travnja.<\/p>\n\n\n\n<p>U njemu je identi\u010dna ponuda kao u onom od dva mjeseca ranije iako u tom trenutku vi\u0161e nema nikakve komunikacije izme\u0111u kluba ni bilo koga iz kruga Marka Brklja\u010de. Njegov otac \u010dak je rekao da misli da su taj ugovor ponovno poslali gre\u0161kom. Hajduku na ponudu uop\u0107e nije odgovorio.<\/p>\n\n\n\n<p>&#8220;\u010citavo to vrijeme u Hajduku je i moj drugi sin Luka koji je \u010dlan pionira. Trebali su i\u0107i na turnir u Vukovar i ve\u010der prije puta mu je trener rekao da ga ne smije voditi u Vukovar. Luka dolazi ku\u0107i u suzama, ne mo\u017ee do\u0107i do zraka od suza, ja sam mislio da ga je netko istukao. Kako mo\u017ee\u0161 to re\u0107i djetetu? Valjda nazove\u0161 oca da mu on ka\u017ee. Tom treneru su iz uprave rekli da Luku ne smije voditi na turnir i da ni on vi\u0161e ne smije igrati za Hajdukove pionire jer da ide iz kluba.<\/p>\n\n\n\n<p>Ja sam pitao trenera odakle mu informacija da Luka ide iz Hajduka, a on mi ka\u017ee: &#8216;Pa to smo pretpostavili.&#8217; Dan nakon \u0161to sam isprepadao tog trenera preko telefona, iz kluba \u0161alju pismo Luki, 14-godi\u0161njem djetetu, da na njega ra\u010dunaju i sljede\u0107e godine. Pa kako ih nije sram?&#8221; pri\u010da Oliver i vadi pismo koje je Hajduk poslao njegovu sinu.<\/p>\n\n\n\n<p>Dinamov interes za Brklja\u010du postojao je mjesecima, a kad je postalo jasno da Marko vi\u0161e ne\u0107e igrati u Hajduku, klub je stupio u pregovore s Markovim predstavnicima. S Dinamom, ka\u017ee, puno pregovora nije bilo.<\/p>\n\n\n\n<h3 class=\"wp-block-heading\">S Dinamom dogovor za pet minuta<\/h3>\n\n\n\n<p>&#8220;Ja sam se rodio s Hajdukom, ne postoji osoba koja vi\u0161e voli Hajduk od mene. Nitko ne voli Hajduk vi\u0161e od mene, ali ja svojeg Marka volim vi\u0161e od sto Hajduka.&nbsp;Ja sam svoje dijete sad doveo u Dinamo i to ne\u0107e promijeniti ono \u0161to ja osje\u0107am pa ni ako me 100 Bad Blue Boysa pretu\u010de na ulici. Dinamo sam uvijek po\u0161tovao iako sam hajdukovac. Svom djetetu samo \u017eelim da da sve od sebe i da Dinamu da sve \u0161to mo\u017ee jer mu je Dinamo ponudio sve ono \u0161to mu Hajduk nikad nije ponudio.<\/p>\n\n\n\n<p>Ali napravio je plan i program, gdje ga vidi, na kojoj poziciji, kako vidi njegov razvoj &#8211; sve. Sastanak s Dinamom je trajao pet minuta. Ja sam u jednom trenutku samo pitao ima li kakva garancija. Rekli su da nema, ali da ima to, to i to. To je bilo sve&#8221;, rekao je Brklja\u010da i dodao:<\/p>\n\n\n\n<p>&#8220;Njihov glavni cilj je posva\u0111ati mene i Markova menad\u017eera jer oni ne rade sa svim menad\u017eerima, nego samo s nekima. S njima \u0107e se lako dogovoriti. Ja bih se s onim njihovim suradnikom dogovorio vjerojatno odmah, ali ja s njim nisam \u017eelio imati posla. Ja znam da \u0107e oni sad sve ovo demantirati i re\u0107i da ja la\u017eem. Izjavljivali su da su nam nudili iste uvjete kao Biuku i Ljubi\u010di\u0107u. Rekao sam Nikoli\u010diusu i Jakobu\u0161i\u0107u da mi poka\u017eu crno na bijelo ako je to pla\u0107a koju imaju njih dvojica i ako je tako, potpisat \u0107u odmah.<\/p>\n\n\n\n<p>Govorili su mi da su imali ponudu za Marka od Cityja jo\u0161 prije godinu dana, a ja o tome nisam imao pojma. Kako mi mo\u017ee\u0161 to ne re\u0107i?&nbsp;Ja imam sve dokaze kako su se oni iskalili na djetetu i njegovom bratu od 14 godina koji isto dolazi u Dinamo. Ti ljudi su zvijeri, slobodno to napi\u0161ite. A onima koji su po komentarima pisali sva\u0161ta o meni i mojoj obitelji poru\u010dujem da radim od svoje 18. godine i da nikad nisam bio gladan kruha niti se zadu\u017eivao dok nisam imao posla s Hajdukom.&#8221;<\/p>\n\n\n\n<p>Brklja\u010da nije jedini perspektivni igra\u010d koji je u zadnje vrijeme oti\u0161ao iz Hajduka. Junior Luka Bradari\u0107 raskinuo je ugovor i oti\u0161ao u Istru. Mladi Mate Ivkovi\u0107 oti\u0161ao je u Romu, a Luka Kapulica postao je novi igra\u010d Gorice. Upravo je Gorica bila jedan od klubova koji su bili jako zainteresirani za Marka Brklja\u010du.<\/p>\n\n\n\n<p>&#8220;Svaka \u010dast Gorici koja nam je dala sjajnu ponudu, ali da se ne uvrijede, Dinamo je ipak Dinamo. Na\u010din na koji nam je Gorica pristupila, prezentacija onoga \u0161to nude Marku i uvjeti su bili zaista fenomenalni i nikad ne reci nikad. Do\u0161li su k nama, nudili su Marku \u010dak i garancije i puno bolje uvjete nego Hajduk. Ja se nadam da \u0107e moj sin jednog dana ostvariti svoju i moju veliku \u017eelju i zaigrati za Hajduk, ali ne dok su ovi ljudi u klubu i dok se radi tako kako se radi&#8221;, zaklju\u010dio je Markov otac.<\/p>\n\n\n\n<h3 class=\"wp-block-heading\">Hajduk: Brklja\u010da iznosi stvari koje nemaju veze s istinom<\/h3>\n\n\n\n<p>Povodom ovog intervjua, javili smo se i Hajduku i zatra\u017eili njihovu reakciju. Nakon na\u0161eg upita klub se oglasio priop\u0107enjem kojeg prenosimo u cijelosti:<\/p>\n\n\n\n<p>Na dan zavr\u0161etka pregovora s igra\u010dem Markom&nbsp;Brklja\u010dom&nbsp;i njegovim zastupnicima jasno smo i transparentno iskomunicirali razloge zbog kojih nije do\u0161lo do dogovora izme\u0111u dvije strane.<\/p>\n\n\n\n<p>Degutantne optu\u017ebe koje je njegov otac Oliver&nbsp;Brklja\u010da&nbsp;iznio u dijelu medija nemaju nikakve veze s istinom, HNK Hajduk ne funkcionira na takav na\u010din te ih sa zgra\u017eanjem odbacujemo.&nbsp;<\/p>\n\n\n\n<p>Zbog svega izre\u010denog, prisiljeni smo pokrenuti odgovaraju\u0107e pravne postupke u svrhu za\u0161titite prava i integriteta Kluba, kao i institucije predsjednika te sportskog direktora Kluba.<\/p>\n\n\n\n<p>izvor: index.hr<\/p>\n\n\n\n<p>\u00a0<\/p>\n","protected":false},"excerpt":{"rendered":"<p>MARKO BRKLJA\u010cA trebao je biti budu\u0107nost Hajduka, barem su ga tako do\u017eivljavali Hajdukovi navija\u010di nakon \u0161to ga je ugledni Guardian uvrstio me\u0111u 60 najtalentiranijih klinaca na svijetu. No umjesto da bude jedan od glavnih igra\u010da Hajduka, Brklja\u010da je ovih dana postao igra\u010d Dinama, s kojim je potpisao vi\u0161egodi\u0161nji ugovor nakon \u0161to mu je onaj s [&hellip;]<\/p>\n","protected":false},"author":2,"featured_media":155538,"comment_status":"closed","ping_status":"closed","sticky":false,"template":"","format":"standard","meta":{"h5ap_radio_sources":[],"footnotes":""},"categories":[7],"tags":[],"class_list":["post-155533","post","type-post","status-publish","format-standard","has-post-thumbnail","hentry","category-sport"],"yoast_head":"<!-- This site is optimized with the Yoast SEO plugin v27.5 - https:\/\/yoast.com\/product\/yoast-seo-wordpress\/ -->\n<title>Otac Marka Brklja\u010de: U Hajduku rade zvijeri! Evo koliko su nam nudili za ugovor - RADIO LJUBU\u0160KI<\/title>\n<meta name=\"robots\" content=\"index, follow, max-snippet:-1, max-image-preview:large, max-video-preview:-1\" \/>\n<link rel=\"canonical\" href=\"https:\/\/radioljubuski.ba\/index.php\/2022\/07\/04\/otac-marka-brkljace-u-hajduku-rade-zvijeri-evo-koliko-su-nam-nudili-za-ugovor\/\" \/>\n<meta property=\"og:locale\" content=\"hr_HR\" \/>\n<meta property=\"og:type\" content=\"article\" \/>\n<meta property=\"og:title\" content=\"Otac Marka Brklja\u010de: U Hajduku rade zvijeri! Evo koliko su nam nudili za ugovor - RADIO LJUBU\u0160KI\" \/>\n<meta property=\"og:description\" content=\"MARKO BRKLJA\u010cA trebao je biti budu\u0107nost Hajduka, barem su ga tako do\u017eivljavali Hajdukovi navija\u010di nakon \u0161to ga je ugledni Guardian uvrstio me\u0111u 60 najtalentiranijih klinaca na svijetu. No umjesto da bude jedan od glavnih igra\u010da Hajduka, Brklja\u010da je ovih dana postao igra\u010d Dinama, s kojim je potpisao vi\u0161egodi\u0161nji ugovor nakon \u0161to mu je onaj s [&hellip;]\" \/>\n<meta property=\"og:url\" content=\"https:\/\/radioljubuski.ba\/index.php\/2022\/07\/04\/otac-marka-brkljace-u-hajduku-rade-zvijeri-evo-koliko-su-nam-nudili-za-ugovor\/\" \/>\n<meta property=\"og:site_name\" content=\"RADIO LJUBU\u0160KI\" \/>\n<meta property=\"article:publisher\" content=\"https:\/\/www.facebook.com\/Radiio-Ljubuski-1490835324566332\" \/>\n<meta property=\"article:published_time\" content=\"2022-07-04T07:19:22+00:00\" \/>\n<meta property=\"article:modified_time\" content=\"2022-07-04T07:19:23+00:00\" \/>\n<meta property=\"og:image\" content=\"https:\/\/radioljubuski.ba\/wp-content\/uploads\/2022\/07\/brkljaca.jpg\" \/>\n\t<meta property=\"og:image:width\" content=\"259\" \/>\n\t<meta property=\"og:image:height\" content=\"194\" \/>\n\t<meta property=\"og:image:type\" content=\"image\/jpeg\" \/>\n<meta name=\"author\" content=\"Radio Ljubu\u0161ki\" \/>\n<meta name=\"twitter:card\" content=\"summary_large_image\" \/>\n<meta name=\"twitter:creator\" content=\"@radioljubuski\" \/>\n<meta name=\"twitter:site\" content=\"@radioljubuski\" \/>\n<meta name=\"twitter:label1\" content=\"Napisao\/la\" \/>\n\t<meta name=\"twitter:data1\" content=\"Radio Ljubu\u0161ki\" \/>\n\t<meta name=\"twitter:label2\" content=\"Procijenjeno vrijeme \u010ditanja\" \/>\n\t<meta name=\"twitter:data2\" content=\"17 minuta\" \/>\n<script type=\"application\/ld+json\" class=\"yoast-schema-graph\">{\"@context\":\"https:\\\/\\\/schema.org\",\"@graph\":[{\"@type\":\"Article\",\"@id\":\"https:\\\/\\\/radioljubuski.ba\\\/index.php\\\/2022\\\/07\\\/04\\\/otac-marka-brkljace-u-hajduku-rade-zvijeri-evo-koliko-su-nam-nudili-za-ugovor\\\/#article\",\"isPartOf\":{\"@id\":\"https:\\\/\\\/radioljubuski.ba\\\/index.php\\\/2022\\\/07\\\/04\\\/otac-marka-brkljace-u-hajduku-rade-zvijeri-evo-koliko-su-nam-nudili-za-ugovor\\\/\"},\"author\":{\"name\":\"Radio Ljubu\u0161ki\",\"@id\":\"https:\\\/\\\/radioljubuski.ba\\\/#\\\/schema\\\/person\\\/19fc700381a780f69665d7956c469e3b\"},\"headline\":\"Otac Marka Brklja\u010de: U Hajduku rade zvijeri! Evo koliko su nam nudili za ugovor\",\"datePublished\":\"2022-07-04T07:19:22+00:00\",\"dateModified\":\"2022-07-04T07:19:23+00:00\",\"mainEntityOfPage\":{\"@id\":\"https:\\\/\\\/radioljubuski.ba\\\/index.php\\\/2022\\\/07\\\/04\\\/otac-marka-brkljace-u-hajduku-rade-zvijeri-evo-koliko-su-nam-nudili-za-ugovor\\\/\"},\"wordCount\":4211,\"publisher\":{\"@id\":\"https:\\\/\\\/radioljubuski.ba\\\/#organization\"},\"image\":{\"@id\":\"https:\\\/\\\/radioljubuski.ba\\\/index.php\\\/2022\\\/07\\\/04\\\/otac-marka-brkljace-u-hajduku-rade-zvijeri-evo-koliko-su-nam-nudili-za-ugovor\\\/#primaryimage\"},\"thumbnailUrl\":\"https:\\\/\\\/radioljubuski.ba\\\/wp-content\\\/uploads\\\/2022\\\/07\\\/brkljaca.jpg\",\"articleSection\":[\"\u0160port\"],\"inLanguage\":\"hr\"},{\"@type\":\"WebPage\",\"@id\":\"https:\\\/\\\/radioljubuski.ba\\\/index.php\\\/2022\\\/07\\\/04\\\/otac-marka-brkljace-u-hajduku-rade-zvijeri-evo-koliko-su-nam-nudili-za-ugovor\\\/\",\"url\":\"https:\\\/\\\/radioljubuski.ba\\\/index.php\\\/2022\\\/07\\\/04\\\/otac-marka-brkljace-u-hajduku-rade-zvijeri-evo-koliko-su-nam-nudili-za-ugovor\\\/\",\"name\":\"Otac Marka Brklja\u010de: U Hajduku rade zvijeri! Evo koliko su nam nudili za ugovor - RADIO LJUBU\u0160KI\",\"isPartOf\":{\"@id\":\"https:\\\/\\\/radioljubuski.ba\\\/#website\"},\"primaryImageOfPage\":{\"@id\":\"https:\\\/\\\/radioljubuski.ba\\\/index.php\\\/2022\\\/07\\\/04\\\/otac-marka-brkljace-u-hajduku-rade-zvijeri-evo-koliko-su-nam-nudili-za-ugovor\\\/#primaryimage\"},\"image\":{\"@id\":\"https:\\\/\\\/radioljubuski.ba\\\/index.php\\\/2022\\\/07\\\/04\\\/otac-marka-brkljace-u-hajduku-rade-zvijeri-evo-koliko-su-nam-nudili-za-ugovor\\\/#primaryimage\"},\"thumbnailUrl\":\"https:\\\/\\\/radioljubuski.ba\\\/wp-content\\\/uploads\\\/2022\\\/07\\\/brkljaca.jpg\",\"datePublished\":\"2022-07-04T07:19:22+00:00\",\"dateModified\":\"2022-07-04T07:19:23+00:00\",\"breadcrumb\":{\"@id\":\"https:\\\/\\\/radioljubuski.ba\\\/index.php\\\/2022\\\/07\\\/04\\\/otac-marka-brkljace-u-hajduku-rade-zvijeri-evo-koliko-su-nam-nudili-za-ugovor\\\/#breadcrumb\"},\"inLanguage\":\"hr\",\"potentialAction\":[{\"@type\":\"ReadAction\",\"target\":[\"https:\\\/\\\/radioljubuski.ba\\\/index.php\\\/2022\\\/07\\\/04\\\/otac-marka-brkljace-u-hajduku-rade-zvijeri-evo-koliko-su-nam-nudili-za-ugovor\\\/\"]}]},{\"@type\":\"ImageObject\",\"inLanguage\":\"hr\",\"@id\":\"https:\\\/\\\/radioljubuski.ba\\\/index.php\\\/2022\\\/07\\\/04\\\/otac-marka-brkljace-u-hajduku-rade-zvijeri-evo-koliko-su-nam-nudili-za-ugovor\\\/#primaryimage\",\"url\":\"https:\\\/\\\/radioljubuski.ba\\\/wp-content\\\/uploads\\\/2022\\\/07\\\/brkljaca.jpg\",\"contentUrl\":\"https:\\\/\\\/radioljubuski.ba\\\/wp-content\\\/uploads\\\/2022\\\/07\\\/brkljaca.jpg\",\"width\":259,\"height\":194},{\"@type\":\"BreadcrumbList\",\"@id\":\"https:\\\/\\\/radioljubuski.ba\\\/index.php\\\/2022\\\/07\\\/04\\\/otac-marka-brkljace-u-hajduku-rade-zvijeri-evo-koliko-su-nam-nudili-za-ugovor\\\/#breadcrumb\",\"itemListElement\":[{\"@type\":\"ListItem\",\"position\":1,\"name\":\"Po\u010detna stranica\",\"item\":\"https:\\\/\\\/radioljubuski.ba\\\/\"},{\"@type\":\"ListItem\",\"position\":2,\"name\":\"Otac Marka Brklja\u010de: U Hajduku rade zvijeri! Evo koliko su nam nudili za ugovor\"}]},{\"@type\":\"WebSite\",\"@id\":\"https:\\\/\\\/radioljubuski.ba\\\/#website\",\"url\":\"https:\\\/\\\/radioljubuski.ba\\\/\",\"name\":\"Radio Ljubu\u0161ki\",\"description\":\"Sun\u010dana frekvencija Hercegovine\",\"publisher\":{\"@id\":\"https:\\\/\\\/radioljubuski.ba\\\/#organization\"},\"potentialAction\":[{\"@type\":\"SearchAction\",\"target\":{\"@type\":\"EntryPoint\",\"urlTemplate\":\"https:\\\/\\\/radioljubuski.ba\\\/?s={search_term_string}\"},\"query-input\":{\"@type\":\"PropertyValueSpecification\",\"valueRequired\":true,\"valueName\":\"search_term_string\"}}],\"inLanguage\":\"hr\"},{\"@type\":\"Organization\",\"@id\":\"https:\\\/\\\/radioljubuski.ba\\\/#organization\",\"name\":\"Radio Ljubu\u0161ki\",\"url\":\"https:\\\/\\\/radioljubuski.ba\\\/\",\"logo\":{\"@type\":\"ImageObject\",\"inLanguage\":\"hr\",\"@id\":\"https:\\\/\\\/radioljubuski.ba\\\/#\\\/schema\\\/logo\\\/image\\\/\",\"url\":\"https:\\\/\\\/radioljubuski.ba\\\/wp-content\\\/uploads\\\/2021\\\/02\\\/cropped-Radio_Ljubuski_logo1.jpg\",\"contentUrl\":\"https:\\\/\\\/radioljubuski.ba\\\/wp-content\\\/uploads\\\/2021\\\/02\\\/cropped-Radio_Ljubuski_logo1.jpg\",\"width\":512,\"height\":512,\"caption\":\"Radio Ljubu\u0161ki\"},\"image\":{\"@id\":\"https:\\\/\\\/radioljubuski.ba\\\/#\\\/schema\\\/logo\\\/image\\\/\"},\"sameAs\":[\"https:\\\/\\\/www.facebook.com\\\/Radiio-Ljubuski-1490835324566332\",\"https:\\\/\\\/x.com\\\/radioljubuski\",\"https:\\\/\\\/hr.linkedin.com\\\/company\\\/radio-ljubuski\",\"https:\\\/\\\/www.youtube.com\\\/channel\\\/UCHYaeO_n0Db3tjNGudGpXyw\"]},{\"@type\":\"Person\",\"@id\":\"https:\\\/\\\/radioljubuski.ba\\\/#\\\/schema\\\/person\\\/19fc700381a780f69665d7956c469e3b\",\"name\":\"Radio Ljubu\u0161ki\"}]}<\/script>\n<!-- \/ Yoast SEO plugin. -->","yoast_head_json":{"title":"Otac Marka Brklja\u010de: U Hajduku rade zvijeri! Evo koliko su nam nudili za ugovor - RADIO LJUBU\u0160KI","robots":{"index":"index","follow":"follow","max-snippet":"max-snippet:-1","max-image-preview":"max-image-preview:large","max-video-preview":"max-video-preview:-1"},"canonical":"https:\/\/radioljubuski.ba\/index.php\/2022\/07\/04\/otac-marka-brkljace-u-hajduku-rade-zvijeri-evo-koliko-su-nam-nudili-za-ugovor\/","og_locale":"hr_HR","og_type":"article","og_title":"Otac Marka Brklja\u010de: U Hajduku rade zvijeri! Evo koliko su nam nudili za ugovor - RADIO LJUBU\u0160KI","og_description":"MARKO BRKLJA\u010cA trebao je biti budu\u0107nost Hajduka, barem su ga tako do\u017eivljavali Hajdukovi navija\u010di nakon \u0161to ga je ugledni Guardian uvrstio me\u0111u 60 najtalentiranijih klinaca na svijetu. No umjesto da bude jedan od glavnih igra\u010da Hajduka, Brklja\u010da je ovih dana postao igra\u010d Dinama, s kojim je potpisao vi\u0161egodi\u0161nji ugovor nakon \u0161to mu je onaj s [&hellip;]","og_url":"https:\/\/radioljubuski.ba\/index.php\/2022\/07\/04\/otac-marka-brkljace-u-hajduku-rade-zvijeri-evo-koliko-su-nam-nudili-za-ugovor\/","og_site_name":"RADIO LJUBU\u0160KI","article_publisher":"https:\/\/www.facebook.com\/Radiio-Ljubuski-1490835324566332","article_published_time":"2022-07-04T07:19:22+00:00","article_modified_time":"2022-07-04T07:19:23+00:00","og_image":[{"width":259,"height":194,"url":"https:\/\/radioljubuski.ba\/wp-content\/uploads\/2022\/07\/brkljaca.jpg","type":"image\/jpeg"}],"author":"Radio Ljubu\u0161ki","twitter_card":"summary_large_image","twitter_creator":"@radioljubuski","twitter_site":"@radioljubuski","twitter_misc":{"Napisao\/la":"Radio Ljubu\u0161ki","Procijenjeno vrijeme \u010ditanja":"17 minuta"},"schema":{"@context":"https:\/\/schema.org","@graph":[{"@type":"Article","@id":"https:\/\/radioljubuski.ba\/index.php\/2022\/07\/04\/otac-marka-brkljace-u-hajduku-rade-zvijeri-evo-koliko-su-nam-nudili-za-ugovor\/#article","isPartOf":{"@id":"https:\/\/radioljubuski.ba\/index.php\/2022\/07\/04\/otac-marka-brkljace-u-hajduku-rade-zvijeri-evo-koliko-su-nam-nudili-za-ugovor\/"},"author":{"name":"Radio Ljubu\u0161ki","@id":"https:\/\/radioljubuski.ba\/#\/schema\/person\/19fc700381a780f69665d7956c469e3b"},"headline":"Otac Marka Brklja\u010de: U Hajduku rade zvijeri! Evo koliko su nam nudili za ugovor","datePublished":"2022-07-04T07:19:22+00:00","dateModified":"2022-07-04T07:19:23+00:00","mainEntityOfPage":{"@id":"https:\/\/radioljubuski.ba\/index.php\/2022\/07\/04\/otac-marka-brkljace-u-hajduku-rade-zvijeri-evo-koliko-su-nam-nudili-za-ugovor\/"},"wordCount":4211,"publisher":{"@id":"https:\/\/radioljubuski.ba\/#organization"},"image":{"@id":"https:\/\/radioljubuski.ba\/index.php\/2022\/07\/04\/otac-marka-brkljace-u-hajduku-rade-zvijeri-evo-koliko-su-nam-nudili-za-ugovor\/#primaryimage"},"thumbnailUrl":"https:\/\/radioljubuski.ba\/wp-content\/uploads\/2022\/07\/brkljaca.jpg","articleSection":["\u0160port"],"inLanguage":"hr"},{"@type":"WebPage","@id":"https:\/\/radioljubuski.ba\/index.php\/2022\/07\/04\/otac-marka-brkljace-u-hajduku-rade-zvijeri-evo-koliko-su-nam-nudili-za-ugovor\/","url":"https:\/\/radioljubuski.ba\/index.php\/2022\/07\/04\/otac-marka-brkljace-u-hajduku-rade-zvijeri-evo-koliko-su-nam-nudili-za-ugovor\/","name":"Otac Marka Brklja\u010de: U Hajduku rade zvijeri! Evo koliko su nam nudili za ugovor - RADIO LJUBU\u0160KI","isPartOf":{"@id":"https:\/\/radioljubuski.ba\/#website"},"primaryImageOfPage":{"@id":"https:\/\/radioljubuski.ba\/index.php\/2022\/07\/04\/otac-marka-brkljace-u-hajduku-rade-zvijeri-evo-koliko-su-nam-nudili-za-ugovor\/#primaryimage"},"image":{"@id":"https:\/\/radioljubuski.ba\/index.php\/2022\/07\/04\/otac-marka-brkljace-u-hajduku-rade-zvijeri-evo-koliko-su-nam-nudili-za-ugovor\/#primaryimage"},"thumbnailUrl":"https:\/\/radioljubuski.ba\/wp-content\/uploads\/2022\/07\/brkljaca.jpg","datePublished":"2022-07-04T07:19:22+00:00","dateModified":"2022-07-04T07:19:23+00:00","breadcrumb":{"@id":"https:\/\/radioljubuski.ba\/index.php\/2022\/07\/04\/otac-marka-brkljace-u-hajduku-rade-zvijeri-evo-koliko-su-nam-nudili-za-ugovor\/#breadcrumb"},"inLanguage":"hr","potentialAction":[{"@type":"ReadAction","target":["https:\/\/radioljubuski.ba\/index.php\/2022\/07\/04\/otac-marka-brkljace-u-hajduku-rade-zvijeri-evo-koliko-su-nam-nudili-za-ugovor\/"]}]},{"@type":"ImageObject","inLanguage":"hr","@id":"https:\/\/radioljubuski.ba\/index.php\/2022\/07\/04\/otac-marka-brkljace-u-hajduku-rade-zvijeri-evo-koliko-su-nam-nudili-za-ugovor\/#primaryimage","url":"https:\/\/radioljubuski.ba\/wp-content\/uploads\/2022\/07\/brkljaca.jpg","contentUrl":"https:\/\/radioljubuski.ba\/wp-content\/uploads\/2022\/07\/brkljaca.jpg","width":259,"height":194},{"@type":"BreadcrumbList","@id":"https:\/\/radioljubuski.ba\/index.php\/2022\/07\/04\/otac-marka-brkljace-u-hajduku-rade-zvijeri-evo-koliko-su-nam-nudili-za-ugovor\/#breadcrumb","itemListElement":[{"@type":"ListItem","position":1,"name":"Po\u010detna stranica","item":"https:\/\/radioljubuski.ba\/"},{"@type":"ListItem","position":2,"name":"Otac Marka Brklja\u010de: U Hajduku rade zvijeri! Evo koliko su nam nudili za ugovor"}]},{"@type":"WebSite","@id":"https:\/\/radioljubuski.ba\/#website","url":"https:\/\/radioljubuski.ba\/","name":"Radio Ljubu\u0161ki","description":"Sun\u010dana frekvencija Hercegovine","publisher":{"@id":"https:\/\/radioljubuski.ba\/#organization"},"potentialAction":[{"@type":"SearchAction","target":{"@type":"EntryPoint","urlTemplate":"https:\/\/radioljubuski.ba\/?s={search_term_string}"},"query-input":{"@type":"PropertyValueSpecification","valueRequired":true,"valueName":"search_term_string"}}],"inLanguage":"hr"},{"@type":"Organization","@id":"https:\/\/radioljubuski.ba\/#organization","name":"Radio Ljubu\u0161ki","url":"https:\/\/radioljubuski.ba\/","logo":{"@type":"ImageObject","inLanguage":"hr","@id":"https:\/\/radioljubuski.ba\/#\/schema\/logo\/image\/","url":"https:\/\/radioljubuski.ba\/wp-content\/uploads\/2021\/02\/cropped-Radio_Ljubuski_logo1.jpg","contentUrl":"https:\/\/radioljubuski.ba\/wp-content\/uploads\/2021\/02\/cropped-Radio_Ljubuski_logo1.jpg","width":512,"height":512,"caption":"Radio Ljubu\u0161ki"},"image":{"@id":"https:\/\/radioljubuski.ba\/#\/schema\/logo\/image\/"},"sameAs":["https:\/\/www.facebook.com\/Radiio-Ljubuski-1490835324566332","https:\/\/x.com\/radioljubuski","https:\/\/hr.linkedin.com\/company\/radio-ljubuski","https:\/\/www.youtube.com\/channel\/UCHYaeO_n0Db3tjNGudGpXyw"]},{"@type":"Person","@id":"https:\/\/radioljubuski.ba\/#\/schema\/person\/19fc700381a780f69665d7956c469e3b","name":"Radio Ljubu\u0161ki"}]}},"_links":{"self":[{"href":"https:\/\/radioljubuski.ba\/index.php\/wp-json\/wp\/v2\/posts\/155533","targetHints":{"allow":["GET"]}}],"collection":[{"href":"https:\/\/radioljubuski.ba\/index.php\/wp-json\/wp\/v2\/posts"}],"about":[{"href":"https:\/\/radioljubuski.ba\/index.php\/wp-json\/wp\/v2\/types\/post"}],"author":[{"embeddable":true,"href":"https:\/\/radioljubuski.ba\/index.php\/wp-json\/wp\/v2\/users\/2"}],"replies":[{"embeddable":true,"href":"https:\/\/radioljubuski.ba\/index.php\/wp-json\/wp\/v2\/comments?post=155533"}],"version-history":[{"count":1,"href":"https:\/\/radioljubuski.ba\/index.php\/wp-json\/wp\/v2\/posts\/155533\/revisions"}],"predecessor-version":[{"id":155539,"href":"https:\/\/radioljubuski.ba\/index.php\/wp-json\/wp\/v2\/posts\/155533\/revisions\/155539"}],"wp:featuredmedia":[{"embeddable":true,"href":"https:\/\/radioljubuski.ba\/index.php\/wp-json\/wp\/v2\/media\/155538"}],"wp:attachment":[{"href":"https:\/\/radioljubuski.ba\/index.php\/wp-json\/wp\/v2\/media?parent=155533"}],"wp:term":[{"taxonomy":"category","embeddable":true,"href":"https:\/\/radioljubuski.ba\/index.php\/wp-json\/wp\/v2\/categories?post=155533"},{"taxonomy":"post_tag","embeddable":true,"href":"https:\/\/radioljubuski.ba\/index.php\/wp-json\/wp\/v2\/tags?post=155533"}],"curies":[{"name":"wp","href":"https:\/\/api.w.org\/{rel}","templated":true}]}}