{"id":155537,"date":"2022-07-04T08:19:42","date_gmt":"2022-07-04T07:19:42","guid":{"rendered":"https:\/\/radioljubuski.ba\/?p=155537"},"modified":"2022-07-04T08:19:44","modified_gmt":"2022-07-04T07:19:44","slug":"marko-bosnjak-osvojio-broncani-val-na-festivalu-u-splitu","status":"publish","type":"post","link":"https:\/\/radioljubuski.ba\/index.php\/2022\/07\/04\/marko-bosnjak-osvojio-broncani-val-na-festivalu-u-splitu\/","title":{"rendered":"Marko Bo\u0161njak osvojio bron\u010dani val na festivalu u Splitu"},"content":{"rendered":"\n<h5 class=\"wp-block-heading\">Festival zabavne glazbe Split ili Splitski festival jedan je od najpopularnijih festivala zabavne muzike u Hrvatskoj, a ovogodi\u0161nje 62. izdanje ponovno je privuklo mno\u0161tvo ljubitelja glazbe na splitske Prokurative.<\/h5>\n\n\n\n<p>Na\u0161lo se tu za svakoga pone\u0161to, a svoje favorite publika i \u017eiri su\u00a0birali izme\u0111u 25 novih skladbi\u00a0u izvedbama poznatih pjeva\u010da doma\u0107e glazbene scene, a priliku za osjetiti \u010dari jedne od najljep\u0161ih pozornica dobili su i mladi glazbenici i autori.<\/p>\n\n\n\n<p>U \u010darobnoj glazbenoj ve\u010deri na Prokurativama u\u017eivali su i premijer\u00a0Andrej Plenkovi\u0107\u00a0koji je na festival stigao u dru\u0161tvu ministrice kulture Nine Obuljen Kor\u017einek, pi\u0161e Ve\u010dernji list.<\/p>\n\n\n\n<p>Lorena Bu\u0107an\u00a0bila je najbolja po ukusu stru\u010dnog ocjenjiva\u010dkog suda za svoju izvedbu \u201cJedno bez drugoga \u201d te je time osvojila presti\u017eni\u00a0Zlatni val,\u00a0dok je publika nagradu\u00a0Zlatni galeb\u00a0dodijelila pjesmi \u201cKad se rodi\u0161 usrid Splita\u201d koju je izveo\u00a0Luka Ni\u017eeti\u0107.<\/p>\n\n\n\n<p>Nagrada novinara za najbolju pjesmu festivala pripala je tako\u0111er Loreni Bu\u0107an dok je nagradu za najcjelovitije djelo pripalo\u00a0Ivi Perku\u0161i\u0107u.\u00a0Nagradu za najbolju interpretaciju osvojio je Stjepan Lach za pjesmu \u201cTako nedostaje\u0161\u201d.<\/p>\n\n\n\n<p>Dobitnik Srebrnog vala ove godine je\u00a0Marko Kutli\u0107 s pjesmom \u201cBudi\u0161 me\u201d, dok je Srebrni galeb pripao jo\u0161 jednom Loreni Bu\u0107an za njezinu skladbu \u201cJedno bez drugoga\u201d.<\/p>\n\n\n\n<p>Bron\u010dani galeb dobila je\u00a0Danijela Martinovi\u0107\u00a0za skladbu \u201cFortunata \u201d, a\u00a0bron\u010dani val osvojio je Marko Bo\u0161njak.<\/p>\n\n\n\n<p>Nagradu za pjesmu s najboljim stihovima osvojio je\u00a0Tedi Spalato\u00a0sa stihovima pjesme \u201cMo\u017eda nekog voli\u0161\u201d. Nagrada za najbolju pjesmu festivala koja se bira iz dijaspore osvojila je pjesma\u00a0\u201cVilo moja sva u bilom\u201d, Mladen Grdovi\u0107.<\/p>\n\n\n\n<p>Najboljim debitantom ove godine progla\u0161en je Marko Bo\u0161njak, koji se publici predstavio s pjesmom \u201cPjesma za kraj\u201d, dok je najbolji aran\u017eman imao Mate Grgat s pjesmom\u00a0\u201cDalmatinac zauvik \u201d.<\/p>\n\n\n\n<p>A nagradu za najizvo\u0111eniju pjesmu s pro\u0161logodi\u0161njeg festivala dobili su Cambi, TBF i ST Koke i\u00a0njegova skladba \u201cBambina mia\u201d,\u00a0pi\u0161e Ve\u010dernji list.<\/p>\n\n\n\n<p>Za vrhunski glazbeni do\u017eivljaj\u00a0bili su zadu\u017eeni\u00a0Marko Kutli\u0107 (Budi\u0161 me), Mate Grgat (Dalmatinac zauvik), Danijela Martinovi\u0107 (Fortunata), Lorena Bu\u0107an (Jedno bez drugoga), 4 tenora (Adio ljubavi), Tomislav Brali\u0107 s klapom Intrade (Jo\u0161 bi tija), pro\u0161logodi\u0161nji pobjednik Neno Belan (Jube moja znaj), Luka Ni\u017eeti\u0107 (Kad se rodi\u0161 usrid Splita), Lidija Ba\u010di\u0107 (Lip ka Dalmacija), Tedi Spalato (Mo\u017eda nekog voli\u0161), klapa Ri\u0161pet (Lipo mi je tu), Marko Tolja (Ljubavi promijenit \u0107emo ime), Willy Family (Ludo srce), Goran Karan (Ne da mi pisma), Jasmin Stavros (Ona mi nedostaje), Mjesni odbor (Partenca), Marko Bo\u0161njak (Pjesma za kraj), Ivo Perku\u0161i\u0107 (Sa mnom), Ibrica Jusi\u0107 (Sje\u0107anje), Ivan Ive \u017dupanovi\u0107 (Sve \u0161to trebam), Stjepan Lach (Tako nedostaje\u0161), Mladen Grdovi\u0107 (Vilo moja sva u bilom), Ivana Kova\u010d (Voljeli smo jedno drugo), Ivica Sikiri\u0107 I\u0107o (Za tebe bisere nosim) te Hari Ron\u010devi\u0107 (Zagrli me).<\/p>\n\n\n\n<p>Sve njih, kao i uvijek, pratio je veliki festivalski orkestar kojim su ravnali\u00a0Jo\u0161ko Banov i Ton\u0107i \u0106i\u0107eri\u0107.\u00a0Festivalskim programom i ove su nas godine vodili dobro uhodani duo Doris Pin\u010di\u0107 i Du\u0161ko \u0106urli\u0107.<\/p>\n\n\n\n<p>Kao i uvijek, Direkcija festivala trudila se Spli\u0107anima pru\u017eiti vi\u0161ednevnu zabavu pa je tako cijeli\u00a0\u201cfestivalski \u0161u\u0161ur\u201d\u00a0po\u010deo na Peristilu 23. lipnja solisti\u010dkim koncertom\u00a0Zorice Kond\u017ee\u00a0pod nazivom \u201cVrijeme ljubavi\u201d, a nastavio se na istom mjestu odmah sutradan fantasti\u010dnim koncertom Massima pod nazivom \u201cMali krug velikih ljudi\u201d.<\/p>\n\n\n\n<p>Festivalski \u0161u\u0161ur se potom nastavio 25. lipnja\u00a0na Rivi\u00a0gdje je Boris Novkovi\u0107 sa svojom \u201cNo\u0107nom stra\u017eom\u201d i nezaboravnim hitovima raspjevao i rasplesao sve generacije. Potom je pozornicu sutradan preuzeo\u00a0Disco magic band.<\/p>\n\n\n\n<p>Sve se nastavilo na kraju na Prokurativama ekskluzivnim koncertom otvorenja 1. srpnja gdje je nastupao\u00a0Neno Belan s Fiumensima, a slavili su 25 godina zajedni\u0161tva.<\/p>\n\n\n\n<p>Kao i obi\u010dno, potom je uslijedila ve\u010der retrospective 2. srpnja s izvedbom Tereze Kesovije, a ve\u010der je nazvana\u00a0\u201cProkurative, moja prva ljubav\u201d.\u00a0<\/p>\n\n\n\n<p>Izvor<a href=\"https:\/\/www.jabuka.tv\/marko-bosnjak-osvojio-broncani-val-na-festivalu-u-splitu\/\">: Jabuka.tv<\/a><\/p>\n","protected":false},"excerpt":{"rendered":"<p>Festival zabavne glazbe Split ili Splitski festival jedan je od najpopularnijih festivala zabavne muzike u Hrvatskoj, a ovogodi\u0161nje 62. izdanje ponovno je privuklo mno\u0161tvo ljubitelja glazbe na splitske Prokurative. Na\u0161lo se tu za svakoga pone\u0161to, a svoje favorite publika i \u017eiri su\u00a0birali izme\u0111u 25 novih skladbi\u00a0u izvedbama poznatih pjeva\u010da doma\u0107e glazbene scene, a priliku za [&hellip;]<\/p>\n","protected":false},"author":2,"featured_media":155541,"comment_status":"closed","ping_status":"closed","sticky":false,"template":"","format":"standard","meta":{"h5ap_radio_sources":[],"footnotes":""},"categories":[1],"tags":[],"class_list":["post-155537","post","type-post","status-publish","format-standard","has-post-thumbnail","hentry","category-bihiregija"],"yoast_head":"<!-- This site is optimized with the Yoast SEO plugin v27.5 - https:\/\/yoast.com\/product\/yoast-seo-wordpress\/ -->\n<title>Marko Bo\u0161njak osvojio bron\u010dani val na festivalu u Splitu - RADIO LJUBU\u0160KI<\/title>\n<meta name=\"robots\" content=\"index, follow, max-snippet:-1, max-image-preview:large, max-video-preview:-1\" \/>\n<link rel=\"canonical\" href=\"https:\/\/radioljubuski.ba\/index.php\/2022\/07\/04\/marko-bosnjak-osvojio-broncani-val-na-festivalu-u-splitu\/\" \/>\n<meta property=\"og:locale\" content=\"hr_HR\" \/>\n<meta property=\"og:type\" content=\"article\" \/>\n<meta property=\"og:title\" content=\"Marko Bo\u0161njak osvojio bron\u010dani val na festivalu u Splitu - RADIO LJUBU\u0160KI\" \/>\n<meta property=\"og:description\" content=\"Festival zabavne glazbe Split ili Splitski festival jedan je od najpopularnijih festivala zabavne muzike u Hrvatskoj, a ovogodi\u0161nje 62. izdanje ponovno je privuklo mno\u0161tvo ljubitelja glazbe na splitske Prokurative. Na\u0161lo se tu za svakoga pone\u0161to, a svoje favorite publika i \u017eiri su\u00a0birali izme\u0111u 25 novih skladbi\u00a0u izvedbama poznatih pjeva\u010da doma\u0107e glazbene scene, a priliku za [&hellip;]\" \/>\n<meta property=\"og:url\" content=\"https:\/\/radioljubuski.ba\/index.php\/2022\/07\/04\/marko-bosnjak-osvojio-broncani-val-na-festivalu-u-splitu\/\" \/>\n<meta property=\"og:site_name\" content=\"RADIO LJUBU\u0160KI\" \/>\n<meta property=\"article:publisher\" content=\"https:\/\/www.facebook.com\/Radiio-Ljubuski-1490835324566332\" \/>\n<meta property=\"article:published_time\" content=\"2022-07-04T07:19:42+00:00\" \/>\n<meta property=\"article:modified_time\" content=\"2022-07-04T07:19:44+00:00\" \/>\n<meta property=\"og:image\" content=\"https:\/\/radioljubuski.ba\/wp-content\/uploads\/2022\/07\/marko-bosnjak-splitski-festival.jpg\" \/>\n\t<meta property=\"og:image:width\" content=\"810\" \/>\n\t<meta property=\"og:image:height\" content=\"529\" \/>\n\t<meta property=\"og:image:type\" content=\"image\/jpeg\" \/>\n<meta name=\"author\" content=\"Radio Ljubu\u0161ki\" \/>\n<meta name=\"twitter:card\" content=\"summary_large_image\" \/>\n<meta name=\"twitter:creator\" content=\"@radioljubuski\" \/>\n<meta name=\"twitter:site\" content=\"@radioljubuski\" \/>\n<meta name=\"twitter:label1\" content=\"Napisao\/la\" \/>\n\t<meta name=\"twitter:data1\" content=\"Radio Ljubu\u0161ki\" \/>\n\t<meta name=\"twitter:label2\" content=\"Procijenjeno vrijeme \u010ditanja\" \/>\n\t<meta name=\"twitter:data2\" content=\"3 minute\" \/>\n<script type=\"application\/ld+json\" class=\"yoast-schema-graph\">{\"@context\":\"https:\\\/\\\/schema.org\",\"@graph\":[{\"@type\":\"Article\",\"@id\":\"https:\\\/\\\/radioljubuski.ba\\\/index.php\\\/2022\\\/07\\\/04\\\/marko-bosnjak-osvojio-broncani-val-na-festivalu-u-splitu\\\/#article\",\"isPartOf\":{\"@id\":\"https:\\\/\\\/radioljubuski.ba\\\/index.php\\\/2022\\\/07\\\/04\\\/marko-bosnjak-osvojio-broncani-val-na-festivalu-u-splitu\\\/\"},\"author\":{\"name\":\"Radio Ljubu\u0161ki\",\"@id\":\"https:\\\/\\\/radioljubuski.ba\\\/#\\\/schema\\\/person\\\/19fc700381a780f69665d7956c469e3b\"},\"headline\":\"Marko Bo\u0161njak osvojio bron\u010dani val na festivalu u Splitu\",\"datePublished\":\"2022-07-04T07:19:42+00:00\",\"dateModified\":\"2022-07-04T07:19:44+00:00\",\"mainEntityOfPage\":{\"@id\":\"https:\\\/\\\/radioljubuski.ba\\\/index.php\\\/2022\\\/07\\\/04\\\/marko-bosnjak-osvojio-broncani-val-na-festivalu-u-splitu\\\/\"},\"wordCount\":673,\"publisher\":{\"@id\":\"https:\\\/\\\/radioljubuski.ba\\\/#organization\"},\"image\":{\"@id\":\"https:\\\/\\\/radioljubuski.ba\\\/index.php\\\/2022\\\/07\\\/04\\\/marko-bosnjak-osvojio-broncani-val-na-festivalu-u-splitu\\\/#primaryimage\"},\"thumbnailUrl\":\"https:\\\/\\\/radioljubuski.ba\\\/wp-content\\\/uploads\\\/2022\\\/07\\\/marko-bosnjak-splitski-festival.jpg\",\"articleSection\":[\"BIH i regija\"],\"inLanguage\":\"hr\"},{\"@type\":\"WebPage\",\"@id\":\"https:\\\/\\\/radioljubuski.ba\\\/index.php\\\/2022\\\/07\\\/04\\\/marko-bosnjak-osvojio-broncani-val-na-festivalu-u-splitu\\\/\",\"url\":\"https:\\\/\\\/radioljubuski.ba\\\/index.php\\\/2022\\\/07\\\/04\\\/marko-bosnjak-osvojio-broncani-val-na-festivalu-u-splitu\\\/\",\"name\":\"Marko Bo\u0161njak osvojio bron\u010dani val na festivalu u Splitu - RADIO LJUBU\u0160KI\",\"isPartOf\":{\"@id\":\"https:\\\/\\\/radioljubuski.ba\\\/#website\"},\"primaryImageOfPage\":{\"@id\":\"https:\\\/\\\/radioljubuski.ba\\\/index.php\\\/2022\\\/07\\\/04\\\/marko-bosnjak-osvojio-broncani-val-na-festivalu-u-splitu\\\/#primaryimage\"},\"image\":{\"@id\":\"https:\\\/\\\/radioljubuski.ba\\\/index.php\\\/2022\\\/07\\\/04\\\/marko-bosnjak-osvojio-broncani-val-na-festivalu-u-splitu\\\/#primaryimage\"},\"thumbnailUrl\":\"https:\\\/\\\/radioljubuski.ba\\\/wp-content\\\/uploads\\\/2022\\\/07\\\/marko-bosnjak-splitski-festival.jpg\",\"datePublished\":\"2022-07-04T07:19:42+00:00\",\"dateModified\":\"2022-07-04T07:19:44+00:00\",\"breadcrumb\":{\"@id\":\"https:\\\/\\\/radioljubuski.ba\\\/index.php\\\/2022\\\/07\\\/04\\\/marko-bosnjak-osvojio-broncani-val-na-festivalu-u-splitu\\\/#breadcrumb\"},\"inLanguage\":\"hr\",\"potentialAction\":[{\"@type\":\"ReadAction\",\"target\":[\"https:\\\/\\\/radioljubuski.ba\\\/index.php\\\/2022\\\/07\\\/04\\\/marko-bosnjak-osvojio-broncani-val-na-festivalu-u-splitu\\\/\"]}]},{\"@type\":\"ImageObject\",\"inLanguage\":\"hr\",\"@id\":\"https:\\\/\\\/radioljubuski.ba\\\/index.php\\\/2022\\\/07\\\/04\\\/marko-bosnjak-osvojio-broncani-val-na-festivalu-u-splitu\\\/#primaryimage\",\"url\":\"https:\\\/\\\/radioljubuski.ba\\\/wp-content\\\/uploads\\\/2022\\\/07\\\/marko-bosnjak-splitski-festival.jpg\",\"contentUrl\":\"https:\\\/\\\/radioljubuski.ba\\\/wp-content\\\/uploads\\\/2022\\\/07\\\/marko-bosnjak-splitski-festival.jpg\",\"width\":810,\"height\":529},{\"@type\":\"BreadcrumbList\",\"@id\":\"https:\\\/\\\/radioljubuski.ba\\\/index.php\\\/2022\\\/07\\\/04\\\/marko-bosnjak-osvojio-broncani-val-na-festivalu-u-splitu\\\/#breadcrumb\",\"itemListElement\":[{\"@type\":\"ListItem\",\"position\":1,\"name\":\"Po\u010detna stranica\",\"item\":\"https:\\\/\\\/radioljubuski.ba\\\/\"},{\"@type\":\"ListItem\",\"position\":2,\"name\":\"Marko Bo\u0161njak osvojio bron\u010dani val na festivalu u Splitu\"}]},{\"@type\":\"WebSite\",\"@id\":\"https:\\\/\\\/radioljubuski.ba\\\/#website\",\"url\":\"https:\\\/\\\/radioljubuski.ba\\\/\",\"name\":\"Radio Ljubu\u0161ki\",\"description\":\"Sun\u010dana frekvencija Hercegovine\",\"publisher\":{\"@id\":\"https:\\\/\\\/radioljubuski.ba\\\/#organization\"},\"potentialAction\":[{\"@type\":\"SearchAction\",\"target\":{\"@type\":\"EntryPoint\",\"urlTemplate\":\"https:\\\/\\\/radioljubuski.ba\\\/?s={search_term_string}\"},\"query-input\":{\"@type\":\"PropertyValueSpecification\",\"valueRequired\":true,\"valueName\":\"search_term_string\"}}],\"inLanguage\":\"hr\"},{\"@type\":\"Organization\",\"@id\":\"https:\\\/\\\/radioljubuski.ba\\\/#organization\",\"name\":\"Radio Ljubu\u0161ki\",\"url\":\"https:\\\/\\\/radioljubuski.ba\\\/\",\"logo\":{\"@type\":\"ImageObject\",\"inLanguage\":\"hr\",\"@id\":\"https:\\\/\\\/radioljubuski.ba\\\/#\\\/schema\\\/logo\\\/image\\\/\",\"url\":\"https:\\\/\\\/radioljubuski.ba\\\/wp-content\\\/uploads\\\/2021\\\/02\\\/cropped-Radio_Ljubuski_logo1.jpg\",\"contentUrl\":\"https:\\\/\\\/radioljubuski.ba\\\/wp-content\\\/uploads\\\/2021\\\/02\\\/cropped-Radio_Ljubuski_logo1.jpg\",\"width\":512,\"height\":512,\"caption\":\"Radio Ljubu\u0161ki\"},\"image\":{\"@id\":\"https:\\\/\\\/radioljubuski.ba\\\/#\\\/schema\\\/logo\\\/image\\\/\"},\"sameAs\":[\"https:\\\/\\\/www.facebook.com\\\/Radiio-Ljubuski-1490835324566332\",\"https:\\\/\\\/x.com\\\/radioljubuski\",\"https:\\\/\\\/hr.linkedin.com\\\/company\\\/radio-ljubuski\",\"https:\\\/\\\/www.youtube.com\\\/channel\\\/UCHYaeO_n0Db3tjNGudGpXyw\"]},{\"@type\":\"Person\",\"@id\":\"https:\\\/\\\/radioljubuski.ba\\\/#\\\/schema\\\/person\\\/19fc700381a780f69665d7956c469e3b\",\"name\":\"Radio Ljubu\u0161ki\"}]}<\/script>\n<!-- \/ Yoast SEO plugin. -->","yoast_head_json":{"title":"Marko Bo\u0161njak osvojio bron\u010dani val na festivalu u Splitu - RADIO LJUBU\u0160KI","robots":{"index":"index","follow":"follow","max-snippet":"max-snippet:-1","max-image-preview":"max-image-preview:large","max-video-preview":"max-video-preview:-1"},"canonical":"https:\/\/radioljubuski.ba\/index.php\/2022\/07\/04\/marko-bosnjak-osvojio-broncani-val-na-festivalu-u-splitu\/","og_locale":"hr_HR","og_type":"article","og_title":"Marko Bo\u0161njak osvojio bron\u010dani val na festivalu u Splitu - RADIO LJUBU\u0160KI","og_description":"Festival zabavne glazbe Split ili Splitski festival jedan je od najpopularnijih festivala zabavne muzike u Hrvatskoj, a ovogodi\u0161nje 62. izdanje ponovno je privuklo mno\u0161tvo ljubitelja glazbe na splitske Prokurative. Na\u0161lo se tu za svakoga pone\u0161to, a svoje favorite publika i \u017eiri su\u00a0birali izme\u0111u 25 novih skladbi\u00a0u izvedbama poznatih pjeva\u010da doma\u0107e glazbene scene, a priliku za [&hellip;]","og_url":"https:\/\/radioljubuski.ba\/index.php\/2022\/07\/04\/marko-bosnjak-osvojio-broncani-val-na-festivalu-u-splitu\/","og_site_name":"RADIO LJUBU\u0160KI","article_publisher":"https:\/\/www.facebook.com\/Radiio-Ljubuski-1490835324566332","article_published_time":"2022-07-04T07:19:42+00:00","article_modified_time":"2022-07-04T07:19:44+00:00","og_image":[{"width":810,"height":529,"url":"https:\/\/radioljubuski.ba\/wp-content\/uploads\/2022\/07\/marko-bosnjak-splitski-festival.jpg","type":"image\/jpeg"}],"author":"Radio Ljubu\u0161ki","twitter_card":"summary_large_image","twitter_creator":"@radioljubuski","twitter_site":"@radioljubuski","twitter_misc":{"Napisao\/la":"Radio Ljubu\u0161ki","Procijenjeno vrijeme \u010ditanja":"3 minute"},"schema":{"@context":"https:\/\/schema.org","@graph":[{"@type":"Article","@id":"https:\/\/radioljubuski.ba\/index.php\/2022\/07\/04\/marko-bosnjak-osvojio-broncani-val-na-festivalu-u-splitu\/#article","isPartOf":{"@id":"https:\/\/radioljubuski.ba\/index.php\/2022\/07\/04\/marko-bosnjak-osvojio-broncani-val-na-festivalu-u-splitu\/"},"author":{"name":"Radio Ljubu\u0161ki","@id":"https:\/\/radioljubuski.ba\/#\/schema\/person\/19fc700381a780f69665d7956c469e3b"},"headline":"Marko Bo\u0161njak osvojio bron\u010dani val na festivalu u Splitu","datePublished":"2022-07-04T07:19:42+00:00","dateModified":"2022-07-04T07:19:44+00:00","mainEntityOfPage":{"@id":"https:\/\/radioljubuski.ba\/index.php\/2022\/07\/04\/marko-bosnjak-osvojio-broncani-val-na-festivalu-u-splitu\/"},"wordCount":673,"publisher":{"@id":"https:\/\/radioljubuski.ba\/#organization"},"image":{"@id":"https:\/\/radioljubuski.ba\/index.php\/2022\/07\/04\/marko-bosnjak-osvojio-broncani-val-na-festivalu-u-splitu\/#primaryimage"},"thumbnailUrl":"https:\/\/radioljubuski.ba\/wp-content\/uploads\/2022\/07\/marko-bosnjak-splitski-festival.jpg","articleSection":["BIH i regija"],"inLanguage":"hr"},{"@type":"WebPage","@id":"https:\/\/radioljubuski.ba\/index.php\/2022\/07\/04\/marko-bosnjak-osvojio-broncani-val-na-festivalu-u-splitu\/","url":"https:\/\/radioljubuski.ba\/index.php\/2022\/07\/04\/marko-bosnjak-osvojio-broncani-val-na-festivalu-u-splitu\/","name":"Marko Bo\u0161njak osvojio bron\u010dani val na festivalu u Splitu - RADIO LJUBU\u0160KI","isPartOf":{"@id":"https:\/\/radioljubuski.ba\/#website"},"primaryImageOfPage":{"@id":"https:\/\/radioljubuski.ba\/index.php\/2022\/07\/04\/marko-bosnjak-osvojio-broncani-val-na-festivalu-u-splitu\/#primaryimage"},"image":{"@id":"https:\/\/radioljubuski.ba\/index.php\/2022\/07\/04\/marko-bosnjak-osvojio-broncani-val-na-festivalu-u-splitu\/#primaryimage"},"thumbnailUrl":"https:\/\/radioljubuski.ba\/wp-content\/uploads\/2022\/07\/marko-bosnjak-splitski-festival.jpg","datePublished":"2022-07-04T07:19:42+00:00","dateModified":"2022-07-04T07:19:44+00:00","breadcrumb":{"@id":"https:\/\/radioljubuski.ba\/index.php\/2022\/07\/04\/marko-bosnjak-osvojio-broncani-val-na-festivalu-u-splitu\/#breadcrumb"},"inLanguage":"hr","potentialAction":[{"@type":"ReadAction","target":["https:\/\/radioljubuski.ba\/index.php\/2022\/07\/04\/marko-bosnjak-osvojio-broncani-val-na-festivalu-u-splitu\/"]}]},{"@type":"ImageObject","inLanguage":"hr","@id":"https:\/\/radioljubuski.ba\/index.php\/2022\/07\/04\/marko-bosnjak-osvojio-broncani-val-na-festivalu-u-splitu\/#primaryimage","url":"https:\/\/radioljubuski.ba\/wp-content\/uploads\/2022\/07\/marko-bosnjak-splitski-festival.jpg","contentUrl":"https:\/\/radioljubuski.ba\/wp-content\/uploads\/2022\/07\/marko-bosnjak-splitski-festival.jpg","width":810,"height":529},{"@type":"BreadcrumbList","@id":"https:\/\/radioljubuski.ba\/index.php\/2022\/07\/04\/marko-bosnjak-osvojio-broncani-val-na-festivalu-u-splitu\/#breadcrumb","itemListElement":[{"@type":"ListItem","position":1,"name":"Po\u010detna stranica","item":"https:\/\/radioljubuski.ba\/"},{"@type":"ListItem","position":2,"name":"Marko Bo\u0161njak osvojio bron\u010dani val na festivalu u Splitu"}]},{"@type":"WebSite","@id":"https:\/\/radioljubuski.ba\/#website","url":"https:\/\/radioljubuski.ba\/","name":"Radio Ljubu\u0161ki","description":"Sun\u010dana frekvencija Hercegovine","publisher":{"@id":"https:\/\/radioljubuski.ba\/#organization"},"potentialAction":[{"@type":"SearchAction","target":{"@type":"EntryPoint","urlTemplate":"https:\/\/radioljubuski.ba\/?s={search_term_string}"},"query-input":{"@type":"PropertyValueSpecification","valueRequired":true,"valueName":"search_term_string"}}],"inLanguage":"hr"},{"@type":"Organization","@id":"https:\/\/radioljubuski.ba\/#organization","name":"Radio Ljubu\u0161ki","url":"https:\/\/radioljubuski.ba\/","logo":{"@type":"ImageObject","inLanguage":"hr","@id":"https:\/\/radioljubuski.ba\/#\/schema\/logo\/image\/","url":"https:\/\/radioljubuski.ba\/wp-content\/uploads\/2021\/02\/cropped-Radio_Ljubuski_logo1.jpg","contentUrl":"https:\/\/radioljubuski.ba\/wp-content\/uploads\/2021\/02\/cropped-Radio_Ljubuski_logo1.jpg","width":512,"height":512,"caption":"Radio Ljubu\u0161ki"},"image":{"@id":"https:\/\/radioljubuski.ba\/#\/schema\/logo\/image\/"},"sameAs":["https:\/\/www.facebook.com\/Radiio-Ljubuski-1490835324566332","https:\/\/x.com\/radioljubuski","https:\/\/hr.linkedin.com\/company\/radio-ljubuski","https:\/\/www.youtube.com\/channel\/UCHYaeO_n0Db3tjNGudGpXyw"]},{"@type":"Person","@id":"https:\/\/radioljubuski.ba\/#\/schema\/person\/19fc700381a780f69665d7956c469e3b","name":"Radio Ljubu\u0161ki"}]}},"_links":{"self":[{"href":"https:\/\/radioljubuski.ba\/index.php\/wp-json\/wp\/v2\/posts\/155537","targetHints":{"allow":["GET"]}}],"collection":[{"href":"https:\/\/radioljubuski.ba\/index.php\/wp-json\/wp\/v2\/posts"}],"about":[{"href":"https:\/\/radioljubuski.ba\/index.php\/wp-json\/wp\/v2\/types\/post"}],"author":[{"embeddable":true,"href":"https:\/\/radioljubuski.ba\/index.php\/wp-json\/wp\/v2\/users\/2"}],"replies":[{"embeddable":true,"href":"https:\/\/radioljubuski.ba\/index.php\/wp-json\/wp\/v2\/comments?post=155537"}],"version-history":[{"count":1,"href":"https:\/\/radioljubuski.ba\/index.php\/wp-json\/wp\/v2\/posts\/155537\/revisions"}],"predecessor-version":[{"id":155542,"href":"https:\/\/radioljubuski.ba\/index.php\/wp-json\/wp\/v2\/posts\/155537\/revisions\/155542"}],"wp:featuredmedia":[{"embeddable":true,"href":"https:\/\/radioljubuski.ba\/index.php\/wp-json\/wp\/v2\/media\/155541"}],"wp:attachment":[{"href":"https:\/\/radioljubuski.ba\/index.php\/wp-json\/wp\/v2\/media?parent=155537"}],"wp:term":[{"taxonomy":"category","embeddable":true,"href":"https:\/\/radioljubuski.ba\/index.php\/wp-json\/wp\/v2\/categories?post=155537"},{"taxonomy":"post_tag","embeddable":true,"href":"https:\/\/radioljubuski.ba\/index.php\/wp-json\/wp\/v2\/tags?post=155537"}],"curies":[{"name":"wp","href":"https:\/\/api.w.org\/{rel}","templated":true}]}}