{"id":155543,"date":"2022-07-04T08:24:51","date_gmt":"2022-07-04T07:24:51","guid":{"rendered":"https:\/\/radioljubuski.ba\/?p=155543"},"modified":"2022-07-04T08:24:52","modified_gmt":"2022-07-04T07:24:52","slug":"hrvatska-u-drami-ostala-bez-plasmana-u-drugi-krug","status":"publish","type":"post","link":"https:\/\/radioljubuski.ba\/index.php\/2022\/07\/04\/hrvatska-u-drami-ostala-bez-plasmana-u-drugi-krug\/","title":{"rendered":"Hrvatska u drami ostala bez plasmana u drugi krug"},"content":{"rendered":"\n<p>Hrvatski ko\u0161arka\u0161i pora\u017eeni su od Finske sa 79-81 (17-21, 17-22, 27-17, 18-21) u utakmici posljednjeg kola skupine C prvog kruga europskih kvalifikacija za Svjetsko prvenstvo 2023., odigranoj u nedjelju u rije\u010dkoj dvorani Zamet, i tako su ostali bez plasmana u drugi krug.<\/p>\n\n\n\n<p>Hrvatska je te\u0161ko mogla lo\u0161ije otvoriti utakmicu.&nbsp;<strong>Bojan Bogdanovi\u0107&nbsp;<\/strong>je proma\u0161io dva slobodna bacanja i imao izgubljenu loptu,&nbsp;<strong>Mario Hezonja<\/strong>&nbsp;je proma\u0161io prva tri \u0161uta, a jedini ko\u0161, jo\u0161 u prvoj minuti, do\u0161ao je kao plod skoka u napadu&nbsp;<strong>Ivice Zubca<\/strong>.&nbsp;Finci su nakon toga ubacili 14 poena zaredom.&nbsp;<strong>Lauri Markkanen<\/strong>&nbsp;je pogodio dvije trice,&nbsp;<strong>Sasu Salin<\/strong>&nbsp;i&nbsp;<strong>Alexander Madsen<\/strong>&nbsp;po jednu. Markkanen je pritom bio i glavni kreator s dvije asistencije.<\/p>\n\n\n\n<p>Ulaskom\u00a0<strong>Tonija Perkovi\u0107a\u00a0<\/strong>umjesto Hezonje Hrvatska je dobila jednog raspolo\u017eenog \u0161utera koji je pogodio svoja prva dva \u0161uta za tricu, jedini kojemu je to uspjelo od izabranika\u00a0<strong>Damira\u00a0Mulaomerovi\u0107a\u00a0<\/strong>u prvoj \u010detvrtini. Takti\u010dko prilago\u0111avanje \u0161uterski raspolo\u017eenim Fincima o\u010ditovalo se u zamjeni Zubca\u00a0<strong>Draganom Benderom<\/strong>, \u0161to je donijelo rezultata, jer Markkanen vi\u0161e nije bio produktivan.<\/p>\n\n\n\n<p>No, Finska je i nakon sedam minuta igre jo\u0161 uvijek bila u dvoznamenkastoj prednosti (19-8). Do kraja \u010detvrtine Hrvatska je napravila 9-2 i nakon 10 minuta imala pristojna \u010detiri ko\u0161a zaostatka (17-21) s obzirom na otvaranje dvoboja.<br><br>Na\u017ealost, druga \u010detvrtina nije donijela pomak na bolje u igri hrvatske reprezentacije. Napadi su se previ\u0161e svodili na pojedina\u010dne poku\u0161aje, \u0161to je ve\u0107inom donosilo \u0161uteve iz te\u0161kih situacija, a samim time i proma\u0161aje. Finci su kontrolirali skok i koristili svaku priliku za lake ko\u0161eve iz kontranapada. Od 23-27 u 14. minuti na\u0161i su ko\u0161arka\u0161i dopustili Fincima seriju 8-0 kojom su gosti ponovno do\u0161li do +12 (35-23) u 16. minuti.<\/p>\n\n\n\n<p>Ponajvi\u0161e zahvaljuju\u0107i Ivici Zubcu Hrvatska se jo\u0161 jednom vratila na jednoznamenkasti zaostatak. Zubac je poga\u0111ao, skakao, asistirao i blokirao. Hezonja je pripomogao jednom realiziranom kontrom i te\u0161kim \u0161utom iz okreta za 32-36 minutu i pol prije kraja poluvremena.<\/p>\n\n\n\n<p>Problem je bio \u0161to je do tog trenutka hrvatska reprezentacija napravila ukupno pet osobnih pogre\u0161aka. Mekana i spora hrvatska obrana nije znala kako zaustaviti rastr\u010dane i raspucane Fince, \u0161to je do\u0161lo na naplatu i u zavr\u0161nici druge \u010detvrtine. Markkanen se jo\u0161 jednom ukazao i pogodio svoju tre\u0107u tricu, a&nbsp;<strong>Madsen&nbsp;<\/strong>zakucao u polukontri za +9 (41-32). S tom je predno\u0161\u0107u Finska u\u0161la u drugo poluvrijeme (43-34).<\/p>\n\n\n\n<p>U prvom poluvremenu Finci su imali sedam \u0161uteva vi\u0161e, ispucali su \u010dak 23 trice i pogodili \u0161est. Hrvatska je za tricu ga\u0111ala 2\/11. Glavna razlika je nastala u \u0161utu za dvicu: Finci su ga\u0111ali 12\/19, a Hrvati 10\/24.<\/p>\n\n\n\n<p>Iako su Finci na po\u010detku drugog poluvremena opet do\u0161li do dvoznamenkaste prednosti (45-34), tre\u0107a \u010detvrtina je donijela veliki preokret u energiji koju su hrvatski ko\u0161arka\u0161i donijeli na parket. Samo zahvaljuju\u0107i te\u0161kim tricama\u00a0<strong>Madsena\u00a0<\/strong>i\u00a0<strong>Salina\u00a0<\/strong>gostuju\u0107a reprezentacija je u 25. minuti jo\u0161 uvijek bila na +10 (57-47).<\/p>\n\n\n\n<p>No, tada je uslijedilo vi\u0161e od pet minuta u kojima je Hrvatska izgledala sjajno. Obrana je bila \u010dvrsta i pokretljiva, a u napadu su hrvatski ko\u0161arka\u0161i bili rastr\u010dani i raspucani. Petorka u kojoj su uz Zubca i Bogdanovi\u0107a bila&nbsp;<strong>Gnjidi\u0107<\/strong>,&nbsp;<strong>Prka\u010din&nbsp;<\/strong>i&nbsp;<strong>Perkovi\u0107&nbsp;<\/strong>napravila je 11-0 i donijela Hrvatskoj prvo vodstvo nakon po\u010detnih 2-0. Prednost je u zadnjoj minuti na +4 podigao Mario Hezonja pogodiv\u0161i tricu za 61-57. Na\u017ealost, euforiju je sa zvukom sirene za kraj \u010detvrtine smirio&nbsp;<strong>Miro&nbsp;<\/strong><strong>Little&nbsp;<\/strong>pogodiv\u0161i tricu za 61-60.<\/p>\n\n\n\n<p>Te\u0161ki uvjeti za igranje, velika sparina u dvorani, i nakupljeni umor igra\u010da rezultirao je manjim brojem ko\u0161eva u zadnjoj \u010detvrtini, tako da se kapital od pet ko\u0161eva (72-67), koji je Hrvatska stekla za zadnje \u010detiri minute, kad je Bogdanovi\u0107 pogodio tri slobodna bacanja, \u010dinio ve\u0107im nego \u0161to je to doista i bio.<\/p>\n\n\n\n<p>Ono \u0161to je ulijevalo optimizam bila je obrana hrvatskih ko\u0161arka\u0161a koja suparnicima vi\u0161e nije dopu\u0161tala lagane ko\u0161eve. Na 2:49 minuta prije kraja Zubac je hrabro u\u0161ao u Markkanena, pogodio horok i dodatno slobodno bacanje za 76-70, a 50 sekundi poslije, nakon skoka u napadu, donio je jo\u0161 jednim horokom +8 (78-70).<\/p>\n\n\n\n<p>Na ulazu u posljednju minutu&nbsp;<strong>Lovro Gnjidi\u0107<\/strong>&nbsp;je kod 78-73 iskusno izborio dva bacanja na isteku napada, ali je oba proma\u0161io, da bi Finci odmah dobili dva bacanja na drugoj strani. Za razliku od Gnjidi\u0107a,&nbsp;<strong>Elias&nbsp;<\/strong><strong>Valtonen&nbsp;<\/strong>je pogodio oba i smanjio na 78-75, kad su do kraja ostalo 52 sekunde.<\/p>\n\n\n\n<p>Salinova nesportska osobna na centru odvela je Bogdanovi\u0107a na crtu 44 sekunde prije kraja. Bojan je prvo proma\u0161io slobodno bacanje, drugo pogodio za +4 (79-75), a u sljede\u0107em napadu nije uspio pogoditi za dva, kao ni Zubac nakon skoka u napadu.<\/p>\n\n\n\n<p>Finci su tricom Mxhunija do\u0161li na samo -1 (79-78) 23 sekunde prije kraja. U sljede\u0107em napadu fauliran je Gnjidi\u0107, ali je jo\u0161 jednom proma\u0161io oba bacanja i dao priliku Fincima za pobjedu. Markkanen i&nbsp;<strong>Koponen&nbsp;<\/strong>su izigrali Bogdanovi\u0107a i Hezonju, a krilni centar Cleveland Cavaliersa je pogodio tricu iz kornera za finsko vodstvo 81-79. Hrvatskoj su ostale 4.3 sekunde za akciju spasa.<\/p>\n\n\n\n<p>Bogdanovi\u0107 je dobio loptu, pucao tricu za pobjedu preko Madsena i proma\u0161io, ali je Markkanen napravio faul na Zubcu u borbi za skok i tako je hrvatski centar dobio priliku odvesti utakmicu u produ\u017eetak. Na\u017ealost, proma\u0161io je prvo slobodno bacanje, namjerno proma\u0161io drugo, ali je lopta zavr\u0161ila u rukama Finaca, a time i pobjeda koja je Hrvatsku izbacila iz drugog kruga kvalifikacija za Svjetsko prvenstvo 2023.<\/p>\n\n\n\n<p>Bez obzira na zavr\u0161etak, Ivica Zubac je zaslu\u017eio epitet najboljeg hrvatskog igra\u010da na ovoj utakmici. Ubacio je 21 ko\u0161, imao osam skokova i tri blokade. Bacanja je, na\u017ealost, ga\u0111ao 3\/7.<\/p>\n\n\n\n<p>Bojan Bogdanovi\u0107 je postigao 21 ko\u0161a, ali uz \u0161ut iz igre 5\/16. Dodao je tome \u0161est skokova i \u010detiri asistencije. Mario Hezonja je za 13 poena potro\u0161io 14 \u0161uteva (5\/14).<\/p>\n\n\n\n<p>Fince je predvodio Lauri Markkanen s 19 ko\u0161eva i sedam skokova. Sasu Salin je ubacio 14, a Alexander Madsen 10 poena uz osam skokova.<\/p>\n\n\n\n<p>Finska je s u\u010dinkom 5-1 vrlo blizu plasmanu na Svjetsko prvenstvo. Slovenija je zavr\u0161ila na drugom mjestu u skupini C s u\u010dinkom 4-2, a \u0160vedska je tre\u0107a s 2-4. Hrvatska je ostala na samo jednoj pobjedi (1-5) i bez mogu\u0107nosti da se 2023. pojavi na svjetskoj ko\u0161arka\u0161koj smotri, na kojoj je posljednji put bila 2014. u \u0160panjolskoj.\u00a0<\/p>\n\n\n\n<p>izvor: hrt.hr<\/p>\n","protected":false},"excerpt":{"rendered":"<p>Hrvatski ko\u0161arka\u0161i pora\u017eeni su od Finske sa 79-81 (17-21, 17-22, 27-17, 18-21) u utakmici posljednjeg kola skupine C prvog kruga europskih kvalifikacija za Svjetsko prvenstvo 2023., odigranoj u nedjelju u rije\u010dkoj dvorani Zamet, i tako su ostali bez plasmana u drugi krug. Hrvatska je te\u0161ko mogla lo\u0161ije otvoriti utakmicu.&nbsp;Bojan Bogdanovi\u0107&nbsp;je proma\u0161io dva slobodna bacanja i [&hellip;]<\/p>\n","protected":false},"author":2,"featured_media":155544,"comment_status":"closed","ping_status":"closed","sticky":false,"template":"","format":"standard","meta":{"h5ap_radio_sources":[],"footnotes":""},"categories":[7],"tags":[],"class_list":["post-155543","post","type-post","status-publish","format-standard","has-post-thumbnail","hentry","category-sport"],"yoast_head":"<!-- This site is optimized with the Yoast SEO plugin v27.5 - https:\/\/yoast.com\/product\/yoast-seo-wordpress\/ -->\n<title>Hrvatska u drami ostala bez plasmana u drugi krug - RADIO LJUBU\u0160KI<\/title>\n<meta name=\"robots\" content=\"index, follow, max-snippet:-1, max-image-preview:large, max-video-preview:-1\" \/>\n<link rel=\"canonical\" href=\"https:\/\/radioljubuski.ba\/index.php\/2022\/07\/04\/hrvatska-u-drami-ostala-bez-plasmana-u-drugi-krug\/\" \/>\n<meta property=\"og:locale\" content=\"hr_HR\" \/>\n<meta property=\"og:type\" content=\"article\" \/>\n<meta property=\"og:title\" content=\"Hrvatska u drami ostala bez plasmana u drugi krug - RADIO LJUBU\u0160KI\" \/>\n<meta property=\"og:description\" content=\"Hrvatski ko\u0161arka\u0161i pora\u017eeni su od Finske sa 79-81 (17-21, 17-22, 27-17, 18-21) u utakmici posljednjeg kola skupine C prvog kruga europskih kvalifikacija za Svjetsko prvenstvo 2023., odigranoj u nedjelju u rije\u010dkoj dvorani Zamet, i tako su ostali bez plasmana u drugi krug. Hrvatska je te\u0161ko mogla lo\u0161ije otvoriti utakmicu.&nbsp;Bojan Bogdanovi\u0107&nbsp;je proma\u0161io dva slobodna bacanja i [&hellip;]\" \/>\n<meta property=\"og:url\" content=\"https:\/\/radioljubuski.ba\/index.php\/2022\/07\/04\/hrvatska-u-drami-ostala-bez-plasmana-u-drugi-krug\/\" \/>\n<meta property=\"og:site_name\" content=\"RADIO LJUBU\u0160KI\" \/>\n<meta property=\"article:publisher\" content=\"https:\/\/www.facebook.com\/Radiio-Ljubuski-1490835324566332\" \/>\n<meta property=\"article:published_time\" content=\"2022-07-04T07:24:51+00:00\" \/>\n<meta property=\"article:modified_time\" content=\"2022-07-04T07:24:52+00:00\" \/>\n<meta property=\"og:image\" content=\"https:\/\/radioljubuski.ba\/wp-content\/uploads\/2022\/07\/mula.jpg\" \/>\n\t<meta property=\"og:image:width\" content=\"266\" \/>\n\t<meta property=\"og:image:height\" content=\"190\" \/>\n\t<meta property=\"og:image:type\" content=\"image\/jpeg\" \/>\n<meta name=\"author\" content=\"Radio Ljubu\u0161ki\" \/>\n<meta name=\"twitter:card\" content=\"summary_large_image\" \/>\n<meta name=\"twitter:creator\" content=\"@radioljubuski\" \/>\n<meta name=\"twitter:site\" content=\"@radioljubuski\" \/>\n<meta name=\"twitter:label1\" content=\"Napisao\/la\" \/>\n\t<meta name=\"twitter:data1\" content=\"Radio Ljubu\u0161ki\" \/>\n\t<meta name=\"twitter:label2\" content=\"Procijenjeno vrijeme \u010ditanja\" \/>\n\t<meta name=\"twitter:data2\" content=\"5 minuta\" \/>\n<script type=\"application\/ld+json\" class=\"yoast-schema-graph\">{\"@context\":\"https:\\\/\\\/schema.org\",\"@graph\":[{\"@type\":\"Article\",\"@id\":\"https:\\\/\\\/radioljubuski.ba\\\/index.php\\\/2022\\\/07\\\/04\\\/hrvatska-u-drami-ostala-bez-plasmana-u-drugi-krug\\\/#article\",\"isPartOf\":{\"@id\":\"https:\\\/\\\/radioljubuski.ba\\\/index.php\\\/2022\\\/07\\\/04\\\/hrvatska-u-drami-ostala-bez-plasmana-u-drugi-krug\\\/\"},\"author\":{\"name\":\"Radio Ljubu\u0161ki\",\"@id\":\"https:\\\/\\\/radioljubuski.ba\\\/#\\\/schema\\\/person\\\/19fc700381a780f69665d7956c469e3b\"},\"headline\":\"Hrvatska u drami ostala bez plasmana u drugi krug\",\"datePublished\":\"2022-07-04T07:24:51+00:00\",\"dateModified\":\"2022-07-04T07:24:52+00:00\",\"mainEntityOfPage\":{\"@id\":\"https:\\\/\\\/radioljubuski.ba\\\/index.php\\\/2022\\\/07\\\/04\\\/hrvatska-u-drami-ostala-bez-plasmana-u-drugi-krug\\\/\"},\"wordCount\":1120,\"publisher\":{\"@id\":\"https:\\\/\\\/radioljubuski.ba\\\/#organization\"},\"image\":{\"@id\":\"https:\\\/\\\/radioljubuski.ba\\\/index.php\\\/2022\\\/07\\\/04\\\/hrvatska-u-drami-ostala-bez-plasmana-u-drugi-krug\\\/#primaryimage\"},\"thumbnailUrl\":\"https:\\\/\\\/radioljubuski.ba\\\/wp-content\\\/uploads\\\/2022\\\/07\\\/mula.jpg\",\"articleSection\":[\"\u0160port\"],\"inLanguage\":\"hr\"},{\"@type\":\"WebPage\",\"@id\":\"https:\\\/\\\/radioljubuski.ba\\\/index.php\\\/2022\\\/07\\\/04\\\/hrvatska-u-drami-ostala-bez-plasmana-u-drugi-krug\\\/\",\"url\":\"https:\\\/\\\/radioljubuski.ba\\\/index.php\\\/2022\\\/07\\\/04\\\/hrvatska-u-drami-ostala-bez-plasmana-u-drugi-krug\\\/\",\"name\":\"Hrvatska u drami ostala bez plasmana u drugi krug - RADIO LJUBU\u0160KI\",\"isPartOf\":{\"@id\":\"https:\\\/\\\/radioljubuski.ba\\\/#website\"},\"primaryImageOfPage\":{\"@id\":\"https:\\\/\\\/radioljubuski.ba\\\/index.php\\\/2022\\\/07\\\/04\\\/hrvatska-u-drami-ostala-bez-plasmana-u-drugi-krug\\\/#primaryimage\"},\"image\":{\"@id\":\"https:\\\/\\\/radioljubuski.ba\\\/index.php\\\/2022\\\/07\\\/04\\\/hrvatska-u-drami-ostala-bez-plasmana-u-drugi-krug\\\/#primaryimage\"},\"thumbnailUrl\":\"https:\\\/\\\/radioljubuski.ba\\\/wp-content\\\/uploads\\\/2022\\\/07\\\/mula.jpg\",\"datePublished\":\"2022-07-04T07:24:51+00:00\",\"dateModified\":\"2022-07-04T07:24:52+00:00\",\"breadcrumb\":{\"@id\":\"https:\\\/\\\/radioljubuski.ba\\\/index.php\\\/2022\\\/07\\\/04\\\/hrvatska-u-drami-ostala-bez-plasmana-u-drugi-krug\\\/#breadcrumb\"},\"inLanguage\":\"hr\",\"potentialAction\":[{\"@type\":\"ReadAction\",\"target\":[\"https:\\\/\\\/radioljubuski.ba\\\/index.php\\\/2022\\\/07\\\/04\\\/hrvatska-u-drami-ostala-bez-plasmana-u-drugi-krug\\\/\"]}]},{\"@type\":\"ImageObject\",\"inLanguage\":\"hr\",\"@id\":\"https:\\\/\\\/radioljubuski.ba\\\/index.php\\\/2022\\\/07\\\/04\\\/hrvatska-u-drami-ostala-bez-plasmana-u-drugi-krug\\\/#primaryimage\",\"url\":\"https:\\\/\\\/radioljubuski.ba\\\/wp-content\\\/uploads\\\/2022\\\/07\\\/mula.jpg\",\"contentUrl\":\"https:\\\/\\\/radioljubuski.ba\\\/wp-content\\\/uploads\\\/2022\\\/07\\\/mula.jpg\",\"width\":266,\"height\":190},{\"@type\":\"BreadcrumbList\",\"@id\":\"https:\\\/\\\/radioljubuski.ba\\\/index.php\\\/2022\\\/07\\\/04\\\/hrvatska-u-drami-ostala-bez-plasmana-u-drugi-krug\\\/#breadcrumb\",\"itemListElement\":[{\"@type\":\"ListItem\",\"position\":1,\"name\":\"Po\u010detna stranica\",\"item\":\"https:\\\/\\\/radioljubuski.ba\\\/\"},{\"@type\":\"ListItem\",\"position\":2,\"name\":\"Hrvatska u drami ostala bez plasmana u drugi krug\"}]},{\"@type\":\"WebSite\",\"@id\":\"https:\\\/\\\/radioljubuski.ba\\\/#website\",\"url\":\"https:\\\/\\\/radioljubuski.ba\\\/\",\"name\":\"Radio Ljubu\u0161ki\",\"description\":\"Sun\u010dana frekvencija Hercegovine\",\"publisher\":{\"@id\":\"https:\\\/\\\/radioljubuski.ba\\\/#organization\"},\"potentialAction\":[{\"@type\":\"SearchAction\",\"target\":{\"@type\":\"EntryPoint\",\"urlTemplate\":\"https:\\\/\\\/radioljubuski.ba\\\/?s={search_term_string}\"},\"query-input\":{\"@type\":\"PropertyValueSpecification\",\"valueRequired\":true,\"valueName\":\"search_term_string\"}}],\"inLanguage\":\"hr\"},{\"@type\":\"Organization\",\"@id\":\"https:\\\/\\\/radioljubuski.ba\\\/#organization\",\"name\":\"Radio Ljubu\u0161ki\",\"url\":\"https:\\\/\\\/radioljubuski.ba\\\/\",\"logo\":{\"@type\":\"ImageObject\",\"inLanguage\":\"hr\",\"@id\":\"https:\\\/\\\/radioljubuski.ba\\\/#\\\/schema\\\/logo\\\/image\\\/\",\"url\":\"https:\\\/\\\/radioljubuski.ba\\\/wp-content\\\/uploads\\\/2021\\\/02\\\/cropped-Radio_Ljubuski_logo1.jpg\",\"contentUrl\":\"https:\\\/\\\/radioljubuski.ba\\\/wp-content\\\/uploads\\\/2021\\\/02\\\/cropped-Radio_Ljubuski_logo1.jpg\",\"width\":512,\"height\":512,\"caption\":\"Radio Ljubu\u0161ki\"},\"image\":{\"@id\":\"https:\\\/\\\/radioljubuski.ba\\\/#\\\/schema\\\/logo\\\/image\\\/\"},\"sameAs\":[\"https:\\\/\\\/www.facebook.com\\\/Radiio-Ljubuski-1490835324566332\",\"https:\\\/\\\/x.com\\\/radioljubuski\",\"https:\\\/\\\/hr.linkedin.com\\\/company\\\/radio-ljubuski\",\"https:\\\/\\\/www.youtube.com\\\/channel\\\/UCHYaeO_n0Db3tjNGudGpXyw\"]},{\"@type\":\"Person\",\"@id\":\"https:\\\/\\\/radioljubuski.ba\\\/#\\\/schema\\\/person\\\/19fc700381a780f69665d7956c469e3b\",\"name\":\"Radio Ljubu\u0161ki\"}]}<\/script>\n<!-- \/ Yoast SEO plugin. -->","yoast_head_json":{"title":"Hrvatska u drami ostala bez plasmana u drugi krug - RADIO LJUBU\u0160KI","robots":{"index":"index","follow":"follow","max-snippet":"max-snippet:-1","max-image-preview":"max-image-preview:large","max-video-preview":"max-video-preview:-1"},"canonical":"https:\/\/radioljubuski.ba\/index.php\/2022\/07\/04\/hrvatska-u-drami-ostala-bez-plasmana-u-drugi-krug\/","og_locale":"hr_HR","og_type":"article","og_title":"Hrvatska u drami ostala bez plasmana u drugi krug - RADIO LJUBU\u0160KI","og_description":"Hrvatski ko\u0161arka\u0161i pora\u017eeni su od Finske sa 79-81 (17-21, 17-22, 27-17, 18-21) u utakmici posljednjeg kola skupine C prvog kruga europskih kvalifikacija za Svjetsko prvenstvo 2023., odigranoj u nedjelju u rije\u010dkoj dvorani Zamet, i tako su ostali bez plasmana u drugi krug. Hrvatska je te\u0161ko mogla lo\u0161ije otvoriti utakmicu.&nbsp;Bojan Bogdanovi\u0107&nbsp;je proma\u0161io dva slobodna bacanja i [&hellip;]","og_url":"https:\/\/radioljubuski.ba\/index.php\/2022\/07\/04\/hrvatska-u-drami-ostala-bez-plasmana-u-drugi-krug\/","og_site_name":"RADIO LJUBU\u0160KI","article_publisher":"https:\/\/www.facebook.com\/Radiio-Ljubuski-1490835324566332","article_published_time":"2022-07-04T07:24:51+00:00","article_modified_time":"2022-07-04T07:24:52+00:00","og_image":[{"width":266,"height":190,"url":"https:\/\/radioljubuski.ba\/wp-content\/uploads\/2022\/07\/mula.jpg","type":"image\/jpeg"}],"author":"Radio Ljubu\u0161ki","twitter_card":"summary_large_image","twitter_creator":"@radioljubuski","twitter_site":"@radioljubuski","twitter_misc":{"Napisao\/la":"Radio Ljubu\u0161ki","Procijenjeno vrijeme \u010ditanja":"5 minuta"},"schema":{"@context":"https:\/\/schema.org","@graph":[{"@type":"Article","@id":"https:\/\/radioljubuski.ba\/index.php\/2022\/07\/04\/hrvatska-u-drami-ostala-bez-plasmana-u-drugi-krug\/#article","isPartOf":{"@id":"https:\/\/radioljubuski.ba\/index.php\/2022\/07\/04\/hrvatska-u-drami-ostala-bez-plasmana-u-drugi-krug\/"},"author":{"name":"Radio Ljubu\u0161ki","@id":"https:\/\/radioljubuski.ba\/#\/schema\/person\/19fc700381a780f69665d7956c469e3b"},"headline":"Hrvatska u drami ostala bez plasmana u drugi krug","datePublished":"2022-07-04T07:24:51+00:00","dateModified":"2022-07-04T07:24:52+00:00","mainEntityOfPage":{"@id":"https:\/\/radioljubuski.ba\/index.php\/2022\/07\/04\/hrvatska-u-drami-ostala-bez-plasmana-u-drugi-krug\/"},"wordCount":1120,"publisher":{"@id":"https:\/\/radioljubuski.ba\/#organization"},"image":{"@id":"https:\/\/radioljubuski.ba\/index.php\/2022\/07\/04\/hrvatska-u-drami-ostala-bez-plasmana-u-drugi-krug\/#primaryimage"},"thumbnailUrl":"https:\/\/radioljubuski.ba\/wp-content\/uploads\/2022\/07\/mula.jpg","articleSection":["\u0160port"],"inLanguage":"hr"},{"@type":"WebPage","@id":"https:\/\/radioljubuski.ba\/index.php\/2022\/07\/04\/hrvatska-u-drami-ostala-bez-plasmana-u-drugi-krug\/","url":"https:\/\/radioljubuski.ba\/index.php\/2022\/07\/04\/hrvatska-u-drami-ostala-bez-plasmana-u-drugi-krug\/","name":"Hrvatska u drami ostala bez plasmana u drugi krug - RADIO LJUBU\u0160KI","isPartOf":{"@id":"https:\/\/radioljubuski.ba\/#website"},"primaryImageOfPage":{"@id":"https:\/\/radioljubuski.ba\/index.php\/2022\/07\/04\/hrvatska-u-drami-ostala-bez-plasmana-u-drugi-krug\/#primaryimage"},"image":{"@id":"https:\/\/radioljubuski.ba\/index.php\/2022\/07\/04\/hrvatska-u-drami-ostala-bez-plasmana-u-drugi-krug\/#primaryimage"},"thumbnailUrl":"https:\/\/radioljubuski.ba\/wp-content\/uploads\/2022\/07\/mula.jpg","datePublished":"2022-07-04T07:24:51+00:00","dateModified":"2022-07-04T07:24:52+00:00","breadcrumb":{"@id":"https:\/\/radioljubuski.ba\/index.php\/2022\/07\/04\/hrvatska-u-drami-ostala-bez-plasmana-u-drugi-krug\/#breadcrumb"},"inLanguage":"hr","potentialAction":[{"@type":"ReadAction","target":["https:\/\/radioljubuski.ba\/index.php\/2022\/07\/04\/hrvatska-u-drami-ostala-bez-plasmana-u-drugi-krug\/"]}]},{"@type":"ImageObject","inLanguage":"hr","@id":"https:\/\/radioljubuski.ba\/index.php\/2022\/07\/04\/hrvatska-u-drami-ostala-bez-plasmana-u-drugi-krug\/#primaryimage","url":"https:\/\/radioljubuski.ba\/wp-content\/uploads\/2022\/07\/mula.jpg","contentUrl":"https:\/\/radioljubuski.ba\/wp-content\/uploads\/2022\/07\/mula.jpg","width":266,"height":190},{"@type":"BreadcrumbList","@id":"https:\/\/radioljubuski.ba\/index.php\/2022\/07\/04\/hrvatska-u-drami-ostala-bez-plasmana-u-drugi-krug\/#breadcrumb","itemListElement":[{"@type":"ListItem","position":1,"name":"Po\u010detna stranica","item":"https:\/\/radioljubuski.ba\/"},{"@type":"ListItem","position":2,"name":"Hrvatska u drami ostala bez plasmana u drugi krug"}]},{"@type":"WebSite","@id":"https:\/\/radioljubuski.ba\/#website","url":"https:\/\/radioljubuski.ba\/","name":"Radio Ljubu\u0161ki","description":"Sun\u010dana frekvencija Hercegovine","publisher":{"@id":"https:\/\/radioljubuski.ba\/#organization"},"potentialAction":[{"@type":"SearchAction","target":{"@type":"EntryPoint","urlTemplate":"https:\/\/radioljubuski.ba\/?s={search_term_string}"},"query-input":{"@type":"PropertyValueSpecification","valueRequired":true,"valueName":"search_term_string"}}],"inLanguage":"hr"},{"@type":"Organization","@id":"https:\/\/radioljubuski.ba\/#organization","name":"Radio Ljubu\u0161ki","url":"https:\/\/radioljubuski.ba\/","logo":{"@type":"ImageObject","inLanguage":"hr","@id":"https:\/\/radioljubuski.ba\/#\/schema\/logo\/image\/","url":"https:\/\/radioljubuski.ba\/wp-content\/uploads\/2021\/02\/cropped-Radio_Ljubuski_logo1.jpg","contentUrl":"https:\/\/radioljubuski.ba\/wp-content\/uploads\/2021\/02\/cropped-Radio_Ljubuski_logo1.jpg","width":512,"height":512,"caption":"Radio Ljubu\u0161ki"},"image":{"@id":"https:\/\/radioljubuski.ba\/#\/schema\/logo\/image\/"},"sameAs":["https:\/\/www.facebook.com\/Radiio-Ljubuski-1490835324566332","https:\/\/x.com\/radioljubuski","https:\/\/hr.linkedin.com\/company\/radio-ljubuski","https:\/\/www.youtube.com\/channel\/UCHYaeO_n0Db3tjNGudGpXyw"]},{"@type":"Person","@id":"https:\/\/radioljubuski.ba\/#\/schema\/person\/19fc700381a780f69665d7956c469e3b","name":"Radio Ljubu\u0161ki"}]}},"_links":{"self":[{"href":"https:\/\/radioljubuski.ba\/index.php\/wp-json\/wp\/v2\/posts\/155543","targetHints":{"allow":["GET"]}}],"collection":[{"href":"https:\/\/radioljubuski.ba\/index.php\/wp-json\/wp\/v2\/posts"}],"about":[{"href":"https:\/\/radioljubuski.ba\/index.php\/wp-json\/wp\/v2\/types\/post"}],"author":[{"embeddable":true,"href":"https:\/\/radioljubuski.ba\/index.php\/wp-json\/wp\/v2\/users\/2"}],"replies":[{"embeddable":true,"href":"https:\/\/radioljubuski.ba\/index.php\/wp-json\/wp\/v2\/comments?post=155543"}],"version-history":[{"count":1,"href":"https:\/\/radioljubuski.ba\/index.php\/wp-json\/wp\/v2\/posts\/155543\/revisions"}],"predecessor-version":[{"id":155545,"href":"https:\/\/radioljubuski.ba\/index.php\/wp-json\/wp\/v2\/posts\/155543\/revisions\/155545"}],"wp:featuredmedia":[{"embeddable":true,"href":"https:\/\/radioljubuski.ba\/index.php\/wp-json\/wp\/v2\/media\/155544"}],"wp:attachment":[{"href":"https:\/\/radioljubuski.ba\/index.php\/wp-json\/wp\/v2\/media?parent=155543"}],"wp:term":[{"taxonomy":"category","embeddable":true,"href":"https:\/\/radioljubuski.ba\/index.php\/wp-json\/wp\/v2\/categories?post=155543"},{"taxonomy":"post_tag","embeddable":true,"href":"https:\/\/radioljubuski.ba\/index.php\/wp-json\/wp\/v2\/tags?post=155543"}],"curies":[{"name":"wp","href":"https:\/\/api.w.org\/{rel}","templated":true}]}}