{"id":155551,"date":"2022-07-04T08:44:18","date_gmt":"2022-07-04T07:44:18","guid":{"rendered":"https:\/\/radioljubuski.ba\/?p=155551"},"modified":"2022-07-04T08:44:18","modified_gmt":"2022-07-04T07:44:18","slug":"kosarkasi-bih-veceras-protiv-bugarske-ovjeravaju-prolaz-u-narednu-fazu-kvalifikacija","status":"publish","type":"post","link":"https:\/\/radioljubuski.ba\/index.php\/2022\/07\/04\/kosarkasi-bih-veceras-protiv-bugarske-ovjeravaju-prolaz-u-narednu-fazu-kvalifikacija\/","title":{"rendered":"Ko\u0161arka\u0161i BiH ve\u010deras protiv Bugarske ovjeravaju prolaz u narednu fazu kvalifikacija"},"content":{"rendered":"\n<p>Ko\u0161arka\u0161ka reprezentacija BiH ve\u010deras u dvorani &#8220;Mirza Deliba\u0161i\u0107&#8221; u Sarajevu igra utakmicu posljednjeg kola prve runde kvalifikacija za Svjetsko prvenstvo protiv selekcije Bugarske.<\/p>\n\n\n\n<p>Uo\u010di ve\u010dera\u0161nje utakmice BiH se nalazi na tre\u0107em mjestu sa sedam bodova, koliko ima i drugoplasirana \u010ce\u0161ka, dok je Bugarska na posljednjoj poziciji sa \u0161est bodova. Litva je ve\u0107 kao prvoplasirana osigurala naredni krug kvalifikacija.<\/p>\n\n\n\n<p>BiH \u0107e se plasirati u drugu rundu kvalifikacija\u00a0<strong>ako ostvari pobjedu ili izgubi pet razlike ili manje<\/strong>. Tako\u0111er, prolaz u narednu fazu kvalifikacija mo\u017ee izboriti i\u00a0<strong>porazom od devet razlike i manje, ali samo u slu\u010daju da \u010ce\u0161ka pobijedi Litvu<\/strong>\u00a0u drugoj utakmici ove grupe.<\/p>\n\n\n\n<p>&#8220;Nadamo se da \u0107emo odigrati ovu utakmicu na nivou mnogo ve\u0107em u odnosu na me\u010d sa \u010ce\u0161kom. Spremniji smo barem za dva treninga, \u0161to je izuzetno velika stvar i mislim da \u0107emo biti dovoljno kvalitetni da dobijemo Bugare&#8221;, rekao je Be\u0107iragi\u0107 ju\u010der na konferenciji za medije osvrnuv\u0161i se na posljednji me\u010d s \u010ce\u0161kom.<\/p>\n\n\n\n<p>U nekim kombinacijama Zmajevima odgovara i poraz do pet poena razlike s kojim bi tako\u0111er pro\u0161li u narednu fazu, ali naravno da bi s pobjedom bili u boljoj poziciji.<\/p>\n\n\n\n<p>&#8220;Ne pravimo kalkulacije i \u017eelimo izgraditi tim. Svaki na\u0161 trening i sastanak pravimo sa ciljem dugoro\u010dnim da napravimo ekipu koja \u0107e u svakom momentu da zna \u0161ta igra i kako igra. To u prvoj utakmici nismo imali. Ova utakmica s Bugarskom je prilika da pobijedimo i igramo bolje da bi do\u0161li u situaciju da mo\u017eemo ravnopravno igrati sa svim ekipama na Eurobasketu&#8221;, rekao je selektor.<\/p>\n\n\n\n<p>S druge strane, Bugarska \u0107e se plasirati u drugu rundu kvalifikacija ako pobijedi s 10 poena razlike i vi\u0161e. Tako\u0111er, mogu ostvariti plasman dalje ukoliko pobijede s tri razlike i vi\u0161e, ali samo ako \u010ce\u0161ka izgubi od Litve.<\/p>\n\n\n\n<p>U prvoj utakmici ove dvije selekcije u grupi BiH je pobijedila u gostima protiv Bugarske 85:75. Podsjetimo, odli\u010dnu utakmicu tada je odigrao Miralem Halilovi\u0107 s 21 poenom, \u0161est skokova te po \u010detiri asistencije i ukradene lopte.<\/p>\n\n\n\n<p>Utakmica izme\u0111u BiH i Bugarske igra se ve\u010deras u dvorani &#8220;Mirza Deliba\u0161i\u0107&#8221; s po\u010detkom u 20:00 sati. Direktan televizijski prijenos osiguran je na SportKlubu, a tekstualni prijenos utakmice mo\u017eete pratiti na portalu Klix.ba.<\/p>\n\n\n\n<p>izvor: klix.ba<\/p>\n","protected":false},"excerpt":{"rendered":"<p>Ko\u0161arka\u0161ka reprezentacija BiH ve\u010deras u dvorani &#8220;Mirza Deliba\u0161i\u0107&#8221; u Sarajevu igra utakmicu posljednjeg kola prve runde kvalifikacija za Svjetsko prvenstvo protiv selekcije Bugarske. Uo\u010di ve\u010dera\u0161nje utakmice BiH se nalazi na tre\u0107em mjestu sa sedam bodova, koliko ima i drugoplasirana \u010ce\u0161ka, dok je Bugarska na posljednjoj poziciji sa \u0161est bodova. Litva je ve\u0107 kao prvoplasirana osigurala [&hellip;]<\/p>\n","protected":false},"author":2,"featured_media":155558,"comment_status":"closed","ping_status":"closed","sticky":false,"template":"","format":"standard","meta":{"h5ap_radio_sources":[],"footnotes":""},"categories":[7],"tags":[],"class_list":["post-155551","post","type-post","status-publish","format-standard","has-post-thumbnail","hentry","category-sport"],"yoast_head":"<!-- This site is optimized with the Yoast SEO plugin v27.5 - https:\/\/yoast.com\/product\/yoast-seo-wordpress\/ -->\n<title>Ko\u0161arka\u0161i BiH ve\u010deras protiv Bugarske ovjeravaju prolaz u narednu fazu kvalifikacija - RADIO LJUBU\u0160KI<\/title>\n<meta name=\"robots\" content=\"index, follow, max-snippet:-1, max-image-preview:large, max-video-preview:-1\" \/>\n<link rel=\"canonical\" href=\"https:\/\/radioljubuski.ba\/index.php\/2022\/07\/04\/kosarkasi-bih-veceras-protiv-bugarske-ovjeravaju-prolaz-u-narednu-fazu-kvalifikacija\/\" \/>\n<meta property=\"og:locale\" content=\"hr_HR\" \/>\n<meta property=\"og:type\" content=\"article\" \/>\n<meta property=\"og:title\" content=\"Ko\u0161arka\u0161i BiH ve\u010deras protiv Bugarske ovjeravaju prolaz u narednu fazu kvalifikacija - RADIO LJUBU\u0160KI\" \/>\n<meta property=\"og:description\" content=\"Ko\u0161arka\u0161ka reprezentacija BiH ve\u010deras u dvorani &#8220;Mirza Deliba\u0161i\u0107&#8221; u Sarajevu igra utakmicu posljednjeg kola prve runde kvalifikacija za Svjetsko prvenstvo protiv selekcije Bugarske. Uo\u010di ve\u010dera\u0161nje utakmice BiH se nalazi na tre\u0107em mjestu sa sedam bodova, koliko ima i drugoplasirana \u010ce\u0161ka, dok je Bugarska na posljednjoj poziciji sa \u0161est bodova. Litva je ve\u0107 kao prvoplasirana osigurala [&hellip;]\" \/>\n<meta property=\"og:url\" content=\"https:\/\/radioljubuski.ba\/index.php\/2022\/07\/04\/kosarkasi-bih-veceras-protiv-bugarske-ovjeravaju-prolaz-u-narednu-fazu-kvalifikacija\/\" \/>\n<meta property=\"og:site_name\" content=\"RADIO LJUBU\u0160KI\" \/>\n<meta property=\"article:publisher\" content=\"https:\/\/www.facebook.com\/Radiio-Ljubuski-1490835324566332\" \/>\n<meta property=\"article:published_time\" content=\"2022-07-04T07:44:18+00:00\" \/>\n<meta property=\"og:image\" content=\"https:\/\/radioljubuski.ba\/wp-content\/uploads\/2022\/07\/kosarkasi-bih.jpg\" \/>\n\t<meta property=\"og:image:width\" content=\"275\" \/>\n\t<meta property=\"og:image:height\" content=\"183\" \/>\n\t<meta property=\"og:image:type\" content=\"image\/jpeg\" \/>\n<meta name=\"author\" content=\"Radio Ljubu\u0161ki\" \/>\n<meta name=\"twitter:card\" content=\"summary_large_image\" \/>\n<meta name=\"twitter:creator\" content=\"@radioljubuski\" \/>\n<meta name=\"twitter:site\" content=\"@radioljubuski\" \/>\n<meta name=\"twitter:label1\" content=\"Napisao\/la\" \/>\n\t<meta name=\"twitter:data1\" content=\"Radio Ljubu\u0161ki\" \/>\n\t<meta name=\"twitter:label2\" content=\"Procijenjeno vrijeme \u010ditanja\" \/>\n\t<meta name=\"twitter:data2\" content=\"2 minute\" \/>\n<script type=\"application\/ld+json\" class=\"yoast-schema-graph\">{\"@context\":\"https:\\\/\\\/schema.org\",\"@graph\":[{\"@type\":\"Article\",\"@id\":\"https:\\\/\\\/radioljubuski.ba\\\/index.php\\\/2022\\\/07\\\/04\\\/kosarkasi-bih-veceras-protiv-bugarske-ovjeravaju-prolaz-u-narednu-fazu-kvalifikacija\\\/#article\",\"isPartOf\":{\"@id\":\"https:\\\/\\\/radioljubuski.ba\\\/index.php\\\/2022\\\/07\\\/04\\\/kosarkasi-bih-veceras-protiv-bugarske-ovjeravaju-prolaz-u-narednu-fazu-kvalifikacija\\\/\"},\"author\":{\"name\":\"Radio Ljubu\u0161ki\",\"@id\":\"https:\\\/\\\/radioljubuski.ba\\\/#\\\/schema\\\/person\\\/19fc700381a780f69665d7956c469e3b\"},\"headline\":\"Ko\u0161arka\u0161i BiH ve\u010deras protiv Bugarske ovjeravaju prolaz u narednu fazu kvalifikacija\",\"datePublished\":\"2022-07-04T07:44:18+00:00\",\"mainEntityOfPage\":{\"@id\":\"https:\\\/\\\/radioljubuski.ba\\\/index.php\\\/2022\\\/07\\\/04\\\/kosarkasi-bih-veceras-protiv-bugarske-ovjeravaju-prolaz-u-narednu-fazu-kvalifikacija\\\/\"},\"wordCount\":405,\"publisher\":{\"@id\":\"https:\\\/\\\/radioljubuski.ba\\\/#organization\"},\"image\":{\"@id\":\"https:\\\/\\\/radioljubuski.ba\\\/index.php\\\/2022\\\/07\\\/04\\\/kosarkasi-bih-veceras-protiv-bugarske-ovjeravaju-prolaz-u-narednu-fazu-kvalifikacija\\\/#primaryimage\"},\"thumbnailUrl\":\"https:\\\/\\\/radioljubuski.ba\\\/wp-content\\\/uploads\\\/2022\\\/07\\\/kosarkasi-bih.jpg\",\"articleSection\":[\"\u0160port\"],\"inLanguage\":\"hr\"},{\"@type\":\"WebPage\",\"@id\":\"https:\\\/\\\/radioljubuski.ba\\\/index.php\\\/2022\\\/07\\\/04\\\/kosarkasi-bih-veceras-protiv-bugarske-ovjeravaju-prolaz-u-narednu-fazu-kvalifikacija\\\/\",\"url\":\"https:\\\/\\\/radioljubuski.ba\\\/index.php\\\/2022\\\/07\\\/04\\\/kosarkasi-bih-veceras-protiv-bugarske-ovjeravaju-prolaz-u-narednu-fazu-kvalifikacija\\\/\",\"name\":\"Ko\u0161arka\u0161i BiH ve\u010deras protiv Bugarske ovjeravaju prolaz u narednu fazu kvalifikacija - RADIO LJUBU\u0160KI\",\"isPartOf\":{\"@id\":\"https:\\\/\\\/radioljubuski.ba\\\/#website\"},\"primaryImageOfPage\":{\"@id\":\"https:\\\/\\\/radioljubuski.ba\\\/index.php\\\/2022\\\/07\\\/04\\\/kosarkasi-bih-veceras-protiv-bugarske-ovjeravaju-prolaz-u-narednu-fazu-kvalifikacija\\\/#primaryimage\"},\"image\":{\"@id\":\"https:\\\/\\\/radioljubuski.ba\\\/index.php\\\/2022\\\/07\\\/04\\\/kosarkasi-bih-veceras-protiv-bugarske-ovjeravaju-prolaz-u-narednu-fazu-kvalifikacija\\\/#primaryimage\"},\"thumbnailUrl\":\"https:\\\/\\\/radioljubuski.ba\\\/wp-content\\\/uploads\\\/2022\\\/07\\\/kosarkasi-bih.jpg\",\"datePublished\":\"2022-07-04T07:44:18+00:00\",\"breadcrumb\":{\"@id\":\"https:\\\/\\\/radioljubuski.ba\\\/index.php\\\/2022\\\/07\\\/04\\\/kosarkasi-bih-veceras-protiv-bugarske-ovjeravaju-prolaz-u-narednu-fazu-kvalifikacija\\\/#breadcrumb\"},\"inLanguage\":\"hr\",\"potentialAction\":[{\"@type\":\"ReadAction\",\"target\":[\"https:\\\/\\\/radioljubuski.ba\\\/index.php\\\/2022\\\/07\\\/04\\\/kosarkasi-bih-veceras-protiv-bugarske-ovjeravaju-prolaz-u-narednu-fazu-kvalifikacija\\\/\"]}]},{\"@type\":\"ImageObject\",\"inLanguage\":\"hr\",\"@id\":\"https:\\\/\\\/radioljubuski.ba\\\/index.php\\\/2022\\\/07\\\/04\\\/kosarkasi-bih-veceras-protiv-bugarske-ovjeravaju-prolaz-u-narednu-fazu-kvalifikacija\\\/#primaryimage\",\"url\":\"https:\\\/\\\/radioljubuski.ba\\\/wp-content\\\/uploads\\\/2022\\\/07\\\/kosarkasi-bih.jpg\",\"contentUrl\":\"https:\\\/\\\/radioljubuski.ba\\\/wp-content\\\/uploads\\\/2022\\\/07\\\/kosarkasi-bih.jpg\",\"width\":275,\"height\":183},{\"@type\":\"BreadcrumbList\",\"@id\":\"https:\\\/\\\/radioljubuski.ba\\\/index.php\\\/2022\\\/07\\\/04\\\/kosarkasi-bih-veceras-protiv-bugarske-ovjeravaju-prolaz-u-narednu-fazu-kvalifikacija\\\/#breadcrumb\",\"itemListElement\":[{\"@type\":\"ListItem\",\"position\":1,\"name\":\"Po\u010detna stranica\",\"item\":\"https:\\\/\\\/radioljubuski.ba\\\/\"},{\"@type\":\"ListItem\",\"position\":2,\"name\":\"Ko\u0161arka\u0161i BiH ve\u010deras protiv Bugarske ovjeravaju prolaz u narednu fazu kvalifikacija\"}]},{\"@type\":\"WebSite\",\"@id\":\"https:\\\/\\\/radioljubuski.ba\\\/#website\",\"url\":\"https:\\\/\\\/radioljubuski.ba\\\/\",\"name\":\"Radio Ljubu\u0161ki\",\"description\":\"Sun\u010dana frekvencija Hercegovine\",\"publisher\":{\"@id\":\"https:\\\/\\\/radioljubuski.ba\\\/#organization\"},\"potentialAction\":[{\"@type\":\"SearchAction\",\"target\":{\"@type\":\"EntryPoint\",\"urlTemplate\":\"https:\\\/\\\/radioljubuski.ba\\\/?s={search_term_string}\"},\"query-input\":{\"@type\":\"PropertyValueSpecification\",\"valueRequired\":true,\"valueName\":\"search_term_string\"}}],\"inLanguage\":\"hr\"},{\"@type\":\"Organization\",\"@id\":\"https:\\\/\\\/radioljubuski.ba\\\/#organization\",\"name\":\"Radio Ljubu\u0161ki\",\"url\":\"https:\\\/\\\/radioljubuski.ba\\\/\",\"logo\":{\"@type\":\"ImageObject\",\"inLanguage\":\"hr\",\"@id\":\"https:\\\/\\\/radioljubuski.ba\\\/#\\\/schema\\\/logo\\\/image\\\/\",\"url\":\"https:\\\/\\\/radioljubuski.ba\\\/wp-content\\\/uploads\\\/2021\\\/02\\\/cropped-Radio_Ljubuski_logo1.jpg\",\"contentUrl\":\"https:\\\/\\\/radioljubuski.ba\\\/wp-content\\\/uploads\\\/2021\\\/02\\\/cropped-Radio_Ljubuski_logo1.jpg\",\"width\":512,\"height\":512,\"caption\":\"Radio Ljubu\u0161ki\"},\"image\":{\"@id\":\"https:\\\/\\\/radioljubuski.ba\\\/#\\\/schema\\\/logo\\\/image\\\/\"},\"sameAs\":[\"https:\\\/\\\/www.facebook.com\\\/Radiio-Ljubuski-1490835324566332\",\"https:\\\/\\\/x.com\\\/radioljubuski\",\"https:\\\/\\\/hr.linkedin.com\\\/company\\\/radio-ljubuski\",\"https:\\\/\\\/www.youtube.com\\\/channel\\\/UCHYaeO_n0Db3tjNGudGpXyw\"]},{\"@type\":\"Person\",\"@id\":\"https:\\\/\\\/radioljubuski.ba\\\/#\\\/schema\\\/person\\\/19fc700381a780f69665d7956c469e3b\",\"name\":\"Radio Ljubu\u0161ki\"}]}<\/script>\n<!-- \/ Yoast SEO plugin. -->","yoast_head_json":{"title":"Ko\u0161arka\u0161i BiH ve\u010deras protiv Bugarske ovjeravaju prolaz u narednu fazu kvalifikacija - RADIO LJUBU\u0160KI","robots":{"index":"index","follow":"follow","max-snippet":"max-snippet:-1","max-image-preview":"max-image-preview:large","max-video-preview":"max-video-preview:-1"},"canonical":"https:\/\/radioljubuski.ba\/index.php\/2022\/07\/04\/kosarkasi-bih-veceras-protiv-bugarske-ovjeravaju-prolaz-u-narednu-fazu-kvalifikacija\/","og_locale":"hr_HR","og_type":"article","og_title":"Ko\u0161arka\u0161i BiH ve\u010deras protiv Bugarske ovjeravaju prolaz u narednu fazu kvalifikacija - RADIO LJUBU\u0160KI","og_description":"Ko\u0161arka\u0161ka reprezentacija BiH ve\u010deras u dvorani &#8220;Mirza Deliba\u0161i\u0107&#8221; u Sarajevu igra utakmicu posljednjeg kola prve runde kvalifikacija za Svjetsko prvenstvo protiv selekcije Bugarske. Uo\u010di ve\u010dera\u0161nje utakmice BiH se nalazi na tre\u0107em mjestu sa sedam bodova, koliko ima i drugoplasirana \u010ce\u0161ka, dok je Bugarska na posljednjoj poziciji sa \u0161est bodova. Litva je ve\u0107 kao prvoplasirana osigurala [&hellip;]","og_url":"https:\/\/radioljubuski.ba\/index.php\/2022\/07\/04\/kosarkasi-bih-veceras-protiv-bugarske-ovjeravaju-prolaz-u-narednu-fazu-kvalifikacija\/","og_site_name":"RADIO LJUBU\u0160KI","article_publisher":"https:\/\/www.facebook.com\/Radiio-Ljubuski-1490835324566332","article_published_time":"2022-07-04T07:44:18+00:00","og_image":[{"width":275,"height":183,"url":"https:\/\/radioljubuski.ba\/wp-content\/uploads\/2022\/07\/kosarkasi-bih.jpg","type":"image\/jpeg"}],"author":"Radio Ljubu\u0161ki","twitter_card":"summary_large_image","twitter_creator":"@radioljubuski","twitter_site":"@radioljubuski","twitter_misc":{"Napisao\/la":"Radio Ljubu\u0161ki","Procijenjeno vrijeme \u010ditanja":"2 minute"},"schema":{"@context":"https:\/\/schema.org","@graph":[{"@type":"Article","@id":"https:\/\/radioljubuski.ba\/index.php\/2022\/07\/04\/kosarkasi-bih-veceras-protiv-bugarske-ovjeravaju-prolaz-u-narednu-fazu-kvalifikacija\/#article","isPartOf":{"@id":"https:\/\/radioljubuski.ba\/index.php\/2022\/07\/04\/kosarkasi-bih-veceras-protiv-bugarske-ovjeravaju-prolaz-u-narednu-fazu-kvalifikacija\/"},"author":{"name":"Radio Ljubu\u0161ki","@id":"https:\/\/radioljubuski.ba\/#\/schema\/person\/19fc700381a780f69665d7956c469e3b"},"headline":"Ko\u0161arka\u0161i BiH ve\u010deras protiv Bugarske ovjeravaju prolaz u narednu fazu kvalifikacija","datePublished":"2022-07-04T07:44:18+00:00","mainEntityOfPage":{"@id":"https:\/\/radioljubuski.ba\/index.php\/2022\/07\/04\/kosarkasi-bih-veceras-protiv-bugarske-ovjeravaju-prolaz-u-narednu-fazu-kvalifikacija\/"},"wordCount":405,"publisher":{"@id":"https:\/\/radioljubuski.ba\/#organization"},"image":{"@id":"https:\/\/radioljubuski.ba\/index.php\/2022\/07\/04\/kosarkasi-bih-veceras-protiv-bugarske-ovjeravaju-prolaz-u-narednu-fazu-kvalifikacija\/#primaryimage"},"thumbnailUrl":"https:\/\/radioljubuski.ba\/wp-content\/uploads\/2022\/07\/kosarkasi-bih.jpg","articleSection":["\u0160port"],"inLanguage":"hr"},{"@type":"WebPage","@id":"https:\/\/radioljubuski.ba\/index.php\/2022\/07\/04\/kosarkasi-bih-veceras-protiv-bugarske-ovjeravaju-prolaz-u-narednu-fazu-kvalifikacija\/","url":"https:\/\/radioljubuski.ba\/index.php\/2022\/07\/04\/kosarkasi-bih-veceras-protiv-bugarske-ovjeravaju-prolaz-u-narednu-fazu-kvalifikacija\/","name":"Ko\u0161arka\u0161i BiH ve\u010deras protiv Bugarske ovjeravaju prolaz u narednu fazu kvalifikacija - RADIO LJUBU\u0160KI","isPartOf":{"@id":"https:\/\/radioljubuski.ba\/#website"},"primaryImageOfPage":{"@id":"https:\/\/radioljubuski.ba\/index.php\/2022\/07\/04\/kosarkasi-bih-veceras-protiv-bugarske-ovjeravaju-prolaz-u-narednu-fazu-kvalifikacija\/#primaryimage"},"image":{"@id":"https:\/\/radioljubuski.ba\/index.php\/2022\/07\/04\/kosarkasi-bih-veceras-protiv-bugarske-ovjeravaju-prolaz-u-narednu-fazu-kvalifikacija\/#primaryimage"},"thumbnailUrl":"https:\/\/radioljubuski.ba\/wp-content\/uploads\/2022\/07\/kosarkasi-bih.jpg","datePublished":"2022-07-04T07:44:18+00:00","breadcrumb":{"@id":"https:\/\/radioljubuski.ba\/index.php\/2022\/07\/04\/kosarkasi-bih-veceras-protiv-bugarske-ovjeravaju-prolaz-u-narednu-fazu-kvalifikacija\/#breadcrumb"},"inLanguage":"hr","potentialAction":[{"@type":"ReadAction","target":["https:\/\/radioljubuski.ba\/index.php\/2022\/07\/04\/kosarkasi-bih-veceras-protiv-bugarske-ovjeravaju-prolaz-u-narednu-fazu-kvalifikacija\/"]}]},{"@type":"ImageObject","inLanguage":"hr","@id":"https:\/\/radioljubuski.ba\/index.php\/2022\/07\/04\/kosarkasi-bih-veceras-protiv-bugarske-ovjeravaju-prolaz-u-narednu-fazu-kvalifikacija\/#primaryimage","url":"https:\/\/radioljubuski.ba\/wp-content\/uploads\/2022\/07\/kosarkasi-bih.jpg","contentUrl":"https:\/\/radioljubuski.ba\/wp-content\/uploads\/2022\/07\/kosarkasi-bih.jpg","width":275,"height":183},{"@type":"BreadcrumbList","@id":"https:\/\/radioljubuski.ba\/index.php\/2022\/07\/04\/kosarkasi-bih-veceras-protiv-bugarske-ovjeravaju-prolaz-u-narednu-fazu-kvalifikacija\/#breadcrumb","itemListElement":[{"@type":"ListItem","position":1,"name":"Po\u010detna stranica","item":"https:\/\/radioljubuski.ba\/"},{"@type":"ListItem","position":2,"name":"Ko\u0161arka\u0161i BiH ve\u010deras protiv Bugarske ovjeravaju prolaz u narednu fazu kvalifikacija"}]},{"@type":"WebSite","@id":"https:\/\/radioljubuski.ba\/#website","url":"https:\/\/radioljubuski.ba\/","name":"Radio Ljubu\u0161ki","description":"Sun\u010dana frekvencija Hercegovine","publisher":{"@id":"https:\/\/radioljubuski.ba\/#organization"},"potentialAction":[{"@type":"SearchAction","target":{"@type":"EntryPoint","urlTemplate":"https:\/\/radioljubuski.ba\/?s={search_term_string}"},"query-input":{"@type":"PropertyValueSpecification","valueRequired":true,"valueName":"search_term_string"}}],"inLanguage":"hr"},{"@type":"Organization","@id":"https:\/\/radioljubuski.ba\/#organization","name":"Radio Ljubu\u0161ki","url":"https:\/\/radioljubuski.ba\/","logo":{"@type":"ImageObject","inLanguage":"hr","@id":"https:\/\/radioljubuski.ba\/#\/schema\/logo\/image\/","url":"https:\/\/radioljubuski.ba\/wp-content\/uploads\/2021\/02\/cropped-Radio_Ljubuski_logo1.jpg","contentUrl":"https:\/\/radioljubuski.ba\/wp-content\/uploads\/2021\/02\/cropped-Radio_Ljubuski_logo1.jpg","width":512,"height":512,"caption":"Radio Ljubu\u0161ki"},"image":{"@id":"https:\/\/radioljubuski.ba\/#\/schema\/logo\/image\/"},"sameAs":["https:\/\/www.facebook.com\/Radiio-Ljubuski-1490835324566332","https:\/\/x.com\/radioljubuski","https:\/\/hr.linkedin.com\/company\/radio-ljubuski","https:\/\/www.youtube.com\/channel\/UCHYaeO_n0Db3tjNGudGpXyw"]},{"@type":"Person","@id":"https:\/\/radioljubuski.ba\/#\/schema\/person\/19fc700381a780f69665d7956c469e3b","name":"Radio Ljubu\u0161ki"}]}},"_links":{"self":[{"href":"https:\/\/radioljubuski.ba\/index.php\/wp-json\/wp\/v2\/posts\/155551","targetHints":{"allow":["GET"]}}],"collection":[{"href":"https:\/\/radioljubuski.ba\/index.php\/wp-json\/wp\/v2\/posts"}],"about":[{"href":"https:\/\/radioljubuski.ba\/index.php\/wp-json\/wp\/v2\/types\/post"}],"author":[{"embeddable":true,"href":"https:\/\/radioljubuski.ba\/index.php\/wp-json\/wp\/v2\/users\/2"}],"replies":[{"embeddable":true,"href":"https:\/\/radioljubuski.ba\/index.php\/wp-json\/wp\/v2\/comments?post=155551"}],"version-history":[{"count":1,"href":"https:\/\/radioljubuski.ba\/index.php\/wp-json\/wp\/v2\/posts\/155551\/revisions"}],"predecessor-version":[{"id":155559,"href":"https:\/\/radioljubuski.ba\/index.php\/wp-json\/wp\/v2\/posts\/155551\/revisions\/155559"}],"wp:featuredmedia":[{"embeddable":true,"href":"https:\/\/radioljubuski.ba\/index.php\/wp-json\/wp\/v2\/media\/155558"}],"wp:attachment":[{"href":"https:\/\/radioljubuski.ba\/index.php\/wp-json\/wp\/v2\/media?parent=155551"}],"wp:term":[{"taxonomy":"category","embeddable":true,"href":"https:\/\/radioljubuski.ba\/index.php\/wp-json\/wp\/v2\/categories?post=155551"},{"taxonomy":"post_tag","embeddable":true,"href":"https:\/\/radioljubuski.ba\/index.php\/wp-json\/wp\/v2\/tags?post=155551"}],"curies":[{"name":"wp","href":"https:\/\/api.w.org\/{rel}","templated":true}]}}