{"id":155566,"date":"2022-07-04T09:07:50","date_gmt":"2022-07-04T08:07:50","guid":{"rendered":"https:\/\/radioljubuski.ba\/?p=155566"},"modified":"2022-07-04T09:07:52","modified_gmt":"2022-07-04T08:07:52","slug":"danska-policija-otkrila-nove-detalje-o-velikoj-pucnjavi-u-trgovackom-centru","status":"publish","type":"post","link":"https:\/\/radioljubuski.ba\/index.php\/2022\/07\/04\/danska-policija-otkrila-nove-detalje-o-velikoj-pucnjavi-u-trgovackom-centru\/","title":{"rendered":"Danska policija otkrila nove detalje o velikoj pucnjavi u trgova\u010dkom centru"},"content":{"rendered":"\n<p>Pucnjava u trgova\u010dkom centru u glavnom gradu Danske Kopenhagenu, u kojoj je u nedjelju ubijeno najmanje troje ljudi, nije bila teroristi\u010dki \u010din, objavio je u ponedjeljak glavni policijski inspektor Soren Thomassen.<\/p>\n\n\n\n<p>Najmanje troje ljudi poginulo je u nedjeljnom napadu u danskoj prijestolnici, a \u010detvero je te\u0161ko ozlije\u0111eno. Ubijeno je dvoje danskih sedamnaestogodi\u0161njaka i 47-godi\u0161nji Rus koji je \u017eivio u toj zemlji.<\/p>\n\n\n\n<p>Thomassen je rekao za televiziju TV2 da je napada\u010d, koji je uhi\u0107en bez otpora, u ljude pucao nasumi\u010dno.<\/p>\n\n\n\n<p>\u201eNema naznaka u istrazi, dokumentima ili izjavama svjedoka da bi se moglo raditi o terorizmu\u201c, naglasio je inspektor, kazav\u0161i da je prerano govoriti o motivima napada\u010da.<\/p>\n\n\n\n<p>Danski mediji prenijeli su kako je rije\u010d o 22-godi\u0161njem \u201eetni\u010dkom Dancu\u201c koji je djelovao sam. Thomassen je kazao kako je napada\u010d u pro\u0161losti tra\u017eio psihijatrijsku pomo\u0107.<\/p>\n\n\n\n<p>Pro\u0111ene su njegove objave na dru\u0161tvenim mre\u017eama u kojima pozira s oru\u017ejem, simulira samoubojstvo i govori o uzimanju lijeka koji mu je propisao psihijatar, no \u201ekoji ne djeluje\u201c, prenosi agencija France Presse.<\/p>\n\n\n\n<p>Pucnjava se dogodila oko 17.30 sati po mjesnom i po srednjoeuropskom vremenu, potaknuv\u0161i paniku. Kada su se za\u010duli prvi pucnji, stotinjak ljudi je pohrlilo prema izlazu, pokazuju snimke. Drugi su se sakrili u trgova\u010dkom centru, u kojem je bio ve\u0107i broj posjetitelja jer se u obli\u017enjoj dvorani trebao odr\u017eati koncert britanskog pjeva\u010da Harryja Stylesa, koji je poslije otkazan.<\/p>\n\n\n\n<p>Otkazan je i doga\u0111aj kojim se trebao obilje\u017eiti kraj prvog dijela biciklisti\u010dke utrke Tour de France kojem je doma\u0107in trebao biti danski princ, a go\u0161\u0107a danska premijerka Mette Frederiksen.<\/p>\n\n\n\n<p>Po izjavama koje su svjedoci dali za danska glasila, osumnji\u010denik je poku\u0161ao namamiti \u017ertve rekav\u0161i da je njegovo oru\u017eje la\u017eno, ne bi li ih naveo da mu se pribli\u017ee. \u201cBio je dovoljno psihopat da lovi ljude, ali nije tr\u010dao\u201d, rekao je o\u010devidac za javnu televiziju DR.<\/p>\n\n\n\n<p>Izvor: <a href=\"https:\/\/pogled.ba\/svijet\/danska-policija-otkrila-nove-detalje-o-velikoj-pucnjavi-u-trgovackom-centru\/249788\">Pogled.ba<\/a><\/p>\n","protected":false},"excerpt":{"rendered":"<p>Pucnjava u trgova\u010dkom centru u glavnom gradu Danske Kopenhagenu, u kojoj je u nedjelju ubijeno najmanje troje ljudi, nije bila teroristi\u010dki \u010din, objavio je u ponedjeljak glavni policijski inspektor Soren Thomassen. Najmanje troje ljudi poginulo je u nedjeljnom napadu u danskoj prijestolnici, a \u010detvero je te\u0161ko ozlije\u0111eno. Ubijeno je dvoje danskih sedamnaestogodi\u0161njaka i 47-godi\u0161nji Rus [&hellip;]<\/p>\n","protected":false},"author":2,"featured_media":155567,"comment_status":"closed","ping_status":"closed","sticky":false,"template":"","format":"standard","meta":{"h5ap_radio_sources":[],"footnotes":""},"categories":[1],"tags":[],"class_list":["post-155566","post","type-post","status-publish","format-standard","has-post-thumbnail","hentry","category-bihiregija"],"yoast_head":"<!-- This site is optimized with the Yoast SEO plugin v27.5 - https:\/\/yoast.com\/product\/yoast-seo-wordpress\/ -->\n<title>Danska policija otkrila nove detalje o velikoj pucnjavi u trgova\u010dkom centru - RADIO LJUBU\u0160KI<\/title>\n<meta name=\"robots\" content=\"index, follow, max-snippet:-1, max-image-preview:large, max-video-preview:-1\" \/>\n<link rel=\"canonical\" href=\"https:\/\/radioljubuski.ba\/index.php\/2022\/07\/04\/danska-policija-otkrila-nove-detalje-o-velikoj-pucnjavi-u-trgovackom-centru\/\" \/>\n<meta property=\"og:locale\" content=\"hr_HR\" \/>\n<meta property=\"og:type\" content=\"article\" \/>\n<meta property=\"og:title\" content=\"Danska policija otkrila nove detalje o velikoj pucnjavi u trgova\u010dkom centru - RADIO LJUBU\u0160KI\" \/>\n<meta property=\"og:description\" content=\"Pucnjava u trgova\u010dkom centru u glavnom gradu Danske Kopenhagenu, u kojoj je u nedjelju ubijeno najmanje troje ljudi, nije bila teroristi\u010dki \u010din, objavio je u ponedjeljak glavni policijski inspektor Soren Thomassen. Najmanje troje ljudi poginulo je u nedjeljnom napadu u danskoj prijestolnici, a \u010detvero je te\u0161ko ozlije\u0111eno. Ubijeno je dvoje danskih sedamnaestogodi\u0161njaka i 47-godi\u0161nji Rus [&hellip;]\" \/>\n<meta property=\"og:url\" content=\"https:\/\/radioljubuski.ba\/index.php\/2022\/07\/04\/danska-policija-otkrila-nove-detalje-o-velikoj-pucnjavi-u-trgovackom-centru\/\" \/>\n<meta property=\"og:site_name\" content=\"RADIO LJUBU\u0160KI\" \/>\n<meta property=\"article:publisher\" content=\"https:\/\/www.facebook.com\/Radiio-Ljubuski-1490835324566332\" \/>\n<meta property=\"article:published_time\" content=\"2022-07-04T08:07:50+00:00\" \/>\n<meta property=\"article:modified_time\" content=\"2022-07-04T08:07:52+00:00\" \/>\n<meta property=\"og:image\" content=\"https:\/\/radioljubuski.ba\/wp-content\/uploads\/2022\/07\/8-2022-07-04-10-02-34-kopenhagen-1.jpg\" \/>\n\t<meta property=\"og:image:width\" content=\"1000\" \/>\n\t<meta property=\"og:image:height\" content=\"625\" \/>\n\t<meta property=\"og:image:type\" content=\"image\/jpeg\" \/>\n<meta name=\"author\" content=\"Radio Ljubu\u0161ki\" \/>\n<meta name=\"twitter:card\" content=\"summary_large_image\" \/>\n<meta name=\"twitter:creator\" content=\"@radioljubuski\" \/>\n<meta name=\"twitter:site\" content=\"@radioljubuski\" \/>\n<meta name=\"twitter:label1\" content=\"Napisao\/la\" \/>\n\t<meta name=\"twitter:data1\" content=\"Radio Ljubu\u0161ki\" \/>\n\t<meta name=\"twitter:label2\" content=\"Procijenjeno vrijeme \u010ditanja\" \/>\n\t<meta name=\"twitter:data2\" content=\"2 minute\" \/>\n<script type=\"application\/ld+json\" class=\"yoast-schema-graph\">{\"@context\":\"https:\\\/\\\/schema.org\",\"@graph\":[{\"@type\":\"Article\",\"@id\":\"https:\\\/\\\/radioljubuski.ba\\\/index.php\\\/2022\\\/07\\\/04\\\/danska-policija-otkrila-nove-detalje-o-velikoj-pucnjavi-u-trgovackom-centru\\\/#article\",\"isPartOf\":{\"@id\":\"https:\\\/\\\/radioljubuski.ba\\\/index.php\\\/2022\\\/07\\\/04\\\/danska-policija-otkrila-nove-detalje-o-velikoj-pucnjavi-u-trgovackom-centru\\\/\"},\"author\":{\"name\":\"Radio Ljubu\u0161ki\",\"@id\":\"https:\\\/\\\/radioljubuski.ba\\\/#\\\/schema\\\/person\\\/19fc700381a780f69665d7956c469e3b\"},\"headline\":\"Danska policija otkrila nove detalje o velikoj pucnjavi u trgova\u010dkom centru\",\"datePublished\":\"2022-07-04T08:07:50+00:00\",\"dateModified\":\"2022-07-04T08:07:52+00:00\",\"mainEntityOfPage\":{\"@id\":\"https:\\\/\\\/radioljubuski.ba\\\/index.php\\\/2022\\\/07\\\/04\\\/danska-policija-otkrila-nove-detalje-o-velikoj-pucnjavi-u-trgovackom-centru\\\/\"},\"wordCount\":348,\"publisher\":{\"@id\":\"https:\\\/\\\/radioljubuski.ba\\\/#organization\"},\"image\":{\"@id\":\"https:\\\/\\\/radioljubuski.ba\\\/index.php\\\/2022\\\/07\\\/04\\\/danska-policija-otkrila-nove-detalje-o-velikoj-pucnjavi-u-trgovackom-centru\\\/#primaryimage\"},\"thumbnailUrl\":\"https:\\\/\\\/radioljubuski.ba\\\/wp-content\\\/uploads\\\/2022\\\/07\\\/8-2022-07-04-10-02-34-kopenhagen-1.jpg\",\"articleSection\":[\"BIH i regija\"],\"inLanguage\":\"hr\"},{\"@type\":\"WebPage\",\"@id\":\"https:\\\/\\\/radioljubuski.ba\\\/index.php\\\/2022\\\/07\\\/04\\\/danska-policija-otkrila-nove-detalje-o-velikoj-pucnjavi-u-trgovackom-centru\\\/\",\"url\":\"https:\\\/\\\/radioljubuski.ba\\\/index.php\\\/2022\\\/07\\\/04\\\/danska-policija-otkrila-nove-detalje-o-velikoj-pucnjavi-u-trgovackom-centru\\\/\",\"name\":\"Danska policija otkrila nove detalje o velikoj pucnjavi u trgova\u010dkom centru - RADIO LJUBU\u0160KI\",\"isPartOf\":{\"@id\":\"https:\\\/\\\/radioljubuski.ba\\\/#website\"},\"primaryImageOfPage\":{\"@id\":\"https:\\\/\\\/radioljubuski.ba\\\/index.php\\\/2022\\\/07\\\/04\\\/danska-policija-otkrila-nove-detalje-o-velikoj-pucnjavi-u-trgovackom-centru\\\/#primaryimage\"},\"image\":{\"@id\":\"https:\\\/\\\/radioljubuski.ba\\\/index.php\\\/2022\\\/07\\\/04\\\/danska-policija-otkrila-nove-detalje-o-velikoj-pucnjavi-u-trgovackom-centru\\\/#primaryimage\"},\"thumbnailUrl\":\"https:\\\/\\\/radioljubuski.ba\\\/wp-content\\\/uploads\\\/2022\\\/07\\\/8-2022-07-04-10-02-34-kopenhagen-1.jpg\",\"datePublished\":\"2022-07-04T08:07:50+00:00\",\"dateModified\":\"2022-07-04T08:07:52+00:00\",\"breadcrumb\":{\"@id\":\"https:\\\/\\\/radioljubuski.ba\\\/index.php\\\/2022\\\/07\\\/04\\\/danska-policija-otkrila-nove-detalje-o-velikoj-pucnjavi-u-trgovackom-centru\\\/#breadcrumb\"},\"inLanguage\":\"hr\",\"potentialAction\":[{\"@type\":\"ReadAction\",\"target\":[\"https:\\\/\\\/radioljubuski.ba\\\/index.php\\\/2022\\\/07\\\/04\\\/danska-policija-otkrila-nove-detalje-o-velikoj-pucnjavi-u-trgovackom-centru\\\/\"]}]},{\"@type\":\"ImageObject\",\"inLanguage\":\"hr\",\"@id\":\"https:\\\/\\\/radioljubuski.ba\\\/index.php\\\/2022\\\/07\\\/04\\\/danska-policija-otkrila-nove-detalje-o-velikoj-pucnjavi-u-trgovackom-centru\\\/#primaryimage\",\"url\":\"https:\\\/\\\/radioljubuski.ba\\\/wp-content\\\/uploads\\\/2022\\\/07\\\/8-2022-07-04-10-02-34-kopenhagen-1.jpg\",\"contentUrl\":\"https:\\\/\\\/radioljubuski.ba\\\/wp-content\\\/uploads\\\/2022\\\/07\\\/8-2022-07-04-10-02-34-kopenhagen-1.jpg\",\"width\":1000,\"height\":625},{\"@type\":\"BreadcrumbList\",\"@id\":\"https:\\\/\\\/radioljubuski.ba\\\/index.php\\\/2022\\\/07\\\/04\\\/danska-policija-otkrila-nove-detalje-o-velikoj-pucnjavi-u-trgovackom-centru\\\/#breadcrumb\",\"itemListElement\":[{\"@type\":\"ListItem\",\"position\":1,\"name\":\"Po\u010detna stranica\",\"item\":\"https:\\\/\\\/radioljubuski.ba\\\/\"},{\"@type\":\"ListItem\",\"position\":2,\"name\":\"Danska policija otkrila nove detalje o velikoj pucnjavi u trgova\u010dkom centru\"}]},{\"@type\":\"WebSite\",\"@id\":\"https:\\\/\\\/radioljubuski.ba\\\/#website\",\"url\":\"https:\\\/\\\/radioljubuski.ba\\\/\",\"name\":\"Radio Ljubu\u0161ki\",\"description\":\"Sun\u010dana frekvencija Hercegovine\",\"publisher\":{\"@id\":\"https:\\\/\\\/radioljubuski.ba\\\/#organization\"},\"potentialAction\":[{\"@type\":\"SearchAction\",\"target\":{\"@type\":\"EntryPoint\",\"urlTemplate\":\"https:\\\/\\\/radioljubuski.ba\\\/?s={search_term_string}\"},\"query-input\":{\"@type\":\"PropertyValueSpecification\",\"valueRequired\":true,\"valueName\":\"search_term_string\"}}],\"inLanguage\":\"hr\"},{\"@type\":\"Organization\",\"@id\":\"https:\\\/\\\/radioljubuski.ba\\\/#organization\",\"name\":\"Radio Ljubu\u0161ki\",\"url\":\"https:\\\/\\\/radioljubuski.ba\\\/\",\"logo\":{\"@type\":\"ImageObject\",\"inLanguage\":\"hr\",\"@id\":\"https:\\\/\\\/radioljubuski.ba\\\/#\\\/schema\\\/logo\\\/image\\\/\",\"url\":\"https:\\\/\\\/radioljubuski.ba\\\/wp-content\\\/uploads\\\/2021\\\/02\\\/cropped-Radio_Ljubuski_logo1.jpg\",\"contentUrl\":\"https:\\\/\\\/radioljubuski.ba\\\/wp-content\\\/uploads\\\/2021\\\/02\\\/cropped-Radio_Ljubuski_logo1.jpg\",\"width\":512,\"height\":512,\"caption\":\"Radio Ljubu\u0161ki\"},\"image\":{\"@id\":\"https:\\\/\\\/radioljubuski.ba\\\/#\\\/schema\\\/logo\\\/image\\\/\"},\"sameAs\":[\"https:\\\/\\\/www.facebook.com\\\/Radiio-Ljubuski-1490835324566332\",\"https:\\\/\\\/x.com\\\/radioljubuski\",\"https:\\\/\\\/hr.linkedin.com\\\/company\\\/radio-ljubuski\",\"https:\\\/\\\/www.youtube.com\\\/channel\\\/UCHYaeO_n0Db3tjNGudGpXyw\"]},{\"@type\":\"Person\",\"@id\":\"https:\\\/\\\/radioljubuski.ba\\\/#\\\/schema\\\/person\\\/19fc700381a780f69665d7956c469e3b\",\"name\":\"Radio Ljubu\u0161ki\"}]}<\/script>\n<!-- \/ Yoast SEO plugin. -->","yoast_head_json":{"title":"Danska policija otkrila nove detalje o velikoj pucnjavi u trgova\u010dkom centru - RADIO LJUBU\u0160KI","robots":{"index":"index","follow":"follow","max-snippet":"max-snippet:-1","max-image-preview":"max-image-preview:large","max-video-preview":"max-video-preview:-1"},"canonical":"https:\/\/radioljubuski.ba\/index.php\/2022\/07\/04\/danska-policija-otkrila-nove-detalje-o-velikoj-pucnjavi-u-trgovackom-centru\/","og_locale":"hr_HR","og_type":"article","og_title":"Danska policija otkrila nove detalje o velikoj pucnjavi u trgova\u010dkom centru - RADIO LJUBU\u0160KI","og_description":"Pucnjava u trgova\u010dkom centru u glavnom gradu Danske Kopenhagenu, u kojoj je u nedjelju ubijeno najmanje troje ljudi, nije bila teroristi\u010dki \u010din, objavio je u ponedjeljak glavni policijski inspektor Soren Thomassen. Najmanje troje ljudi poginulo je u nedjeljnom napadu u danskoj prijestolnici, a \u010detvero je te\u0161ko ozlije\u0111eno. Ubijeno je dvoje danskih sedamnaestogodi\u0161njaka i 47-godi\u0161nji Rus [&hellip;]","og_url":"https:\/\/radioljubuski.ba\/index.php\/2022\/07\/04\/danska-policija-otkrila-nove-detalje-o-velikoj-pucnjavi-u-trgovackom-centru\/","og_site_name":"RADIO LJUBU\u0160KI","article_publisher":"https:\/\/www.facebook.com\/Radiio-Ljubuski-1490835324566332","article_published_time":"2022-07-04T08:07:50+00:00","article_modified_time":"2022-07-04T08:07:52+00:00","og_image":[{"width":1000,"height":625,"url":"https:\/\/radioljubuski.ba\/wp-content\/uploads\/2022\/07\/8-2022-07-04-10-02-34-kopenhagen-1.jpg","type":"image\/jpeg"}],"author":"Radio Ljubu\u0161ki","twitter_card":"summary_large_image","twitter_creator":"@radioljubuski","twitter_site":"@radioljubuski","twitter_misc":{"Napisao\/la":"Radio Ljubu\u0161ki","Procijenjeno vrijeme \u010ditanja":"2 minute"},"schema":{"@context":"https:\/\/schema.org","@graph":[{"@type":"Article","@id":"https:\/\/radioljubuski.ba\/index.php\/2022\/07\/04\/danska-policija-otkrila-nove-detalje-o-velikoj-pucnjavi-u-trgovackom-centru\/#article","isPartOf":{"@id":"https:\/\/radioljubuski.ba\/index.php\/2022\/07\/04\/danska-policija-otkrila-nove-detalje-o-velikoj-pucnjavi-u-trgovackom-centru\/"},"author":{"name":"Radio Ljubu\u0161ki","@id":"https:\/\/radioljubuski.ba\/#\/schema\/person\/19fc700381a780f69665d7956c469e3b"},"headline":"Danska policija otkrila nove detalje o velikoj pucnjavi u trgova\u010dkom centru","datePublished":"2022-07-04T08:07:50+00:00","dateModified":"2022-07-04T08:07:52+00:00","mainEntityOfPage":{"@id":"https:\/\/radioljubuski.ba\/index.php\/2022\/07\/04\/danska-policija-otkrila-nove-detalje-o-velikoj-pucnjavi-u-trgovackom-centru\/"},"wordCount":348,"publisher":{"@id":"https:\/\/radioljubuski.ba\/#organization"},"image":{"@id":"https:\/\/radioljubuski.ba\/index.php\/2022\/07\/04\/danska-policija-otkrila-nove-detalje-o-velikoj-pucnjavi-u-trgovackom-centru\/#primaryimage"},"thumbnailUrl":"https:\/\/radioljubuski.ba\/wp-content\/uploads\/2022\/07\/8-2022-07-04-10-02-34-kopenhagen-1.jpg","articleSection":["BIH i regija"],"inLanguage":"hr"},{"@type":"WebPage","@id":"https:\/\/radioljubuski.ba\/index.php\/2022\/07\/04\/danska-policija-otkrila-nove-detalje-o-velikoj-pucnjavi-u-trgovackom-centru\/","url":"https:\/\/radioljubuski.ba\/index.php\/2022\/07\/04\/danska-policija-otkrila-nove-detalje-o-velikoj-pucnjavi-u-trgovackom-centru\/","name":"Danska policija otkrila nove detalje o velikoj pucnjavi u trgova\u010dkom centru - RADIO LJUBU\u0160KI","isPartOf":{"@id":"https:\/\/radioljubuski.ba\/#website"},"primaryImageOfPage":{"@id":"https:\/\/radioljubuski.ba\/index.php\/2022\/07\/04\/danska-policija-otkrila-nove-detalje-o-velikoj-pucnjavi-u-trgovackom-centru\/#primaryimage"},"image":{"@id":"https:\/\/radioljubuski.ba\/index.php\/2022\/07\/04\/danska-policija-otkrila-nove-detalje-o-velikoj-pucnjavi-u-trgovackom-centru\/#primaryimage"},"thumbnailUrl":"https:\/\/radioljubuski.ba\/wp-content\/uploads\/2022\/07\/8-2022-07-04-10-02-34-kopenhagen-1.jpg","datePublished":"2022-07-04T08:07:50+00:00","dateModified":"2022-07-04T08:07:52+00:00","breadcrumb":{"@id":"https:\/\/radioljubuski.ba\/index.php\/2022\/07\/04\/danska-policija-otkrila-nove-detalje-o-velikoj-pucnjavi-u-trgovackom-centru\/#breadcrumb"},"inLanguage":"hr","potentialAction":[{"@type":"ReadAction","target":["https:\/\/radioljubuski.ba\/index.php\/2022\/07\/04\/danska-policija-otkrila-nove-detalje-o-velikoj-pucnjavi-u-trgovackom-centru\/"]}]},{"@type":"ImageObject","inLanguage":"hr","@id":"https:\/\/radioljubuski.ba\/index.php\/2022\/07\/04\/danska-policija-otkrila-nove-detalje-o-velikoj-pucnjavi-u-trgovackom-centru\/#primaryimage","url":"https:\/\/radioljubuski.ba\/wp-content\/uploads\/2022\/07\/8-2022-07-04-10-02-34-kopenhagen-1.jpg","contentUrl":"https:\/\/radioljubuski.ba\/wp-content\/uploads\/2022\/07\/8-2022-07-04-10-02-34-kopenhagen-1.jpg","width":1000,"height":625},{"@type":"BreadcrumbList","@id":"https:\/\/radioljubuski.ba\/index.php\/2022\/07\/04\/danska-policija-otkrila-nove-detalje-o-velikoj-pucnjavi-u-trgovackom-centru\/#breadcrumb","itemListElement":[{"@type":"ListItem","position":1,"name":"Po\u010detna stranica","item":"https:\/\/radioljubuski.ba\/"},{"@type":"ListItem","position":2,"name":"Danska policija otkrila nove detalje o velikoj pucnjavi u trgova\u010dkom centru"}]},{"@type":"WebSite","@id":"https:\/\/radioljubuski.ba\/#website","url":"https:\/\/radioljubuski.ba\/","name":"Radio Ljubu\u0161ki","description":"Sun\u010dana frekvencija Hercegovine","publisher":{"@id":"https:\/\/radioljubuski.ba\/#organization"},"potentialAction":[{"@type":"SearchAction","target":{"@type":"EntryPoint","urlTemplate":"https:\/\/radioljubuski.ba\/?s={search_term_string}"},"query-input":{"@type":"PropertyValueSpecification","valueRequired":true,"valueName":"search_term_string"}}],"inLanguage":"hr"},{"@type":"Organization","@id":"https:\/\/radioljubuski.ba\/#organization","name":"Radio Ljubu\u0161ki","url":"https:\/\/radioljubuski.ba\/","logo":{"@type":"ImageObject","inLanguage":"hr","@id":"https:\/\/radioljubuski.ba\/#\/schema\/logo\/image\/","url":"https:\/\/radioljubuski.ba\/wp-content\/uploads\/2021\/02\/cropped-Radio_Ljubuski_logo1.jpg","contentUrl":"https:\/\/radioljubuski.ba\/wp-content\/uploads\/2021\/02\/cropped-Radio_Ljubuski_logo1.jpg","width":512,"height":512,"caption":"Radio Ljubu\u0161ki"},"image":{"@id":"https:\/\/radioljubuski.ba\/#\/schema\/logo\/image\/"},"sameAs":["https:\/\/www.facebook.com\/Radiio-Ljubuski-1490835324566332","https:\/\/x.com\/radioljubuski","https:\/\/hr.linkedin.com\/company\/radio-ljubuski","https:\/\/www.youtube.com\/channel\/UCHYaeO_n0Db3tjNGudGpXyw"]},{"@type":"Person","@id":"https:\/\/radioljubuski.ba\/#\/schema\/person\/19fc700381a780f69665d7956c469e3b","name":"Radio Ljubu\u0161ki"}]}},"_links":{"self":[{"href":"https:\/\/radioljubuski.ba\/index.php\/wp-json\/wp\/v2\/posts\/155566","targetHints":{"allow":["GET"]}}],"collection":[{"href":"https:\/\/radioljubuski.ba\/index.php\/wp-json\/wp\/v2\/posts"}],"about":[{"href":"https:\/\/radioljubuski.ba\/index.php\/wp-json\/wp\/v2\/types\/post"}],"author":[{"embeddable":true,"href":"https:\/\/radioljubuski.ba\/index.php\/wp-json\/wp\/v2\/users\/2"}],"replies":[{"embeddable":true,"href":"https:\/\/radioljubuski.ba\/index.php\/wp-json\/wp\/v2\/comments?post=155566"}],"version-history":[{"count":1,"href":"https:\/\/radioljubuski.ba\/index.php\/wp-json\/wp\/v2\/posts\/155566\/revisions"}],"predecessor-version":[{"id":155568,"href":"https:\/\/radioljubuski.ba\/index.php\/wp-json\/wp\/v2\/posts\/155566\/revisions\/155568"}],"wp:featuredmedia":[{"embeddable":true,"href":"https:\/\/radioljubuski.ba\/index.php\/wp-json\/wp\/v2\/media\/155567"}],"wp:attachment":[{"href":"https:\/\/radioljubuski.ba\/index.php\/wp-json\/wp\/v2\/media?parent=155566"}],"wp:term":[{"taxonomy":"category","embeddable":true,"href":"https:\/\/radioljubuski.ba\/index.php\/wp-json\/wp\/v2\/categories?post=155566"},{"taxonomy":"post_tag","embeddable":true,"href":"https:\/\/radioljubuski.ba\/index.php\/wp-json\/wp\/v2\/tags?post=155566"}],"curies":[{"name":"wp","href":"https:\/\/api.w.org\/{rel}","templated":true}]}}