{"id":155583,"date":"2022-07-04T09:26:33","date_gmt":"2022-07-04T08:26:33","guid":{"rendered":"https:\/\/radioljubuski.ba\/?p=155583"},"modified":"2022-07-04T09:26:35","modified_gmt":"2022-07-04T08:26:35","slug":"tamara-herceg-sudjelovala-na-izlozbi-dio-nas-u-sklopu-petog-hrvatskog-iseljenickog-kongresa","status":"publish","type":"post","link":"https:\/\/radioljubuski.ba\/index.php\/2022\/07\/04\/tamara-herceg-sudjelovala-na-izlozbi-dio-nas-u-sklopu-petog-hrvatskog-iseljenickog-kongresa\/","title":{"rendered":"Tamara Herceg sudjelovala na izlo\u017ebi \u201cDio nas\u201d u sklopu Petog hrvatskog iseljeni\u010dkog kongresa"},"content":{"rendered":"\n<p>Izlo\u017eba \u201cDio nas\u201d, autora Darija Pehara, Marija \u0160unji\u0107a, Dalibora Nikoli\u0107a, \u017deljka Korena i Tamare Herceg, otvorena je u \u010detvrtak u Galeriji kraljice Katarine Kosa\u010de u Mostaru u sklopu Petog hrvatskog iseljeni\u010dkog kongresa.<\/p>\n\n\n\n<p>\u2013 Izlo\u017eeno je oko 30 radova umjetnika sa \u0161irokobrije\u0161ke Akademije likovnih umjetnosti, a prete\u017eno su ra\u0111eni akril tehnikom. Koncepcija je bila takva da se odaberu aktualni autori koji konzistentno rade i koji mogu ponuditi razinu kvalitete koja Mostar zaista pozicionira visoko na ljestvici ne samo u na\u0161oj zemlji nego i \u0161ire \u2013 kazao je voditelj Galerije kraljice Katarine Kosa\u010de i jedan od autora izlo\u017eenih radova Dalibor Nikoli\u0107.<\/p>\n\n\n\n<p>Dodao je kako Mostar ba\u0161tini kronologiju izrazito kvalitetnih galerijskih prostora i vizualnih doga\u0111anja.<\/p>\n\n\n\n<p>\u2013 Tu je na\u0161a galerija, tu je Sveu\u010dili\u0161na galerija, galerija na biskupiji i HUB, koji tako\u0111er ba\u0161tini djela svjetski priznatih, renomiranih umjetnika. Upravo u duhu tog novog vala i kvalitete i koli\u010dine radova koje imamo priliku vidjeti u Mostaru, mi smo htjeli biti dio te kvalitete. Autori \u010diji su radovi izlo\u017eeni nisu ovdje slu\u010dajno, odabrani su na principu onoga \u0161to u posljednje vrijeme rade i svi ovi radovi zadovoljavaju vrlo visoke vizualne i likovne kriterije \u2013 kazao je Nikoli\u0107.<\/p>\n\n\n\n<p>Osim izlo\u017ebe, u Galeriji je predstavljena i znanstvena knjiga, zbornik radova \u201cHrvatska izvan domovine IV\u201d, koji su uredile Ivana Hebrang Grgi\u0107 i Tanja Tro\u0161elj Mio\u010devi\u0107.<\/p>\n\n\n\n<p>\u2013 Rije\u010d je o zborniku radova predstavljenih na pro\u0161logodi\u0161njem kongresu odr\u017eanom u Zagrebu. Radovi su znanstveni, stru\u010dni, a ima i onih koji su pisani esejisti\u010dkim stilom i mislim da \u0107e svatko prona\u0107i ne\u0161to za sebe. Nadam se da \u0107emo se za dvije godine opet na\u0107i svi zajedno na promociji zbornika koji \u0107e nam donijeti radove koji \u0107e biti izlo\u017eeni na ovom kongresu koji nam sada po\u010dinje \u2013 kazala je Hebrang Grgi\u0107.<\/p>\n\n\n\n<p>Na Petom hrvatskom iseljeni\u010dkom kongresu, koji se u Mostaru odr\u017eavao od 30. lipnja do 3. srpnja pod geslom \u201cIzazovi i perspektive zajedni\u0161tva\u201d, bilo je 150 izlaganja i vi\u0161e od 200 sudionika koji su razgovarali o iseljeni\u010dkim i migracijskim temama.<\/p>\n\n\n\n<p>U sklopu Kongresa, \u010diji su organizatori Centar za istra\u017eivanje hrvatskog iseljeni\u0161tva i Sveu\u010dili\u0161te u Mostaru, odr\u017eao se i Gospodarski forum s te\u017ei\u0161tem na ekonomiji i poduzetni\u0161tvu.<\/p>\n\n\n\n<p>Kao i prethodni kongresi, Peti hrvatski iseljeni\u010dki kongres bio je otvoren znanstvenicima i stru\u010dnjacima iz cijelog svijeta koji se bave iseljeni\u010dkim i migracijskim temama i o\u010duvanjem hrvatskog nacionalnog identiteta, kao i gospodarstvenicima, umjetnicima, stru\u010dnjacima svih generacija, te iseljenicima i povratnicima u domovinu da predstave svoj rad i iskustva.<\/p>\n\n\n\n<p>Kroz razli\u010dite tematske cjeline obra\u0111ivala su se pitanja iz podru\u010dja demografije, gospodarstva, javnih politika, povijesti, kulture, umjetnosti, jezika, ba\u0161tine, duhovnosti, one vezane uz dru\u0161tvene i tehnolo\u0161ke promjene, te druge aktualne teme koje povezuju iseljeni\u0161tvo i domovinu.<\/p>\n\n\n\n<p><strong>Izvor: Ljportal.com<\/strong><\/p>\n","protected":false},"excerpt":{"rendered":"<p>Izlo\u017eba \u201cDio nas\u201d, autora Darija Pehara, Marija \u0160unji\u0107a, Dalibora Nikoli\u0107a, \u017deljka Korena i Tamare Herceg, otvorena je u \u010detvrtak u Galeriji kraljice Katarine Kosa\u010de u Mostaru u sklopu Petog hrvatskog iseljeni\u010dkog kongresa. \u2013 Izlo\u017eeno je oko 30 radova umjetnika sa \u0161irokobrije\u0161ke Akademije likovnih umjetnosti, a prete\u017eno su ra\u0111eni akril tehnikom. Koncepcija je bila takva da [&hellip;]<\/p>\n","protected":false},"author":2,"featured_media":155584,"comment_status":"closed","ping_status":"closed","sticky":false,"template":"","format":"standard","meta":{"h5ap_radio_sources":[],"footnotes":""},"categories":[3],"tags":[],"class_list":["post-155583","post","type-post","status-publish","format-standard","has-post-thumbnail","hentry","category-ljubuski"],"yoast_head":"<!-- This site is optimized with the Yoast SEO plugin v27.5 - https:\/\/yoast.com\/product\/yoast-seo-wordpress\/ -->\n<title>Tamara Herceg sudjelovala na izlo\u017ebi \u201cDio nas\u201d u sklopu Petog hrvatskog iseljeni\u010dkog kongresa - RADIO LJUBU\u0160KI<\/title>\n<meta name=\"robots\" content=\"index, follow, max-snippet:-1, max-image-preview:large, max-video-preview:-1\" \/>\n<link rel=\"canonical\" href=\"https:\/\/radioljubuski.ba\/index.php\/2022\/07\/04\/tamara-herceg-sudjelovala-na-izlozbi-dio-nas-u-sklopu-petog-hrvatskog-iseljenickog-kongresa\/\" \/>\n<meta property=\"og:locale\" content=\"hr_HR\" \/>\n<meta property=\"og:type\" content=\"article\" \/>\n<meta property=\"og:title\" content=\"Tamara Herceg sudjelovala na izlo\u017ebi \u201cDio nas\u201d u sklopu Petog hrvatskog iseljeni\u010dkog kongresa - RADIO LJUBU\u0160KI\" \/>\n<meta property=\"og:description\" content=\"Izlo\u017eba \u201cDio nas\u201d, autora Darija Pehara, Marija \u0160unji\u0107a, Dalibora Nikoli\u0107a, \u017deljka Korena i Tamare Herceg, otvorena je u \u010detvrtak u Galeriji kraljice Katarine Kosa\u010de u Mostaru u sklopu Petog hrvatskog iseljeni\u010dkog kongresa. \u2013 Izlo\u017eeno je oko 30 radova umjetnika sa \u0161irokobrije\u0161ke Akademije likovnih umjetnosti, a prete\u017eno su ra\u0111eni akril tehnikom. Koncepcija je bila takva da [&hellip;]\" \/>\n<meta property=\"og:url\" content=\"https:\/\/radioljubuski.ba\/index.php\/2022\/07\/04\/tamara-herceg-sudjelovala-na-izlozbi-dio-nas-u-sklopu-petog-hrvatskog-iseljenickog-kongresa\/\" \/>\n<meta property=\"og:site_name\" content=\"RADIO LJUBU\u0160KI\" \/>\n<meta property=\"article:publisher\" content=\"https:\/\/www.facebook.com\/Radiio-Ljubuski-1490835324566332\" \/>\n<meta property=\"article:published_time\" content=\"2022-07-04T08:26:33+00:00\" \/>\n<meta property=\"article:modified_time\" content=\"2022-07-04T08:26:35+00:00\" \/>\n<meta property=\"og:image\" content=\"https:\/\/radioljubuski.ba\/wp-content\/uploads\/2022\/07\/tamara-herceg.jpg\" \/>\n\t<meta property=\"og:image:width\" content=\"600\" \/>\n\t<meta property=\"og:image:height\" content=\"400\" \/>\n\t<meta property=\"og:image:type\" content=\"image\/jpeg\" \/>\n<meta name=\"author\" content=\"Radio Ljubu\u0161ki\" \/>\n<meta name=\"twitter:card\" content=\"summary_large_image\" \/>\n<meta name=\"twitter:creator\" content=\"@radioljubuski\" \/>\n<meta name=\"twitter:site\" content=\"@radioljubuski\" \/>\n<meta name=\"twitter:label1\" content=\"Napisao\/la\" \/>\n\t<meta name=\"twitter:data1\" content=\"Radio Ljubu\u0161ki\" \/>\n\t<meta name=\"twitter:label2\" content=\"Procijenjeno vrijeme \u010ditanja\" \/>\n\t<meta name=\"twitter:data2\" content=\"2 minute\" \/>\n<script type=\"application\/ld+json\" class=\"yoast-schema-graph\">{\"@context\":\"https:\\\/\\\/schema.org\",\"@graph\":[{\"@type\":\"Article\",\"@id\":\"https:\\\/\\\/radioljubuski.ba\\\/index.php\\\/2022\\\/07\\\/04\\\/tamara-herceg-sudjelovala-na-izlozbi-dio-nas-u-sklopu-petog-hrvatskog-iseljenickog-kongresa\\\/#article\",\"isPartOf\":{\"@id\":\"https:\\\/\\\/radioljubuski.ba\\\/index.php\\\/2022\\\/07\\\/04\\\/tamara-herceg-sudjelovala-na-izlozbi-dio-nas-u-sklopu-petog-hrvatskog-iseljenickog-kongresa\\\/\"},\"author\":{\"name\":\"Radio Ljubu\u0161ki\",\"@id\":\"https:\\\/\\\/radioljubuski.ba\\\/#\\\/schema\\\/person\\\/19fc700381a780f69665d7956c469e3b\"},\"headline\":\"Tamara Herceg sudjelovala na izlo\u017ebi \u201cDio nas\u201d u sklopu Petog hrvatskog iseljeni\u010dkog kongresa\",\"datePublished\":\"2022-07-04T08:26:33+00:00\",\"dateModified\":\"2022-07-04T08:26:35+00:00\",\"mainEntityOfPage\":{\"@id\":\"https:\\\/\\\/radioljubuski.ba\\\/index.php\\\/2022\\\/07\\\/04\\\/tamara-herceg-sudjelovala-na-izlozbi-dio-nas-u-sklopu-petog-hrvatskog-iseljenickog-kongresa\\\/\"},\"wordCount\":503,\"publisher\":{\"@id\":\"https:\\\/\\\/radioljubuski.ba\\\/#organization\"},\"image\":{\"@id\":\"https:\\\/\\\/radioljubuski.ba\\\/index.php\\\/2022\\\/07\\\/04\\\/tamara-herceg-sudjelovala-na-izlozbi-dio-nas-u-sklopu-petog-hrvatskog-iseljenickog-kongresa\\\/#primaryimage\"},\"thumbnailUrl\":\"https:\\\/\\\/radioljubuski.ba\\\/wp-content\\\/uploads\\\/2022\\\/07\\\/tamara-herceg.jpg\",\"articleSection\":[\"Ljubu\u0161ki\"],\"inLanguage\":\"hr\"},{\"@type\":\"WebPage\",\"@id\":\"https:\\\/\\\/radioljubuski.ba\\\/index.php\\\/2022\\\/07\\\/04\\\/tamara-herceg-sudjelovala-na-izlozbi-dio-nas-u-sklopu-petog-hrvatskog-iseljenickog-kongresa\\\/\",\"url\":\"https:\\\/\\\/radioljubuski.ba\\\/index.php\\\/2022\\\/07\\\/04\\\/tamara-herceg-sudjelovala-na-izlozbi-dio-nas-u-sklopu-petog-hrvatskog-iseljenickog-kongresa\\\/\",\"name\":\"Tamara Herceg sudjelovala na izlo\u017ebi \u201cDio nas\u201d u sklopu Petog hrvatskog iseljeni\u010dkog kongresa - RADIO LJUBU\u0160KI\",\"isPartOf\":{\"@id\":\"https:\\\/\\\/radioljubuski.ba\\\/#website\"},\"primaryImageOfPage\":{\"@id\":\"https:\\\/\\\/radioljubuski.ba\\\/index.php\\\/2022\\\/07\\\/04\\\/tamara-herceg-sudjelovala-na-izlozbi-dio-nas-u-sklopu-petog-hrvatskog-iseljenickog-kongresa\\\/#primaryimage\"},\"image\":{\"@id\":\"https:\\\/\\\/radioljubuski.ba\\\/index.php\\\/2022\\\/07\\\/04\\\/tamara-herceg-sudjelovala-na-izlozbi-dio-nas-u-sklopu-petog-hrvatskog-iseljenickog-kongresa\\\/#primaryimage\"},\"thumbnailUrl\":\"https:\\\/\\\/radioljubuski.ba\\\/wp-content\\\/uploads\\\/2022\\\/07\\\/tamara-herceg.jpg\",\"datePublished\":\"2022-07-04T08:26:33+00:00\",\"dateModified\":\"2022-07-04T08:26:35+00:00\",\"breadcrumb\":{\"@id\":\"https:\\\/\\\/radioljubuski.ba\\\/index.php\\\/2022\\\/07\\\/04\\\/tamara-herceg-sudjelovala-na-izlozbi-dio-nas-u-sklopu-petog-hrvatskog-iseljenickog-kongresa\\\/#breadcrumb\"},\"inLanguage\":\"hr\",\"potentialAction\":[{\"@type\":\"ReadAction\",\"target\":[\"https:\\\/\\\/radioljubuski.ba\\\/index.php\\\/2022\\\/07\\\/04\\\/tamara-herceg-sudjelovala-na-izlozbi-dio-nas-u-sklopu-petog-hrvatskog-iseljenickog-kongresa\\\/\"]}]},{\"@type\":\"ImageObject\",\"inLanguage\":\"hr\",\"@id\":\"https:\\\/\\\/radioljubuski.ba\\\/index.php\\\/2022\\\/07\\\/04\\\/tamara-herceg-sudjelovala-na-izlozbi-dio-nas-u-sklopu-petog-hrvatskog-iseljenickog-kongresa\\\/#primaryimage\",\"url\":\"https:\\\/\\\/radioljubuski.ba\\\/wp-content\\\/uploads\\\/2022\\\/07\\\/tamara-herceg.jpg\",\"contentUrl\":\"https:\\\/\\\/radioljubuski.ba\\\/wp-content\\\/uploads\\\/2022\\\/07\\\/tamara-herceg.jpg\",\"width\":600,\"height\":400},{\"@type\":\"BreadcrumbList\",\"@id\":\"https:\\\/\\\/radioljubuski.ba\\\/index.php\\\/2022\\\/07\\\/04\\\/tamara-herceg-sudjelovala-na-izlozbi-dio-nas-u-sklopu-petog-hrvatskog-iseljenickog-kongresa\\\/#breadcrumb\",\"itemListElement\":[{\"@type\":\"ListItem\",\"position\":1,\"name\":\"Po\u010detna stranica\",\"item\":\"https:\\\/\\\/radioljubuski.ba\\\/\"},{\"@type\":\"ListItem\",\"position\":2,\"name\":\"Tamara Herceg sudjelovala na izlo\u017ebi \u201cDio nas\u201d u sklopu Petog hrvatskog iseljeni\u010dkog kongresa\"}]},{\"@type\":\"WebSite\",\"@id\":\"https:\\\/\\\/radioljubuski.ba\\\/#website\",\"url\":\"https:\\\/\\\/radioljubuski.ba\\\/\",\"name\":\"Radio Ljubu\u0161ki\",\"description\":\"Sun\u010dana frekvencija Hercegovine\",\"publisher\":{\"@id\":\"https:\\\/\\\/radioljubuski.ba\\\/#organization\"},\"potentialAction\":[{\"@type\":\"SearchAction\",\"target\":{\"@type\":\"EntryPoint\",\"urlTemplate\":\"https:\\\/\\\/radioljubuski.ba\\\/?s={search_term_string}\"},\"query-input\":{\"@type\":\"PropertyValueSpecification\",\"valueRequired\":true,\"valueName\":\"search_term_string\"}}],\"inLanguage\":\"hr\"},{\"@type\":\"Organization\",\"@id\":\"https:\\\/\\\/radioljubuski.ba\\\/#organization\",\"name\":\"Radio Ljubu\u0161ki\",\"url\":\"https:\\\/\\\/radioljubuski.ba\\\/\",\"logo\":{\"@type\":\"ImageObject\",\"inLanguage\":\"hr\",\"@id\":\"https:\\\/\\\/radioljubuski.ba\\\/#\\\/schema\\\/logo\\\/image\\\/\",\"url\":\"https:\\\/\\\/radioljubuski.ba\\\/wp-content\\\/uploads\\\/2021\\\/02\\\/cropped-Radio_Ljubuski_logo1.jpg\",\"contentUrl\":\"https:\\\/\\\/radioljubuski.ba\\\/wp-content\\\/uploads\\\/2021\\\/02\\\/cropped-Radio_Ljubuski_logo1.jpg\",\"width\":512,\"height\":512,\"caption\":\"Radio Ljubu\u0161ki\"},\"image\":{\"@id\":\"https:\\\/\\\/radioljubuski.ba\\\/#\\\/schema\\\/logo\\\/image\\\/\"},\"sameAs\":[\"https:\\\/\\\/www.facebook.com\\\/Radiio-Ljubuski-1490835324566332\",\"https:\\\/\\\/x.com\\\/radioljubuski\",\"https:\\\/\\\/hr.linkedin.com\\\/company\\\/radio-ljubuski\",\"https:\\\/\\\/www.youtube.com\\\/channel\\\/UCHYaeO_n0Db3tjNGudGpXyw\"]},{\"@type\":\"Person\",\"@id\":\"https:\\\/\\\/radioljubuski.ba\\\/#\\\/schema\\\/person\\\/19fc700381a780f69665d7956c469e3b\",\"name\":\"Radio Ljubu\u0161ki\"}]}<\/script>\n<!-- \/ Yoast SEO plugin. -->","yoast_head_json":{"title":"Tamara Herceg sudjelovala na izlo\u017ebi \u201cDio nas\u201d u sklopu Petog hrvatskog iseljeni\u010dkog kongresa - RADIO LJUBU\u0160KI","robots":{"index":"index","follow":"follow","max-snippet":"max-snippet:-1","max-image-preview":"max-image-preview:large","max-video-preview":"max-video-preview:-1"},"canonical":"https:\/\/radioljubuski.ba\/index.php\/2022\/07\/04\/tamara-herceg-sudjelovala-na-izlozbi-dio-nas-u-sklopu-petog-hrvatskog-iseljenickog-kongresa\/","og_locale":"hr_HR","og_type":"article","og_title":"Tamara Herceg sudjelovala na izlo\u017ebi \u201cDio nas\u201d u sklopu Petog hrvatskog iseljeni\u010dkog kongresa - RADIO LJUBU\u0160KI","og_description":"Izlo\u017eba \u201cDio nas\u201d, autora Darija Pehara, Marija \u0160unji\u0107a, Dalibora Nikoli\u0107a, \u017deljka Korena i Tamare Herceg, otvorena je u \u010detvrtak u Galeriji kraljice Katarine Kosa\u010de u Mostaru u sklopu Petog hrvatskog iseljeni\u010dkog kongresa. \u2013 Izlo\u017eeno je oko 30 radova umjetnika sa \u0161irokobrije\u0161ke Akademije likovnih umjetnosti, a prete\u017eno su ra\u0111eni akril tehnikom. Koncepcija je bila takva da [&hellip;]","og_url":"https:\/\/radioljubuski.ba\/index.php\/2022\/07\/04\/tamara-herceg-sudjelovala-na-izlozbi-dio-nas-u-sklopu-petog-hrvatskog-iseljenickog-kongresa\/","og_site_name":"RADIO LJUBU\u0160KI","article_publisher":"https:\/\/www.facebook.com\/Radiio-Ljubuski-1490835324566332","article_published_time":"2022-07-04T08:26:33+00:00","article_modified_time":"2022-07-04T08:26:35+00:00","og_image":[{"width":600,"height":400,"url":"https:\/\/radioljubuski.ba\/wp-content\/uploads\/2022\/07\/tamara-herceg.jpg","type":"image\/jpeg"}],"author":"Radio Ljubu\u0161ki","twitter_card":"summary_large_image","twitter_creator":"@radioljubuski","twitter_site":"@radioljubuski","twitter_misc":{"Napisao\/la":"Radio Ljubu\u0161ki","Procijenjeno vrijeme \u010ditanja":"2 minute"},"schema":{"@context":"https:\/\/schema.org","@graph":[{"@type":"Article","@id":"https:\/\/radioljubuski.ba\/index.php\/2022\/07\/04\/tamara-herceg-sudjelovala-na-izlozbi-dio-nas-u-sklopu-petog-hrvatskog-iseljenickog-kongresa\/#article","isPartOf":{"@id":"https:\/\/radioljubuski.ba\/index.php\/2022\/07\/04\/tamara-herceg-sudjelovala-na-izlozbi-dio-nas-u-sklopu-petog-hrvatskog-iseljenickog-kongresa\/"},"author":{"name":"Radio Ljubu\u0161ki","@id":"https:\/\/radioljubuski.ba\/#\/schema\/person\/19fc700381a780f69665d7956c469e3b"},"headline":"Tamara Herceg sudjelovala na izlo\u017ebi \u201cDio nas\u201d u sklopu Petog hrvatskog iseljeni\u010dkog kongresa","datePublished":"2022-07-04T08:26:33+00:00","dateModified":"2022-07-04T08:26:35+00:00","mainEntityOfPage":{"@id":"https:\/\/radioljubuski.ba\/index.php\/2022\/07\/04\/tamara-herceg-sudjelovala-na-izlozbi-dio-nas-u-sklopu-petog-hrvatskog-iseljenickog-kongresa\/"},"wordCount":503,"publisher":{"@id":"https:\/\/radioljubuski.ba\/#organization"},"image":{"@id":"https:\/\/radioljubuski.ba\/index.php\/2022\/07\/04\/tamara-herceg-sudjelovala-na-izlozbi-dio-nas-u-sklopu-petog-hrvatskog-iseljenickog-kongresa\/#primaryimage"},"thumbnailUrl":"https:\/\/radioljubuski.ba\/wp-content\/uploads\/2022\/07\/tamara-herceg.jpg","articleSection":["Ljubu\u0161ki"],"inLanguage":"hr"},{"@type":"WebPage","@id":"https:\/\/radioljubuski.ba\/index.php\/2022\/07\/04\/tamara-herceg-sudjelovala-na-izlozbi-dio-nas-u-sklopu-petog-hrvatskog-iseljenickog-kongresa\/","url":"https:\/\/radioljubuski.ba\/index.php\/2022\/07\/04\/tamara-herceg-sudjelovala-na-izlozbi-dio-nas-u-sklopu-petog-hrvatskog-iseljenickog-kongresa\/","name":"Tamara Herceg sudjelovala na izlo\u017ebi \u201cDio nas\u201d u sklopu Petog hrvatskog iseljeni\u010dkog kongresa - RADIO LJUBU\u0160KI","isPartOf":{"@id":"https:\/\/radioljubuski.ba\/#website"},"primaryImageOfPage":{"@id":"https:\/\/radioljubuski.ba\/index.php\/2022\/07\/04\/tamara-herceg-sudjelovala-na-izlozbi-dio-nas-u-sklopu-petog-hrvatskog-iseljenickog-kongresa\/#primaryimage"},"image":{"@id":"https:\/\/radioljubuski.ba\/index.php\/2022\/07\/04\/tamara-herceg-sudjelovala-na-izlozbi-dio-nas-u-sklopu-petog-hrvatskog-iseljenickog-kongresa\/#primaryimage"},"thumbnailUrl":"https:\/\/radioljubuski.ba\/wp-content\/uploads\/2022\/07\/tamara-herceg.jpg","datePublished":"2022-07-04T08:26:33+00:00","dateModified":"2022-07-04T08:26:35+00:00","breadcrumb":{"@id":"https:\/\/radioljubuski.ba\/index.php\/2022\/07\/04\/tamara-herceg-sudjelovala-na-izlozbi-dio-nas-u-sklopu-petog-hrvatskog-iseljenickog-kongresa\/#breadcrumb"},"inLanguage":"hr","potentialAction":[{"@type":"ReadAction","target":["https:\/\/radioljubuski.ba\/index.php\/2022\/07\/04\/tamara-herceg-sudjelovala-na-izlozbi-dio-nas-u-sklopu-petog-hrvatskog-iseljenickog-kongresa\/"]}]},{"@type":"ImageObject","inLanguage":"hr","@id":"https:\/\/radioljubuski.ba\/index.php\/2022\/07\/04\/tamara-herceg-sudjelovala-na-izlozbi-dio-nas-u-sklopu-petog-hrvatskog-iseljenickog-kongresa\/#primaryimage","url":"https:\/\/radioljubuski.ba\/wp-content\/uploads\/2022\/07\/tamara-herceg.jpg","contentUrl":"https:\/\/radioljubuski.ba\/wp-content\/uploads\/2022\/07\/tamara-herceg.jpg","width":600,"height":400},{"@type":"BreadcrumbList","@id":"https:\/\/radioljubuski.ba\/index.php\/2022\/07\/04\/tamara-herceg-sudjelovala-na-izlozbi-dio-nas-u-sklopu-petog-hrvatskog-iseljenickog-kongresa\/#breadcrumb","itemListElement":[{"@type":"ListItem","position":1,"name":"Po\u010detna stranica","item":"https:\/\/radioljubuski.ba\/"},{"@type":"ListItem","position":2,"name":"Tamara Herceg sudjelovala na izlo\u017ebi \u201cDio nas\u201d u sklopu Petog hrvatskog iseljeni\u010dkog kongresa"}]},{"@type":"WebSite","@id":"https:\/\/radioljubuski.ba\/#website","url":"https:\/\/radioljubuski.ba\/","name":"Radio Ljubu\u0161ki","description":"Sun\u010dana frekvencija Hercegovine","publisher":{"@id":"https:\/\/radioljubuski.ba\/#organization"},"potentialAction":[{"@type":"SearchAction","target":{"@type":"EntryPoint","urlTemplate":"https:\/\/radioljubuski.ba\/?s={search_term_string}"},"query-input":{"@type":"PropertyValueSpecification","valueRequired":true,"valueName":"search_term_string"}}],"inLanguage":"hr"},{"@type":"Organization","@id":"https:\/\/radioljubuski.ba\/#organization","name":"Radio Ljubu\u0161ki","url":"https:\/\/radioljubuski.ba\/","logo":{"@type":"ImageObject","inLanguage":"hr","@id":"https:\/\/radioljubuski.ba\/#\/schema\/logo\/image\/","url":"https:\/\/radioljubuski.ba\/wp-content\/uploads\/2021\/02\/cropped-Radio_Ljubuski_logo1.jpg","contentUrl":"https:\/\/radioljubuski.ba\/wp-content\/uploads\/2021\/02\/cropped-Radio_Ljubuski_logo1.jpg","width":512,"height":512,"caption":"Radio Ljubu\u0161ki"},"image":{"@id":"https:\/\/radioljubuski.ba\/#\/schema\/logo\/image\/"},"sameAs":["https:\/\/www.facebook.com\/Radiio-Ljubuski-1490835324566332","https:\/\/x.com\/radioljubuski","https:\/\/hr.linkedin.com\/company\/radio-ljubuski","https:\/\/www.youtube.com\/channel\/UCHYaeO_n0Db3tjNGudGpXyw"]},{"@type":"Person","@id":"https:\/\/radioljubuski.ba\/#\/schema\/person\/19fc700381a780f69665d7956c469e3b","name":"Radio Ljubu\u0161ki"}]}},"_links":{"self":[{"href":"https:\/\/radioljubuski.ba\/index.php\/wp-json\/wp\/v2\/posts\/155583","targetHints":{"allow":["GET"]}}],"collection":[{"href":"https:\/\/radioljubuski.ba\/index.php\/wp-json\/wp\/v2\/posts"}],"about":[{"href":"https:\/\/radioljubuski.ba\/index.php\/wp-json\/wp\/v2\/types\/post"}],"author":[{"embeddable":true,"href":"https:\/\/radioljubuski.ba\/index.php\/wp-json\/wp\/v2\/users\/2"}],"replies":[{"embeddable":true,"href":"https:\/\/radioljubuski.ba\/index.php\/wp-json\/wp\/v2\/comments?post=155583"}],"version-history":[{"count":1,"href":"https:\/\/radioljubuski.ba\/index.php\/wp-json\/wp\/v2\/posts\/155583\/revisions"}],"predecessor-version":[{"id":155585,"href":"https:\/\/radioljubuski.ba\/index.php\/wp-json\/wp\/v2\/posts\/155583\/revisions\/155585"}],"wp:featuredmedia":[{"embeddable":true,"href":"https:\/\/radioljubuski.ba\/index.php\/wp-json\/wp\/v2\/media\/155584"}],"wp:attachment":[{"href":"https:\/\/radioljubuski.ba\/index.php\/wp-json\/wp\/v2\/media?parent=155583"}],"wp:term":[{"taxonomy":"category","embeddable":true,"href":"https:\/\/radioljubuski.ba\/index.php\/wp-json\/wp\/v2\/categories?post=155583"},{"taxonomy":"post_tag","embeddable":true,"href":"https:\/\/radioljubuski.ba\/index.php\/wp-json\/wp\/v2\/tags?post=155583"}],"curies":[{"name":"wp","href":"https:\/\/api.w.org\/{rel}","templated":true}]}}