{"id":155606,"date":"2022-07-04T09:50:52","date_gmt":"2022-07-04T08:50:52","guid":{"rendered":"https:\/\/radioljubuski.ba\/?p=155606"},"modified":"2022-07-04T09:50:53","modified_gmt":"2022-07-04T08:50:53","slug":"ubio-se-nakon-sto-je-beba-preminula-od-vrucine-u-automobilu","status":"publish","type":"post","link":"https:\/\/radioljubuski.ba\/index.php\/2022\/07\/04\/ubio-se-nakon-sto-je-beba-preminula-od-vrucine-u-automobilu\/","title":{"rendered":"Ubio se nakon \u0161to je beba preminula od vru\u0107ine u automobilu"},"content":{"rendered":"\n<p>Policija savezne ameri\u010dke dr\u017eave Virginija objavila je da se \u010dovjek ubio nekoliko sati nakon \u0161to je njegov 18-mjese\u010dni sin\u010di\u0107 umro, vjerovatno nakon vi\u0161esatnog boravka u usijanom vozilu, prenosi Eastidahonews.com.<\/p>\n\n\n\n<p>Policija je u utorak u 11.30 ujutro po lokalnom vremenu dobila prijavu da je beba ostavljena u vozilu vi\u0161e sati, a potom je stigla dodatna informacija koja je ukazivala da je otac djeteta u svom domu i da &#8220;govori da \u0107e se ubiti&#8221;. Kad je policija stigla, prona\u0161li su u ku\u0107i tijelo djeteta, a u \u0161umi iza mu\u0161karca koji je umro od samonanijete rane vatrenim oru\u017ejem, kako se navodi u priop\u0107enju. Istraga je ukazala da je &#8220;otac slu\u010dajno ostavio dijete u vozilu nekoliko sati&#8221;.<\/p>\n\n\n\n<p>-Kad je otkrio da je dijete umrlo, vratio se ku\u0107i i unio dijete unutra. Potom je iza\u0161ao van i ubio se &#8211; dodaje se.<\/p>\n\n\n\n<p>Policija nije precizirala uzrok smrti bebe, ali je temperatura bila iznad 30 stepeni. U prosjeku 38 djece mla\u0111e od 15 godina umre zatvoreno u automobilima po velikim vru\u0107inama, navodi Nacionalno sigurnosno vije\u0107e.<\/p>\n\n\n\n<p>Izvor:pogled.ba<\/p>\n","protected":false},"excerpt":{"rendered":"<p>Policija savezne ameri\u010dke dr\u017eave Virginija objavila je da se \u010dovjek ubio nekoliko sati nakon \u0161to je njegov 18-mjese\u010dni sin\u010di\u0107 umro, vjerovatno nakon vi\u0161esatnog boravka u usijanom vozilu, prenosi Eastidahonews.com. Policija je u utorak u 11.30 ujutro po lokalnom vremenu dobila prijavu da je beba ostavljena u vozilu vi\u0161e sati, a potom je stigla dodatna informacija [&hellip;]<\/p>\n","protected":false},"author":2,"featured_media":155607,"comment_status":"closed","ping_status":"closed","sticky":false,"template":"","format":"standard","meta":{"h5ap_radio_sources":[],"footnotes":""},"categories":[1],"tags":[],"class_list":["post-155606","post","type-post","status-publish","format-standard","has-post-thumbnail","hentry","category-bihiregija"],"yoast_head":"<!-- This site is optimized with the Yoast SEO plugin v27.5 - https:\/\/yoast.com\/product\/yoast-seo-wordpress\/ -->\n<title>Ubio se nakon \u0161to je beba preminula od vru\u0107ine u automobilu - RADIO LJUBU\u0160KI<\/title>\n<meta name=\"robots\" content=\"index, follow, max-snippet:-1, max-image-preview:large, max-video-preview:-1\" \/>\n<link rel=\"canonical\" href=\"https:\/\/radioljubuski.ba\/index.php\/2022\/07\/04\/ubio-se-nakon-sto-je-beba-preminula-od-vrucine-u-automobilu\/\" \/>\n<meta property=\"og:locale\" content=\"hr_HR\" \/>\n<meta property=\"og:type\" content=\"article\" \/>\n<meta property=\"og:title\" content=\"Ubio se nakon \u0161to je beba preminula od vru\u0107ine u automobilu - RADIO LJUBU\u0160KI\" \/>\n<meta property=\"og:description\" content=\"Policija savezne ameri\u010dke dr\u017eave Virginija objavila je da se \u010dovjek ubio nekoliko sati nakon \u0161to je njegov 18-mjese\u010dni sin\u010di\u0107 umro, vjerovatno nakon vi\u0161esatnog boravka u usijanom vozilu, prenosi Eastidahonews.com. Policija je u utorak u 11.30 ujutro po lokalnom vremenu dobila prijavu da je beba ostavljena u vozilu vi\u0161e sati, a potom je stigla dodatna informacija [&hellip;]\" \/>\n<meta property=\"og:url\" content=\"https:\/\/radioljubuski.ba\/index.php\/2022\/07\/04\/ubio-se-nakon-sto-je-beba-preminula-od-vrucine-u-automobilu\/\" \/>\n<meta property=\"og:site_name\" content=\"RADIO LJUBU\u0160KI\" \/>\n<meta property=\"article:publisher\" content=\"https:\/\/www.facebook.com\/Radiio-Ljubuski-1490835324566332\" \/>\n<meta property=\"article:published_time\" content=\"2022-07-04T08:50:52+00:00\" \/>\n<meta property=\"article:modified_time\" content=\"2022-07-04T08:50:53+00:00\" \/>\n<meta property=\"og:image\" content=\"https:\/\/radioljubuski.ba\/wp-content\/uploads\/2022\/07\/2-2022-07-03-21-04-57-policija.jpg\" \/>\n\t<meta property=\"og:image:width\" content=\"1000\" \/>\n\t<meta property=\"og:image:height\" content=\"625\" \/>\n\t<meta property=\"og:image:type\" content=\"image\/jpeg\" \/>\n<meta name=\"author\" content=\"Radio Ljubu\u0161ki\" \/>\n<meta name=\"twitter:card\" content=\"summary_large_image\" \/>\n<meta name=\"twitter:creator\" content=\"@radioljubuski\" \/>\n<meta name=\"twitter:site\" content=\"@radioljubuski\" \/>\n<meta name=\"twitter:label1\" content=\"Napisao\/la\" \/>\n\t<meta name=\"twitter:data1\" content=\"Radio Ljubu\u0161ki\" \/>\n\t<meta name=\"twitter:label2\" content=\"Procijenjeno vrijeme \u010ditanja\" \/>\n\t<meta name=\"twitter:data2\" content=\"1 minuta\" \/>\n<script type=\"application\/ld+json\" class=\"yoast-schema-graph\">{\"@context\":\"https:\\\/\\\/schema.org\",\"@graph\":[{\"@type\":\"Article\",\"@id\":\"https:\\\/\\\/radioljubuski.ba\\\/index.php\\\/2022\\\/07\\\/04\\\/ubio-se-nakon-sto-je-beba-preminula-od-vrucine-u-automobilu\\\/#article\",\"isPartOf\":{\"@id\":\"https:\\\/\\\/radioljubuski.ba\\\/index.php\\\/2022\\\/07\\\/04\\\/ubio-se-nakon-sto-je-beba-preminula-od-vrucine-u-automobilu\\\/\"},\"author\":{\"name\":\"Radio Ljubu\u0161ki\",\"@id\":\"https:\\\/\\\/radioljubuski.ba\\\/#\\\/schema\\\/person\\\/19fc700381a780f69665d7956c469e3b\"},\"headline\":\"Ubio se nakon \u0161to je beba preminula od vru\u0107ine u automobilu\",\"datePublished\":\"2022-07-04T08:50:52+00:00\",\"dateModified\":\"2022-07-04T08:50:53+00:00\",\"mainEntityOfPage\":{\"@id\":\"https:\\\/\\\/radioljubuski.ba\\\/index.php\\\/2022\\\/07\\\/04\\\/ubio-se-nakon-sto-je-beba-preminula-od-vrucine-u-automobilu\\\/\"},\"wordCount\":198,\"publisher\":{\"@id\":\"https:\\\/\\\/radioljubuski.ba\\\/#organization\"},\"image\":{\"@id\":\"https:\\\/\\\/radioljubuski.ba\\\/index.php\\\/2022\\\/07\\\/04\\\/ubio-se-nakon-sto-je-beba-preminula-od-vrucine-u-automobilu\\\/#primaryimage\"},\"thumbnailUrl\":\"https:\\\/\\\/radioljubuski.ba\\\/wp-content\\\/uploads\\\/2022\\\/07\\\/2-2022-07-03-21-04-57-policija.jpg\",\"articleSection\":[\"BIH i regija\"],\"inLanguage\":\"hr\"},{\"@type\":\"WebPage\",\"@id\":\"https:\\\/\\\/radioljubuski.ba\\\/index.php\\\/2022\\\/07\\\/04\\\/ubio-se-nakon-sto-je-beba-preminula-od-vrucine-u-automobilu\\\/\",\"url\":\"https:\\\/\\\/radioljubuski.ba\\\/index.php\\\/2022\\\/07\\\/04\\\/ubio-se-nakon-sto-je-beba-preminula-od-vrucine-u-automobilu\\\/\",\"name\":\"Ubio se nakon \u0161to je beba preminula od vru\u0107ine u automobilu - RADIO LJUBU\u0160KI\",\"isPartOf\":{\"@id\":\"https:\\\/\\\/radioljubuski.ba\\\/#website\"},\"primaryImageOfPage\":{\"@id\":\"https:\\\/\\\/radioljubuski.ba\\\/index.php\\\/2022\\\/07\\\/04\\\/ubio-se-nakon-sto-je-beba-preminula-od-vrucine-u-automobilu\\\/#primaryimage\"},\"image\":{\"@id\":\"https:\\\/\\\/radioljubuski.ba\\\/index.php\\\/2022\\\/07\\\/04\\\/ubio-se-nakon-sto-je-beba-preminula-od-vrucine-u-automobilu\\\/#primaryimage\"},\"thumbnailUrl\":\"https:\\\/\\\/radioljubuski.ba\\\/wp-content\\\/uploads\\\/2022\\\/07\\\/2-2022-07-03-21-04-57-policija.jpg\",\"datePublished\":\"2022-07-04T08:50:52+00:00\",\"dateModified\":\"2022-07-04T08:50:53+00:00\",\"breadcrumb\":{\"@id\":\"https:\\\/\\\/radioljubuski.ba\\\/index.php\\\/2022\\\/07\\\/04\\\/ubio-se-nakon-sto-je-beba-preminula-od-vrucine-u-automobilu\\\/#breadcrumb\"},\"inLanguage\":\"hr\",\"potentialAction\":[{\"@type\":\"ReadAction\",\"target\":[\"https:\\\/\\\/radioljubuski.ba\\\/index.php\\\/2022\\\/07\\\/04\\\/ubio-se-nakon-sto-je-beba-preminula-od-vrucine-u-automobilu\\\/\"]}]},{\"@type\":\"ImageObject\",\"inLanguage\":\"hr\",\"@id\":\"https:\\\/\\\/radioljubuski.ba\\\/index.php\\\/2022\\\/07\\\/04\\\/ubio-se-nakon-sto-je-beba-preminula-od-vrucine-u-automobilu\\\/#primaryimage\",\"url\":\"https:\\\/\\\/radioljubuski.ba\\\/wp-content\\\/uploads\\\/2022\\\/07\\\/2-2022-07-03-21-04-57-policija.jpg\",\"contentUrl\":\"https:\\\/\\\/radioljubuski.ba\\\/wp-content\\\/uploads\\\/2022\\\/07\\\/2-2022-07-03-21-04-57-policija.jpg\",\"width\":1000,\"height\":625},{\"@type\":\"BreadcrumbList\",\"@id\":\"https:\\\/\\\/radioljubuski.ba\\\/index.php\\\/2022\\\/07\\\/04\\\/ubio-se-nakon-sto-je-beba-preminula-od-vrucine-u-automobilu\\\/#breadcrumb\",\"itemListElement\":[{\"@type\":\"ListItem\",\"position\":1,\"name\":\"Po\u010detna stranica\",\"item\":\"https:\\\/\\\/radioljubuski.ba\\\/\"},{\"@type\":\"ListItem\",\"position\":2,\"name\":\"Ubio se nakon \u0161to je beba preminula od vru\u0107ine u automobilu\"}]},{\"@type\":\"WebSite\",\"@id\":\"https:\\\/\\\/radioljubuski.ba\\\/#website\",\"url\":\"https:\\\/\\\/radioljubuski.ba\\\/\",\"name\":\"Radio Ljubu\u0161ki\",\"description\":\"Sun\u010dana frekvencija Hercegovine\",\"publisher\":{\"@id\":\"https:\\\/\\\/radioljubuski.ba\\\/#organization\"},\"potentialAction\":[{\"@type\":\"SearchAction\",\"target\":{\"@type\":\"EntryPoint\",\"urlTemplate\":\"https:\\\/\\\/radioljubuski.ba\\\/?s={search_term_string}\"},\"query-input\":{\"@type\":\"PropertyValueSpecification\",\"valueRequired\":true,\"valueName\":\"search_term_string\"}}],\"inLanguage\":\"hr\"},{\"@type\":\"Organization\",\"@id\":\"https:\\\/\\\/radioljubuski.ba\\\/#organization\",\"name\":\"Radio Ljubu\u0161ki\",\"url\":\"https:\\\/\\\/radioljubuski.ba\\\/\",\"logo\":{\"@type\":\"ImageObject\",\"inLanguage\":\"hr\",\"@id\":\"https:\\\/\\\/radioljubuski.ba\\\/#\\\/schema\\\/logo\\\/image\\\/\",\"url\":\"https:\\\/\\\/radioljubuski.ba\\\/wp-content\\\/uploads\\\/2021\\\/02\\\/cropped-Radio_Ljubuski_logo1.jpg\",\"contentUrl\":\"https:\\\/\\\/radioljubuski.ba\\\/wp-content\\\/uploads\\\/2021\\\/02\\\/cropped-Radio_Ljubuski_logo1.jpg\",\"width\":512,\"height\":512,\"caption\":\"Radio Ljubu\u0161ki\"},\"image\":{\"@id\":\"https:\\\/\\\/radioljubuski.ba\\\/#\\\/schema\\\/logo\\\/image\\\/\"},\"sameAs\":[\"https:\\\/\\\/www.facebook.com\\\/Radiio-Ljubuski-1490835324566332\",\"https:\\\/\\\/x.com\\\/radioljubuski\",\"https:\\\/\\\/hr.linkedin.com\\\/company\\\/radio-ljubuski\",\"https:\\\/\\\/www.youtube.com\\\/channel\\\/UCHYaeO_n0Db3tjNGudGpXyw\"]},{\"@type\":\"Person\",\"@id\":\"https:\\\/\\\/radioljubuski.ba\\\/#\\\/schema\\\/person\\\/19fc700381a780f69665d7956c469e3b\",\"name\":\"Radio Ljubu\u0161ki\"}]}<\/script>\n<!-- \/ Yoast SEO plugin. -->","yoast_head_json":{"title":"Ubio se nakon \u0161to je beba preminula od vru\u0107ine u automobilu - RADIO LJUBU\u0160KI","robots":{"index":"index","follow":"follow","max-snippet":"max-snippet:-1","max-image-preview":"max-image-preview:large","max-video-preview":"max-video-preview:-1"},"canonical":"https:\/\/radioljubuski.ba\/index.php\/2022\/07\/04\/ubio-se-nakon-sto-je-beba-preminula-od-vrucine-u-automobilu\/","og_locale":"hr_HR","og_type":"article","og_title":"Ubio se nakon \u0161to je beba preminula od vru\u0107ine u automobilu - RADIO LJUBU\u0160KI","og_description":"Policija savezne ameri\u010dke dr\u017eave Virginija objavila je da se \u010dovjek ubio nekoliko sati nakon \u0161to je njegov 18-mjese\u010dni sin\u010di\u0107 umro, vjerovatno nakon vi\u0161esatnog boravka u usijanom vozilu, prenosi Eastidahonews.com. Policija je u utorak u 11.30 ujutro po lokalnom vremenu dobila prijavu da je beba ostavljena u vozilu vi\u0161e sati, a potom je stigla dodatna informacija [&hellip;]","og_url":"https:\/\/radioljubuski.ba\/index.php\/2022\/07\/04\/ubio-se-nakon-sto-je-beba-preminula-od-vrucine-u-automobilu\/","og_site_name":"RADIO LJUBU\u0160KI","article_publisher":"https:\/\/www.facebook.com\/Radiio-Ljubuski-1490835324566332","article_published_time":"2022-07-04T08:50:52+00:00","article_modified_time":"2022-07-04T08:50:53+00:00","og_image":[{"width":1000,"height":625,"url":"https:\/\/radioljubuski.ba\/wp-content\/uploads\/2022\/07\/2-2022-07-03-21-04-57-policija.jpg","type":"image\/jpeg"}],"author":"Radio Ljubu\u0161ki","twitter_card":"summary_large_image","twitter_creator":"@radioljubuski","twitter_site":"@radioljubuski","twitter_misc":{"Napisao\/la":"Radio Ljubu\u0161ki","Procijenjeno vrijeme \u010ditanja":"1 minuta"},"schema":{"@context":"https:\/\/schema.org","@graph":[{"@type":"Article","@id":"https:\/\/radioljubuski.ba\/index.php\/2022\/07\/04\/ubio-se-nakon-sto-je-beba-preminula-od-vrucine-u-automobilu\/#article","isPartOf":{"@id":"https:\/\/radioljubuski.ba\/index.php\/2022\/07\/04\/ubio-se-nakon-sto-je-beba-preminula-od-vrucine-u-automobilu\/"},"author":{"name":"Radio Ljubu\u0161ki","@id":"https:\/\/radioljubuski.ba\/#\/schema\/person\/19fc700381a780f69665d7956c469e3b"},"headline":"Ubio se nakon \u0161to je beba preminula od vru\u0107ine u automobilu","datePublished":"2022-07-04T08:50:52+00:00","dateModified":"2022-07-04T08:50:53+00:00","mainEntityOfPage":{"@id":"https:\/\/radioljubuski.ba\/index.php\/2022\/07\/04\/ubio-se-nakon-sto-je-beba-preminula-od-vrucine-u-automobilu\/"},"wordCount":198,"publisher":{"@id":"https:\/\/radioljubuski.ba\/#organization"},"image":{"@id":"https:\/\/radioljubuski.ba\/index.php\/2022\/07\/04\/ubio-se-nakon-sto-je-beba-preminula-od-vrucine-u-automobilu\/#primaryimage"},"thumbnailUrl":"https:\/\/radioljubuski.ba\/wp-content\/uploads\/2022\/07\/2-2022-07-03-21-04-57-policija.jpg","articleSection":["BIH i regija"],"inLanguage":"hr"},{"@type":"WebPage","@id":"https:\/\/radioljubuski.ba\/index.php\/2022\/07\/04\/ubio-se-nakon-sto-je-beba-preminula-od-vrucine-u-automobilu\/","url":"https:\/\/radioljubuski.ba\/index.php\/2022\/07\/04\/ubio-se-nakon-sto-je-beba-preminula-od-vrucine-u-automobilu\/","name":"Ubio se nakon \u0161to je beba preminula od vru\u0107ine u automobilu - RADIO LJUBU\u0160KI","isPartOf":{"@id":"https:\/\/radioljubuski.ba\/#website"},"primaryImageOfPage":{"@id":"https:\/\/radioljubuski.ba\/index.php\/2022\/07\/04\/ubio-se-nakon-sto-je-beba-preminula-od-vrucine-u-automobilu\/#primaryimage"},"image":{"@id":"https:\/\/radioljubuski.ba\/index.php\/2022\/07\/04\/ubio-se-nakon-sto-je-beba-preminula-od-vrucine-u-automobilu\/#primaryimage"},"thumbnailUrl":"https:\/\/radioljubuski.ba\/wp-content\/uploads\/2022\/07\/2-2022-07-03-21-04-57-policija.jpg","datePublished":"2022-07-04T08:50:52+00:00","dateModified":"2022-07-04T08:50:53+00:00","breadcrumb":{"@id":"https:\/\/radioljubuski.ba\/index.php\/2022\/07\/04\/ubio-se-nakon-sto-je-beba-preminula-od-vrucine-u-automobilu\/#breadcrumb"},"inLanguage":"hr","potentialAction":[{"@type":"ReadAction","target":["https:\/\/radioljubuski.ba\/index.php\/2022\/07\/04\/ubio-se-nakon-sto-je-beba-preminula-od-vrucine-u-automobilu\/"]}]},{"@type":"ImageObject","inLanguage":"hr","@id":"https:\/\/radioljubuski.ba\/index.php\/2022\/07\/04\/ubio-se-nakon-sto-je-beba-preminula-od-vrucine-u-automobilu\/#primaryimage","url":"https:\/\/radioljubuski.ba\/wp-content\/uploads\/2022\/07\/2-2022-07-03-21-04-57-policija.jpg","contentUrl":"https:\/\/radioljubuski.ba\/wp-content\/uploads\/2022\/07\/2-2022-07-03-21-04-57-policija.jpg","width":1000,"height":625},{"@type":"BreadcrumbList","@id":"https:\/\/radioljubuski.ba\/index.php\/2022\/07\/04\/ubio-se-nakon-sto-je-beba-preminula-od-vrucine-u-automobilu\/#breadcrumb","itemListElement":[{"@type":"ListItem","position":1,"name":"Po\u010detna stranica","item":"https:\/\/radioljubuski.ba\/"},{"@type":"ListItem","position":2,"name":"Ubio se nakon \u0161to je beba preminula od vru\u0107ine u automobilu"}]},{"@type":"WebSite","@id":"https:\/\/radioljubuski.ba\/#website","url":"https:\/\/radioljubuski.ba\/","name":"Radio Ljubu\u0161ki","description":"Sun\u010dana frekvencija Hercegovine","publisher":{"@id":"https:\/\/radioljubuski.ba\/#organization"},"potentialAction":[{"@type":"SearchAction","target":{"@type":"EntryPoint","urlTemplate":"https:\/\/radioljubuski.ba\/?s={search_term_string}"},"query-input":{"@type":"PropertyValueSpecification","valueRequired":true,"valueName":"search_term_string"}}],"inLanguage":"hr"},{"@type":"Organization","@id":"https:\/\/radioljubuski.ba\/#organization","name":"Radio Ljubu\u0161ki","url":"https:\/\/radioljubuski.ba\/","logo":{"@type":"ImageObject","inLanguage":"hr","@id":"https:\/\/radioljubuski.ba\/#\/schema\/logo\/image\/","url":"https:\/\/radioljubuski.ba\/wp-content\/uploads\/2021\/02\/cropped-Radio_Ljubuski_logo1.jpg","contentUrl":"https:\/\/radioljubuski.ba\/wp-content\/uploads\/2021\/02\/cropped-Radio_Ljubuski_logo1.jpg","width":512,"height":512,"caption":"Radio Ljubu\u0161ki"},"image":{"@id":"https:\/\/radioljubuski.ba\/#\/schema\/logo\/image\/"},"sameAs":["https:\/\/www.facebook.com\/Radiio-Ljubuski-1490835324566332","https:\/\/x.com\/radioljubuski","https:\/\/hr.linkedin.com\/company\/radio-ljubuski","https:\/\/www.youtube.com\/channel\/UCHYaeO_n0Db3tjNGudGpXyw"]},{"@type":"Person","@id":"https:\/\/radioljubuski.ba\/#\/schema\/person\/19fc700381a780f69665d7956c469e3b","name":"Radio Ljubu\u0161ki"}]}},"_links":{"self":[{"href":"https:\/\/radioljubuski.ba\/index.php\/wp-json\/wp\/v2\/posts\/155606","targetHints":{"allow":["GET"]}}],"collection":[{"href":"https:\/\/radioljubuski.ba\/index.php\/wp-json\/wp\/v2\/posts"}],"about":[{"href":"https:\/\/radioljubuski.ba\/index.php\/wp-json\/wp\/v2\/types\/post"}],"author":[{"embeddable":true,"href":"https:\/\/radioljubuski.ba\/index.php\/wp-json\/wp\/v2\/users\/2"}],"replies":[{"embeddable":true,"href":"https:\/\/radioljubuski.ba\/index.php\/wp-json\/wp\/v2\/comments?post=155606"}],"version-history":[{"count":1,"href":"https:\/\/radioljubuski.ba\/index.php\/wp-json\/wp\/v2\/posts\/155606\/revisions"}],"predecessor-version":[{"id":155608,"href":"https:\/\/radioljubuski.ba\/index.php\/wp-json\/wp\/v2\/posts\/155606\/revisions\/155608"}],"wp:featuredmedia":[{"embeddable":true,"href":"https:\/\/radioljubuski.ba\/index.php\/wp-json\/wp\/v2\/media\/155607"}],"wp:attachment":[{"href":"https:\/\/radioljubuski.ba\/index.php\/wp-json\/wp\/v2\/media?parent=155606"}],"wp:term":[{"taxonomy":"category","embeddable":true,"href":"https:\/\/radioljubuski.ba\/index.php\/wp-json\/wp\/v2\/categories?post=155606"},{"taxonomy":"post_tag","embeddable":true,"href":"https:\/\/radioljubuski.ba\/index.php\/wp-json\/wp\/v2\/tags?post=155606"}],"curies":[{"name":"wp","href":"https:\/\/api.w.org\/{rel}","templated":true}]}}