{"id":15579,"date":"2021-04-23T10:34:33","date_gmt":"2021-04-23T09:34:33","guid":{"rendered":"https:\/\/radioljubuski.ba\/?p=15579"},"modified":"2021-04-23T10:34:35","modified_gmt":"2021-04-23T09:34:35","slug":"izjave-trenera-tonija-coline-i-veselina-vujevica-nakon-utakmice-u-banjoj-luci","status":"publish","type":"post","link":"https:\/\/radioljubuski.ba\/index.php\/2021\/04\/23\/izjave-trenera-tonija-coline-i-veselina-vujevica-nakon-utakmice-u-banjoj-luci\/","title":{"rendered":"Izjave trenera Tonija \u010coline i Veselina Vujevi\u0107a nakon utakmice u Banjoj Luci"},"content":{"rendered":"\n<p>Nakon uzvratne utakmice \u010detvrtfinala KUP-a BiH u rukometu izme\u0111u RK Borac m:tel i RK Izvi\u0111a\u010d Central osiguranje koja je odigrana u srijedu, 21.04.2021. godine i u kojoj su na\u0161i rukometa\u0161i slavili rezultatom 34:30 i pro\u0161li na zavr\u0161ni turnir koji \u0107e se odigrati krajem mjeseca svibnja treneri Toni \u010colina i Veselin Vujovi\u0107 su dali izjave RTRS.<\/p>\n\n\n\n<p>Izjave trenera Borca\u00a0<strong>Veselina Vujovi\u0107a<\/strong>\u00a0i\u00a0<strong>Tonija \u010coline<\/strong>\u00a0trenera Izvi\u0111a\u010da Central osiguranja kao i kratki izvje\u0161taj s utakmice koji je uradila Radiotelevizija Republike Srpske mo\u017eete pogledati u ovom videu<\/p>\n\n\n\n<iframe loading=\"lazy\" width=\"560\" height=\"315\" src=\"https:\/\/www.youtube.com\/embed\/bQL4wA0pDF8\" title=\"YouTube video player\" frameborder=\"0\" allow=\"accelerometer; autoplay; clipboard-write; encrypted-media; gyroscope; picture-in-picture\" allowfullscreen><\/iframe>\n\n\n\n<p><strong><a href=\"http:\/\/izvidjac.com\/video-izjave-trenera-tonija-coline-i-veselina-vujovica-nakon-utakmice-u-banja-luci\/\">Izvor: izvidjac.com<\/a><\/strong><\/p>\n","protected":false},"excerpt":{"rendered":"<p>Nakon uzvratne utakmice \u010detvrtfinala KUP-a BiH u rukometu izme\u0111u RK Borac m:tel i RK Izvi\u0111a\u010d Central osiguranje koja je odigrana u srijedu, 21.04.2021. godine i u kojoj su na\u0161i rukometa\u0161i slavili rezultatom 34:30 i pro\u0161li na zavr\u0161ni turnir koji \u0107e se odigrati krajem mjeseca svibnja treneri Toni \u010colina i Veselin Vujovi\u0107 su dali izjave RTRS. [&hellip;]<\/p>\n","protected":false},"author":2,"featured_media":15583,"comment_status":"closed","ping_status":"closed","sticky":false,"template":"","format":"standard","meta":{"h5ap_radio_sources":[],"footnotes":""},"categories":[3],"tags":[],"class_list":["post-15579","post","type-post","status-publish","format-standard","has-post-thumbnail","hentry","category-ljubuski"],"yoast_head":"<!-- This site is optimized with the Yoast SEO plugin v27.5 - https:\/\/yoast.com\/product\/yoast-seo-wordpress\/ -->\n<title>Izjave trenera Tonija \u010coline i Veselina Vujevi\u0107a nakon utakmice u Banjoj Luci - RADIO LJUBU\u0160KI<\/title>\n<meta name=\"robots\" content=\"index, follow, max-snippet:-1, max-image-preview:large, max-video-preview:-1\" \/>\n<link rel=\"canonical\" href=\"https:\/\/radioljubuski.ba\/index.php\/2021\/04\/23\/izjave-trenera-tonija-coline-i-veselina-vujevica-nakon-utakmice-u-banjoj-luci\/\" \/>\n<meta property=\"og:locale\" content=\"hr_HR\" \/>\n<meta property=\"og:type\" content=\"article\" \/>\n<meta property=\"og:title\" content=\"Izjave trenera Tonija \u010coline i Veselina Vujevi\u0107a nakon utakmice u Banjoj Luci - RADIO LJUBU\u0160KI\" \/>\n<meta property=\"og:description\" content=\"Nakon uzvratne utakmice \u010detvrtfinala KUP-a BiH u rukometu izme\u0111u RK Borac m:tel i RK Izvi\u0111a\u010d Central osiguranje koja je odigrana u srijedu, 21.04.2021. godine i u kojoj su na\u0161i rukometa\u0161i slavili rezultatom 34:30 i pro\u0161li na zavr\u0161ni turnir koji \u0107e se odigrati krajem mjeseca svibnja treneri Toni \u010colina i Veselin Vujovi\u0107 su dali izjave RTRS. [&hellip;]\" \/>\n<meta property=\"og:url\" content=\"https:\/\/radioljubuski.ba\/index.php\/2021\/04\/23\/izjave-trenera-tonija-coline-i-veselina-vujevica-nakon-utakmice-u-banjoj-luci\/\" \/>\n<meta property=\"og:site_name\" content=\"RADIO LJUBU\u0160KI\" \/>\n<meta property=\"article:publisher\" content=\"https:\/\/www.facebook.com\/Radiio-Ljubuski-1490835324566332\" \/>\n<meta property=\"article:published_time\" content=\"2021-04-23T09:34:33+00:00\" \/>\n<meta property=\"article:modified_time\" content=\"2021-04-23T09:34:35+00:00\" \/>\n<meta property=\"og:image\" content=\"https:\/\/radioljubuski.ba\/wp-content\/uploads\/2021\/04\/colina-borac.jpg\" \/>\n\t<meta property=\"og:image:width\" content=\"735\" \/>\n\t<meta property=\"og:image:height\" content=\"382\" \/>\n\t<meta property=\"og:image:type\" content=\"image\/jpeg\" \/>\n<meta name=\"author\" content=\"Radio Ljubu\u0161ki\" \/>\n<meta name=\"twitter:card\" content=\"summary_large_image\" \/>\n<meta name=\"twitter:creator\" content=\"@radioljubuski\" \/>\n<meta name=\"twitter:site\" content=\"@radioljubuski\" \/>\n<meta name=\"twitter:label1\" content=\"Napisao\/la\" \/>\n\t<meta name=\"twitter:data1\" content=\"Radio Ljubu\u0161ki\" \/>\n\t<meta name=\"twitter:label2\" content=\"Procijenjeno vrijeme \u010ditanja\" \/>\n\t<meta name=\"twitter:data2\" content=\"1 minuta\" \/>\n<script type=\"application\/ld+json\" class=\"yoast-schema-graph\">{\"@context\":\"https:\\\/\\\/schema.org\",\"@graph\":[{\"@type\":\"Article\",\"@id\":\"https:\\\/\\\/radioljubuski.ba\\\/index.php\\\/2021\\\/04\\\/23\\\/izjave-trenera-tonija-coline-i-veselina-vujevica-nakon-utakmice-u-banjoj-luci\\\/#article\",\"isPartOf\":{\"@id\":\"https:\\\/\\\/radioljubuski.ba\\\/index.php\\\/2021\\\/04\\\/23\\\/izjave-trenera-tonija-coline-i-veselina-vujevica-nakon-utakmice-u-banjoj-luci\\\/\"},\"author\":{\"name\":\"Radio Ljubu\u0161ki\",\"@id\":\"https:\\\/\\\/radioljubuski.ba\\\/#\\\/schema\\\/person\\\/19fc700381a780f69665d7956c469e3b\"},\"headline\":\"Izjave trenera Tonija \u010coline i Veselina Vujevi\u0107a nakon utakmice u Banjoj Luci\",\"datePublished\":\"2021-04-23T09:34:33+00:00\",\"dateModified\":\"2021-04-23T09:34:35+00:00\",\"mainEntityOfPage\":{\"@id\":\"https:\\\/\\\/radioljubuski.ba\\\/index.php\\\/2021\\\/04\\\/23\\\/izjave-trenera-tonija-coline-i-veselina-vujevica-nakon-utakmice-u-banjoj-luci\\\/\"},\"wordCount\":110,\"publisher\":{\"@id\":\"https:\\\/\\\/radioljubuski.ba\\\/#organization\"},\"image\":{\"@id\":\"https:\\\/\\\/radioljubuski.ba\\\/index.php\\\/2021\\\/04\\\/23\\\/izjave-trenera-tonija-coline-i-veselina-vujevica-nakon-utakmice-u-banjoj-luci\\\/#primaryimage\"},\"thumbnailUrl\":\"https:\\\/\\\/radioljubuski.ba\\\/wp-content\\\/uploads\\\/2021\\\/04\\\/colina-borac.jpg\",\"articleSection\":[\"Ljubu\u0161ki\"],\"inLanguage\":\"hr\"},{\"@type\":\"WebPage\",\"@id\":\"https:\\\/\\\/radioljubuski.ba\\\/index.php\\\/2021\\\/04\\\/23\\\/izjave-trenera-tonija-coline-i-veselina-vujevica-nakon-utakmice-u-banjoj-luci\\\/\",\"url\":\"https:\\\/\\\/radioljubuski.ba\\\/index.php\\\/2021\\\/04\\\/23\\\/izjave-trenera-tonija-coline-i-veselina-vujevica-nakon-utakmice-u-banjoj-luci\\\/\",\"name\":\"Izjave trenera Tonija \u010coline i Veselina Vujevi\u0107a nakon utakmice u Banjoj Luci - RADIO LJUBU\u0160KI\",\"isPartOf\":{\"@id\":\"https:\\\/\\\/radioljubuski.ba\\\/#website\"},\"primaryImageOfPage\":{\"@id\":\"https:\\\/\\\/radioljubuski.ba\\\/index.php\\\/2021\\\/04\\\/23\\\/izjave-trenera-tonija-coline-i-veselina-vujevica-nakon-utakmice-u-banjoj-luci\\\/#primaryimage\"},\"image\":{\"@id\":\"https:\\\/\\\/radioljubuski.ba\\\/index.php\\\/2021\\\/04\\\/23\\\/izjave-trenera-tonija-coline-i-veselina-vujevica-nakon-utakmice-u-banjoj-luci\\\/#primaryimage\"},\"thumbnailUrl\":\"https:\\\/\\\/radioljubuski.ba\\\/wp-content\\\/uploads\\\/2021\\\/04\\\/colina-borac.jpg\",\"datePublished\":\"2021-04-23T09:34:33+00:00\",\"dateModified\":\"2021-04-23T09:34:35+00:00\",\"breadcrumb\":{\"@id\":\"https:\\\/\\\/radioljubuski.ba\\\/index.php\\\/2021\\\/04\\\/23\\\/izjave-trenera-tonija-coline-i-veselina-vujevica-nakon-utakmice-u-banjoj-luci\\\/#breadcrumb\"},\"inLanguage\":\"hr\",\"potentialAction\":[{\"@type\":\"ReadAction\",\"target\":[\"https:\\\/\\\/radioljubuski.ba\\\/index.php\\\/2021\\\/04\\\/23\\\/izjave-trenera-tonija-coline-i-veselina-vujevica-nakon-utakmice-u-banjoj-luci\\\/\"]}]},{\"@type\":\"ImageObject\",\"inLanguage\":\"hr\",\"@id\":\"https:\\\/\\\/radioljubuski.ba\\\/index.php\\\/2021\\\/04\\\/23\\\/izjave-trenera-tonija-coline-i-veselina-vujevica-nakon-utakmice-u-banjoj-luci\\\/#primaryimage\",\"url\":\"https:\\\/\\\/radioljubuski.ba\\\/wp-content\\\/uploads\\\/2021\\\/04\\\/colina-borac.jpg\",\"contentUrl\":\"https:\\\/\\\/radioljubuski.ba\\\/wp-content\\\/uploads\\\/2021\\\/04\\\/colina-borac.jpg\",\"width\":735,\"height\":382},{\"@type\":\"BreadcrumbList\",\"@id\":\"https:\\\/\\\/radioljubuski.ba\\\/index.php\\\/2021\\\/04\\\/23\\\/izjave-trenera-tonija-coline-i-veselina-vujevica-nakon-utakmice-u-banjoj-luci\\\/#breadcrumb\",\"itemListElement\":[{\"@type\":\"ListItem\",\"position\":1,\"name\":\"Po\u010detna stranica\",\"item\":\"https:\\\/\\\/radioljubuski.ba\\\/\"},{\"@type\":\"ListItem\",\"position\":2,\"name\":\"Izjave trenera Tonija \u010coline i Veselina Vujevi\u0107a nakon utakmice u Banjoj Luci\"}]},{\"@type\":\"WebSite\",\"@id\":\"https:\\\/\\\/radioljubuski.ba\\\/#website\",\"url\":\"https:\\\/\\\/radioljubuski.ba\\\/\",\"name\":\"Radio Ljubu\u0161ki\",\"description\":\"Sun\u010dana frekvencija Hercegovine\",\"publisher\":{\"@id\":\"https:\\\/\\\/radioljubuski.ba\\\/#organization\"},\"potentialAction\":[{\"@type\":\"SearchAction\",\"target\":{\"@type\":\"EntryPoint\",\"urlTemplate\":\"https:\\\/\\\/radioljubuski.ba\\\/?s={search_term_string}\"},\"query-input\":{\"@type\":\"PropertyValueSpecification\",\"valueRequired\":true,\"valueName\":\"search_term_string\"}}],\"inLanguage\":\"hr\"},{\"@type\":\"Organization\",\"@id\":\"https:\\\/\\\/radioljubuski.ba\\\/#organization\",\"name\":\"Radio Ljubu\u0161ki\",\"url\":\"https:\\\/\\\/radioljubuski.ba\\\/\",\"logo\":{\"@type\":\"ImageObject\",\"inLanguage\":\"hr\",\"@id\":\"https:\\\/\\\/radioljubuski.ba\\\/#\\\/schema\\\/logo\\\/image\\\/\",\"url\":\"https:\\\/\\\/radioljubuski.ba\\\/wp-content\\\/uploads\\\/2021\\\/02\\\/cropped-Radio_Ljubuski_logo1.jpg\",\"contentUrl\":\"https:\\\/\\\/radioljubuski.ba\\\/wp-content\\\/uploads\\\/2021\\\/02\\\/cropped-Radio_Ljubuski_logo1.jpg\",\"width\":512,\"height\":512,\"caption\":\"Radio Ljubu\u0161ki\"},\"image\":{\"@id\":\"https:\\\/\\\/radioljubuski.ba\\\/#\\\/schema\\\/logo\\\/image\\\/\"},\"sameAs\":[\"https:\\\/\\\/www.facebook.com\\\/Radiio-Ljubuski-1490835324566332\",\"https:\\\/\\\/x.com\\\/radioljubuski\",\"https:\\\/\\\/hr.linkedin.com\\\/company\\\/radio-ljubuski\",\"https:\\\/\\\/www.youtube.com\\\/channel\\\/UCHYaeO_n0Db3tjNGudGpXyw\"]},{\"@type\":\"Person\",\"@id\":\"https:\\\/\\\/radioljubuski.ba\\\/#\\\/schema\\\/person\\\/19fc700381a780f69665d7956c469e3b\",\"name\":\"Radio Ljubu\u0161ki\"}]}<\/script>\n<!-- \/ Yoast SEO plugin. -->","yoast_head_json":{"title":"Izjave trenera Tonija \u010coline i Veselina Vujevi\u0107a nakon utakmice u Banjoj Luci - RADIO LJUBU\u0160KI","robots":{"index":"index","follow":"follow","max-snippet":"max-snippet:-1","max-image-preview":"max-image-preview:large","max-video-preview":"max-video-preview:-1"},"canonical":"https:\/\/radioljubuski.ba\/index.php\/2021\/04\/23\/izjave-trenera-tonija-coline-i-veselina-vujevica-nakon-utakmice-u-banjoj-luci\/","og_locale":"hr_HR","og_type":"article","og_title":"Izjave trenera Tonija \u010coline i Veselina Vujevi\u0107a nakon utakmice u Banjoj Luci - RADIO LJUBU\u0160KI","og_description":"Nakon uzvratne utakmice \u010detvrtfinala KUP-a BiH u rukometu izme\u0111u RK Borac m:tel i RK Izvi\u0111a\u010d Central osiguranje koja je odigrana u srijedu, 21.04.2021. godine i u kojoj su na\u0161i rukometa\u0161i slavili rezultatom 34:30 i pro\u0161li na zavr\u0161ni turnir koji \u0107e se odigrati krajem mjeseca svibnja treneri Toni \u010colina i Veselin Vujovi\u0107 su dali izjave RTRS. [&hellip;]","og_url":"https:\/\/radioljubuski.ba\/index.php\/2021\/04\/23\/izjave-trenera-tonija-coline-i-veselina-vujevica-nakon-utakmice-u-banjoj-luci\/","og_site_name":"RADIO LJUBU\u0160KI","article_publisher":"https:\/\/www.facebook.com\/Radiio-Ljubuski-1490835324566332","article_published_time":"2021-04-23T09:34:33+00:00","article_modified_time":"2021-04-23T09:34:35+00:00","og_image":[{"width":735,"height":382,"url":"https:\/\/radioljubuski.ba\/wp-content\/uploads\/2021\/04\/colina-borac.jpg","type":"image\/jpeg"}],"author":"Radio Ljubu\u0161ki","twitter_card":"summary_large_image","twitter_creator":"@radioljubuski","twitter_site":"@radioljubuski","twitter_misc":{"Napisao\/la":"Radio Ljubu\u0161ki","Procijenjeno vrijeme \u010ditanja":"1 minuta"},"schema":{"@context":"https:\/\/schema.org","@graph":[{"@type":"Article","@id":"https:\/\/radioljubuski.ba\/index.php\/2021\/04\/23\/izjave-trenera-tonija-coline-i-veselina-vujevica-nakon-utakmice-u-banjoj-luci\/#article","isPartOf":{"@id":"https:\/\/radioljubuski.ba\/index.php\/2021\/04\/23\/izjave-trenera-tonija-coline-i-veselina-vujevica-nakon-utakmice-u-banjoj-luci\/"},"author":{"name":"Radio Ljubu\u0161ki","@id":"https:\/\/radioljubuski.ba\/#\/schema\/person\/19fc700381a780f69665d7956c469e3b"},"headline":"Izjave trenera Tonija \u010coline i Veselina Vujevi\u0107a nakon utakmice u Banjoj Luci","datePublished":"2021-04-23T09:34:33+00:00","dateModified":"2021-04-23T09:34:35+00:00","mainEntityOfPage":{"@id":"https:\/\/radioljubuski.ba\/index.php\/2021\/04\/23\/izjave-trenera-tonija-coline-i-veselina-vujevica-nakon-utakmice-u-banjoj-luci\/"},"wordCount":110,"publisher":{"@id":"https:\/\/radioljubuski.ba\/#organization"},"image":{"@id":"https:\/\/radioljubuski.ba\/index.php\/2021\/04\/23\/izjave-trenera-tonija-coline-i-veselina-vujevica-nakon-utakmice-u-banjoj-luci\/#primaryimage"},"thumbnailUrl":"https:\/\/radioljubuski.ba\/wp-content\/uploads\/2021\/04\/colina-borac.jpg","articleSection":["Ljubu\u0161ki"],"inLanguage":"hr"},{"@type":"WebPage","@id":"https:\/\/radioljubuski.ba\/index.php\/2021\/04\/23\/izjave-trenera-tonija-coline-i-veselina-vujevica-nakon-utakmice-u-banjoj-luci\/","url":"https:\/\/radioljubuski.ba\/index.php\/2021\/04\/23\/izjave-trenera-tonija-coline-i-veselina-vujevica-nakon-utakmice-u-banjoj-luci\/","name":"Izjave trenera Tonija \u010coline i Veselina Vujevi\u0107a nakon utakmice u Banjoj Luci - RADIO LJUBU\u0160KI","isPartOf":{"@id":"https:\/\/radioljubuski.ba\/#website"},"primaryImageOfPage":{"@id":"https:\/\/radioljubuski.ba\/index.php\/2021\/04\/23\/izjave-trenera-tonija-coline-i-veselina-vujevica-nakon-utakmice-u-banjoj-luci\/#primaryimage"},"image":{"@id":"https:\/\/radioljubuski.ba\/index.php\/2021\/04\/23\/izjave-trenera-tonija-coline-i-veselina-vujevica-nakon-utakmice-u-banjoj-luci\/#primaryimage"},"thumbnailUrl":"https:\/\/radioljubuski.ba\/wp-content\/uploads\/2021\/04\/colina-borac.jpg","datePublished":"2021-04-23T09:34:33+00:00","dateModified":"2021-04-23T09:34:35+00:00","breadcrumb":{"@id":"https:\/\/radioljubuski.ba\/index.php\/2021\/04\/23\/izjave-trenera-tonija-coline-i-veselina-vujevica-nakon-utakmice-u-banjoj-luci\/#breadcrumb"},"inLanguage":"hr","potentialAction":[{"@type":"ReadAction","target":["https:\/\/radioljubuski.ba\/index.php\/2021\/04\/23\/izjave-trenera-tonija-coline-i-veselina-vujevica-nakon-utakmice-u-banjoj-luci\/"]}]},{"@type":"ImageObject","inLanguage":"hr","@id":"https:\/\/radioljubuski.ba\/index.php\/2021\/04\/23\/izjave-trenera-tonija-coline-i-veselina-vujevica-nakon-utakmice-u-banjoj-luci\/#primaryimage","url":"https:\/\/radioljubuski.ba\/wp-content\/uploads\/2021\/04\/colina-borac.jpg","contentUrl":"https:\/\/radioljubuski.ba\/wp-content\/uploads\/2021\/04\/colina-borac.jpg","width":735,"height":382},{"@type":"BreadcrumbList","@id":"https:\/\/radioljubuski.ba\/index.php\/2021\/04\/23\/izjave-trenera-tonija-coline-i-veselina-vujevica-nakon-utakmice-u-banjoj-luci\/#breadcrumb","itemListElement":[{"@type":"ListItem","position":1,"name":"Po\u010detna stranica","item":"https:\/\/radioljubuski.ba\/"},{"@type":"ListItem","position":2,"name":"Izjave trenera Tonija \u010coline i Veselina Vujevi\u0107a nakon utakmice u Banjoj Luci"}]},{"@type":"WebSite","@id":"https:\/\/radioljubuski.ba\/#website","url":"https:\/\/radioljubuski.ba\/","name":"Radio Ljubu\u0161ki","description":"Sun\u010dana frekvencija Hercegovine","publisher":{"@id":"https:\/\/radioljubuski.ba\/#organization"},"potentialAction":[{"@type":"SearchAction","target":{"@type":"EntryPoint","urlTemplate":"https:\/\/radioljubuski.ba\/?s={search_term_string}"},"query-input":{"@type":"PropertyValueSpecification","valueRequired":true,"valueName":"search_term_string"}}],"inLanguage":"hr"},{"@type":"Organization","@id":"https:\/\/radioljubuski.ba\/#organization","name":"Radio Ljubu\u0161ki","url":"https:\/\/radioljubuski.ba\/","logo":{"@type":"ImageObject","inLanguage":"hr","@id":"https:\/\/radioljubuski.ba\/#\/schema\/logo\/image\/","url":"https:\/\/radioljubuski.ba\/wp-content\/uploads\/2021\/02\/cropped-Radio_Ljubuski_logo1.jpg","contentUrl":"https:\/\/radioljubuski.ba\/wp-content\/uploads\/2021\/02\/cropped-Radio_Ljubuski_logo1.jpg","width":512,"height":512,"caption":"Radio Ljubu\u0161ki"},"image":{"@id":"https:\/\/radioljubuski.ba\/#\/schema\/logo\/image\/"},"sameAs":["https:\/\/www.facebook.com\/Radiio-Ljubuski-1490835324566332","https:\/\/x.com\/radioljubuski","https:\/\/hr.linkedin.com\/company\/radio-ljubuski","https:\/\/www.youtube.com\/channel\/UCHYaeO_n0Db3tjNGudGpXyw"]},{"@type":"Person","@id":"https:\/\/radioljubuski.ba\/#\/schema\/person\/19fc700381a780f69665d7956c469e3b","name":"Radio Ljubu\u0161ki"}]}},"_links":{"self":[{"href":"https:\/\/radioljubuski.ba\/index.php\/wp-json\/wp\/v2\/posts\/15579","targetHints":{"allow":["GET"]}}],"collection":[{"href":"https:\/\/radioljubuski.ba\/index.php\/wp-json\/wp\/v2\/posts"}],"about":[{"href":"https:\/\/radioljubuski.ba\/index.php\/wp-json\/wp\/v2\/types\/post"}],"author":[{"embeddable":true,"href":"https:\/\/radioljubuski.ba\/index.php\/wp-json\/wp\/v2\/users\/2"}],"replies":[{"embeddable":true,"href":"https:\/\/radioljubuski.ba\/index.php\/wp-json\/wp\/v2\/comments?post=15579"}],"version-history":[{"count":1,"href":"https:\/\/radioljubuski.ba\/index.php\/wp-json\/wp\/v2\/posts\/15579\/revisions"}],"predecessor-version":[{"id":15584,"href":"https:\/\/radioljubuski.ba\/index.php\/wp-json\/wp\/v2\/posts\/15579\/revisions\/15584"}],"wp:featuredmedia":[{"embeddable":true,"href":"https:\/\/radioljubuski.ba\/index.php\/wp-json\/wp\/v2\/media\/15583"}],"wp:attachment":[{"href":"https:\/\/radioljubuski.ba\/index.php\/wp-json\/wp\/v2\/media?parent=15579"}],"wp:term":[{"taxonomy":"category","embeddable":true,"href":"https:\/\/radioljubuski.ba\/index.php\/wp-json\/wp\/v2\/categories?post=15579"},{"taxonomy":"post_tag","embeddable":true,"href":"https:\/\/radioljubuski.ba\/index.php\/wp-json\/wp\/v2\/tags?post=15579"}],"curies":[{"name":"wp","href":"https:\/\/api.w.org\/{rel}","templated":true}]}}