{"id":15719,"date":"2021-04-23T16:23:32","date_gmt":"2021-04-23T15:23:32","guid":{"rendered":"https:\/\/radioljubuski.ba\/?p=15719"},"modified":"2021-04-23T16:23:33","modified_gmt":"2021-04-23T15:23:33","slug":"maas-ideja-o-prekrajanju-granica-na-zapadnom-balkanu-vracena-je-u-fioku","status":"publish","type":"post","link":"https:\/\/radioljubuski.ba\/index.php\/2021\/04\/23\/maas-ideja-o-prekrajanju-granica-na-zapadnom-balkanu-vracena-je-u-fioku\/","title":{"rendered":"Maas: Ideja o prekrajanju granica na zapadnom Balkanu vra\u0107ena je u fioku"},"content":{"rendered":"\n<p><strong>Njema\u010dka je odbacila ideju prekrajanja granica na zapadnom Balkanu du\u017e etni\u010dkih linija i ideja je \u201cvra\u0107ena u fioku\u201d, kazao je &nbsp;njema\u010dki \u0161ef diplomacije Heiko Maas.<\/strong><\/p>\n\n\n\n<p>Non-paper, u koji je Reuters imao uvid, sugerira da bi stvaranje \u201cVelike Srbije\u201d, \u201cVelike Albanije\u201d i \u201cVelike Hrvatske\u201d moglo pomo\u0107i u rje\u0161avanju nacionalnih tenzija koje ko\u010de EU integracije u regiji.<\/p>\n\n\n\n<p>Jedan diplomata u Bruxellesu kazao je da \u010dlanice EU nisu razmatrale ovu ideju.<\/p>\n\n\n\n<p>\u2013 Zamisao da stvari mogu biti rije\u0161ene iscrtavanjem novih linija na mapi nije samo nerealisti\u010dna, ve\u0107 je opasno \u010dak i inicirati takvu diskusiju. Ideju prekrajanja ganica njema\u010dka vlada odlu\u010dno odbacuje \u2013 kazao je Maas novinarima u Pri\u0161tini.<\/p>\n\n\n\n<p>Dodao je da je sretan \u0161to je ta zamisao \u201cvra\u0107ena u fioku i nada se u povijest\u201d.<\/p>\n\n\n\n<p>Sadr\u017eaj neslu\u017ebenog dokumenta prvo je procurio u slovenskim medijima. Premijer Slovenije Janez Jan\u0161a nedigao je medijske izvje\u0161taje da ga je on poslao predsjedniku Europskog vije\u0107a Charlesu Michelu kao prijedlog za rje\u0161avanje problema u regiji nakon \u0161to Slovenija u srpnju preuzme predsjedavanje EU.<\/p>\n\n\n\n<p>\/HMS\/<\/p>\n","protected":false},"excerpt":{"rendered":"<p>Njema\u010dka je odbacila ideju prekrajanja granica na zapadnom Balkanu du\u017e etni\u010dkih linija i ideja je \u201cvra\u0107ena u fioku\u201d, kazao je &nbsp;njema\u010dki \u0161ef diplomacije Heiko Maas. Non-paper, u koji je Reuters imao uvid, sugerira da bi stvaranje \u201cVelike Srbije\u201d, \u201cVelike Albanije\u201d i \u201cVelike Hrvatske\u201d moglo pomo\u0107i u rje\u0161avanju nacionalnih tenzija koje ko\u010de EU integracije u regiji. [&hellip;]<\/p>\n","protected":false},"author":2,"featured_media":15720,"comment_status":"closed","ping_status":"closed","sticky":false,"template":"","format":"standard","meta":{"h5ap_radio_sources":[],"footnotes":""},"categories":[1],"tags":[],"class_list":["post-15719","post","type-post","status-publish","format-standard","has-post-thumbnail","hentry","category-bihiregija"],"yoast_head":"<!-- This site is optimized with the Yoast SEO plugin v27.4 - https:\/\/yoast.com\/product\/yoast-seo-wordpress\/ -->\n<title>Maas: Ideja o prekrajanju granica na zapadnom Balkanu vra\u0107ena je u fioku - RADIO LJUBU\u0160KI<\/title>\n<meta name=\"robots\" content=\"index, follow, max-snippet:-1, max-image-preview:large, max-video-preview:-1\" \/>\n<link rel=\"canonical\" href=\"https:\/\/radioljubuski.ba\/index.php\/2021\/04\/23\/maas-ideja-o-prekrajanju-granica-na-zapadnom-balkanu-vracena-je-u-fioku\/\" \/>\n<meta property=\"og:locale\" content=\"hr_HR\" \/>\n<meta property=\"og:type\" content=\"article\" \/>\n<meta property=\"og:title\" content=\"Maas: Ideja o prekrajanju granica na zapadnom Balkanu vra\u0107ena je u fioku - RADIO LJUBU\u0160KI\" \/>\n<meta property=\"og:description\" content=\"Njema\u010dka je odbacila ideju prekrajanja granica na zapadnom Balkanu du\u017e etni\u010dkih linija i ideja je \u201cvra\u0107ena u fioku\u201d, kazao je &nbsp;njema\u010dki \u0161ef diplomacije Heiko Maas. Non-paper, u koji je Reuters imao uvid, sugerira da bi stvaranje \u201cVelike Srbije\u201d, \u201cVelike Albanije\u201d i \u201cVelike Hrvatske\u201d moglo pomo\u0107i u rje\u0161avanju nacionalnih tenzija koje ko\u010de EU integracije u regiji. [&hellip;]\" \/>\n<meta property=\"og:url\" content=\"https:\/\/radioljubuski.ba\/index.php\/2021\/04\/23\/maas-ideja-o-prekrajanju-granica-na-zapadnom-balkanu-vracena-je-u-fioku\/\" \/>\n<meta property=\"og:site_name\" content=\"RADIO LJUBU\u0160KI\" \/>\n<meta property=\"article:publisher\" content=\"https:\/\/www.facebook.com\/Radiio-Ljubuski-1490835324566332\" \/>\n<meta property=\"article:published_time\" content=\"2021-04-23T15:23:32+00:00\" \/>\n<meta property=\"article:modified_time\" content=\"2021-04-23T15:23:33+00:00\" \/>\n<meta property=\"og:image\" content=\"https:\/\/radioljubuski.ba\/wp-content\/uploads\/2021\/04\/maas-e1619127805695.png\" \/>\n\t<meta property=\"og:image:width\" content=\"555\" \/>\n\t<meta property=\"og:image:height\" content=\"310\" \/>\n\t<meta property=\"og:image:type\" content=\"image\/png\" \/>\n<meta name=\"author\" content=\"Radio Ljubu\u0161ki\" \/>\n<meta name=\"twitter:card\" content=\"summary_large_image\" \/>\n<meta name=\"twitter:creator\" content=\"@radioljubuski\" \/>\n<meta name=\"twitter:site\" content=\"@radioljubuski\" \/>\n<meta name=\"twitter:label1\" content=\"Napisao\/la\" \/>\n\t<meta name=\"twitter:data1\" content=\"Radio Ljubu\u0161ki\" \/>\n\t<meta name=\"twitter:label2\" content=\"Procijenjeno vrijeme \u010ditanja\" \/>\n\t<meta name=\"twitter:data2\" content=\"1 minuta\" \/>\n<script type=\"application\/ld+json\" class=\"yoast-schema-graph\">{\"@context\":\"https:\\\/\\\/schema.org\",\"@graph\":[{\"@type\":\"Article\",\"@id\":\"https:\\\/\\\/radioljubuski.ba\\\/index.php\\\/2021\\\/04\\\/23\\\/maas-ideja-o-prekrajanju-granica-na-zapadnom-balkanu-vracena-je-u-fioku\\\/#article\",\"isPartOf\":{\"@id\":\"https:\\\/\\\/radioljubuski.ba\\\/index.php\\\/2021\\\/04\\\/23\\\/maas-ideja-o-prekrajanju-granica-na-zapadnom-balkanu-vracena-je-u-fioku\\\/\"},\"author\":{\"name\":\"Radio Ljubu\u0161ki\",\"@id\":\"https:\\\/\\\/radioljubuski.ba\\\/#\\\/schema\\\/person\\\/19fc700381a780f69665d7956c469e3b\"},\"headline\":\"Maas: Ideja o prekrajanju granica na zapadnom Balkanu vra\u0107ena je u fioku\",\"datePublished\":\"2021-04-23T15:23:32+00:00\",\"dateModified\":\"2021-04-23T15:23:33+00:00\",\"mainEntityOfPage\":{\"@id\":\"https:\\\/\\\/radioljubuski.ba\\\/index.php\\\/2021\\\/04\\\/23\\\/maas-ideja-o-prekrajanju-granica-na-zapadnom-balkanu-vracena-je-u-fioku\\\/\"},\"wordCount\":196,\"publisher\":{\"@id\":\"https:\\\/\\\/radioljubuski.ba\\\/#organization\"},\"image\":{\"@id\":\"https:\\\/\\\/radioljubuski.ba\\\/index.php\\\/2021\\\/04\\\/23\\\/maas-ideja-o-prekrajanju-granica-na-zapadnom-balkanu-vracena-je-u-fioku\\\/#primaryimage\"},\"thumbnailUrl\":\"https:\\\/\\\/radioljubuski.ba\\\/wp-content\\\/uploads\\\/2021\\\/04\\\/maas-e1619127805695.png\",\"articleSection\":[\"BIH i regija\"],\"inLanguage\":\"hr\"},{\"@type\":\"WebPage\",\"@id\":\"https:\\\/\\\/radioljubuski.ba\\\/index.php\\\/2021\\\/04\\\/23\\\/maas-ideja-o-prekrajanju-granica-na-zapadnom-balkanu-vracena-je-u-fioku\\\/\",\"url\":\"https:\\\/\\\/radioljubuski.ba\\\/index.php\\\/2021\\\/04\\\/23\\\/maas-ideja-o-prekrajanju-granica-na-zapadnom-balkanu-vracena-je-u-fioku\\\/\",\"name\":\"Maas: Ideja o prekrajanju granica na zapadnom Balkanu vra\u0107ena je u fioku - RADIO LJUBU\u0160KI\",\"isPartOf\":{\"@id\":\"https:\\\/\\\/radioljubuski.ba\\\/#website\"},\"primaryImageOfPage\":{\"@id\":\"https:\\\/\\\/radioljubuski.ba\\\/index.php\\\/2021\\\/04\\\/23\\\/maas-ideja-o-prekrajanju-granica-na-zapadnom-balkanu-vracena-je-u-fioku\\\/#primaryimage\"},\"image\":{\"@id\":\"https:\\\/\\\/radioljubuski.ba\\\/index.php\\\/2021\\\/04\\\/23\\\/maas-ideja-o-prekrajanju-granica-na-zapadnom-balkanu-vracena-je-u-fioku\\\/#primaryimage\"},\"thumbnailUrl\":\"https:\\\/\\\/radioljubuski.ba\\\/wp-content\\\/uploads\\\/2021\\\/04\\\/maas-e1619127805695.png\",\"datePublished\":\"2021-04-23T15:23:32+00:00\",\"dateModified\":\"2021-04-23T15:23:33+00:00\",\"breadcrumb\":{\"@id\":\"https:\\\/\\\/radioljubuski.ba\\\/index.php\\\/2021\\\/04\\\/23\\\/maas-ideja-o-prekrajanju-granica-na-zapadnom-balkanu-vracena-je-u-fioku\\\/#breadcrumb\"},\"inLanguage\":\"hr\",\"potentialAction\":[{\"@type\":\"ReadAction\",\"target\":[\"https:\\\/\\\/radioljubuski.ba\\\/index.php\\\/2021\\\/04\\\/23\\\/maas-ideja-o-prekrajanju-granica-na-zapadnom-balkanu-vracena-je-u-fioku\\\/\"]}]},{\"@type\":\"ImageObject\",\"inLanguage\":\"hr\",\"@id\":\"https:\\\/\\\/radioljubuski.ba\\\/index.php\\\/2021\\\/04\\\/23\\\/maas-ideja-o-prekrajanju-granica-na-zapadnom-balkanu-vracena-je-u-fioku\\\/#primaryimage\",\"url\":\"https:\\\/\\\/radioljubuski.ba\\\/wp-content\\\/uploads\\\/2021\\\/04\\\/maas-e1619127805695.png\",\"contentUrl\":\"https:\\\/\\\/radioljubuski.ba\\\/wp-content\\\/uploads\\\/2021\\\/04\\\/maas-e1619127805695.png\",\"width\":555,\"height\":310},{\"@type\":\"BreadcrumbList\",\"@id\":\"https:\\\/\\\/radioljubuski.ba\\\/index.php\\\/2021\\\/04\\\/23\\\/maas-ideja-o-prekrajanju-granica-na-zapadnom-balkanu-vracena-je-u-fioku\\\/#breadcrumb\",\"itemListElement\":[{\"@type\":\"ListItem\",\"position\":1,\"name\":\"Po\u010detna stranica\",\"item\":\"https:\\\/\\\/radioljubuski.ba\\\/\"},{\"@type\":\"ListItem\",\"position\":2,\"name\":\"Maas: Ideja o prekrajanju granica na zapadnom Balkanu vra\u0107ena je u fioku\"}]},{\"@type\":\"WebSite\",\"@id\":\"https:\\\/\\\/radioljubuski.ba\\\/#website\",\"url\":\"https:\\\/\\\/radioljubuski.ba\\\/\",\"name\":\"Radio Ljubu\u0161ki\",\"description\":\"Sun\u010dana frekvencija Hercegovine\",\"publisher\":{\"@id\":\"https:\\\/\\\/radioljubuski.ba\\\/#organization\"},\"potentialAction\":[{\"@type\":\"SearchAction\",\"target\":{\"@type\":\"EntryPoint\",\"urlTemplate\":\"https:\\\/\\\/radioljubuski.ba\\\/?s={search_term_string}\"},\"query-input\":{\"@type\":\"PropertyValueSpecification\",\"valueRequired\":true,\"valueName\":\"search_term_string\"}}],\"inLanguage\":\"hr\"},{\"@type\":\"Organization\",\"@id\":\"https:\\\/\\\/radioljubuski.ba\\\/#organization\",\"name\":\"Radio Ljubu\u0161ki\",\"url\":\"https:\\\/\\\/radioljubuski.ba\\\/\",\"logo\":{\"@type\":\"ImageObject\",\"inLanguage\":\"hr\",\"@id\":\"https:\\\/\\\/radioljubuski.ba\\\/#\\\/schema\\\/logo\\\/image\\\/\",\"url\":\"https:\\\/\\\/radioljubuski.ba\\\/wp-content\\\/uploads\\\/2021\\\/02\\\/cropped-Radio_Ljubuski_logo1.jpg\",\"contentUrl\":\"https:\\\/\\\/radioljubuski.ba\\\/wp-content\\\/uploads\\\/2021\\\/02\\\/cropped-Radio_Ljubuski_logo1.jpg\",\"width\":512,\"height\":512,\"caption\":\"Radio Ljubu\u0161ki\"},\"image\":{\"@id\":\"https:\\\/\\\/radioljubuski.ba\\\/#\\\/schema\\\/logo\\\/image\\\/\"},\"sameAs\":[\"https:\\\/\\\/www.facebook.com\\\/Radiio-Ljubuski-1490835324566332\",\"https:\\\/\\\/x.com\\\/radioljubuski\",\"https:\\\/\\\/hr.linkedin.com\\\/company\\\/radio-ljubuski\",\"https:\\\/\\\/www.youtube.com\\\/channel\\\/UCHYaeO_n0Db3tjNGudGpXyw\"]},{\"@type\":\"Person\",\"@id\":\"https:\\\/\\\/radioljubuski.ba\\\/#\\\/schema\\\/person\\\/19fc700381a780f69665d7956c469e3b\",\"name\":\"Radio Ljubu\u0161ki\"}]}<\/script>\n<!-- \/ Yoast SEO plugin. -->","yoast_head_json":{"title":"Maas: Ideja o prekrajanju granica na zapadnom Balkanu vra\u0107ena je u fioku - RADIO LJUBU\u0160KI","robots":{"index":"index","follow":"follow","max-snippet":"max-snippet:-1","max-image-preview":"max-image-preview:large","max-video-preview":"max-video-preview:-1"},"canonical":"https:\/\/radioljubuski.ba\/index.php\/2021\/04\/23\/maas-ideja-o-prekrajanju-granica-na-zapadnom-balkanu-vracena-je-u-fioku\/","og_locale":"hr_HR","og_type":"article","og_title":"Maas: Ideja o prekrajanju granica na zapadnom Balkanu vra\u0107ena je u fioku - RADIO LJUBU\u0160KI","og_description":"Njema\u010dka je odbacila ideju prekrajanja granica na zapadnom Balkanu du\u017e etni\u010dkih linija i ideja je \u201cvra\u0107ena u fioku\u201d, kazao je &nbsp;njema\u010dki \u0161ef diplomacije Heiko Maas. Non-paper, u koji je Reuters imao uvid, sugerira da bi stvaranje \u201cVelike Srbije\u201d, \u201cVelike Albanije\u201d i \u201cVelike Hrvatske\u201d moglo pomo\u0107i u rje\u0161avanju nacionalnih tenzija koje ko\u010de EU integracije u regiji. [&hellip;]","og_url":"https:\/\/radioljubuski.ba\/index.php\/2021\/04\/23\/maas-ideja-o-prekrajanju-granica-na-zapadnom-balkanu-vracena-je-u-fioku\/","og_site_name":"RADIO LJUBU\u0160KI","article_publisher":"https:\/\/www.facebook.com\/Radiio-Ljubuski-1490835324566332","article_published_time":"2021-04-23T15:23:32+00:00","article_modified_time":"2021-04-23T15:23:33+00:00","og_image":[{"width":555,"height":310,"url":"https:\/\/radioljubuski.ba\/wp-content\/uploads\/2021\/04\/maas-e1619127805695.png","type":"image\/png"}],"author":"Radio Ljubu\u0161ki","twitter_card":"summary_large_image","twitter_creator":"@radioljubuski","twitter_site":"@radioljubuski","twitter_misc":{"Napisao\/la":"Radio Ljubu\u0161ki","Procijenjeno vrijeme \u010ditanja":"1 minuta"},"schema":{"@context":"https:\/\/schema.org","@graph":[{"@type":"Article","@id":"https:\/\/radioljubuski.ba\/index.php\/2021\/04\/23\/maas-ideja-o-prekrajanju-granica-na-zapadnom-balkanu-vracena-je-u-fioku\/#article","isPartOf":{"@id":"https:\/\/radioljubuski.ba\/index.php\/2021\/04\/23\/maas-ideja-o-prekrajanju-granica-na-zapadnom-balkanu-vracena-je-u-fioku\/"},"author":{"name":"Radio Ljubu\u0161ki","@id":"https:\/\/radioljubuski.ba\/#\/schema\/person\/19fc700381a780f69665d7956c469e3b"},"headline":"Maas: Ideja o prekrajanju granica na zapadnom Balkanu vra\u0107ena je u fioku","datePublished":"2021-04-23T15:23:32+00:00","dateModified":"2021-04-23T15:23:33+00:00","mainEntityOfPage":{"@id":"https:\/\/radioljubuski.ba\/index.php\/2021\/04\/23\/maas-ideja-o-prekrajanju-granica-na-zapadnom-balkanu-vracena-je-u-fioku\/"},"wordCount":196,"publisher":{"@id":"https:\/\/radioljubuski.ba\/#organization"},"image":{"@id":"https:\/\/radioljubuski.ba\/index.php\/2021\/04\/23\/maas-ideja-o-prekrajanju-granica-na-zapadnom-balkanu-vracena-je-u-fioku\/#primaryimage"},"thumbnailUrl":"https:\/\/radioljubuski.ba\/wp-content\/uploads\/2021\/04\/maas-e1619127805695.png","articleSection":["BIH i regija"],"inLanguage":"hr"},{"@type":"WebPage","@id":"https:\/\/radioljubuski.ba\/index.php\/2021\/04\/23\/maas-ideja-o-prekrajanju-granica-na-zapadnom-balkanu-vracena-je-u-fioku\/","url":"https:\/\/radioljubuski.ba\/index.php\/2021\/04\/23\/maas-ideja-o-prekrajanju-granica-na-zapadnom-balkanu-vracena-je-u-fioku\/","name":"Maas: Ideja o prekrajanju granica na zapadnom Balkanu vra\u0107ena je u fioku - RADIO LJUBU\u0160KI","isPartOf":{"@id":"https:\/\/radioljubuski.ba\/#website"},"primaryImageOfPage":{"@id":"https:\/\/radioljubuski.ba\/index.php\/2021\/04\/23\/maas-ideja-o-prekrajanju-granica-na-zapadnom-balkanu-vracena-je-u-fioku\/#primaryimage"},"image":{"@id":"https:\/\/radioljubuski.ba\/index.php\/2021\/04\/23\/maas-ideja-o-prekrajanju-granica-na-zapadnom-balkanu-vracena-je-u-fioku\/#primaryimage"},"thumbnailUrl":"https:\/\/radioljubuski.ba\/wp-content\/uploads\/2021\/04\/maas-e1619127805695.png","datePublished":"2021-04-23T15:23:32+00:00","dateModified":"2021-04-23T15:23:33+00:00","breadcrumb":{"@id":"https:\/\/radioljubuski.ba\/index.php\/2021\/04\/23\/maas-ideja-o-prekrajanju-granica-na-zapadnom-balkanu-vracena-je-u-fioku\/#breadcrumb"},"inLanguage":"hr","potentialAction":[{"@type":"ReadAction","target":["https:\/\/radioljubuski.ba\/index.php\/2021\/04\/23\/maas-ideja-o-prekrajanju-granica-na-zapadnom-balkanu-vracena-je-u-fioku\/"]}]},{"@type":"ImageObject","inLanguage":"hr","@id":"https:\/\/radioljubuski.ba\/index.php\/2021\/04\/23\/maas-ideja-o-prekrajanju-granica-na-zapadnom-balkanu-vracena-je-u-fioku\/#primaryimage","url":"https:\/\/radioljubuski.ba\/wp-content\/uploads\/2021\/04\/maas-e1619127805695.png","contentUrl":"https:\/\/radioljubuski.ba\/wp-content\/uploads\/2021\/04\/maas-e1619127805695.png","width":555,"height":310},{"@type":"BreadcrumbList","@id":"https:\/\/radioljubuski.ba\/index.php\/2021\/04\/23\/maas-ideja-o-prekrajanju-granica-na-zapadnom-balkanu-vracena-je-u-fioku\/#breadcrumb","itemListElement":[{"@type":"ListItem","position":1,"name":"Po\u010detna stranica","item":"https:\/\/radioljubuski.ba\/"},{"@type":"ListItem","position":2,"name":"Maas: Ideja o prekrajanju granica na zapadnom Balkanu vra\u0107ena je u fioku"}]},{"@type":"WebSite","@id":"https:\/\/radioljubuski.ba\/#website","url":"https:\/\/radioljubuski.ba\/","name":"Radio Ljubu\u0161ki","description":"Sun\u010dana frekvencija Hercegovine","publisher":{"@id":"https:\/\/radioljubuski.ba\/#organization"},"potentialAction":[{"@type":"SearchAction","target":{"@type":"EntryPoint","urlTemplate":"https:\/\/radioljubuski.ba\/?s={search_term_string}"},"query-input":{"@type":"PropertyValueSpecification","valueRequired":true,"valueName":"search_term_string"}}],"inLanguage":"hr"},{"@type":"Organization","@id":"https:\/\/radioljubuski.ba\/#organization","name":"Radio Ljubu\u0161ki","url":"https:\/\/radioljubuski.ba\/","logo":{"@type":"ImageObject","inLanguage":"hr","@id":"https:\/\/radioljubuski.ba\/#\/schema\/logo\/image\/","url":"https:\/\/radioljubuski.ba\/wp-content\/uploads\/2021\/02\/cropped-Radio_Ljubuski_logo1.jpg","contentUrl":"https:\/\/radioljubuski.ba\/wp-content\/uploads\/2021\/02\/cropped-Radio_Ljubuski_logo1.jpg","width":512,"height":512,"caption":"Radio Ljubu\u0161ki"},"image":{"@id":"https:\/\/radioljubuski.ba\/#\/schema\/logo\/image\/"},"sameAs":["https:\/\/www.facebook.com\/Radiio-Ljubuski-1490835324566332","https:\/\/x.com\/radioljubuski","https:\/\/hr.linkedin.com\/company\/radio-ljubuski","https:\/\/www.youtube.com\/channel\/UCHYaeO_n0Db3tjNGudGpXyw"]},{"@type":"Person","@id":"https:\/\/radioljubuski.ba\/#\/schema\/person\/19fc700381a780f69665d7956c469e3b","name":"Radio Ljubu\u0161ki"}]}},"_links":{"self":[{"href":"https:\/\/radioljubuski.ba\/index.php\/wp-json\/wp\/v2\/posts\/15719","targetHints":{"allow":["GET"]}}],"collection":[{"href":"https:\/\/radioljubuski.ba\/index.php\/wp-json\/wp\/v2\/posts"}],"about":[{"href":"https:\/\/radioljubuski.ba\/index.php\/wp-json\/wp\/v2\/types\/post"}],"author":[{"embeddable":true,"href":"https:\/\/radioljubuski.ba\/index.php\/wp-json\/wp\/v2\/users\/2"}],"replies":[{"embeddable":true,"href":"https:\/\/radioljubuski.ba\/index.php\/wp-json\/wp\/v2\/comments?post=15719"}],"version-history":[{"count":1,"href":"https:\/\/radioljubuski.ba\/index.php\/wp-json\/wp\/v2\/posts\/15719\/revisions"}],"predecessor-version":[{"id":15721,"href":"https:\/\/radioljubuski.ba\/index.php\/wp-json\/wp\/v2\/posts\/15719\/revisions\/15721"}],"wp:featuredmedia":[{"embeddable":true,"href":"https:\/\/radioljubuski.ba\/index.php\/wp-json\/wp\/v2\/media\/15720"}],"wp:attachment":[{"href":"https:\/\/radioljubuski.ba\/index.php\/wp-json\/wp\/v2\/media?parent=15719"}],"wp:term":[{"taxonomy":"category","embeddable":true,"href":"https:\/\/radioljubuski.ba\/index.php\/wp-json\/wp\/v2\/categories?post=15719"},{"taxonomy":"post_tag","embeddable":true,"href":"https:\/\/radioljubuski.ba\/index.php\/wp-json\/wp\/v2\/tags?post=15719"}],"curies":[{"name":"wp","href":"https:\/\/api.w.org\/{rel}","templated":true}]}}