{"id":157426,"date":"2022-07-08T15:05:24","date_gmt":"2022-07-08T14:05:24","guid":{"rendered":"https:\/\/radioljubuski.ba\/?p=157426"},"modified":"2022-07-08T15:05:26","modified_gmt":"2022-07-08T14:05:26","slug":"americki-policajac-koji-je-ubio-georgea-floyda-osuden-na-21-godinu-zatvora","status":"publish","type":"post","link":"https:\/\/radioljubuski.ba\/index.php\/2022\/07\/08\/americki-policajac-koji-je-ubio-georgea-floyda-osuden-na-21-godinu-zatvora\/","title":{"rendered":"Ameri\u010dki policajac koji je ubio Georgea Floyda osu\u0111en na 21 godinu zatvora"},"content":{"rendered":"\n<p>Policajac Derek Chauvin, bijelac, osu\u0111en je u \u010detvrtak na 21 godinu zatvora na saveznom sudu Sjedinjenih Dr\u017eava zbog toga \u0161to je ugu\u0161io crnca Georgea Floyda pritisnuv\u0161i mu vrat koljenom.<\/p>\n\n\n\n<p>Biv\u0161i policajac kojemu je 46 godina ve\u0107 je osu\u0111en za ubojstvo na 22 i pol godine zatvora na sudu dr\u017eave Minnesote, ali se \u017ealio na presudu.<\/p>\n\n\n\n<p>Savezna kazna za &#8220;povredu gra\u0111anskih prava&#8221; crnca u \u010detrdesetima je pak kona\u010dna jer proizlazi iz dogovora o priznanju krivice.<\/p>\n\n\n\n<p>Mo\u017ee ju slu\u017eiti u isto vrijeme kad i drugu kaznu, dodao je sudac Paul Magnuson na sudu u Saint Paulu, ura\u010dunav\u0161i u kaznu sedam mjeseci provedenih u pritvoru.<\/p>\n\n\n\n<p>&#8220;Ne znam za\u0161to ste to u\u010dinili, ali dr\u017eati koljeno na ne\u010dijem vratu sve dok taj ne umre je lo\u0161e. I zato ste strogo ka\u017enjeni&#8221;, obrazlo\u017eio mu je sudac.<\/p>\n\n\n\n<p>U kratkoj izjavi Derek Chauvin je po\u017eelio djeci Georgea Floyda &#8220;uspjeh u \u017eivotu&#8221;, ali nije zatra\u017eio oprost ni izrazio kajanje. Njegova majka Carolyn Pawlenty je rekla da on nije bezdu\u0161ni rasist i dodala da &#8220;svi \u017eivoti vrijede, bez obzira na boju ko\u017ee&#8221;, parafraziraju\u0107i slogan Crna\u010dki \u017eivoti vrijede.<\/p>\n\n\n\n<p>Floydov brat Philonise zatra\u017eio je &#8220;najve\u0107u mogu\u0107u kaznu&#8221; za Chauvina, rekav\u0161i da ne spava nakon tragedije.<\/p>\n\n\n\n<p>Izvor:pogled.ba<\/p>\n","protected":false},"excerpt":{"rendered":"<p>Policajac Derek Chauvin, bijelac, osu\u0111en je u \u010detvrtak na 21 godinu zatvora na saveznom sudu Sjedinjenih Dr\u017eava zbog toga \u0161to je ugu\u0161io crnca Georgea Floyda pritisnuv\u0161i mu vrat koljenom. Biv\u0161i policajac kojemu je 46 godina ve\u0107 je osu\u0111en za ubojstvo na 22 i pol godine zatvora na sudu dr\u017eave Minnesote, ali se \u017ealio na presudu. [&hellip;]<\/p>\n","protected":false},"author":2,"featured_media":157427,"comment_status":"closed","ping_status":"closed","sticky":false,"template":"","format":"standard","meta":{"h5ap_radio_sources":[],"footnotes":""},"categories":[1],"tags":[],"class_list":["post-157426","post","type-post","status-publish","format-standard","has-post-thumbnail","hentry","category-bihiregija"],"yoast_head":"<!-- This site is optimized with the Yoast SEO plugin v27.5 - https:\/\/yoast.com\/product\/yoast-seo-wordpress\/ -->\n<title>Ameri\u010dki policajac koji je ubio Georgea Floyda osu\u0111en na 21 godinu zatvora - RADIO LJUBU\u0160KI<\/title>\n<meta name=\"robots\" content=\"index, follow, max-snippet:-1, max-image-preview:large, max-video-preview:-1\" \/>\n<link rel=\"canonical\" href=\"https:\/\/radioljubuski.ba\/index.php\/2022\/07\/08\/americki-policajac-koji-je-ubio-georgea-floyda-osuden-na-21-godinu-zatvora\/\" \/>\n<meta property=\"og:locale\" content=\"hr_HR\" \/>\n<meta property=\"og:type\" content=\"article\" \/>\n<meta property=\"og:title\" content=\"Ameri\u010dki policajac koji je ubio Georgea Floyda osu\u0111en na 21 godinu zatvora - RADIO LJUBU\u0160KI\" \/>\n<meta property=\"og:description\" content=\"Policajac Derek Chauvin, bijelac, osu\u0111en je u \u010detvrtak na 21 godinu zatvora na saveznom sudu Sjedinjenih Dr\u017eava zbog toga \u0161to je ugu\u0161io crnca Georgea Floyda pritisnuv\u0161i mu vrat koljenom. Biv\u0161i policajac kojemu je 46 godina ve\u0107 je osu\u0111en za ubojstvo na 22 i pol godine zatvora na sudu dr\u017eave Minnesote, ali se \u017ealio na presudu. [&hellip;]\" \/>\n<meta property=\"og:url\" content=\"https:\/\/radioljubuski.ba\/index.php\/2022\/07\/08\/americki-policajac-koji-je-ubio-georgea-floyda-osuden-na-21-godinu-zatvora\/\" \/>\n<meta property=\"og:site_name\" content=\"RADIO LJUBU\u0160KI\" \/>\n<meta property=\"article:publisher\" content=\"https:\/\/www.facebook.com\/Radiio-Ljubuski-1490835324566332\" \/>\n<meta property=\"article:published_time\" content=\"2022-07-08T14:05:24+00:00\" \/>\n<meta property=\"article:modified_time\" content=\"2022-07-08T14:05:26+00:00\" \/>\n<meta property=\"og:image\" content=\"https:\/\/radioljubuski.ba\/wp-content\/uploads\/2022\/07\/10-2022-07-08-07-37-03-Snimka-zaslona-2022-07-08-073657.png\" \/>\n\t<meta property=\"og:image:width\" content=\"1000\" \/>\n\t<meta property=\"og:image:height\" content=\"625\" \/>\n\t<meta property=\"og:image:type\" content=\"image\/png\" \/>\n<meta name=\"author\" content=\"Radio Ljubu\u0161ki\" \/>\n<meta name=\"twitter:card\" content=\"summary_large_image\" \/>\n<meta name=\"twitter:creator\" content=\"@radioljubuski\" \/>\n<meta name=\"twitter:site\" content=\"@radioljubuski\" \/>\n<meta name=\"twitter:label1\" content=\"Napisao\/la\" \/>\n\t<meta name=\"twitter:data1\" content=\"Radio Ljubu\u0161ki\" \/>\n\t<meta name=\"twitter:label2\" content=\"Procijenjeno vrijeme \u010ditanja\" \/>\n\t<meta name=\"twitter:data2\" content=\"1 minuta\" \/>\n<script type=\"application\/ld+json\" class=\"yoast-schema-graph\">{\"@context\":\"https:\\\/\\\/schema.org\",\"@graph\":[{\"@type\":\"Article\",\"@id\":\"https:\\\/\\\/radioljubuski.ba\\\/index.php\\\/2022\\\/07\\\/08\\\/americki-policajac-koji-je-ubio-georgea-floyda-osuden-na-21-godinu-zatvora\\\/#article\",\"isPartOf\":{\"@id\":\"https:\\\/\\\/radioljubuski.ba\\\/index.php\\\/2022\\\/07\\\/08\\\/americki-policajac-koji-je-ubio-georgea-floyda-osuden-na-21-godinu-zatvora\\\/\"},\"author\":{\"name\":\"Radio Ljubu\u0161ki\",\"@id\":\"https:\\\/\\\/radioljubuski.ba\\\/#\\\/schema\\\/person\\\/19fc700381a780f69665d7956c469e3b\"},\"headline\":\"Ameri\u010dki policajac koji je ubio Georgea Floyda osu\u0111en na 21 godinu zatvora\",\"datePublished\":\"2022-07-08T14:05:24+00:00\",\"dateModified\":\"2022-07-08T14:05:26+00:00\",\"mainEntityOfPage\":{\"@id\":\"https:\\\/\\\/radioljubuski.ba\\\/index.php\\\/2022\\\/07\\\/08\\\/americki-policajac-koji-je-ubio-georgea-floyda-osuden-na-21-godinu-zatvora\\\/\"},\"wordCount\":236,\"publisher\":{\"@id\":\"https:\\\/\\\/radioljubuski.ba\\\/#organization\"},\"image\":{\"@id\":\"https:\\\/\\\/radioljubuski.ba\\\/index.php\\\/2022\\\/07\\\/08\\\/americki-policajac-koji-je-ubio-georgea-floyda-osuden-na-21-godinu-zatvora\\\/#primaryimage\"},\"thumbnailUrl\":\"https:\\\/\\\/radioljubuski.ba\\\/wp-content\\\/uploads\\\/2022\\\/07\\\/10-2022-07-08-07-37-03-Snimka-zaslona-2022-07-08-073657.png\",\"articleSection\":[\"BIH i regija\"],\"inLanguage\":\"hr\"},{\"@type\":\"WebPage\",\"@id\":\"https:\\\/\\\/radioljubuski.ba\\\/index.php\\\/2022\\\/07\\\/08\\\/americki-policajac-koji-je-ubio-georgea-floyda-osuden-na-21-godinu-zatvora\\\/\",\"url\":\"https:\\\/\\\/radioljubuski.ba\\\/index.php\\\/2022\\\/07\\\/08\\\/americki-policajac-koji-je-ubio-georgea-floyda-osuden-na-21-godinu-zatvora\\\/\",\"name\":\"Ameri\u010dki policajac koji je ubio Georgea Floyda osu\u0111en na 21 godinu zatvora - RADIO LJUBU\u0160KI\",\"isPartOf\":{\"@id\":\"https:\\\/\\\/radioljubuski.ba\\\/#website\"},\"primaryImageOfPage\":{\"@id\":\"https:\\\/\\\/radioljubuski.ba\\\/index.php\\\/2022\\\/07\\\/08\\\/americki-policajac-koji-je-ubio-georgea-floyda-osuden-na-21-godinu-zatvora\\\/#primaryimage\"},\"image\":{\"@id\":\"https:\\\/\\\/radioljubuski.ba\\\/index.php\\\/2022\\\/07\\\/08\\\/americki-policajac-koji-je-ubio-georgea-floyda-osuden-na-21-godinu-zatvora\\\/#primaryimage\"},\"thumbnailUrl\":\"https:\\\/\\\/radioljubuski.ba\\\/wp-content\\\/uploads\\\/2022\\\/07\\\/10-2022-07-08-07-37-03-Snimka-zaslona-2022-07-08-073657.png\",\"datePublished\":\"2022-07-08T14:05:24+00:00\",\"dateModified\":\"2022-07-08T14:05:26+00:00\",\"breadcrumb\":{\"@id\":\"https:\\\/\\\/radioljubuski.ba\\\/index.php\\\/2022\\\/07\\\/08\\\/americki-policajac-koji-je-ubio-georgea-floyda-osuden-na-21-godinu-zatvora\\\/#breadcrumb\"},\"inLanguage\":\"hr\",\"potentialAction\":[{\"@type\":\"ReadAction\",\"target\":[\"https:\\\/\\\/radioljubuski.ba\\\/index.php\\\/2022\\\/07\\\/08\\\/americki-policajac-koji-je-ubio-georgea-floyda-osuden-na-21-godinu-zatvora\\\/\"]}]},{\"@type\":\"ImageObject\",\"inLanguage\":\"hr\",\"@id\":\"https:\\\/\\\/radioljubuski.ba\\\/index.php\\\/2022\\\/07\\\/08\\\/americki-policajac-koji-je-ubio-georgea-floyda-osuden-na-21-godinu-zatvora\\\/#primaryimage\",\"url\":\"https:\\\/\\\/radioljubuski.ba\\\/wp-content\\\/uploads\\\/2022\\\/07\\\/10-2022-07-08-07-37-03-Snimka-zaslona-2022-07-08-073657.png\",\"contentUrl\":\"https:\\\/\\\/radioljubuski.ba\\\/wp-content\\\/uploads\\\/2022\\\/07\\\/10-2022-07-08-07-37-03-Snimka-zaslona-2022-07-08-073657.png\",\"width\":1000,\"height\":625},{\"@type\":\"BreadcrumbList\",\"@id\":\"https:\\\/\\\/radioljubuski.ba\\\/index.php\\\/2022\\\/07\\\/08\\\/americki-policajac-koji-je-ubio-georgea-floyda-osuden-na-21-godinu-zatvora\\\/#breadcrumb\",\"itemListElement\":[{\"@type\":\"ListItem\",\"position\":1,\"name\":\"Po\u010detna stranica\",\"item\":\"https:\\\/\\\/radioljubuski.ba\\\/\"},{\"@type\":\"ListItem\",\"position\":2,\"name\":\"Ameri\u010dki policajac koji je ubio Georgea Floyda osu\u0111en na 21 godinu zatvora\"}]},{\"@type\":\"WebSite\",\"@id\":\"https:\\\/\\\/radioljubuski.ba\\\/#website\",\"url\":\"https:\\\/\\\/radioljubuski.ba\\\/\",\"name\":\"Radio Ljubu\u0161ki\",\"description\":\"Sun\u010dana frekvencija Hercegovine\",\"publisher\":{\"@id\":\"https:\\\/\\\/radioljubuski.ba\\\/#organization\"},\"potentialAction\":[{\"@type\":\"SearchAction\",\"target\":{\"@type\":\"EntryPoint\",\"urlTemplate\":\"https:\\\/\\\/radioljubuski.ba\\\/?s={search_term_string}\"},\"query-input\":{\"@type\":\"PropertyValueSpecification\",\"valueRequired\":true,\"valueName\":\"search_term_string\"}}],\"inLanguage\":\"hr\"},{\"@type\":\"Organization\",\"@id\":\"https:\\\/\\\/radioljubuski.ba\\\/#organization\",\"name\":\"Radio Ljubu\u0161ki\",\"url\":\"https:\\\/\\\/radioljubuski.ba\\\/\",\"logo\":{\"@type\":\"ImageObject\",\"inLanguage\":\"hr\",\"@id\":\"https:\\\/\\\/radioljubuski.ba\\\/#\\\/schema\\\/logo\\\/image\\\/\",\"url\":\"https:\\\/\\\/radioljubuski.ba\\\/wp-content\\\/uploads\\\/2021\\\/02\\\/cropped-Radio_Ljubuski_logo1.jpg\",\"contentUrl\":\"https:\\\/\\\/radioljubuski.ba\\\/wp-content\\\/uploads\\\/2021\\\/02\\\/cropped-Radio_Ljubuski_logo1.jpg\",\"width\":512,\"height\":512,\"caption\":\"Radio Ljubu\u0161ki\"},\"image\":{\"@id\":\"https:\\\/\\\/radioljubuski.ba\\\/#\\\/schema\\\/logo\\\/image\\\/\"},\"sameAs\":[\"https:\\\/\\\/www.facebook.com\\\/Radiio-Ljubuski-1490835324566332\",\"https:\\\/\\\/x.com\\\/radioljubuski\",\"https:\\\/\\\/hr.linkedin.com\\\/company\\\/radio-ljubuski\",\"https:\\\/\\\/www.youtube.com\\\/channel\\\/UCHYaeO_n0Db3tjNGudGpXyw\"]},{\"@type\":\"Person\",\"@id\":\"https:\\\/\\\/radioljubuski.ba\\\/#\\\/schema\\\/person\\\/19fc700381a780f69665d7956c469e3b\",\"name\":\"Radio Ljubu\u0161ki\"}]}<\/script>\n<!-- \/ Yoast SEO plugin. -->","yoast_head_json":{"title":"Ameri\u010dki policajac koji je ubio Georgea Floyda osu\u0111en na 21 godinu zatvora - RADIO LJUBU\u0160KI","robots":{"index":"index","follow":"follow","max-snippet":"max-snippet:-1","max-image-preview":"max-image-preview:large","max-video-preview":"max-video-preview:-1"},"canonical":"https:\/\/radioljubuski.ba\/index.php\/2022\/07\/08\/americki-policajac-koji-je-ubio-georgea-floyda-osuden-na-21-godinu-zatvora\/","og_locale":"hr_HR","og_type":"article","og_title":"Ameri\u010dki policajac koji je ubio Georgea Floyda osu\u0111en na 21 godinu zatvora - RADIO LJUBU\u0160KI","og_description":"Policajac Derek Chauvin, bijelac, osu\u0111en je u \u010detvrtak na 21 godinu zatvora na saveznom sudu Sjedinjenih Dr\u017eava zbog toga \u0161to je ugu\u0161io crnca Georgea Floyda pritisnuv\u0161i mu vrat koljenom. Biv\u0161i policajac kojemu je 46 godina ve\u0107 je osu\u0111en za ubojstvo na 22 i pol godine zatvora na sudu dr\u017eave Minnesote, ali se \u017ealio na presudu. [&hellip;]","og_url":"https:\/\/radioljubuski.ba\/index.php\/2022\/07\/08\/americki-policajac-koji-je-ubio-georgea-floyda-osuden-na-21-godinu-zatvora\/","og_site_name":"RADIO LJUBU\u0160KI","article_publisher":"https:\/\/www.facebook.com\/Radiio-Ljubuski-1490835324566332","article_published_time":"2022-07-08T14:05:24+00:00","article_modified_time":"2022-07-08T14:05:26+00:00","og_image":[{"width":1000,"height":625,"url":"https:\/\/radioljubuski.ba\/wp-content\/uploads\/2022\/07\/10-2022-07-08-07-37-03-Snimka-zaslona-2022-07-08-073657.png","type":"image\/png"}],"author":"Radio Ljubu\u0161ki","twitter_card":"summary_large_image","twitter_creator":"@radioljubuski","twitter_site":"@radioljubuski","twitter_misc":{"Napisao\/la":"Radio Ljubu\u0161ki","Procijenjeno vrijeme \u010ditanja":"1 minuta"},"schema":{"@context":"https:\/\/schema.org","@graph":[{"@type":"Article","@id":"https:\/\/radioljubuski.ba\/index.php\/2022\/07\/08\/americki-policajac-koji-je-ubio-georgea-floyda-osuden-na-21-godinu-zatvora\/#article","isPartOf":{"@id":"https:\/\/radioljubuski.ba\/index.php\/2022\/07\/08\/americki-policajac-koji-je-ubio-georgea-floyda-osuden-na-21-godinu-zatvora\/"},"author":{"name":"Radio Ljubu\u0161ki","@id":"https:\/\/radioljubuski.ba\/#\/schema\/person\/19fc700381a780f69665d7956c469e3b"},"headline":"Ameri\u010dki policajac koji je ubio Georgea Floyda osu\u0111en na 21 godinu zatvora","datePublished":"2022-07-08T14:05:24+00:00","dateModified":"2022-07-08T14:05:26+00:00","mainEntityOfPage":{"@id":"https:\/\/radioljubuski.ba\/index.php\/2022\/07\/08\/americki-policajac-koji-je-ubio-georgea-floyda-osuden-na-21-godinu-zatvora\/"},"wordCount":236,"publisher":{"@id":"https:\/\/radioljubuski.ba\/#organization"},"image":{"@id":"https:\/\/radioljubuski.ba\/index.php\/2022\/07\/08\/americki-policajac-koji-je-ubio-georgea-floyda-osuden-na-21-godinu-zatvora\/#primaryimage"},"thumbnailUrl":"https:\/\/radioljubuski.ba\/wp-content\/uploads\/2022\/07\/10-2022-07-08-07-37-03-Snimka-zaslona-2022-07-08-073657.png","articleSection":["BIH i regija"],"inLanguage":"hr"},{"@type":"WebPage","@id":"https:\/\/radioljubuski.ba\/index.php\/2022\/07\/08\/americki-policajac-koji-je-ubio-georgea-floyda-osuden-na-21-godinu-zatvora\/","url":"https:\/\/radioljubuski.ba\/index.php\/2022\/07\/08\/americki-policajac-koji-je-ubio-georgea-floyda-osuden-na-21-godinu-zatvora\/","name":"Ameri\u010dki policajac koji je ubio Georgea Floyda osu\u0111en na 21 godinu zatvora - RADIO LJUBU\u0160KI","isPartOf":{"@id":"https:\/\/radioljubuski.ba\/#website"},"primaryImageOfPage":{"@id":"https:\/\/radioljubuski.ba\/index.php\/2022\/07\/08\/americki-policajac-koji-je-ubio-georgea-floyda-osuden-na-21-godinu-zatvora\/#primaryimage"},"image":{"@id":"https:\/\/radioljubuski.ba\/index.php\/2022\/07\/08\/americki-policajac-koji-je-ubio-georgea-floyda-osuden-na-21-godinu-zatvora\/#primaryimage"},"thumbnailUrl":"https:\/\/radioljubuski.ba\/wp-content\/uploads\/2022\/07\/10-2022-07-08-07-37-03-Snimka-zaslona-2022-07-08-073657.png","datePublished":"2022-07-08T14:05:24+00:00","dateModified":"2022-07-08T14:05:26+00:00","breadcrumb":{"@id":"https:\/\/radioljubuski.ba\/index.php\/2022\/07\/08\/americki-policajac-koji-je-ubio-georgea-floyda-osuden-na-21-godinu-zatvora\/#breadcrumb"},"inLanguage":"hr","potentialAction":[{"@type":"ReadAction","target":["https:\/\/radioljubuski.ba\/index.php\/2022\/07\/08\/americki-policajac-koji-je-ubio-georgea-floyda-osuden-na-21-godinu-zatvora\/"]}]},{"@type":"ImageObject","inLanguage":"hr","@id":"https:\/\/radioljubuski.ba\/index.php\/2022\/07\/08\/americki-policajac-koji-je-ubio-georgea-floyda-osuden-na-21-godinu-zatvora\/#primaryimage","url":"https:\/\/radioljubuski.ba\/wp-content\/uploads\/2022\/07\/10-2022-07-08-07-37-03-Snimka-zaslona-2022-07-08-073657.png","contentUrl":"https:\/\/radioljubuski.ba\/wp-content\/uploads\/2022\/07\/10-2022-07-08-07-37-03-Snimka-zaslona-2022-07-08-073657.png","width":1000,"height":625},{"@type":"BreadcrumbList","@id":"https:\/\/radioljubuski.ba\/index.php\/2022\/07\/08\/americki-policajac-koji-je-ubio-georgea-floyda-osuden-na-21-godinu-zatvora\/#breadcrumb","itemListElement":[{"@type":"ListItem","position":1,"name":"Po\u010detna stranica","item":"https:\/\/radioljubuski.ba\/"},{"@type":"ListItem","position":2,"name":"Ameri\u010dki policajac koji je ubio Georgea Floyda osu\u0111en na 21 godinu zatvora"}]},{"@type":"WebSite","@id":"https:\/\/radioljubuski.ba\/#website","url":"https:\/\/radioljubuski.ba\/","name":"Radio Ljubu\u0161ki","description":"Sun\u010dana frekvencija Hercegovine","publisher":{"@id":"https:\/\/radioljubuski.ba\/#organization"},"potentialAction":[{"@type":"SearchAction","target":{"@type":"EntryPoint","urlTemplate":"https:\/\/radioljubuski.ba\/?s={search_term_string}"},"query-input":{"@type":"PropertyValueSpecification","valueRequired":true,"valueName":"search_term_string"}}],"inLanguage":"hr"},{"@type":"Organization","@id":"https:\/\/radioljubuski.ba\/#organization","name":"Radio Ljubu\u0161ki","url":"https:\/\/radioljubuski.ba\/","logo":{"@type":"ImageObject","inLanguage":"hr","@id":"https:\/\/radioljubuski.ba\/#\/schema\/logo\/image\/","url":"https:\/\/radioljubuski.ba\/wp-content\/uploads\/2021\/02\/cropped-Radio_Ljubuski_logo1.jpg","contentUrl":"https:\/\/radioljubuski.ba\/wp-content\/uploads\/2021\/02\/cropped-Radio_Ljubuski_logo1.jpg","width":512,"height":512,"caption":"Radio Ljubu\u0161ki"},"image":{"@id":"https:\/\/radioljubuski.ba\/#\/schema\/logo\/image\/"},"sameAs":["https:\/\/www.facebook.com\/Radiio-Ljubuski-1490835324566332","https:\/\/x.com\/radioljubuski","https:\/\/hr.linkedin.com\/company\/radio-ljubuski","https:\/\/www.youtube.com\/channel\/UCHYaeO_n0Db3tjNGudGpXyw"]},{"@type":"Person","@id":"https:\/\/radioljubuski.ba\/#\/schema\/person\/19fc700381a780f69665d7956c469e3b","name":"Radio Ljubu\u0161ki"}]}},"_links":{"self":[{"href":"https:\/\/radioljubuski.ba\/index.php\/wp-json\/wp\/v2\/posts\/157426","targetHints":{"allow":["GET"]}}],"collection":[{"href":"https:\/\/radioljubuski.ba\/index.php\/wp-json\/wp\/v2\/posts"}],"about":[{"href":"https:\/\/radioljubuski.ba\/index.php\/wp-json\/wp\/v2\/types\/post"}],"author":[{"embeddable":true,"href":"https:\/\/radioljubuski.ba\/index.php\/wp-json\/wp\/v2\/users\/2"}],"replies":[{"embeddable":true,"href":"https:\/\/radioljubuski.ba\/index.php\/wp-json\/wp\/v2\/comments?post=157426"}],"version-history":[{"count":1,"href":"https:\/\/radioljubuski.ba\/index.php\/wp-json\/wp\/v2\/posts\/157426\/revisions"}],"predecessor-version":[{"id":157428,"href":"https:\/\/radioljubuski.ba\/index.php\/wp-json\/wp\/v2\/posts\/157426\/revisions\/157428"}],"wp:featuredmedia":[{"embeddable":true,"href":"https:\/\/radioljubuski.ba\/index.php\/wp-json\/wp\/v2\/media\/157427"}],"wp:attachment":[{"href":"https:\/\/radioljubuski.ba\/index.php\/wp-json\/wp\/v2\/media?parent=157426"}],"wp:term":[{"taxonomy":"category","embeddable":true,"href":"https:\/\/radioljubuski.ba\/index.php\/wp-json\/wp\/v2\/categories?post=157426"},{"taxonomy":"post_tag","embeddable":true,"href":"https:\/\/radioljubuski.ba\/index.php\/wp-json\/wp\/v2\/tags?post=157426"}],"curies":[{"name":"wp","href":"https:\/\/api.w.org\/{rel}","templated":true}]}}