{"id":157683,"date":"2022-07-09T15:09:34","date_gmt":"2022-07-09T14:09:34","guid":{"rendered":"https:\/\/radioljubuski.ba\/?p=157683"},"modified":"2022-07-09T15:09:36","modified_gmt":"2022-07-09T14:09:36","slug":"bosna-i-hercegovina-rekorder-u-regiji-po-visini-inflacije-video","status":"publish","type":"post","link":"https:\/\/radioljubuski.ba\/index.php\/2022\/07\/09\/bosna-i-hercegovina-rekorder-u-regiji-po-visini-inflacije-video\/","title":{"rendered":"Bosna i Hercegovina rekorder u regiji po visini inflacije &#8211; video"},"content":{"rendered":"\n<p>Bosna i Hercegovina je prva zemlja u regiji po visini inflacije. Uprkos toj \u010dinjenici, vlast u Bosni i Hercegovini, osim ad-hok mjera nije donijela nijednu sistemsku mjeru, koja bi pomogla svim gra\u0111anima da lak\u0161e izdr\u017ee lan\u010dana poskupljenja i inflatorne udare.<\/p>\n\n\n\n<p>Bosna i Hercegovina rekorder je po visini inflacije u odnosu na zemlje regije. Cijene vrtoglavo rastu, gra\u0111ani su prepu\u0161teni sami sebi. Osim sporadi\u010dnih pomo\u0107i, sistemska rje\u0161enja izostaju na svim nivoima.<\/p>\n\n\n\n<p>Zemlje u regiji i Europi odavno su preduzele mjere za ubla\u017eavanje posljedica ekonomske krize i inflacije. Bosna i Hercegovina nijednu. Federalni premijer \u010dak tvrdi da kupujemo jeftino gorivo u odnosu na Hrvatsku. Uporedio je cijene goriva, ali nije prosje\u010dne pla\u0107e, koja u Hrvatskoj iznosi 1.014 eura &#8211; duplo ve\u0107a nego u Bosni i Hercegovini.<\/p>\n\n\n\n<p>FADIL NOVALI\u0106, premijer Federacije BiH<\/p>\n\n\n\n<p>\u201eU Hrvatskoj je gorivo 4,06, kod nas 3,56 &#8211; ravno 50 feninga manje.\u201c<\/p>\n\n\n\n<p>MARIN BAGO, Udru\u017eenje za za\u0161titu potro\u0161a\u010da \u201eFutura\u201c Mostar<\/p>\n\n\n\n<p>\u201eNastavlja se rugati gra\u0111anima BiH pored svih problema koje imamo, to je zaista otu\u017eno. Rad vlade shvatati ozbiljno je zaista vrije\u0111anje inteligencije.\u201c<\/p>\n\n\n\n<p>Ekonomisti nisu optimisti i predvi\u0111aju daljni rast inflacije i nova zadu\u017eenja.<\/p>\n\n\n\n<iframe loading=\"lazy\" title=\"BiH prva zemlja u regionu po visini inflacije\" width=\"640\" height=\"360\" src=\"https:\/\/www.youtube.com\/embed\/ZZMJiEn7aNY?feature=oembed\" frameborder=\"0\" allow=\"accelerometer; autoplay; clipboard-write; encrypted-media; gyroscope; picture-in-picture; web-share\" referrerpolicy=\"strict-origin-when-cross-origin\" allowfullscreen><\/iframe>\n\n\n\n<p>ALEKSA MILOJEVI\u0106, ekonomski analiti\u010dar<\/p>\n\n\n\n<p>\u201eSvi gubici, deficiti i dugovi koji se gomilaju moraju da zavr\u0161e u ogromnoj inflaciji koja predstoji. To je neugodno i zamisliti kolika \u0107e biti i \u0161ta nas sve \u010deka.\u201c<\/p>\n\n\n\n<p>Savez samostalnih sindikata BiH odavno tra\u017ei ograni\u010denje cijena i ukidanje PDV-a na osnovne \u017eivotne namirnice i ukidanje akciza na gorivo, kako bi se pomoglo svim gra\u0111anima, a ne samo pojedinim kategorijama.<\/p>\n\n\n\n<p>SELVEDIN \u0160ATOROVI\u0106, predsjednik Saveza samostalnih sindikata BiH<\/p>\n\n\n\n<p>\u201eVlastima odgovara svaki vid poskupljenja i inflacije, jer se na taj na\u010din pune budzeti. Iz tih budzeta oni sami sebi pove\u0107avaju plate, u jednom danu za 500 maraka. Na taj na\u010din guraju prst u oko gra\u0111animau BiH i testiraju prag tolerancije koliko ljudi mogu da izdr\u017ee.\u201c<\/p>\n\n\n\n<p>Gra\u0111ani u ve\u0107im gradovima u Bosni i Hercegovini prije nekoliko dana su protestovali zbog poskupljenja i pove\u0107anja pla\u0107a dr\u017eavnim parlamentarcima. Tra\u017ee preduzimanje adekvatnih mjera povodom inflacije. Crvena linija odavno je pre\u0111ena, a vlasti uporno odbijaju da rade u interesu gra\u0111ana, pi\u0161e BHRT.<\/p>\n\n\n\n<p>Izvor:BHRT<\/p>\n","protected":false},"excerpt":{"rendered":"<p>Bosna i Hercegovina je prva zemlja u regiji po visini inflacije. Uprkos toj \u010dinjenici, vlast u Bosni i Hercegovini, osim ad-hok mjera nije donijela nijednu sistemsku mjeru, koja bi pomogla svim gra\u0111anima da lak\u0161e izdr\u017ee lan\u010dana poskupljenja i inflatorne udare. Bosna i Hercegovina rekorder je po visini inflacije u odnosu na zemlje regije. Cijene vrtoglavo [&hellip;]<\/p>\n","protected":false},"author":2,"featured_media":151556,"comment_status":"closed","ping_status":"closed","sticky":false,"template":"","format":"standard","meta":{"h5ap_radio_sources":[],"footnotes":""},"categories":[1],"tags":[],"class_list":["post-157683","post","type-post","status-publish","format-standard","has-post-thumbnail","hentry","category-bihiregija"],"yoast_head":"<!-- This site is optimized with the Yoast SEO plugin v27.5 - https:\/\/yoast.com\/product\/yoast-seo-wordpress\/ -->\n<title>Bosna i Hercegovina rekorder u regiji po visini inflacije - video - RADIO LJUBU\u0160KI<\/title>\n<meta name=\"robots\" content=\"index, follow, max-snippet:-1, max-image-preview:large, max-video-preview:-1\" \/>\n<link rel=\"canonical\" href=\"https:\/\/radioljubuski.ba\/index.php\/2022\/07\/09\/bosna-i-hercegovina-rekorder-u-regiji-po-visini-inflacije-video\/\" \/>\n<meta property=\"og:locale\" content=\"hr_HR\" \/>\n<meta property=\"og:type\" content=\"article\" \/>\n<meta property=\"og:title\" content=\"Bosna i Hercegovina rekorder u regiji po visini inflacije - video - RADIO LJUBU\u0160KI\" \/>\n<meta property=\"og:description\" content=\"Bosna i Hercegovina je prva zemlja u regiji po visini inflacije. Uprkos toj \u010dinjenici, vlast u Bosni i Hercegovini, osim ad-hok mjera nije donijela nijednu sistemsku mjeru, koja bi pomogla svim gra\u0111anima da lak\u0161e izdr\u017ee lan\u010dana poskupljenja i inflatorne udare. Bosna i Hercegovina rekorder je po visini inflacije u odnosu na zemlje regije. Cijene vrtoglavo [&hellip;]\" \/>\n<meta property=\"og:url\" content=\"https:\/\/radioljubuski.ba\/index.php\/2022\/07\/09\/bosna-i-hercegovina-rekorder-u-regiji-po-visini-inflacije-video\/\" \/>\n<meta property=\"og:site_name\" content=\"RADIO LJUBU\u0160KI\" \/>\n<meta property=\"article:publisher\" content=\"https:\/\/www.facebook.com\/Radiio-Ljubuski-1490835324566332\" \/>\n<meta property=\"article:published_time\" content=\"2022-07-09T14:09:34+00:00\" \/>\n<meta property=\"article:modified_time\" content=\"2022-07-09T14:09:36+00:00\" \/>\n<meta property=\"og:image\" content=\"https:\/\/radioljubuski.ba\/wp-content\/uploads\/2022\/06\/inflacija-shutterstock.png\" \/>\n\t<meta property=\"og:image:width\" content=\"740\" \/>\n\t<meta property=\"og:image:height\" content=\"438\" \/>\n\t<meta property=\"og:image:type\" content=\"image\/png\" \/>\n<meta name=\"author\" content=\"Radio Ljubu\u0161ki\" \/>\n<meta name=\"twitter:card\" content=\"summary_large_image\" \/>\n<meta name=\"twitter:creator\" content=\"@radioljubuski\" \/>\n<meta name=\"twitter:site\" content=\"@radioljubuski\" \/>\n<meta name=\"twitter:label1\" content=\"Napisao\/la\" \/>\n\t<meta name=\"twitter:data1\" content=\"Radio Ljubu\u0161ki\" \/>\n\t<meta name=\"twitter:label2\" content=\"Procijenjeno vrijeme \u010ditanja\" \/>\n\t<meta name=\"twitter:data2\" content=\"2 minute\" \/>\n<script type=\"application\/ld+json\" class=\"yoast-schema-graph\">{\"@context\":\"https:\\\/\\\/schema.org\",\"@graph\":[{\"@type\":\"Article\",\"@id\":\"https:\\\/\\\/radioljubuski.ba\\\/index.php\\\/2022\\\/07\\\/09\\\/bosna-i-hercegovina-rekorder-u-regiji-po-visini-inflacije-video\\\/#article\",\"isPartOf\":{\"@id\":\"https:\\\/\\\/radioljubuski.ba\\\/index.php\\\/2022\\\/07\\\/09\\\/bosna-i-hercegovina-rekorder-u-regiji-po-visini-inflacije-video\\\/\"},\"author\":{\"name\":\"Radio Ljubu\u0161ki\",\"@id\":\"https:\\\/\\\/radioljubuski.ba\\\/#\\\/schema\\\/person\\\/19fc700381a780f69665d7956c469e3b\"},\"headline\":\"Bosna i Hercegovina rekorder u regiji po visini inflacije &#8211; video\",\"datePublished\":\"2022-07-09T14:09:34+00:00\",\"dateModified\":\"2022-07-09T14:09:36+00:00\",\"mainEntityOfPage\":{\"@id\":\"https:\\\/\\\/radioljubuski.ba\\\/index.php\\\/2022\\\/07\\\/09\\\/bosna-i-hercegovina-rekorder-u-regiji-po-visini-inflacije-video\\\/\"},\"wordCount\":399,\"publisher\":{\"@id\":\"https:\\\/\\\/radioljubuski.ba\\\/#organization\"},\"image\":{\"@id\":\"https:\\\/\\\/radioljubuski.ba\\\/index.php\\\/2022\\\/07\\\/09\\\/bosna-i-hercegovina-rekorder-u-regiji-po-visini-inflacije-video\\\/#primaryimage\"},\"thumbnailUrl\":\"https:\\\/\\\/radioljubuski.ba\\\/wp-content\\\/uploads\\\/2022\\\/06\\\/inflacija-shutterstock.png\",\"articleSection\":[\"BIH i regija\"],\"inLanguage\":\"hr\"},{\"@type\":\"WebPage\",\"@id\":\"https:\\\/\\\/radioljubuski.ba\\\/index.php\\\/2022\\\/07\\\/09\\\/bosna-i-hercegovina-rekorder-u-regiji-po-visini-inflacije-video\\\/\",\"url\":\"https:\\\/\\\/radioljubuski.ba\\\/index.php\\\/2022\\\/07\\\/09\\\/bosna-i-hercegovina-rekorder-u-regiji-po-visini-inflacije-video\\\/\",\"name\":\"Bosna i Hercegovina rekorder u regiji po visini inflacije - video - RADIO LJUBU\u0160KI\",\"isPartOf\":{\"@id\":\"https:\\\/\\\/radioljubuski.ba\\\/#website\"},\"primaryImageOfPage\":{\"@id\":\"https:\\\/\\\/radioljubuski.ba\\\/index.php\\\/2022\\\/07\\\/09\\\/bosna-i-hercegovina-rekorder-u-regiji-po-visini-inflacije-video\\\/#primaryimage\"},\"image\":{\"@id\":\"https:\\\/\\\/radioljubuski.ba\\\/index.php\\\/2022\\\/07\\\/09\\\/bosna-i-hercegovina-rekorder-u-regiji-po-visini-inflacije-video\\\/#primaryimage\"},\"thumbnailUrl\":\"https:\\\/\\\/radioljubuski.ba\\\/wp-content\\\/uploads\\\/2022\\\/06\\\/inflacija-shutterstock.png\",\"datePublished\":\"2022-07-09T14:09:34+00:00\",\"dateModified\":\"2022-07-09T14:09:36+00:00\",\"breadcrumb\":{\"@id\":\"https:\\\/\\\/radioljubuski.ba\\\/index.php\\\/2022\\\/07\\\/09\\\/bosna-i-hercegovina-rekorder-u-regiji-po-visini-inflacije-video\\\/#breadcrumb\"},\"inLanguage\":\"hr\",\"potentialAction\":[{\"@type\":\"ReadAction\",\"target\":[\"https:\\\/\\\/radioljubuski.ba\\\/index.php\\\/2022\\\/07\\\/09\\\/bosna-i-hercegovina-rekorder-u-regiji-po-visini-inflacije-video\\\/\"]}]},{\"@type\":\"ImageObject\",\"inLanguage\":\"hr\",\"@id\":\"https:\\\/\\\/radioljubuski.ba\\\/index.php\\\/2022\\\/07\\\/09\\\/bosna-i-hercegovina-rekorder-u-regiji-po-visini-inflacije-video\\\/#primaryimage\",\"url\":\"https:\\\/\\\/radioljubuski.ba\\\/wp-content\\\/uploads\\\/2022\\\/06\\\/inflacija-shutterstock.png\",\"contentUrl\":\"https:\\\/\\\/radioljubuski.ba\\\/wp-content\\\/uploads\\\/2022\\\/06\\\/inflacija-shutterstock.png\",\"width\":740,\"height\":438},{\"@type\":\"BreadcrumbList\",\"@id\":\"https:\\\/\\\/radioljubuski.ba\\\/index.php\\\/2022\\\/07\\\/09\\\/bosna-i-hercegovina-rekorder-u-regiji-po-visini-inflacije-video\\\/#breadcrumb\",\"itemListElement\":[{\"@type\":\"ListItem\",\"position\":1,\"name\":\"Po\u010detna stranica\",\"item\":\"https:\\\/\\\/radioljubuski.ba\\\/\"},{\"@type\":\"ListItem\",\"position\":2,\"name\":\"Bosna i Hercegovina rekorder u regiji po visini inflacije &#8211; video\"}]},{\"@type\":\"WebSite\",\"@id\":\"https:\\\/\\\/radioljubuski.ba\\\/#website\",\"url\":\"https:\\\/\\\/radioljubuski.ba\\\/\",\"name\":\"Radio Ljubu\u0161ki\",\"description\":\"Sun\u010dana frekvencija Hercegovine\",\"publisher\":{\"@id\":\"https:\\\/\\\/radioljubuski.ba\\\/#organization\"},\"potentialAction\":[{\"@type\":\"SearchAction\",\"target\":{\"@type\":\"EntryPoint\",\"urlTemplate\":\"https:\\\/\\\/radioljubuski.ba\\\/?s={search_term_string}\"},\"query-input\":{\"@type\":\"PropertyValueSpecification\",\"valueRequired\":true,\"valueName\":\"search_term_string\"}}],\"inLanguage\":\"hr\"},{\"@type\":\"Organization\",\"@id\":\"https:\\\/\\\/radioljubuski.ba\\\/#organization\",\"name\":\"Radio Ljubu\u0161ki\",\"url\":\"https:\\\/\\\/radioljubuski.ba\\\/\",\"logo\":{\"@type\":\"ImageObject\",\"inLanguage\":\"hr\",\"@id\":\"https:\\\/\\\/radioljubuski.ba\\\/#\\\/schema\\\/logo\\\/image\\\/\",\"url\":\"https:\\\/\\\/radioljubuski.ba\\\/wp-content\\\/uploads\\\/2021\\\/02\\\/cropped-Radio_Ljubuski_logo1.jpg\",\"contentUrl\":\"https:\\\/\\\/radioljubuski.ba\\\/wp-content\\\/uploads\\\/2021\\\/02\\\/cropped-Radio_Ljubuski_logo1.jpg\",\"width\":512,\"height\":512,\"caption\":\"Radio Ljubu\u0161ki\"},\"image\":{\"@id\":\"https:\\\/\\\/radioljubuski.ba\\\/#\\\/schema\\\/logo\\\/image\\\/\"},\"sameAs\":[\"https:\\\/\\\/www.facebook.com\\\/Radiio-Ljubuski-1490835324566332\",\"https:\\\/\\\/x.com\\\/radioljubuski\",\"https:\\\/\\\/hr.linkedin.com\\\/company\\\/radio-ljubuski\",\"https:\\\/\\\/www.youtube.com\\\/channel\\\/UCHYaeO_n0Db3tjNGudGpXyw\"]},{\"@type\":\"Person\",\"@id\":\"https:\\\/\\\/radioljubuski.ba\\\/#\\\/schema\\\/person\\\/19fc700381a780f69665d7956c469e3b\",\"name\":\"Radio Ljubu\u0161ki\"}]}<\/script>\n<!-- \/ Yoast SEO plugin. -->","yoast_head_json":{"title":"Bosna i Hercegovina rekorder u regiji po visini inflacije - video - RADIO LJUBU\u0160KI","robots":{"index":"index","follow":"follow","max-snippet":"max-snippet:-1","max-image-preview":"max-image-preview:large","max-video-preview":"max-video-preview:-1"},"canonical":"https:\/\/radioljubuski.ba\/index.php\/2022\/07\/09\/bosna-i-hercegovina-rekorder-u-regiji-po-visini-inflacije-video\/","og_locale":"hr_HR","og_type":"article","og_title":"Bosna i Hercegovina rekorder u regiji po visini inflacije - video - RADIO LJUBU\u0160KI","og_description":"Bosna i Hercegovina je prva zemlja u regiji po visini inflacije. Uprkos toj \u010dinjenici, vlast u Bosni i Hercegovini, osim ad-hok mjera nije donijela nijednu sistemsku mjeru, koja bi pomogla svim gra\u0111anima da lak\u0161e izdr\u017ee lan\u010dana poskupljenja i inflatorne udare. Bosna i Hercegovina rekorder je po visini inflacije u odnosu na zemlje regije. Cijene vrtoglavo [&hellip;]","og_url":"https:\/\/radioljubuski.ba\/index.php\/2022\/07\/09\/bosna-i-hercegovina-rekorder-u-regiji-po-visini-inflacije-video\/","og_site_name":"RADIO LJUBU\u0160KI","article_publisher":"https:\/\/www.facebook.com\/Radiio-Ljubuski-1490835324566332","article_published_time":"2022-07-09T14:09:34+00:00","article_modified_time":"2022-07-09T14:09:36+00:00","og_image":[{"width":740,"height":438,"url":"https:\/\/radioljubuski.ba\/wp-content\/uploads\/2022\/06\/inflacija-shutterstock.png","type":"image\/png"}],"author":"Radio Ljubu\u0161ki","twitter_card":"summary_large_image","twitter_creator":"@radioljubuski","twitter_site":"@radioljubuski","twitter_misc":{"Napisao\/la":"Radio Ljubu\u0161ki","Procijenjeno vrijeme \u010ditanja":"2 minute"},"schema":{"@context":"https:\/\/schema.org","@graph":[{"@type":"Article","@id":"https:\/\/radioljubuski.ba\/index.php\/2022\/07\/09\/bosna-i-hercegovina-rekorder-u-regiji-po-visini-inflacije-video\/#article","isPartOf":{"@id":"https:\/\/radioljubuski.ba\/index.php\/2022\/07\/09\/bosna-i-hercegovina-rekorder-u-regiji-po-visini-inflacije-video\/"},"author":{"name":"Radio Ljubu\u0161ki","@id":"https:\/\/radioljubuski.ba\/#\/schema\/person\/19fc700381a780f69665d7956c469e3b"},"headline":"Bosna i Hercegovina rekorder u regiji po visini inflacije &#8211; video","datePublished":"2022-07-09T14:09:34+00:00","dateModified":"2022-07-09T14:09:36+00:00","mainEntityOfPage":{"@id":"https:\/\/radioljubuski.ba\/index.php\/2022\/07\/09\/bosna-i-hercegovina-rekorder-u-regiji-po-visini-inflacije-video\/"},"wordCount":399,"publisher":{"@id":"https:\/\/radioljubuski.ba\/#organization"},"image":{"@id":"https:\/\/radioljubuski.ba\/index.php\/2022\/07\/09\/bosna-i-hercegovina-rekorder-u-regiji-po-visini-inflacije-video\/#primaryimage"},"thumbnailUrl":"https:\/\/radioljubuski.ba\/wp-content\/uploads\/2022\/06\/inflacija-shutterstock.png","articleSection":["BIH i regija"],"inLanguage":"hr"},{"@type":"WebPage","@id":"https:\/\/radioljubuski.ba\/index.php\/2022\/07\/09\/bosna-i-hercegovina-rekorder-u-regiji-po-visini-inflacije-video\/","url":"https:\/\/radioljubuski.ba\/index.php\/2022\/07\/09\/bosna-i-hercegovina-rekorder-u-regiji-po-visini-inflacije-video\/","name":"Bosna i Hercegovina rekorder u regiji po visini inflacije - video - RADIO LJUBU\u0160KI","isPartOf":{"@id":"https:\/\/radioljubuski.ba\/#website"},"primaryImageOfPage":{"@id":"https:\/\/radioljubuski.ba\/index.php\/2022\/07\/09\/bosna-i-hercegovina-rekorder-u-regiji-po-visini-inflacije-video\/#primaryimage"},"image":{"@id":"https:\/\/radioljubuski.ba\/index.php\/2022\/07\/09\/bosna-i-hercegovina-rekorder-u-regiji-po-visini-inflacije-video\/#primaryimage"},"thumbnailUrl":"https:\/\/radioljubuski.ba\/wp-content\/uploads\/2022\/06\/inflacija-shutterstock.png","datePublished":"2022-07-09T14:09:34+00:00","dateModified":"2022-07-09T14:09:36+00:00","breadcrumb":{"@id":"https:\/\/radioljubuski.ba\/index.php\/2022\/07\/09\/bosna-i-hercegovina-rekorder-u-regiji-po-visini-inflacije-video\/#breadcrumb"},"inLanguage":"hr","potentialAction":[{"@type":"ReadAction","target":["https:\/\/radioljubuski.ba\/index.php\/2022\/07\/09\/bosna-i-hercegovina-rekorder-u-regiji-po-visini-inflacije-video\/"]}]},{"@type":"ImageObject","inLanguage":"hr","@id":"https:\/\/radioljubuski.ba\/index.php\/2022\/07\/09\/bosna-i-hercegovina-rekorder-u-regiji-po-visini-inflacije-video\/#primaryimage","url":"https:\/\/radioljubuski.ba\/wp-content\/uploads\/2022\/06\/inflacija-shutterstock.png","contentUrl":"https:\/\/radioljubuski.ba\/wp-content\/uploads\/2022\/06\/inflacija-shutterstock.png","width":740,"height":438},{"@type":"BreadcrumbList","@id":"https:\/\/radioljubuski.ba\/index.php\/2022\/07\/09\/bosna-i-hercegovina-rekorder-u-regiji-po-visini-inflacije-video\/#breadcrumb","itemListElement":[{"@type":"ListItem","position":1,"name":"Po\u010detna stranica","item":"https:\/\/radioljubuski.ba\/"},{"@type":"ListItem","position":2,"name":"Bosna i Hercegovina rekorder u regiji po visini inflacije &#8211; video"}]},{"@type":"WebSite","@id":"https:\/\/radioljubuski.ba\/#website","url":"https:\/\/radioljubuski.ba\/","name":"Radio Ljubu\u0161ki","description":"Sun\u010dana frekvencija Hercegovine","publisher":{"@id":"https:\/\/radioljubuski.ba\/#organization"},"potentialAction":[{"@type":"SearchAction","target":{"@type":"EntryPoint","urlTemplate":"https:\/\/radioljubuski.ba\/?s={search_term_string}"},"query-input":{"@type":"PropertyValueSpecification","valueRequired":true,"valueName":"search_term_string"}}],"inLanguage":"hr"},{"@type":"Organization","@id":"https:\/\/radioljubuski.ba\/#organization","name":"Radio Ljubu\u0161ki","url":"https:\/\/radioljubuski.ba\/","logo":{"@type":"ImageObject","inLanguage":"hr","@id":"https:\/\/radioljubuski.ba\/#\/schema\/logo\/image\/","url":"https:\/\/radioljubuski.ba\/wp-content\/uploads\/2021\/02\/cropped-Radio_Ljubuski_logo1.jpg","contentUrl":"https:\/\/radioljubuski.ba\/wp-content\/uploads\/2021\/02\/cropped-Radio_Ljubuski_logo1.jpg","width":512,"height":512,"caption":"Radio Ljubu\u0161ki"},"image":{"@id":"https:\/\/radioljubuski.ba\/#\/schema\/logo\/image\/"},"sameAs":["https:\/\/www.facebook.com\/Radiio-Ljubuski-1490835324566332","https:\/\/x.com\/radioljubuski","https:\/\/hr.linkedin.com\/company\/radio-ljubuski","https:\/\/www.youtube.com\/channel\/UCHYaeO_n0Db3tjNGudGpXyw"]},{"@type":"Person","@id":"https:\/\/radioljubuski.ba\/#\/schema\/person\/19fc700381a780f69665d7956c469e3b","name":"Radio Ljubu\u0161ki"}]}},"_links":{"self":[{"href":"https:\/\/radioljubuski.ba\/index.php\/wp-json\/wp\/v2\/posts\/157683","targetHints":{"allow":["GET"]}}],"collection":[{"href":"https:\/\/radioljubuski.ba\/index.php\/wp-json\/wp\/v2\/posts"}],"about":[{"href":"https:\/\/radioljubuski.ba\/index.php\/wp-json\/wp\/v2\/types\/post"}],"author":[{"embeddable":true,"href":"https:\/\/radioljubuski.ba\/index.php\/wp-json\/wp\/v2\/users\/2"}],"replies":[{"embeddable":true,"href":"https:\/\/radioljubuski.ba\/index.php\/wp-json\/wp\/v2\/comments?post=157683"}],"version-history":[{"count":1,"href":"https:\/\/radioljubuski.ba\/index.php\/wp-json\/wp\/v2\/posts\/157683\/revisions"}],"predecessor-version":[{"id":157684,"href":"https:\/\/radioljubuski.ba\/index.php\/wp-json\/wp\/v2\/posts\/157683\/revisions\/157684"}],"wp:featuredmedia":[{"embeddable":true,"href":"https:\/\/radioljubuski.ba\/index.php\/wp-json\/wp\/v2\/media\/151556"}],"wp:attachment":[{"href":"https:\/\/radioljubuski.ba\/index.php\/wp-json\/wp\/v2\/media?parent=157683"}],"wp:term":[{"taxonomy":"category","embeddable":true,"href":"https:\/\/radioljubuski.ba\/index.php\/wp-json\/wp\/v2\/categories?post=157683"},{"taxonomy":"post_tag","embeddable":true,"href":"https:\/\/radioljubuski.ba\/index.php\/wp-json\/wp\/v2\/tags?post=157683"}],"curies":[{"name":"wp","href":"https:\/\/api.w.org\/{rel}","templated":true}]}}