{"id":157700,"date":"2022-07-09T15:17:38","date_gmt":"2022-07-09T14:17:38","guid":{"rendered":"https:\/\/radioljubuski.ba\/?p=157700"},"modified":"2022-07-09T15:17:39","modified_gmt":"2022-07-09T14:17:39","slug":"capljina-vatrogasci-u-kuci-pronasli-mrtvu-osobu-2","status":"publish","type":"post","link":"https:\/\/radioljubuski.ba\/index.php\/2022\/07\/09\/capljina-vatrogasci-u-kuci-pronasli-mrtvu-osobu-2\/","title":{"rendered":"\u010capljina: Vatrogasci u ku\u0107i prona\u0161li mrtvu osobu"},"content":{"rendered":"\n<p>Prema podacima Civilne za\u0161tite HN\u017d-a, vatrogasci su u posljednja 24 sata imali \u010detiri intervencije.<\/p>\n\n\n\n<p><strong>Mostar<\/strong><\/p>\n\n\n\n<p>Od 14:16 do 14:40 sati, otvaranje vrata stana u Feji\u0107evoj ulici.<\/p>\n\n\n\n<p>Od 17:55 do 18:20 sati, otvaranje vrata stana u ulici kraljice Katarine.<\/p>\n\n\n\n<p>Od 19:46 do 20:21 sati, uklanjanje sru\u0161enog stabla u Vukodolskoj ulici.<\/p>\n\n\n\n<p><strong>\u010capljina<\/strong><\/p>\n\n\n\n<p>Od 10:20 do 11:05 sati, otvaranje vrata obiteljske ku\u0107e u Zabr\u0111u, u kojoj je prona\u0111ena umrla \u017eenska osoba.<\/p>\n\n\n\n<p>Izvor:pogled.ba<\/p>\n","protected":false},"excerpt":{"rendered":"<p>Prema podacima Civilne za\u0161tite HN\u017d-a, vatrogasci su u posljednja 24 sata imali \u010detiri intervencije. Mostar Od 14:16 do 14:40 sati, otvaranje vrata stana u Feji\u0107evoj ulici. Od 17:55 do 18:20 sati, otvaranje vrata stana u ulici kraljice Katarine. Od 19:46 do 20:21 sati, uklanjanje sru\u0161enog stabla u Vukodolskoj ulici. \u010capljina Od 10:20 do 11:05 sati, [&hellip;]<\/p>\n","protected":false},"author":2,"featured_media":155106,"comment_status":"closed","ping_status":"closed","sticky":false,"template":"","format":"standard","meta":{"h5ap_radio_sources":[],"footnotes":""},"categories":[1],"tags":[],"class_list":["post-157700","post","type-post","status-publish","format-standard","has-post-thumbnail","hentry","category-bihiregija"],"yoast_head":"<!-- This site is optimized with the Yoast SEO plugin v27.5 - https:\/\/yoast.com\/product\/yoast-seo-wordpress\/ -->\n<title>\u010capljina: Vatrogasci u ku\u0107i prona\u0161li mrtvu osobu - RADIO LJUBU\u0160KI<\/title>\n<meta name=\"robots\" content=\"index, follow, max-snippet:-1, max-image-preview:large, max-video-preview:-1\" \/>\n<link rel=\"canonical\" href=\"https:\/\/radioljubuski.ba\/index.php\/2022\/07\/09\/capljina-vatrogasci-u-kuci-pronasli-mrtvu-osobu-2\/\" \/>\n<meta property=\"og:locale\" content=\"hr_HR\" \/>\n<meta property=\"og:type\" content=\"article\" \/>\n<meta property=\"og:title\" content=\"\u010capljina: Vatrogasci u ku\u0107i prona\u0161li mrtvu osobu - RADIO LJUBU\u0160KI\" \/>\n<meta property=\"og:description\" content=\"Prema podacima Civilne za\u0161tite HN\u017d-a, vatrogasci su u posljednja 24 sata imali \u010detiri intervencije. Mostar Od 14:16 do 14:40 sati, otvaranje vrata stana u Feji\u0107evoj ulici. Od 17:55 do 18:20 sati, otvaranje vrata stana u ulici kraljice Katarine. Od 19:46 do 20:21 sati, uklanjanje sru\u0161enog stabla u Vukodolskoj ulici. \u010capljina Od 10:20 do 11:05 sati, [&hellip;]\" \/>\n<meta property=\"og:url\" content=\"https:\/\/radioljubuski.ba\/index.php\/2022\/07\/09\/capljina-vatrogasci-u-kuci-pronasli-mrtvu-osobu-2\/\" \/>\n<meta property=\"og:site_name\" content=\"RADIO LJUBU\u0160KI\" \/>\n<meta property=\"article:publisher\" content=\"https:\/\/www.facebook.com\/Radiio-Ljubuski-1490835324566332\" \/>\n<meta property=\"article:published_time\" content=\"2022-07-09T14:17:38+00:00\" \/>\n<meta property=\"article:modified_time\" content=\"2022-07-09T14:17:39+00:00\" \/>\n<meta property=\"og:image\" content=\"https:\/\/radioljubuski.ba\/wp-content\/uploads\/2022\/07\/8-2022-07-01-08-51-48-Vatrogasci-1.jpg\" \/>\n\t<meta property=\"og:image:width\" content=\"1000\" \/>\n\t<meta property=\"og:image:height\" content=\"625\" \/>\n\t<meta property=\"og:image:type\" content=\"image\/jpeg\" \/>\n<meta name=\"author\" content=\"Radio Ljubu\u0161ki\" \/>\n<meta name=\"twitter:card\" content=\"summary_large_image\" \/>\n<meta name=\"twitter:creator\" content=\"@radioljubuski\" \/>\n<meta name=\"twitter:site\" content=\"@radioljubuski\" \/>\n<meta name=\"twitter:label1\" content=\"Napisao\/la\" \/>\n\t<meta name=\"twitter:data1\" content=\"Radio Ljubu\u0161ki\" \/>\n\t<meta name=\"twitter:label2\" content=\"Procijenjeno vrijeme \u010ditanja\" \/>\n\t<meta name=\"twitter:data2\" content=\"1 minuta\" \/>\n<script type=\"application\/ld+json\" class=\"yoast-schema-graph\">{\"@context\":\"https:\\\/\\\/schema.org\",\"@graph\":[{\"@type\":\"Article\",\"@id\":\"https:\\\/\\\/radioljubuski.ba\\\/index.php\\\/2022\\\/07\\\/09\\\/capljina-vatrogasci-u-kuci-pronasli-mrtvu-osobu-2\\\/#article\",\"isPartOf\":{\"@id\":\"https:\\\/\\\/radioljubuski.ba\\\/index.php\\\/2022\\\/07\\\/09\\\/capljina-vatrogasci-u-kuci-pronasli-mrtvu-osobu-2\\\/\"},\"author\":{\"name\":\"Radio Ljubu\u0161ki\",\"@id\":\"https:\\\/\\\/radioljubuski.ba\\\/#\\\/schema\\\/person\\\/19fc700381a780f69665d7956c469e3b\"},\"headline\":\"\u010capljina: Vatrogasci u ku\u0107i prona\u0161li mrtvu osobu\",\"datePublished\":\"2022-07-09T14:17:38+00:00\",\"dateModified\":\"2022-07-09T14:17:39+00:00\",\"mainEntityOfPage\":{\"@id\":\"https:\\\/\\\/radioljubuski.ba\\\/index.php\\\/2022\\\/07\\\/09\\\/capljina-vatrogasci-u-kuci-pronasli-mrtvu-osobu-2\\\/\"},\"wordCount\":78,\"publisher\":{\"@id\":\"https:\\\/\\\/radioljubuski.ba\\\/#organization\"},\"image\":{\"@id\":\"https:\\\/\\\/radioljubuski.ba\\\/index.php\\\/2022\\\/07\\\/09\\\/capljina-vatrogasci-u-kuci-pronasli-mrtvu-osobu-2\\\/#primaryimage\"},\"thumbnailUrl\":\"https:\\\/\\\/radioljubuski.ba\\\/wp-content\\\/uploads\\\/2022\\\/07\\\/8-2022-07-01-08-51-48-Vatrogasci-1.jpg\",\"articleSection\":[\"BIH i regija\"],\"inLanguage\":\"hr\"},{\"@type\":\"WebPage\",\"@id\":\"https:\\\/\\\/radioljubuski.ba\\\/index.php\\\/2022\\\/07\\\/09\\\/capljina-vatrogasci-u-kuci-pronasli-mrtvu-osobu-2\\\/\",\"url\":\"https:\\\/\\\/radioljubuski.ba\\\/index.php\\\/2022\\\/07\\\/09\\\/capljina-vatrogasci-u-kuci-pronasli-mrtvu-osobu-2\\\/\",\"name\":\"\u010capljina: Vatrogasci u ku\u0107i prona\u0161li mrtvu osobu - RADIO LJUBU\u0160KI\",\"isPartOf\":{\"@id\":\"https:\\\/\\\/radioljubuski.ba\\\/#website\"},\"primaryImageOfPage\":{\"@id\":\"https:\\\/\\\/radioljubuski.ba\\\/index.php\\\/2022\\\/07\\\/09\\\/capljina-vatrogasci-u-kuci-pronasli-mrtvu-osobu-2\\\/#primaryimage\"},\"image\":{\"@id\":\"https:\\\/\\\/radioljubuski.ba\\\/index.php\\\/2022\\\/07\\\/09\\\/capljina-vatrogasci-u-kuci-pronasli-mrtvu-osobu-2\\\/#primaryimage\"},\"thumbnailUrl\":\"https:\\\/\\\/radioljubuski.ba\\\/wp-content\\\/uploads\\\/2022\\\/07\\\/8-2022-07-01-08-51-48-Vatrogasci-1.jpg\",\"datePublished\":\"2022-07-09T14:17:38+00:00\",\"dateModified\":\"2022-07-09T14:17:39+00:00\",\"breadcrumb\":{\"@id\":\"https:\\\/\\\/radioljubuski.ba\\\/index.php\\\/2022\\\/07\\\/09\\\/capljina-vatrogasci-u-kuci-pronasli-mrtvu-osobu-2\\\/#breadcrumb\"},\"inLanguage\":\"hr\",\"potentialAction\":[{\"@type\":\"ReadAction\",\"target\":[\"https:\\\/\\\/radioljubuski.ba\\\/index.php\\\/2022\\\/07\\\/09\\\/capljina-vatrogasci-u-kuci-pronasli-mrtvu-osobu-2\\\/\"]}]},{\"@type\":\"ImageObject\",\"inLanguage\":\"hr\",\"@id\":\"https:\\\/\\\/radioljubuski.ba\\\/index.php\\\/2022\\\/07\\\/09\\\/capljina-vatrogasci-u-kuci-pronasli-mrtvu-osobu-2\\\/#primaryimage\",\"url\":\"https:\\\/\\\/radioljubuski.ba\\\/wp-content\\\/uploads\\\/2022\\\/07\\\/8-2022-07-01-08-51-48-Vatrogasci-1.jpg\",\"contentUrl\":\"https:\\\/\\\/radioljubuski.ba\\\/wp-content\\\/uploads\\\/2022\\\/07\\\/8-2022-07-01-08-51-48-Vatrogasci-1.jpg\",\"width\":1000,\"height\":625},{\"@type\":\"BreadcrumbList\",\"@id\":\"https:\\\/\\\/radioljubuski.ba\\\/index.php\\\/2022\\\/07\\\/09\\\/capljina-vatrogasci-u-kuci-pronasli-mrtvu-osobu-2\\\/#breadcrumb\",\"itemListElement\":[{\"@type\":\"ListItem\",\"position\":1,\"name\":\"Po\u010detna stranica\",\"item\":\"https:\\\/\\\/radioljubuski.ba\\\/\"},{\"@type\":\"ListItem\",\"position\":2,\"name\":\"\u010capljina: Vatrogasci u ku\u0107i prona\u0161li mrtvu osobu\"}]},{\"@type\":\"WebSite\",\"@id\":\"https:\\\/\\\/radioljubuski.ba\\\/#website\",\"url\":\"https:\\\/\\\/radioljubuski.ba\\\/\",\"name\":\"Radio Ljubu\u0161ki\",\"description\":\"Sun\u010dana frekvencija Hercegovine\",\"publisher\":{\"@id\":\"https:\\\/\\\/radioljubuski.ba\\\/#organization\"},\"potentialAction\":[{\"@type\":\"SearchAction\",\"target\":{\"@type\":\"EntryPoint\",\"urlTemplate\":\"https:\\\/\\\/radioljubuski.ba\\\/?s={search_term_string}\"},\"query-input\":{\"@type\":\"PropertyValueSpecification\",\"valueRequired\":true,\"valueName\":\"search_term_string\"}}],\"inLanguage\":\"hr\"},{\"@type\":\"Organization\",\"@id\":\"https:\\\/\\\/radioljubuski.ba\\\/#organization\",\"name\":\"Radio Ljubu\u0161ki\",\"url\":\"https:\\\/\\\/radioljubuski.ba\\\/\",\"logo\":{\"@type\":\"ImageObject\",\"inLanguage\":\"hr\",\"@id\":\"https:\\\/\\\/radioljubuski.ba\\\/#\\\/schema\\\/logo\\\/image\\\/\",\"url\":\"https:\\\/\\\/radioljubuski.ba\\\/wp-content\\\/uploads\\\/2021\\\/02\\\/cropped-Radio_Ljubuski_logo1.jpg\",\"contentUrl\":\"https:\\\/\\\/radioljubuski.ba\\\/wp-content\\\/uploads\\\/2021\\\/02\\\/cropped-Radio_Ljubuski_logo1.jpg\",\"width\":512,\"height\":512,\"caption\":\"Radio Ljubu\u0161ki\"},\"image\":{\"@id\":\"https:\\\/\\\/radioljubuski.ba\\\/#\\\/schema\\\/logo\\\/image\\\/\"},\"sameAs\":[\"https:\\\/\\\/www.facebook.com\\\/Radiio-Ljubuski-1490835324566332\",\"https:\\\/\\\/x.com\\\/radioljubuski\",\"https:\\\/\\\/hr.linkedin.com\\\/company\\\/radio-ljubuski\",\"https:\\\/\\\/www.youtube.com\\\/channel\\\/UCHYaeO_n0Db3tjNGudGpXyw\"]},{\"@type\":\"Person\",\"@id\":\"https:\\\/\\\/radioljubuski.ba\\\/#\\\/schema\\\/person\\\/19fc700381a780f69665d7956c469e3b\",\"name\":\"Radio Ljubu\u0161ki\"}]}<\/script>\n<!-- \/ Yoast SEO plugin. -->","yoast_head_json":{"title":"\u010capljina: Vatrogasci u ku\u0107i prona\u0161li mrtvu osobu - RADIO LJUBU\u0160KI","robots":{"index":"index","follow":"follow","max-snippet":"max-snippet:-1","max-image-preview":"max-image-preview:large","max-video-preview":"max-video-preview:-1"},"canonical":"https:\/\/radioljubuski.ba\/index.php\/2022\/07\/09\/capljina-vatrogasci-u-kuci-pronasli-mrtvu-osobu-2\/","og_locale":"hr_HR","og_type":"article","og_title":"\u010capljina: Vatrogasci u ku\u0107i prona\u0161li mrtvu osobu - RADIO LJUBU\u0160KI","og_description":"Prema podacima Civilne za\u0161tite HN\u017d-a, vatrogasci su u posljednja 24 sata imali \u010detiri intervencije. Mostar Od 14:16 do 14:40 sati, otvaranje vrata stana u Feji\u0107evoj ulici. Od 17:55 do 18:20 sati, otvaranje vrata stana u ulici kraljice Katarine. Od 19:46 do 20:21 sati, uklanjanje sru\u0161enog stabla u Vukodolskoj ulici. \u010capljina Od 10:20 do 11:05 sati, [&hellip;]","og_url":"https:\/\/radioljubuski.ba\/index.php\/2022\/07\/09\/capljina-vatrogasci-u-kuci-pronasli-mrtvu-osobu-2\/","og_site_name":"RADIO LJUBU\u0160KI","article_publisher":"https:\/\/www.facebook.com\/Radiio-Ljubuski-1490835324566332","article_published_time":"2022-07-09T14:17:38+00:00","article_modified_time":"2022-07-09T14:17:39+00:00","og_image":[{"width":1000,"height":625,"url":"https:\/\/radioljubuski.ba\/wp-content\/uploads\/2022\/07\/8-2022-07-01-08-51-48-Vatrogasci-1.jpg","type":"image\/jpeg"}],"author":"Radio Ljubu\u0161ki","twitter_card":"summary_large_image","twitter_creator":"@radioljubuski","twitter_site":"@radioljubuski","twitter_misc":{"Napisao\/la":"Radio Ljubu\u0161ki","Procijenjeno vrijeme \u010ditanja":"1 minuta"},"schema":{"@context":"https:\/\/schema.org","@graph":[{"@type":"Article","@id":"https:\/\/radioljubuski.ba\/index.php\/2022\/07\/09\/capljina-vatrogasci-u-kuci-pronasli-mrtvu-osobu-2\/#article","isPartOf":{"@id":"https:\/\/radioljubuski.ba\/index.php\/2022\/07\/09\/capljina-vatrogasci-u-kuci-pronasli-mrtvu-osobu-2\/"},"author":{"name":"Radio Ljubu\u0161ki","@id":"https:\/\/radioljubuski.ba\/#\/schema\/person\/19fc700381a780f69665d7956c469e3b"},"headline":"\u010capljina: Vatrogasci u ku\u0107i prona\u0161li mrtvu osobu","datePublished":"2022-07-09T14:17:38+00:00","dateModified":"2022-07-09T14:17:39+00:00","mainEntityOfPage":{"@id":"https:\/\/radioljubuski.ba\/index.php\/2022\/07\/09\/capljina-vatrogasci-u-kuci-pronasli-mrtvu-osobu-2\/"},"wordCount":78,"publisher":{"@id":"https:\/\/radioljubuski.ba\/#organization"},"image":{"@id":"https:\/\/radioljubuski.ba\/index.php\/2022\/07\/09\/capljina-vatrogasci-u-kuci-pronasli-mrtvu-osobu-2\/#primaryimage"},"thumbnailUrl":"https:\/\/radioljubuski.ba\/wp-content\/uploads\/2022\/07\/8-2022-07-01-08-51-48-Vatrogasci-1.jpg","articleSection":["BIH i regija"],"inLanguage":"hr"},{"@type":"WebPage","@id":"https:\/\/radioljubuski.ba\/index.php\/2022\/07\/09\/capljina-vatrogasci-u-kuci-pronasli-mrtvu-osobu-2\/","url":"https:\/\/radioljubuski.ba\/index.php\/2022\/07\/09\/capljina-vatrogasci-u-kuci-pronasli-mrtvu-osobu-2\/","name":"\u010capljina: Vatrogasci u ku\u0107i prona\u0161li mrtvu osobu - RADIO LJUBU\u0160KI","isPartOf":{"@id":"https:\/\/radioljubuski.ba\/#website"},"primaryImageOfPage":{"@id":"https:\/\/radioljubuski.ba\/index.php\/2022\/07\/09\/capljina-vatrogasci-u-kuci-pronasli-mrtvu-osobu-2\/#primaryimage"},"image":{"@id":"https:\/\/radioljubuski.ba\/index.php\/2022\/07\/09\/capljina-vatrogasci-u-kuci-pronasli-mrtvu-osobu-2\/#primaryimage"},"thumbnailUrl":"https:\/\/radioljubuski.ba\/wp-content\/uploads\/2022\/07\/8-2022-07-01-08-51-48-Vatrogasci-1.jpg","datePublished":"2022-07-09T14:17:38+00:00","dateModified":"2022-07-09T14:17:39+00:00","breadcrumb":{"@id":"https:\/\/radioljubuski.ba\/index.php\/2022\/07\/09\/capljina-vatrogasci-u-kuci-pronasli-mrtvu-osobu-2\/#breadcrumb"},"inLanguage":"hr","potentialAction":[{"@type":"ReadAction","target":["https:\/\/radioljubuski.ba\/index.php\/2022\/07\/09\/capljina-vatrogasci-u-kuci-pronasli-mrtvu-osobu-2\/"]}]},{"@type":"ImageObject","inLanguage":"hr","@id":"https:\/\/radioljubuski.ba\/index.php\/2022\/07\/09\/capljina-vatrogasci-u-kuci-pronasli-mrtvu-osobu-2\/#primaryimage","url":"https:\/\/radioljubuski.ba\/wp-content\/uploads\/2022\/07\/8-2022-07-01-08-51-48-Vatrogasci-1.jpg","contentUrl":"https:\/\/radioljubuski.ba\/wp-content\/uploads\/2022\/07\/8-2022-07-01-08-51-48-Vatrogasci-1.jpg","width":1000,"height":625},{"@type":"BreadcrumbList","@id":"https:\/\/radioljubuski.ba\/index.php\/2022\/07\/09\/capljina-vatrogasci-u-kuci-pronasli-mrtvu-osobu-2\/#breadcrumb","itemListElement":[{"@type":"ListItem","position":1,"name":"Po\u010detna stranica","item":"https:\/\/radioljubuski.ba\/"},{"@type":"ListItem","position":2,"name":"\u010capljina: Vatrogasci u ku\u0107i prona\u0161li mrtvu osobu"}]},{"@type":"WebSite","@id":"https:\/\/radioljubuski.ba\/#website","url":"https:\/\/radioljubuski.ba\/","name":"Radio Ljubu\u0161ki","description":"Sun\u010dana frekvencija Hercegovine","publisher":{"@id":"https:\/\/radioljubuski.ba\/#organization"},"potentialAction":[{"@type":"SearchAction","target":{"@type":"EntryPoint","urlTemplate":"https:\/\/radioljubuski.ba\/?s={search_term_string}"},"query-input":{"@type":"PropertyValueSpecification","valueRequired":true,"valueName":"search_term_string"}}],"inLanguage":"hr"},{"@type":"Organization","@id":"https:\/\/radioljubuski.ba\/#organization","name":"Radio Ljubu\u0161ki","url":"https:\/\/radioljubuski.ba\/","logo":{"@type":"ImageObject","inLanguage":"hr","@id":"https:\/\/radioljubuski.ba\/#\/schema\/logo\/image\/","url":"https:\/\/radioljubuski.ba\/wp-content\/uploads\/2021\/02\/cropped-Radio_Ljubuski_logo1.jpg","contentUrl":"https:\/\/radioljubuski.ba\/wp-content\/uploads\/2021\/02\/cropped-Radio_Ljubuski_logo1.jpg","width":512,"height":512,"caption":"Radio Ljubu\u0161ki"},"image":{"@id":"https:\/\/radioljubuski.ba\/#\/schema\/logo\/image\/"},"sameAs":["https:\/\/www.facebook.com\/Radiio-Ljubuski-1490835324566332","https:\/\/x.com\/radioljubuski","https:\/\/hr.linkedin.com\/company\/radio-ljubuski","https:\/\/www.youtube.com\/channel\/UCHYaeO_n0Db3tjNGudGpXyw"]},{"@type":"Person","@id":"https:\/\/radioljubuski.ba\/#\/schema\/person\/19fc700381a780f69665d7956c469e3b","name":"Radio Ljubu\u0161ki"}]}},"_links":{"self":[{"href":"https:\/\/radioljubuski.ba\/index.php\/wp-json\/wp\/v2\/posts\/157700","targetHints":{"allow":["GET"]}}],"collection":[{"href":"https:\/\/radioljubuski.ba\/index.php\/wp-json\/wp\/v2\/posts"}],"about":[{"href":"https:\/\/radioljubuski.ba\/index.php\/wp-json\/wp\/v2\/types\/post"}],"author":[{"embeddable":true,"href":"https:\/\/radioljubuski.ba\/index.php\/wp-json\/wp\/v2\/users\/2"}],"replies":[{"embeddable":true,"href":"https:\/\/radioljubuski.ba\/index.php\/wp-json\/wp\/v2\/comments?post=157700"}],"version-history":[{"count":1,"href":"https:\/\/radioljubuski.ba\/index.php\/wp-json\/wp\/v2\/posts\/157700\/revisions"}],"predecessor-version":[{"id":157701,"href":"https:\/\/radioljubuski.ba\/index.php\/wp-json\/wp\/v2\/posts\/157700\/revisions\/157701"}],"wp:featuredmedia":[{"embeddable":true,"href":"https:\/\/radioljubuski.ba\/index.php\/wp-json\/wp\/v2\/media\/155106"}],"wp:attachment":[{"href":"https:\/\/radioljubuski.ba\/index.php\/wp-json\/wp\/v2\/media?parent=157700"}],"wp:term":[{"taxonomy":"category","embeddable":true,"href":"https:\/\/radioljubuski.ba\/index.php\/wp-json\/wp\/v2\/categories?post=157700"},{"taxonomy":"post_tag","embeddable":true,"href":"https:\/\/radioljubuski.ba\/index.php\/wp-json\/wp\/v2\/tags?post=157700"}],"curies":[{"name":"wp","href":"https:\/\/api.w.org\/{rel}","templated":true}]}}