{"id":157768,"date":"2022-07-10T11:33:14","date_gmt":"2022-07-10T10:33:14","guid":{"rendered":"https:\/\/radioljubuski.ba\/?p=157768"},"modified":"2022-07-10T11:33:15","modified_gmt":"2022-07-10T10:33:15","slug":"marca-modric-ce-biti-starter-u-novom-realu-ali","status":"publish","type":"post","link":"https:\/\/radioljubuski.ba\/index.php\/2022\/07\/10\/marca-modric-ce-biti-starter-u-novom-realu-ali\/","title":{"rendered":"Marca: Modri\u0107 \u0107e biti starter u novom Realu, ali\u2026"},"content":{"rendered":"\n<p><strong>Naj\u010ditaniji \u0161panjolski list najavio je kako \u0107e Real izgledati u sezoni 2022.\/23., u kojoj brani \u0161panjolski i europski naslov. Marca napominje da Real o\u010dekuje ogroman izazov \u2013 lov na \u0161est trofeja u sezoni koja se prekida kao nikada do sada zbog adventskog SP-a. \u201cProjekt Ancelotti 4.0 prvi pehar lovi 10. kolovoza, kada u Helsinkiju protiv Eintrachta igra za europski Superkup.<\/strong><\/p>\n\n\n\n<h3 class=\"wp-block-heading\"><strong>Real kre\u0107e u te\u0161ku borbu za \u0161est trofeja od Finske preko Arabije do \u0160panjolske<\/strong><\/h3>\n\n\n\n<p>Za \u0161panjolski, kao i za klupski SP, Real \u0107e igrati u Perzijskom zaljevu. Kup kralja je tako\u0111er va\u017ean cilj u novoj sezoni jer Real ga nije osvojio jo\u0161 od 2013., a ba\u0161 mu je ovaj trofej vi\u0161e puta nedostajao da ostvari ono \u0161to mu nikada nije uspjelo, a to je trostruka kruna.\u201d<\/p>\n\n\n\n<p>Naravno, najva\u017eniji ciljevi su trofeji koje Real brani u novoj sezoni, a kako bi to uspio doveo je igra\u010de od kojih se odmah o\u010dekuje veliki obol: \u201cR\u00fcdiger i Tchouameni su poja\u010danja koje Real \u010dine prvim favoritom za \u0161panjolski naslov jer nakon \u0161to je pro\u0161le sezone tako uvjerljivo osvojio La Ligu, sada je doveo dva sjajna igra\u010da kojima je osna\u017eio ionako jaku mom\u010dad. Osim toga, Real prakti\u010dki nema konkurenta u doma\u0107em prvenstvu.\u201d<\/p>\n\n\n\n<p>Naravno, u Ligi prvaka situacija je druga\u010dija, ali Marca je uvjerena da je Real favorit i ondje, pi\u0161e, Index.hr.<\/p>\n\n\n\n<h3 class=\"wp-block-heading\"><strong>Modri\u0107, Casemiro i Kroos nemaju samo one koji ih odmaraju, nego konkurente<\/strong><\/h3>\n\n\n\n<p>Poseban osvrt dobio je mitski Realov trio, \u010diji najistaknutiji \u010dlan Luka Modri\u0107 za dva mjeseca navr\u0161ava 37 godina. Marca pi\u0161e: \u201cCasemiro, Modri\u0107 i Kroos sezonu po\u010dinju kao starteri na sredini terena. To su zaslu\u017eili na osnovu kvalitete, igara, iskustva i osvojenih naslova, ali Real je postavio sna\u017ene temelje kako bi legendarni trojac veznjaka odmah dobio dostojne zamjene.<\/p>\n\n\n\n<p>\/HMS\/<\/p>\n","protected":false},"excerpt":{"rendered":"<p>Naj\u010ditaniji \u0161panjolski list najavio je kako \u0107e Real izgledati u sezoni 2022.\/23., u kojoj brani \u0161panjolski i europski naslov. Marca napominje da Real o\u010dekuje ogroman izazov \u2013 lov na \u0161est trofeja u sezoni koja se prekida kao nikada do sada zbog adventskog SP-a. \u201cProjekt Ancelotti 4.0 prvi pehar lovi 10. kolovoza, kada u Helsinkiju protiv [&hellip;]<\/p>\n","protected":false},"author":2,"featured_media":157769,"comment_status":"closed","ping_status":"closed","sticky":false,"template":"","format":"standard","meta":{"h5ap_radio_sources":[],"footnotes":""},"categories":[7],"tags":[],"class_list":["post-157768","post","type-post","status-publish","format-standard","has-post-thumbnail","hentry","category-sport"],"yoast_head":"<!-- This site is optimized with the Yoast SEO plugin v27.5 - https:\/\/yoast.com\/product\/yoast-seo-wordpress\/ -->\n<title>Marca: Modri\u0107 \u0107e biti starter u novom Realu, ali\u2026 - RADIO LJUBU\u0160KI<\/title>\n<meta name=\"robots\" content=\"index, follow, max-snippet:-1, max-image-preview:large, max-video-preview:-1\" \/>\n<link rel=\"canonical\" href=\"https:\/\/radioljubuski.ba\/index.php\/2022\/07\/10\/marca-modric-ce-biti-starter-u-novom-realu-ali\/\" \/>\n<meta property=\"og:locale\" content=\"hr_HR\" \/>\n<meta property=\"og:type\" content=\"article\" \/>\n<meta property=\"og:title\" content=\"Marca: Modri\u0107 \u0107e biti starter u novom Realu, ali\u2026 - RADIO LJUBU\u0160KI\" \/>\n<meta property=\"og:description\" content=\"Naj\u010ditaniji \u0161panjolski list najavio je kako \u0107e Real izgledati u sezoni 2022.\/23., u kojoj brani \u0161panjolski i europski naslov. Marca napominje da Real o\u010dekuje ogroman izazov \u2013 lov na \u0161est trofeja u sezoni koja se prekida kao nikada do sada zbog adventskog SP-a. \u201cProjekt Ancelotti 4.0 prvi pehar lovi 10. kolovoza, kada u Helsinkiju protiv [&hellip;]\" \/>\n<meta property=\"og:url\" content=\"https:\/\/radioljubuski.ba\/index.php\/2022\/07\/10\/marca-modric-ce-biti-starter-u-novom-realu-ali\/\" \/>\n<meta property=\"og:site_name\" content=\"RADIO LJUBU\u0160KI\" \/>\n<meta property=\"article:publisher\" content=\"https:\/\/www.facebook.com\/Radiio-Ljubuski-1490835324566332\" \/>\n<meta property=\"article:published_time\" content=\"2022-07-10T10:33:14+00:00\" \/>\n<meta property=\"article:modified_time\" content=\"2022-07-10T10:33:15+00:00\" \/>\n<meta property=\"og:image\" content=\"https:\/\/radioljubuski.ba\/wp-content\/uploads\/2022\/07\/703e893e-4ad9-477f-82be-794613bc5779.jpg\" \/>\n\t<meta property=\"og:image:width\" content=\"765\" \/>\n\t<meta property=\"og:image:height\" content=\"421\" \/>\n\t<meta property=\"og:image:type\" content=\"image\/jpeg\" \/>\n<meta name=\"author\" content=\"Radio Ljubu\u0161ki\" \/>\n<meta name=\"twitter:card\" content=\"summary_large_image\" \/>\n<meta name=\"twitter:creator\" content=\"@radioljubuski\" \/>\n<meta name=\"twitter:site\" content=\"@radioljubuski\" \/>\n<meta name=\"twitter:label1\" content=\"Napisao\/la\" \/>\n\t<meta name=\"twitter:data1\" content=\"Radio Ljubu\u0161ki\" \/>\n\t<meta name=\"twitter:label2\" content=\"Procijenjeno vrijeme \u010ditanja\" \/>\n\t<meta name=\"twitter:data2\" content=\"2 minute\" \/>\n<script type=\"application\/ld+json\" class=\"yoast-schema-graph\">{\"@context\":\"https:\\\/\\\/schema.org\",\"@graph\":[{\"@type\":\"Article\",\"@id\":\"https:\\\/\\\/radioljubuski.ba\\\/index.php\\\/2022\\\/07\\\/10\\\/marca-modric-ce-biti-starter-u-novom-realu-ali\\\/#article\",\"isPartOf\":{\"@id\":\"https:\\\/\\\/radioljubuski.ba\\\/index.php\\\/2022\\\/07\\\/10\\\/marca-modric-ce-biti-starter-u-novom-realu-ali\\\/\"},\"author\":{\"name\":\"Radio Ljubu\u0161ki\",\"@id\":\"https:\\\/\\\/radioljubuski.ba\\\/#\\\/schema\\\/person\\\/19fc700381a780f69665d7956c469e3b\"},\"headline\":\"Marca: Modri\u0107 \u0107e biti starter u novom Realu, ali\u2026\",\"datePublished\":\"2022-07-10T10:33:14+00:00\",\"dateModified\":\"2022-07-10T10:33:15+00:00\",\"mainEntityOfPage\":{\"@id\":\"https:\\\/\\\/radioljubuski.ba\\\/index.php\\\/2022\\\/07\\\/10\\\/marca-modric-ce-biti-starter-u-novom-realu-ali\\\/\"},\"wordCount\":315,\"publisher\":{\"@id\":\"https:\\\/\\\/radioljubuski.ba\\\/#organization\"},\"image\":{\"@id\":\"https:\\\/\\\/radioljubuski.ba\\\/index.php\\\/2022\\\/07\\\/10\\\/marca-modric-ce-biti-starter-u-novom-realu-ali\\\/#primaryimage\"},\"thumbnailUrl\":\"https:\\\/\\\/radioljubuski.ba\\\/wp-content\\\/uploads\\\/2022\\\/07\\\/703e893e-4ad9-477f-82be-794613bc5779.jpg\",\"articleSection\":[\"\u0160port\"],\"inLanguage\":\"hr\"},{\"@type\":\"WebPage\",\"@id\":\"https:\\\/\\\/radioljubuski.ba\\\/index.php\\\/2022\\\/07\\\/10\\\/marca-modric-ce-biti-starter-u-novom-realu-ali\\\/\",\"url\":\"https:\\\/\\\/radioljubuski.ba\\\/index.php\\\/2022\\\/07\\\/10\\\/marca-modric-ce-biti-starter-u-novom-realu-ali\\\/\",\"name\":\"Marca: Modri\u0107 \u0107e biti starter u novom Realu, ali\u2026 - RADIO LJUBU\u0160KI\",\"isPartOf\":{\"@id\":\"https:\\\/\\\/radioljubuski.ba\\\/#website\"},\"primaryImageOfPage\":{\"@id\":\"https:\\\/\\\/radioljubuski.ba\\\/index.php\\\/2022\\\/07\\\/10\\\/marca-modric-ce-biti-starter-u-novom-realu-ali\\\/#primaryimage\"},\"image\":{\"@id\":\"https:\\\/\\\/radioljubuski.ba\\\/index.php\\\/2022\\\/07\\\/10\\\/marca-modric-ce-biti-starter-u-novom-realu-ali\\\/#primaryimage\"},\"thumbnailUrl\":\"https:\\\/\\\/radioljubuski.ba\\\/wp-content\\\/uploads\\\/2022\\\/07\\\/703e893e-4ad9-477f-82be-794613bc5779.jpg\",\"datePublished\":\"2022-07-10T10:33:14+00:00\",\"dateModified\":\"2022-07-10T10:33:15+00:00\",\"breadcrumb\":{\"@id\":\"https:\\\/\\\/radioljubuski.ba\\\/index.php\\\/2022\\\/07\\\/10\\\/marca-modric-ce-biti-starter-u-novom-realu-ali\\\/#breadcrumb\"},\"inLanguage\":\"hr\",\"potentialAction\":[{\"@type\":\"ReadAction\",\"target\":[\"https:\\\/\\\/radioljubuski.ba\\\/index.php\\\/2022\\\/07\\\/10\\\/marca-modric-ce-biti-starter-u-novom-realu-ali\\\/\"]}]},{\"@type\":\"ImageObject\",\"inLanguage\":\"hr\",\"@id\":\"https:\\\/\\\/radioljubuski.ba\\\/index.php\\\/2022\\\/07\\\/10\\\/marca-modric-ce-biti-starter-u-novom-realu-ali\\\/#primaryimage\",\"url\":\"https:\\\/\\\/radioljubuski.ba\\\/wp-content\\\/uploads\\\/2022\\\/07\\\/703e893e-4ad9-477f-82be-794613bc5779.jpg\",\"contentUrl\":\"https:\\\/\\\/radioljubuski.ba\\\/wp-content\\\/uploads\\\/2022\\\/07\\\/703e893e-4ad9-477f-82be-794613bc5779.jpg\",\"width\":765,\"height\":421},{\"@type\":\"BreadcrumbList\",\"@id\":\"https:\\\/\\\/radioljubuski.ba\\\/index.php\\\/2022\\\/07\\\/10\\\/marca-modric-ce-biti-starter-u-novom-realu-ali\\\/#breadcrumb\",\"itemListElement\":[{\"@type\":\"ListItem\",\"position\":1,\"name\":\"Po\u010detna stranica\",\"item\":\"https:\\\/\\\/radioljubuski.ba\\\/\"},{\"@type\":\"ListItem\",\"position\":2,\"name\":\"Marca: Modri\u0107 \u0107e biti starter u novom Realu, ali\u2026\"}]},{\"@type\":\"WebSite\",\"@id\":\"https:\\\/\\\/radioljubuski.ba\\\/#website\",\"url\":\"https:\\\/\\\/radioljubuski.ba\\\/\",\"name\":\"Radio Ljubu\u0161ki\",\"description\":\"Sun\u010dana frekvencija Hercegovine\",\"publisher\":{\"@id\":\"https:\\\/\\\/radioljubuski.ba\\\/#organization\"},\"potentialAction\":[{\"@type\":\"SearchAction\",\"target\":{\"@type\":\"EntryPoint\",\"urlTemplate\":\"https:\\\/\\\/radioljubuski.ba\\\/?s={search_term_string}\"},\"query-input\":{\"@type\":\"PropertyValueSpecification\",\"valueRequired\":true,\"valueName\":\"search_term_string\"}}],\"inLanguage\":\"hr\"},{\"@type\":\"Organization\",\"@id\":\"https:\\\/\\\/radioljubuski.ba\\\/#organization\",\"name\":\"Radio Ljubu\u0161ki\",\"url\":\"https:\\\/\\\/radioljubuski.ba\\\/\",\"logo\":{\"@type\":\"ImageObject\",\"inLanguage\":\"hr\",\"@id\":\"https:\\\/\\\/radioljubuski.ba\\\/#\\\/schema\\\/logo\\\/image\\\/\",\"url\":\"https:\\\/\\\/radioljubuski.ba\\\/wp-content\\\/uploads\\\/2021\\\/02\\\/cropped-Radio_Ljubuski_logo1.jpg\",\"contentUrl\":\"https:\\\/\\\/radioljubuski.ba\\\/wp-content\\\/uploads\\\/2021\\\/02\\\/cropped-Radio_Ljubuski_logo1.jpg\",\"width\":512,\"height\":512,\"caption\":\"Radio Ljubu\u0161ki\"},\"image\":{\"@id\":\"https:\\\/\\\/radioljubuski.ba\\\/#\\\/schema\\\/logo\\\/image\\\/\"},\"sameAs\":[\"https:\\\/\\\/www.facebook.com\\\/Radiio-Ljubuski-1490835324566332\",\"https:\\\/\\\/x.com\\\/radioljubuski\",\"https:\\\/\\\/hr.linkedin.com\\\/company\\\/radio-ljubuski\",\"https:\\\/\\\/www.youtube.com\\\/channel\\\/UCHYaeO_n0Db3tjNGudGpXyw\"]},{\"@type\":\"Person\",\"@id\":\"https:\\\/\\\/radioljubuski.ba\\\/#\\\/schema\\\/person\\\/19fc700381a780f69665d7956c469e3b\",\"name\":\"Radio Ljubu\u0161ki\"}]}<\/script>\n<!-- \/ Yoast SEO plugin. -->","yoast_head_json":{"title":"Marca: Modri\u0107 \u0107e biti starter u novom Realu, ali\u2026 - RADIO LJUBU\u0160KI","robots":{"index":"index","follow":"follow","max-snippet":"max-snippet:-1","max-image-preview":"max-image-preview:large","max-video-preview":"max-video-preview:-1"},"canonical":"https:\/\/radioljubuski.ba\/index.php\/2022\/07\/10\/marca-modric-ce-biti-starter-u-novom-realu-ali\/","og_locale":"hr_HR","og_type":"article","og_title":"Marca: Modri\u0107 \u0107e biti starter u novom Realu, ali\u2026 - RADIO LJUBU\u0160KI","og_description":"Naj\u010ditaniji \u0161panjolski list najavio je kako \u0107e Real izgledati u sezoni 2022.\/23., u kojoj brani \u0161panjolski i europski naslov. Marca napominje da Real o\u010dekuje ogroman izazov \u2013 lov na \u0161est trofeja u sezoni koja se prekida kao nikada do sada zbog adventskog SP-a. \u201cProjekt Ancelotti 4.0 prvi pehar lovi 10. kolovoza, kada u Helsinkiju protiv [&hellip;]","og_url":"https:\/\/radioljubuski.ba\/index.php\/2022\/07\/10\/marca-modric-ce-biti-starter-u-novom-realu-ali\/","og_site_name":"RADIO LJUBU\u0160KI","article_publisher":"https:\/\/www.facebook.com\/Radiio-Ljubuski-1490835324566332","article_published_time":"2022-07-10T10:33:14+00:00","article_modified_time":"2022-07-10T10:33:15+00:00","og_image":[{"width":765,"height":421,"url":"https:\/\/radioljubuski.ba\/wp-content\/uploads\/2022\/07\/703e893e-4ad9-477f-82be-794613bc5779.jpg","type":"image\/jpeg"}],"author":"Radio Ljubu\u0161ki","twitter_card":"summary_large_image","twitter_creator":"@radioljubuski","twitter_site":"@radioljubuski","twitter_misc":{"Napisao\/la":"Radio Ljubu\u0161ki","Procijenjeno vrijeme \u010ditanja":"2 minute"},"schema":{"@context":"https:\/\/schema.org","@graph":[{"@type":"Article","@id":"https:\/\/radioljubuski.ba\/index.php\/2022\/07\/10\/marca-modric-ce-biti-starter-u-novom-realu-ali\/#article","isPartOf":{"@id":"https:\/\/radioljubuski.ba\/index.php\/2022\/07\/10\/marca-modric-ce-biti-starter-u-novom-realu-ali\/"},"author":{"name":"Radio Ljubu\u0161ki","@id":"https:\/\/radioljubuski.ba\/#\/schema\/person\/19fc700381a780f69665d7956c469e3b"},"headline":"Marca: Modri\u0107 \u0107e biti starter u novom Realu, ali\u2026","datePublished":"2022-07-10T10:33:14+00:00","dateModified":"2022-07-10T10:33:15+00:00","mainEntityOfPage":{"@id":"https:\/\/radioljubuski.ba\/index.php\/2022\/07\/10\/marca-modric-ce-biti-starter-u-novom-realu-ali\/"},"wordCount":315,"publisher":{"@id":"https:\/\/radioljubuski.ba\/#organization"},"image":{"@id":"https:\/\/radioljubuski.ba\/index.php\/2022\/07\/10\/marca-modric-ce-biti-starter-u-novom-realu-ali\/#primaryimage"},"thumbnailUrl":"https:\/\/radioljubuski.ba\/wp-content\/uploads\/2022\/07\/703e893e-4ad9-477f-82be-794613bc5779.jpg","articleSection":["\u0160port"],"inLanguage":"hr"},{"@type":"WebPage","@id":"https:\/\/radioljubuski.ba\/index.php\/2022\/07\/10\/marca-modric-ce-biti-starter-u-novom-realu-ali\/","url":"https:\/\/radioljubuski.ba\/index.php\/2022\/07\/10\/marca-modric-ce-biti-starter-u-novom-realu-ali\/","name":"Marca: Modri\u0107 \u0107e biti starter u novom Realu, ali\u2026 - RADIO LJUBU\u0160KI","isPartOf":{"@id":"https:\/\/radioljubuski.ba\/#website"},"primaryImageOfPage":{"@id":"https:\/\/radioljubuski.ba\/index.php\/2022\/07\/10\/marca-modric-ce-biti-starter-u-novom-realu-ali\/#primaryimage"},"image":{"@id":"https:\/\/radioljubuski.ba\/index.php\/2022\/07\/10\/marca-modric-ce-biti-starter-u-novom-realu-ali\/#primaryimage"},"thumbnailUrl":"https:\/\/radioljubuski.ba\/wp-content\/uploads\/2022\/07\/703e893e-4ad9-477f-82be-794613bc5779.jpg","datePublished":"2022-07-10T10:33:14+00:00","dateModified":"2022-07-10T10:33:15+00:00","breadcrumb":{"@id":"https:\/\/radioljubuski.ba\/index.php\/2022\/07\/10\/marca-modric-ce-biti-starter-u-novom-realu-ali\/#breadcrumb"},"inLanguage":"hr","potentialAction":[{"@type":"ReadAction","target":["https:\/\/radioljubuski.ba\/index.php\/2022\/07\/10\/marca-modric-ce-biti-starter-u-novom-realu-ali\/"]}]},{"@type":"ImageObject","inLanguage":"hr","@id":"https:\/\/radioljubuski.ba\/index.php\/2022\/07\/10\/marca-modric-ce-biti-starter-u-novom-realu-ali\/#primaryimage","url":"https:\/\/radioljubuski.ba\/wp-content\/uploads\/2022\/07\/703e893e-4ad9-477f-82be-794613bc5779.jpg","contentUrl":"https:\/\/radioljubuski.ba\/wp-content\/uploads\/2022\/07\/703e893e-4ad9-477f-82be-794613bc5779.jpg","width":765,"height":421},{"@type":"BreadcrumbList","@id":"https:\/\/radioljubuski.ba\/index.php\/2022\/07\/10\/marca-modric-ce-biti-starter-u-novom-realu-ali\/#breadcrumb","itemListElement":[{"@type":"ListItem","position":1,"name":"Po\u010detna stranica","item":"https:\/\/radioljubuski.ba\/"},{"@type":"ListItem","position":2,"name":"Marca: Modri\u0107 \u0107e biti starter u novom Realu, ali\u2026"}]},{"@type":"WebSite","@id":"https:\/\/radioljubuski.ba\/#website","url":"https:\/\/radioljubuski.ba\/","name":"Radio Ljubu\u0161ki","description":"Sun\u010dana frekvencija Hercegovine","publisher":{"@id":"https:\/\/radioljubuski.ba\/#organization"},"potentialAction":[{"@type":"SearchAction","target":{"@type":"EntryPoint","urlTemplate":"https:\/\/radioljubuski.ba\/?s={search_term_string}"},"query-input":{"@type":"PropertyValueSpecification","valueRequired":true,"valueName":"search_term_string"}}],"inLanguage":"hr"},{"@type":"Organization","@id":"https:\/\/radioljubuski.ba\/#organization","name":"Radio Ljubu\u0161ki","url":"https:\/\/radioljubuski.ba\/","logo":{"@type":"ImageObject","inLanguage":"hr","@id":"https:\/\/radioljubuski.ba\/#\/schema\/logo\/image\/","url":"https:\/\/radioljubuski.ba\/wp-content\/uploads\/2021\/02\/cropped-Radio_Ljubuski_logo1.jpg","contentUrl":"https:\/\/radioljubuski.ba\/wp-content\/uploads\/2021\/02\/cropped-Radio_Ljubuski_logo1.jpg","width":512,"height":512,"caption":"Radio Ljubu\u0161ki"},"image":{"@id":"https:\/\/radioljubuski.ba\/#\/schema\/logo\/image\/"},"sameAs":["https:\/\/www.facebook.com\/Radiio-Ljubuski-1490835324566332","https:\/\/x.com\/radioljubuski","https:\/\/hr.linkedin.com\/company\/radio-ljubuski","https:\/\/www.youtube.com\/channel\/UCHYaeO_n0Db3tjNGudGpXyw"]},{"@type":"Person","@id":"https:\/\/radioljubuski.ba\/#\/schema\/person\/19fc700381a780f69665d7956c469e3b","name":"Radio Ljubu\u0161ki"}]}},"_links":{"self":[{"href":"https:\/\/radioljubuski.ba\/index.php\/wp-json\/wp\/v2\/posts\/157768","targetHints":{"allow":["GET"]}}],"collection":[{"href":"https:\/\/radioljubuski.ba\/index.php\/wp-json\/wp\/v2\/posts"}],"about":[{"href":"https:\/\/radioljubuski.ba\/index.php\/wp-json\/wp\/v2\/types\/post"}],"author":[{"embeddable":true,"href":"https:\/\/radioljubuski.ba\/index.php\/wp-json\/wp\/v2\/users\/2"}],"replies":[{"embeddable":true,"href":"https:\/\/radioljubuski.ba\/index.php\/wp-json\/wp\/v2\/comments?post=157768"}],"version-history":[{"count":1,"href":"https:\/\/radioljubuski.ba\/index.php\/wp-json\/wp\/v2\/posts\/157768\/revisions"}],"predecessor-version":[{"id":157770,"href":"https:\/\/radioljubuski.ba\/index.php\/wp-json\/wp\/v2\/posts\/157768\/revisions\/157770"}],"wp:featuredmedia":[{"embeddable":true,"href":"https:\/\/radioljubuski.ba\/index.php\/wp-json\/wp\/v2\/media\/157769"}],"wp:attachment":[{"href":"https:\/\/radioljubuski.ba\/index.php\/wp-json\/wp\/v2\/media?parent=157768"}],"wp:term":[{"taxonomy":"category","embeddable":true,"href":"https:\/\/radioljubuski.ba\/index.php\/wp-json\/wp\/v2\/categories?post=157768"},{"taxonomy":"post_tag","embeddable":true,"href":"https:\/\/radioljubuski.ba\/index.php\/wp-json\/wp\/v2\/tags?post=157768"}],"curies":[{"name":"wp","href":"https:\/\/api.w.org\/{rel}","templated":true}]}}