{"id":157771,"date":"2022-07-10T11:34:07","date_gmt":"2022-07-10T10:34:07","guid":{"rendered":"https:\/\/radioljubuski.ba\/?p=157771"},"modified":"2022-07-10T11:34:08","modified_gmt":"2022-07-10T10:34:08","slug":"sinkovici-najbrzi-u-polufinalu-u-nedjelju-po-odlicje-u-luzernu","status":"publish","type":"post","link":"https:\/\/radioljubuski.ba\/index.php\/2022\/07\/10\/sinkovici-najbrzi-u-polufinalu-u-nedjelju-po-odlicje-u-luzernu\/","title":{"rendered":"Sinkovi\u0107i najbr\u017ei u polufinalu, u nedjelju po odli\u010dje u Luzernu"},"content":{"rendered":"\n<p><strong>Martin i Valent Sinkovi\u0107 jo\u0161 su jednom pobjedom, ostvarenom u polufinalnoj utrci dvojaca na pari\u0107e na natjecanju Svjetskog vesla\u010dkog kupa u \u0161vicarskom Luzernu, izborili plasman u nedjeljno finale.<\/strong><\/p>\n\n\n\n<p>Bra\u0107a Sinkovi\u0107 su kontrolirala utrku od starta do cilja i ostvarila pobjedni\u010dko vrijeme od \u0161est minuta, 12 sekundi i 16 stotinki.<\/p>\n\n\n\n<p>Ne\u0161to vi\u0161e od dvije sekunde (6:14.38) nakon Sinkovi\u0107a ciljem su pro\u0161li Litavci&nbsp;<strong>Armandas Kelmelis<\/strong>&nbsp;i&nbsp;<strong>Dovydas Nemeravi\u010dius<\/strong>, a tre\u0107e mjesto su osvojili Britanci&nbsp;<strong>Matthew Haywood<\/strong>&nbsp;i&nbsp;<strong>George Bourne<\/strong>&nbsp;(6:15.67).<\/p>\n\n\n\n<p>Te \u0107e tri posade u nedjelju (14.01 sati) nastupiti u finalnoj utrci u kojoj su im se iz druge polufinalne skupine pridru\u017eili Australci&nbsp;<strong>David Bartholot<\/strong>&nbsp;i&nbsp;<strong>Caleb Antill<\/strong>&nbsp;(6:10.40), Srbi&nbsp;<strong>Aleksandar Filipovi\u0107<\/strong>&nbsp;i&nbsp;<strong>Aleksandar Bedik<\/strong>&nbsp;(6:11.68) te \u0160panjolci&nbsp;<strong>Aleix Garcia Pujolar<\/strong>&nbsp;i&nbsp;<strong>Rodrigo Conde Romero<\/strong>&nbsp;(6:13.28).<\/p>\n\n\n\n<p>U nedjelju \u0107e u finalu dvojaca bez kormilara nastupiti jo\u0161 jedna hrvatska posada, sestre&nbsp;<strong>Ivana i Josipa Jurkovi\u0107<\/strong>, koje su se u finale probile jo\u0161 u petak. Njihova utrka je na rasporedu u 10.05 sati.<\/p>\n\n\n\n<p>\/HMS\/<\/p>\n","protected":false},"excerpt":{"rendered":"<p>Martin i Valent Sinkovi\u0107 jo\u0161 su jednom pobjedom, ostvarenom u polufinalnoj utrci dvojaca na pari\u0107e na natjecanju Svjetskog vesla\u010dkog kupa u \u0161vicarskom Luzernu, izborili plasman u nedjeljno finale. Bra\u0107a Sinkovi\u0107 su kontrolirala utrku od starta do cilja i ostvarila pobjedni\u010dko vrijeme od \u0161est minuta, 12 sekundi i 16 stotinki. Ne\u0161to vi\u0161e od dvije sekunde (6:14.38) [&hellip;]<\/p>\n","protected":false},"author":2,"featured_media":157772,"comment_status":"closed","ping_status":"closed","sticky":false,"template":"","format":"standard","meta":{"h5ap_radio_sources":[],"footnotes":""},"categories":[7],"tags":[],"class_list":["post-157771","post","type-post","status-publish","format-standard","has-post-thumbnail","hentry","category-sport"],"yoast_head":"<!-- This site is optimized with the Yoast SEO plugin v27.5 - https:\/\/yoast.com\/product\/yoast-seo-wordpress\/ -->\n<title>Sinkovi\u0107i najbr\u017ei u polufinalu, u nedjelju po odli\u010dje u Luzernu - RADIO LJUBU\u0160KI<\/title>\n<meta name=\"robots\" content=\"index, follow, max-snippet:-1, max-image-preview:large, max-video-preview:-1\" \/>\n<link rel=\"canonical\" href=\"https:\/\/radioljubuski.ba\/index.php\/2022\/07\/10\/sinkovici-najbrzi-u-polufinalu-u-nedjelju-po-odlicje-u-luzernu\/\" \/>\n<meta property=\"og:locale\" content=\"hr_HR\" \/>\n<meta property=\"og:type\" content=\"article\" \/>\n<meta property=\"og:title\" content=\"Sinkovi\u0107i najbr\u017ei u polufinalu, u nedjelju po odli\u010dje u Luzernu - RADIO LJUBU\u0160KI\" \/>\n<meta property=\"og:description\" content=\"Martin i Valent Sinkovi\u0107 jo\u0161 su jednom pobjedom, ostvarenom u polufinalnoj utrci dvojaca na pari\u0107e na natjecanju Svjetskog vesla\u010dkog kupa u \u0161vicarskom Luzernu, izborili plasman u nedjeljno finale. Bra\u0107a Sinkovi\u0107 su kontrolirala utrku od starta do cilja i ostvarila pobjedni\u010dko vrijeme od \u0161est minuta, 12 sekundi i 16 stotinki. Ne\u0161to vi\u0161e od dvije sekunde (6:14.38) [&hellip;]\" \/>\n<meta property=\"og:url\" content=\"https:\/\/radioljubuski.ba\/index.php\/2022\/07\/10\/sinkovici-najbrzi-u-polufinalu-u-nedjelju-po-odlicje-u-luzernu\/\" \/>\n<meta property=\"og:site_name\" content=\"RADIO LJUBU\u0160KI\" \/>\n<meta property=\"article:publisher\" content=\"https:\/\/www.facebook.com\/Radiio-Ljubuski-1490835324566332\" \/>\n<meta property=\"article:published_time\" content=\"2022-07-10T10:34:07+00:00\" \/>\n<meta property=\"article:modified_time\" content=\"2022-07-10T10:34:08+00:00\" \/>\n<meta property=\"og:image\" content=\"https:\/\/radioljubuski.ba\/wp-content\/uploads\/2022\/07\/Untitled-1.png\" \/>\n\t<meta property=\"og:image:width\" content=\"740\" \/>\n\t<meta property=\"og:image:height\" content=\"438\" \/>\n\t<meta property=\"og:image:type\" content=\"image\/png\" \/>\n<meta name=\"author\" content=\"Radio Ljubu\u0161ki\" \/>\n<meta name=\"twitter:card\" content=\"summary_large_image\" \/>\n<meta name=\"twitter:creator\" content=\"@radioljubuski\" \/>\n<meta name=\"twitter:site\" content=\"@radioljubuski\" \/>\n<meta name=\"twitter:label1\" content=\"Napisao\/la\" \/>\n\t<meta name=\"twitter:data1\" content=\"Radio Ljubu\u0161ki\" \/>\n\t<meta name=\"twitter:label2\" content=\"Procijenjeno vrijeme \u010ditanja\" \/>\n\t<meta name=\"twitter:data2\" content=\"1 minuta\" \/>\n<script type=\"application\/ld+json\" class=\"yoast-schema-graph\">{\"@context\":\"https:\\\/\\\/schema.org\",\"@graph\":[{\"@type\":\"Article\",\"@id\":\"https:\\\/\\\/radioljubuski.ba\\\/index.php\\\/2022\\\/07\\\/10\\\/sinkovici-najbrzi-u-polufinalu-u-nedjelju-po-odlicje-u-luzernu\\\/#article\",\"isPartOf\":{\"@id\":\"https:\\\/\\\/radioljubuski.ba\\\/index.php\\\/2022\\\/07\\\/10\\\/sinkovici-najbrzi-u-polufinalu-u-nedjelju-po-odlicje-u-luzernu\\\/\"},\"author\":{\"name\":\"Radio Ljubu\u0161ki\",\"@id\":\"https:\\\/\\\/radioljubuski.ba\\\/#\\\/schema\\\/person\\\/19fc700381a780f69665d7956c469e3b\"},\"headline\":\"Sinkovi\u0107i najbr\u017ei u polufinalu, u nedjelju po odli\u010dje u Luzernu\",\"datePublished\":\"2022-07-10T10:34:07+00:00\",\"dateModified\":\"2022-07-10T10:34:08+00:00\",\"mainEntityOfPage\":{\"@id\":\"https:\\\/\\\/radioljubuski.ba\\\/index.php\\\/2022\\\/07\\\/10\\\/sinkovici-najbrzi-u-polufinalu-u-nedjelju-po-odlicje-u-luzernu\\\/\"},\"wordCount\":195,\"publisher\":{\"@id\":\"https:\\\/\\\/radioljubuski.ba\\\/#organization\"},\"image\":{\"@id\":\"https:\\\/\\\/radioljubuski.ba\\\/index.php\\\/2022\\\/07\\\/10\\\/sinkovici-najbrzi-u-polufinalu-u-nedjelju-po-odlicje-u-luzernu\\\/#primaryimage\"},\"thumbnailUrl\":\"https:\\\/\\\/radioljubuski.ba\\\/wp-content\\\/uploads\\\/2022\\\/07\\\/Untitled-1.png\",\"articleSection\":[\"\u0160port\"],\"inLanguage\":\"hr\"},{\"@type\":\"WebPage\",\"@id\":\"https:\\\/\\\/radioljubuski.ba\\\/index.php\\\/2022\\\/07\\\/10\\\/sinkovici-najbrzi-u-polufinalu-u-nedjelju-po-odlicje-u-luzernu\\\/\",\"url\":\"https:\\\/\\\/radioljubuski.ba\\\/index.php\\\/2022\\\/07\\\/10\\\/sinkovici-najbrzi-u-polufinalu-u-nedjelju-po-odlicje-u-luzernu\\\/\",\"name\":\"Sinkovi\u0107i najbr\u017ei u polufinalu, u nedjelju po odli\u010dje u Luzernu - RADIO LJUBU\u0160KI\",\"isPartOf\":{\"@id\":\"https:\\\/\\\/radioljubuski.ba\\\/#website\"},\"primaryImageOfPage\":{\"@id\":\"https:\\\/\\\/radioljubuski.ba\\\/index.php\\\/2022\\\/07\\\/10\\\/sinkovici-najbrzi-u-polufinalu-u-nedjelju-po-odlicje-u-luzernu\\\/#primaryimage\"},\"image\":{\"@id\":\"https:\\\/\\\/radioljubuski.ba\\\/index.php\\\/2022\\\/07\\\/10\\\/sinkovici-najbrzi-u-polufinalu-u-nedjelju-po-odlicje-u-luzernu\\\/#primaryimage\"},\"thumbnailUrl\":\"https:\\\/\\\/radioljubuski.ba\\\/wp-content\\\/uploads\\\/2022\\\/07\\\/Untitled-1.png\",\"datePublished\":\"2022-07-10T10:34:07+00:00\",\"dateModified\":\"2022-07-10T10:34:08+00:00\",\"breadcrumb\":{\"@id\":\"https:\\\/\\\/radioljubuski.ba\\\/index.php\\\/2022\\\/07\\\/10\\\/sinkovici-najbrzi-u-polufinalu-u-nedjelju-po-odlicje-u-luzernu\\\/#breadcrumb\"},\"inLanguage\":\"hr\",\"potentialAction\":[{\"@type\":\"ReadAction\",\"target\":[\"https:\\\/\\\/radioljubuski.ba\\\/index.php\\\/2022\\\/07\\\/10\\\/sinkovici-najbrzi-u-polufinalu-u-nedjelju-po-odlicje-u-luzernu\\\/\"]}]},{\"@type\":\"ImageObject\",\"inLanguage\":\"hr\",\"@id\":\"https:\\\/\\\/radioljubuski.ba\\\/index.php\\\/2022\\\/07\\\/10\\\/sinkovici-najbrzi-u-polufinalu-u-nedjelju-po-odlicje-u-luzernu\\\/#primaryimage\",\"url\":\"https:\\\/\\\/radioljubuski.ba\\\/wp-content\\\/uploads\\\/2022\\\/07\\\/Untitled-1.png\",\"contentUrl\":\"https:\\\/\\\/radioljubuski.ba\\\/wp-content\\\/uploads\\\/2022\\\/07\\\/Untitled-1.png\",\"width\":740,\"height\":438},{\"@type\":\"BreadcrumbList\",\"@id\":\"https:\\\/\\\/radioljubuski.ba\\\/index.php\\\/2022\\\/07\\\/10\\\/sinkovici-najbrzi-u-polufinalu-u-nedjelju-po-odlicje-u-luzernu\\\/#breadcrumb\",\"itemListElement\":[{\"@type\":\"ListItem\",\"position\":1,\"name\":\"Po\u010detna stranica\",\"item\":\"https:\\\/\\\/radioljubuski.ba\\\/\"},{\"@type\":\"ListItem\",\"position\":2,\"name\":\"Sinkovi\u0107i najbr\u017ei u polufinalu, u nedjelju po odli\u010dje u Luzernu\"}]},{\"@type\":\"WebSite\",\"@id\":\"https:\\\/\\\/radioljubuski.ba\\\/#website\",\"url\":\"https:\\\/\\\/radioljubuski.ba\\\/\",\"name\":\"Radio Ljubu\u0161ki\",\"description\":\"Sun\u010dana frekvencija Hercegovine\",\"publisher\":{\"@id\":\"https:\\\/\\\/radioljubuski.ba\\\/#organization\"},\"potentialAction\":[{\"@type\":\"SearchAction\",\"target\":{\"@type\":\"EntryPoint\",\"urlTemplate\":\"https:\\\/\\\/radioljubuski.ba\\\/?s={search_term_string}\"},\"query-input\":{\"@type\":\"PropertyValueSpecification\",\"valueRequired\":true,\"valueName\":\"search_term_string\"}}],\"inLanguage\":\"hr\"},{\"@type\":\"Organization\",\"@id\":\"https:\\\/\\\/radioljubuski.ba\\\/#organization\",\"name\":\"Radio Ljubu\u0161ki\",\"url\":\"https:\\\/\\\/radioljubuski.ba\\\/\",\"logo\":{\"@type\":\"ImageObject\",\"inLanguage\":\"hr\",\"@id\":\"https:\\\/\\\/radioljubuski.ba\\\/#\\\/schema\\\/logo\\\/image\\\/\",\"url\":\"https:\\\/\\\/radioljubuski.ba\\\/wp-content\\\/uploads\\\/2021\\\/02\\\/cropped-Radio_Ljubuski_logo1.jpg\",\"contentUrl\":\"https:\\\/\\\/radioljubuski.ba\\\/wp-content\\\/uploads\\\/2021\\\/02\\\/cropped-Radio_Ljubuski_logo1.jpg\",\"width\":512,\"height\":512,\"caption\":\"Radio Ljubu\u0161ki\"},\"image\":{\"@id\":\"https:\\\/\\\/radioljubuski.ba\\\/#\\\/schema\\\/logo\\\/image\\\/\"},\"sameAs\":[\"https:\\\/\\\/www.facebook.com\\\/Radiio-Ljubuski-1490835324566332\",\"https:\\\/\\\/x.com\\\/radioljubuski\",\"https:\\\/\\\/hr.linkedin.com\\\/company\\\/radio-ljubuski\",\"https:\\\/\\\/www.youtube.com\\\/channel\\\/UCHYaeO_n0Db3tjNGudGpXyw\"]},{\"@type\":\"Person\",\"@id\":\"https:\\\/\\\/radioljubuski.ba\\\/#\\\/schema\\\/person\\\/19fc700381a780f69665d7956c469e3b\",\"name\":\"Radio Ljubu\u0161ki\"}]}<\/script>\n<!-- \/ Yoast SEO plugin. -->","yoast_head_json":{"title":"Sinkovi\u0107i najbr\u017ei u polufinalu, u nedjelju po odli\u010dje u Luzernu - RADIO LJUBU\u0160KI","robots":{"index":"index","follow":"follow","max-snippet":"max-snippet:-1","max-image-preview":"max-image-preview:large","max-video-preview":"max-video-preview:-1"},"canonical":"https:\/\/radioljubuski.ba\/index.php\/2022\/07\/10\/sinkovici-najbrzi-u-polufinalu-u-nedjelju-po-odlicje-u-luzernu\/","og_locale":"hr_HR","og_type":"article","og_title":"Sinkovi\u0107i najbr\u017ei u polufinalu, u nedjelju po odli\u010dje u Luzernu - RADIO LJUBU\u0160KI","og_description":"Martin i Valent Sinkovi\u0107 jo\u0161 su jednom pobjedom, ostvarenom u polufinalnoj utrci dvojaca na pari\u0107e na natjecanju Svjetskog vesla\u010dkog kupa u \u0161vicarskom Luzernu, izborili plasman u nedjeljno finale. Bra\u0107a Sinkovi\u0107 su kontrolirala utrku od starta do cilja i ostvarila pobjedni\u010dko vrijeme od \u0161est minuta, 12 sekundi i 16 stotinki. Ne\u0161to vi\u0161e od dvije sekunde (6:14.38) [&hellip;]","og_url":"https:\/\/radioljubuski.ba\/index.php\/2022\/07\/10\/sinkovici-najbrzi-u-polufinalu-u-nedjelju-po-odlicje-u-luzernu\/","og_site_name":"RADIO LJUBU\u0160KI","article_publisher":"https:\/\/www.facebook.com\/Radiio-Ljubuski-1490835324566332","article_published_time":"2022-07-10T10:34:07+00:00","article_modified_time":"2022-07-10T10:34:08+00:00","og_image":[{"width":740,"height":438,"url":"https:\/\/radioljubuski.ba\/wp-content\/uploads\/2022\/07\/Untitled-1.png","type":"image\/png"}],"author":"Radio Ljubu\u0161ki","twitter_card":"summary_large_image","twitter_creator":"@radioljubuski","twitter_site":"@radioljubuski","twitter_misc":{"Napisao\/la":"Radio Ljubu\u0161ki","Procijenjeno vrijeme \u010ditanja":"1 minuta"},"schema":{"@context":"https:\/\/schema.org","@graph":[{"@type":"Article","@id":"https:\/\/radioljubuski.ba\/index.php\/2022\/07\/10\/sinkovici-najbrzi-u-polufinalu-u-nedjelju-po-odlicje-u-luzernu\/#article","isPartOf":{"@id":"https:\/\/radioljubuski.ba\/index.php\/2022\/07\/10\/sinkovici-najbrzi-u-polufinalu-u-nedjelju-po-odlicje-u-luzernu\/"},"author":{"name":"Radio Ljubu\u0161ki","@id":"https:\/\/radioljubuski.ba\/#\/schema\/person\/19fc700381a780f69665d7956c469e3b"},"headline":"Sinkovi\u0107i najbr\u017ei u polufinalu, u nedjelju po odli\u010dje u Luzernu","datePublished":"2022-07-10T10:34:07+00:00","dateModified":"2022-07-10T10:34:08+00:00","mainEntityOfPage":{"@id":"https:\/\/radioljubuski.ba\/index.php\/2022\/07\/10\/sinkovici-najbrzi-u-polufinalu-u-nedjelju-po-odlicje-u-luzernu\/"},"wordCount":195,"publisher":{"@id":"https:\/\/radioljubuski.ba\/#organization"},"image":{"@id":"https:\/\/radioljubuski.ba\/index.php\/2022\/07\/10\/sinkovici-najbrzi-u-polufinalu-u-nedjelju-po-odlicje-u-luzernu\/#primaryimage"},"thumbnailUrl":"https:\/\/radioljubuski.ba\/wp-content\/uploads\/2022\/07\/Untitled-1.png","articleSection":["\u0160port"],"inLanguage":"hr"},{"@type":"WebPage","@id":"https:\/\/radioljubuski.ba\/index.php\/2022\/07\/10\/sinkovici-najbrzi-u-polufinalu-u-nedjelju-po-odlicje-u-luzernu\/","url":"https:\/\/radioljubuski.ba\/index.php\/2022\/07\/10\/sinkovici-najbrzi-u-polufinalu-u-nedjelju-po-odlicje-u-luzernu\/","name":"Sinkovi\u0107i najbr\u017ei u polufinalu, u nedjelju po odli\u010dje u Luzernu - RADIO LJUBU\u0160KI","isPartOf":{"@id":"https:\/\/radioljubuski.ba\/#website"},"primaryImageOfPage":{"@id":"https:\/\/radioljubuski.ba\/index.php\/2022\/07\/10\/sinkovici-najbrzi-u-polufinalu-u-nedjelju-po-odlicje-u-luzernu\/#primaryimage"},"image":{"@id":"https:\/\/radioljubuski.ba\/index.php\/2022\/07\/10\/sinkovici-najbrzi-u-polufinalu-u-nedjelju-po-odlicje-u-luzernu\/#primaryimage"},"thumbnailUrl":"https:\/\/radioljubuski.ba\/wp-content\/uploads\/2022\/07\/Untitled-1.png","datePublished":"2022-07-10T10:34:07+00:00","dateModified":"2022-07-10T10:34:08+00:00","breadcrumb":{"@id":"https:\/\/radioljubuski.ba\/index.php\/2022\/07\/10\/sinkovici-najbrzi-u-polufinalu-u-nedjelju-po-odlicje-u-luzernu\/#breadcrumb"},"inLanguage":"hr","potentialAction":[{"@type":"ReadAction","target":["https:\/\/radioljubuski.ba\/index.php\/2022\/07\/10\/sinkovici-najbrzi-u-polufinalu-u-nedjelju-po-odlicje-u-luzernu\/"]}]},{"@type":"ImageObject","inLanguage":"hr","@id":"https:\/\/radioljubuski.ba\/index.php\/2022\/07\/10\/sinkovici-najbrzi-u-polufinalu-u-nedjelju-po-odlicje-u-luzernu\/#primaryimage","url":"https:\/\/radioljubuski.ba\/wp-content\/uploads\/2022\/07\/Untitled-1.png","contentUrl":"https:\/\/radioljubuski.ba\/wp-content\/uploads\/2022\/07\/Untitled-1.png","width":740,"height":438},{"@type":"BreadcrumbList","@id":"https:\/\/radioljubuski.ba\/index.php\/2022\/07\/10\/sinkovici-najbrzi-u-polufinalu-u-nedjelju-po-odlicje-u-luzernu\/#breadcrumb","itemListElement":[{"@type":"ListItem","position":1,"name":"Po\u010detna stranica","item":"https:\/\/radioljubuski.ba\/"},{"@type":"ListItem","position":2,"name":"Sinkovi\u0107i najbr\u017ei u polufinalu, u nedjelju po odli\u010dje u Luzernu"}]},{"@type":"WebSite","@id":"https:\/\/radioljubuski.ba\/#website","url":"https:\/\/radioljubuski.ba\/","name":"Radio Ljubu\u0161ki","description":"Sun\u010dana frekvencija Hercegovine","publisher":{"@id":"https:\/\/radioljubuski.ba\/#organization"},"potentialAction":[{"@type":"SearchAction","target":{"@type":"EntryPoint","urlTemplate":"https:\/\/radioljubuski.ba\/?s={search_term_string}"},"query-input":{"@type":"PropertyValueSpecification","valueRequired":true,"valueName":"search_term_string"}}],"inLanguage":"hr"},{"@type":"Organization","@id":"https:\/\/radioljubuski.ba\/#organization","name":"Radio Ljubu\u0161ki","url":"https:\/\/radioljubuski.ba\/","logo":{"@type":"ImageObject","inLanguage":"hr","@id":"https:\/\/radioljubuski.ba\/#\/schema\/logo\/image\/","url":"https:\/\/radioljubuski.ba\/wp-content\/uploads\/2021\/02\/cropped-Radio_Ljubuski_logo1.jpg","contentUrl":"https:\/\/radioljubuski.ba\/wp-content\/uploads\/2021\/02\/cropped-Radio_Ljubuski_logo1.jpg","width":512,"height":512,"caption":"Radio Ljubu\u0161ki"},"image":{"@id":"https:\/\/radioljubuski.ba\/#\/schema\/logo\/image\/"},"sameAs":["https:\/\/www.facebook.com\/Radiio-Ljubuski-1490835324566332","https:\/\/x.com\/radioljubuski","https:\/\/hr.linkedin.com\/company\/radio-ljubuski","https:\/\/www.youtube.com\/channel\/UCHYaeO_n0Db3tjNGudGpXyw"]},{"@type":"Person","@id":"https:\/\/radioljubuski.ba\/#\/schema\/person\/19fc700381a780f69665d7956c469e3b","name":"Radio Ljubu\u0161ki"}]}},"_links":{"self":[{"href":"https:\/\/radioljubuski.ba\/index.php\/wp-json\/wp\/v2\/posts\/157771","targetHints":{"allow":["GET"]}}],"collection":[{"href":"https:\/\/radioljubuski.ba\/index.php\/wp-json\/wp\/v2\/posts"}],"about":[{"href":"https:\/\/radioljubuski.ba\/index.php\/wp-json\/wp\/v2\/types\/post"}],"author":[{"embeddable":true,"href":"https:\/\/radioljubuski.ba\/index.php\/wp-json\/wp\/v2\/users\/2"}],"replies":[{"embeddable":true,"href":"https:\/\/radioljubuski.ba\/index.php\/wp-json\/wp\/v2\/comments?post=157771"}],"version-history":[{"count":1,"href":"https:\/\/radioljubuski.ba\/index.php\/wp-json\/wp\/v2\/posts\/157771\/revisions"}],"predecessor-version":[{"id":157773,"href":"https:\/\/radioljubuski.ba\/index.php\/wp-json\/wp\/v2\/posts\/157771\/revisions\/157773"}],"wp:featuredmedia":[{"embeddable":true,"href":"https:\/\/radioljubuski.ba\/index.php\/wp-json\/wp\/v2\/media\/157772"}],"wp:attachment":[{"href":"https:\/\/radioljubuski.ba\/index.php\/wp-json\/wp\/v2\/media?parent=157771"}],"wp:term":[{"taxonomy":"category","embeddable":true,"href":"https:\/\/radioljubuski.ba\/index.php\/wp-json\/wp\/v2\/categories?post=157771"},{"taxonomy":"post_tag","embeddable":true,"href":"https:\/\/radioljubuski.ba\/index.php\/wp-json\/wp\/v2\/tags?post=157771"}],"curies":[{"name":"wp","href":"https:\/\/api.w.org\/{rel}","templated":true}]}}