{"id":157826,"date":"2022-07-10T11:59:58","date_gmt":"2022-07-10T10:59:58","guid":{"rendered":"https:\/\/radioljubuski.ba\/?p=157826"},"modified":"2022-07-10T11:59:59","modified_gmt":"2022-07-10T10:59:59","slug":"cacic-nema-euforije-bit-ce-tu-jos-dosta-posla","status":"publish","type":"post","link":"https:\/\/radioljubuski.ba\/index.php\/2022\/07\/10\/cacic-nema-euforije-bit-ce-tu-jos-dosta-posla\/","title":{"rendered":"\u010ca\u010di\u0107: Nema euforije, bit \u0107e tu jo\u0161 dosta posla"},"content":{"rendered":"\n<p>\u2013 Bila je to dobra, sadr\u017eajna i gledljiva utakmica, ali nema euforije, kazao je trener Dinama Ante \u010ca\u010di\u0107 nakon osvajanja Superkupa.<\/p>\n\n\n\n<p>\u2013 Mislim da smo bili podjednaki, a Lovre Kalini\u0107 najzaslu\u017eniji je \u0161to je utakmica oti\u0161la do jedanaesteraca. Ove utakmice jo\u0161 uvijek slu\u017ee da dobijemo uvid u igra\u010de i na\u010din kako mo\u017eemo funkcionirati. Sasvim solidno je izgledalo ovo s Drmi\u0107em i Petkovi\u0107em, ali bit \u0107e tu jo\u0161 dosta posla. Nadam se da \u0107e i ostali u\u010diniti sve s nama da se domognemo prolje\u0107a u Europi, to bi za na\u0161 nogomet bila zaista velika stvar. Sutra je slobodan dan i onda kre\u0107emo s pripremama za Lokomotivu, poru\u010dio je \u010ca\u010di\u0107.<\/p>\n\n\n\n<p>\u2013 Stvarno smo odigrali dobru utakmicu. Puno nam ovo zna\u010di da mentalno u\u0111emo dobro u sezonu, pobjedni\u010dki. To \u0107e nam zna\u010di za sezonu i za kvalifikacije za Ligu prvaka. Mislim da smo ve\u010deras bili bolja ekipa, da smo mogli ovo rije\u0161iti i prije jedanaesteraca, rekao je izme\u0111u ostalog Luka Ivanu\u0161ec koji je proma\u0161io neke prilike u 90 minuta, a na kraju je zabio pobjedni\u010dki penal.<\/p>\n\n\n\n<p>\u2013 Svaki trofej je bitan, posebno protiv najve\u0107eg rivala, istaknuo je Dominik Livakovi\u0107.<\/p>\n\n\n\n<p>\u2013 Na penalima smo pokazali kvalitetu i smirenost, istaknuo je Robert Ljubi\u010di\u0107, koji je ve\u010deras debitirao za Dinamo.<\/p>\n\n\n\n<figure class=\"wp-block-embed is-type-wp-embed is-provider-radio-ljubuski wp-block-embed-radio-ljubuski\"><div class=\"wp-block-embed__wrapper\">\n<blockquote class=\"wp-embedded-content\" data-secret=\"Rs7Jb7a5Cd\"><a href=\"https:\/\/radioljubuski.ba\/index.php\/2022\/07\/10\/dinamo-na-penale-osvojio-superkup\/\">Dinamo na penale osvojio Superkup<\/a><\/blockquote><iframe loading=\"lazy\" class=\"wp-embedded-content\" sandbox=\"allow-scripts\" security=\"restricted\" style=\"position: absolute; clip: rect(1px, 1px, 1px, 1px);\" title=\"&#8220;Dinamo na penale osvojio Superkup&#8221; &#8212;   RADIO LJUBU\u0160KI\" src=\"https:\/\/radioljubuski.ba\/index.php\/2022\/07\/10\/dinamo-na-penale-osvojio-superkup\/embed\/#?secret=wxADNPlAEQ#?secret=Rs7Jb7a5Cd\" data-secret=\"Rs7Jb7a5Cd\" width=\"600\" height=\"338\" frameborder=\"0\" marginwidth=\"0\" marginheight=\"0\" scrolling=\"no\"><\/iframe>\n<\/div><\/figure>\n\n\n\n<p><em>Izvor: narod.hr<\/em><\/p>\n","protected":false},"excerpt":{"rendered":"<p>\u2013 Bila je to dobra, sadr\u017eajna i gledljiva utakmica, ali nema euforije, kazao je trener Dinama Ante \u010ca\u010di\u0107 nakon osvajanja Superkupa. \u2013 Mislim da smo bili podjednaki, a Lovre Kalini\u0107 najzaslu\u017eniji je \u0161to je utakmica oti\u0161la do jedanaesteraca. Ove utakmice jo\u0161 uvijek slu\u017ee da dobijemo uvid u igra\u010de i na\u010din kako mo\u017eemo funkcionirati. Sasvim solidno [&hellip;]<\/p>\n","protected":false},"author":2,"featured_media":157827,"comment_status":"closed","ping_status":"closed","sticky":false,"template":"","format":"standard","meta":{"h5ap_radio_sources":[],"footnotes":""},"categories":[7],"tags":[],"class_list":["post-157826","post","type-post","status-publish","format-standard","has-post-thumbnail","hentry","category-sport"],"yoast_head":"<!-- This site is optimized with the Yoast SEO plugin v27.5 - https:\/\/yoast.com\/product\/yoast-seo-wordpress\/ -->\n<title>\u010ca\u010di\u0107: Nema euforije, bit \u0107e tu jo\u0161 dosta posla - RADIO LJUBU\u0160KI<\/title>\n<meta name=\"robots\" content=\"index, follow, max-snippet:-1, max-image-preview:large, max-video-preview:-1\" \/>\n<link rel=\"canonical\" href=\"https:\/\/radioljubuski.ba\/index.php\/2022\/07\/10\/cacic-nema-euforije-bit-ce-tu-jos-dosta-posla\/\" \/>\n<meta property=\"og:locale\" content=\"hr_HR\" \/>\n<meta property=\"og:type\" content=\"article\" \/>\n<meta property=\"og:title\" content=\"\u010ca\u010di\u0107: Nema euforije, bit \u0107e tu jo\u0161 dosta posla - RADIO LJUBU\u0160KI\" \/>\n<meta property=\"og:description\" content=\"\u2013 Bila je to dobra, sadr\u017eajna i gledljiva utakmica, ali nema euforije, kazao je trener Dinama Ante \u010ca\u010di\u0107 nakon osvajanja Superkupa. \u2013 Mislim da smo bili podjednaki, a Lovre Kalini\u0107 najzaslu\u017eniji je \u0161to je utakmica oti\u0161la do jedanaesteraca. Ove utakmice jo\u0161 uvijek slu\u017ee da dobijemo uvid u igra\u010de i na\u010din kako mo\u017eemo funkcionirati. Sasvim solidno [&hellip;]\" \/>\n<meta property=\"og:url\" content=\"https:\/\/radioljubuski.ba\/index.php\/2022\/07\/10\/cacic-nema-euforije-bit-ce-tu-jos-dosta-posla\/\" \/>\n<meta property=\"og:site_name\" content=\"RADIO LJUBU\u0160KI\" \/>\n<meta property=\"article:publisher\" content=\"https:\/\/www.facebook.com\/Radiio-Ljubuski-1490835324566332\" \/>\n<meta property=\"article:published_time\" content=\"2022-07-10T10:59:58+00:00\" \/>\n<meta property=\"article:modified_time\" content=\"2022-07-10T10:59:59+00:00\" \/>\n<meta property=\"og:image\" content=\"https:\/\/radioljubuski.ba\/wp-content\/uploads\/2022\/07\/cacic.jpg\" \/>\n\t<meta property=\"og:image:width\" content=\"696\" \/>\n\t<meta property=\"og:image:height\" content=\"527\" \/>\n\t<meta property=\"og:image:type\" content=\"image\/jpeg\" \/>\n<meta name=\"author\" content=\"Radio Ljubu\u0161ki\" \/>\n<meta name=\"twitter:card\" content=\"summary_large_image\" \/>\n<meta name=\"twitter:creator\" content=\"@radioljubuski\" \/>\n<meta name=\"twitter:site\" content=\"@radioljubuski\" \/>\n<meta name=\"twitter:label1\" content=\"Napisao\/la\" \/>\n\t<meta name=\"twitter:data1\" content=\"Radio Ljubu\u0161ki\" \/>\n\t<meta name=\"twitter:label2\" content=\"Procijenjeno vrijeme \u010ditanja\" \/>\n\t<meta name=\"twitter:data2\" content=\"1 minuta\" \/>\n<script type=\"application\/ld+json\" class=\"yoast-schema-graph\">{\"@context\":\"https:\\\/\\\/schema.org\",\"@graph\":[{\"@type\":\"Article\",\"@id\":\"https:\\\/\\\/radioljubuski.ba\\\/index.php\\\/2022\\\/07\\\/10\\\/cacic-nema-euforije-bit-ce-tu-jos-dosta-posla\\\/#article\",\"isPartOf\":{\"@id\":\"https:\\\/\\\/radioljubuski.ba\\\/index.php\\\/2022\\\/07\\\/10\\\/cacic-nema-euforije-bit-ce-tu-jos-dosta-posla\\\/\"},\"author\":{\"name\":\"Radio Ljubu\u0161ki\",\"@id\":\"https:\\\/\\\/radioljubuski.ba\\\/#\\\/schema\\\/person\\\/19fc700381a780f69665d7956c469e3b\"},\"headline\":\"\u010ca\u010di\u0107: Nema euforije, bit \u0107e tu jo\u0161 dosta posla\",\"datePublished\":\"2022-07-10T10:59:58+00:00\",\"dateModified\":\"2022-07-10T10:59:59+00:00\",\"mainEntityOfPage\":{\"@id\":\"https:\\\/\\\/radioljubuski.ba\\\/index.php\\\/2022\\\/07\\\/10\\\/cacic-nema-euforije-bit-ce-tu-jos-dosta-posla\\\/\"},\"wordCount\":245,\"publisher\":{\"@id\":\"https:\\\/\\\/radioljubuski.ba\\\/#organization\"},\"image\":{\"@id\":\"https:\\\/\\\/radioljubuski.ba\\\/index.php\\\/2022\\\/07\\\/10\\\/cacic-nema-euforije-bit-ce-tu-jos-dosta-posla\\\/#primaryimage\"},\"thumbnailUrl\":\"https:\\\/\\\/radioljubuski.ba\\\/wp-content\\\/uploads\\\/2022\\\/07\\\/cacic.jpg\",\"articleSection\":[\"\u0160port\"],\"inLanguage\":\"hr\"},{\"@type\":\"WebPage\",\"@id\":\"https:\\\/\\\/radioljubuski.ba\\\/index.php\\\/2022\\\/07\\\/10\\\/cacic-nema-euforije-bit-ce-tu-jos-dosta-posla\\\/\",\"url\":\"https:\\\/\\\/radioljubuski.ba\\\/index.php\\\/2022\\\/07\\\/10\\\/cacic-nema-euforije-bit-ce-tu-jos-dosta-posla\\\/\",\"name\":\"\u010ca\u010di\u0107: Nema euforije, bit \u0107e tu jo\u0161 dosta posla - RADIO LJUBU\u0160KI\",\"isPartOf\":{\"@id\":\"https:\\\/\\\/radioljubuski.ba\\\/#website\"},\"primaryImageOfPage\":{\"@id\":\"https:\\\/\\\/radioljubuski.ba\\\/index.php\\\/2022\\\/07\\\/10\\\/cacic-nema-euforije-bit-ce-tu-jos-dosta-posla\\\/#primaryimage\"},\"image\":{\"@id\":\"https:\\\/\\\/radioljubuski.ba\\\/index.php\\\/2022\\\/07\\\/10\\\/cacic-nema-euforije-bit-ce-tu-jos-dosta-posla\\\/#primaryimage\"},\"thumbnailUrl\":\"https:\\\/\\\/radioljubuski.ba\\\/wp-content\\\/uploads\\\/2022\\\/07\\\/cacic.jpg\",\"datePublished\":\"2022-07-10T10:59:58+00:00\",\"dateModified\":\"2022-07-10T10:59:59+00:00\",\"breadcrumb\":{\"@id\":\"https:\\\/\\\/radioljubuski.ba\\\/index.php\\\/2022\\\/07\\\/10\\\/cacic-nema-euforije-bit-ce-tu-jos-dosta-posla\\\/#breadcrumb\"},\"inLanguage\":\"hr\",\"potentialAction\":[{\"@type\":\"ReadAction\",\"target\":[\"https:\\\/\\\/radioljubuski.ba\\\/index.php\\\/2022\\\/07\\\/10\\\/cacic-nema-euforije-bit-ce-tu-jos-dosta-posla\\\/\"]}]},{\"@type\":\"ImageObject\",\"inLanguage\":\"hr\",\"@id\":\"https:\\\/\\\/radioljubuski.ba\\\/index.php\\\/2022\\\/07\\\/10\\\/cacic-nema-euforije-bit-ce-tu-jos-dosta-posla\\\/#primaryimage\",\"url\":\"https:\\\/\\\/radioljubuski.ba\\\/wp-content\\\/uploads\\\/2022\\\/07\\\/cacic.jpg\",\"contentUrl\":\"https:\\\/\\\/radioljubuski.ba\\\/wp-content\\\/uploads\\\/2022\\\/07\\\/cacic.jpg\",\"width\":696,\"height\":527},{\"@type\":\"BreadcrumbList\",\"@id\":\"https:\\\/\\\/radioljubuski.ba\\\/index.php\\\/2022\\\/07\\\/10\\\/cacic-nema-euforije-bit-ce-tu-jos-dosta-posla\\\/#breadcrumb\",\"itemListElement\":[{\"@type\":\"ListItem\",\"position\":1,\"name\":\"Po\u010detna stranica\",\"item\":\"https:\\\/\\\/radioljubuski.ba\\\/\"},{\"@type\":\"ListItem\",\"position\":2,\"name\":\"\u010ca\u010di\u0107: Nema euforije, bit \u0107e tu jo\u0161 dosta posla\"}]},{\"@type\":\"WebSite\",\"@id\":\"https:\\\/\\\/radioljubuski.ba\\\/#website\",\"url\":\"https:\\\/\\\/radioljubuski.ba\\\/\",\"name\":\"Radio Ljubu\u0161ki\",\"description\":\"Sun\u010dana frekvencija Hercegovine\",\"publisher\":{\"@id\":\"https:\\\/\\\/radioljubuski.ba\\\/#organization\"},\"potentialAction\":[{\"@type\":\"SearchAction\",\"target\":{\"@type\":\"EntryPoint\",\"urlTemplate\":\"https:\\\/\\\/radioljubuski.ba\\\/?s={search_term_string}\"},\"query-input\":{\"@type\":\"PropertyValueSpecification\",\"valueRequired\":true,\"valueName\":\"search_term_string\"}}],\"inLanguage\":\"hr\"},{\"@type\":\"Organization\",\"@id\":\"https:\\\/\\\/radioljubuski.ba\\\/#organization\",\"name\":\"Radio Ljubu\u0161ki\",\"url\":\"https:\\\/\\\/radioljubuski.ba\\\/\",\"logo\":{\"@type\":\"ImageObject\",\"inLanguage\":\"hr\",\"@id\":\"https:\\\/\\\/radioljubuski.ba\\\/#\\\/schema\\\/logo\\\/image\\\/\",\"url\":\"https:\\\/\\\/radioljubuski.ba\\\/wp-content\\\/uploads\\\/2021\\\/02\\\/cropped-Radio_Ljubuski_logo1.jpg\",\"contentUrl\":\"https:\\\/\\\/radioljubuski.ba\\\/wp-content\\\/uploads\\\/2021\\\/02\\\/cropped-Radio_Ljubuski_logo1.jpg\",\"width\":512,\"height\":512,\"caption\":\"Radio Ljubu\u0161ki\"},\"image\":{\"@id\":\"https:\\\/\\\/radioljubuski.ba\\\/#\\\/schema\\\/logo\\\/image\\\/\"},\"sameAs\":[\"https:\\\/\\\/www.facebook.com\\\/Radiio-Ljubuski-1490835324566332\",\"https:\\\/\\\/x.com\\\/radioljubuski\",\"https:\\\/\\\/hr.linkedin.com\\\/company\\\/radio-ljubuski\",\"https:\\\/\\\/www.youtube.com\\\/channel\\\/UCHYaeO_n0Db3tjNGudGpXyw\"]},{\"@type\":\"Person\",\"@id\":\"https:\\\/\\\/radioljubuski.ba\\\/#\\\/schema\\\/person\\\/19fc700381a780f69665d7956c469e3b\",\"name\":\"Radio Ljubu\u0161ki\"}]}<\/script>\n<!-- \/ Yoast SEO plugin. -->","yoast_head_json":{"title":"\u010ca\u010di\u0107: Nema euforije, bit \u0107e tu jo\u0161 dosta posla - RADIO LJUBU\u0160KI","robots":{"index":"index","follow":"follow","max-snippet":"max-snippet:-1","max-image-preview":"max-image-preview:large","max-video-preview":"max-video-preview:-1"},"canonical":"https:\/\/radioljubuski.ba\/index.php\/2022\/07\/10\/cacic-nema-euforije-bit-ce-tu-jos-dosta-posla\/","og_locale":"hr_HR","og_type":"article","og_title":"\u010ca\u010di\u0107: Nema euforije, bit \u0107e tu jo\u0161 dosta posla - RADIO LJUBU\u0160KI","og_description":"\u2013 Bila je to dobra, sadr\u017eajna i gledljiva utakmica, ali nema euforije, kazao je trener Dinama Ante \u010ca\u010di\u0107 nakon osvajanja Superkupa. \u2013 Mislim da smo bili podjednaki, a Lovre Kalini\u0107 najzaslu\u017eniji je \u0161to je utakmica oti\u0161la do jedanaesteraca. Ove utakmice jo\u0161 uvijek slu\u017ee da dobijemo uvid u igra\u010de i na\u010din kako mo\u017eemo funkcionirati. Sasvim solidno [&hellip;]","og_url":"https:\/\/radioljubuski.ba\/index.php\/2022\/07\/10\/cacic-nema-euforije-bit-ce-tu-jos-dosta-posla\/","og_site_name":"RADIO LJUBU\u0160KI","article_publisher":"https:\/\/www.facebook.com\/Radiio-Ljubuski-1490835324566332","article_published_time":"2022-07-10T10:59:58+00:00","article_modified_time":"2022-07-10T10:59:59+00:00","og_image":[{"width":696,"height":527,"url":"https:\/\/radioljubuski.ba\/wp-content\/uploads\/2022\/07\/cacic.jpg","type":"image\/jpeg"}],"author":"Radio Ljubu\u0161ki","twitter_card":"summary_large_image","twitter_creator":"@radioljubuski","twitter_site":"@radioljubuski","twitter_misc":{"Napisao\/la":"Radio Ljubu\u0161ki","Procijenjeno vrijeme \u010ditanja":"1 minuta"},"schema":{"@context":"https:\/\/schema.org","@graph":[{"@type":"Article","@id":"https:\/\/radioljubuski.ba\/index.php\/2022\/07\/10\/cacic-nema-euforije-bit-ce-tu-jos-dosta-posla\/#article","isPartOf":{"@id":"https:\/\/radioljubuski.ba\/index.php\/2022\/07\/10\/cacic-nema-euforije-bit-ce-tu-jos-dosta-posla\/"},"author":{"name":"Radio Ljubu\u0161ki","@id":"https:\/\/radioljubuski.ba\/#\/schema\/person\/19fc700381a780f69665d7956c469e3b"},"headline":"\u010ca\u010di\u0107: Nema euforije, bit \u0107e tu jo\u0161 dosta posla","datePublished":"2022-07-10T10:59:58+00:00","dateModified":"2022-07-10T10:59:59+00:00","mainEntityOfPage":{"@id":"https:\/\/radioljubuski.ba\/index.php\/2022\/07\/10\/cacic-nema-euforije-bit-ce-tu-jos-dosta-posla\/"},"wordCount":245,"publisher":{"@id":"https:\/\/radioljubuski.ba\/#organization"},"image":{"@id":"https:\/\/radioljubuski.ba\/index.php\/2022\/07\/10\/cacic-nema-euforije-bit-ce-tu-jos-dosta-posla\/#primaryimage"},"thumbnailUrl":"https:\/\/radioljubuski.ba\/wp-content\/uploads\/2022\/07\/cacic.jpg","articleSection":["\u0160port"],"inLanguage":"hr"},{"@type":"WebPage","@id":"https:\/\/radioljubuski.ba\/index.php\/2022\/07\/10\/cacic-nema-euforije-bit-ce-tu-jos-dosta-posla\/","url":"https:\/\/radioljubuski.ba\/index.php\/2022\/07\/10\/cacic-nema-euforije-bit-ce-tu-jos-dosta-posla\/","name":"\u010ca\u010di\u0107: Nema euforije, bit \u0107e tu jo\u0161 dosta posla - RADIO LJUBU\u0160KI","isPartOf":{"@id":"https:\/\/radioljubuski.ba\/#website"},"primaryImageOfPage":{"@id":"https:\/\/radioljubuski.ba\/index.php\/2022\/07\/10\/cacic-nema-euforije-bit-ce-tu-jos-dosta-posla\/#primaryimage"},"image":{"@id":"https:\/\/radioljubuski.ba\/index.php\/2022\/07\/10\/cacic-nema-euforije-bit-ce-tu-jos-dosta-posla\/#primaryimage"},"thumbnailUrl":"https:\/\/radioljubuski.ba\/wp-content\/uploads\/2022\/07\/cacic.jpg","datePublished":"2022-07-10T10:59:58+00:00","dateModified":"2022-07-10T10:59:59+00:00","breadcrumb":{"@id":"https:\/\/radioljubuski.ba\/index.php\/2022\/07\/10\/cacic-nema-euforije-bit-ce-tu-jos-dosta-posla\/#breadcrumb"},"inLanguage":"hr","potentialAction":[{"@type":"ReadAction","target":["https:\/\/radioljubuski.ba\/index.php\/2022\/07\/10\/cacic-nema-euforije-bit-ce-tu-jos-dosta-posla\/"]}]},{"@type":"ImageObject","inLanguage":"hr","@id":"https:\/\/radioljubuski.ba\/index.php\/2022\/07\/10\/cacic-nema-euforije-bit-ce-tu-jos-dosta-posla\/#primaryimage","url":"https:\/\/radioljubuski.ba\/wp-content\/uploads\/2022\/07\/cacic.jpg","contentUrl":"https:\/\/radioljubuski.ba\/wp-content\/uploads\/2022\/07\/cacic.jpg","width":696,"height":527},{"@type":"BreadcrumbList","@id":"https:\/\/radioljubuski.ba\/index.php\/2022\/07\/10\/cacic-nema-euforije-bit-ce-tu-jos-dosta-posla\/#breadcrumb","itemListElement":[{"@type":"ListItem","position":1,"name":"Po\u010detna stranica","item":"https:\/\/radioljubuski.ba\/"},{"@type":"ListItem","position":2,"name":"\u010ca\u010di\u0107: Nema euforije, bit \u0107e tu jo\u0161 dosta posla"}]},{"@type":"WebSite","@id":"https:\/\/radioljubuski.ba\/#website","url":"https:\/\/radioljubuski.ba\/","name":"Radio Ljubu\u0161ki","description":"Sun\u010dana frekvencija Hercegovine","publisher":{"@id":"https:\/\/radioljubuski.ba\/#organization"},"potentialAction":[{"@type":"SearchAction","target":{"@type":"EntryPoint","urlTemplate":"https:\/\/radioljubuski.ba\/?s={search_term_string}"},"query-input":{"@type":"PropertyValueSpecification","valueRequired":true,"valueName":"search_term_string"}}],"inLanguage":"hr"},{"@type":"Organization","@id":"https:\/\/radioljubuski.ba\/#organization","name":"Radio Ljubu\u0161ki","url":"https:\/\/radioljubuski.ba\/","logo":{"@type":"ImageObject","inLanguage":"hr","@id":"https:\/\/radioljubuski.ba\/#\/schema\/logo\/image\/","url":"https:\/\/radioljubuski.ba\/wp-content\/uploads\/2021\/02\/cropped-Radio_Ljubuski_logo1.jpg","contentUrl":"https:\/\/radioljubuski.ba\/wp-content\/uploads\/2021\/02\/cropped-Radio_Ljubuski_logo1.jpg","width":512,"height":512,"caption":"Radio Ljubu\u0161ki"},"image":{"@id":"https:\/\/radioljubuski.ba\/#\/schema\/logo\/image\/"},"sameAs":["https:\/\/www.facebook.com\/Radiio-Ljubuski-1490835324566332","https:\/\/x.com\/radioljubuski","https:\/\/hr.linkedin.com\/company\/radio-ljubuski","https:\/\/www.youtube.com\/channel\/UCHYaeO_n0Db3tjNGudGpXyw"]},{"@type":"Person","@id":"https:\/\/radioljubuski.ba\/#\/schema\/person\/19fc700381a780f69665d7956c469e3b","name":"Radio Ljubu\u0161ki"}]}},"_links":{"self":[{"href":"https:\/\/radioljubuski.ba\/index.php\/wp-json\/wp\/v2\/posts\/157826","targetHints":{"allow":["GET"]}}],"collection":[{"href":"https:\/\/radioljubuski.ba\/index.php\/wp-json\/wp\/v2\/posts"}],"about":[{"href":"https:\/\/radioljubuski.ba\/index.php\/wp-json\/wp\/v2\/types\/post"}],"author":[{"embeddable":true,"href":"https:\/\/radioljubuski.ba\/index.php\/wp-json\/wp\/v2\/users\/2"}],"replies":[{"embeddable":true,"href":"https:\/\/radioljubuski.ba\/index.php\/wp-json\/wp\/v2\/comments?post=157826"}],"version-history":[{"count":1,"href":"https:\/\/radioljubuski.ba\/index.php\/wp-json\/wp\/v2\/posts\/157826\/revisions"}],"predecessor-version":[{"id":157828,"href":"https:\/\/radioljubuski.ba\/index.php\/wp-json\/wp\/v2\/posts\/157826\/revisions\/157828"}],"wp:featuredmedia":[{"embeddable":true,"href":"https:\/\/radioljubuski.ba\/index.php\/wp-json\/wp\/v2\/media\/157827"}],"wp:attachment":[{"href":"https:\/\/radioljubuski.ba\/index.php\/wp-json\/wp\/v2\/media?parent=157826"}],"wp:term":[{"taxonomy":"category","embeddable":true,"href":"https:\/\/radioljubuski.ba\/index.php\/wp-json\/wp\/v2\/categories?post=157826"},{"taxonomy":"post_tag","embeddable":true,"href":"https:\/\/radioljubuski.ba\/index.php\/wp-json\/wp\/v2\/tags?post=157826"}],"curies":[{"name":"wp","href":"https:\/\/api.w.org\/{rel}","templated":true}]}}