{"id":157861,"date":"2022-07-10T14:00:11","date_gmt":"2022-07-10T13:00:11","guid":{"rendered":"https:\/\/radioljubuski.ba\/?p=157861"},"modified":"2022-07-10T14:00:12","modified_gmt":"2022-07-10T13:00:12","slug":"puno-posla-za-hitnu-pomoc-i-policiju-na-drugoj-veceri-ultre","status":"publish","type":"post","link":"https:\/\/radioljubuski.ba\/index.php\/2022\/07\/10\/puno-posla-za-hitnu-pomoc-i-policiju-na-drugoj-veceri-ultre\/","title":{"rendered":"Puno posla za Hitnu pomo\u0107 i policiju na drugoj ve\u010deri Ultre"},"content":{"rendered":"\n<p><strong>Druge ve\u010deri Ultra Europe festivala na splitskom Parku mlade\u017ei lije\u010dnici su pomo\u0107 pru\u017eali u 50 slu\u010dajeva, \u0161estero je partijanera lomilo sko\u010dne zglobove i lice, dok je policija prijavila 91 osobu uglavnom zbog zlouporabe droga.<\/strong><\/p>\n\n\n\n<p>Hitna medicinska pomo\u0107 no\u0107as je za vrijeme trajanja Ultra Europe festivala imala 50 intervencija od \u010dega su \u0161est pacijenata prebacili na daljnju obradu u KBC Split. Radi se o pove\u0107anom broju intervencija u odnosu na prvi dan Ultre kada su imali 30 intervencija. Doktor splitske Hitne medicinske pomo\u0107i dr.<strong>&nbsp;Dubravko \u0160ola<\/strong>&nbsp;je za Hinu rekao da su o\u010dekivali pove\u0107an broj intervencija jer se radi o istim ljudima i njihovo je stanje akumulirano.<br><br>&#8211; Zbog prekomjerne konzumacije narkotika i alkohola, te njihovog mije\u0161anja imali smo dosta poreme\u0107aja stanja svijesti, nestabilnosti i padova, a upravo su im padovi uzrokovali ozljede uglavnom sko\u010dnog zgloba i lica. I to su pacijenti koje smo prevezli u bolnicu, kazao je za Hinu dr. \u0160ola.<br><br>Osim Hitne medicinske pomo\u0107i na Ultra Europe festivalu su i medicinski timovi organizatora Cro Medic ili tzv. party doktori koji su sino\u0107 imali stotinjak intervencija. Zdravstveni su to djelatnici specijalizirani za pru\u017eanje medicinske pomo\u0107i na raznim doga\u0111anjima me\u0111u kojima je i Ultra Europe festival. Uloga im je tijekom takvih velikih doga\u0111aja rasteretiti zdravstveni sustav, pa su njihovi \u0161atori za prvu pomo\u0107 postavljeni i na Parku mlade\u017ei.<br><br>Splitski vatrogasci ba\u0161 kao i prvu ve\u010der Ultre na Parku mlade\u017ei nisu imali intervencija, a ni policija nije imala ve\u0107ih sigurnosnih problema. Prijavljeno im je 11 kaznenih djela kra\u0111e nakita, mobitela i ostaloga, no brzom intervencijom su uhi\u0107ena \u010detiri strana dr\u017eavljana kod kojih je i prona\u0111en dio ukradenih stvari. Zbog zlouporabe opojnih droga policija je privela 91 osobu me\u0111u kojima su i tri osobe kod kojih je prona\u0111ena ve\u0107a koli\u010dina raznih droga.<\/p>\n\n\n\n<p>Izvor:hrt.hr<\/p>\n","protected":false},"excerpt":{"rendered":"<p>Druge ve\u010deri Ultra Europe festivala na splitskom Parku mlade\u017ei lije\u010dnici su pomo\u0107 pru\u017eali u 50 slu\u010dajeva, \u0161estero je partijanera lomilo sko\u010dne zglobove i lice, dok je policija prijavila 91 osobu uglavnom zbog zlouporabe droga. Hitna medicinska pomo\u0107 no\u0107as je za vrijeme trajanja Ultra Europe festivala imala 50 intervencija od \u010dega su \u0161est pacijenata prebacili na [&hellip;]<\/p>\n","protected":false},"author":2,"featured_media":157862,"comment_status":"closed","ping_status":"closed","sticky":false,"template":"","format":"standard","meta":{"h5ap_radio_sources":[],"footnotes":""},"categories":[1],"tags":[],"class_list":["post-157861","post","type-post","status-publish","format-standard","has-post-thumbnail","hentry","category-bihiregija"],"yoast_head":"<!-- This site is optimized with the Yoast SEO plugin v27.5 - https:\/\/yoast.com\/product\/yoast-seo-wordpress\/ -->\n<title>Puno posla za Hitnu pomo\u0107 i policiju na drugoj ve\u010deri Ultre - RADIO LJUBU\u0160KI<\/title>\n<meta name=\"robots\" content=\"index, follow, max-snippet:-1, max-image-preview:large, max-video-preview:-1\" \/>\n<link rel=\"canonical\" href=\"https:\/\/radioljubuski.ba\/index.php\/2022\/07\/10\/puno-posla-za-hitnu-pomoc-i-policiju-na-drugoj-veceri-ultre\/\" \/>\n<meta property=\"og:locale\" content=\"hr_HR\" \/>\n<meta property=\"og:type\" content=\"article\" \/>\n<meta property=\"og:title\" content=\"Puno posla za Hitnu pomo\u0107 i policiju na drugoj ve\u010deri Ultre - RADIO LJUBU\u0160KI\" \/>\n<meta property=\"og:description\" content=\"Druge ve\u010deri Ultra Europe festivala na splitskom Parku mlade\u017ei lije\u010dnici su pomo\u0107 pru\u017eali u 50 slu\u010dajeva, \u0161estero je partijanera lomilo sko\u010dne zglobove i lice, dok je policija prijavila 91 osobu uglavnom zbog zlouporabe droga. Hitna medicinska pomo\u0107 no\u0107as je za vrijeme trajanja Ultra Europe festivala imala 50 intervencija od \u010dega su \u0161est pacijenata prebacili na [&hellip;]\" \/>\n<meta property=\"og:url\" content=\"https:\/\/radioljubuski.ba\/index.php\/2022\/07\/10\/puno-posla-za-hitnu-pomoc-i-policiju-na-drugoj-veceri-ultre\/\" \/>\n<meta property=\"og:site_name\" content=\"RADIO LJUBU\u0160KI\" \/>\n<meta property=\"article:publisher\" content=\"https:\/\/www.facebook.com\/Radiio-Ljubuski-1490835324566332\" \/>\n<meta property=\"article:published_time\" content=\"2022-07-10T13:00:11+00:00\" \/>\n<meta property=\"article:modified_time\" content=\"2022-07-10T13:00:12+00:00\" \/>\n<meta property=\"og:image\" content=\"https:\/\/radioljubuski.ba\/wp-content\/uploads\/2022\/07\/pxl-090722-94552269-20220710045335.jpg\" \/>\n\t<meta property=\"og:image:width\" content=\"1600\" \/>\n\t<meta property=\"og:image:height\" content=\"1067\" \/>\n\t<meta property=\"og:image:type\" content=\"image\/jpeg\" \/>\n<meta name=\"author\" content=\"Radio Ljubu\u0161ki\" \/>\n<meta name=\"twitter:card\" content=\"summary_large_image\" \/>\n<meta name=\"twitter:creator\" content=\"@radioljubuski\" \/>\n<meta name=\"twitter:site\" content=\"@radioljubuski\" \/>\n<meta name=\"twitter:label1\" content=\"Napisao\/la\" \/>\n\t<meta name=\"twitter:data1\" content=\"Radio Ljubu\u0161ki\" \/>\n\t<meta name=\"twitter:label2\" content=\"Procijenjeno vrijeme \u010ditanja\" \/>\n\t<meta name=\"twitter:data2\" content=\"2 minute\" \/>\n<script type=\"application\/ld+json\" class=\"yoast-schema-graph\">{\"@context\":\"https:\\\/\\\/schema.org\",\"@graph\":[{\"@type\":\"Article\",\"@id\":\"https:\\\/\\\/radioljubuski.ba\\\/index.php\\\/2022\\\/07\\\/10\\\/puno-posla-za-hitnu-pomoc-i-policiju-na-drugoj-veceri-ultre\\\/#article\",\"isPartOf\":{\"@id\":\"https:\\\/\\\/radioljubuski.ba\\\/index.php\\\/2022\\\/07\\\/10\\\/puno-posla-za-hitnu-pomoc-i-policiju-na-drugoj-veceri-ultre\\\/\"},\"author\":{\"name\":\"Radio Ljubu\u0161ki\",\"@id\":\"https:\\\/\\\/radioljubuski.ba\\\/#\\\/schema\\\/person\\\/19fc700381a780f69665d7956c469e3b\"},\"headline\":\"Puno posla za Hitnu pomo\u0107 i policiju na drugoj ve\u010deri Ultre\",\"datePublished\":\"2022-07-10T13:00:11+00:00\",\"dateModified\":\"2022-07-10T13:00:12+00:00\",\"mainEntityOfPage\":{\"@id\":\"https:\\\/\\\/radioljubuski.ba\\\/index.php\\\/2022\\\/07\\\/10\\\/puno-posla-za-hitnu-pomoc-i-policiju-na-drugoj-veceri-ultre\\\/\"},\"wordCount\":333,\"publisher\":{\"@id\":\"https:\\\/\\\/radioljubuski.ba\\\/#organization\"},\"image\":{\"@id\":\"https:\\\/\\\/radioljubuski.ba\\\/index.php\\\/2022\\\/07\\\/10\\\/puno-posla-za-hitnu-pomoc-i-policiju-na-drugoj-veceri-ultre\\\/#primaryimage\"},\"thumbnailUrl\":\"https:\\\/\\\/radioljubuski.ba\\\/wp-content\\\/uploads\\\/2022\\\/07\\\/pxl-090722-94552269-20220710045335.jpg\",\"articleSection\":[\"BIH i regija\"],\"inLanguage\":\"hr\"},{\"@type\":\"WebPage\",\"@id\":\"https:\\\/\\\/radioljubuski.ba\\\/index.php\\\/2022\\\/07\\\/10\\\/puno-posla-za-hitnu-pomoc-i-policiju-na-drugoj-veceri-ultre\\\/\",\"url\":\"https:\\\/\\\/radioljubuski.ba\\\/index.php\\\/2022\\\/07\\\/10\\\/puno-posla-za-hitnu-pomoc-i-policiju-na-drugoj-veceri-ultre\\\/\",\"name\":\"Puno posla za Hitnu pomo\u0107 i policiju na drugoj ve\u010deri Ultre - RADIO LJUBU\u0160KI\",\"isPartOf\":{\"@id\":\"https:\\\/\\\/radioljubuski.ba\\\/#website\"},\"primaryImageOfPage\":{\"@id\":\"https:\\\/\\\/radioljubuski.ba\\\/index.php\\\/2022\\\/07\\\/10\\\/puno-posla-za-hitnu-pomoc-i-policiju-na-drugoj-veceri-ultre\\\/#primaryimage\"},\"image\":{\"@id\":\"https:\\\/\\\/radioljubuski.ba\\\/index.php\\\/2022\\\/07\\\/10\\\/puno-posla-za-hitnu-pomoc-i-policiju-na-drugoj-veceri-ultre\\\/#primaryimage\"},\"thumbnailUrl\":\"https:\\\/\\\/radioljubuski.ba\\\/wp-content\\\/uploads\\\/2022\\\/07\\\/pxl-090722-94552269-20220710045335.jpg\",\"datePublished\":\"2022-07-10T13:00:11+00:00\",\"dateModified\":\"2022-07-10T13:00:12+00:00\",\"breadcrumb\":{\"@id\":\"https:\\\/\\\/radioljubuski.ba\\\/index.php\\\/2022\\\/07\\\/10\\\/puno-posla-za-hitnu-pomoc-i-policiju-na-drugoj-veceri-ultre\\\/#breadcrumb\"},\"inLanguage\":\"hr\",\"potentialAction\":[{\"@type\":\"ReadAction\",\"target\":[\"https:\\\/\\\/radioljubuski.ba\\\/index.php\\\/2022\\\/07\\\/10\\\/puno-posla-za-hitnu-pomoc-i-policiju-na-drugoj-veceri-ultre\\\/\"]}]},{\"@type\":\"ImageObject\",\"inLanguage\":\"hr\",\"@id\":\"https:\\\/\\\/radioljubuski.ba\\\/index.php\\\/2022\\\/07\\\/10\\\/puno-posla-za-hitnu-pomoc-i-policiju-na-drugoj-veceri-ultre\\\/#primaryimage\",\"url\":\"https:\\\/\\\/radioljubuski.ba\\\/wp-content\\\/uploads\\\/2022\\\/07\\\/pxl-090722-94552269-20220710045335.jpg\",\"contentUrl\":\"https:\\\/\\\/radioljubuski.ba\\\/wp-content\\\/uploads\\\/2022\\\/07\\\/pxl-090722-94552269-20220710045335.jpg\",\"width\":1600,\"height\":1067,\"caption\":\"09.07.2022., Split - Drugi dan Ultra Europe Festivala. Na parku mladezi zapoceo je drugi dan Ultra Europ\u0119 Festivala. Photo: Zvonimir Barisin\\\/PIXSELL Photo: Zvonimir Barisin\\\/PIXSELL\"},{\"@type\":\"BreadcrumbList\",\"@id\":\"https:\\\/\\\/radioljubuski.ba\\\/index.php\\\/2022\\\/07\\\/10\\\/puno-posla-za-hitnu-pomoc-i-policiju-na-drugoj-veceri-ultre\\\/#breadcrumb\",\"itemListElement\":[{\"@type\":\"ListItem\",\"position\":1,\"name\":\"Po\u010detna stranica\",\"item\":\"https:\\\/\\\/radioljubuski.ba\\\/\"},{\"@type\":\"ListItem\",\"position\":2,\"name\":\"Puno posla za Hitnu pomo\u0107 i policiju na drugoj ve\u010deri Ultre\"}]},{\"@type\":\"WebSite\",\"@id\":\"https:\\\/\\\/radioljubuski.ba\\\/#website\",\"url\":\"https:\\\/\\\/radioljubuski.ba\\\/\",\"name\":\"Radio Ljubu\u0161ki\",\"description\":\"Sun\u010dana frekvencija Hercegovine\",\"publisher\":{\"@id\":\"https:\\\/\\\/radioljubuski.ba\\\/#organization\"},\"potentialAction\":[{\"@type\":\"SearchAction\",\"target\":{\"@type\":\"EntryPoint\",\"urlTemplate\":\"https:\\\/\\\/radioljubuski.ba\\\/?s={search_term_string}\"},\"query-input\":{\"@type\":\"PropertyValueSpecification\",\"valueRequired\":true,\"valueName\":\"search_term_string\"}}],\"inLanguage\":\"hr\"},{\"@type\":\"Organization\",\"@id\":\"https:\\\/\\\/radioljubuski.ba\\\/#organization\",\"name\":\"Radio Ljubu\u0161ki\",\"url\":\"https:\\\/\\\/radioljubuski.ba\\\/\",\"logo\":{\"@type\":\"ImageObject\",\"inLanguage\":\"hr\",\"@id\":\"https:\\\/\\\/radioljubuski.ba\\\/#\\\/schema\\\/logo\\\/image\\\/\",\"url\":\"https:\\\/\\\/radioljubuski.ba\\\/wp-content\\\/uploads\\\/2021\\\/02\\\/cropped-Radio_Ljubuski_logo1.jpg\",\"contentUrl\":\"https:\\\/\\\/radioljubuski.ba\\\/wp-content\\\/uploads\\\/2021\\\/02\\\/cropped-Radio_Ljubuski_logo1.jpg\",\"width\":512,\"height\":512,\"caption\":\"Radio Ljubu\u0161ki\"},\"image\":{\"@id\":\"https:\\\/\\\/radioljubuski.ba\\\/#\\\/schema\\\/logo\\\/image\\\/\"},\"sameAs\":[\"https:\\\/\\\/www.facebook.com\\\/Radiio-Ljubuski-1490835324566332\",\"https:\\\/\\\/x.com\\\/radioljubuski\",\"https:\\\/\\\/hr.linkedin.com\\\/company\\\/radio-ljubuski\",\"https:\\\/\\\/www.youtube.com\\\/channel\\\/UCHYaeO_n0Db3tjNGudGpXyw\"]},{\"@type\":\"Person\",\"@id\":\"https:\\\/\\\/radioljubuski.ba\\\/#\\\/schema\\\/person\\\/19fc700381a780f69665d7956c469e3b\",\"name\":\"Radio Ljubu\u0161ki\"}]}<\/script>\n<!-- \/ Yoast SEO plugin. -->","yoast_head_json":{"title":"Puno posla za Hitnu pomo\u0107 i policiju na drugoj ve\u010deri Ultre - RADIO LJUBU\u0160KI","robots":{"index":"index","follow":"follow","max-snippet":"max-snippet:-1","max-image-preview":"max-image-preview:large","max-video-preview":"max-video-preview:-1"},"canonical":"https:\/\/radioljubuski.ba\/index.php\/2022\/07\/10\/puno-posla-za-hitnu-pomoc-i-policiju-na-drugoj-veceri-ultre\/","og_locale":"hr_HR","og_type":"article","og_title":"Puno posla za Hitnu pomo\u0107 i policiju na drugoj ve\u010deri Ultre - RADIO LJUBU\u0160KI","og_description":"Druge ve\u010deri Ultra Europe festivala na splitskom Parku mlade\u017ei lije\u010dnici su pomo\u0107 pru\u017eali u 50 slu\u010dajeva, \u0161estero je partijanera lomilo sko\u010dne zglobove i lice, dok je policija prijavila 91 osobu uglavnom zbog zlouporabe droga. Hitna medicinska pomo\u0107 no\u0107as je za vrijeme trajanja Ultra Europe festivala imala 50 intervencija od \u010dega su \u0161est pacijenata prebacili na [&hellip;]","og_url":"https:\/\/radioljubuski.ba\/index.php\/2022\/07\/10\/puno-posla-za-hitnu-pomoc-i-policiju-na-drugoj-veceri-ultre\/","og_site_name":"RADIO LJUBU\u0160KI","article_publisher":"https:\/\/www.facebook.com\/Radiio-Ljubuski-1490835324566332","article_published_time":"2022-07-10T13:00:11+00:00","article_modified_time":"2022-07-10T13:00:12+00:00","og_image":[{"width":1600,"height":1067,"url":"https:\/\/radioljubuski.ba\/wp-content\/uploads\/2022\/07\/pxl-090722-94552269-20220710045335.jpg","type":"image\/jpeg"}],"author":"Radio Ljubu\u0161ki","twitter_card":"summary_large_image","twitter_creator":"@radioljubuski","twitter_site":"@radioljubuski","twitter_misc":{"Napisao\/la":"Radio Ljubu\u0161ki","Procijenjeno vrijeme \u010ditanja":"2 minute"},"schema":{"@context":"https:\/\/schema.org","@graph":[{"@type":"Article","@id":"https:\/\/radioljubuski.ba\/index.php\/2022\/07\/10\/puno-posla-za-hitnu-pomoc-i-policiju-na-drugoj-veceri-ultre\/#article","isPartOf":{"@id":"https:\/\/radioljubuski.ba\/index.php\/2022\/07\/10\/puno-posla-za-hitnu-pomoc-i-policiju-na-drugoj-veceri-ultre\/"},"author":{"name":"Radio Ljubu\u0161ki","@id":"https:\/\/radioljubuski.ba\/#\/schema\/person\/19fc700381a780f69665d7956c469e3b"},"headline":"Puno posla za Hitnu pomo\u0107 i policiju na drugoj ve\u010deri Ultre","datePublished":"2022-07-10T13:00:11+00:00","dateModified":"2022-07-10T13:00:12+00:00","mainEntityOfPage":{"@id":"https:\/\/radioljubuski.ba\/index.php\/2022\/07\/10\/puno-posla-za-hitnu-pomoc-i-policiju-na-drugoj-veceri-ultre\/"},"wordCount":333,"publisher":{"@id":"https:\/\/radioljubuski.ba\/#organization"},"image":{"@id":"https:\/\/radioljubuski.ba\/index.php\/2022\/07\/10\/puno-posla-za-hitnu-pomoc-i-policiju-na-drugoj-veceri-ultre\/#primaryimage"},"thumbnailUrl":"https:\/\/radioljubuski.ba\/wp-content\/uploads\/2022\/07\/pxl-090722-94552269-20220710045335.jpg","articleSection":["BIH i regija"],"inLanguage":"hr"},{"@type":"WebPage","@id":"https:\/\/radioljubuski.ba\/index.php\/2022\/07\/10\/puno-posla-za-hitnu-pomoc-i-policiju-na-drugoj-veceri-ultre\/","url":"https:\/\/radioljubuski.ba\/index.php\/2022\/07\/10\/puno-posla-za-hitnu-pomoc-i-policiju-na-drugoj-veceri-ultre\/","name":"Puno posla za Hitnu pomo\u0107 i policiju na drugoj ve\u010deri Ultre - RADIO LJUBU\u0160KI","isPartOf":{"@id":"https:\/\/radioljubuski.ba\/#website"},"primaryImageOfPage":{"@id":"https:\/\/radioljubuski.ba\/index.php\/2022\/07\/10\/puno-posla-za-hitnu-pomoc-i-policiju-na-drugoj-veceri-ultre\/#primaryimage"},"image":{"@id":"https:\/\/radioljubuski.ba\/index.php\/2022\/07\/10\/puno-posla-za-hitnu-pomoc-i-policiju-na-drugoj-veceri-ultre\/#primaryimage"},"thumbnailUrl":"https:\/\/radioljubuski.ba\/wp-content\/uploads\/2022\/07\/pxl-090722-94552269-20220710045335.jpg","datePublished":"2022-07-10T13:00:11+00:00","dateModified":"2022-07-10T13:00:12+00:00","breadcrumb":{"@id":"https:\/\/radioljubuski.ba\/index.php\/2022\/07\/10\/puno-posla-za-hitnu-pomoc-i-policiju-na-drugoj-veceri-ultre\/#breadcrumb"},"inLanguage":"hr","potentialAction":[{"@type":"ReadAction","target":["https:\/\/radioljubuski.ba\/index.php\/2022\/07\/10\/puno-posla-za-hitnu-pomoc-i-policiju-na-drugoj-veceri-ultre\/"]}]},{"@type":"ImageObject","inLanguage":"hr","@id":"https:\/\/radioljubuski.ba\/index.php\/2022\/07\/10\/puno-posla-za-hitnu-pomoc-i-policiju-na-drugoj-veceri-ultre\/#primaryimage","url":"https:\/\/radioljubuski.ba\/wp-content\/uploads\/2022\/07\/pxl-090722-94552269-20220710045335.jpg","contentUrl":"https:\/\/radioljubuski.ba\/wp-content\/uploads\/2022\/07\/pxl-090722-94552269-20220710045335.jpg","width":1600,"height":1067,"caption":"09.07.2022., Split - Drugi dan Ultra Europe Festivala. Na parku mladezi zapoceo je drugi dan Ultra Europ\u0119 Festivala. Photo: Zvonimir Barisin\/PIXSELL Photo: Zvonimir Barisin\/PIXSELL"},{"@type":"BreadcrumbList","@id":"https:\/\/radioljubuski.ba\/index.php\/2022\/07\/10\/puno-posla-za-hitnu-pomoc-i-policiju-na-drugoj-veceri-ultre\/#breadcrumb","itemListElement":[{"@type":"ListItem","position":1,"name":"Po\u010detna stranica","item":"https:\/\/radioljubuski.ba\/"},{"@type":"ListItem","position":2,"name":"Puno posla za Hitnu pomo\u0107 i policiju na drugoj ve\u010deri Ultre"}]},{"@type":"WebSite","@id":"https:\/\/radioljubuski.ba\/#website","url":"https:\/\/radioljubuski.ba\/","name":"Radio Ljubu\u0161ki","description":"Sun\u010dana frekvencija Hercegovine","publisher":{"@id":"https:\/\/radioljubuski.ba\/#organization"},"potentialAction":[{"@type":"SearchAction","target":{"@type":"EntryPoint","urlTemplate":"https:\/\/radioljubuski.ba\/?s={search_term_string}"},"query-input":{"@type":"PropertyValueSpecification","valueRequired":true,"valueName":"search_term_string"}}],"inLanguage":"hr"},{"@type":"Organization","@id":"https:\/\/radioljubuski.ba\/#organization","name":"Radio Ljubu\u0161ki","url":"https:\/\/radioljubuski.ba\/","logo":{"@type":"ImageObject","inLanguage":"hr","@id":"https:\/\/radioljubuski.ba\/#\/schema\/logo\/image\/","url":"https:\/\/radioljubuski.ba\/wp-content\/uploads\/2021\/02\/cropped-Radio_Ljubuski_logo1.jpg","contentUrl":"https:\/\/radioljubuski.ba\/wp-content\/uploads\/2021\/02\/cropped-Radio_Ljubuski_logo1.jpg","width":512,"height":512,"caption":"Radio Ljubu\u0161ki"},"image":{"@id":"https:\/\/radioljubuski.ba\/#\/schema\/logo\/image\/"},"sameAs":["https:\/\/www.facebook.com\/Radiio-Ljubuski-1490835324566332","https:\/\/x.com\/radioljubuski","https:\/\/hr.linkedin.com\/company\/radio-ljubuski","https:\/\/www.youtube.com\/channel\/UCHYaeO_n0Db3tjNGudGpXyw"]},{"@type":"Person","@id":"https:\/\/radioljubuski.ba\/#\/schema\/person\/19fc700381a780f69665d7956c469e3b","name":"Radio Ljubu\u0161ki"}]}},"_links":{"self":[{"href":"https:\/\/radioljubuski.ba\/index.php\/wp-json\/wp\/v2\/posts\/157861","targetHints":{"allow":["GET"]}}],"collection":[{"href":"https:\/\/radioljubuski.ba\/index.php\/wp-json\/wp\/v2\/posts"}],"about":[{"href":"https:\/\/radioljubuski.ba\/index.php\/wp-json\/wp\/v2\/types\/post"}],"author":[{"embeddable":true,"href":"https:\/\/radioljubuski.ba\/index.php\/wp-json\/wp\/v2\/users\/2"}],"replies":[{"embeddable":true,"href":"https:\/\/radioljubuski.ba\/index.php\/wp-json\/wp\/v2\/comments?post=157861"}],"version-history":[{"count":1,"href":"https:\/\/radioljubuski.ba\/index.php\/wp-json\/wp\/v2\/posts\/157861\/revisions"}],"predecessor-version":[{"id":157863,"href":"https:\/\/radioljubuski.ba\/index.php\/wp-json\/wp\/v2\/posts\/157861\/revisions\/157863"}],"wp:featuredmedia":[{"embeddable":true,"href":"https:\/\/radioljubuski.ba\/index.php\/wp-json\/wp\/v2\/media\/157862"}],"wp:attachment":[{"href":"https:\/\/radioljubuski.ba\/index.php\/wp-json\/wp\/v2\/media?parent=157861"}],"wp:term":[{"taxonomy":"category","embeddable":true,"href":"https:\/\/radioljubuski.ba\/index.php\/wp-json\/wp\/v2\/categories?post=157861"},{"taxonomy":"post_tag","embeddable":true,"href":"https:\/\/radioljubuski.ba\/index.php\/wp-json\/wp\/v2\/tags?post=157861"}],"curies":[{"name":"wp","href":"https:\/\/api.w.org\/{rel}","templated":true}]}}