{"id":157864,"date":"2022-07-10T14:03:03","date_gmt":"2022-07-10T13:03:03","guid":{"rendered":"https:\/\/radioljubuski.ba\/?p=157864"},"modified":"2022-07-10T14:03:05","modified_gmt":"2022-07-10T13:03:05","slug":"na-odredenim-mjestima-na-pozaristu-kod-pule-i-dalje-se-dimi-vatrogasci-dezuraju","status":"publish","type":"post","link":"https:\/\/radioljubuski.ba\/index.php\/2022\/07\/10\/na-odredenim-mjestima-na-pozaristu-kod-pule-i-dalje-se-dimi-vatrogasci-dezuraju\/","title":{"rendered":"Na odre\u0111enim mjestima na po\u017eari\u0161tu kod Pule i dalje se dimi, vatrogasci de\u017euraju"},"content":{"rendered":"\n<p>Jedan od najve\u0107ih po\u017eara koji je ju\u010der buknuo na podru\u010dju Pule uga\u0161en je, ali vatrogasci su i dalje na terenu. Njih 80-ak s 25 vatrogasnih vozila i tri kanadera satima se borilo s vatrenom stihijom. Prema prvim procjenama po\u017ear je zahvatio oko 40 hektara \u0161ume, niskog raslinja, ali i oku\u0107nica.&nbsp;<\/p>\n\n\n\n<p>Reporterka\u00a0<strong>Petra Neuner Ger\u017eini\u0107<\/strong>\u00a0rekla je za podnevni Dnevnik kako se na odre\u0111enim mjestima na po\u017eari\u0161tu dimi pa su vatrogasci i dalje na terenu.<br><br>&#8211; Tijekom no\u0107i, bilo je 26 vatrogasaca, a tijekom dana do\u0107i \u0107e i nove snage kako bi osiguravale po\u017eari\u0161te. Iza stanovnika neprospavana je no\u0107, u strahu su i \u0161oku. To vi\u0161e \u0161to vremenska prognoza za poslijepodne najavljuje buru i ozbiljna je prijetnja jer bi se po\u017ear mogao ponovno rasplamsati. Ne mo\u017eemo razgovarati o uzrocima po\u017eara, istaknuli su danas predstavnici grada i vatrogasnih postrojbi, navodi u uvodu.<br><br>Naglasila je kako je najva\u017enije da nitko nije stradao, a izgorjeli su gospodarski objekti, automobili te je nastala materijalna \u0161teta.<\/p>\n\n\n\n<div style=\"width: 640px;\" class=\"wp-video\"><video class=\"wp-video-shortcode\" id=\"video-157864-1\" width=\"640\" height=\"360\" preload=\"metadata\" controls=\"controls\"><source type=\"video\/mp4\" src=\"https:\/\/api.hrt.hr\/media\/5e\/bd\/tvd1-pula-duplex-20220710103150.mp4?_=1\" \/><a href=\"https:\/\/api.hrt.hr\/media\/5e\/bd\/tvd1-pula-duplex-20220710103150.mp4\">https:\/\/api.hrt.hr\/media\/5e\/bd\/tvd1-pula-duplex-20220710103150.mp4<\/a><\/video><\/div>\n\n\n\n<p>Nezapam\u0107en po\u017ear koji je ju\u010der gutao sve pred sobom u pulskim naseljima Valdebek i Dolinka lokaliziran je sino\u0107 oko 19.&nbsp;<\/p>\n\n\n\n<p>&#8211; Najavljene su visoke temperature, novi toplinski val i velika su\u0161a u idu\u0107im tjednima, ne\u0107e biti ki\u0161e, barem ne ovdje na jugu Istre, a dobro bi do\u0161la u ovim trenucima jer ve\u0107 pet dana gori na cijelom podru\u010dju ju\u017ene Istre. Vatrogasci apeliraju na gra\u0111ane da ne lo\u017ee vatru na otvorenom prostoru jer i najmanja neopreznost mo\u017ee dovesti do velikog po\u017eara, ovakvog kakvog Pula ne pamti, rekla je Ne\u017ei\u0107.<\/p>\n\n\n\n<iframe loading=\"lazy\" src=\"https:\/\/www.facebook.com\/plugins\/video.php?height=314&#038;href=https%3A%2F%2Fwww.facebook.com%2FHRTvijesti%2Fvideos%2F1216832335738107%2F&#038;show_text=false&#038;width=560&#038;t=0\" width=\"560\" height=\"314\" style=\"border:none;overflow:hidden\" scrolling=\"no\" frameborder=\"0\" allowfullscreen=\"true\" allow=\"autoplay; clipboard-write; encrypted-media; picture-in-picture; web-share\" allowFullScreen=\"true\"><\/iframe>\n\n\n\n<p><strong>Pulski gradona\u010delnik Filip Zori\u010di\u0107 zahvalio gasiteljima, pilotima i sugra\u0111anima<br><br><\/strong>Mogu\u0107u katastrofu na konferenciji za novinare komentirao je gradona\u010delnik Pule&nbsp;<strong>Filip Zori\u010di\u0107<\/strong>.<\/p>\n\n\n\n<p><br>Rekao je da \u0107e se \u0161teta procijeniti u suradnji s Hrvatskim \u0161umama. Zahvalio je svima koji su do\u0161li na teren.<br><br>&#8211; Jutros smo obi\u0161li teren, razgovarali sa sugra\u0111anima kojima su zapaljena dvori\u0161ta. Svi su u stresu, strahu. Na policiji je da istra\u017ei povod i uzrok po\u017eara. Mi \u0107emo vas i danas popodne i sutra izvje\u0161tavati priop\u0107enjima i nadati se da \u0107e po\u017ear potpuno biti uga\u0161en tako da mo\u017eemo i\u0107i u procjenu \u0161tete i sanaciju, rekao je.<br><br>Osvrnuo se i na, kako ga je nazvao, &#8220;terorizam&#8221; na dru\u0161tvenim mre\u017eama.<br><br>&#8211; Kao gradona\u010delnik, imam i privatni \u017eivot, i moja obitelj je zaslu\u017eila da ih odvedem na odmor. Oti\u0161li smo prije tri dana u Barcelonu i \u010dim sam saznao za po\u017ear, do\u0161ao sam \u0161to sam prije mogao. A oni koji vr\u0161e teror na dru\u0161tvenim mre\u017eama skrivaju\u0107i se iza svakakvih imena &#8211; njima na du\u0161u. Ne znam koliko bih ja svojom pojavom pomogao gasiteljima koji su, uz mje\u0161tane, ponijeli najve\u0107u \u017ertvu, poru\u010dio je gradona\u010delnik Zori\u010di\u0107.<br><br>Apelirao je na gra\u0111ane koji ne misle tako da, kao \u0161to su ju\u010der pokazali zajedni\u0161tvo i duh pomo\u0107i bez uvjeta i kalkulacija, da tako pristupe i drugim temama.<br><br>&#8211; Nije se ju\u010der govorilo o politici, niti danas, ve\u0107 je to na\u0161a zajedni\u010dka tema i tuga, to je najva\u017enije, zaklju\u010dio je Zori\u010di\u0107.<\/p>\n\n\n\n<div style=\"width: 640px;\" class=\"wp-video\"><video class=\"wp-video-shortcode\" id=\"video-157864-2\" width=\"640\" height=\"360\" preload=\"metadata\" controls=\"controls\"><source type=\"video\/mp4\" src=\"https:\/\/api.hrt.hr\/media\/05\/77\/tvd1zoricic-20220710104047.mp4?_=2\" \/><a href=\"https:\/\/api.hrt.hr\/media\/05\/77\/tvd1zoricic-20220710104047.mp4\">https:\/\/api.hrt.hr\/media\/05\/77\/tvd1zoricic-20220710104047.mp4<\/a><\/video><\/div>\n\n\n\n<p><strong>Zapovjednik pulskog JVP-a Ivica Rojni\u0107: Jo\u0161 se ne zna uzrok po\u017eara, ostajemo na terenu<\/strong><strong><br><br><\/strong>Zapovjednik pulske Javne vatrogasne postrojbe Ivica Rojni\u0107 potvrdio je kako \u0107e se nakon potpunog ga\u0161enja po\u017eara procjenjivati \u0161teta.<br><br>&#8211; Za sada se zna da je izgorjelo oko 40 hektara povr\u0161ine. Uzrok je jo\u0161 nepoznat, a policija intenzivno traga za uzro\u010dnikom po\u017eara. Stradalih nije bilo, ku\u0107e su spa\u0161ene i ni\u0161ta nije eskaliralo. Tijekom no\u0107i na po\u017eari\u0161tu je na de\u017eurstvu ostalo 26 vatrogasaca sa sedam vozila, izvijestio je Rojni\u0107 te dodao kako \u0107e se po\u017eari\u0161te danima nadzirati.<br><br>&#8211; Napravljena je zamjena i dolaze dodatne snage koje \u0107e tijekom dana sanirati rubove po\u017eara. Podru\u010dje \u0107e se jo\u0161 danima tretirati i osiguravati, a gledat \u0107emo \u0161to vi\u0161e rije\u0161iti tijekom dana\u0161njeg dana, jer za no\u0107 je najavljena bura. Mi i dalje ostajemo na terenu da \u010duvamo gra\u0111ane i njihovu imovinu, poru\u010dio je Rojni\u0107.<\/p>\n\n\n\n<p>Izvor:hrt.hr<\/p>\n","protected":false},"excerpt":{"rendered":"<p>Jedan od najve\u0107ih po\u017eara koji je ju\u010der buknuo na podru\u010dju Pule uga\u0161en je, ali vatrogasci su i dalje na terenu. Njih 80-ak s 25 vatrogasnih vozila i tri kanadera satima se borilo s vatrenom stihijom. Prema prvim procjenama po\u017ear je zahvatio oko 40 hektara \u0161ume, niskog raslinja, ali i oku\u0107nica.&nbsp; Reporterka\u00a0Petra Neuner Ger\u017eini\u0107\u00a0rekla je za [&hellip;]<\/p>\n","protected":false},"author":2,"featured_media":157865,"comment_status":"closed","ping_status":"closed","sticky":false,"template":"","format":"standard","meta":{"h5ap_radio_sources":[],"footnotes":""},"categories":[1],"tags":[],"class_list":["post-157864","post","type-post","status-publish","format-standard","has-post-thumbnail","hentry","category-bihiregija"],"yoast_head":"<!-- This site is optimized with the Yoast SEO plugin v27.5 - https:\/\/yoast.com\/product\/yoast-seo-wordpress\/ -->\n<title>Na odre\u0111enim mjestima na po\u017eari\u0161tu kod Pule i dalje se dimi, vatrogasci de\u017euraju - RADIO LJUBU\u0160KI<\/title>\n<meta name=\"robots\" content=\"index, follow, max-snippet:-1, max-image-preview:large, max-video-preview:-1\" \/>\n<link rel=\"canonical\" href=\"https:\/\/radioljubuski.ba\/index.php\/2022\/07\/10\/na-odredenim-mjestima-na-pozaristu-kod-pule-i-dalje-se-dimi-vatrogasci-dezuraju\/\" \/>\n<meta property=\"og:locale\" content=\"hr_HR\" \/>\n<meta property=\"og:type\" content=\"article\" \/>\n<meta property=\"og:title\" content=\"Na odre\u0111enim mjestima na po\u017eari\u0161tu kod Pule i dalje se dimi, vatrogasci de\u017euraju - RADIO LJUBU\u0160KI\" \/>\n<meta property=\"og:description\" content=\"Jedan od najve\u0107ih po\u017eara koji je ju\u010der buknuo na podru\u010dju Pule uga\u0161en je, ali vatrogasci su i dalje na terenu. Njih 80-ak s 25 vatrogasnih vozila i tri kanadera satima se borilo s vatrenom stihijom. Prema prvim procjenama po\u017ear je zahvatio oko 40 hektara \u0161ume, niskog raslinja, ali i oku\u0107nica.&nbsp; Reporterka\u00a0Petra Neuner Ger\u017eini\u0107\u00a0rekla je za [&hellip;]\" \/>\n<meta property=\"og:url\" content=\"https:\/\/radioljubuski.ba\/index.php\/2022\/07\/10\/na-odredenim-mjestima-na-pozaristu-kod-pule-i-dalje-se-dimi-vatrogasci-dezuraju\/\" \/>\n<meta property=\"og:site_name\" content=\"RADIO LJUBU\u0160KI\" \/>\n<meta property=\"article:publisher\" content=\"https:\/\/www.facebook.com\/Radiio-Ljubuski-1490835324566332\" \/>\n<meta property=\"article:published_time\" content=\"2022-07-10T13:03:03+00:00\" \/>\n<meta property=\"article:modified_time\" content=\"2022-07-10T13:03:05+00:00\" \/>\n<meta property=\"og:image\" content=\"https:\/\/radioljubuski.ba\/wp-content\/uploads\/2022\/07\/preuzmi-3.jpg\" \/>\n\t<meta property=\"og:image:width\" content=\"300\" \/>\n\t<meta property=\"og:image:height\" content=\"168\" \/>\n\t<meta property=\"og:image:type\" content=\"image\/jpeg\" \/>\n<meta name=\"author\" content=\"Radio Ljubu\u0161ki\" \/>\n<meta name=\"twitter:card\" content=\"summary_large_image\" \/>\n<meta name=\"twitter:creator\" content=\"@radioljubuski\" \/>\n<meta name=\"twitter:site\" content=\"@radioljubuski\" \/>\n<meta name=\"twitter:label1\" content=\"Napisao\/la\" \/>\n\t<meta name=\"twitter:data1\" content=\"Radio Ljubu\u0161ki\" \/>\n\t<meta name=\"twitter:label2\" content=\"Procijenjeno vrijeme \u010ditanja\" \/>\n\t<meta name=\"twitter:data2\" content=\"3 minute\" \/>\n<script type=\"application\/ld+json\" class=\"yoast-schema-graph\">{\"@context\":\"https:\\\/\\\/schema.org\",\"@graph\":[{\"@type\":\"Article\",\"@id\":\"https:\\\/\\\/radioljubuski.ba\\\/index.php\\\/2022\\\/07\\\/10\\\/na-odredenim-mjestima-na-pozaristu-kod-pule-i-dalje-se-dimi-vatrogasci-dezuraju\\\/#article\",\"isPartOf\":{\"@id\":\"https:\\\/\\\/radioljubuski.ba\\\/index.php\\\/2022\\\/07\\\/10\\\/na-odredenim-mjestima-na-pozaristu-kod-pule-i-dalje-se-dimi-vatrogasci-dezuraju\\\/\"},\"author\":{\"name\":\"Radio Ljubu\u0161ki\",\"@id\":\"https:\\\/\\\/radioljubuski.ba\\\/#\\\/schema\\\/person\\\/19fc700381a780f69665d7956c469e3b\"},\"headline\":\"Na odre\u0111enim mjestima na po\u017eari\u0161tu kod Pule i dalje se dimi, vatrogasci de\u017euraju\",\"datePublished\":\"2022-07-10T13:03:03+00:00\",\"dateModified\":\"2022-07-10T13:03:05+00:00\",\"mainEntityOfPage\":{\"@id\":\"https:\\\/\\\/radioljubuski.ba\\\/index.php\\\/2022\\\/07\\\/10\\\/na-odredenim-mjestima-na-pozaristu-kod-pule-i-dalje-se-dimi-vatrogasci-dezuraju\\\/\"},\"wordCount\":760,\"publisher\":{\"@id\":\"https:\\\/\\\/radioljubuski.ba\\\/#organization\"},\"image\":{\"@id\":\"https:\\\/\\\/radioljubuski.ba\\\/index.php\\\/2022\\\/07\\\/10\\\/na-odredenim-mjestima-na-pozaristu-kod-pule-i-dalje-se-dimi-vatrogasci-dezuraju\\\/#primaryimage\"},\"thumbnailUrl\":\"https:\\\/\\\/radioljubuski.ba\\\/wp-content\\\/uploads\\\/2022\\\/07\\\/preuzmi-3.jpg\",\"articleSection\":[\"BIH i regija\"],\"inLanguage\":\"hr\"},{\"@type\":\"WebPage\",\"@id\":\"https:\\\/\\\/radioljubuski.ba\\\/index.php\\\/2022\\\/07\\\/10\\\/na-odredenim-mjestima-na-pozaristu-kod-pule-i-dalje-se-dimi-vatrogasci-dezuraju\\\/\",\"url\":\"https:\\\/\\\/radioljubuski.ba\\\/index.php\\\/2022\\\/07\\\/10\\\/na-odredenim-mjestima-na-pozaristu-kod-pule-i-dalje-se-dimi-vatrogasci-dezuraju\\\/\",\"name\":\"Na odre\u0111enim mjestima na po\u017eari\u0161tu kod Pule i dalje se dimi, vatrogasci de\u017euraju - RADIO LJUBU\u0160KI\",\"isPartOf\":{\"@id\":\"https:\\\/\\\/radioljubuski.ba\\\/#website\"},\"primaryImageOfPage\":{\"@id\":\"https:\\\/\\\/radioljubuski.ba\\\/index.php\\\/2022\\\/07\\\/10\\\/na-odredenim-mjestima-na-pozaristu-kod-pule-i-dalje-se-dimi-vatrogasci-dezuraju\\\/#primaryimage\"},\"image\":{\"@id\":\"https:\\\/\\\/radioljubuski.ba\\\/index.php\\\/2022\\\/07\\\/10\\\/na-odredenim-mjestima-na-pozaristu-kod-pule-i-dalje-se-dimi-vatrogasci-dezuraju\\\/#primaryimage\"},\"thumbnailUrl\":\"https:\\\/\\\/radioljubuski.ba\\\/wp-content\\\/uploads\\\/2022\\\/07\\\/preuzmi-3.jpg\",\"datePublished\":\"2022-07-10T13:03:03+00:00\",\"dateModified\":\"2022-07-10T13:03:05+00:00\",\"breadcrumb\":{\"@id\":\"https:\\\/\\\/radioljubuski.ba\\\/index.php\\\/2022\\\/07\\\/10\\\/na-odredenim-mjestima-na-pozaristu-kod-pule-i-dalje-se-dimi-vatrogasci-dezuraju\\\/#breadcrumb\"},\"inLanguage\":\"hr\",\"potentialAction\":[{\"@type\":\"ReadAction\",\"target\":[\"https:\\\/\\\/radioljubuski.ba\\\/index.php\\\/2022\\\/07\\\/10\\\/na-odredenim-mjestima-na-pozaristu-kod-pule-i-dalje-se-dimi-vatrogasci-dezuraju\\\/\"]}]},{\"@type\":\"ImageObject\",\"inLanguage\":\"hr\",\"@id\":\"https:\\\/\\\/radioljubuski.ba\\\/index.php\\\/2022\\\/07\\\/10\\\/na-odredenim-mjestima-na-pozaristu-kod-pule-i-dalje-se-dimi-vatrogasci-dezuraju\\\/#primaryimage\",\"url\":\"https:\\\/\\\/radioljubuski.ba\\\/wp-content\\\/uploads\\\/2022\\\/07\\\/preuzmi-3.jpg\",\"contentUrl\":\"https:\\\/\\\/radioljubuski.ba\\\/wp-content\\\/uploads\\\/2022\\\/07\\\/preuzmi-3.jpg\",\"width\":300,\"height\":168},{\"@type\":\"BreadcrumbList\",\"@id\":\"https:\\\/\\\/radioljubuski.ba\\\/index.php\\\/2022\\\/07\\\/10\\\/na-odredenim-mjestima-na-pozaristu-kod-pule-i-dalje-se-dimi-vatrogasci-dezuraju\\\/#breadcrumb\",\"itemListElement\":[{\"@type\":\"ListItem\",\"position\":1,\"name\":\"Po\u010detna stranica\",\"item\":\"https:\\\/\\\/radioljubuski.ba\\\/\"},{\"@type\":\"ListItem\",\"position\":2,\"name\":\"Na odre\u0111enim mjestima na po\u017eari\u0161tu kod Pule i dalje se dimi, vatrogasci de\u017euraju\"}]},{\"@type\":\"WebSite\",\"@id\":\"https:\\\/\\\/radioljubuski.ba\\\/#website\",\"url\":\"https:\\\/\\\/radioljubuski.ba\\\/\",\"name\":\"Radio Ljubu\u0161ki\",\"description\":\"Sun\u010dana frekvencija Hercegovine\",\"publisher\":{\"@id\":\"https:\\\/\\\/radioljubuski.ba\\\/#organization\"},\"potentialAction\":[{\"@type\":\"SearchAction\",\"target\":{\"@type\":\"EntryPoint\",\"urlTemplate\":\"https:\\\/\\\/radioljubuski.ba\\\/?s={search_term_string}\"},\"query-input\":{\"@type\":\"PropertyValueSpecification\",\"valueRequired\":true,\"valueName\":\"search_term_string\"}}],\"inLanguage\":\"hr\"},{\"@type\":\"Organization\",\"@id\":\"https:\\\/\\\/radioljubuski.ba\\\/#organization\",\"name\":\"Radio Ljubu\u0161ki\",\"url\":\"https:\\\/\\\/radioljubuski.ba\\\/\",\"logo\":{\"@type\":\"ImageObject\",\"inLanguage\":\"hr\",\"@id\":\"https:\\\/\\\/radioljubuski.ba\\\/#\\\/schema\\\/logo\\\/image\\\/\",\"url\":\"https:\\\/\\\/radioljubuski.ba\\\/wp-content\\\/uploads\\\/2021\\\/02\\\/cropped-Radio_Ljubuski_logo1.jpg\",\"contentUrl\":\"https:\\\/\\\/radioljubuski.ba\\\/wp-content\\\/uploads\\\/2021\\\/02\\\/cropped-Radio_Ljubuski_logo1.jpg\",\"width\":512,\"height\":512,\"caption\":\"Radio Ljubu\u0161ki\"},\"image\":{\"@id\":\"https:\\\/\\\/radioljubuski.ba\\\/#\\\/schema\\\/logo\\\/image\\\/\"},\"sameAs\":[\"https:\\\/\\\/www.facebook.com\\\/Radiio-Ljubuski-1490835324566332\",\"https:\\\/\\\/x.com\\\/radioljubuski\",\"https:\\\/\\\/hr.linkedin.com\\\/company\\\/radio-ljubuski\",\"https:\\\/\\\/www.youtube.com\\\/channel\\\/UCHYaeO_n0Db3tjNGudGpXyw\"]},{\"@type\":\"Person\",\"@id\":\"https:\\\/\\\/radioljubuski.ba\\\/#\\\/schema\\\/person\\\/19fc700381a780f69665d7956c469e3b\",\"name\":\"Radio Ljubu\u0161ki\"}]}<\/script>\n<!-- \/ Yoast SEO plugin. -->","yoast_head_json":{"title":"Na odre\u0111enim mjestima na po\u017eari\u0161tu kod Pule i dalje se dimi, vatrogasci de\u017euraju - RADIO LJUBU\u0160KI","robots":{"index":"index","follow":"follow","max-snippet":"max-snippet:-1","max-image-preview":"max-image-preview:large","max-video-preview":"max-video-preview:-1"},"canonical":"https:\/\/radioljubuski.ba\/index.php\/2022\/07\/10\/na-odredenim-mjestima-na-pozaristu-kod-pule-i-dalje-se-dimi-vatrogasci-dezuraju\/","og_locale":"hr_HR","og_type":"article","og_title":"Na odre\u0111enim mjestima na po\u017eari\u0161tu kod Pule i dalje se dimi, vatrogasci de\u017euraju - RADIO LJUBU\u0160KI","og_description":"Jedan od najve\u0107ih po\u017eara koji je ju\u010der buknuo na podru\u010dju Pule uga\u0161en je, ali vatrogasci su i dalje na terenu. Njih 80-ak s 25 vatrogasnih vozila i tri kanadera satima se borilo s vatrenom stihijom. Prema prvim procjenama po\u017ear je zahvatio oko 40 hektara \u0161ume, niskog raslinja, ali i oku\u0107nica.&nbsp; Reporterka\u00a0Petra Neuner Ger\u017eini\u0107\u00a0rekla je za [&hellip;]","og_url":"https:\/\/radioljubuski.ba\/index.php\/2022\/07\/10\/na-odredenim-mjestima-na-pozaristu-kod-pule-i-dalje-se-dimi-vatrogasci-dezuraju\/","og_site_name":"RADIO LJUBU\u0160KI","article_publisher":"https:\/\/www.facebook.com\/Radiio-Ljubuski-1490835324566332","article_published_time":"2022-07-10T13:03:03+00:00","article_modified_time":"2022-07-10T13:03:05+00:00","og_image":[{"width":300,"height":168,"url":"https:\/\/radioljubuski.ba\/wp-content\/uploads\/2022\/07\/preuzmi-3.jpg","type":"image\/jpeg"}],"author":"Radio Ljubu\u0161ki","twitter_card":"summary_large_image","twitter_creator":"@radioljubuski","twitter_site":"@radioljubuski","twitter_misc":{"Napisao\/la":"Radio Ljubu\u0161ki","Procijenjeno vrijeme \u010ditanja":"3 minute"},"schema":{"@context":"https:\/\/schema.org","@graph":[{"@type":"Article","@id":"https:\/\/radioljubuski.ba\/index.php\/2022\/07\/10\/na-odredenim-mjestima-na-pozaristu-kod-pule-i-dalje-se-dimi-vatrogasci-dezuraju\/#article","isPartOf":{"@id":"https:\/\/radioljubuski.ba\/index.php\/2022\/07\/10\/na-odredenim-mjestima-na-pozaristu-kod-pule-i-dalje-se-dimi-vatrogasci-dezuraju\/"},"author":{"name":"Radio Ljubu\u0161ki","@id":"https:\/\/radioljubuski.ba\/#\/schema\/person\/19fc700381a780f69665d7956c469e3b"},"headline":"Na odre\u0111enim mjestima na po\u017eari\u0161tu kod Pule i dalje se dimi, vatrogasci de\u017euraju","datePublished":"2022-07-10T13:03:03+00:00","dateModified":"2022-07-10T13:03:05+00:00","mainEntityOfPage":{"@id":"https:\/\/radioljubuski.ba\/index.php\/2022\/07\/10\/na-odredenim-mjestima-na-pozaristu-kod-pule-i-dalje-se-dimi-vatrogasci-dezuraju\/"},"wordCount":760,"publisher":{"@id":"https:\/\/radioljubuski.ba\/#organization"},"image":{"@id":"https:\/\/radioljubuski.ba\/index.php\/2022\/07\/10\/na-odredenim-mjestima-na-pozaristu-kod-pule-i-dalje-se-dimi-vatrogasci-dezuraju\/#primaryimage"},"thumbnailUrl":"https:\/\/radioljubuski.ba\/wp-content\/uploads\/2022\/07\/preuzmi-3.jpg","articleSection":["BIH i regija"],"inLanguage":"hr"},{"@type":"WebPage","@id":"https:\/\/radioljubuski.ba\/index.php\/2022\/07\/10\/na-odredenim-mjestima-na-pozaristu-kod-pule-i-dalje-se-dimi-vatrogasci-dezuraju\/","url":"https:\/\/radioljubuski.ba\/index.php\/2022\/07\/10\/na-odredenim-mjestima-na-pozaristu-kod-pule-i-dalje-se-dimi-vatrogasci-dezuraju\/","name":"Na odre\u0111enim mjestima na po\u017eari\u0161tu kod Pule i dalje se dimi, vatrogasci de\u017euraju - RADIO LJUBU\u0160KI","isPartOf":{"@id":"https:\/\/radioljubuski.ba\/#website"},"primaryImageOfPage":{"@id":"https:\/\/radioljubuski.ba\/index.php\/2022\/07\/10\/na-odredenim-mjestima-na-pozaristu-kod-pule-i-dalje-se-dimi-vatrogasci-dezuraju\/#primaryimage"},"image":{"@id":"https:\/\/radioljubuski.ba\/index.php\/2022\/07\/10\/na-odredenim-mjestima-na-pozaristu-kod-pule-i-dalje-se-dimi-vatrogasci-dezuraju\/#primaryimage"},"thumbnailUrl":"https:\/\/radioljubuski.ba\/wp-content\/uploads\/2022\/07\/preuzmi-3.jpg","datePublished":"2022-07-10T13:03:03+00:00","dateModified":"2022-07-10T13:03:05+00:00","breadcrumb":{"@id":"https:\/\/radioljubuski.ba\/index.php\/2022\/07\/10\/na-odredenim-mjestima-na-pozaristu-kod-pule-i-dalje-se-dimi-vatrogasci-dezuraju\/#breadcrumb"},"inLanguage":"hr","potentialAction":[{"@type":"ReadAction","target":["https:\/\/radioljubuski.ba\/index.php\/2022\/07\/10\/na-odredenim-mjestima-na-pozaristu-kod-pule-i-dalje-se-dimi-vatrogasci-dezuraju\/"]}]},{"@type":"ImageObject","inLanguage":"hr","@id":"https:\/\/radioljubuski.ba\/index.php\/2022\/07\/10\/na-odredenim-mjestima-na-pozaristu-kod-pule-i-dalje-se-dimi-vatrogasci-dezuraju\/#primaryimage","url":"https:\/\/radioljubuski.ba\/wp-content\/uploads\/2022\/07\/preuzmi-3.jpg","contentUrl":"https:\/\/radioljubuski.ba\/wp-content\/uploads\/2022\/07\/preuzmi-3.jpg","width":300,"height":168},{"@type":"BreadcrumbList","@id":"https:\/\/radioljubuski.ba\/index.php\/2022\/07\/10\/na-odredenim-mjestima-na-pozaristu-kod-pule-i-dalje-se-dimi-vatrogasci-dezuraju\/#breadcrumb","itemListElement":[{"@type":"ListItem","position":1,"name":"Po\u010detna stranica","item":"https:\/\/radioljubuski.ba\/"},{"@type":"ListItem","position":2,"name":"Na odre\u0111enim mjestima na po\u017eari\u0161tu kod Pule i dalje se dimi, vatrogasci de\u017euraju"}]},{"@type":"WebSite","@id":"https:\/\/radioljubuski.ba\/#website","url":"https:\/\/radioljubuski.ba\/","name":"Radio Ljubu\u0161ki","description":"Sun\u010dana frekvencija Hercegovine","publisher":{"@id":"https:\/\/radioljubuski.ba\/#organization"},"potentialAction":[{"@type":"SearchAction","target":{"@type":"EntryPoint","urlTemplate":"https:\/\/radioljubuski.ba\/?s={search_term_string}"},"query-input":{"@type":"PropertyValueSpecification","valueRequired":true,"valueName":"search_term_string"}}],"inLanguage":"hr"},{"@type":"Organization","@id":"https:\/\/radioljubuski.ba\/#organization","name":"Radio Ljubu\u0161ki","url":"https:\/\/radioljubuski.ba\/","logo":{"@type":"ImageObject","inLanguage":"hr","@id":"https:\/\/radioljubuski.ba\/#\/schema\/logo\/image\/","url":"https:\/\/radioljubuski.ba\/wp-content\/uploads\/2021\/02\/cropped-Radio_Ljubuski_logo1.jpg","contentUrl":"https:\/\/radioljubuski.ba\/wp-content\/uploads\/2021\/02\/cropped-Radio_Ljubuski_logo1.jpg","width":512,"height":512,"caption":"Radio Ljubu\u0161ki"},"image":{"@id":"https:\/\/radioljubuski.ba\/#\/schema\/logo\/image\/"},"sameAs":["https:\/\/www.facebook.com\/Radiio-Ljubuski-1490835324566332","https:\/\/x.com\/radioljubuski","https:\/\/hr.linkedin.com\/company\/radio-ljubuski","https:\/\/www.youtube.com\/channel\/UCHYaeO_n0Db3tjNGudGpXyw"]},{"@type":"Person","@id":"https:\/\/radioljubuski.ba\/#\/schema\/person\/19fc700381a780f69665d7956c469e3b","name":"Radio Ljubu\u0161ki"}]}},"_links":{"self":[{"href":"https:\/\/radioljubuski.ba\/index.php\/wp-json\/wp\/v2\/posts\/157864","targetHints":{"allow":["GET"]}}],"collection":[{"href":"https:\/\/radioljubuski.ba\/index.php\/wp-json\/wp\/v2\/posts"}],"about":[{"href":"https:\/\/radioljubuski.ba\/index.php\/wp-json\/wp\/v2\/types\/post"}],"author":[{"embeddable":true,"href":"https:\/\/radioljubuski.ba\/index.php\/wp-json\/wp\/v2\/users\/2"}],"replies":[{"embeddable":true,"href":"https:\/\/radioljubuski.ba\/index.php\/wp-json\/wp\/v2\/comments?post=157864"}],"version-history":[{"count":1,"href":"https:\/\/radioljubuski.ba\/index.php\/wp-json\/wp\/v2\/posts\/157864\/revisions"}],"predecessor-version":[{"id":157866,"href":"https:\/\/radioljubuski.ba\/index.php\/wp-json\/wp\/v2\/posts\/157864\/revisions\/157866"}],"wp:featuredmedia":[{"embeddable":true,"href":"https:\/\/radioljubuski.ba\/index.php\/wp-json\/wp\/v2\/media\/157865"}],"wp:attachment":[{"href":"https:\/\/radioljubuski.ba\/index.php\/wp-json\/wp\/v2\/media?parent=157864"}],"wp:term":[{"taxonomy":"category","embeddable":true,"href":"https:\/\/radioljubuski.ba\/index.php\/wp-json\/wp\/v2\/categories?post=157864"},{"taxonomy":"post_tag","embeddable":true,"href":"https:\/\/radioljubuski.ba\/index.php\/wp-json\/wp\/v2\/tags?post=157864"}],"curies":[{"name":"wp","href":"https:\/\/api.w.org\/{rel}","templated":true}]}}