{"id":157867,"date":"2022-07-10T14:05:22","date_gmt":"2022-07-10T13:05:22","guid":{"rendered":"https:\/\/radioljubuski.ba\/?p=157867"},"modified":"2022-07-10T14:05:23","modified_gmt":"2022-07-10T13:05:23","slug":"cacic-potvrdio-za-htv-reformisti-najesen-izlaze-iz-vladajuce-koalicije","status":"publish","type":"post","link":"https:\/\/radioljubuski.ba\/index.php\/2022\/07\/10\/cacic-potvrdio-za-htv-reformisti-najesen-izlaze-iz-vladajuce-koalicije\/","title":{"rendered":"\u010ca\u010di\u0107 potvrdio za HTV: Reformisti najesen izlaze iz vladaju\u0107e koalicije"},"content":{"rendered":"\n<p><strong>Stranka Reformisti najesen izlazi iz vladaju\u0107e koalicije s HDZ-om. Najavio je to i potvrdio u emisiji &#8220;Studio 4&#8221; predsjednik Reformista Radimir \u010ca\u010di\u0107, koji je rekao da je neispunjavanje koalicijskog dogovora o \u017eeljezni\u010dkom projektu Sjever &#8211; vrijednom oko 4 i pol milijarde kuna, jedan od najva\u017enijih razloga izlaska iz koalicije.<\/strong><\/p>\n\n\n\n<p>&#8211; Mi smo to potpuno jasno iskomunicirali u javnosti, rekli smo premijeru i partnerima. Ako stranka na vlasti, a to je HDZ, svoj najprizemniji strana\u010dki interes do razine lokalnih organizacija stavlja ispred interesa gra\u0111ana Hrvatske, a to upravo \u010dini jer spre\u010dava projekt za cijelu regiju Sjever. Izri\u010dito naredbama spre\u010dava realizaciju, Europa ga je podr\u017eala, u\u0161lo je u prostorne i prometne planove, dobili smo novac od Europe. Naredba je da se ne radi, prema tome mi idemo van. Mi smo ve\u0107 dali sve rokove, oni su prema\u0161ili. Mi nismo stranka koja \u0107e udarati ispod pojasa. Ne mo\u017eemo i ne \u017eelimo raditi s partnerima koji se ne dr\u017ee svoje rije\u010di, \u010dak i kad je potpisana.<br><br>Prijevremeni izbori se ne\u0107e dogoditi. Oni \u0107e biti redovni, ali prije vremena, dodao je \u010delni \u010dovjek Reformista.<\/p>\n\n\n\n<p><strong>Novi ministar financija<\/strong><br><br>Na pitanje ho\u0107e li podr\u017eati Mari\u0107eva nasljednika, \u010ca\u010di\u0107 je odgovorio potvrdno i dodao kako smatra da je dobro da se &#8220;ide u \u0161iri rezervoar od naju\u017ee strana\u010dke baze&#8221;.<br><br>&#8211; Mari\u0107 je oti\u0161ao u najboljem trenutku za sebe, imao je odgovorne odgovornosti, kroz Agrokor je pro\u0161ao iako je sasvim sigurno da je imao spoznaje o njemu, ali u sumi to je mandat koji je rezultirao dobro. Za zemlju nije najbolji trenutak za odlazak jer ulazimo u period recesije, i dalje skupih energenata, inflacija je tu. Novi ministar nije u naro\u010ditoj poziciji, rekao je.<br><br>&#8211; Valjda bi bilo logi\u010dno da ministar financija naslijedi njegov zamjenik. Pazi \u010duda, nije ga nitko ni predlo\u017eio. Dolazi jo\u0161 jedan \u010dovjek koji nije HDZ. Mari\u0107 nije bio HDZ. Paladina nije HDZ. Primorac nije HDZ. Podr\u017eavam to, smatram da je to dobro.<\/p>\n\n\n\n<p><strong>Hrvatska izgubila spor protiv MOL-a<\/strong><br><br>Hrvatska je izgubila spor protiv MOL-a pred Me\u0111unarodnim centrom za rje\u0161avanje investicijskih sporova u Washingtonu. Hrvatska mora platiti od\u0161tetu od dvije milijarde kuna, i to s kamatama.<br><br>Podsjetimo, Hrvatska je pokrenula postupak potkraj 2013. protiv MOL-a jer ma\u0111arska tvrtka nije po\u0161tovala obveze o plinskom poslovanju i dodacima. U vodu su pali argumenti o korupciji i mitu za \u0161to je osu\u0111en biv\u0161i premijer Sanader na \u0161est godina.\u00a0<br><br>&#8211; U priop\u0107enju Vlade, ja to razumijem, ali mi se gadi, su poluistine, a one su najgore. Po\u010dinje s tim da je odgovornost na nekoliko to\u010daka. Ono \u0161to je to\u010dno da je Sanader dokazanom, presu\u0111enom korupcijskom aktivno\u0161\u0107u doveo Hrvatsku u poziciju da je predao INA-u potpuno u ruke Ma\u0111arima, za to primio novac i na to, kao \u0161lag na tortu, dodao obvezu da \u0107e se plinski biznis preuzeti od strane dr\u017eave jer je ve\u0107 tada dr\u017eava naredila da se netr\u017ei\u0161no, po cijenama koje su bile jeftinije od dobave plina, prodaje gra\u0111anima da skuplja politi\u010dke poene, komentirao je\u00a0<strong>Radimir \u010ca\u010di\u0107<\/strong>, \u010delni \u010dovjek Reformista, u emisiji &#8220;Studio 4&#8221;.<br><br>&#8211; Ra\u010dan krivice nema nikakve. Sanader da, Vrdoljak je tu\u017eio ne\u0161to gdje je u stvari Hrvatska odgovorna i gdje mora platiti i sada to pla\u0107amo. To je 184 milijuna dolara, i to je 50 do 55 milijuna zateznih kamata i sudskih tro\u0161kova. Po\u0161teno govore\u0107i, mi jesmo dobro pro\u0161li, mogli smo i gore, dodao je \u010ca\u010di\u0107.<br><br>Mo\u017ee li se o\u010dekivati da \u0107e Zsolt Hernady biti oslobo\u0111en svih optu\u017ebi? On je i dalje nedostupan hrvatskom pravosudnom sustavu.<br><br>&#8211; Oni mogu inzistirati koliko god ho\u0107e, ali znaju da u su\u0161tini govore gluposti. Te tvrdnje da je arbitra\u017ea temelj da se povuku optu\u017ebe i Hrvatska ispri\u010da, oni znaju da govore gluposti. Za odluke arbitra\u017ee utjecalo je da je Ustavni sud ukinuo pravomo\u0107ne presude Hernadyju, sad su ponovno donesene, rekao je \u010ca\u010di\u0107.<br><br>Vi\u0161e pogledajte u videu:<\/p>\n\n\n\n<div style=\"width: 640px;\" class=\"wp-video\"><video class=\"wp-video-shortcode\" id=\"video-157867-1\" width=\"640\" height=\"360\" preload=\"metadata\" controls=\"controls\"><source type=\"video\/mp4\" src=\"https:\/\/api.hrt.hr\/media\/14\/7e\/cacic-studio4-20220710084108.mp4?_=1\" \/><a href=\"https:\/\/api.hrt.hr\/media\/14\/7e\/cacic-studio4-20220710084108.mp4\">https:\/\/api.hrt.hr\/media\/14\/7e\/cacic-studio4-20220710084108.mp4<\/a><\/video><\/div>\n\n\n\n<p>Izvor:hrt.hr<\/p>\n","protected":false},"excerpt":{"rendered":"<p>Stranka Reformisti najesen izlazi iz vladaju\u0107e koalicije s HDZ-om. Najavio je to i potvrdio u emisiji &#8220;Studio 4&#8221; predsjednik Reformista Radimir \u010ca\u010di\u0107, koji je rekao da je neispunjavanje koalicijskog dogovora o \u017eeljezni\u010dkom projektu Sjever &#8211; vrijednom oko 4 i pol milijarde kuna, jedan od najva\u017enijih razloga izlaska iz koalicije. &#8211; Mi smo to potpuno jasno [&hellip;]<\/p>\n","protected":false},"author":2,"featured_media":157868,"comment_status":"closed","ping_status":"closed","sticky":false,"template":"","format":"standard","meta":{"h5ap_radio_sources":[],"footnotes":""},"categories":[1],"tags":[],"class_list":["post-157867","post","type-post","status-publish","format-standard","has-post-thumbnail","hentry","category-bihiregija"],"yoast_head":"<!-- This site is optimized with the Yoast SEO plugin v27.5 - https:\/\/yoast.com\/product\/yoast-seo-wordpress\/ -->\n<title>\u010ca\u010di\u0107 potvrdio za HTV: Reformisti najesen izlaze iz vladaju\u0107e koalicije - RADIO LJUBU\u0160KI<\/title>\n<meta name=\"robots\" content=\"index, follow, max-snippet:-1, max-image-preview:large, max-video-preview:-1\" \/>\n<link rel=\"canonical\" href=\"https:\/\/radioljubuski.ba\/index.php\/2022\/07\/10\/cacic-potvrdio-za-htv-reformisti-najesen-izlaze-iz-vladajuce-koalicije\/\" \/>\n<meta property=\"og:locale\" content=\"hr_HR\" \/>\n<meta property=\"og:type\" content=\"article\" \/>\n<meta property=\"og:title\" content=\"\u010ca\u010di\u0107 potvrdio za HTV: Reformisti najesen izlaze iz vladaju\u0107e koalicije - RADIO LJUBU\u0160KI\" \/>\n<meta property=\"og:description\" content=\"Stranka Reformisti najesen izlazi iz vladaju\u0107e koalicije s HDZ-om. Najavio je to i potvrdio u emisiji &#8220;Studio 4&#8221; predsjednik Reformista Radimir \u010ca\u010di\u0107, koji je rekao da je neispunjavanje koalicijskog dogovora o \u017eeljezni\u010dkom projektu Sjever &#8211; vrijednom oko 4 i pol milijarde kuna, jedan od najva\u017enijih razloga izlaska iz koalicije. &#8211; Mi smo to potpuno jasno [&hellip;]\" \/>\n<meta property=\"og:url\" content=\"https:\/\/radioljubuski.ba\/index.php\/2022\/07\/10\/cacic-potvrdio-za-htv-reformisti-najesen-izlaze-iz-vladajuce-koalicije\/\" \/>\n<meta property=\"og:site_name\" content=\"RADIO LJUBU\u0160KI\" \/>\n<meta property=\"article:publisher\" content=\"https:\/\/www.facebook.com\/Radiio-Ljubuski-1490835324566332\" \/>\n<meta property=\"article:published_time\" content=\"2022-07-10T13:05:22+00:00\" \/>\n<meta property=\"article:modified_time\" content=\"2022-07-10T13:05:23+00:00\" \/>\n<meta property=\"og:image\" content=\"https:\/\/radioljubuski.ba\/wp-content\/uploads\/2022\/07\/radomir.jpg\" \/>\n\t<meta property=\"og:image:width\" content=\"300\" \/>\n\t<meta property=\"og:image:height\" content=\"168\" \/>\n\t<meta property=\"og:image:type\" content=\"image\/jpeg\" \/>\n<meta name=\"author\" content=\"Radio Ljubu\u0161ki\" \/>\n<meta name=\"twitter:card\" content=\"summary_large_image\" \/>\n<meta name=\"twitter:creator\" content=\"@radioljubuski\" \/>\n<meta name=\"twitter:site\" content=\"@radioljubuski\" \/>\n<meta name=\"twitter:label1\" content=\"Napisao\/la\" \/>\n\t<meta name=\"twitter:data1\" content=\"Radio Ljubu\u0161ki\" \/>\n\t<meta name=\"twitter:label2\" content=\"Procijenjeno vrijeme \u010ditanja\" \/>\n\t<meta name=\"twitter:data2\" content=\"3 minute\" \/>\n<script type=\"application\/ld+json\" class=\"yoast-schema-graph\">{\"@context\":\"https:\\\/\\\/schema.org\",\"@graph\":[{\"@type\":\"Article\",\"@id\":\"https:\\\/\\\/radioljubuski.ba\\\/index.php\\\/2022\\\/07\\\/10\\\/cacic-potvrdio-za-htv-reformisti-najesen-izlaze-iz-vladajuce-koalicije\\\/#article\",\"isPartOf\":{\"@id\":\"https:\\\/\\\/radioljubuski.ba\\\/index.php\\\/2022\\\/07\\\/10\\\/cacic-potvrdio-za-htv-reformisti-najesen-izlaze-iz-vladajuce-koalicije\\\/\"},\"author\":{\"name\":\"Radio Ljubu\u0161ki\",\"@id\":\"https:\\\/\\\/radioljubuski.ba\\\/#\\\/schema\\\/person\\\/19fc700381a780f69665d7956c469e3b\"},\"headline\":\"\u010ca\u010di\u0107 potvrdio za HTV: Reformisti najesen izlaze iz vladaju\u0107e koalicije\",\"datePublished\":\"2022-07-10T13:05:22+00:00\",\"dateModified\":\"2022-07-10T13:05:23+00:00\",\"mainEntityOfPage\":{\"@id\":\"https:\\\/\\\/radioljubuski.ba\\\/index.php\\\/2022\\\/07\\\/10\\\/cacic-potvrdio-za-htv-reformisti-najesen-izlaze-iz-vladajuce-koalicije\\\/\"},\"wordCount\":712,\"publisher\":{\"@id\":\"https:\\\/\\\/radioljubuski.ba\\\/#organization\"},\"image\":{\"@id\":\"https:\\\/\\\/radioljubuski.ba\\\/index.php\\\/2022\\\/07\\\/10\\\/cacic-potvrdio-za-htv-reformisti-najesen-izlaze-iz-vladajuce-koalicije\\\/#primaryimage\"},\"thumbnailUrl\":\"https:\\\/\\\/radioljubuski.ba\\\/wp-content\\\/uploads\\\/2022\\\/07\\\/radomir.jpg\",\"articleSection\":[\"BIH i regija\"],\"inLanguage\":\"hr\"},{\"@type\":\"WebPage\",\"@id\":\"https:\\\/\\\/radioljubuski.ba\\\/index.php\\\/2022\\\/07\\\/10\\\/cacic-potvrdio-za-htv-reformisti-najesen-izlaze-iz-vladajuce-koalicije\\\/\",\"url\":\"https:\\\/\\\/radioljubuski.ba\\\/index.php\\\/2022\\\/07\\\/10\\\/cacic-potvrdio-za-htv-reformisti-najesen-izlaze-iz-vladajuce-koalicije\\\/\",\"name\":\"\u010ca\u010di\u0107 potvrdio za HTV: Reformisti najesen izlaze iz vladaju\u0107e koalicije - RADIO LJUBU\u0160KI\",\"isPartOf\":{\"@id\":\"https:\\\/\\\/radioljubuski.ba\\\/#website\"},\"primaryImageOfPage\":{\"@id\":\"https:\\\/\\\/radioljubuski.ba\\\/index.php\\\/2022\\\/07\\\/10\\\/cacic-potvrdio-za-htv-reformisti-najesen-izlaze-iz-vladajuce-koalicije\\\/#primaryimage\"},\"image\":{\"@id\":\"https:\\\/\\\/radioljubuski.ba\\\/index.php\\\/2022\\\/07\\\/10\\\/cacic-potvrdio-za-htv-reformisti-najesen-izlaze-iz-vladajuce-koalicije\\\/#primaryimage\"},\"thumbnailUrl\":\"https:\\\/\\\/radioljubuski.ba\\\/wp-content\\\/uploads\\\/2022\\\/07\\\/radomir.jpg\",\"datePublished\":\"2022-07-10T13:05:22+00:00\",\"dateModified\":\"2022-07-10T13:05:23+00:00\",\"breadcrumb\":{\"@id\":\"https:\\\/\\\/radioljubuski.ba\\\/index.php\\\/2022\\\/07\\\/10\\\/cacic-potvrdio-za-htv-reformisti-najesen-izlaze-iz-vladajuce-koalicije\\\/#breadcrumb\"},\"inLanguage\":\"hr\",\"potentialAction\":[{\"@type\":\"ReadAction\",\"target\":[\"https:\\\/\\\/radioljubuski.ba\\\/index.php\\\/2022\\\/07\\\/10\\\/cacic-potvrdio-za-htv-reformisti-najesen-izlaze-iz-vladajuce-koalicije\\\/\"]}]},{\"@type\":\"ImageObject\",\"inLanguage\":\"hr\",\"@id\":\"https:\\\/\\\/radioljubuski.ba\\\/index.php\\\/2022\\\/07\\\/10\\\/cacic-potvrdio-za-htv-reformisti-najesen-izlaze-iz-vladajuce-koalicije\\\/#primaryimage\",\"url\":\"https:\\\/\\\/radioljubuski.ba\\\/wp-content\\\/uploads\\\/2022\\\/07\\\/radomir.jpg\",\"contentUrl\":\"https:\\\/\\\/radioljubuski.ba\\\/wp-content\\\/uploads\\\/2022\\\/07\\\/radomir.jpg\",\"width\":300,\"height\":168},{\"@type\":\"BreadcrumbList\",\"@id\":\"https:\\\/\\\/radioljubuski.ba\\\/index.php\\\/2022\\\/07\\\/10\\\/cacic-potvrdio-za-htv-reformisti-najesen-izlaze-iz-vladajuce-koalicije\\\/#breadcrumb\",\"itemListElement\":[{\"@type\":\"ListItem\",\"position\":1,\"name\":\"Po\u010detna stranica\",\"item\":\"https:\\\/\\\/radioljubuski.ba\\\/\"},{\"@type\":\"ListItem\",\"position\":2,\"name\":\"\u010ca\u010di\u0107 potvrdio za HTV: Reformisti najesen izlaze iz vladaju\u0107e koalicije\"}]},{\"@type\":\"WebSite\",\"@id\":\"https:\\\/\\\/radioljubuski.ba\\\/#website\",\"url\":\"https:\\\/\\\/radioljubuski.ba\\\/\",\"name\":\"Radio Ljubu\u0161ki\",\"description\":\"Sun\u010dana frekvencija Hercegovine\",\"publisher\":{\"@id\":\"https:\\\/\\\/radioljubuski.ba\\\/#organization\"},\"potentialAction\":[{\"@type\":\"SearchAction\",\"target\":{\"@type\":\"EntryPoint\",\"urlTemplate\":\"https:\\\/\\\/radioljubuski.ba\\\/?s={search_term_string}\"},\"query-input\":{\"@type\":\"PropertyValueSpecification\",\"valueRequired\":true,\"valueName\":\"search_term_string\"}}],\"inLanguage\":\"hr\"},{\"@type\":\"Organization\",\"@id\":\"https:\\\/\\\/radioljubuski.ba\\\/#organization\",\"name\":\"Radio Ljubu\u0161ki\",\"url\":\"https:\\\/\\\/radioljubuski.ba\\\/\",\"logo\":{\"@type\":\"ImageObject\",\"inLanguage\":\"hr\",\"@id\":\"https:\\\/\\\/radioljubuski.ba\\\/#\\\/schema\\\/logo\\\/image\\\/\",\"url\":\"https:\\\/\\\/radioljubuski.ba\\\/wp-content\\\/uploads\\\/2021\\\/02\\\/cropped-Radio_Ljubuski_logo1.jpg\",\"contentUrl\":\"https:\\\/\\\/radioljubuski.ba\\\/wp-content\\\/uploads\\\/2021\\\/02\\\/cropped-Radio_Ljubuski_logo1.jpg\",\"width\":512,\"height\":512,\"caption\":\"Radio Ljubu\u0161ki\"},\"image\":{\"@id\":\"https:\\\/\\\/radioljubuski.ba\\\/#\\\/schema\\\/logo\\\/image\\\/\"},\"sameAs\":[\"https:\\\/\\\/www.facebook.com\\\/Radiio-Ljubuski-1490835324566332\",\"https:\\\/\\\/x.com\\\/radioljubuski\",\"https:\\\/\\\/hr.linkedin.com\\\/company\\\/radio-ljubuski\",\"https:\\\/\\\/www.youtube.com\\\/channel\\\/UCHYaeO_n0Db3tjNGudGpXyw\"]},{\"@type\":\"Person\",\"@id\":\"https:\\\/\\\/radioljubuski.ba\\\/#\\\/schema\\\/person\\\/19fc700381a780f69665d7956c469e3b\",\"name\":\"Radio Ljubu\u0161ki\"}]}<\/script>\n<!-- \/ Yoast SEO plugin. -->","yoast_head_json":{"title":"\u010ca\u010di\u0107 potvrdio za HTV: Reformisti najesen izlaze iz vladaju\u0107e koalicije - RADIO LJUBU\u0160KI","robots":{"index":"index","follow":"follow","max-snippet":"max-snippet:-1","max-image-preview":"max-image-preview:large","max-video-preview":"max-video-preview:-1"},"canonical":"https:\/\/radioljubuski.ba\/index.php\/2022\/07\/10\/cacic-potvrdio-za-htv-reformisti-najesen-izlaze-iz-vladajuce-koalicije\/","og_locale":"hr_HR","og_type":"article","og_title":"\u010ca\u010di\u0107 potvrdio za HTV: Reformisti najesen izlaze iz vladaju\u0107e koalicije - RADIO LJUBU\u0160KI","og_description":"Stranka Reformisti najesen izlazi iz vladaju\u0107e koalicije s HDZ-om. Najavio je to i potvrdio u emisiji &#8220;Studio 4&#8221; predsjednik Reformista Radimir \u010ca\u010di\u0107, koji je rekao da je neispunjavanje koalicijskog dogovora o \u017eeljezni\u010dkom projektu Sjever &#8211; vrijednom oko 4 i pol milijarde kuna, jedan od najva\u017enijih razloga izlaska iz koalicije. &#8211; Mi smo to potpuno jasno [&hellip;]","og_url":"https:\/\/radioljubuski.ba\/index.php\/2022\/07\/10\/cacic-potvrdio-za-htv-reformisti-najesen-izlaze-iz-vladajuce-koalicije\/","og_site_name":"RADIO LJUBU\u0160KI","article_publisher":"https:\/\/www.facebook.com\/Radiio-Ljubuski-1490835324566332","article_published_time":"2022-07-10T13:05:22+00:00","article_modified_time":"2022-07-10T13:05:23+00:00","og_image":[{"width":300,"height":168,"url":"https:\/\/radioljubuski.ba\/wp-content\/uploads\/2022\/07\/radomir.jpg","type":"image\/jpeg"}],"author":"Radio Ljubu\u0161ki","twitter_card":"summary_large_image","twitter_creator":"@radioljubuski","twitter_site":"@radioljubuski","twitter_misc":{"Napisao\/la":"Radio Ljubu\u0161ki","Procijenjeno vrijeme \u010ditanja":"3 minute"},"schema":{"@context":"https:\/\/schema.org","@graph":[{"@type":"Article","@id":"https:\/\/radioljubuski.ba\/index.php\/2022\/07\/10\/cacic-potvrdio-za-htv-reformisti-najesen-izlaze-iz-vladajuce-koalicije\/#article","isPartOf":{"@id":"https:\/\/radioljubuski.ba\/index.php\/2022\/07\/10\/cacic-potvrdio-za-htv-reformisti-najesen-izlaze-iz-vladajuce-koalicije\/"},"author":{"name":"Radio Ljubu\u0161ki","@id":"https:\/\/radioljubuski.ba\/#\/schema\/person\/19fc700381a780f69665d7956c469e3b"},"headline":"\u010ca\u010di\u0107 potvrdio za HTV: Reformisti najesen izlaze iz vladaju\u0107e koalicije","datePublished":"2022-07-10T13:05:22+00:00","dateModified":"2022-07-10T13:05:23+00:00","mainEntityOfPage":{"@id":"https:\/\/radioljubuski.ba\/index.php\/2022\/07\/10\/cacic-potvrdio-za-htv-reformisti-najesen-izlaze-iz-vladajuce-koalicije\/"},"wordCount":712,"publisher":{"@id":"https:\/\/radioljubuski.ba\/#organization"},"image":{"@id":"https:\/\/radioljubuski.ba\/index.php\/2022\/07\/10\/cacic-potvrdio-za-htv-reformisti-najesen-izlaze-iz-vladajuce-koalicije\/#primaryimage"},"thumbnailUrl":"https:\/\/radioljubuski.ba\/wp-content\/uploads\/2022\/07\/radomir.jpg","articleSection":["BIH i regija"],"inLanguage":"hr"},{"@type":"WebPage","@id":"https:\/\/radioljubuski.ba\/index.php\/2022\/07\/10\/cacic-potvrdio-za-htv-reformisti-najesen-izlaze-iz-vladajuce-koalicije\/","url":"https:\/\/radioljubuski.ba\/index.php\/2022\/07\/10\/cacic-potvrdio-za-htv-reformisti-najesen-izlaze-iz-vladajuce-koalicije\/","name":"\u010ca\u010di\u0107 potvrdio za HTV: Reformisti najesen izlaze iz vladaju\u0107e koalicije - RADIO LJUBU\u0160KI","isPartOf":{"@id":"https:\/\/radioljubuski.ba\/#website"},"primaryImageOfPage":{"@id":"https:\/\/radioljubuski.ba\/index.php\/2022\/07\/10\/cacic-potvrdio-za-htv-reformisti-najesen-izlaze-iz-vladajuce-koalicije\/#primaryimage"},"image":{"@id":"https:\/\/radioljubuski.ba\/index.php\/2022\/07\/10\/cacic-potvrdio-za-htv-reformisti-najesen-izlaze-iz-vladajuce-koalicije\/#primaryimage"},"thumbnailUrl":"https:\/\/radioljubuski.ba\/wp-content\/uploads\/2022\/07\/radomir.jpg","datePublished":"2022-07-10T13:05:22+00:00","dateModified":"2022-07-10T13:05:23+00:00","breadcrumb":{"@id":"https:\/\/radioljubuski.ba\/index.php\/2022\/07\/10\/cacic-potvrdio-za-htv-reformisti-najesen-izlaze-iz-vladajuce-koalicije\/#breadcrumb"},"inLanguage":"hr","potentialAction":[{"@type":"ReadAction","target":["https:\/\/radioljubuski.ba\/index.php\/2022\/07\/10\/cacic-potvrdio-za-htv-reformisti-najesen-izlaze-iz-vladajuce-koalicije\/"]}]},{"@type":"ImageObject","inLanguage":"hr","@id":"https:\/\/radioljubuski.ba\/index.php\/2022\/07\/10\/cacic-potvrdio-za-htv-reformisti-najesen-izlaze-iz-vladajuce-koalicije\/#primaryimage","url":"https:\/\/radioljubuski.ba\/wp-content\/uploads\/2022\/07\/radomir.jpg","contentUrl":"https:\/\/radioljubuski.ba\/wp-content\/uploads\/2022\/07\/radomir.jpg","width":300,"height":168},{"@type":"BreadcrumbList","@id":"https:\/\/radioljubuski.ba\/index.php\/2022\/07\/10\/cacic-potvrdio-za-htv-reformisti-najesen-izlaze-iz-vladajuce-koalicije\/#breadcrumb","itemListElement":[{"@type":"ListItem","position":1,"name":"Po\u010detna stranica","item":"https:\/\/radioljubuski.ba\/"},{"@type":"ListItem","position":2,"name":"\u010ca\u010di\u0107 potvrdio za HTV: Reformisti najesen izlaze iz vladaju\u0107e koalicije"}]},{"@type":"WebSite","@id":"https:\/\/radioljubuski.ba\/#website","url":"https:\/\/radioljubuski.ba\/","name":"Radio Ljubu\u0161ki","description":"Sun\u010dana frekvencija Hercegovine","publisher":{"@id":"https:\/\/radioljubuski.ba\/#organization"},"potentialAction":[{"@type":"SearchAction","target":{"@type":"EntryPoint","urlTemplate":"https:\/\/radioljubuski.ba\/?s={search_term_string}"},"query-input":{"@type":"PropertyValueSpecification","valueRequired":true,"valueName":"search_term_string"}}],"inLanguage":"hr"},{"@type":"Organization","@id":"https:\/\/radioljubuski.ba\/#organization","name":"Radio Ljubu\u0161ki","url":"https:\/\/radioljubuski.ba\/","logo":{"@type":"ImageObject","inLanguage":"hr","@id":"https:\/\/radioljubuski.ba\/#\/schema\/logo\/image\/","url":"https:\/\/radioljubuski.ba\/wp-content\/uploads\/2021\/02\/cropped-Radio_Ljubuski_logo1.jpg","contentUrl":"https:\/\/radioljubuski.ba\/wp-content\/uploads\/2021\/02\/cropped-Radio_Ljubuski_logo1.jpg","width":512,"height":512,"caption":"Radio Ljubu\u0161ki"},"image":{"@id":"https:\/\/radioljubuski.ba\/#\/schema\/logo\/image\/"},"sameAs":["https:\/\/www.facebook.com\/Radiio-Ljubuski-1490835324566332","https:\/\/x.com\/radioljubuski","https:\/\/hr.linkedin.com\/company\/radio-ljubuski","https:\/\/www.youtube.com\/channel\/UCHYaeO_n0Db3tjNGudGpXyw"]},{"@type":"Person","@id":"https:\/\/radioljubuski.ba\/#\/schema\/person\/19fc700381a780f69665d7956c469e3b","name":"Radio Ljubu\u0161ki"}]}},"_links":{"self":[{"href":"https:\/\/radioljubuski.ba\/index.php\/wp-json\/wp\/v2\/posts\/157867","targetHints":{"allow":["GET"]}}],"collection":[{"href":"https:\/\/radioljubuski.ba\/index.php\/wp-json\/wp\/v2\/posts"}],"about":[{"href":"https:\/\/radioljubuski.ba\/index.php\/wp-json\/wp\/v2\/types\/post"}],"author":[{"embeddable":true,"href":"https:\/\/radioljubuski.ba\/index.php\/wp-json\/wp\/v2\/users\/2"}],"replies":[{"embeddable":true,"href":"https:\/\/radioljubuski.ba\/index.php\/wp-json\/wp\/v2\/comments?post=157867"}],"version-history":[{"count":1,"href":"https:\/\/radioljubuski.ba\/index.php\/wp-json\/wp\/v2\/posts\/157867\/revisions"}],"predecessor-version":[{"id":157869,"href":"https:\/\/radioljubuski.ba\/index.php\/wp-json\/wp\/v2\/posts\/157867\/revisions\/157869"}],"wp:featuredmedia":[{"embeddable":true,"href":"https:\/\/radioljubuski.ba\/index.php\/wp-json\/wp\/v2\/media\/157868"}],"wp:attachment":[{"href":"https:\/\/radioljubuski.ba\/index.php\/wp-json\/wp\/v2\/media?parent=157867"}],"wp:term":[{"taxonomy":"category","embeddable":true,"href":"https:\/\/radioljubuski.ba\/index.php\/wp-json\/wp\/v2\/categories?post=157867"},{"taxonomy":"post_tag","embeddable":true,"href":"https:\/\/radioljubuski.ba\/index.php\/wp-json\/wp\/v2\/tags?post=157867"}],"curies":[{"name":"wp","href":"https:\/\/api.w.org\/{rel}","templated":true}]}}